{"id":242419,"date":"2023-03-11T09:52:51","date_gmt":"2023-03-11T12:52:51","guid":{"rendered":"https:\/\/franciscanos.org.br\/noticias\/?p=242419"},"modified":"2025-03-10T15:30:31","modified_gmt":"2025-03-10T18:30:31","slug":"assembleia-do-sav-em-clima-de-forum-de-formacao","status":"publish","type":"post","link":"https:\/\/franciscanos.org.br\/noticias\/assembleia-do-sav-em-clima-de-forum-de-formacao.html","title":{"rendered":"Assembleia do SAV em clima de F\u00f3rum de Forma\u00e7\u00e3o"},"content":{"rendered":"<p><img loading=\"lazy\" class=\"alignnone wp-image-242420 size-full\" src=\"https:\/\/franciscanos.org.br\/noticias\/wp-content\/uploads\/2023\/03\/sav_03.jpg\" alt=\"\" width=\"1280\" height=\"720\" srcset=\"https:\/\/franciscanos.org.br\/noticias\/wp-content\/uploads\/2023\/03\/sav_03.jpg 1280w, https:\/\/franciscanos.org.br\/noticias\/wp-content\/uploads\/2023\/03\/sav_03-450x253.jpg 450w, https:\/\/franciscanos.org.br\/noticias\/wp-content\/uploads\/2023\/03\/sav_03-1024x576.jpg 1024w, https:\/\/franciscanos.org.br\/noticias\/wp-content\/uploads\/2023\/03\/sav_03-768x432.jpg 768w, https:\/\/franciscanos.org.br\/noticias\/wp-content\/uploads\/2023\/03\/sav_03-150x84.jpg 150w\" sizes=\"(max-width: 1280px) 100vw, 1280px\" \/><\/p>\n<p>Nos dias 08 e 09 de mar\u00e7o a equipe dos animadores vocacionais das Fraternidades da Prov\u00edncia esteve reunida na Fraternidade Franciscana S\u00e3o Boaventura para a sua assembleia anual. Esta foi conduzida por Frei Gabriel Dellandrea e Frei Je\u00e2 Paulo Andrade, coordenadores do Servi\u00e7o Vocacional, e contou com a presen\u00e7a de 30 frades.<\/p>\n<p>O vig\u00e1rio provincial Frei Gustavo Medella, no in\u00edcio do encontro, lembrou aos frades a import\u00e2ncia do Servi\u00e7o de Anima\u00e7\u00e3o Vocacional, salientando que \u00e9 necess\u00e1rio suscitar na Igreja uma cultura vocacional, capaz de motivar nos jovens a responsabilidade sobre a pr\u00f3pria vida e a resposta a Deus por meio de um caminho de discernimento. Frei Paulo Roberto Pereira, ministro provincial, enviou para o encontro uma mensagem de inspira\u00e7\u00e3o aos confrades: \u201cSeja pelas abas e janelas eletr\u00f4nicas, seja pela porta das nossas casas e, sobretudo, pela partilha da nossa miss\u00e3o, vamos seguir construindo caminho vocacional com a marca da fraternidade e da minoridade. N\u00e3o temos d\u00favida que a proposta franciscana \u00e9 atual e, mais ainda, necess\u00e1ria aos tempos que vivemos\u201d.<\/p>\n<p>Para o encontro os frades tamb\u00e9m refletiram a mensagem do Papa Francisco sobre o tema \u201cPastoral vocacional e vida consagrada: horizontes e esperan\u00e7as\u201d. Neste escrito, por ocasi\u00e3o de um congresso em Roma no ano de 2017, o Pont\u00edfice ofereceu uma oportuna reflex\u00e3o, na qual destaca-se o seguinte trecho: \u201cFalar de pastoral vocacional significa afirmar que toda a a\u00e7\u00e3o pastoral da Igreja est\u00e1 orientada, por sua natureza, para o discernimento vocacional, tendo ela como objetivo \u00faltimo ajudar o crente a descobrir o caminho concreto para realizar o projeto de vida ao qual Deus o chama\u201d.<\/p>\n<p><img loading=\"lazy\" class=\"alignnone size-full wp-image-242421\" src=\"https:\/\/franciscanos.org.br\/noticias\/wp-content\/uploads\/2023\/03\/sav_01.jpg\" alt=\"\" width=\"1280\" height=\"877\" srcset=\"https:\/\/franciscanos.org.br\/noticias\/wp-content\/uploads\/2023\/03\/sav_01.jpg 1280w, https:\/\/franciscanos.org.br\/noticias\/wp-content\/uploads\/2023\/03\/sav_01-450x308.jpg 450w, https:\/\/franciscanos.org.br\/noticias\/wp-content\/uploads\/2023\/03\/sav_01-1024x702.jpg 1024w, https:\/\/franciscanos.org.br\/noticias\/wp-content\/uploads\/2023\/03\/sav_01-768x526.jpg 768w, https:\/\/franciscanos.org.br\/noticias\/wp-content\/uploads\/2023\/03\/sav_01-150x103.jpg 150w, https:\/\/franciscanos.org.br\/noticias\/wp-content\/uploads\/2023\/03\/sav_01-320x220.jpg 320w\" sizes=\"(max-width: 1280px) 100vw, 1280px\" \/><\/p>\n<p>Al\u00e9m deste momento formativo, num exerc\u00edcio de sinodalidade, os participantes puderam dedicar um generoso tempo para contribuir com reflex\u00f5es em vista do F\u00f3rum da Forma\u00e7\u00e3o e Estudos que acontecer\u00e1 na Prov\u00edncia no segundo semestre do ano corrente. A ocasi\u00e3o foi contextualizada por Frei Marcos Ant\u00f4nio de Andrade, secret\u00e1rio da forma\u00e7\u00e3o, que ofereceu uma introdu\u00e7\u00e3o sobre a import\u00e2ncia do tema. O grupo dos animadores vocacionais se dedicou especialmente em lan\u00e7ar luzes sobre novas propostas para os per\u00edodos da forma\u00e7\u00e3o inicial, especialmente do processo de acolhida e inser\u00e7\u00e3o dos formandos nos primeiros anos da caminhada para a vida religiosa franciscana. Somado a isso, foi oportuna a leitura e reflex\u00e3o dos princ\u00edpios assumidos para esse servi\u00e7o na Prov\u00edncia e tamb\u00e9m a partilha dos trabalhos vocacionais nas diferentes fraternidades de onde os frades vieram.<\/p>\n<p><img loading=\"lazy\" class=\"alignnone size-full wp-image-242422\" src=\"https:\/\/franciscanos.org.br\/noticias\/wp-content\/uploads\/2023\/03\/sav_02.jpg\" alt=\"\" width=\"1280\" height=\"720\" srcset=\"https:\/\/franciscanos.org.br\/noticias\/wp-content\/uploads\/2023\/03\/sav_02.jpg 1280w, https:\/\/franciscanos.org.br\/noticias\/wp-content\/uploads\/2023\/03\/sav_02-450x253.jpg 450w, https:\/\/franciscanos.org.br\/noticias\/wp-content\/uploads\/2023\/03\/sav_02-1024x576.jpg 1024w, https:\/\/franciscanos.org.br\/noticias\/wp-content\/uploads\/2023\/03\/sav_02-768x432.jpg 768w, https:\/\/franciscanos.org.br\/noticias\/wp-content\/uploads\/2023\/03\/sav_02-150x84.jpg 150w\" sizes=\"(max-width: 1280px) 100vw, 1280px\" \/><\/p>\n<p>Uma novidade que encantou a todos foi a exposi\u00e7\u00e3o vocacional \u201cOs frades ontem e hoje, amanh\u00e3, voc\u00ea\u201c. Esta iniciativa \u00e9 um \u201cvaral\u201d de imagens dos frades nos diversos trabalhos. As fotos s\u00e3o mescladas entre antigas e novas, demonstrando a diversidade de trabalhos, a mudan\u00e7a dos tempos, mas tamb\u00e9m a perman\u00eancia no desejo da miss\u00e3o, da conviv\u00eancia fraterna, dos trabalhos manuais.<\/p>\n<p><img loading=\"lazy\" class=\"alignnone size-full wp-image-242423\" src=\"https:\/\/franciscanos.org.br\/noticias\/wp-content\/uploads\/2023\/03\/sav_05.jpg\" alt=\"\" width=\"1200\" height=\"900\" srcset=\"https:\/\/franciscanos.org.br\/noticias\/wp-content\/uploads\/2023\/03\/sav_05.jpg 1200w, https:\/\/franciscanos.org.br\/noticias\/wp-content\/uploads\/2023\/03\/sav_05-450x338.jpg 450w, https:\/\/franciscanos.org.br\/noticias\/wp-content\/uploads\/2023\/03\/sav_05-1024x768.jpg 1024w, https:\/\/franciscanos.org.br\/noticias\/wp-content\/uploads\/2023\/03\/sav_05-768x576.jpg 768w, https:\/\/franciscanos.org.br\/noticias\/wp-content\/uploads\/2023\/03\/sav_05-150x113.jpg 150w, https:\/\/franciscanos.org.br\/noticias\/wp-content\/uploads\/2023\/03\/sav_05-600x450.jpg 600w\" sizes=\"(max-width: 1200px) 100vw, 1200px\" \/><\/p>\n<p>Al\u00e9m dos encontros na sala de reuni\u00f5es, os frades animadores vocacionais puderam contar com momentos de ora\u00e7\u00e3o e conviv\u00eancia fraterna, como \u00e9 costume nestes encontros , contribuindo para a miss\u00e3o evangelizadora e anima\u00e7\u00e3o de cada frade.<\/p>\n<hr \/>\n<p><em>Frei Gabriel Dellandrea<\/em><\/p>\n","protected":false},"excerpt":{"rendered":"<p>Servi\u00e7o de Anima\u00e7\u00e3o Vocacional<\/p>\n","protected":false},"author":3,"featured_media":242421,"comment_status":"open","ping_status":"open","sticky":false,"template":"","format":"standard","meta":[],"categories":[1],"tags":[552,2056],"acf":[],"yoast_head":"<!-- This site is optimized with the Yoast SEO plugin v19.2 - https:\/\/yoast.com\/wordpress\/plugins\/seo\/ -->\n<title>Assembleia do SAV em clima de F\u00f3rum de Forma\u00e7\u00e3o - Not\u00edcias - Franciscanos<\/title>\n<meta name=\"robots\" content=\"index, follow, max-snippet:-1, max-image-preview:large, max-video-preview:-1\" \/>\n<link rel=\"canonical\" href=\"https:\/\/franciscanos.org.br\/noticias\/assembleia-do-sav-em-clima-de-forum-de-formacao.html\" \/>\n<meta property=\"og:locale\" content=\"pt_BR\" \/>\n<meta property=\"og:type\" content=\"article\" \/>\n<meta property=\"og:title\" content=\"Assembleia do SAV em clima de F\u00f3rum de Forma\u00e7\u00e3o - Not\u00edcias - Franciscanos\" \/>\n<meta property=\"og:description\" content=\"Servi\u00e7o de Anima\u00e7\u00e3o Vocacional\" \/>\n<meta property=\"og:url\" content=\"https:\/\/franciscanos.org.br\/noticias\/assembleia-do-sav-em-clima-de-forum-de-formacao.html\" \/>\n<meta property=\"og:site_name\" content=\"Not\u00edcias - Franciscanos\" \/>\n<meta property=\"article:published_time\" content=\"2023-03-11T12:52:51+00:00\" \/>\n<meta property=\"article:modified_time\" content=\"2025-03-10T18:30:31+00:00\" \/>\n<meta property=\"og:image\" content=\"https:\/\/franciscanos.org.br\/noticias\/wp-content\/uploads\/2023\/03\/sav_01.jpg\" \/>\n\t<meta property=\"og:image:width\" content=\"1280\" \/>\n\t<meta property=\"og:image:height\" content=\"877\" \/>\n\t<meta property=\"og:image:type\" content=\"image\/jpeg\" \/>\n<meta name=\"author\" content=\"moacir\" \/>\n<meta name=\"twitter:card\" content=\"summary_large_image\" \/>\n<meta name=\"twitter:label1\" content=\"Escrito por\" \/>\n\t<meta name=\"twitter:data1\" content=\"moacir\" \/>\n\t<meta name=\"twitter:label2\" content=\"Est. tempo de leitura\" \/>\n\t<meta name=\"twitter:data2\" content=\"3 minutos\" \/>\n<script type=\"application\/ld+json\" class=\"yoast-schema-graph\">{\"@context\":\"https:\/\/schema.org\",\"@graph\":[{\"@type\":\"WebSite\",\"@id\":\"https:\/\/franciscanos.org.br\/noticias\/#website\",\"url\":\"https:\/\/franciscanos.org.br\/noticias\/\",\"name\":\"Not\u00edcias - Franciscanos\",\"description\":\"Prov\u00edncia Franciscana da Imaculada Concei\u00e7\u00e3o do Brasil - Ordem dos Frades Menores - OFM\",\"potentialAction\":[{\"@type\":\"SearchAction\",\"target\":{\"@type\":\"EntryPoint\",\"urlTemplate\":\"https:\/\/franciscanos.org.br\/noticias\/?s={search_term_string}\"},\"query-input\":\"required name=search_term_string\"}],\"inLanguage\":\"pt-BR\"},{\"@type\":\"ImageObject\",\"inLanguage\":\"pt-BR\",\"@id\":\"https:\/\/franciscanos.org.br\/noticias\/assembleia-do-sav-em-clima-de-forum-de-formacao.html#primaryimage\",\"url\":\"https:\/\/franciscanos.org.br\/noticias\/wp-content\/uploads\/2023\/03\/sav_01.jpg\",\"contentUrl\":\"https:\/\/franciscanos.org.br\/noticias\/wp-content\/uploads\/2023\/03\/sav_01.jpg\",\"width\":1280,\"height\":877},{\"@type\":\"WebPage\",\"@id\":\"https:\/\/franciscanos.org.br\/noticias\/assembleia-do-sav-em-clima-de-forum-de-formacao.html#webpage\",\"url\":\"https:\/\/franciscanos.org.br\/noticias\/assembleia-do-sav-em-clima-de-forum-de-formacao.html\",\"name\":\"Assembleia do SAV em clima de F\u00f3rum de Forma\u00e7\u00e3o - Not\u00edcias - Franciscanos\",\"isPartOf\":{\"@id\":\"https:\/\/franciscanos.org.br\/noticias\/#website\"},\"primaryImageOfPage\":{\"@id\":\"https:\/\/franciscanos.org.br\/noticias\/assembleia-do-sav-em-clima-de-forum-de-formacao.html#primaryimage\"},\"datePublished\":\"2023-03-11T12:52:51+00:00\",\"dateModified\":\"2025-03-10T18:30:31+00:00\",\"author\":{\"@id\":\"https:\/\/franciscanos.org.br\/noticias\/#\/schema\/person\/b5c8cba458c330ccff548b056e95a5d4\"},\"breadcrumb\":{\"@id\":\"https:\/\/franciscanos.org.br\/noticias\/assembleia-do-sav-em-clima-de-forum-de-formacao.html#breadcrumb\"},\"inLanguage\":\"pt-BR\",\"potentialAction\":[{\"@type\":\"ReadAction\",\"target\":[\"https:\/\/franciscanos.org.br\/noticias\/assembleia-do-sav-em-clima-de-forum-de-formacao.html\"]}]},{\"@type\":\"BreadcrumbList\",\"@id\":\"https:\/\/franciscanos.org.br\/noticias\/assembleia-do-sav-em-clima-de-forum-de-formacao.html#breadcrumb\",\"itemListElement\":[{\"@type\":\"ListItem\",\"position\":1,\"name\":\"Home\",\"item\":\"https:\/\/franciscanos.org.br\/noticias\"},{\"@type\":\"ListItem\",\"position\":2,\"name\":\"Assembleia do SAV em clima de F\u00f3rum de Forma\u00e7\u00e3o\"}]},{\"@type\":\"Person\",\"@id\":\"https:\/\/franciscanos.org.br\/noticias\/#\/schema\/person\/b5c8cba458c330ccff548b056e95a5d4\",\"name\":\"moacir\",\"image\":{\"@type\":\"ImageObject\",\"inLanguage\":\"pt-BR\",\"@id\":\"https:\/\/franciscanos.org.br\/noticias\/#\/schema\/person\/image\/\",\"url\":\"https:\/\/secure.gravatar.com\/avatar\/d08aa2ce4c8dd416d4479aa8536fcf64?s=96&d=mm&r=g\",\"contentUrl\":\"https:\/\/secure.gravatar.com\/avatar\/d08aa2ce4c8dd416d4479aa8536fcf64?s=96&d=mm&r=g\",\"caption\":\"moacir\"},\"url\":\"https:\/\/franciscanos.org.br\/noticias\/author\/moacir\"}]}<\/script>\n<!-- \/ Yoast SEO plugin. -->","yoast_head_json":{"title":"Assembleia do SAV em clima de F\u00f3rum de Forma\u00e7\u00e3o - Not\u00edcias - Franciscanos","robots":{"index":"index","follow":"follow","max-snippet":"max-snippet:-1","max-image-preview":"max-image-preview:large","max-video-preview":"max-video-preview:-1"},"canonical":"https:\/\/franciscanos.org.br\/noticias\/assembleia-do-sav-em-clima-de-forum-de-formacao.html","og_locale":"pt_BR","og_type":"article","og_title":"Assembleia do SAV em clima de F\u00f3rum de Forma\u00e7\u00e3o - Not\u00edcias - Franciscanos","og_description":"Servi\u00e7o de Anima\u00e7\u00e3o Vocacional","og_url":"https:\/\/franciscanos.org.br\/noticias\/assembleia-do-sav-em-clima-de-forum-de-formacao.html","og_site_name":"Not\u00edcias - Franciscanos","article_published_time":"2023-03-11T12:52:51+00:00","article_modified_time":"2025-03-10T18:30:31+00:00","og_image":[{"width":1280,"height":877,"url":"https:\/\/franciscanos.org.br\/noticias\/wp-content\/uploads\/2023\/03\/sav_01.jpg","type":"image\/jpeg"}],"author":"moacir","twitter_card":"summary_large_image","twitter_misc":{"Escrito por":"moacir","Est. tempo de leitura":"3 minutos"},"schema":{"@context":"https:\/\/schema.org","@graph":[{"@type":"WebSite","@id":"https:\/\/franciscanos.org.br\/noticias\/#website","url":"https:\/\/franciscanos.org.br\/noticias\/","name":"Not\u00edcias - Franciscanos","description":"Prov\u00edncia Franciscana da Imaculada Concei\u00e7\u00e3o do Brasil - Ordem dos Frades Menores - OFM","potentialAction":[{"@type":"SearchAction","target":{"@type":"EntryPoint","urlTemplate":"https:\/\/franciscanos.org.br\/noticias\/?s={search_term_string}"},"query-input":"required name=search_term_string"}],"inLanguage":"pt-BR"},{"@type":"ImageObject","inLanguage":"pt-BR","@id":"https:\/\/franciscanos.org.br\/noticias\/assembleia-do-sav-em-clima-de-forum-de-formacao.html#primaryimage","url":"https:\/\/franciscanos.org.br\/noticias\/wp-content\/uploads\/2023\/03\/sav_01.jpg","contentUrl":"https:\/\/franciscanos.org.br\/noticias\/wp-content\/uploads\/2023\/03\/sav_01.jpg","width":1280,"height":877},{"@type":"WebPage","@id":"https:\/\/franciscanos.org.br\/noticias\/assembleia-do-sav-em-clima-de-forum-de-formacao.html#webpage","url":"https:\/\/franciscanos.org.br\/noticias\/assembleia-do-sav-em-clima-de-forum-de-formacao.html","name":"Assembleia do SAV em clima de F\u00f3rum de Forma\u00e7\u00e3o - Not\u00edcias - Franciscanos","isPartOf":{"@id":"https:\/\/franciscanos.org.br\/noticias\/#website"},"primaryImageOfPage":{"@id":"https:\/\/franciscanos.org.br\/noticias\/assembleia-do-sav-em-clima-de-forum-de-formacao.html#primaryimage"},"datePublished":"2023-03-11T12:52:51+00:00","dateModified":"2025-03-10T18:30:31+00:00","author":{"@id":"https:\/\/franciscanos.org.br\/noticias\/#\/schema\/person\/b5c8cba458c330ccff548b056e95a5d4"},"breadcrumb":{"@id":"https:\/\/franciscanos.org.br\/noticias\/assembleia-do-sav-em-clima-de-forum-de-formacao.html#breadcrumb"},"inLanguage":"pt-BR","potentialAction":[{"@type":"ReadAction","target":["https:\/\/franciscanos.org.br\/noticias\/assembleia-do-sav-em-clima-de-forum-de-formacao.html"]}]},{"@type":"BreadcrumbList","@id":"https:\/\/franciscanos.org.br\/noticias\/assembleia-do-sav-em-clima-de-forum-de-formacao.html#breadcrumb","itemListElement":[{"@type":"ListItem","position":1,"name":"Home","item":"https:\/\/franciscanos.org.br\/noticias"},{"@type":"ListItem","position":2,"name":"Assembleia do SAV em clima de F\u00f3rum de Forma\u00e7\u00e3o"}]},{"@type":"Person","@id":"https:\/\/franciscanos.org.br\/noticias\/#\/schema\/person\/b5c8cba458c330ccff548b056e95a5d4","name":"moacir","image":{"@type":"ImageObject","inLanguage":"pt-BR","@id":"https:\/\/franciscanos.org.br\/noticias\/#\/schema\/person\/image\/","url":"https:\/\/secure.gravatar.com\/avatar\/d08aa2ce4c8dd416d4479aa8536fcf64?s=96&d=mm&r=g","contentUrl":"https:\/\/secure.gravatar.com\/avatar\/d08aa2ce4c8dd416d4479aa8536fcf64?s=96&d=mm&r=g","caption":"moacir"},"url":"https:\/\/franciscanos.org.br\/noticias\/author\/moacir"}]}},"_links":{"self":[{"href":"https:\/\/franciscanos.org.br\/noticias\/wp-json\/wp\/v2\/posts\/242419"}],"collection":[{"href":"https:\/\/franciscanos.org.br\/noticias\/wp-json\/wp\/v2\/posts"}],"about":[{"href":"https:\/\/franciscanos.org.br\/noticias\/wp-json\/wp\/v2\/types\/post"}],"author":[{"embeddable":true,"href":"https:\/\/franciscanos.org.br\/noticias\/wp-json\/wp\/v2\/users\/3"}],"replies":[{"embeddable":true,"href":"https:\/\/franciscanos.org.br\/noticias\/wp-json\/wp\/v2\/comments?post=242419"}],"version-history":[{"count":1,"href":"https:\/\/franciscanos.org.br\/noticias\/wp-json\/wp\/v2\/posts\/242419\/revisions"}],"predecessor-version":[{"id":242424,"href":"https:\/\/franciscanos.org.br\/noticias\/wp-json\/wp\/v2\/posts\/242419\/revisions\/242424"}],"wp:featuredmedia":[{"embeddable":true,"href":"https:\/\/franciscanos.org.br\/noticias\/wp-json\/wp\/v2\/media\/242421"}],"wp:attachment":[{"href":"https:\/\/franciscanos.org.br\/noticias\/wp-json\/wp\/v2\/media?parent=242419"}],"wp:term":[{"taxonomy":"category","embeddable":true,"href":"https:\/\/franciscanos.org.br\/noticias\/wp-json\/wp\/v2\/categories?post=242419"},{"taxonomy":"post_tag","embeddable":true,"href":"https:\/\/franciscanos.org.br\/noticias\/wp-json\/wp\/v2\/tags?post=242419"}],"curies":[{"name":"wp","href":"https:\/\/api.w.org\/{rel}","templated":true}]}}