{"id":242240,"date":"2023-02-22T08:21:17","date_gmt":"2023-02-22T11:21:17","guid":{"rendered":"https:\/\/franciscanos.org.br\/noticias\/?p=242240"},"modified":"2025-03-10T15:29:03","modified_gmt":"2025-03-10T18:29:03","slug":"postulantes-da-fundacao-imaculada-mae-de-deus-participam-do-1o-postulinter-do-ano","status":"publish","type":"post","link":"https:\/\/franciscanos.org.br\/noticias\/postulantes-da-fundacao-imaculada-mae-de-deus-participam-do-1o-postulinter-do-ano.html","title":{"rendered":"Postulantes da Funda\u00e7\u00e3o Imaculada M\u00e3e de Deus participam do 1\u00ba Postulinter do ano"},"content":{"rendered":"<p><img loading=\"lazy\" class=\"alignnone size-full wp-image-242241\" src=\"https:\/\/franciscanos.org.br\/noticias\/wp-content\/uploads\/2023\/02\/angola_2202.jpg\" alt=\"\" width=\"1280\" height=\"721\" srcset=\"https:\/\/franciscanos.org.br\/noticias\/wp-content\/uploads\/2023\/02\/angola_2202.jpg 1280w, https:\/\/franciscanos.org.br\/noticias\/wp-content\/uploads\/2023\/02\/angola_2202-450x253.jpg 450w, https:\/\/franciscanos.org.br\/noticias\/wp-content\/uploads\/2023\/02\/angola_2202-1024x577.jpg 1024w, https:\/\/franciscanos.org.br\/noticias\/wp-content\/uploads\/2023\/02\/angola_2202-768x433.jpg 768w, https:\/\/franciscanos.org.br\/noticias\/wp-content\/uploads\/2023\/02\/angola_2202-150x84.jpg 150w\" sizes=\"(max-width: 1280px) 100vw, 1280px\" \/><\/p>\n<p>Nos dias 20 e 21 de fevereiro, os postulantes da Funda\u00e7\u00e3o Imaculada M\u00e3e de Deus de Angola <strong>(<\/strong>FIMDA), na companhia do mestre, Frei Jefferson Max Nunes Maciel, participaram do Postulinter na comunidade das Irm\u00e3s franciscanas Hospitaleiras, organizado pela Comiss\u00e3o Arquidiocesana de Luanda da Vida Consagrada, integrando as Dioceses de Caxito e Viana.<\/p>\n<p>O tema escolhido para a forma\u00e7\u00e3o foi \u201cOs n\u00edveis ps\u00edquicos\u201d. Os formandos foram provocados a aprimorar suas virtudes, concernente ao conhecimento de si (n\u00edvel psico-fisiol\u00f3gico), na rela\u00e7\u00e3o com o outro (n\u00edvel psico-sociol\u00f3gico) e chegar \u00e0 transcend\u00eancia (n\u00edvel racional\/espiritual). Tudo isso para favorecer uma boa conviv\u00eancia fraterna e seguir de forma intensa o projecto do Reino de Deus como consagrados.<\/p>\n<p><img loading=\"lazy\" class=\"alignnone size-full wp-image-242242\" src=\"https:\/\/franciscanos.org.br\/noticias\/wp-content\/uploads\/2023\/02\/angola_2202_1.jpg\" alt=\"\" width=\"1280\" height=\"721\" srcset=\"https:\/\/franciscanos.org.br\/noticias\/wp-content\/uploads\/2023\/02\/angola_2202_1.jpg 1280w, https:\/\/franciscanos.org.br\/noticias\/wp-content\/uploads\/2023\/02\/angola_2202_1-450x253.jpg 450w, https:\/\/franciscanos.org.br\/noticias\/wp-content\/uploads\/2023\/02\/angola_2202_1-1024x577.jpg 1024w, https:\/\/franciscanos.org.br\/noticias\/wp-content\/uploads\/2023\/02\/angola_2202_1-768x433.jpg 768w, https:\/\/franciscanos.org.br\/noticias\/wp-content\/uploads\/2023\/02\/angola_2202_1-150x84.jpg 150w\" sizes=\"(max-width: 1280px) 100vw, 1280px\" \/><\/p>\n<p>Al\u00e9m disso, a mesma forma\u00e7\u00e3o teve a participa\u00e7\u00e3o de diversas Congrega\u00e7\u00f5es e Institutos de vida consagrada, facilitando assim a troca de experi\u00eancias, anima\u00e7\u00f5es e reflex\u00f5es sobre o tema. As atividades se encerraram com um momento de confraterniza\u00e7\u00e3o.<\/p>\n<p><img loading=\"lazy\" class=\"alignnone size-full wp-image-242243\" src=\"https:\/\/franciscanos.org.br\/noticias\/wp-content\/uploads\/2023\/02\/angola_2202_2.jpg\" alt=\"\" width=\"1200\" height=\"676\" srcset=\"https:\/\/franciscanos.org.br\/noticias\/wp-content\/uploads\/2023\/02\/angola_2202_2.jpg 1200w, https:\/\/franciscanos.org.br\/noticias\/wp-content\/uploads\/2023\/02\/angola_2202_2-450x254.jpg 450w, https:\/\/franciscanos.org.br\/noticias\/wp-content\/uploads\/2023\/02\/angola_2202_2-1024x577.jpg 1024w, https:\/\/franciscanos.org.br\/noticias\/wp-content\/uploads\/2023\/02\/angola_2202_2-768x433.jpg 768w, https:\/\/franciscanos.org.br\/noticias\/wp-content\/uploads\/2023\/02\/angola_2202_2-150x85.jpg 150w\" sizes=\"(max-width: 1200px) 100vw, 1200px\" \/><\/p>\n<p>O Postulantado \u00e9 o per\u00edodo que antecede o Noviciado e possibilita o(a) jovem iniciar e aprofundar o autoconhecimento no processo de integra\u00e7\u00e3o humana, na viv\u00eancia das diversas rela\u00e7\u00f5es, na vida comunit\u00e1ria, nas motiva\u00e7\u00f5es vocacionais, em vista do conhecimento de Jesus Cristo, cultivando um relacionamento pessoal com Ele. \u00c9 um per\u00edodo privilegiado em que o(a) postulante faz a descoberta progressiva e busca a identifica\u00e7\u00e3o com o Carisma e Miss\u00e3o da Ordem ou Congrega\u00e7\u00e3o; realiza uma experi\u00eancia mais comprometida e participativa de vida em comum, amadurecendo suas op\u00e7\u00f5es em vista ao Noviciado.<\/p>\n<hr \/>\n<p><em>Alberto Ant\u00f3nio, Greg\u00f3rio Alfredo Emanuel Bongo, postulantes<\/em><\/p>\n","protected":false},"excerpt":{"rendered":"<p>FIMDA<\/p>\n","protected":false},"author":3,"featured_media":242241,"comment_status":"open","ping_status":"open","sticky":false,"template":"","format":"standard","meta":[],"categories":[1],"tags":[195,2056],"acf":[],"yoast_head":"<!-- This site is optimized with the Yoast SEO plugin v19.2 - https:\/\/yoast.com\/wordpress\/plugins\/seo\/ -->\n<title>Postulantes da Funda\u00e7\u00e3o Imaculada M\u00e3e de Deus participam do 1\u00ba Postulinter do ano - Not\u00edcias - Franciscanos<\/title>\n<meta name=\"robots\" content=\"index, follow, max-snippet:-1, max-image-preview:large, max-video-preview:-1\" \/>\n<link rel=\"canonical\" href=\"https:\/\/franciscanos.org.br\/noticias\/postulantes-da-fundacao-imaculada-mae-de-deus-participam-do-1o-postulinter-do-ano.html\" \/>\n<meta property=\"og:locale\" content=\"pt_BR\" \/>\n<meta property=\"og:type\" content=\"article\" \/>\n<meta property=\"og:title\" content=\"Postulantes da Funda\u00e7\u00e3o Imaculada M\u00e3e de Deus participam do 1\u00ba Postulinter do ano - Not\u00edcias - Franciscanos\" \/>\n<meta property=\"og:description\" content=\"FIMDA\" \/>\n<meta property=\"og:url\" content=\"https:\/\/franciscanos.org.br\/noticias\/postulantes-da-fundacao-imaculada-mae-de-deus-participam-do-1o-postulinter-do-ano.html\" \/>\n<meta property=\"og:site_name\" content=\"Not\u00edcias - Franciscanos\" \/>\n<meta property=\"article:published_time\" content=\"2023-02-22T11:21:17+00:00\" \/>\n<meta property=\"article:modified_time\" content=\"2025-03-10T18:29:03+00:00\" \/>\n<meta property=\"og:image\" content=\"https:\/\/franciscanos.org.br\/noticias\/wp-content\/uploads\/2023\/02\/angola_2202.jpg\" \/>\n\t<meta property=\"og:image:width\" content=\"1280\" \/>\n\t<meta property=\"og:image:height\" content=\"721\" \/>\n\t<meta property=\"og:image:type\" content=\"image\/jpeg\" \/>\n<meta name=\"author\" content=\"moacir\" \/>\n<meta name=\"twitter:card\" content=\"summary_large_image\" \/>\n<meta name=\"twitter:label1\" content=\"Escrito por\" \/>\n\t<meta name=\"twitter:data1\" content=\"moacir\" \/>\n\t<meta name=\"twitter:label2\" content=\"Est. tempo de leitura\" \/>\n\t<meta name=\"twitter:data2\" content=\"1 minuto\" \/>\n<script type=\"application\/ld+json\" class=\"yoast-schema-graph\">{\"@context\":\"https:\/\/schema.org\",\"@graph\":[{\"@type\":\"WebSite\",\"@id\":\"https:\/\/franciscanos.org.br\/noticias\/#website\",\"url\":\"https:\/\/franciscanos.org.br\/noticias\/\",\"name\":\"Not\u00edcias - Franciscanos\",\"description\":\"Prov\u00edncia Franciscana da Imaculada Concei\u00e7\u00e3o do Brasil - Ordem dos Frades Menores - OFM\",\"potentialAction\":[{\"@type\":\"SearchAction\",\"target\":{\"@type\":\"EntryPoint\",\"urlTemplate\":\"https:\/\/franciscanos.org.br\/noticias\/?s={search_term_string}\"},\"query-input\":\"required name=search_term_string\"}],\"inLanguage\":\"pt-BR\"},{\"@type\":\"ImageObject\",\"inLanguage\":\"pt-BR\",\"@id\":\"https:\/\/franciscanos.org.br\/noticias\/postulantes-da-fundacao-imaculada-mae-de-deus-participam-do-1o-postulinter-do-ano.html#primaryimage\",\"url\":\"https:\/\/franciscanos.org.br\/noticias\/wp-content\/uploads\/2023\/02\/angola_2202.jpg\",\"contentUrl\":\"https:\/\/franciscanos.org.br\/noticias\/wp-content\/uploads\/2023\/02\/angola_2202.jpg\",\"width\":1280,\"height\":721},{\"@type\":\"WebPage\",\"@id\":\"https:\/\/franciscanos.org.br\/noticias\/postulantes-da-fundacao-imaculada-mae-de-deus-participam-do-1o-postulinter-do-ano.html#webpage\",\"url\":\"https:\/\/franciscanos.org.br\/noticias\/postulantes-da-fundacao-imaculada-mae-de-deus-participam-do-1o-postulinter-do-ano.html\",\"name\":\"Postulantes da Funda\u00e7\u00e3o Imaculada M\u00e3e de Deus participam do 1\u00ba Postulinter do ano - Not\u00edcias - Franciscanos\",\"isPartOf\":{\"@id\":\"https:\/\/franciscanos.org.br\/noticias\/#website\"},\"primaryImageOfPage\":{\"@id\":\"https:\/\/franciscanos.org.br\/noticias\/postulantes-da-fundacao-imaculada-mae-de-deus-participam-do-1o-postulinter-do-ano.html#primaryimage\"},\"datePublished\":\"2023-02-22T11:21:17+00:00\",\"dateModified\":\"2025-03-10T18:29:03+00:00\",\"author\":{\"@id\":\"https:\/\/franciscanos.org.br\/noticias\/#\/schema\/person\/b5c8cba458c330ccff548b056e95a5d4\"},\"breadcrumb\":{\"@id\":\"https:\/\/franciscanos.org.br\/noticias\/postulantes-da-fundacao-imaculada-mae-de-deus-participam-do-1o-postulinter-do-ano.html#breadcrumb\"},\"inLanguage\":\"pt-BR\",\"potentialAction\":[{\"@type\":\"ReadAction\",\"target\":[\"https:\/\/franciscanos.org.br\/noticias\/postulantes-da-fundacao-imaculada-mae-de-deus-participam-do-1o-postulinter-do-ano.html\"]}]},{\"@type\":\"BreadcrumbList\",\"@id\":\"https:\/\/franciscanos.org.br\/noticias\/postulantes-da-fundacao-imaculada-mae-de-deus-participam-do-1o-postulinter-do-ano.html#breadcrumb\",\"itemListElement\":[{\"@type\":\"ListItem\",\"position\":1,\"name\":\"Home\",\"item\":\"https:\/\/franciscanos.org.br\/noticias\"},{\"@type\":\"ListItem\",\"position\":2,\"name\":\"Postulantes da Funda\u00e7\u00e3o Imaculada M\u00e3e de Deus participam do 1\u00ba Postulinter do ano\"}]},{\"@type\":\"Person\",\"@id\":\"https:\/\/franciscanos.org.br\/noticias\/#\/schema\/person\/b5c8cba458c330ccff548b056e95a5d4\",\"name\":\"moacir\",\"image\":{\"@type\":\"ImageObject\",\"inLanguage\":\"pt-BR\",\"@id\":\"https:\/\/franciscanos.org.br\/noticias\/#\/schema\/person\/image\/\",\"url\":\"https:\/\/secure.gravatar.com\/avatar\/d08aa2ce4c8dd416d4479aa8536fcf64?s=96&d=mm&r=g\",\"contentUrl\":\"https:\/\/secure.gravatar.com\/avatar\/d08aa2ce4c8dd416d4479aa8536fcf64?s=96&d=mm&r=g\",\"caption\":\"moacir\"},\"url\":\"https:\/\/franciscanos.org.br\/noticias\/author\/moacir\"}]}<\/script>\n<!-- \/ Yoast SEO plugin. -->","yoast_head_json":{"title":"Postulantes da Funda\u00e7\u00e3o Imaculada M\u00e3e de Deus participam do 1\u00ba Postulinter do ano - Not\u00edcias - Franciscanos","robots":{"index":"index","follow":"follow","max-snippet":"max-snippet:-1","max-image-preview":"max-image-preview:large","max-video-preview":"max-video-preview:-1"},"canonical":"https:\/\/franciscanos.org.br\/noticias\/postulantes-da-fundacao-imaculada-mae-de-deus-participam-do-1o-postulinter-do-ano.html","og_locale":"pt_BR","og_type":"article","og_title":"Postulantes da Funda\u00e7\u00e3o Imaculada M\u00e3e de Deus participam do 1\u00ba Postulinter do ano - Not\u00edcias - Franciscanos","og_description":"FIMDA","og_url":"https:\/\/franciscanos.org.br\/noticias\/postulantes-da-fundacao-imaculada-mae-de-deus-participam-do-1o-postulinter-do-ano.html","og_site_name":"Not\u00edcias - Franciscanos","article_published_time":"2023-02-22T11:21:17+00:00","article_modified_time":"2025-03-10T18:29:03+00:00","og_image":[{"width":1280,"height":721,"url":"https:\/\/franciscanos.org.br\/noticias\/wp-content\/uploads\/2023\/02\/angola_2202.jpg","type":"image\/jpeg"}],"author":"moacir","twitter_card":"summary_large_image","twitter_misc":{"Escrito por":"moacir","Est. tempo de leitura":"1 minuto"},"schema":{"@context":"https:\/\/schema.org","@graph":[{"@type":"WebSite","@id":"https:\/\/franciscanos.org.br\/noticias\/#website","url":"https:\/\/franciscanos.org.br\/noticias\/","name":"Not\u00edcias - Franciscanos","description":"Prov\u00edncia Franciscana da Imaculada Concei\u00e7\u00e3o do Brasil - Ordem dos Frades Menores - OFM","potentialAction":[{"@type":"SearchAction","target":{"@type":"EntryPoint","urlTemplate":"https:\/\/franciscanos.org.br\/noticias\/?s={search_term_string}"},"query-input":"required name=search_term_string"}],"inLanguage":"pt-BR"},{"@type":"ImageObject","inLanguage":"pt-BR","@id":"https:\/\/franciscanos.org.br\/noticias\/postulantes-da-fundacao-imaculada-mae-de-deus-participam-do-1o-postulinter-do-ano.html#primaryimage","url":"https:\/\/franciscanos.org.br\/noticias\/wp-content\/uploads\/2023\/02\/angola_2202.jpg","contentUrl":"https:\/\/franciscanos.org.br\/noticias\/wp-content\/uploads\/2023\/02\/angola_2202.jpg","width":1280,"height":721},{"@type":"WebPage","@id":"https:\/\/franciscanos.org.br\/noticias\/postulantes-da-fundacao-imaculada-mae-de-deus-participam-do-1o-postulinter-do-ano.html#webpage","url":"https:\/\/franciscanos.org.br\/noticias\/postulantes-da-fundacao-imaculada-mae-de-deus-participam-do-1o-postulinter-do-ano.html","name":"Postulantes da Funda\u00e7\u00e3o Imaculada M\u00e3e de Deus participam do 1\u00ba Postulinter do ano - Not\u00edcias - Franciscanos","isPartOf":{"@id":"https:\/\/franciscanos.org.br\/noticias\/#website"},"primaryImageOfPage":{"@id":"https:\/\/franciscanos.org.br\/noticias\/postulantes-da-fundacao-imaculada-mae-de-deus-participam-do-1o-postulinter-do-ano.html#primaryimage"},"datePublished":"2023-02-22T11:21:17+00:00","dateModified":"2025-03-10T18:29:03+00:00","author":{"@id":"https:\/\/franciscanos.org.br\/noticias\/#\/schema\/person\/b5c8cba458c330ccff548b056e95a5d4"},"breadcrumb":{"@id":"https:\/\/franciscanos.org.br\/noticias\/postulantes-da-fundacao-imaculada-mae-de-deus-participam-do-1o-postulinter-do-ano.html#breadcrumb"},"inLanguage":"pt-BR","potentialAction":[{"@type":"ReadAction","target":["https:\/\/franciscanos.org.br\/noticias\/postulantes-da-fundacao-imaculada-mae-de-deus-participam-do-1o-postulinter-do-ano.html"]}]},{"@type":"BreadcrumbList","@id":"https:\/\/franciscanos.org.br\/noticias\/postulantes-da-fundacao-imaculada-mae-de-deus-participam-do-1o-postulinter-do-ano.html#breadcrumb","itemListElement":[{"@type":"ListItem","position":1,"name":"Home","item":"https:\/\/franciscanos.org.br\/noticias"},{"@type":"ListItem","position":2,"name":"Postulantes da Funda\u00e7\u00e3o Imaculada M\u00e3e de Deus participam do 1\u00ba Postulinter do ano"}]},{"@type":"Person","@id":"https:\/\/franciscanos.org.br\/noticias\/#\/schema\/person\/b5c8cba458c330ccff548b056e95a5d4","name":"moacir","image":{"@type":"ImageObject","inLanguage":"pt-BR","@id":"https:\/\/franciscanos.org.br\/noticias\/#\/schema\/person\/image\/","url":"https:\/\/secure.gravatar.com\/avatar\/d08aa2ce4c8dd416d4479aa8536fcf64?s=96&d=mm&r=g","contentUrl":"https:\/\/secure.gravatar.com\/avatar\/d08aa2ce4c8dd416d4479aa8536fcf64?s=96&d=mm&r=g","caption":"moacir"},"url":"https:\/\/franciscanos.org.br\/noticias\/author\/moacir"}]}},"_links":{"self":[{"href":"https:\/\/franciscanos.org.br\/noticias\/wp-json\/wp\/v2\/posts\/242240"}],"collection":[{"href":"https:\/\/franciscanos.org.br\/noticias\/wp-json\/wp\/v2\/posts"}],"about":[{"href":"https:\/\/franciscanos.org.br\/noticias\/wp-json\/wp\/v2\/types\/post"}],"author":[{"embeddable":true,"href":"https:\/\/franciscanos.org.br\/noticias\/wp-json\/wp\/v2\/users\/3"}],"replies":[{"embeddable":true,"href":"https:\/\/franciscanos.org.br\/noticias\/wp-json\/wp\/v2\/comments?post=242240"}],"version-history":[{"count":1,"href":"https:\/\/franciscanos.org.br\/noticias\/wp-json\/wp\/v2\/posts\/242240\/revisions"}],"predecessor-version":[{"id":242244,"href":"https:\/\/franciscanos.org.br\/noticias\/wp-json\/wp\/v2\/posts\/242240\/revisions\/242244"}],"wp:featuredmedia":[{"embeddable":true,"href":"https:\/\/franciscanos.org.br\/noticias\/wp-json\/wp\/v2\/media\/242241"}],"wp:attachment":[{"href":"https:\/\/franciscanos.org.br\/noticias\/wp-json\/wp\/v2\/media?parent=242240"}],"wp:term":[{"taxonomy":"category","embeddable":true,"href":"https:\/\/franciscanos.org.br\/noticias\/wp-json\/wp\/v2\/categories?post=242240"},{"taxonomy":"post_tag","embeddable":true,"href":"https:\/\/franciscanos.org.br\/noticias\/wp-json\/wp\/v2\/tags?post=242240"}],"curies":[{"name":"wp","href":"https:\/\/api.w.org\/{rel}","templated":true}]}}