{"id":242227,"date":"2023-02-19T17:43:59","date_gmt":"2023-02-19T20:43:59","guid":{"rendered":"https:\/\/franciscanos.org.br\/noticias\/?p=242227"},"modified":"2023-02-19T17:48:57","modified_gmt":"2023-02-19T20:48:57","slug":"papa-o-amor-extraordinario-de-cristo-nao-e-facil-mas-e-possivel-e-preciso-ousar","status":"publish","type":"post","link":"https:\/\/franciscanos.org.br\/noticias\/papa-o-amor-extraordinario-de-cristo-nao-e-facil-mas-e-possivel-e-preciso-ousar.html","title":{"rendered":"Papa: O amor extraordin\u00e1rio de Cristo n\u00e3o \u00e9 f\u00e1cil, mas \u00e9 poss\u00edvel. \u00c9 preciso ousar!"},"content":{"rendered":"<p style=\"text-align: right;\"><img loading=\"lazy\" class=\"aligncenter wp-image-242228\" src=\"https:\/\/franciscanos.org.br\/noticias\/wp-content\/uploads\/2023\/02\/papa_190222.jpeg\" alt=\"Imagem: Vatican Media\" width=\"900\" height=\"600\" srcset=\"https:\/\/franciscanos.org.br\/noticias\/wp-content\/uploads\/2023\/02\/papa_190222.jpeg 800w, https:\/\/franciscanos.org.br\/noticias\/wp-content\/uploads\/2023\/02\/papa_190222-450x300.jpeg 450w, https:\/\/franciscanos.org.br\/noticias\/wp-content\/uploads\/2023\/02\/papa_190222-768x512.jpeg 768w, https:\/\/franciscanos.org.br\/noticias\/wp-content\/uploads\/2023\/02\/papa_190222-150x100.jpeg 150w\" sizes=\"(max-width: 900px) 100vw, 900px\" \/><em>Imagem: Vatican Media<\/em><\/p>\n<p>Extraordin\u00e1rio: esta foi a palavra que o Papa ressaltou comentando o Evangelho deste VII Domingo do Tempo Comum. Diante de milhares de fi\u00e9is na Pra\u00e7a S\u00e3o Pedro,\u00a0Francisco definiu &#8220;exigentes e paradoxais&#8221; as palavras de Jesus, que nos convida a oferecer a outra face e amar os nossos inimigos.<\/p>\n<p><strong>Deus vai sempre al\u00e9m<\/strong><br \/>\n\u00c9 normal amar quem nos ama, disse o Pont\u00edfice, mas agindo deste modo, o Mestre nos provoca dizendo: Que fazeis de extraordin\u00e1rio?\u00a0Com efeito, afirmou o Papa,\u00a0temendo n\u00e3o ser correspondido ou ficar desiludido, preferimos amar s\u00f3 quem nos ama, fazer o bem s\u00f3 a quem \u00e9 bom conosco, ser generoso s\u00f3 com quem pode restituir o favor<i>.\u00a0<\/i>Mas o Senhor nos adverte que isso n\u00e3o \u00e9 suficiente: \u201cSe permanecermos no ordin\u00e1rio, no equil\u00edbrio entre dar e receber, as coisas n\u00e3o mudam. Se quisesse seguir esta l\u00f3gica, n\u00e3o ter\u00edamos esperan\u00e7a de salva\u00e7\u00e3o! Mas, felizmente, o amor de Deus \u00e9 sempre &#8220;extraordin\u00e1rio&#8221;, isto \u00e9, vai al\u00e9m dos crit\u00e9rios habituais com os quais n\u00f3s humanos vivemos as nossas rela\u00e7\u00f5es.\u201d<\/p>\n<p><strong>Amor desmedido<\/strong><br \/>\nPara Francisco, as palavras de Jesus constituem um desafio, j\u00e1 que nos pede para abrir-nos ao extraordin\u00e1rio de um amor gratuito. Enquanto tentamos equilibrar as contas, Cristo nos estimula a viver o desequil\u00edbrio do amor, assim como Ele fez conosco.\u00a0Se Deus n\u00e3o tivesse se desbalanceado, n\u00f3s nunca ter\u00edamos sido salvos e Jesus n\u00e3o teria abra\u00e7ado a cruz por n\u00f3s.<\/p>\n<p>&#8220;Deus nos ama enquanto somos pecadores, n\u00e3o porque somos bons ou capazes de dar algo em troca. O amor de Deus \u00e9 um amor sempre em excesso, sempre al\u00e9m dos c\u00e1lculos, sempre desproporcional.\u00a0Hoje pede tamb\u00e9m a n\u00f3s para viver deste modo, porque somente assim o testemunharemos verdadeiramente.&#8221;<\/p>\n<p><strong>Ousar no bem, arriscar no dom<\/strong><br \/>\nA proposta de Cristo, portanto, \u00e9 sair da l\u00f3gica da vantagem e n\u00e3o medir o amor sobre a balan\u00e7a dos c\u00e1lculos e das conveni\u00eancias. \u00c9\u00a0ousar no bem, a arriscar no dom, mesmo se recebermos pouco ou nada em troca.\u00a0Porque \u00e9 este amor que lentamente transforma os conflitos, diminui as dist\u00e2ncias, supera as inimizades e cura as feridas do \u00f3dio.<\/p>\n<p>O Papa convidou cada um de n\u00f3s a se questionar: &#8220;Eu, na minha vida, sigo a l\u00f3gica da retribui\u00e7\u00e3o ou a da gratuidade?&#8221;.\u00a0&#8220;O amor extraordin\u00e1rio de Cristo n\u00e3o \u00e9 f\u00e1cil, mas \u00e9 poss\u00edvel, porque Ele mesmo nos ajuda doando-nos o seu Esp\u00edrito, o seu amor sem medida. Rezemos a Nossa Senhora, que respondendo a Deus o seu \u201csim\u201d sem c\u00e1lculos, lhe permitiu fazer dela a obra-prima da sua Gra\u00e7a.&#8221;<\/p>\n<hr \/>\n<p><em>Fonte: Vatican News (texto de Bianca Fraccalvieri)<\/em><\/p>\n","protected":false},"excerpt":{"rendered":"<p>Angelus<\/p>\n","protected":false},"author":3,"featured_media":242228,"comment_status":"open","ping_status":"open","sticky":false,"template":"","format":"standard","meta":[],"categories":[1428],"tags":[403,55],"acf":[],"yoast_head":"<!-- This site is optimized with the Yoast SEO plugin v19.2 - https:\/\/yoast.com\/wordpress\/plugins\/seo\/ -->\n<title>Papa: O amor extraordin\u00e1rio de Cristo n\u00e3o \u00e9 f\u00e1cil, mas \u00e9 poss\u00edvel. \u00c9 preciso ousar! - Not\u00edcias - Franciscanos<\/title>\n<meta name=\"robots\" content=\"index, follow, max-snippet:-1, max-image-preview:large, max-video-preview:-1\" \/>\n<link rel=\"canonical\" href=\"https:\/\/franciscanos.org.br\/noticias\/papa-o-amor-extraordinario-de-cristo-nao-e-facil-mas-e-possivel-e-preciso-ousar.html\" \/>\n<meta property=\"og:locale\" content=\"pt_BR\" \/>\n<meta property=\"og:type\" content=\"article\" \/>\n<meta property=\"og:title\" content=\"Papa: O amor extraordin\u00e1rio de Cristo n\u00e3o \u00e9 f\u00e1cil, mas \u00e9 poss\u00edvel. \u00c9 preciso ousar! - Not\u00edcias - Franciscanos\" \/>\n<meta property=\"og:description\" content=\"Angelus\" \/>\n<meta property=\"og:url\" content=\"https:\/\/franciscanos.org.br\/noticias\/papa-o-amor-extraordinario-de-cristo-nao-e-facil-mas-e-possivel-e-preciso-ousar.html\" \/>\n<meta property=\"og:site_name\" content=\"Not\u00edcias - Franciscanos\" \/>\n<meta property=\"article:published_time\" content=\"2023-02-19T20:43:59+00:00\" \/>\n<meta property=\"article:modified_time\" content=\"2023-02-19T20:48:57+00:00\" \/>\n<meta property=\"og:image\" content=\"https:\/\/franciscanos.org.br\/noticias\/wp-content\/uploads\/2023\/02\/papa_190222.jpeg\" \/>\n\t<meta property=\"og:image:width\" content=\"800\" \/>\n\t<meta property=\"og:image:height\" content=\"533\" \/>\n\t<meta property=\"og:image:type\" content=\"image\/jpeg\" \/>\n<meta name=\"author\" content=\"moacir\" \/>\n<meta name=\"twitter:card\" content=\"summary_large_image\" \/>\n<meta name=\"twitter:label1\" content=\"Escrito por\" \/>\n\t<meta name=\"twitter:data1\" content=\"moacir\" \/>\n\t<meta name=\"twitter:label2\" content=\"Est. tempo de leitura\" \/>\n\t<meta name=\"twitter:data2\" content=\"2 minutos\" \/>\n<script type=\"application\/ld+json\" class=\"yoast-schema-graph\">{\"@context\":\"https:\/\/schema.org\",\"@graph\":[{\"@type\":\"WebSite\",\"@id\":\"https:\/\/franciscanos.org.br\/noticias\/#website\",\"url\":\"https:\/\/franciscanos.org.br\/noticias\/\",\"name\":\"Not\u00edcias - Franciscanos\",\"description\":\"Prov\u00edncia Franciscana da Imaculada Concei\u00e7\u00e3o do Brasil - Ordem dos Frades Menores - OFM\",\"potentialAction\":[{\"@type\":\"SearchAction\",\"target\":{\"@type\":\"EntryPoint\",\"urlTemplate\":\"https:\/\/franciscanos.org.br\/noticias\/?s={search_term_string}\"},\"query-input\":\"required name=search_term_string\"}],\"inLanguage\":\"pt-BR\"},{\"@type\":\"ImageObject\",\"inLanguage\":\"pt-BR\",\"@id\":\"https:\/\/franciscanos.org.br\/noticias\/papa-o-amor-extraordinario-de-cristo-nao-e-facil-mas-e-possivel-e-preciso-ousar.html#primaryimage\",\"url\":\"https:\/\/franciscanos.org.br\/noticias\/wp-content\/uploads\/2023\/02\/papa_190222.jpeg\",\"contentUrl\":\"https:\/\/franciscanos.org.br\/noticias\/wp-content\/uploads\/2023\/02\/papa_190222.jpeg\",\"width\":800,\"height\":533},{\"@type\":\"WebPage\",\"@id\":\"https:\/\/franciscanos.org.br\/noticias\/papa-o-amor-extraordinario-de-cristo-nao-e-facil-mas-e-possivel-e-preciso-ousar.html#webpage\",\"url\":\"https:\/\/franciscanos.org.br\/noticias\/papa-o-amor-extraordinario-de-cristo-nao-e-facil-mas-e-possivel-e-preciso-ousar.html\",\"name\":\"Papa: O amor extraordin\u00e1rio de Cristo n\u00e3o \u00e9 f\u00e1cil, mas \u00e9 poss\u00edvel. \u00c9 preciso ousar! - Not\u00edcias - Franciscanos\",\"isPartOf\":{\"@id\":\"https:\/\/franciscanos.org.br\/noticias\/#website\"},\"primaryImageOfPage\":{\"@id\":\"https:\/\/franciscanos.org.br\/noticias\/papa-o-amor-extraordinario-de-cristo-nao-e-facil-mas-e-possivel-e-preciso-ousar.html#primaryimage\"},\"datePublished\":\"2023-02-19T20:43:59+00:00\",\"dateModified\":\"2023-02-19T20:48:57+00:00\",\"author\":{\"@id\":\"https:\/\/franciscanos.org.br\/noticias\/#\/schema\/person\/b5c8cba458c330ccff548b056e95a5d4\"},\"breadcrumb\":{\"@id\":\"https:\/\/franciscanos.org.br\/noticias\/papa-o-amor-extraordinario-de-cristo-nao-e-facil-mas-e-possivel-e-preciso-ousar.html#breadcrumb\"},\"inLanguage\":\"pt-BR\",\"potentialAction\":[{\"@type\":\"ReadAction\",\"target\":[\"https:\/\/franciscanos.org.br\/noticias\/papa-o-amor-extraordinario-de-cristo-nao-e-facil-mas-e-possivel-e-preciso-ousar.html\"]}]},{\"@type\":\"BreadcrumbList\",\"@id\":\"https:\/\/franciscanos.org.br\/noticias\/papa-o-amor-extraordinario-de-cristo-nao-e-facil-mas-e-possivel-e-preciso-ousar.html#breadcrumb\",\"itemListElement\":[{\"@type\":\"ListItem\",\"position\":1,\"name\":\"Home\",\"item\":\"https:\/\/franciscanos.org.br\/noticias\"},{\"@type\":\"ListItem\",\"position\":2,\"name\":\"Papa: O amor extraordin\u00e1rio de Cristo n\u00e3o \u00e9 f\u00e1cil, mas \u00e9 poss\u00edvel. \u00c9 preciso ousar!\"}]},{\"@type\":\"Person\",\"@id\":\"https:\/\/franciscanos.org.br\/noticias\/#\/schema\/person\/b5c8cba458c330ccff548b056e95a5d4\",\"name\":\"moacir\",\"image\":{\"@type\":\"ImageObject\",\"inLanguage\":\"pt-BR\",\"@id\":\"https:\/\/franciscanos.org.br\/noticias\/#\/schema\/person\/image\/\",\"url\":\"https:\/\/secure.gravatar.com\/avatar\/d08aa2ce4c8dd416d4479aa8536fcf64?s=96&d=mm&r=g\",\"contentUrl\":\"https:\/\/secure.gravatar.com\/avatar\/d08aa2ce4c8dd416d4479aa8536fcf64?s=96&d=mm&r=g\",\"caption\":\"moacir\"},\"url\":\"https:\/\/franciscanos.org.br\/noticias\/author\/moacir\"}]}<\/script>\n<!-- \/ Yoast SEO plugin. -->","yoast_head_json":{"title":"Papa: O amor extraordin\u00e1rio de Cristo n\u00e3o \u00e9 f\u00e1cil, mas \u00e9 poss\u00edvel. \u00c9 preciso ousar! - Not\u00edcias - Franciscanos","robots":{"index":"index","follow":"follow","max-snippet":"max-snippet:-1","max-image-preview":"max-image-preview:large","max-video-preview":"max-video-preview:-1"},"canonical":"https:\/\/franciscanos.org.br\/noticias\/papa-o-amor-extraordinario-de-cristo-nao-e-facil-mas-e-possivel-e-preciso-ousar.html","og_locale":"pt_BR","og_type":"article","og_title":"Papa: O amor extraordin\u00e1rio de Cristo n\u00e3o \u00e9 f\u00e1cil, mas \u00e9 poss\u00edvel. \u00c9 preciso ousar! - Not\u00edcias - Franciscanos","og_description":"Angelus","og_url":"https:\/\/franciscanos.org.br\/noticias\/papa-o-amor-extraordinario-de-cristo-nao-e-facil-mas-e-possivel-e-preciso-ousar.html","og_site_name":"Not\u00edcias - Franciscanos","article_published_time":"2023-02-19T20:43:59+00:00","article_modified_time":"2023-02-19T20:48:57+00:00","og_image":[{"width":800,"height":533,"url":"https:\/\/franciscanos.org.br\/noticias\/wp-content\/uploads\/2023\/02\/papa_190222.jpeg","type":"image\/jpeg"}],"author":"moacir","twitter_card":"summary_large_image","twitter_misc":{"Escrito por":"moacir","Est. tempo de leitura":"2 minutos"},"schema":{"@context":"https:\/\/schema.org","@graph":[{"@type":"WebSite","@id":"https:\/\/franciscanos.org.br\/noticias\/#website","url":"https:\/\/franciscanos.org.br\/noticias\/","name":"Not\u00edcias - Franciscanos","description":"Prov\u00edncia Franciscana da Imaculada Concei\u00e7\u00e3o do Brasil - Ordem dos Frades Menores - OFM","potentialAction":[{"@type":"SearchAction","target":{"@type":"EntryPoint","urlTemplate":"https:\/\/franciscanos.org.br\/noticias\/?s={search_term_string}"},"query-input":"required name=search_term_string"}],"inLanguage":"pt-BR"},{"@type":"ImageObject","inLanguage":"pt-BR","@id":"https:\/\/franciscanos.org.br\/noticias\/papa-o-amor-extraordinario-de-cristo-nao-e-facil-mas-e-possivel-e-preciso-ousar.html#primaryimage","url":"https:\/\/franciscanos.org.br\/noticias\/wp-content\/uploads\/2023\/02\/papa_190222.jpeg","contentUrl":"https:\/\/franciscanos.org.br\/noticias\/wp-content\/uploads\/2023\/02\/papa_190222.jpeg","width":800,"height":533},{"@type":"WebPage","@id":"https:\/\/franciscanos.org.br\/noticias\/papa-o-amor-extraordinario-de-cristo-nao-e-facil-mas-e-possivel-e-preciso-ousar.html#webpage","url":"https:\/\/franciscanos.org.br\/noticias\/papa-o-amor-extraordinario-de-cristo-nao-e-facil-mas-e-possivel-e-preciso-ousar.html","name":"Papa: O amor extraordin\u00e1rio de Cristo n\u00e3o \u00e9 f\u00e1cil, mas \u00e9 poss\u00edvel. \u00c9 preciso ousar! - Not\u00edcias - Franciscanos","isPartOf":{"@id":"https:\/\/franciscanos.org.br\/noticias\/#website"},"primaryImageOfPage":{"@id":"https:\/\/franciscanos.org.br\/noticias\/papa-o-amor-extraordinario-de-cristo-nao-e-facil-mas-e-possivel-e-preciso-ousar.html#primaryimage"},"datePublished":"2023-02-19T20:43:59+00:00","dateModified":"2023-02-19T20:48:57+00:00","author":{"@id":"https:\/\/franciscanos.org.br\/noticias\/#\/schema\/person\/b5c8cba458c330ccff548b056e95a5d4"},"breadcrumb":{"@id":"https:\/\/franciscanos.org.br\/noticias\/papa-o-amor-extraordinario-de-cristo-nao-e-facil-mas-e-possivel-e-preciso-ousar.html#breadcrumb"},"inLanguage":"pt-BR","potentialAction":[{"@type":"ReadAction","target":["https:\/\/franciscanos.org.br\/noticias\/papa-o-amor-extraordinario-de-cristo-nao-e-facil-mas-e-possivel-e-preciso-ousar.html"]}]},{"@type":"BreadcrumbList","@id":"https:\/\/franciscanos.org.br\/noticias\/papa-o-amor-extraordinario-de-cristo-nao-e-facil-mas-e-possivel-e-preciso-ousar.html#breadcrumb","itemListElement":[{"@type":"ListItem","position":1,"name":"Home","item":"https:\/\/franciscanos.org.br\/noticias"},{"@type":"ListItem","position":2,"name":"Papa: O amor extraordin\u00e1rio de Cristo n\u00e3o \u00e9 f\u00e1cil, mas \u00e9 poss\u00edvel. \u00c9 preciso ousar!"}]},{"@type":"Person","@id":"https:\/\/franciscanos.org.br\/noticias\/#\/schema\/person\/b5c8cba458c330ccff548b056e95a5d4","name":"moacir","image":{"@type":"ImageObject","inLanguage":"pt-BR","@id":"https:\/\/franciscanos.org.br\/noticias\/#\/schema\/person\/image\/","url":"https:\/\/secure.gravatar.com\/avatar\/d08aa2ce4c8dd416d4479aa8536fcf64?s=96&d=mm&r=g","contentUrl":"https:\/\/secure.gravatar.com\/avatar\/d08aa2ce4c8dd416d4479aa8536fcf64?s=96&d=mm&r=g","caption":"moacir"},"url":"https:\/\/franciscanos.org.br\/noticias\/author\/moacir"}]}},"_links":{"self":[{"href":"https:\/\/franciscanos.org.br\/noticias\/wp-json\/wp\/v2\/posts\/242227"}],"collection":[{"href":"https:\/\/franciscanos.org.br\/noticias\/wp-json\/wp\/v2\/posts"}],"about":[{"href":"https:\/\/franciscanos.org.br\/noticias\/wp-json\/wp\/v2\/types\/post"}],"author":[{"embeddable":true,"href":"https:\/\/franciscanos.org.br\/noticias\/wp-json\/wp\/v2\/users\/3"}],"replies":[{"embeddable":true,"href":"https:\/\/franciscanos.org.br\/noticias\/wp-json\/wp\/v2\/comments?post=242227"}],"version-history":[{"count":8,"href":"https:\/\/franciscanos.org.br\/noticias\/wp-json\/wp\/v2\/posts\/242227\/revisions"}],"predecessor-version":[{"id":242236,"href":"https:\/\/franciscanos.org.br\/noticias\/wp-json\/wp\/v2\/posts\/242227\/revisions\/242236"}],"wp:featuredmedia":[{"embeddable":true,"href":"https:\/\/franciscanos.org.br\/noticias\/wp-json\/wp\/v2\/media\/242228"}],"wp:attachment":[{"href":"https:\/\/franciscanos.org.br\/noticias\/wp-json\/wp\/v2\/media?parent=242227"}],"wp:term":[{"taxonomy":"category","embeddable":true,"href":"https:\/\/franciscanos.org.br\/noticias\/wp-json\/wp\/v2\/categories?post=242227"},{"taxonomy":"post_tag","embeddable":true,"href":"https:\/\/franciscanos.org.br\/noticias\/wp-json\/wp\/v2\/tags?post=242227"}],"curies":[{"name":"wp","href":"https:\/\/api.w.org\/{rel}","templated":true}]}}