{"id":242223,"date":"2023-02-15T07:30:21","date_gmt":"2023-02-15T10:30:21","guid":{"rendered":"https:\/\/franciscanos.org.br\/noticias\/?p=242223"},"modified":"2023-02-15T07:30:21","modified_gmt":"2023-02-15T10:30:21","slug":"papa-aceitar-o-amor-de-deus-e-mais-dificil-porque-queremos-estar-sempre-no-centro","status":"publish","type":"post","link":"https:\/\/franciscanos.org.br\/noticias\/papa-aceitar-o-amor-de-deus-e-mais-dificil-porque-queremos-estar-sempre-no-centro.html","title":{"rendered":"Papa: &#8220;Aceitar o amor de Deus \u00e9 mais dif\u00edcil, porque queremos estar sempre no centro&#8221;"},"content":{"rendered":"<div id=\"attachment_242225\" style=\"width: 1210px\" class=\"wp-caption alignnone\"><img aria-describedby=\"caption-attachment-242225\" loading=\"lazy\" class=\"wp-image-242225 size-full\" src=\"https:\/\/franciscanos.org.br\/noticias\/wp-content\/uploads\/2023\/02\/audiencia_1502.jpg\" alt=\"\" width=\"1200\" height=\"780\" srcset=\"https:\/\/franciscanos.org.br\/noticias\/wp-content\/uploads\/2023\/02\/audiencia_1502.jpg 1200w, https:\/\/franciscanos.org.br\/noticias\/wp-content\/uploads\/2023\/02\/audiencia_1502-450x293.jpg 450w, https:\/\/franciscanos.org.br\/noticias\/wp-content\/uploads\/2023\/02\/audiencia_1502-1024x666.jpg 1024w, https:\/\/franciscanos.org.br\/noticias\/wp-content\/uploads\/2023\/02\/audiencia_1502-768x499.jpg 768w, https:\/\/franciscanos.org.br\/noticias\/wp-content\/uploads\/2023\/02\/audiencia_1502-150x98.jpg 150w\" sizes=\"(max-width: 1200px) 100vw, 1200px\" \/><p id=\"caption-attachment-242225\" class=\"wp-caption-text\">\u00a0 \u00a0 \u00a0 \u00a0 \u00a0 \u00a0 \u00a0 \u00a0 \u00a0 \u00a0 \u00a0 \u00a0 \u00a0 \u00a0 \u00a0 \u00a0 \u00a0 \u00a0 \u00a0 \u00a0 \u00a0 \u00a0 \u00a0 \u00a0 \u00a0 \u00a0 \u00a0 \u00a0 \u00a0 \u00a0 \u00a0 \u00a0 \u00a0 \u00a0 \u00a0 \u00a0 \u00a0 \u00a0 \u00a0 \u00a0 \u00a0 \u00a0 \u00a0 \u00a0 \u00a0 \u00a0 \u00a0 \u00a0 \u00a0 \u00a0 \u00a0 \u00a0 \u00a0 \u00a0 \u00a0 \u00a0 \u00a0 \u00a0 \u00a0 \u00a0 \u00a0 \u00a0 \u00a0 <em>\u00a0 \u00a0 \u00a0Imagem: Vatican Media<\/em><\/p><\/div>\n<p>&#8220;O primeiro apostolado&#8221; foi o tema da catequese do Papa Francisco na Audi\u00eancia Geral, desta quarta-feira (15\/02), realizada na Sala Paulo VI.<\/p>\n<p>O Pont\u00edfice prosseguiu, falando sobre &#8220;a paix\u00e3o de evangelizar, o zelo apost\u00f3lico&#8221;, pois &#8220;evangelizar envolve toda a pessoa, a mente, o cora\u00e7\u00e3o, as m\u00e3os, tudo. A pessoa \u00e9 totalmente envolvida. Por isso, falamos de paix\u00e3o de evangelizar&#8221;.<\/p>\n<p>O Evangelho diz que Jesus \u00abdesignou doze dentre eles &#8211; a quem chamou ap\u00f3stolos &#8211; para estar com Ele e para os enviar a pregar\u00bb. H\u00e1 um aspecto que parece contradit\u00f3rio: chama-os para estar com Ele e para ir pregar. &#8220;Em primeiro lugar, n\u00e3o h\u00e1 ir sem estar: antes de enviar os disc\u00edpulos em miss\u00e3o, Cristo &#8211; diz o Evangelho \u2013 \u201cre\u00fane-os\u201d. O an\u00fancio nasce do encontro com o Senhor; toda a atividade crist\u00e3, especialmente a miss\u00e3o, come\u00e7a a partir dali. N\u00e3o se aprende na academia. Come\u00e7a com o encontro com o Senhor. Portanto, s\u00f3 quem estiver com Ele poder\u00e1 anunciar o Evangelho de Jesus&#8221;, frisou o Papa.<\/p>\n<p>&#8220;Mas tamb\u00e9m n\u00e3o h\u00e1 estar sem ir&#8221;, destacou Francisco, pois &#8220;seguir Cristo n\u00e3o \u00e9 algo intimista: sem an\u00fancio, sem servi\u00e7o, sem miss\u00e3o, a rela\u00e7\u00e3o com Ele n\u00e3o cresce. Ent\u00e3o, recordemos estes dois momentos constitutivos para cada disc\u00edpulo: estar e ir, enviado por Jesus&#8221;.<\/p>\n<p>Tendo chamado os disc\u00edpulos a si, e antes de os enviar, Cristo dirige-lhes um discurso, conhecido como o \u201cserm\u00e3o mission\u00e1rio\u201d que a a \u201cconstitui\u00e7\u00e3o\u201d do an\u00fancio. Desse discurso, cuja leitura foi recomendada pelo Papa, o Pont\u00edfice frisou tr\u00eas aspectos: porqu\u00ea anunciar, o que anunciar e como anunciar.<\/p>\n<p><strong>Primeiro: Por qu\u00ea anunciar?<\/strong> \u00abRecebestes gratuitamente, dai gratuitamente\u00bb, diz Jesus. &#8220;O an\u00fancio n\u00e3o come\u00e7a por n\u00f3s, mas pela beleza do que recebemos de gra\u00e7a, sem m\u00e9rito: encontrar Jesus, conhec\u00ea-lo, descobrir que somos amados e salvos. \u00c9 um dom t\u00e3o grande que n\u00e3o podemos guard\u00e1-lo para n\u00f3s, sentimos a necessidade de o irradiar; mas com o mesmo estilo, na gratuidade. Em s\u00edntese: temos um dom, por isso somos chamados a fazer-nos dom; a nossa voca\u00e7\u00e3o \u00e9 fazer-nos dom para os outros. Ir e levar a alegria do que recebemos&#8221;.<\/p>\n<p><strong>Segundo aspecto, o que anunciar?<\/strong> Jesus diz: \u00abPregai, anunciando que o reino dos c\u00e9us est\u00e1 pr\u00f3ximo\u00bb. Deve-se anunciar que &#8220;Deus est\u00e1 pr\u00f3ximo. Nunca se esque\u00e7am disso. Deus sempre esteve pr\u00f3ximo ao povo. A proximidade \u00e9 uma das coisas mais importantes de Deus. S\u00e3o tr\u00eas coisas: proximidade, miseric\u00f3rdia e ternura. N\u00e3o se esque\u00e7am disso. Quem \u00e9 Deus? O Pr\u00f3ximo, o Terno, o Misericordioso. Esta \u00e9 a realidade de Deus&#8221;, frisou.<\/p>\n<p>&#8220;Aceitar o amor de Deus \u00e9 mais dif\u00edcil, porque queremos estar sempre no centro, ser protagonistas, estamos mais propensos a deixar-nos plasmar, a falar mais do que a ouvir. Mas, se em primeiro lugar estiver o que fazemos, continuaremos a ser os protagonistas. Ao contr\u00e1rio, o an\u00fancio deve dar a primazia a Deus, dar a Deus o primeiro lugar, e dar aos outros a oportunidade de o acolher, de sentir que Ele est\u00e1 pr\u00f3ximo. E eu, atr\u00e1s&#8221;, disse ainda o Papa.<\/p>\n<p><strong>Terceiro aspecto: como anunciar.<\/strong> Segundo Francisco, &#8220;\u00e9 o aspecto sobre o qual Jesus mais insiste; e isto \u00e9 significativo: Como anunciar, qual deve ser o m\u00e9todo, qual deve ser a linguagem para anunciar, e isso \u00e9 significativo, pois nos diz que o modo, o estilo, \u00e9 essencial no testemunho. O testemunho n\u00e3o envolve apenas a mente e dizer alguma, os conceitos: n\u00e3o. Envolve tudo, mente, cora\u00e7\u00e3o, m\u00e3os, tudo, as tr\u00eas l\u00ednguas da pessoa: a linguagem do pensamento, a linguagem do afeto e a linguagem da obra. As tr\u00eas linguagens. N\u00e3o se pode evangelizar apenas com a mente ou apenas com o cora\u00e7\u00e3o ou apenas com as m\u00e3os&#8221;.<\/p>\n<p>Ainda sobre o modo como anunciar, \u00e9 impressionante que Jesus, em vez de prescrever o que levar em miss\u00e3o, diga o que n\u00e3o levar: \u00abN\u00e3o leveis nem ouro, nem prata, nem dinheiro nos vossos cintos, nem alforge para a viagem, nem duas t\u00fanicas, nem sand\u00e1lias, nem cajado\u00bb. &#8220;N\u00e3o levar nada. Ele diz para n\u00e3o se apoiar em certezas materiais, mas ir para o mundo sem mundanidade. Isto \u00e9 o que dizer: Eu vou para o mundo n\u00e3o com o estilo do mundo, n\u00e3o com os valores do mundo, n\u00e3o com a mundanidade \u2013 que para a Igreja, cair na mundanidade \u00e9 o pior que pode acontecer. Vou com simplicidade, mostrando Jesus, n\u00e3o falando de Jesus. Como mostramos Jesus? Com o testemunho. Em s\u00edntese, caminhando juntos: o Senhor envia todos os disc\u00edpulos, mas ningu\u00e9m vai sozinho. A Igreja apost\u00f3lica \u00e9 toda mission\u00e1ria e na miss\u00e3o encontra a sua unidade. Portanto: ir mansos e bons como cordeiros, sem mundanidade, juntos&#8221;, concluiu o Papa.<\/p>\n<hr \/>\n<p><em>Fonte: Vatican News (texto de Mariangela Jaguraba)<\/em><\/p>\n","protected":false},"excerpt":{"rendered":"<p>Audi\u00eancia Geral<\/p>\n","protected":false},"author":3,"featured_media":242225,"comment_status":"open","ping_status":"open","sticky":false,"template":"","format":"standard","meta":[],"categories":[1428],"tags":[487],"acf":[],"yoast_head":"<!-- This site is optimized with the Yoast SEO plugin v19.2 - https:\/\/yoast.com\/wordpress\/plugins\/seo\/ -->\n<title>Papa: &quot;Aceitar o amor de Deus \u00e9 mais dif\u00edcil, porque queremos estar sempre no centro&quot; - Not\u00edcias - Franciscanos<\/title>\n<meta name=\"robots\" content=\"index, follow, max-snippet:-1, max-image-preview:large, max-video-preview:-1\" \/>\n<link rel=\"canonical\" href=\"https:\/\/franciscanos.org.br\/noticias\/papa-aceitar-o-amor-de-deus-e-mais-dificil-porque-queremos-estar-sempre-no-centro.html\" \/>\n<meta property=\"og:locale\" content=\"pt_BR\" \/>\n<meta property=\"og:type\" content=\"article\" \/>\n<meta property=\"og:title\" content=\"Papa: &quot;Aceitar o amor de Deus \u00e9 mais dif\u00edcil, porque queremos estar sempre no centro&quot; - Not\u00edcias - Franciscanos\" \/>\n<meta property=\"og:description\" content=\"Audi\u00eancia Geral\" \/>\n<meta property=\"og:url\" content=\"https:\/\/franciscanos.org.br\/noticias\/papa-aceitar-o-amor-de-deus-e-mais-dificil-porque-queremos-estar-sempre-no-centro.html\" \/>\n<meta property=\"og:site_name\" content=\"Not\u00edcias - Franciscanos\" \/>\n<meta property=\"article:published_time\" content=\"2023-02-15T10:30:21+00:00\" \/>\n<meta property=\"og:image\" content=\"https:\/\/franciscanos.org.br\/noticias\/wp-content\/uploads\/2023\/02\/audiencia_1502.jpg\" \/>\n\t<meta property=\"og:image:width\" content=\"1200\" \/>\n\t<meta property=\"og:image:height\" content=\"780\" \/>\n\t<meta property=\"og:image:type\" content=\"image\/jpeg\" \/>\n<meta name=\"author\" content=\"moacir\" \/>\n<meta name=\"twitter:card\" content=\"summary_large_image\" \/>\n<meta name=\"twitter:label1\" content=\"Escrito por\" \/>\n\t<meta name=\"twitter:data1\" content=\"moacir\" \/>\n\t<meta name=\"twitter:label2\" content=\"Est. tempo de leitura\" \/>\n\t<meta name=\"twitter:data2\" content=\"4 minutos\" \/>\n<script type=\"application\/ld+json\" class=\"yoast-schema-graph\">{\"@context\":\"https:\/\/schema.org\",\"@graph\":[{\"@type\":\"WebSite\",\"@id\":\"https:\/\/franciscanos.org.br\/noticias\/#website\",\"url\":\"https:\/\/franciscanos.org.br\/noticias\/\",\"name\":\"Not\u00edcias - Franciscanos\",\"description\":\"Prov\u00edncia Franciscana da Imaculada Concei\u00e7\u00e3o do Brasil - Ordem dos Frades Menores - OFM\",\"potentialAction\":[{\"@type\":\"SearchAction\",\"target\":{\"@type\":\"EntryPoint\",\"urlTemplate\":\"https:\/\/franciscanos.org.br\/noticias\/?s={search_term_string}\"},\"query-input\":\"required name=search_term_string\"}],\"inLanguage\":\"pt-BR\"},{\"@type\":\"ImageObject\",\"inLanguage\":\"pt-BR\",\"@id\":\"https:\/\/franciscanos.org.br\/noticias\/papa-aceitar-o-amor-de-deus-e-mais-dificil-porque-queremos-estar-sempre-no-centro.html#primaryimage\",\"url\":\"https:\/\/franciscanos.org.br\/noticias\/wp-content\/uploads\/2023\/02\/audiencia_1502.jpg\",\"contentUrl\":\"https:\/\/franciscanos.org.br\/noticias\/wp-content\/uploads\/2023\/02\/audiencia_1502.jpg\",\"width\":1200,\"height\":780},{\"@type\":\"WebPage\",\"@id\":\"https:\/\/franciscanos.org.br\/noticias\/papa-aceitar-o-amor-de-deus-e-mais-dificil-porque-queremos-estar-sempre-no-centro.html#webpage\",\"url\":\"https:\/\/franciscanos.org.br\/noticias\/papa-aceitar-o-amor-de-deus-e-mais-dificil-porque-queremos-estar-sempre-no-centro.html\",\"name\":\"Papa: \\\"Aceitar o amor de Deus \u00e9 mais dif\u00edcil, porque queremos estar sempre no centro\\\" - Not\u00edcias - Franciscanos\",\"isPartOf\":{\"@id\":\"https:\/\/franciscanos.org.br\/noticias\/#website\"},\"primaryImageOfPage\":{\"@id\":\"https:\/\/franciscanos.org.br\/noticias\/papa-aceitar-o-amor-de-deus-e-mais-dificil-porque-queremos-estar-sempre-no-centro.html#primaryimage\"},\"datePublished\":\"2023-02-15T10:30:21+00:00\",\"dateModified\":\"2023-02-15T10:30:21+00:00\",\"author\":{\"@id\":\"https:\/\/franciscanos.org.br\/noticias\/#\/schema\/person\/b5c8cba458c330ccff548b056e95a5d4\"},\"breadcrumb\":{\"@id\":\"https:\/\/franciscanos.org.br\/noticias\/papa-aceitar-o-amor-de-deus-e-mais-dificil-porque-queremos-estar-sempre-no-centro.html#breadcrumb\"},\"inLanguage\":\"pt-BR\",\"potentialAction\":[{\"@type\":\"ReadAction\",\"target\":[\"https:\/\/franciscanos.org.br\/noticias\/papa-aceitar-o-amor-de-deus-e-mais-dificil-porque-queremos-estar-sempre-no-centro.html\"]}]},{\"@type\":\"BreadcrumbList\",\"@id\":\"https:\/\/franciscanos.org.br\/noticias\/papa-aceitar-o-amor-de-deus-e-mais-dificil-porque-queremos-estar-sempre-no-centro.html#breadcrumb\",\"itemListElement\":[{\"@type\":\"ListItem\",\"position\":1,\"name\":\"Home\",\"item\":\"https:\/\/franciscanos.org.br\/noticias\"},{\"@type\":\"ListItem\",\"position\":2,\"name\":\"Papa: &#8220;Aceitar o amor de Deus \u00e9 mais dif\u00edcil, porque queremos estar sempre no centro&#8221;\"}]},{\"@type\":\"Person\",\"@id\":\"https:\/\/franciscanos.org.br\/noticias\/#\/schema\/person\/b5c8cba458c330ccff548b056e95a5d4\",\"name\":\"moacir\",\"image\":{\"@type\":\"ImageObject\",\"inLanguage\":\"pt-BR\",\"@id\":\"https:\/\/franciscanos.org.br\/noticias\/#\/schema\/person\/image\/\",\"url\":\"https:\/\/secure.gravatar.com\/avatar\/d08aa2ce4c8dd416d4479aa8536fcf64?s=96&d=mm&r=g\",\"contentUrl\":\"https:\/\/secure.gravatar.com\/avatar\/d08aa2ce4c8dd416d4479aa8536fcf64?s=96&d=mm&r=g\",\"caption\":\"moacir\"},\"url\":\"https:\/\/franciscanos.org.br\/noticias\/author\/moacir\"}]}<\/script>\n<!-- \/ Yoast SEO plugin. -->","yoast_head_json":{"title":"Papa: \"Aceitar o amor de Deus \u00e9 mais dif\u00edcil, porque queremos estar sempre no centro\" - Not\u00edcias - Franciscanos","robots":{"index":"index","follow":"follow","max-snippet":"max-snippet:-1","max-image-preview":"max-image-preview:large","max-video-preview":"max-video-preview:-1"},"canonical":"https:\/\/franciscanos.org.br\/noticias\/papa-aceitar-o-amor-de-deus-e-mais-dificil-porque-queremos-estar-sempre-no-centro.html","og_locale":"pt_BR","og_type":"article","og_title":"Papa: \"Aceitar o amor de Deus \u00e9 mais dif\u00edcil, porque queremos estar sempre no centro\" - Not\u00edcias - Franciscanos","og_description":"Audi\u00eancia Geral","og_url":"https:\/\/franciscanos.org.br\/noticias\/papa-aceitar-o-amor-de-deus-e-mais-dificil-porque-queremos-estar-sempre-no-centro.html","og_site_name":"Not\u00edcias - Franciscanos","article_published_time":"2023-02-15T10:30:21+00:00","og_image":[{"width":1200,"height":780,"url":"https:\/\/franciscanos.org.br\/noticias\/wp-content\/uploads\/2023\/02\/audiencia_1502.jpg","type":"image\/jpeg"}],"author":"moacir","twitter_card":"summary_large_image","twitter_misc":{"Escrito por":"moacir","Est. tempo de leitura":"4 minutos"},"schema":{"@context":"https:\/\/schema.org","@graph":[{"@type":"WebSite","@id":"https:\/\/franciscanos.org.br\/noticias\/#website","url":"https:\/\/franciscanos.org.br\/noticias\/","name":"Not\u00edcias - Franciscanos","description":"Prov\u00edncia Franciscana da Imaculada Concei\u00e7\u00e3o do Brasil - Ordem dos Frades Menores - OFM","potentialAction":[{"@type":"SearchAction","target":{"@type":"EntryPoint","urlTemplate":"https:\/\/franciscanos.org.br\/noticias\/?s={search_term_string}"},"query-input":"required name=search_term_string"}],"inLanguage":"pt-BR"},{"@type":"ImageObject","inLanguage":"pt-BR","@id":"https:\/\/franciscanos.org.br\/noticias\/papa-aceitar-o-amor-de-deus-e-mais-dificil-porque-queremos-estar-sempre-no-centro.html#primaryimage","url":"https:\/\/franciscanos.org.br\/noticias\/wp-content\/uploads\/2023\/02\/audiencia_1502.jpg","contentUrl":"https:\/\/franciscanos.org.br\/noticias\/wp-content\/uploads\/2023\/02\/audiencia_1502.jpg","width":1200,"height":780},{"@type":"WebPage","@id":"https:\/\/franciscanos.org.br\/noticias\/papa-aceitar-o-amor-de-deus-e-mais-dificil-porque-queremos-estar-sempre-no-centro.html#webpage","url":"https:\/\/franciscanos.org.br\/noticias\/papa-aceitar-o-amor-de-deus-e-mais-dificil-porque-queremos-estar-sempre-no-centro.html","name":"Papa: \"Aceitar o amor de Deus \u00e9 mais dif\u00edcil, porque queremos estar sempre no centro\" - Not\u00edcias - Franciscanos","isPartOf":{"@id":"https:\/\/franciscanos.org.br\/noticias\/#website"},"primaryImageOfPage":{"@id":"https:\/\/franciscanos.org.br\/noticias\/papa-aceitar-o-amor-de-deus-e-mais-dificil-porque-queremos-estar-sempre-no-centro.html#primaryimage"},"datePublished":"2023-02-15T10:30:21+00:00","dateModified":"2023-02-15T10:30:21+00:00","author":{"@id":"https:\/\/franciscanos.org.br\/noticias\/#\/schema\/person\/b5c8cba458c330ccff548b056e95a5d4"},"breadcrumb":{"@id":"https:\/\/franciscanos.org.br\/noticias\/papa-aceitar-o-amor-de-deus-e-mais-dificil-porque-queremos-estar-sempre-no-centro.html#breadcrumb"},"inLanguage":"pt-BR","potentialAction":[{"@type":"ReadAction","target":["https:\/\/franciscanos.org.br\/noticias\/papa-aceitar-o-amor-de-deus-e-mais-dificil-porque-queremos-estar-sempre-no-centro.html"]}]},{"@type":"BreadcrumbList","@id":"https:\/\/franciscanos.org.br\/noticias\/papa-aceitar-o-amor-de-deus-e-mais-dificil-porque-queremos-estar-sempre-no-centro.html#breadcrumb","itemListElement":[{"@type":"ListItem","position":1,"name":"Home","item":"https:\/\/franciscanos.org.br\/noticias"},{"@type":"ListItem","position":2,"name":"Papa: &#8220;Aceitar o amor de Deus \u00e9 mais dif\u00edcil, porque queremos estar sempre no centro&#8221;"}]},{"@type":"Person","@id":"https:\/\/franciscanos.org.br\/noticias\/#\/schema\/person\/b5c8cba458c330ccff548b056e95a5d4","name":"moacir","image":{"@type":"ImageObject","inLanguage":"pt-BR","@id":"https:\/\/franciscanos.org.br\/noticias\/#\/schema\/person\/image\/","url":"https:\/\/secure.gravatar.com\/avatar\/d08aa2ce4c8dd416d4479aa8536fcf64?s=96&d=mm&r=g","contentUrl":"https:\/\/secure.gravatar.com\/avatar\/d08aa2ce4c8dd416d4479aa8536fcf64?s=96&d=mm&r=g","caption":"moacir"},"url":"https:\/\/franciscanos.org.br\/noticias\/author\/moacir"}]}},"_links":{"self":[{"href":"https:\/\/franciscanos.org.br\/noticias\/wp-json\/wp\/v2\/posts\/242223"}],"collection":[{"href":"https:\/\/franciscanos.org.br\/noticias\/wp-json\/wp\/v2\/posts"}],"about":[{"href":"https:\/\/franciscanos.org.br\/noticias\/wp-json\/wp\/v2\/types\/post"}],"author":[{"embeddable":true,"href":"https:\/\/franciscanos.org.br\/noticias\/wp-json\/wp\/v2\/users\/3"}],"replies":[{"embeddable":true,"href":"https:\/\/franciscanos.org.br\/noticias\/wp-json\/wp\/v2\/comments?post=242223"}],"version-history":[{"count":1,"href":"https:\/\/franciscanos.org.br\/noticias\/wp-json\/wp\/v2\/posts\/242223\/revisions"}],"predecessor-version":[{"id":242226,"href":"https:\/\/franciscanos.org.br\/noticias\/wp-json\/wp\/v2\/posts\/242223\/revisions\/242226"}],"wp:featuredmedia":[{"embeddable":true,"href":"https:\/\/franciscanos.org.br\/noticias\/wp-json\/wp\/v2\/media\/242225"}],"wp:attachment":[{"href":"https:\/\/franciscanos.org.br\/noticias\/wp-json\/wp\/v2\/media?parent=242223"}],"wp:term":[{"taxonomy":"category","embeddable":true,"href":"https:\/\/franciscanos.org.br\/noticias\/wp-json\/wp\/v2\/categories?post=242223"},{"taxonomy":"post_tag","embeddable":true,"href":"https:\/\/franciscanos.org.br\/noticias\/wp-json\/wp\/v2\/tags?post=242223"}],"curies":[{"name":"wp","href":"https:\/\/api.w.org\/{rel}","templated":true}]}}