{"id":242212,"date":"2023-02-13T08:46:29","date_gmt":"2023-02-13T11:46:29","guid":{"rendered":"https:\/\/franciscanos.org.br\/noticias\/?p=242212"},"modified":"2025-03-10T15:28:38","modified_gmt":"2025-03-10T18:28:38","slug":"jesus-volta-a-reunir-12-novos-discipulos-em-2023","status":"publish","type":"post","link":"https:\/\/franciscanos.org.br\/noticias\/jesus-volta-a-reunir-12-novos-discipulos-em-2023.html","title":{"rendered":"Jesus volta a reunir 12 novos disc\u00edpulos em 2023"},"content":{"rendered":"<p><img loading=\"lazy\" class=\"alignnone size-full wp-image-242213\" src=\"https:\/\/franciscanos.org.br\/noticias\/wp-content\/uploads\/2023\/02\/ASPIRANTADO_13.jpg\" alt=\"\" width=\"1280\" height=\"720\" srcset=\"https:\/\/franciscanos.org.br\/noticias\/wp-content\/uploads\/2023\/02\/ASPIRANTADO_13.jpg 1280w, https:\/\/franciscanos.org.br\/noticias\/wp-content\/uploads\/2023\/02\/ASPIRANTADO_13-450x253.jpg 450w, https:\/\/franciscanos.org.br\/noticias\/wp-content\/uploads\/2023\/02\/ASPIRANTADO_13-1024x576.jpg 1024w, https:\/\/franciscanos.org.br\/noticias\/wp-content\/uploads\/2023\/02\/ASPIRANTADO_13-768x432.jpg 768w, https:\/\/franciscanos.org.br\/noticias\/wp-content\/uploads\/2023\/02\/ASPIRANTADO_13-150x84.jpg 150w\" sizes=\"(max-width: 1280px) 100vw, 1280px\" \/><\/p>\n<p>No conhecido \u201cano vocacional\u201d da Igreja no Brasil e da nossa Prov\u00edncia, um passo concreto de doze jovens inicia o per\u00edodo formativo do Aspirantado em Ituporanga. Se trata dos novos aspirantes que, ao longo deste ano, far\u00e3o este discernimento vocacional a fim de assumirem e assimilarem cada vez mais para si o modo franciscano de viver. S\u00e3o eles 12, assim como os primeiros disc\u00edpulos de Jesus e de Francisco, que agora somam-se aos irm\u00e3os da nossa Ordem.<\/p>\n<p>Oriundos de nossas Fraternidades nos cinco Estados da Prov\u00edncia, portam caracter\u00edsticas culturais bastante variadas, enriquecendo assim a experi\u00eancia da conviv\u00eancia fraterna e interc\u00e2mbio cultural. As idades tamb\u00e9m s\u00e3o um fator interessante. Alguns irm\u00e3os j\u00e1 s\u00e3o um pouco mais experientes, mais abertos para assumir um novo modo de vida. Outros relatam ser a primeira vez que saem do Estado onde nasceram, \u00e1vidos para um come\u00e7o.<\/p>\n<p>Fato \u00e9 que esses irm\u00e3os, depois acompanhados em nossas Fraternidades, mergulhar\u00e3o profundamente no nosso modo de vida. S\u00e3o aqueles que v\u00eam para junto conosco fazerem um itiner\u00e1rio de busca de se conformar com o Senhor, respondendo ao chamado que sentem eu seu cora\u00e7\u00e3o.<\/p>\n<p>Desde o \u00faltimo final de semana (05-06\/02), eles j\u00e1 se encaminhavam para o Aspirantado. Durante a primeira semana realizaram as atividades de integra\u00e7\u00e3o e organiza\u00e7\u00e3o da casa. No \u00faltimo domingo (12\/02) deram mais um passo desse in\u00edcio sendo apresentados \u00e0 comunidade que costuma participar nas missas do Semin\u00e1rio aos domingos.<\/p>\n<p>E n\u00e3o pense o leitor que tal passo dado por esses jovens foi f\u00e1cil. Partilharam a inseguran\u00e7a, o medo, a saudade que circundou os seus cora\u00e7\u00f5es nos \u00faltimos dias. Esses mesmos sentimentos devem ter aparecido no cora\u00e7\u00e3o dos doze primeiros. Mas assim como eles, se lan\u00e7aram na resposta ao chamado do Senhor, buscando entender que para assumir algumas realidades \u00e9 preciso abrir m\u00e3o de outras, numa certeza entre escolha\/consequ\u00eancia que faz parte da vida.<\/p>\n<p>Mas esses sentimentos todos, aos poucos, se esvaem, pois ganha lugar a experi\u00eancia fraterna, a percep\u00e7\u00e3o do outro como dom e como limite e o modo como cada um deles mesmo tamb\u00e9m \u00e9 dom e limite. Al\u00e9m disso, a imers\u00e3o no nosso carisma, o contato com os textos franciscanos e formativos, a rotina de trabalhos e atividades apost\u00f3licas cunham um novo modo de vida que se lan\u00e7a para novas experi\u00eancias. Que Deus conceda a esses irm\u00e3os o reto discernimento. Aos confrades que os acompanhar\u00e3o nesta caminhada, desejamos sabedoria e entusiasmo!<\/p>\n<hr \/>\n<p><em>Frei Gabriel Dellandrea<\/em><\/p>\n","protected":false},"excerpt":{"rendered":"<p>Aspirantado <\/p>\n","protected":false},"author":3,"featured_media":242213,"comment_status":"open","ping_status":"open","sticky":false,"template":"","format":"standard","meta":[],"categories":[1],"tags":[650,2056],"acf":[],"yoast_head":"<!-- This site is optimized with the Yoast SEO plugin v19.2 - https:\/\/yoast.com\/wordpress\/plugins\/seo\/ -->\n<title>Jesus volta a reunir 12 novos disc\u00edpulos em 2023 - Not\u00edcias - Franciscanos<\/title>\n<meta name=\"robots\" content=\"index, follow, max-snippet:-1, max-image-preview:large, max-video-preview:-1\" \/>\n<link rel=\"canonical\" href=\"https:\/\/franciscanos.org.br\/noticias\/jesus-volta-a-reunir-12-novos-discipulos-em-2023.html\" \/>\n<meta property=\"og:locale\" content=\"pt_BR\" \/>\n<meta property=\"og:type\" content=\"article\" \/>\n<meta property=\"og:title\" content=\"Jesus volta a reunir 12 novos disc\u00edpulos em 2023 - Not\u00edcias - Franciscanos\" \/>\n<meta property=\"og:description\" content=\"Aspirantado\" \/>\n<meta property=\"og:url\" content=\"https:\/\/franciscanos.org.br\/noticias\/jesus-volta-a-reunir-12-novos-discipulos-em-2023.html\" \/>\n<meta property=\"og:site_name\" content=\"Not\u00edcias - Franciscanos\" \/>\n<meta property=\"article:published_time\" content=\"2023-02-13T11:46:29+00:00\" \/>\n<meta property=\"article:modified_time\" content=\"2025-03-10T18:28:38+00:00\" \/>\n<meta property=\"og:image\" content=\"https:\/\/franciscanos.org.br\/noticias\/wp-content\/uploads\/2023\/02\/ASPIRANTADO_13.jpg\" \/>\n\t<meta property=\"og:image:width\" content=\"1280\" \/>\n\t<meta property=\"og:image:height\" content=\"720\" \/>\n\t<meta property=\"og:image:type\" content=\"image\/jpeg\" \/>\n<meta name=\"author\" content=\"moacir\" \/>\n<meta name=\"twitter:card\" content=\"summary_large_image\" \/>\n<meta name=\"twitter:label1\" content=\"Escrito por\" \/>\n\t<meta name=\"twitter:data1\" content=\"moacir\" \/>\n\t<meta name=\"twitter:label2\" content=\"Est. tempo de leitura\" \/>\n\t<meta name=\"twitter:data2\" content=\"2 minutos\" \/>\n<script type=\"application\/ld+json\" class=\"yoast-schema-graph\">{\"@context\":\"https:\/\/schema.org\",\"@graph\":[{\"@type\":\"WebSite\",\"@id\":\"https:\/\/franciscanos.org.br\/noticias\/#website\",\"url\":\"https:\/\/franciscanos.org.br\/noticias\/\",\"name\":\"Not\u00edcias - Franciscanos\",\"description\":\"Prov\u00edncia Franciscana da Imaculada Concei\u00e7\u00e3o do Brasil - Ordem dos Frades Menores - OFM\",\"potentialAction\":[{\"@type\":\"SearchAction\",\"target\":{\"@type\":\"EntryPoint\",\"urlTemplate\":\"https:\/\/franciscanos.org.br\/noticias\/?s={search_term_string}\"},\"query-input\":\"required name=search_term_string\"}],\"inLanguage\":\"pt-BR\"},{\"@type\":\"ImageObject\",\"inLanguage\":\"pt-BR\",\"@id\":\"https:\/\/franciscanos.org.br\/noticias\/jesus-volta-a-reunir-12-novos-discipulos-em-2023.html#primaryimage\",\"url\":\"https:\/\/franciscanos.org.br\/noticias\/wp-content\/uploads\/2023\/02\/ASPIRANTADO_13.jpg\",\"contentUrl\":\"https:\/\/franciscanos.org.br\/noticias\/wp-content\/uploads\/2023\/02\/ASPIRANTADO_13.jpg\",\"width\":1280,\"height\":720},{\"@type\":\"WebPage\",\"@id\":\"https:\/\/franciscanos.org.br\/noticias\/jesus-volta-a-reunir-12-novos-discipulos-em-2023.html#webpage\",\"url\":\"https:\/\/franciscanos.org.br\/noticias\/jesus-volta-a-reunir-12-novos-discipulos-em-2023.html\",\"name\":\"Jesus volta a reunir 12 novos disc\u00edpulos em 2023 - Not\u00edcias - Franciscanos\",\"isPartOf\":{\"@id\":\"https:\/\/franciscanos.org.br\/noticias\/#website\"},\"primaryImageOfPage\":{\"@id\":\"https:\/\/franciscanos.org.br\/noticias\/jesus-volta-a-reunir-12-novos-discipulos-em-2023.html#primaryimage\"},\"datePublished\":\"2023-02-13T11:46:29+00:00\",\"dateModified\":\"2025-03-10T18:28:38+00:00\",\"author\":{\"@id\":\"https:\/\/franciscanos.org.br\/noticias\/#\/schema\/person\/b5c8cba458c330ccff548b056e95a5d4\"},\"breadcrumb\":{\"@id\":\"https:\/\/franciscanos.org.br\/noticias\/jesus-volta-a-reunir-12-novos-discipulos-em-2023.html#breadcrumb\"},\"inLanguage\":\"pt-BR\",\"potentialAction\":[{\"@type\":\"ReadAction\",\"target\":[\"https:\/\/franciscanos.org.br\/noticias\/jesus-volta-a-reunir-12-novos-discipulos-em-2023.html\"]}]},{\"@type\":\"BreadcrumbList\",\"@id\":\"https:\/\/franciscanos.org.br\/noticias\/jesus-volta-a-reunir-12-novos-discipulos-em-2023.html#breadcrumb\",\"itemListElement\":[{\"@type\":\"ListItem\",\"position\":1,\"name\":\"Home\",\"item\":\"https:\/\/franciscanos.org.br\/noticias\"},{\"@type\":\"ListItem\",\"position\":2,\"name\":\"Jesus volta a reunir 12 novos disc\u00edpulos em 2023\"}]},{\"@type\":\"Person\",\"@id\":\"https:\/\/franciscanos.org.br\/noticias\/#\/schema\/person\/b5c8cba458c330ccff548b056e95a5d4\",\"name\":\"moacir\",\"image\":{\"@type\":\"ImageObject\",\"inLanguage\":\"pt-BR\",\"@id\":\"https:\/\/franciscanos.org.br\/noticias\/#\/schema\/person\/image\/\",\"url\":\"https:\/\/secure.gravatar.com\/avatar\/d08aa2ce4c8dd416d4479aa8536fcf64?s=96&d=mm&r=g\",\"contentUrl\":\"https:\/\/secure.gravatar.com\/avatar\/d08aa2ce4c8dd416d4479aa8536fcf64?s=96&d=mm&r=g\",\"caption\":\"moacir\"},\"url\":\"https:\/\/franciscanos.org.br\/noticias\/author\/moacir\"}]}<\/script>\n<!-- \/ Yoast SEO plugin. -->","yoast_head_json":{"title":"Jesus volta a reunir 12 novos disc\u00edpulos em 2023 - Not\u00edcias - Franciscanos","robots":{"index":"index","follow":"follow","max-snippet":"max-snippet:-1","max-image-preview":"max-image-preview:large","max-video-preview":"max-video-preview:-1"},"canonical":"https:\/\/franciscanos.org.br\/noticias\/jesus-volta-a-reunir-12-novos-discipulos-em-2023.html","og_locale":"pt_BR","og_type":"article","og_title":"Jesus volta a reunir 12 novos disc\u00edpulos em 2023 - Not\u00edcias - Franciscanos","og_description":"Aspirantado","og_url":"https:\/\/franciscanos.org.br\/noticias\/jesus-volta-a-reunir-12-novos-discipulos-em-2023.html","og_site_name":"Not\u00edcias - Franciscanos","article_published_time":"2023-02-13T11:46:29+00:00","article_modified_time":"2025-03-10T18:28:38+00:00","og_image":[{"width":1280,"height":720,"url":"https:\/\/franciscanos.org.br\/noticias\/wp-content\/uploads\/2023\/02\/ASPIRANTADO_13.jpg","type":"image\/jpeg"}],"author":"moacir","twitter_card":"summary_large_image","twitter_misc":{"Escrito por":"moacir","Est. tempo de leitura":"2 minutos"},"schema":{"@context":"https:\/\/schema.org","@graph":[{"@type":"WebSite","@id":"https:\/\/franciscanos.org.br\/noticias\/#website","url":"https:\/\/franciscanos.org.br\/noticias\/","name":"Not\u00edcias - Franciscanos","description":"Prov\u00edncia Franciscana da Imaculada Concei\u00e7\u00e3o do Brasil - Ordem dos Frades Menores - OFM","potentialAction":[{"@type":"SearchAction","target":{"@type":"EntryPoint","urlTemplate":"https:\/\/franciscanos.org.br\/noticias\/?s={search_term_string}"},"query-input":"required name=search_term_string"}],"inLanguage":"pt-BR"},{"@type":"ImageObject","inLanguage":"pt-BR","@id":"https:\/\/franciscanos.org.br\/noticias\/jesus-volta-a-reunir-12-novos-discipulos-em-2023.html#primaryimage","url":"https:\/\/franciscanos.org.br\/noticias\/wp-content\/uploads\/2023\/02\/ASPIRANTADO_13.jpg","contentUrl":"https:\/\/franciscanos.org.br\/noticias\/wp-content\/uploads\/2023\/02\/ASPIRANTADO_13.jpg","width":1280,"height":720},{"@type":"WebPage","@id":"https:\/\/franciscanos.org.br\/noticias\/jesus-volta-a-reunir-12-novos-discipulos-em-2023.html#webpage","url":"https:\/\/franciscanos.org.br\/noticias\/jesus-volta-a-reunir-12-novos-discipulos-em-2023.html","name":"Jesus volta a reunir 12 novos disc\u00edpulos em 2023 - Not\u00edcias - Franciscanos","isPartOf":{"@id":"https:\/\/franciscanos.org.br\/noticias\/#website"},"primaryImageOfPage":{"@id":"https:\/\/franciscanos.org.br\/noticias\/jesus-volta-a-reunir-12-novos-discipulos-em-2023.html#primaryimage"},"datePublished":"2023-02-13T11:46:29+00:00","dateModified":"2025-03-10T18:28:38+00:00","author":{"@id":"https:\/\/franciscanos.org.br\/noticias\/#\/schema\/person\/b5c8cba458c330ccff548b056e95a5d4"},"breadcrumb":{"@id":"https:\/\/franciscanos.org.br\/noticias\/jesus-volta-a-reunir-12-novos-discipulos-em-2023.html#breadcrumb"},"inLanguage":"pt-BR","potentialAction":[{"@type":"ReadAction","target":["https:\/\/franciscanos.org.br\/noticias\/jesus-volta-a-reunir-12-novos-discipulos-em-2023.html"]}]},{"@type":"BreadcrumbList","@id":"https:\/\/franciscanos.org.br\/noticias\/jesus-volta-a-reunir-12-novos-discipulos-em-2023.html#breadcrumb","itemListElement":[{"@type":"ListItem","position":1,"name":"Home","item":"https:\/\/franciscanos.org.br\/noticias"},{"@type":"ListItem","position":2,"name":"Jesus volta a reunir 12 novos disc\u00edpulos em 2023"}]},{"@type":"Person","@id":"https:\/\/franciscanos.org.br\/noticias\/#\/schema\/person\/b5c8cba458c330ccff548b056e95a5d4","name":"moacir","image":{"@type":"ImageObject","inLanguage":"pt-BR","@id":"https:\/\/franciscanos.org.br\/noticias\/#\/schema\/person\/image\/","url":"https:\/\/secure.gravatar.com\/avatar\/d08aa2ce4c8dd416d4479aa8536fcf64?s=96&d=mm&r=g","contentUrl":"https:\/\/secure.gravatar.com\/avatar\/d08aa2ce4c8dd416d4479aa8536fcf64?s=96&d=mm&r=g","caption":"moacir"},"url":"https:\/\/franciscanos.org.br\/noticias\/author\/moacir"}]}},"_links":{"self":[{"href":"https:\/\/franciscanos.org.br\/noticias\/wp-json\/wp\/v2\/posts\/242212"}],"collection":[{"href":"https:\/\/franciscanos.org.br\/noticias\/wp-json\/wp\/v2\/posts"}],"about":[{"href":"https:\/\/franciscanos.org.br\/noticias\/wp-json\/wp\/v2\/types\/post"}],"author":[{"embeddable":true,"href":"https:\/\/franciscanos.org.br\/noticias\/wp-json\/wp\/v2\/users\/3"}],"replies":[{"embeddable":true,"href":"https:\/\/franciscanos.org.br\/noticias\/wp-json\/wp\/v2\/comments?post=242212"}],"version-history":[{"count":1,"href":"https:\/\/franciscanos.org.br\/noticias\/wp-json\/wp\/v2\/posts\/242212\/revisions"}],"predecessor-version":[{"id":242214,"href":"https:\/\/franciscanos.org.br\/noticias\/wp-json\/wp\/v2\/posts\/242212\/revisions\/242214"}],"wp:featuredmedia":[{"embeddable":true,"href":"https:\/\/franciscanos.org.br\/noticias\/wp-json\/wp\/v2\/media\/242213"}],"wp:attachment":[{"href":"https:\/\/franciscanos.org.br\/noticias\/wp-json\/wp\/v2\/media?parent=242212"}],"wp:term":[{"taxonomy":"category","embeddable":true,"href":"https:\/\/franciscanos.org.br\/noticias\/wp-json\/wp\/v2\/categories?post=242212"},{"taxonomy":"post_tag","embeddable":true,"href":"https:\/\/franciscanos.org.br\/noticias\/wp-json\/wp\/v2\/tags?post=242212"}],"curies":[{"name":"wp","href":"https:\/\/api.w.org\/{rel}","templated":true}]}}