{"id":242202,"date":"2023-02-12T09:30:19","date_gmt":"2023-02-12T12:30:19","guid":{"rendered":"https:\/\/franciscanos.org.br\/noticias\/?p=242202"},"modified":"2023-02-12T09:30:19","modified_gmt":"2023-02-12T12:30:19","slug":"papa-o-amor-da-sentido-aos-mandamentos-vai-alem-da-formalidade-da-lei","status":"publish","type":"post","link":"https:\/\/franciscanos.org.br\/noticias\/papa-o-amor-da-sentido-aos-mandamentos-vai-alem-da-formalidade-da-lei.html","title":{"rendered":"Papa: o amor d\u00e1 sentido aos mandamentos, vai al\u00e9m da formalidade da Lei"},"content":{"rendered":"<div id=\"attachment_242203\" style=\"width: 910px\" class=\"wp-caption alignnone\"><img aria-describedby=\"caption-attachment-242203\" loading=\"lazy\" class=\"wp-image-242203 size-full\" src=\"https:\/\/franciscanos.org.br\/noticias\/wp-content\/uploads\/2023\/02\/papa_angelus_12.jpg\" alt=\"\" width=\"900\" height=\"518\" srcset=\"https:\/\/franciscanos.org.br\/noticias\/wp-content\/uploads\/2023\/02\/papa_angelus_12.jpg 900w, https:\/\/franciscanos.org.br\/noticias\/wp-content\/uploads\/2023\/02\/papa_angelus_12-450x259.jpg 450w, https:\/\/franciscanos.org.br\/noticias\/wp-content\/uploads\/2023\/02\/papa_angelus_12-768x442.jpg 768w, https:\/\/franciscanos.org.br\/noticias\/wp-content\/uploads\/2023\/02\/papa_angelus_12-150x86.jpg 150w\" sizes=\"(max-width: 900px) 100vw, 900px\" \/><p id=\"caption-attachment-242203\" class=\"wp-caption-text\">\u00a0 \u00a0 \u00a0 \u00a0 \u00a0 \u00a0 \u00a0 \u00a0 \u00a0 \u00a0 \u00a0 \u00a0 \u00a0 \u00a0 \u00a0 \u00a0 \u00a0 \u00a0 \u00a0 \u00a0 \u00a0 \u00a0 \u00a0 \u00a0 \u00a0 \u00a0 \u00a0 \u00a0 \u00a0 \u00a0 \u00a0 \u00a0 \u00a0 \u00a0 \u00a0 \u00a0 \u00a0 \u00a0 \u00a0 \u00a0 \u00a0 \u00a0 \u00a0 \u00a0 \u00a0 \u00a0 \u00a0 \u00a0 \u00a0 \u00a0 \u00a0 \u00a0 \u00a0 \u00a0 \u00a0 \u00a0 \u00a0 \u00a0 \u00a0 \u00a0 \u00a0<em> \u00a0 \u00a0 Imagem: Vatican Media<\/em><\/p><\/div>\n<p>O Papa rezou a ora\u00e7\u00e3o do Angelus ao meio-dia deste VI Domingo do Tempo Comum, com os fi\u00e9is e peregrinos reunidos na Pra\u00e7a S\u00e3o Pedro. Na alocu\u00e7\u00e3o que precedeu a ora\u00e7\u00e3o mariana o Santo Padre ateve-se ao Evangelho do dia.<\/p>\n<p>No Evangelho da liturgia de hoje Jesus diz: &#8220;N\u00e3o penseis que vim para abolir a Lei ou os Profetas; n\u00e3o vim para abolir, mas para dar-lhes pleno cumprimento&#8221;. Dar cumprimento: esta \u00e9 uma palavra-chave para entender Jesus e sua mensagem. O que isso significa? Para explicar isso, disse Francisco, o Senhor come\u00e7a por dizer o que n\u00e3o \u00e9 cumprimento. A Escritura diz &#8220;n\u00e3o matar\u00e1s&#8221;, mas para Jesus isto n\u00e3o \u00e9 suficiente se depois se ferem os irm\u00e3os com as palavras; a Escritura diz &#8220;n\u00e3o cometer\u00e1s adult\u00e9rio&#8221;, mas isto n\u00e3o \u00e9 suficiente se depois se vive um amor manchado por duplicidade e falsidade; a Escritura diz &#8220;n\u00e3o jurar\u00e1s falsamente&#8221;, mas n\u00e3o \u00e9 suficiente fazer um juramento solene se depois se age com hipocrisia. Assim, n\u00e3o h\u00e1 cumprimento, observou o Santo Padre.<\/p>\n<p>Gratuidade do amor de Deus, que nos ama por primeiro<br \/>\nPara nos dar um exemplo concreto, Jesus se concentra no &#8220;rito da oferenda&#8221;. Ao fazer uma oferenda a Deus, se retribu\u00eda a gratuidade de seus dons; era um rito muito importante, tanto que era proibido interromp\u00ea-lo, exceto por motivos graves. Mas Jesus afirma que \u00e9 preciso interromp\u00ea-lo se um irm\u00e3o tem algo contra n\u00f3s, a fim de ir primeiro reconciliar-se com ele (cf. vv. 23-24): s\u00f3 ent\u00e3o o rito se cumpre. A mensagem \u00e9 clara, acrescentou: &#8220;Deus nos ama primeiro, gratuitamente, dando o primeiro passo em dire\u00e7\u00e3o a n\u00f3s sem que o mere\u00e7amos; e ent\u00e3o n\u00e3o podemos celebrar seu amor sem, por nossa vez, dar o primeiro passo para nos reconciliarmos com quem nos feriu. Assim, h\u00e1 cumprimento aos olhos de Deus, caso contr\u00e1rio, a observ\u00e2ncia externa, puramente ritual, \u00e9 in\u00fatil. Em outras palavras, Jesus nos faz compreender que as normas religiosas s\u00e3o \u00fateis, s\u00e3o boas, mas s\u00e3o apenas o come\u00e7o: para dar-lhes cumprimento, \u00e9 necess\u00e1rio ir al\u00e9m da letra e viver seu significado. Os mandamentos que Deus nos deu n\u00e3o devem ser trancafiados nos cofres asfixiantes da observ\u00e2ncia formal, caso contr\u00e1rio, permanecemos em uma religiosidade exterior e distante, servos de um &#8220;deus patr\u00e3o&#8221; e n\u00e3o filhos de Deus Pai&#8221;.<\/p>\n<p>O Pont\u00edfice ressaltou que este problema n\u00e3o existia apenas no tempo de Jesus, ele tamb\u00e9m est\u00e1 presente hoje.<\/p>\n<p>O amor de Deus por n\u00f3s, sem limites<br \/>\n\u00c0s vezes, por exemplo, ouvimos: &#8220;Padre, eu n\u00e3o matei, n\u00e3o roubei, n\u00e3o fiz mal a ningu\u00e9m&#8230; &#8220;, como se dissesse: &#8220;Eu estou bem&#8221;. A\u00ed est\u00e1 a observ\u00e2ncia formal, que se contenta com o m\u00ednimo indispens\u00e1vel, enquanto Jesus nos convida ao m\u00e1ximo poss\u00edvel. Lembremo-nos: Deus n\u00e3o raciocina por c\u00e1lculos e tabelas; Ele nos ama como um enamorado: n\u00e3o ao m\u00ednimo, mas ao m\u00e1ximo! Ele n\u00e3o nos diz: &#8220;Eu te amo at\u00e9 um certo ponto&#8221;. N\u00e3o, o amor verdadeiro nunca \u00e9 at\u00e9 um certo ponto e nunca se d\u00e1 por satisfeito; o amor vai al\u00e9m, n\u00e3o pode passar sem ele. O Senhor nos mostrou isto dando sua vida na cruz e perdoando seus assassinos. E ele nos confiou o mandamento que lhe \u00e9 mais caro: que nos amemos uns aos outros como Ele nos amou. Este \u00e9 o amor que d\u00e1 cumprimento \u00e0 Lei, \u00e0 f\u00e9, \u00e0 vida!<\/p>\n<p>A Virgem Maria nos ajude a cumprir nossa f\u00e9 e nossa caridade<\/p>\n<p>A este ponto, o Santo Padre questionou: &#8220;Como eu vivo a f\u00e9? \u00c9 uma quest\u00e3o de c\u00e1lculos, de formalismos, ou \u00e9 um caso de amor com Deus? Estou satisfeito por n\u00e3o fazer o mal, por manter a &#8220;fachada&#8221;, ou tento crescer no amor por Deus e pelos outros? E, de vez em quando, eu me pergunto sobre o grande mandamento de Jesus, me pergunto se amo meu pr\u00f3ximo como Ele me ama? Pois talvez sejamos inflex\u00edveis no julgamento aos outros e nos esque\u00e7amos de ser misericordiosos, como Deus \u00e9 conosco&#8221;.<\/p>\n<p>Francisco concluiu pedindo \u00e0 Virgem Maria, que observou perfeitamente a Palavra de Deus, que Ela nos ajude a cumprir nossa f\u00e9 e nossa caridade.<\/p>\n<hr \/>\n<p><em>Fonte: Vatican News (texto de Raimundo de Lima)<\/em><\/p>\n","protected":false},"excerpt":{"rendered":"<p>Angelus<\/p>\n","protected":false},"author":3,"featured_media":242203,"comment_status":"open","ping_status":"open","sticky":false,"template":"","format":"standard","meta":[],"categories":[1428],"tags":[403],"acf":[],"yoast_head":"<!-- This site is optimized with the Yoast SEO plugin v19.2 - https:\/\/yoast.com\/wordpress\/plugins\/seo\/ -->\n<title>Papa: o amor d\u00e1 sentido aos mandamentos, vai al\u00e9m da formalidade da Lei - Not\u00edcias - Franciscanos<\/title>\n<meta name=\"robots\" content=\"index, follow, max-snippet:-1, max-image-preview:large, max-video-preview:-1\" \/>\n<link rel=\"canonical\" href=\"https:\/\/franciscanos.org.br\/noticias\/papa-o-amor-da-sentido-aos-mandamentos-vai-alem-da-formalidade-da-lei.html\" \/>\n<meta property=\"og:locale\" content=\"pt_BR\" \/>\n<meta property=\"og:type\" content=\"article\" \/>\n<meta property=\"og:title\" content=\"Papa: o amor d\u00e1 sentido aos mandamentos, vai al\u00e9m da formalidade da Lei - Not\u00edcias - Franciscanos\" \/>\n<meta property=\"og:description\" content=\"Angelus\" \/>\n<meta property=\"og:url\" content=\"https:\/\/franciscanos.org.br\/noticias\/papa-o-amor-da-sentido-aos-mandamentos-vai-alem-da-formalidade-da-lei.html\" \/>\n<meta property=\"og:site_name\" content=\"Not\u00edcias - Franciscanos\" \/>\n<meta property=\"article:published_time\" content=\"2023-02-12T12:30:19+00:00\" \/>\n<meta property=\"og:image\" content=\"https:\/\/franciscanos.org.br\/noticias\/wp-content\/uploads\/2023\/02\/papa_angelus_12.jpg\" \/>\n\t<meta property=\"og:image:width\" content=\"900\" \/>\n\t<meta property=\"og:image:height\" content=\"518\" \/>\n\t<meta property=\"og:image:type\" content=\"image\/jpeg\" \/>\n<meta name=\"author\" content=\"moacir\" \/>\n<meta name=\"twitter:card\" content=\"summary_large_image\" \/>\n<meta name=\"twitter:label1\" content=\"Escrito por\" \/>\n\t<meta name=\"twitter:data1\" content=\"moacir\" \/>\n\t<meta name=\"twitter:label2\" content=\"Est. tempo de leitura\" \/>\n\t<meta name=\"twitter:data2\" content=\"4 minutos\" \/>\n<script type=\"application\/ld+json\" class=\"yoast-schema-graph\">{\"@context\":\"https:\/\/schema.org\",\"@graph\":[{\"@type\":\"WebSite\",\"@id\":\"https:\/\/franciscanos.org.br\/noticias\/#website\",\"url\":\"https:\/\/franciscanos.org.br\/noticias\/\",\"name\":\"Not\u00edcias - Franciscanos\",\"description\":\"Prov\u00edncia Franciscana da Imaculada Concei\u00e7\u00e3o do Brasil - Ordem dos Frades Menores - OFM\",\"potentialAction\":[{\"@type\":\"SearchAction\",\"target\":{\"@type\":\"EntryPoint\",\"urlTemplate\":\"https:\/\/franciscanos.org.br\/noticias\/?s={search_term_string}\"},\"query-input\":\"required name=search_term_string\"}],\"inLanguage\":\"pt-BR\"},{\"@type\":\"ImageObject\",\"inLanguage\":\"pt-BR\",\"@id\":\"https:\/\/franciscanos.org.br\/noticias\/papa-o-amor-da-sentido-aos-mandamentos-vai-alem-da-formalidade-da-lei.html#primaryimage\",\"url\":\"https:\/\/franciscanos.org.br\/noticias\/wp-content\/uploads\/2023\/02\/papa_angelus_12.jpg\",\"contentUrl\":\"https:\/\/franciscanos.org.br\/noticias\/wp-content\/uploads\/2023\/02\/papa_angelus_12.jpg\",\"width\":900,\"height\":518},{\"@type\":\"WebPage\",\"@id\":\"https:\/\/franciscanos.org.br\/noticias\/papa-o-amor-da-sentido-aos-mandamentos-vai-alem-da-formalidade-da-lei.html#webpage\",\"url\":\"https:\/\/franciscanos.org.br\/noticias\/papa-o-amor-da-sentido-aos-mandamentos-vai-alem-da-formalidade-da-lei.html\",\"name\":\"Papa: o amor d\u00e1 sentido aos mandamentos, vai al\u00e9m da formalidade da Lei - Not\u00edcias - Franciscanos\",\"isPartOf\":{\"@id\":\"https:\/\/franciscanos.org.br\/noticias\/#website\"},\"primaryImageOfPage\":{\"@id\":\"https:\/\/franciscanos.org.br\/noticias\/papa-o-amor-da-sentido-aos-mandamentos-vai-alem-da-formalidade-da-lei.html#primaryimage\"},\"datePublished\":\"2023-02-12T12:30:19+00:00\",\"dateModified\":\"2023-02-12T12:30:19+00:00\",\"author\":{\"@id\":\"https:\/\/franciscanos.org.br\/noticias\/#\/schema\/person\/b5c8cba458c330ccff548b056e95a5d4\"},\"breadcrumb\":{\"@id\":\"https:\/\/franciscanos.org.br\/noticias\/papa-o-amor-da-sentido-aos-mandamentos-vai-alem-da-formalidade-da-lei.html#breadcrumb\"},\"inLanguage\":\"pt-BR\",\"potentialAction\":[{\"@type\":\"ReadAction\",\"target\":[\"https:\/\/franciscanos.org.br\/noticias\/papa-o-amor-da-sentido-aos-mandamentos-vai-alem-da-formalidade-da-lei.html\"]}]},{\"@type\":\"BreadcrumbList\",\"@id\":\"https:\/\/franciscanos.org.br\/noticias\/papa-o-amor-da-sentido-aos-mandamentos-vai-alem-da-formalidade-da-lei.html#breadcrumb\",\"itemListElement\":[{\"@type\":\"ListItem\",\"position\":1,\"name\":\"Home\",\"item\":\"https:\/\/franciscanos.org.br\/noticias\"},{\"@type\":\"ListItem\",\"position\":2,\"name\":\"Papa: o amor d\u00e1 sentido aos mandamentos, vai al\u00e9m da formalidade da Lei\"}]},{\"@type\":\"Person\",\"@id\":\"https:\/\/franciscanos.org.br\/noticias\/#\/schema\/person\/b5c8cba458c330ccff548b056e95a5d4\",\"name\":\"moacir\",\"image\":{\"@type\":\"ImageObject\",\"inLanguage\":\"pt-BR\",\"@id\":\"https:\/\/franciscanos.org.br\/noticias\/#\/schema\/person\/image\/\",\"url\":\"https:\/\/secure.gravatar.com\/avatar\/d08aa2ce4c8dd416d4479aa8536fcf64?s=96&d=mm&r=g\",\"contentUrl\":\"https:\/\/secure.gravatar.com\/avatar\/d08aa2ce4c8dd416d4479aa8536fcf64?s=96&d=mm&r=g\",\"caption\":\"moacir\"},\"url\":\"https:\/\/franciscanos.org.br\/noticias\/author\/moacir\"}]}<\/script>\n<!-- \/ Yoast SEO plugin. -->","yoast_head_json":{"title":"Papa: o amor d\u00e1 sentido aos mandamentos, vai al\u00e9m da formalidade da Lei - Not\u00edcias - Franciscanos","robots":{"index":"index","follow":"follow","max-snippet":"max-snippet:-1","max-image-preview":"max-image-preview:large","max-video-preview":"max-video-preview:-1"},"canonical":"https:\/\/franciscanos.org.br\/noticias\/papa-o-amor-da-sentido-aos-mandamentos-vai-alem-da-formalidade-da-lei.html","og_locale":"pt_BR","og_type":"article","og_title":"Papa: o amor d\u00e1 sentido aos mandamentos, vai al\u00e9m da formalidade da Lei - Not\u00edcias - Franciscanos","og_description":"Angelus","og_url":"https:\/\/franciscanos.org.br\/noticias\/papa-o-amor-da-sentido-aos-mandamentos-vai-alem-da-formalidade-da-lei.html","og_site_name":"Not\u00edcias - Franciscanos","article_published_time":"2023-02-12T12:30:19+00:00","og_image":[{"width":900,"height":518,"url":"https:\/\/franciscanos.org.br\/noticias\/wp-content\/uploads\/2023\/02\/papa_angelus_12.jpg","type":"image\/jpeg"}],"author":"moacir","twitter_card":"summary_large_image","twitter_misc":{"Escrito por":"moacir","Est. tempo de leitura":"4 minutos"},"schema":{"@context":"https:\/\/schema.org","@graph":[{"@type":"WebSite","@id":"https:\/\/franciscanos.org.br\/noticias\/#website","url":"https:\/\/franciscanos.org.br\/noticias\/","name":"Not\u00edcias - Franciscanos","description":"Prov\u00edncia Franciscana da Imaculada Concei\u00e7\u00e3o do Brasil - Ordem dos Frades Menores - OFM","potentialAction":[{"@type":"SearchAction","target":{"@type":"EntryPoint","urlTemplate":"https:\/\/franciscanos.org.br\/noticias\/?s={search_term_string}"},"query-input":"required name=search_term_string"}],"inLanguage":"pt-BR"},{"@type":"ImageObject","inLanguage":"pt-BR","@id":"https:\/\/franciscanos.org.br\/noticias\/papa-o-amor-da-sentido-aos-mandamentos-vai-alem-da-formalidade-da-lei.html#primaryimage","url":"https:\/\/franciscanos.org.br\/noticias\/wp-content\/uploads\/2023\/02\/papa_angelus_12.jpg","contentUrl":"https:\/\/franciscanos.org.br\/noticias\/wp-content\/uploads\/2023\/02\/papa_angelus_12.jpg","width":900,"height":518},{"@type":"WebPage","@id":"https:\/\/franciscanos.org.br\/noticias\/papa-o-amor-da-sentido-aos-mandamentos-vai-alem-da-formalidade-da-lei.html#webpage","url":"https:\/\/franciscanos.org.br\/noticias\/papa-o-amor-da-sentido-aos-mandamentos-vai-alem-da-formalidade-da-lei.html","name":"Papa: o amor d\u00e1 sentido aos mandamentos, vai al\u00e9m da formalidade da Lei - Not\u00edcias - Franciscanos","isPartOf":{"@id":"https:\/\/franciscanos.org.br\/noticias\/#website"},"primaryImageOfPage":{"@id":"https:\/\/franciscanos.org.br\/noticias\/papa-o-amor-da-sentido-aos-mandamentos-vai-alem-da-formalidade-da-lei.html#primaryimage"},"datePublished":"2023-02-12T12:30:19+00:00","dateModified":"2023-02-12T12:30:19+00:00","author":{"@id":"https:\/\/franciscanos.org.br\/noticias\/#\/schema\/person\/b5c8cba458c330ccff548b056e95a5d4"},"breadcrumb":{"@id":"https:\/\/franciscanos.org.br\/noticias\/papa-o-amor-da-sentido-aos-mandamentos-vai-alem-da-formalidade-da-lei.html#breadcrumb"},"inLanguage":"pt-BR","potentialAction":[{"@type":"ReadAction","target":["https:\/\/franciscanos.org.br\/noticias\/papa-o-amor-da-sentido-aos-mandamentos-vai-alem-da-formalidade-da-lei.html"]}]},{"@type":"BreadcrumbList","@id":"https:\/\/franciscanos.org.br\/noticias\/papa-o-amor-da-sentido-aos-mandamentos-vai-alem-da-formalidade-da-lei.html#breadcrumb","itemListElement":[{"@type":"ListItem","position":1,"name":"Home","item":"https:\/\/franciscanos.org.br\/noticias"},{"@type":"ListItem","position":2,"name":"Papa: o amor d\u00e1 sentido aos mandamentos, vai al\u00e9m da formalidade da Lei"}]},{"@type":"Person","@id":"https:\/\/franciscanos.org.br\/noticias\/#\/schema\/person\/b5c8cba458c330ccff548b056e95a5d4","name":"moacir","image":{"@type":"ImageObject","inLanguage":"pt-BR","@id":"https:\/\/franciscanos.org.br\/noticias\/#\/schema\/person\/image\/","url":"https:\/\/secure.gravatar.com\/avatar\/d08aa2ce4c8dd416d4479aa8536fcf64?s=96&d=mm&r=g","contentUrl":"https:\/\/secure.gravatar.com\/avatar\/d08aa2ce4c8dd416d4479aa8536fcf64?s=96&d=mm&r=g","caption":"moacir"},"url":"https:\/\/franciscanos.org.br\/noticias\/author\/moacir"}]}},"_links":{"self":[{"href":"https:\/\/franciscanos.org.br\/noticias\/wp-json\/wp\/v2\/posts\/242202"}],"collection":[{"href":"https:\/\/franciscanos.org.br\/noticias\/wp-json\/wp\/v2\/posts"}],"about":[{"href":"https:\/\/franciscanos.org.br\/noticias\/wp-json\/wp\/v2\/types\/post"}],"author":[{"embeddable":true,"href":"https:\/\/franciscanos.org.br\/noticias\/wp-json\/wp\/v2\/users\/3"}],"replies":[{"embeddable":true,"href":"https:\/\/franciscanos.org.br\/noticias\/wp-json\/wp\/v2\/comments?post=242202"}],"version-history":[{"count":1,"href":"https:\/\/franciscanos.org.br\/noticias\/wp-json\/wp\/v2\/posts\/242202\/revisions"}],"predecessor-version":[{"id":242204,"href":"https:\/\/franciscanos.org.br\/noticias\/wp-json\/wp\/v2\/posts\/242202\/revisions\/242204"}],"wp:featuredmedia":[{"embeddable":true,"href":"https:\/\/franciscanos.org.br\/noticias\/wp-json\/wp\/v2\/media\/242203"}],"wp:attachment":[{"href":"https:\/\/franciscanos.org.br\/noticias\/wp-json\/wp\/v2\/media?parent=242202"}],"wp:term":[{"taxonomy":"category","embeddable":true,"href":"https:\/\/franciscanos.org.br\/noticias\/wp-json\/wp\/v2\/categories?post=242202"},{"taxonomy":"post_tag","embeddable":true,"href":"https:\/\/franciscanos.org.br\/noticias\/wp-json\/wp\/v2\/tags?post=242202"}],"curies":[{"name":"wp","href":"https:\/\/api.w.org\/{rel}","templated":true}]}}