{"id":242194,"date":"2023-02-09T12:49:17","date_gmt":"2023-02-09T15:49:17","guid":{"rendered":"https:\/\/franciscanos.org.br\/noticias\/?p=242194"},"modified":"2023-02-09T12:49:35","modified_gmt":"2023-02-09T15:49:35","slug":"paroquia-sao-luiz-gonzaga-inicia-as-obras-de-restauro-da-igreja-matriz","status":"publish","type":"post","link":"https:\/\/franciscanos.org.br\/noticias\/paroquia-sao-luiz-gonzaga-inicia-as-obras-de-restauro-da-igreja-matriz.html","title":{"rendered":"Par\u00f3quia S\u00e3o Luiz Gonzaga inicia as obras de restauro da Igreja Matriz"},"content":{"rendered":"<p><img loading=\"lazy\" class=\"alignnone size-full wp-image-242195\" src=\"https:\/\/franciscanos.org.br\/noticias\/wp-content\/uploads\/2023\/02\/xaxim_01.jpg\" alt=\"\" width=\"1280\" height=\"720\" srcset=\"https:\/\/franciscanos.org.br\/noticias\/wp-content\/uploads\/2023\/02\/xaxim_01.jpg 1280w, https:\/\/franciscanos.org.br\/noticias\/wp-content\/uploads\/2023\/02\/xaxim_01-450x253.jpg 450w, https:\/\/franciscanos.org.br\/noticias\/wp-content\/uploads\/2023\/02\/xaxim_01-1024x576.jpg 1024w, https:\/\/franciscanos.org.br\/noticias\/wp-content\/uploads\/2023\/02\/xaxim_01-768x432.jpg 768w, https:\/\/franciscanos.org.br\/noticias\/wp-content\/uploads\/2023\/02\/xaxim_01-150x84.jpg 150w\" sizes=\"(max-width: 1280px) 100vw, 1280px\" \/><\/p>\n<p>A Par\u00f3quia S\u00e3o Luiz Gonzaga realizou na noite da quarta-feira (08), a apresenta\u00e7\u00e3o do projeto de restauro da Igreja Matriz, que ser\u00e1 realizado at\u00e9 2024. Estiveram presentes lideran\u00e7as das comunidades, imprensa e autoridades.<\/p>\n<p>Na abertura do evento, o p\u00e1roco Frei Gilson Kammer agradeceu a presen\u00e7a de todos e ressaltou a import\u00e2ncia de conhecer este projeto, que \u00e9 o maior realizado na par\u00f3quia de Xaxim.<\/p>\n<p>Para a realiza\u00e7\u00e3o desta obra, a Par\u00f3quia contratou a empresa ARS Artes Sacras, especializada no trabalho de restauro de templos sagrados. O levantamento arquitet\u00f4nico foi realizado pela arquiteta Rosane Bianchi Schmitz, que apresentou os principais motivos da realiza\u00e7\u00e3o do restauro como as trincas, fissuras, racho, reboco descolando, madeiras deterioradas que, muitas vezes, n\u00e3o podem ser vistas \u00e0 dist\u00e2ncia, mas preocupam pela idade de 70 anos da obra.<\/p>\n<p><img loading=\"lazy\" class=\"alignnone size-full wp-image-242196\" src=\"https:\/\/franciscanos.org.br\/noticias\/wp-content\/uploads\/2023\/02\/xaxim_02.jpg\" alt=\"\" width=\"1280\" height=\"720\" srcset=\"https:\/\/franciscanos.org.br\/noticias\/wp-content\/uploads\/2023\/02\/xaxim_02.jpg 1280w, https:\/\/franciscanos.org.br\/noticias\/wp-content\/uploads\/2023\/02\/xaxim_02-450x253.jpg 450w, https:\/\/franciscanos.org.br\/noticias\/wp-content\/uploads\/2023\/02\/xaxim_02-1024x576.jpg 1024w, https:\/\/franciscanos.org.br\/noticias\/wp-content\/uploads\/2023\/02\/xaxim_02-768x432.jpg 768w, https:\/\/franciscanos.org.br\/noticias\/wp-content\/uploads\/2023\/02\/xaxim_02-150x84.jpg 150w\" sizes=\"(max-width: 1280px) 100vw, 1280px\" \/><\/p>\n<p>Os trabalhos de restauro se iniciaram na primeira semana de fevereiro com a prote\u00e7\u00e3o em frente \u00e0 Igreja Matriz e a constru\u00e7\u00e3o dos andaimes de madeira em frente \u00e0s torres. Conforme Ermindo Schuh, representante da empresa ARS Artes Sacras, este primeiro momento \u00e9 de estudos de cor da igreja para chegar o mais pr\u00f3ximo poss\u00edvel do que era antigamente. O material usado para o restauro externo \u00e9 a mica, somente uma empresa no Rio Grande do Sul ainda produz. Dessa forma, esse trabalho \u00e9 realizado com anteced\u00eancia. Para Ermindo, com este trabalho, a igreja n\u00e3o precisar\u00e1 passar por nenhuma obra em 60 anos.<\/p>\n<p>A obra de restauro tem dura\u00e7\u00e3o de 12 meses na parte externa, podendo se estender caso tenha muita chuva, n\u00e3o passando de um ano e meio. O investimento ser\u00e1 de mais de 1 milh\u00e3o de reais. Para coordena\u00e7\u00e3o dos trabalhos foram criadas comiss\u00f5es de arquitetura e engenharia, marketing, arrecada\u00e7\u00e3o, acompanhamento de obras e presta\u00e7\u00e3o de contas.<\/p>\n<p><img loading=\"lazy\" class=\"alignnone size-full wp-image-242197\" src=\"https:\/\/franciscanos.org.br\/noticias\/wp-content\/uploads\/2023\/02\/xaxim_03.jpg\" alt=\"\" width=\"1280\" height=\"1178\" srcset=\"https:\/\/franciscanos.org.br\/noticias\/wp-content\/uploads\/2023\/02\/xaxim_03.jpg 1174w, https:\/\/franciscanos.org.br\/noticias\/wp-content\/uploads\/2023\/02\/xaxim_03-450x414.jpg 450w, https:\/\/franciscanos.org.br\/noticias\/wp-content\/uploads\/2023\/02\/xaxim_03-1024x942.jpg 1024w, https:\/\/franciscanos.org.br\/noticias\/wp-content\/uploads\/2023\/02\/xaxim_03-768x707.jpg 768w, https:\/\/franciscanos.org.br\/noticias\/wp-content\/uploads\/2023\/02\/xaxim_03-150x138.jpg 150w\" sizes=\"(max-width: 1280px) 100vw, 1280px\" \/><\/p>\n<p>Para ajudar neste momento importante na obra de restauro do cart\u00e3o postal de Xaxim, \u00e9 realizada a 11\u00aa Festa de Frei Bruno. Voc\u00ea pode adquirir a a\u00e7\u00e3o entre amigos com sorteio de um Fiat Mobi 0KM. As doa\u00e7\u00f5es tamb\u00e9m podem ser realizadas atrav\u00e9s de carne de pagamento, boleto banc\u00e1rio, na secretaria paroquial e por PIX (paroquiaxaximrestauro@gmail.com).<\/p>\n<p>\u201c\u00c9 um momento importante para toda a comunidade, a nossa igreja merece esse cuidado, nossa cidade merece que ela esteja em condi\u00e7\u00f5es para as celebra\u00e7\u00f5es e para quem a visita\u201d, afirma o p\u00e1roco.<\/p>\n<hr \/>\n<p><em>Camila Mendo, pela Pascom da Par\u00f3quia S\u00e3o Luiz Gonzaga<\/em><\/p>\n","protected":false},"excerpt":{"rendered":"<p>Par\u00f3quia S\u00e3o Luiz Gonzaga<\/p>\n","protected":false},"author":3,"featured_media":242195,"comment_status":"open","ping_status":"open","sticky":false,"template":"","format":"standard","meta":[],"categories":[1],"tags":[1591],"acf":[],"yoast_head":"<!-- This site is optimized with the Yoast SEO plugin v19.2 - https:\/\/yoast.com\/wordpress\/plugins\/seo\/ -->\n<title>Par\u00f3quia S\u00e3o Luiz Gonzaga inicia as obras de restauro da Igreja Matriz - Not\u00edcias - Franciscanos<\/title>\n<meta name=\"robots\" content=\"index, follow, max-snippet:-1, max-image-preview:large, max-video-preview:-1\" \/>\n<link rel=\"canonical\" href=\"https:\/\/franciscanos.org.br\/noticias\/paroquia-sao-luiz-gonzaga-inicia-as-obras-de-restauro-da-igreja-matriz.html\" \/>\n<meta property=\"og:locale\" content=\"pt_BR\" \/>\n<meta property=\"og:type\" content=\"article\" \/>\n<meta property=\"og:title\" content=\"Par\u00f3quia S\u00e3o Luiz Gonzaga inicia as obras de restauro da Igreja Matriz - Not\u00edcias - Franciscanos\" \/>\n<meta property=\"og:description\" content=\"Par\u00f3quia S\u00e3o Luiz Gonzaga\" \/>\n<meta property=\"og:url\" content=\"https:\/\/franciscanos.org.br\/noticias\/paroquia-sao-luiz-gonzaga-inicia-as-obras-de-restauro-da-igreja-matriz.html\" \/>\n<meta property=\"og:site_name\" content=\"Not\u00edcias - Franciscanos\" \/>\n<meta property=\"article:published_time\" content=\"2023-02-09T15:49:17+00:00\" \/>\n<meta property=\"article:modified_time\" content=\"2023-02-09T15:49:35+00:00\" \/>\n<meta property=\"og:image\" content=\"https:\/\/franciscanos.org.br\/noticias\/wp-content\/uploads\/2023\/02\/xaxim_01.jpg\" \/>\n\t<meta property=\"og:image:width\" content=\"1280\" \/>\n\t<meta property=\"og:image:height\" content=\"720\" \/>\n\t<meta property=\"og:image:type\" content=\"image\/jpeg\" \/>\n<meta name=\"author\" content=\"moacir\" \/>\n<meta name=\"twitter:card\" content=\"summary_large_image\" \/>\n<meta name=\"twitter:label1\" content=\"Escrito por\" \/>\n\t<meta name=\"twitter:data1\" content=\"moacir\" \/>\n\t<meta name=\"twitter:label2\" content=\"Est. tempo de leitura\" \/>\n\t<meta name=\"twitter:data2\" content=\"2 minutos\" \/>\n<script type=\"application\/ld+json\" class=\"yoast-schema-graph\">{\"@context\":\"https:\/\/schema.org\",\"@graph\":[{\"@type\":\"WebSite\",\"@id\":\"https:\/\/franciscanos.org.br\/noticias\/#website\",\"url\":\"https:\/\/franciscanos.org.br\/noticias\/\",\"name\":\"Not\u00edcias - Franciscanos\",\"description\":\"Prov\u00edncia Franciscana da Imaculada Concei\u00e7\u00e3o do Brasil - Ordem dos Frades Menores - OFM\",\"potentialAction\":[{\"@type\":\"SearchAction\",\"target\":{\"@type\":\"EntryPoint\",\"urlTemplate\":\"https:\/\/franciscanos.org.br\/noticias\/?s={search_term_string}\"},\"query-input\":\"required name=search_term_string\"}],\"inLanguage\":\"pt-BR\"},{\"@type\":\"ImageObject\",\"inLanguage\":\"pt-BR\",\"@id\":\"https:\/\/franciscanos.org.br\/noticias\/paroquia-sao-luiz-gonzaga-inicia-as-obras-de-restauro-da-igreja-matriz.html#primaryimage\",\"url\":\"https:\/\/franciscanos.org.br\/noticias\/wp-content\/uploads\/2023\/02\/xaxim_01.jpg\",\"contentUrl\":\"https:\/\/franciscanos.org.br\/noticias\/wp-content\/uploads\/2023\/02\/xaxim_01.jpg\",\"width\":1280,\"height\":720},{\"@type\":\"WebPage\",\"@id\":\"https:\/\/franciscanos.org.br\/noticias\/paroquia-sao-luiz-gonzaga-inicia-as-obras-de-restauro-da-igreja-matriz.html#webpage\",\"url\":\"https:\/\/franciscanos.org.br\/noticias\/paroquia-sao-luiz-gonzaga-inicia-as-obras-de-restauro-da-igreja-matriz.html\",\"name\":\"Par\u00f3quia S\u00e3o Luiz Gonzaga inicia as obras de restauro da Igreja Matriz - Not\u00edcias - Franciscanos\",\"isPartOf\":{\"@id\":\"https:\/\/franciscanos.org.br\/noticias\/#website\"},\"primaryImageOfPage\":{\"@id\":\"https:\/\/franciscanos.org.br\/noticias\/paroquia-sao-luiz-gonzaga-inicia-as-obras-de-restauro-da-igreja-matriz.html#primaryimage\"},\"datePublished\":\"2023-02-09T15:49:17+00:00\",\"dateModified\":\"2023-02-09T15:49:35+00:00\",\"author\":{\"@id\":\"https:\/\/franciscanos.org.br\/noticias\/#\/schema\/person\/b5c8cba458c330ccff548b056e95a5d4\"},\"breadcrumb\":{\"@id\":\"https:\/\/franciscanos.org.br\/noticias\/paroquia-sao-luiz-gonzaga-inicia-as-obras-de-restauro-da-igreja-matriz.html#breadcrumb\"},\"inLanguage\":\"pt-BR\",\"potentialAction\":[{\"@type\":\"ReadAction\",\"target\":[\"https:\/\/franciscanos.org.br\/noticias\/paroquia-sao-luiz-gonzaga-inicia-as-obras-de-restauro-da-igreja-matriz.html\"]}]},{\"@type\":\"BreadcrumbList\",\"@id\":\"https:\/\/franciscanos.org.br\/noticias\/paroquia-sao-luiz-gonzaga-inicia-as-obras-de-restauro-da-igreja-matriz.html#breadcrumb\",\"itemListElement\":[{\"@type\":\"ListItem\",\"position\":1,\"name\":\"Home\",\"item\":\"https:\/\/franciscanos.org.br\/noticias\"},{\"@type\":\"ListItem\",\"position\":2,\"name\":\"Par\u00f3quia S\u00e3o Luiz Gonzaga inicia as obras de restauro da Igreja Matriz\"}]},{\"@type\":\"Person\",\"@id\":\"https:\/\/franciscanos.org.br\/noticias\/#\/schema\/person\/b5c8cba458c330ccff548b056e95a5d4\",\"name\":\"moacir\",\"image\":{\"@type\":\"ImageObject\",\"inLanguage\":\"pt-BR\",\"@id\":\"https:\/\/franciscanos.org.br\/noticias\/#\/schema\/person\/image\/\",\"url\":\"https:\/\/secure.gravatar.com\/avatar\/d08aa2ce4c8dd416d4479aa8536fcf64?s=96&d=mm&r=g\",\"contentUrl\":\"https:\/\/secure.gravatar.com\/avatar\/d08aa2ce4c8dd416d4479aa8536fcf64?s=96&d=mm&r=g\",\"caption\":\"moacir\"},\"url\":\"https:\/\/franciscanos.org.br\/noticias\/author\/moacir\"}]}<\/script>\n<!-- \/ Yoast SEO plugin. -->","yoast_head_json":{"title":"Par\u00f3quia S\u00e3o Luiz Gonzaga inicia as obras de restauro da Igreja Matriz - Not\u00edcias - Franciscanos","robots":{"index":"index","follow":"follow","max-snippet":"max-snippet:-1","max-image-preview":"max-image-preview:large","max-video-preview":"max-video-preview:-1"},"canonical":"https:\/\/franciscanos.org.br\/noticias\/paroquia-sao-luiz-gonzaga-inicia-as-obras-de-restauro-da-igreja-matriz.html","og_locale":"pt_BR","og_type":"article","og_title":"Par\u00f3quia S\u00e3o Luiz Gonzaga inicia as obras de restauro da Igreja Matriz - Not\u00edcias - Franciscanos","og_description":"Par\u00f3quia S\u00e3o Luiz Gonzaga","og_url":"https:\/\/franciscanos.org.br\/noticias\/paroquia-sao-luiz-gonzaga-inicia-as-obras-de-restauro-da-igreja-matriz.html","og_site_name":"Not\u00edcias - Franciscanos","article_published_time":"2023-02-09T15:49:17+00:00","article_modified_time":"2023-02-09T15:49:35+00:00","og_image":[{"width":1280,"height":720,"url":"https:\/\/franciscanos.org.br\/noticias\/wp-content\/uploads\/2023\/02\/xaxim_01.jpg","type":"image\/jpeg"}],"author":"moacir","twitter_card":"summary_large_image","twitter_misc":{"Escrito por":"moacir","Est. tempo de leitura":"2 minutos"},"schema":{"@context":"https:\/\/schema.org","@graph":[{"@type":"WebSite","@id":"https:\/\/franciscanos.org.br\/noticias\/#website","url":"https:\/\/franciscanos.org.br\/noticias\/","name":"Not\u00edcias - Franciscanos","description":"Prov\u00edncia Franciscana da Imaculada Concei\u00e7\u00e3o do Brasil - Ordem dos Frades Menores - OFM","potentialAction":[{"@type":"SearchAction","target":{"@type":"EntryPoint","urlTemplate":"https:\/\/franciscanos.org.br\/noticias\/?s={search_term_string}"},"query-input":"required name=search_term_string"}],"inLanguage":"pt-BR"},{"@type":"ImageObject","inLanguage":"pt-BR","@id":"https:\/\/franciscanos.org.br\/noticias\/paroquia-sao-luiz-gonzaga-inicia-as-obras-de-restauro-da-igreja-matriz.html#primaryimage","url":"https:\/\/franciscanos.org.br\/noticias\/wp-content\/uploads\/2023\/02\/xaxim_01.jpg","contentUrl":"https:\/\/franciscanos.org.br\/noticias\/wp-content\/uploads\/2023\/02\/xaxim_01.jpg","width":1280,"height":720},{"@type":"WebPage","@id":"https:\/\/franciscanos.org.br\/noticias\/paroquia-sao-luiz-gonzaga-inicia-as-obras-de-restauro-da-igreja-matriz.html#webpage","url":"https:\/\/franciscanos.org.br\/noticias\/paroquia-sao-luiz-gonzaga-inicia-as-obras-de-restauro-da-igreja-matriz.html","name":"Par\u00f3quia S\u00e3o Luiz Gonzaga inicia as obras de restauro da Igreja Matriz - Not\u00edcias - Franciscanos","isPartOf":{"@id":"https:\/\/franciscanos.org.br\/noticias\/#website"},"primaryImageOfPage":{"@id":"https:\/\/franciscanos.org.br\/noticias\/paroquia-sao-luiz-gonzaga-inicia-as-obras-de-restauro-da-igreja-matriz.html#primaryimage"},"datePublished":"2023-02-09T15:49:17+00:00","dateModified":"2023-02-09T15:49:35+00:00","author":{"@id":"https:\/\/franciscanos.org.br\/noticias\/#\/schema\/person\/b5c8cba458c330ccff548b056e95a5d4"},"breadcrumb":{"@id":"https:\/\/franciscanos.org.br\/noticias\/paroquia-sao-luiz-gonzaga-inicia-as-obras-de-restauro-da-igreja-matriz.html#breadcrumb"},"inLanguage":"pt-BR","potentialAction":[{"@type":"ReadAction","target":["https:\/\/franciscanos.org.br\/noticias\/paroquia-sao-luiz-gonzaga-inicia-as-obras-de-restauro-da-igreja-matriz.html"]}]},{"@type":"BreadcrumbList","@id":"https:\/\/franciscanos.org.br\/noticias\/paroquia-sao-luiz-gonzaga-inicia-as-obras-de-restauro-da-igreja-matriz.html#breadcrumb","itemListElement":[{"@type":"ListItem","position":1,"name":"Home","item":"https:\/\/franciscanos.org.br\/noticias"},{"@type":"ListItem","position":2,"name":"Par\u00f3quia S\u00e3o Luiz Gonzaga inicia as obras de restauro da Igreja Matriz"}]},{"@type":"Person","@id":"https:\/\/franciscanos.org.br\/noticias\/#\/schema\/person\/b5c8cba458c330ccff548b056e95a5d4","name":"moacir","image":{"@type":"ImageObject","inLanguage":"pt-BR","@id":"https:\/\/franciscanos.org.br\/noticias\/#\/schema\/person\/image\/","url":"https:\/\/secure.gravatar.com\/avatar\/d08aa2ce4c8dd416d4479aa8536fcf64?s=96&d=mm&r=g","contentUrl":"https:\/\/secure.gravatar.com\/avatar\/d08aa2ce4c8dd416d4479aa8536fcf64?s=96&d=mm&r=g","caption":"moacir"},"url":"https:\/\/franciscanos.org.br\/noticias\/author\/moacir"}]}},"_links":{"self":[{"href":"https:\/\/franciscanos.org.br\/noticias\/wp-json\/wp\/v2\/posts\/242194"}],"collection":[{"href":"https:\/\/franciscanos.org.br\/noticias\/wp-json\/wp\/v2\/posts"}],"about":[{"href":"https:\/\/franciscanos.org.br\/noticias\/wp-json\/wp\/v2\/types\/post"}],"author":[{"embeddable":true,"href":"https:\/\/franciscanos.org.br\/noticias\/wp-json\/wp\/v2\/users\/3"}],"replies":[{"embeddable":true,"href":"https:\/\/franciscanos.org.br\/noticias\/wp-json\/wp\/v2\/comments?post=242194"}],"version-history":[{"count":1,"href":"https:\/\/franciscanos.org.br\/noticias\/wp-json\/wp\/v2\/posts\/242194\/revisions"}],"predecessor-version":[{"id":242198,"href":"https:\/\/franciscanos.org.br\/noticias\/wp-json\/wp\/v2\/posts\/242194\/revisions\/242198"}],"wp:featuredmedia":[{"embeddable":true,"href":"https:\/\/franciscanos.org.br\/noticias\/wp-json\/wp\/v2\/media\/242195"}],"wp:attachment":[{"href":"https:\/\/franciscanos.org.br\/noticias\/wp-json\/wp\/v2\/media?parent=242194"}],"wp:term":[{"taxonomy":"category","embeddable":true,"href":"https:\/\/franciscanos.org.br\/noticias\/wp-json\/wp\/v2\/categories?post=242194"},{"taxonomy":"post_tag","embeddable":true,"href":"https:\/\/franciscanos.org.br\/noticias\/wp-json\/wp\/v2\/tags?post=242194"}],"curies":[{"name":"wp","href":"https:\/\/api.w.org\/{rel}","templated":true}]}}