{"id":242151,"date":"2023-02-04T07:33:57","date_gmt":"2023-02-04T10:33:57","guid":{"rendered":"https:\/\/franciscanos.org.br\/noticias\/?p=242151"},"modified":"2023-02-04T07:33:57","modified_gmt":"2023-02-04T10:33:57","slug":"sudao-do-sul-papa-ao-clero-sejam-pastores-armados-apenas-de-oracao-e-caridade","status":"publish","type":"post","link":"https:\/\/franciscanos.org.br\/noticias\/sudao-do-sul-papa-ao-clero-sejam-pastores-armados-apenas-de-oracao-e-caridade.html","title":{"rendered":"Sud\u00e3o do Sul. Papa ao clero: sejam pastores armados apenas de ora\u00e7\u00e3o e caridade"},"content":{"rendered":"<p><img loading=\"lazy\" class=\"alignnone size-full wp-image-242152\" src=\"https:\/\/franciscanos.org.br\/noticias\/wp-content\/uploads\/2023\/02\/sudao_04.jpeg\" alt=\"\" width=\"1500\" height=\"844\" srcset=\"https:\/\/franciscanos.org.br\/noticias\/wp-content\/uploads\/2023\/02\/sudao_04.jpeg 1500w, https:\/\/franciscanos.org.br\/noticias\/wp-content\/uploads\/2023\/02\/sudao_04-450x253.jpeg 450w, https:\/\/franciscanos.org.br\/noticias\/wp-content\/uploads\/2023\/02\/sudao_04-1024x576.jpeg 1024w, https:\/\/franciscanos.org.br\/noticias\/wp-content\/uploads\/2023\/02\/sudao_04-768x432.jpeg 768w, https:\/\/franciscanos.org.br\/noticias\/wp-content\/uploads\/2023\/02\/sudao_04-150x84.jpeg 150w\" sizes=\"(max-width: 1500px) 100vw, 1500px\" \/><\/p>\n<p>O primeiro compromisso do Papa Francisco na manh\u00e3 deste s\u00e1bado (04\/02) em Juba, foi o encontro com os bispos, os sacerdotes, os di\u00e1conos, os consagrados e as consagradas e seminaristas na Catedral de Santa Teresa.<\/p>\n<p>Ap\u00f3s os agradecimentos Francisco recordou que no discurso \u00e0s autoridades feito no dia anterior, buscou inspira\u00e7\u00e3o no curso das \u00e1guas do Nilo. \u201cAgora\u201d, disse o Papa, \u201cquero olhar de novo para as \u00e1guas do Nilo mas numa perspectiva b\u00edblica. Por um lado, no leito deste curso de \u00e1gua, vertem-se as l\u00e1grimas dum povo imerso no sofrimento e na dor, torturado pela viol\u00eancia; mas, por outro lado, as \u00e1guas do grande rio fazem-nos lembrar a hist\u00f3ria de Mois\u00e9s e, por isso, s\u00e3o sinal de liberta\u00e7\u00e3o e salva\u00e7\u00e3o. Na verdade\u201d, continuou, \u201cMois\u00e9s foi salvo daquelas \u00e1guas e, conduzindo o seu povo pelo meio do Mar Vermelho, tornou-se instrumento de liberta\u00e7\u00e3o, \u00edcone do socorro de Deus que v\u00ea a afli\u00e7\u00e3o dos seus filhos, ouve o seu clamor e desce para os libertar\u201d. Seguindo seu discurso o Papa explicou: \u201cTendo diante dos olhos a hist\u00f3ria de Mois\u00e9s, que guiou o Povo de Deus atrav\u00e9s do deserto, perguntemo-nos que significa ser ministros de Deus numa hist\u00f3ria permeada pela guerra, o \u00f3dio, a viol\u00eancia e a pobreza\u201d<\/p>\n<p><strong>Docilidade e Intercess\u00e3o<\/strong><br \/>\nTentando responder, o Papa disse que iria se deter em duas atitudes de Mois\u00e9s: a docilidade e a intercess\u00e3o. \u201cA primeira coisa que impressiona na hist\u00f3ria de Mois\u00e9s \u00e9 a sua docilidade \u00e0 iniciativa de Deus\u201d. Logo o Papa explica ainda que nem sempre foi assim. Um tempo tentara combater sozinho a injusti\u00e7a e a opress\u00e3o chegando ao ponto de decidir fazer justi\u00e7a sozinho, matando um eg\u00edpcio que estava a maltratar um judeu. Por isso teve que fugir permanecendo muitos anos no deserto. \u201cQual foi o erro de Mois\u00e9s? Pensar que era ele o centro, contando apenas com as suas for\u00e7as. Deste modo, por\u00e9m, ficou prisioneiro dos piores m\u00e9todos humanos, como aquele de responder \u00e0 viol\u00eancia com a viol\u00eancia\u201d.<\/p>\n<p>\u201cAlgo semelhante pode acontecer \u00e0s vezes tamb\u00e9m na nossa vida de sacerdotes, di\u00e1conos, religiosos e seminaristas: no fundo, pensamos que somos n\u00f3s o centro, que podemos confiar-nos \u2013 se n\u00e3o na teoria, pelo menos na pr\u00e1tica \u2013 quase exclusivamente \u00e0 nossa per\u00edcia\u201d. E esclarece: \u201cA nossa obra vem de Deus: Ele \u00e9 o Senhor e n\u00f3s somos chamados a ser instrumentos d\u00f3ceis nas suas m\u00e3os\u201d<\/p>\n<p>&#8220;Mois\u00e9s aprende isto quando, um dia, Deus vem ao seu encontro, aparecendo-lhe \u2018numa chama de fogo, no meio da sar\u00e7a\u2019. Mois\u00e9s deixa-se atrair, coloca-se numa atitude de docilidade deixando-se orientar pelo fasc\u00ednio daquele fogo\u201d.<\/p>\n<p><strong>A docilidade<\/strong><br \/>\n\u201cVemos aqui a docilidade que serve para o nosso minist\u00e9rio: aproximar-se de Deus cheios de maravilha e humildade, deixar-se atrair e guiar por Ele; dar a primazia n\u00e3o a n\u00f3s, mas a Deus, para nos confiarmos \u00e0 sua Palavra em vez de nos servir das nossas palavras, para acolhermos docilmente a sua iniciativa em vez de apostar nos nossos projetos pessoais e eclesiais\u201d. \u201cEste deixar-nos plasmar docilmente \u00e9 que nos faz viver de maneira renovada o minist\u00e9rio\u201d.<\/p>\n<p>\u201cEnt\u00e3o fa\u00e7amos como Mois\u00e9s na presen\u00e7a de Deus: descalcemos as sand\u00e1lias, com humilde respeito, despojemo-nos da nossa presun\u00e7\u00e3o humana, deixemo-nos atrair pelo Senhor e cultivemos o encontro com Ele na ora\u00e7\u00e3o\u201d.<\/p>\n<p><strong>Intercess\u00e3o<\/strong><br \/>\n\u201cPurificado e iluminado pelo fogo divino, Mois\u00e9s torna-se instrumento de salva\u00e7\u00e3o para o seu povo que sofre; a docilidade para com Deus torna-o capaz de interceder pelos irm\u00e3os. Aqui est\u00e1 a segunda atitude sobre a qual vos quero falar: a intercess\u00e3o. Deus compassivo&#8221;, explicou o Papa &#8220;n\u00e3o fica indiferente ao clamor do seu povo, mas desce para o libertar.&#8221; Destacando o verbo: \u201cdescer\u201d. \u201cDeus vem para o meio de n\u00f3s chegando ao ponto de assumir, em Jesus, a nossa carne, experimentar a nossa morte e descida \u00e0 mans\u00e3o dos mortos. Sempre desce para nos levantar\u201d. Com efeito, continua Francisco: \u201cinterceder n\u00e3o significa simplesmente \u2018rezar por algu\u00e9m\u2019, como muitas vezes pensamos. Etimologicamente significa \u2018dar um passo para o meio\u2019, dar um passo de modo a colocar-se no meio duma situa\u00e7\u00e3o\u201d, ou seja: \u201cInterceder \u00e9 descer para se colocar no meio do povo, \u2018fazer-se ponte\u2019 que o liga a Deus\u201d<\/p>\n<p>E Francisco dirige-se aos presentes exortando: \u201cOs pastores s\u00e3o chamados a desenvolver precisamente esta arte de \u2018caminhar no meio\u2019: no meio das tribula\u00e7\u00f5es e das l\u00e1grimas, no meio da fome de Deus e da sede de amor aos irm\u00e3os\u201d. Nunca devemos exercer o nosso minist\u00e9rio visando o prest\u00edgio religioso e social, mas caminhando juntos no meio do povo; \u00e9 colaborando entre n\u00f3s, ministros, e com os leigos que se aprende a ouvir e dialogar. \u201cQuero repetir aquela importante palavra\u201d, acrescenta Francisco: \u201cjuntos. Bispos e padres, padres e di\u00e1conos, pastores e seminaristas, ministros ordenados e religiosos (nutrindo sempre respeito pela maravilhosa especificidade da vida religiosa): \u201cProcuremos entre n\u00f3s vencer a tenta\u00e7\u00e3o do individualismo, dos interesses parciais\u201d<\/p>\n<p>\u201cVoltemos a Mois\u00e9s! E, para aprofundar a arte da intercess\u00e3o, ponhamos aten\u00e7\u00e3o nas suas m\u00e3os. A respeito delas, a Escritura oferece-nos tr\u00eas imagens: Mois\u00e9s com a vara na m\u00e3o, Mois\u00e9s com as m\u00e3os estendidas, Mois\u00e9s com as m\u00e3os erguidas para o c\u00e9u\u201d. \u201cA primeira imagem, Mois\u00e9s com o bast\u00e3o na m\u00e3o, diz-nos que ele intercede com a profecia\u201d. E Francisco faz um apelo: \u201cIrm\u00e3os e irm\u00e3s, para interceder a favor do nosso povo, tamb\u00e9m n\u00f3s somos chamados a erguer a voz contra a injusti\u00e7a e a prevarica\u00e7\u00e3o, que esmagam as pessoas e valem-se da viol\u00eancia para, \u00e0 sombra dos conflitos, melhor gerir os pr\u00f3prios neg\u00f3cios&#8221;.<\/p>\n<p>\u201cSe queremos ser Pastores que intercedem, n\u00e3o podemos permanecer neutrais face ao sofrimento provocado pela injusti\u00e7a e as viol\u00eancias, porque, onde quer que uma mulher ou um homem seja ferido nos seus direitos fundamentais, \u00e9 ofendido Cristo\u201d<\/p>\n<p>A segunda imagem: \u201cMois\u00e9s com as m\u00e3os estendidas\u201d. As suas m\u00e3os estendidas s\u00e3o o sinal de que Deus est\u00e1 prestes a intervir\u201d. \u201cAs suas m\u00e3os estendidas indicam a proximidade de Deus que est\u00e1 em a\u00e7\u00e3o e acompanha o seu povo. De fato, para libertar do mal, n\u00e3o basta a profecia, \u00e9 preciso estender os bra\u00e7os para os irm\u00e3os e irm\u00e3s, apoiar o seu caminho\u201d. \u201cTamb\u00e9m n\u00f3s temos esta tarefa: estender as m\u00e3os, incitar os irm\u00e3os, recordar-lhes que Deus \u00e9 fiel \u00e0s suas promessas, exort\u00e1-los a prosseguir&#8221;.<\/p>\n<p>\u201cAs nossas m\u00e3os foram \u2018ungidas com o Esp\u00edrito\u2019 n\u00e3o s\u00f3 para os ritos sagrados, mas tamb\u00e9m para encorajar, ajudar, acompanhar as pessoas a sair daquilo que as paralisa, isola, assusta\u201d<\/p>\n<p>\u201cPor fim, a terceira imagem: as m\u00e3os levantadas para o c\u00e9u. Quando o povo cai no pecado e constr\u00f3i um bezerro de ouro, Mois\u00e9s volta a subir ao Monte \u2013 pensemos nesta grande paci\u00eancia! \u2013 e pronuncia uma ora\u00e7\u00e3o que \u00e9 uma verdadeira luta com Deus para que n\u00e3o abandone Israel&#8221;. O Papa chama a aten\u00e7\u00e3o para o fato de que Mois\u00e9s, \u201ccoloca-se da parte do povo at\u00e9 ao fim, levanta a m\u00e3o em seu favor. N\u00e3o pensa em salvar-se sozinho, n\u00e3o vende o povo em troca dos seus interesses!\u201d. \u201cSustentar as lutas do povo com a ora\u00e7\u00e3o diante de Deus, atrair o perd\u00e3o, ministrar a reconcilia\u00e7\u00e3o como canais da miseric\u00f3rdia de Deus que perdoa os pecados: \u00e9 a nossa tarefa de intercessores!\u201d.<\/p>\n<p>Por fim o Papa conclui seu discurso afirmando: \u201cFa\u00e7o votos, queridos irm\u00e3os e irm\u00e3s, de que sejais sempre generosos Pastores e testemunhas, armados apenas de ora\u00e7\u00e3o e caridade, que docilmente se deixam surpreender pela gra\u00e7a de Deus e se tornam instrumentos de salva\u00e7\u00e3o para os outros; profetas de proximidade que acompanham o povo, intercessores com os bra\u00e7os erguidos\u201d.<\/p>\n<hr \/>\n<p><em>Fonte: Vatican News (texto de Jane Nogara)<\/em><\/p>\n","protected":false},"excerpt":{"rendered":"<p>Viagem Apost\u00f3lica<\/p>\n","protected":false},"author":3,"featured_media":242152,"comment_status":"open","ping_status":"open","sticky":false,"template":"","format":"standard","meta":[],"categories":[1428],"tags":[1140],"acf":[],"yoast_head":"<!-- This site is optimized with the Yoast SEO plugin v19.2 - https:\/\/yoast.com\/wordpress\/plugins\/seo\/ -->\n<title>Sud\u00e3o do Sul. Papa ao clero: sejam pastores armados apenas de ora\u00e7\u00e3o e caridade - Not\u00edcias - Franciscanos<\/title>\n<meta name=\"robots\" content=\"index, follow, max-snippet:-1, max-image-preview:large, max-video-preview:-1\" \/>\n<link rel=\"canonical\" href=\"https:\/\/franciscanos.org.br\/noticias\/sudao-do-sul-papa-ao-clero-sejam-pastores-armados-apenas-de-oracao-e-caridade.html\" \/>\n<meta property=\"og:locale\" content=\"pt_BR\" \/>\n<meta property=\"og:type\" content=\"article\" \/>\n<meta property=\"og:title\" content=\"Sud\u00e3o do Sul. Papa ao clero: sejam pastores armados apenas de ora\u00e7\u00e3o e caridade - Not\u00edcias - Franciscanos\" \/>\n<meta property=\"og:description\" content=\"Viagem Apost\u00f3lica\" \/>\n<meta property=\"og:url\" content=\"https:\/\/franciscanos.org.br\/noticias\/sudao-do-sul-papa-ao-clero-sejam-pastores-armados-apenas-de-oracao-e-caridade.html\" \/>\n<meta property=\"og:site_name\" content=\"Not\u00edcias - Franciscanos\" \/>\n<meta property=\"article:published_time\" content=\"2023-02-04T10:33:57+00:00\" \/>\n<meta property=\"og:image\" content=\"https:\/\/franciscanos.org.br\/noticias\/wp-content\/uploads\/2023\/02\/sudao_04.jpeg\" \/>\n\t<meta property=\"og:image:width\" content=\"1500\" \/>\n\t<meta property=\"og:image:height\" content=\"844\" \/>\n\t<meta property=\"og:image:type\" content=\"image\/jpeg\" \/>\n<meta name=\"author\" content=\"moacir\" \/>\n<meta name=\"twitter:card\" content=\"summary_large_image\" \/>\n<meta name=\"twitter:label1\" content=\"Escrito por\" \/>\n\t<meta name=\"twitter:data1\" content=\"moacir\" \/>\n\t<meta name=\"twitter:label2\" content=\"Est. tempo de leitura\" \/>\n\t<meta name=\"twitter:data2\" content=\"7 minutos\" \/>\n<script type=\"application\/ld+json\" class=\"yoast-schema-graph\">{\"@context\":\"https:\/\/schema.org\",\"@graph\":[{\"@type\":\"WebSite\",\"@id\":\"https:\/\/franciscanos.org.br\/noticias\/#website\",\"url\":\"https:\/\/franciscanos.org.br\/noticias\/\",\"name\":\"Not\u00edcias - Franciscanos\",\"description\":\"Prov\u00edncia Franciscana da Imaculada Concei\u00e7\u00e3o do Brasil - Ordem dos Frades Menores - OFM\",\"potentialAction\":[{\"@type\":\"SearchAction\",\"target\":{\"@type\":\"EntryPoint\",\"urlTemplate\":\"https:\/\/franciscanos.org.br\/noticias\/?s={search_term_string}\"},\"query-input\":\"required name=search_term_string\"}],\"inLanguage\":\"pt-BR\"},{\"@type\":\"ImageObject\",\"inLanguage\":\"pt-BR\",\"@id\":\"https:\/\/franciscanos.org.br\/noticias\/sudao-do-sul-papa-ao-clero-sejam-pastores-armados-apenas-de-oracao-e-caridade.html#primaryimage\",\"url\":\"https:\/\/franciscanos.org.br\/noticias\/wp-content\/uploads\/2023\/02\/sudao_04.jpeg\",\"contentUrl\":\"https:\/\/franciscanos.org.br\/noticias\/wp-content\/uploads\/2023\/02\/sudao_04.jpeg\",\"width\":1500,\"height\":844},{\"@type\":\"WebPage\",\"@id\":\"https:\/\/franciscanos.org.br\/noticias\/sudao-do-sul-papa-ao-clero-sejam-pastores-armados-apenas-de-oracao-e-caridade.html#webpage\",\"url\":\"https:\/\/franciscanos.org.br\/noticias\/sudao-do-sul-papa-ao-clero-sejam-pastores-armados-apenas-de-oracao-e-caridade.html\",\"name\":\"Sud\u00e3o do Sul. Papa ao clero: sejam pastores armados apenas de ora\u00e7\u00e3o e caridade - Not\u00edcias - Franciscanos\",\"isPartOf\":{\"@id\":\"https:\/\/franciscanos.org.br\/noticias\/#website\"},\"primaryImageOfPage\":{\"@id\":\"https:\/\/franciscanos.org.br\/noticias\/sudao-do-sul-papa-ao-clero-sejam-pastores-armados-apenas-de-oracao-e-caridade.html#primaryimage\"},\"datePublished\":\"2023-02-04T10:33:57+00:00\",\"dateModified\":\"2023-02-04T10:33:57+00:00\",\"author\":{\"@id\":\"https:\/\/franciscanos.org.br\/noticias\/#\/schema\/person\/b5c8cba458c330ccff548b056e95a5d4\"},\"breadcrumb\":{\"@id\":\"https:\/\/franciscanos.org.br\/noticias\/sudao-do-sul-papa-ao-clero-sejam-pastores-armados-apenas-de-oracao-e-caridade.html#breadcrumb\"},\"inLanguage\":\"pt-BR\",\"potentialAction\":[{\"@type\":\"ReadAction\",\"target\":[\"https:\/\/franciscanos.org.br\/noticias\/sudao-do-sul-papa-ao-clero-sejam-pastores-armados-apenas-de-oracao-e-caridade.html\"]}]},{\"@type\":\"BreadcrumbList\",\"@id\":\"https:\/\/franciscanos.org.br\/noticias\/sudao-do-sul-papa-ao-clero-sejam-pastores-armados-apenas-de-oracao-e-caridade.html#breadcrumb\",\"itemListElement\":[{\"@type\":\"ListItem\",\"position\":1,\"name\":\"Home\",\"item\":\"https:\/\/franciscanos.org.br\/noticias\"},{\"@type\":\"ListItem\",\"position\":2,\"name\":\"Sud\u00e3o do Sul. Papa ao clero: sejam pastores armados apenas de ora\u00e7\u00e3o e caridade\"}]},{\"@type\":\"Person\",\"@id\":\"https:\/\/franciscanos.org.br\/noticias\/#\/schema\/person\/b5c8cba458c330ccff548b056e95a5d4\",\"name\":\"moacir\",\"image\":{\"@type\":\"ImageObject\",\"inLanguage\":\"pt-BR\",\"@id\":\"https:\/\/franciscanos.org.br\/noticias\/#\/schema\/person\/image\/\",\"url\":\"https:\/\/secure.gravatar.com\/avatar\/d08aa2ce4c8dd416d4479aa8536fcf64?s=96&d=mm&r=g\",\"contentUrl\":\"https:\/\/secure.gravatar.com\/avatar\/d08aa2ce4c8dd416d4479aa8536fcf64?s=96&d=mm&r=g\",\"caption\":\"moacir\"},\"url\":\"https:\/\/franciscanos.org.br\/noticias\/author\/moacir\"}]}<\/script>\n<!-- \/ Yoast SEO plugin. -->","yoast_head_json":{"title":"Sud\u00e3o do Sul. Papa ao clero: sejam pastores armados apenas de ora\u00e7\u00e3o e caridade - Not\u00edcias - Franciscanos","robots":{"index":"index","follow":"follow","max-snippet":"max-snippet:-1","max-image-preview":"max-image-preview:large","max-video-preview":"max-video-preview:-1"},"canonical":"https:\/\/franciscanos.org.br\/noticias\/sudao-do-sul-papa-ao-clero-sejam-pastores-armados-apenas-de-oracao-e-caridade.html","og_locale":"pt_BR","og_type":"article","og_title":"Sud\u00e3o do Sul. Papa ao clero: sejam pastores armados apenas de ora\u00e7\u00e3o e caridade - Not\u00edcias - Franciscanos","og_description":"Viagem Apost\u00f3lica","og_url":"https:\/\/franciscanos.org.br\/noticias\/sudao-do-sul-papa-ao-clero-sejam-pastores-armados-apenas-de-oracao-e-caridade.html","og_site_name":"Not\u00edcias - Franciscanos","article_published_time":"2023-02-04T10:33:57+00:00","og_image":[{"width":1500,"height":844,"url":"https:\/\/franciscanos.org.br\/noticias\/wp-content\/uploads\/2023\/02\/sudao_04.jpeg","type":"image\/jpeg"}],"author":"moacir","twitter_card":"summary_large_image","twitter_misc":{"Escrito por":"moacir","Est. tempo de leitura":"7 minutos"},"schema":{"@context":"https:\/\/schema.org","@graph":[{"@type":"WebSite","@id":"https:\/\/franciscanos.org.br\/noticias\/#website","url":"https:\/\/franciscanos.org.br\/noticias\/","name":"Not\u00edcias - Franciscanos","description":"Prov\u00edncia Franciscana da Imaculada Concei\u00e7\u00e3o do Brasil - Ordem dos Frades Menores - OFM","potentialAction":[{"@type":"SearchAction","target":{"@type":"EntryPoint","urlTemplate":"https:\/\/franciscanos.org.br\/noticias\/?s={search_term_string}"},"query-input":"required name=search_term_string"}],"inLanguage":"pt-BR"},{"@type":"ImageObject","inLanguage":"pt-BR","@id":"https:\/\/franciscanos.org.br\/noticias\/sudao-do-sul-papa-ao-clero-sejam-pastores-armados-apenas-de-oracao-e-caridade.html#primaryimage","url":"https:\/\/franciscanos.org.br\/noticias\/wp-content\/uploads\/2023\/02\/sudao_04.jpeg","contentUrl":"https:\/\/franciscanos.org.br\/noticias\/wp-content\/uploads\/2023\/02\/sudao_04.jpeg","width":1500,"height":844},{"@type":"WebPage","@id":"https:\/\/franciscanos.org.br\/noticias\/sudao-do-sul-papa-ao-clero-sejam-pastores-armados-apenas-de-oracao-e-caridade.html#webpage","url":"https:\/\/franciscanos.org.br\/noticias\/sudao-do-sul-papa-ao-clero-sejam-pastores-armados-apenas-de-oracao-e-caridade.html","name":"Sud\u00e3o do Sul. Papa ao clero: sejam pastores armados apenas de ora\u00e7\u00e3o e caridade - Not\u00edcias - Franciscanos","isPartOf":{"@id":"https:\/\/franciscanos.org.br\/noticias\/#website"},"primaryImageOfPage":{"@id":"https:\/\/franciscanos.org.br\/noticias\/sudao-do-sul-papa-ao-clero-sejam-pastores-armados-apenas-de-oracao-e-caridade.html#primaryimage"},"datePublished":"2023-02-04T10:33:57+00:00","dateModified":"2023-02-04T10:33:57+00:00","author":{"@id":"https:\/\/franciscanos.org.br\/noticias\/#\/schema\/person\/b5c8cba458c330ccff548b056e95a5d4"},"breadcrumb":{"@id":"https:\/\/franciscanos.org.br\/noticias\/sudao-do-sul-papa-ao-clero-sejam-pastores-armados-apenas-de-oracao-e-caridade.html#breadcrumb"},"inLanguage":"pt-BR","potentialAction":[{"@type":"ReadAction","target":["https:\/\/franciscanos.org.br\/noticias\/sudao-do-sul-papa-ao-clero-sejam-pastores-armados-apenas-de-oracao-e-caridade.html"]}]},{"@type":"BreadcrumbList","@id":"https:\/\/franciscanos.org.br\/noticias\/sudao-do-sul-papa-ao-clero-sejam-pastores-armados-apenas-de-oracao-e-caridade.html#breadcrumb","itemListElement":[{"@type":"ListItem","position":1,"name":"Home","item":"https:\/\/franciscanos.org.br\/noticias"},{"@type":"ListItem","position":2,"name":"Sud\u00e3o do Sul. Papa ao clero: sejam pastores armados apenas de ora\u00e7\u00e3o e caridade"}]},{"@type":"Person","@id":"https:\/\/franciscanos.org.br\/noticias\/#\/schema\/person\/b5c8cba458c330ccff548b056e95a5d4","name":"moacir","image":{"@type":"ImageObject","inLanguage":"pt-BR","@id":"https:\/\/franciscanos.org.br\/noticias\/#\/schema\/person\/image\/","url":"https:\/\/secure.gravatar.com\/avatar\/d08aa2ce4c8dd416d4479aa8536fcf64?s=96&d=mm&r=g","contentUrl":"https:\/\/secure.gravatar.com\/avatar\/d08aa2ce4c8dd416d4479aa8536fcf64?s=96&d=mm&r=g","caption":"moacir"},"url":"https:\/\/franciscanos.org.br\/noticias\/author\/moacir"}]}},"_links":{"self":[{"href":"https:\/\/franciscanos.org.br\/noticias\/wp-json\/wp\/v2\/posts\/242151"}],"collection":[{"href":"https:\/\/franciscanos.org.br\/noticias\/wp-json\/wp\/v2\/posts"}],"about":[{"href":"https:\/\/franciscanos.org.br\/noticias\/wp-json\/wp\/v2\/types\/post"}],"author":[{"embeddable":true,"href":"https:\/\/franciscanos.org.br\/noticias\/wp-json\/wp\/v2\/users\/3"}],"replies":[{"embeddable":true,"href":"https:\/\/franciscanos.org.br\/noticias\/wp-json\/wp\/v2\/comments?post=242151"}],"version-history":[{"count":1,"href":"https:\/\/franciscanos.org.br\/noticias\/wp-json\/wp\/v2\/posts\/242151\/revisions"}],"predecessor-version":[{"id":242153,"href":"https:\/\/franciscanos.org.br\/noticias\/wp-json\/wp\/v2\/posts\/242151\/revisions\/242153"}],"wp:featuredmedia":[{"embeddable":true,"href":"https:\/\/franciscanos.org.br\/noticias\/wp-json\/wp\/v2\/media\/242152"}],"wp:attachment":[{"href":"https:\/\/franciscanos.org.br\/noticias\/wp-json\/wp\/v2\/media?parent=242151"}],"wp:term":[{"taxonomy":"category","embeddable":true,"href":"https:\/\/franciscanos.org.br\/noticias\/wp-json\/wp\/v2\/categories?post=242151"},{"taxonomy":"post_tag","embeddable":true,"href":"https:\/\/franciscanos.org.br\/noticias\/wp-json\/wp\/v2\/tags?post=242151"}],"curies":[{"name":"wp","href":"https:\/\/api.w.org\/{rel}","templated":true}]}}