{"id":242125,"date":"2007-04-03T19:19:37","date_gmt":"2007-04-03T22:19:37","guid":{"rendered":"https:\/\/franciscanos.org.br\/noticias\/?p=242125"},"modified":"2023-02-03T19:24:46","modified_gmt":"2023-02-03T22:24:46","slug":"frei-mario-o-sefras-nao-tem-caminho-de-volta","status":"publish","type":"post","link":"https:\/\/franciscanos.org.br\/noticias\/frei-mario-o-sefras-nao-tem-caminho-de-volta.html","title":{"rendered":"Frei M\u00e1rio: &#8220;O Sefras n\u00e3o tem caminho de volta&#8221;"},"content":{"rendered":"<p><img loading=\"lazy\" class=\"size-full wp-image-242127 aligncenter\" src=\"https:\/\/franciscanos.org.br\/noticias\/wp-content\/uploads\/2023\/02\/freimario_2007.jpeg\" alt=\"\" width=\"582\" height=\"291\" srcset=\"https:\/\/franciscanos.org.br\/noticias\/wp-content\/uploads\/2023\/02\/freimario_2007.jpeg 582w, https:\/\/franciscanos.org.br\/noticias\/wp-content\/uploads\/2023\/02\/freimario_2007-450x225.jpeg 450w, https:\/\/franciscanos.org.br\/noticias\/wp-content\/uploads\/2023\/02\/freimario_2007-150x75.jpeg 150w\" sizes=\"(max-width: 582px) 100vw, 582px\" \/><\/p>\n<p><em>Aos 53 anos, Frei M\u00e1rio Luiz Tagliari est\u00e1 envolvido em uma nova miss\u00e3o na Prov\u00edncia Franciscana da Imaculada Concei\u00e7\u00e3o do Brasil. Desta vez, o governo provincial exigiu um pouco mais deste ga\u00facho de Passo Fundo, que escolheu seguir os passos de S\u00e3o Francisco de Assis h\u00e1 30 anos: ser o respons\u00e1vel pela gest\u00e3o financeira da entidade. Nesta entrevista, Frei M\u00e1rio n\u00e3o esconde que \u00e9 um apaixonado pelo trabalho do Sefras e, como frade da Prov\u00edncia, aceitou o novo desafio com o cora\u00e7\u00e3o apertado. N\u00e3o \u00e9 para menos. Para ele, o Sefras foi uma nova motiva\u00e7\u00e3o vocacional em 25 anos de sacerd\u00f3cio. Frei M\u00e1rio tamb\u00e9m fala do processo de estrutura\u00e7\u00e3o do Sefras, da consolida\u00e7\u00e3o e reconhecimento na Prov\u00edncia, agradece seus colaboradores, frades, benfeitores e lembra ao novo animador do Sefras que o segredo \u00e9 trabalhar bem assessorado e em conjunto.\u00a0 <\/em><b><\/b><\/p>\n<p><strong>Por Moacir Beggo<br \/>\n<\/strong><\/p>\n<table border=\"0\" width=\"201\" cellspacing=\"6\" cellpadding=\"0\" align=\"left\">\n<tbody>\n<tr>\n<td><img loading=\"lazy\" src=\"https:\/\/web.archive.org\/web\/20090407092356im_\/http:\/\/www.franciscanos.org.br\/v3\/cultura\/entrevistas\/frmario_220807\/imagens\/03.jpg\" width=\"189\" height=\"173\" \/><\/td>\n<\/tr>\n<tr>\n<td bgcolor=\"#4BA2B6\">\n<div class=\"style16\" align=\"center\">Celebra\u00e7\u00e3o na Casa de Clara<\/div>\n<\/td>\n<\/tr>\n<tr>\n<td><img loading=\"lazy\" src=\"https:\/\/web.archive.org\/web\/20090407092356im_\/http:\/\/www.franciscanos.org.br\/v3\/cultura\/entrevistas\/frmario_220807\/imagens\/04.jpg\" width=\"189\" height=\"147\" \/><\/td>\n<\/tr>\n<tr>\n<td bgcolor=\"#4BA2B6\">\n<div align=\"center\"><span class=\"style16\">Celebra\u00e7\u00e3o no S\u00e3o Francisco<\/span><\/div>\n<\/td>\n<\/tr>\n<tr>\n<td><img loading=\"lazy\" src=\"https:\/\/web.archive.org\/web\/20090407092356im_\/http:\/\/www.franciscanos.org.br\/v3\/cultura\/entrevistas\/frmario_220807\/imagens\/05.jpg\" width=\"189\" height=\"170\" \/><\/td>\n<\/tr>\n<tr>\n<td bgcolor=\"#4BA2B6\">\n<div align=\"center\"><span class=\"style16\">Celebra\u00e7\u00e3o no S\u00e3o Francisco<\/span><\/div>\n<\/td>\n<\/tr>\n<tr>\n<td><img loading=\"lazy\" src=\"https:\/\/web.archive.org\/web\/20090407092356im_\/http:\/\/www.franciscanos.org.br\/v3\/cultura\/entrevistas\/frmario_220807\/imagens\/06.jpg\" width=\"189\" height=\"162\" \/><\/td>\n<\/tr>\n<tr>\n<td bgcolor=\"#4BA2B6\">\n<div align=\"center\"><span class=\"style16\">Na Casa de Clara<\/span><\/div>\n<\/td>\n<\/tr>\n<tr>\n<td><img src=\"https:\/\/web.archive.org\/web\/20090407092356im_\/http:\/\/www.franciscanos.org.br\/v3\/cultura\/entrevistas\/frmario_220807\/imagens\/09.jpg\" \/><\/td>\n<\/tr>\n<tr>\n<td bgcolor=\"#4BA2B6\">\n<div align=\"center\"><span class=\"style16\">No Cefran<\/span><\/div>\n<\/td>\n<\/tr>\n<tr>\n<td><img src=\"https:\/\/web.archive.org\/web\/20090407092356im_\/http:\/\/www.franciscanos.org.br\/v3\/cultura\/entrevistas\/frmario_220807\/imagens\/11.jpg\" \/><\/td>\n<\/tr>\n<tr>\n<td bgcolor=\"#4BA2B6\">\n<div align=\"center\"><span class=\"style16\">No Centro Infantil Clara de Assis<\/span><\/div>\n<\/td>\n<\/tr>\n<tr>\n<td><img src=\"https:\/\/web.archive.org\/web\/20090407092356im_\/http:\/\/www.franciscanos.org.br\/v3\/cultura\/entrevistas\/frmario_220807\/imagens\/12.jpg\" \/><\/td>\n<\/tr>\n<tr>\n<td bgcolor=\"#4BA2B6\">\n<div align=\"center\"><span class=\"style16\">No Cefran<\/span><\/div>\n<\/td>\n<\/tr>\n<tr>\n<td><img src=\"https:\/\/web.archive.org\/web\/20090407092356im_\/http:\/\/www.franciscanos.org.br\/v3\/cultura\/entrevistas\/frmario_220807\/imagens\/13.jpg\" \/><\/td>\n<\/tr>\n<tr>\n<td bgcolor=\"#4BA2B6\">\n<div align=\"center\"><span class=\"style16\">Retiro de Agudos<\/span><\/div>\n<\/td>\n<\/tr>\n<tr>\n<td><img src=\"https:\/\/web.archive.org\/web\/20090407092356im_\/http:\/\/www.franciscanos.org.br\/v3\/cultura\/entrevistas\/frmario_220807\/imagens\/14.jpg\" \/><\/td>\n<\/tr>\n<tr>\n<td bgcolor=\"#4BA2B6\">\n<div align=\"center\"><span class=\"style16\">No Centro Infantil<\/span><\/div>\n<\/td>\n<\/tr>\n<tr>\n<td><img src=\"https:\/\/web.archive.org\/web\/20090407092356im_\/http:\/\/www.franciscanos.org.br\/v3\/cultura\/entrevistas\/frmario_220807\/imagens\/10.jpg\" \/><\/td>\n<\/tr>\n<tr>\n<td bgcolor=\"#4BA2B6\">\n<div align=\"center\"><span class=\"style16\">Na festa do Cefran &#8211; 2006<\/span><\/div>\n<\/td>\n<\/tr>\n<tr>\n<td><img src=\"https:\/\/web.archive.org\/web\/20090407092356im_\/http:\/\/www.franciscanos.org.br\/v3\/cultura\/entrevistas\/frmario_220807\/imagens\/15.jpg\" \/><\/td>\n<\/tr>\n<tr>\n<td bgcolor=\"#4BA2B6\">\n<div align=\"center\"><span class=\"style16\">No Escrit\u00f3rio do Sefras<\/span><\/div>\n<\/td>\n<\/tr>\n<tr>\n<td><img loading=\"lazy\" src=\"https:\/\/web.archive.org\/web\/20090407092356im_\/http:\/\/www.franciscanos.org.br\/v3\/cultura\/entrevistas\/frmario_220807\/imagens\/07.jpg\" width=\"189\" height=\"144\" \/><\/td>\n<\/tr>\n<tr>\n<td bgcolor=\"#4BA2B6\">\n<div align=\"center\"><span class=\"style16\">Na festa do Cefran 2006<\/span><\/div>\n<\/td>\n<\/tr>\n<tr>\n<td><img src=\"https:\/\/web.archive.org\/web\/20090407092356im_\/http:\/\/www.franciscanos.org.br\/v3\/cultura\/entrevistas\/frmario_220807\/imagens\/16.jpg\" \/><\/td>\n<\/tr>\n<tr>\n<td bgcolor=\"#4BA2B6\">\n<div align=\"center\"><span class=\"style16\">No Grito dos Exclu\u00eddos<\/span><\/div>\n<\/td>\n<\/tr>\n<tr>\n<td><img src=\"https:\/\/web.archive.org\/web\/20090407092356im_\/http:\/\/www.franciscanos.org.br\/v3\/cultura\/entrevistas\/frmario_220807\/imagens\/17.jpg\" \/><\/td>\n<\/tr>\n<tr>\n<td bgcolor=\"#4BA2B6\">\n<div align=\"center\"><span class=\"style16\">No lan\u00e7amento do DVD do Cefran<\/span><\/div>\n<\/td>\n<\/tr>\n<tr>\n<td><img loading=\"lazy\" src=\"https:\/\/web.archive.org\/web\/20090407092356im_\/http:\/\/www.franciscanos.org.br\/v3\/cultura\/entrevistas\/frmario_220807\/imagens\/08.jpg\" width=\"189\" height=\"143\" \/><\/td>\n<\/tr>\n<tr>\n<td bgcolor=\"#4BA2B6\">\n<div align=\"center\"><span class=\"style16\">Na festa do Cefran 2006<\/span><\/div>\n<\/td>\n<\/tr>\n<tr>\n<td><img src=\"https:\/\/web.archive.org\/web\/20090407092356im_\/http:\/\/www.franciscanos.org.br\/v3\/cultura\/entrevistas\/frmario_220807\/imagens\/18.jpg\" \/><\/td>\n<\/tr>\n<tr>\n<td bgcolor=\"#4BA2B6\">\n<div align=\"center\"><span class=\"style16\">Semana da Paz<\/span><\/div>\n<\/td>\n<\/tr>\n<\/tbody>\n<\/table>\n<p><strong><span class=\"style18\">Site Franciscanos \u2013 Como come\u00e7ou sua experi\u00eancia no Sefras?<\/span><br \/>\n<span class=\"style18\">Frei M\u00e1rio Tagliari<\/span> <span class=\"style18\">\u2013<\/span> <\/strong>Na verdade, come\u00e7ou antes de at\u00e9 existir o nome Servi\u00e7o Franciscano de Solidariedade, ou seja, o SEFRAS. Desde a morte de Frei Reynaldo Amexeira, o fundador do Centro Franciscano de Luta contra a Aids (Cefran), intrigava-me o fato desta obra n\u00e3o ter um frade \u00e0 sua frente. Frei Jurandir, que era o ec\u00f4nomo provincial na \u00e9poca, delegou ao funcion\u00e1rio Betinho (Jos\u00e9 Roberto Pereira), a fun\u00e7\u00e3o de fazer a parte administrativa do Cefran. Al\u00e9m de Frei Reynaldo ser da minha turma, acompanhei de perto a cria\u00e7\u00e3o do Cefran. Estava na reuni\u00e3o do Convento S\u00e3o Francisco quando n\u00f3s, como fraternidade, acolhemos este trabalho. \u00c9 bom lembrar que foi numa \u00e9poca em que somente o fato de acolher um soropositivo no espa\u00e7o da igreja era inconceb\u00edvel. A doen\u00e7a estava na fase inicial e provocava muito preconceito. Mas a fraternidade se abriu e acolheu muito bem a proposta de Frei Reynaldo. O Cefran passou a funcionar dentro do Convento. Com o tempo, este projeto cresceu e se mudou para a nova sede na Rua Serra de Jair\u00e9, no bairro do Bel\u00e9m.<\/p>\n<p><span class=\"style18\"><strong>Site Franciscanos \u2013 Quando e como foi assumir o Cefran?<br \/>\nFrei M\u00e1rio \u2013 <\/strong><\/span>Em meados de 2001. De imediato, n\u00e3o quis assumir administrativamente o Cefran. Fiz quest\u00e3o de estar em contato com os soropositivos, usu\u00e1rios do projeto. Aos poucos fui me encantando com o trabalho de acolher, ajudar a cuidar, principalmente redescobrir o abra\u00e7o e o beijo de Francisco ao \u201cleproso\u201d. Como frade, estava diante de um desafio concreto, acolhendo, abra\u00e7ando e beijando um ser humano, homem ou mulher, independente do g\u00eanero, portador do v\u00edrus HIV, com seus familiares, e numa situa\u00e7\u00e3o de extrema pobreza. Foi ent\u00e3o que criei o Grupo de Espiritualidade e tive o apoio de Irm\u00e3 Isabel, franciscana de Ingostadt, para ajudar neste trabalho de ser presen\u00e7a franciscana no local.<\/p>\n<p><span class=\"style18\"><strong>Site Franciscanos \u2013 \u00a0Foi uma experi\u00eancia marcante em sua vida?<br \/>\nFrei M\u00e1rio \u2013 <\/strong><\/span>Sim. Foi o maior desafio e tomou conta da minha vida aos poucos. \u00a0Em primeiro lugar, precisei superar os preconceitos que carregava. Depois de tr\u00eas anos e meio \u00e0 frente do Sefras, como animador provincial, posso dizer que nos meus vinte e cinco anos de sacerd\u00f3cio &#8211; vou celebrar no ano que vem &#8211; foi uma nova descoberta como frade franciscano, como padre e como evangelizador. Encontrei uma motiva\u00e7\u00e3o muito forte na minha vida. Este trabalho no Sefras, come\u00e7ando pelo Cefran, marcou uma nova fase na minha vida como religioso franciscano. Ele me fez redescobrir o sentido de um sacerd\u00f3cio e de uma presen\u00e7a religiosa, que \u00e9 o de ser solid\u00e1rio e ter compaix\u00e3o pelo sofrimento humano.<\/p>\n<p><span class=\"style18\"><strong>Site Franciscanos \u2013 \u00a0Como foi o in\u00edcio como animador do Sefras?<br \/>\nFrei M\u00e1rio \u2013 <\/strong><\/span>Antes do Cap\u00edtulo Provincial, no final de 2003, viv\u00edamos um per\u00edodo efervescente na Prov\u00edncia com a prepara\u00e7\u00e3o do Plano de Evangeliza\u00e7\u00e3o, que tamb\u00e9m participei com um olhar t\u00e9cnico porque tinha feito, na Funda\u00e7\u00e3o Get\u00falio Vargas, o Curso de Administra\u00e7\u00e3o do Terceiro Setor. Nesta \u00e9poca, existia um Departamento de Obras Sociais ligado ao Secretariado de Evangeliza\u00e7\u00e3o. Frei Andr\u00e9 estava \u00e0 frente das obras em S\u00e3o Paulo, que ainda n\u00e3o estavam organizadas como Sefras. Na verdade eram tr\u00eas projetos sociais em S\u00e3o Paulo: Cefran e Comunidade Mission\u00e1ria do Povo de Rua, que funcionavam no Convento S\u00e3o Francisco, e depois a Educafro, que veio do Rio de Janeiro com Frei David. A partir da\u00ed come\u00e7amos ampliar e novos servi\u00e7os surgiram a partir desses existentes. Com o t\u00e9rmino do Cap\u00edtulo Provincial de 2003, o Congresso Capitular me nomeou como coordenador do Sefras, que estava se estruturando em S\u00e3o Paulo. Mas \u00e9 importante frisar que os frades, desde S\u00e3o Francisco de Assis, sempre estiveram envolvidos com trabalhos e quest\u00f5es sociais, especialmente com as pessoas mais exclu\u00eddas. Ent\u00e3o, o Cap\u00edtulo Provincial aprovou o Plano de Evangeliza\u00e7\u00e3o e\u00a0 assumi o Sefras no in\u00edcio de 2004. Com sete objetivos muito espec\u00edficos para o Departamento das Obras Sociais, descritos no Plano, pude trabalhar nestes tr\u00eas anos e meio na implanta\u00e7\u00e3o do Sefras.<\/p>\n<p><span class=\"style18\"><strong>Site Franciscanos \u2013 Que balan\u00e7o o Sr. faz deste tri\u00eanio (2004-2006) de implanta\u00e7\u00e3o do Sefras na Prov\u00edncia?<br \/>\nFrei M\u00e1rio<\/strong> \u2013<\/span> Posso at\u00e9 dizer que foi assustador o crescimento, a evolu\u00e7\u00e3o e o n\u00famero de fraternidades no Sefras. No final de 2003, havia 9 projetos em 3 cidades e hoje o Sefras est\u00e1 em 13 cidades, com 31 projetos. Alguns novos est\u00e3o em desenvolvimento, como os dois projetos no Semin\u00e1rio de Agudos. Este crescimento se deve ao fato de termos levado o Plano de Evangeliza\u00e7\u00e3o e seus objetivos, no que diz respeito ao ent\u00e3o chamado Departamento das Obras Sociais, muito a s\u00e9rio. E entre eles estava o de implantar o maior n\u00famero de projetos sociais poss\u00edveis na Prov\u00edncia e qualificar os funcion\u00e1rios e volunt\u00e1rios destes projetos sociais. Neste sentido, a forma\u00e7\u00e3o teve prioridade. Fiz quest\u00e3o de come\u00e7ar o trabalho com os Retiros Franciscanos \u2013 e a\u00ed vem a experi\u00eancia do tempo do Pr\u00f3-Voca\u00e7\u00f5es \u2013 para as pessoas que atuavam nos projetos sociais. Para mim, desde o come\u00e7o, estava muito claro: n\u00e3o far\u00edamos um trabalho social por si s\u00f3, mas como um modo diferente de evangeliza\u00e7\u00e3o. E para isso tinha de ter o suporte da m\u00edstica franciscana. Desde o in\u00edcio, contamos com a ajuda e a simpatia do Vig\u00e1rio Provincial, Frei Vit\u00f3rio (Mazzuco) em todos os eventos; com a ajuda de Frei R\u00e9gis, que trabalha na Secretaria da Prov\u00edncia; e com os frades, que aos poucos, foram se envolvendo com os trabalhos sociais. Hoje, a gente pode dizer que a m\u00edstica franciscana desembocou nos valores do Sefras. Este processo, na verdade, foi uma constru\u00e7\u00e3o coletiva, com pessoas fundamentais na assessoria t\u00e9cnica, como o Jos\u00e9 Carlos e a Fab\u00edola (Jos\u00e9 Carlos Freire e Fab\u00edola Teixeira) e tantos outras nesta \u00e1rea, que garantiram que o Plano de A\u00e7\u00e3o do Sefras fosse realmente um projeto de pol\u00edtica social da Prov\u00edncia. Ent\u00e3o, hoje, sem vangloriar, posso dizer que a Prov\u00edncia tem um Projeto Social muito definido.<\/p>\n<p><span class=\"style18\"><strong>Site Franciscanos \u2013 Ent\u00e3o, o Sefras realizou nestes tr\u00eas anos seus objetivos como pedia o Plano de Evangeliza\u00e7\u00e3o?<br \/>\nFrei M\u00e1rio<\/strong> \u2013 <\/span>Penso que tamb\u00e9m neste per\u00edodo o Sefras evoluiu muito. No Cap\u00edtulo Provincial de 2006 foi novamente revisto o Plano Operacional de todos os Departamentos e o Sefras deixou de ser um Departamento de Obras Sociais e passou a ser um Servi\u00e7o, ligado diretamente ao governo provincial. E o animador provincial passou a fazer parte do Conselho da Anima\u00e7\u00e3o da Prov\u00edncia. Essas conquistas, sem d\u00favida, deram-se ao longo desses tr\u00eas anos e meio de estrutura\u00e7\u00e3o, exatamente porque o \u00a0Sefras passou a ter credibilidade n\u00e3o s\u00f3 externamente, mas tamb\u00e9m dentro da pr\u00f3pria Prov\u00edncia. Foi um reconhecimento.<br \/>\n<span class=\"style18\"><br \/>\n<strong>Site Franciscanos \u2013 Mas nem todas as fraternidades t\u00eam projetos no Sefras? <\/strong><br \/>\n<strong>Frei M\u00e1rio<\/strong> \u2013<\/span> Se n\u00e3o criamos ou n\u00e3o implementamos maior n\u00famero de servi\u00e7os e de unidades prestadores de servi\u00e7o dentro do Sefras foi porque, desde o in\u00edcio, tive muito claro que o Sefras n\u00e3o \u00e9 uma decis\u00e3o de governo e que faz as fraternidades abrirem projetos \u00e0 for\u00e7a. Fazer uma interven\u00e7\u00e3o na \u00e1rea social \u00e9 sempre uma op\u00e7\u00e3o da fraternidade local, ou seja, dos frades. Deixo bem claro que a atua\u00e7\u00e3o do Sefras enquanto Prov\u00edncia \u00e9 de assessoria. Agora, sem d\u00favida, h\u00e1 um longo trabalho pela frente a ser feito. A forma\u00e7\u00e3o hoje, do frade, tamb\u00e9m passa pelo Sefras. Nos tempos de f\u00e9rias, os frades estudantes de Filosofia e Teologia fazem est\u00e1gio nas obras sociais, embora nas cidades onde existem os cursos, os estudantes atuem nos projetos o ano todo, como em Petr\u00f3polis e Curitiba. H\u00e1 tr\u00eas anos, os postulantes passam um m\u00eas em S\u00e3o Paulo fazendo uma experi\u00eancia bem concreta em obras como o Albergue, o Recifran. Ent\u00e3o, isso j\u00e1 est\u00e1 sendo assumido, pelos frades, como uma possibilidade concreta na forma\u00e7\u00e3o do frade. Na verdade, \u00e9 uma solicita\u00e7\u00e3o do Ministro Geral para a celebra\u00e7\u00e3o do 8\u00ba centen\u00e1rio da funda\u00e7\u00e3o da Ordem de estarmos juntos \u00e0s pessoas mais exclu\u00eddas de nosso tempo, atualizando o abra\u00e7o de Francisco ao \u201cleproso\u201d. Isso me faz lembrar do Projeto de Hansen\u00edase. A gente fala em \u201cabra\u00e7ar o leproso hoje\u201d pensando em outras situa\u00e7\u00f5es de exclus\u00e3o, mas \u00e9 bom n\u00e3o esquecer que a hansen\u00edase \u00e9 a mesma \u201clepra\u201d do tempo de S\u00e3o Francisco e est\u00e1 a\u00ed desafiando o Brasil, que \u00e9 um dos primeiros pa\u00edses com maior n\u00famero de casos no mundo. E n\u00f3s, atendendo ao desejo do Ministro Provincial (Frei Augusto Koenig), come\u00e7amos um projeto \u201cFranciscanos pela Elimina\u00e7\u00e3o da Hansen\u00edase\u201d que hoje tamb\u00e9m j\u00e1 tem uma caminhada muito bonita e est\u00e1 fazendo parceria com a Pastoral da Crian\u00e7a.<\/p>\n<p><span class=\"style18\"><strong>Site Franciscanos \u2013 O que o Sr. diria para o novo animador do Sefras?<br \/>\nFrei M\u00e1rio<\/strong> \u2013<\/span> No Retiro Provincial, que se encerrou no dia 19 de agosto na Fazenda da Esperan\u00e7a, no mesmo local em que o Papa esteve com os jovens em recupera\u00e7\u00e3o de drogas e durante a celebra\u00e7\u00e3o na bel\u00edssima Capela, passei oficialmente para o Frei Jos\u00e9 Francisco C\u00e1ssia dos Santos a fun\u00e7\u00e3o de animador provincial. O nome dele foi acolhido pelo governo provincial, digo acolhido porque foi a Assembl\u00e9ia do Sefras, que cada vez mais tem a participa\u00e7\u00e3o de leigos, sejam eles funcion\u00e1rios ou volunt\u00e1rios, que indicou uma lista tr\u00edplice de nomes para o governo provincial. Frei Jos\u00e9 Francisco encabe\u00e7ava esta lista e foi nomeado para o pr\u00f3ximo tri\u00eanio (2007-2009). O que digo para o Frei Jos\u00e9 \u00e9 que se deixe conduzir pelo Plano de A\u00e7\u00e3o do Sefras, que est\u00e1 delineado e tra\u00e7ado, e \u00e9 fruto deste bonito processo de constru\u00e7\u00e3o coletiva. Mas, claro, vai ter o colorido e o jeito dele. Uma quest\u00e3o que eu diria para o Frei Jos\u00e9, e que no fundo serve para todos n\u00f3s, frades,\u00a0 que n\u00f3s fomos preparados dentro de uma m\u00edstica franciscana para sermos religiosos e frades. E uma coisa que aprendi nestes tr\u00eas anos e meio \u00e9 que, em termos de a\u00e7\u00e3o social e assist\u00eancia social,\u00a0 temos de trabalhar com pessoas t\u00e9cnicas, capacitadas para isso. N\u00e3o \u00e9 conselho, mas eu diria que n\u00f3s n\u00e3o tenhamos a pretens\u00e3o de saber todas as respostas e sim contar com essa ajuda cada vez mais qualificada, de assessorias em todas as \u00e1reas. Mais importante \u00e9 sermos frades e presen\u00e7a de S\u00e3o Francisco nos trabalhos.<\/p>\n<p><span class=\"style18\"><strong>Site Franciscanos \u2013 Como \u00e9 exercer o cargo de Secret\u00e1rio de Administra\u00e7\u00e3o e Bens da Prov\u00edncia da Imaculada, al\u00e9m de ser Definidor, eleito no Cap\u00edtulo Provincial de 2006?<\/strong><br \/>\n<strong>Frei M\u00e1rio<\/strong> \u2013<\/span> No Cap\u00edtulo Provincial de 2006 fui eleito Definidor e depois, no Congresso Capitular, recaiu sobre mim o servi\u00e7o de assumir a coordena\u00e7\u00e3o do Secretariado de Administra\u00e7\u00e3o dos Bens da Prov\u00edncia. N\u00f3s, internamente, chamamos de ec\u00f4nomo da Prov\u00edncia. N\u00e3o estou sozinho neste trabalho. Tem mais tr\u00eas frades, direta e indiretamente ajudando nesta miss\u00e3o. Mas sem d\u00favida \u00e9 um trabalho bastante diferente do que eu vinha fazendo. N\u00e3o foi uma escolha minha, eu estou \u00e0 disposi\u00e7\u00e3o da Prov\u00edncia. Mas posso dizer, com sinceridade, que no Sefras estava plenamente feliz e realizado. De qualquer forma, n\u00e3o deixo de estar muito pr\u00f3ximo do Sefras porque, financeiramente falando, para pagar a conta do social tudo passa pelo Secretariado de Administra\u00e7\u00e3o. Ent\u00e3o, estaremos muito pr\u00f3ximos e entendendo muito mais os or\u00e7amentos e as dificuldades de cada servi\u00e7o e de cada fraternidade para fazer essa presta\u00e7\u00e3o qualificada. O secret\u00e1rio de Administra\u00e7\u00e3o dos Bens tamb\u00e9m participa do Conselho do Sefras, assim como o Animador Provincial do Sefras participa do Conselho Gestor da Prov\u00edncia. Essa comunica\u00e7\u00e3o \u00e9 fundamental. Os desafios, nesta \u00e1rea, s\u00e3o imensos, mas infelizmente os recursos s\u00e3o finitos.<\/p>\n<p><span class=\"style18\"><strong>Site Franciscanos &#8211; Fazer um trabalho social organizado requer or\u00e7amentos e estrutura?<\/strong><br \/>\n<strong>Frei M\u00e1rio<\/strong> &#8211;<\/span> Exatamente. N\u00e3o faltam desafios e necessidades na \u00e1rea social. Mas n\u00f3s temos de perceber muito concretamente nossas limita\u00e7\u00f5es em termos or\u00e7ament\u00e1rios. Ent\u00e3o, neste sentido, fazer o que for poss\u00edvel ser\u00e1 sempre o nosso objetivo e tentar buscar recursos para financiar aquilo que muitas vezes n\u00e3o temos possibilidades pr\u00f3ximas de n\u00f3s.<\/p>\n<p><span class=\"style18\"><strong>Site Franciscanos \u2013 O que o Sr. diria para as pessoas que conheceu neste universo social?<\/strong><br \/>\n<strong>Frei M\u00e1rio<\/strong> &#8211; <\/span>O n\u00famero de pessoas que, ao longo desses tr\u00eas anos e meio de Sefras e dois de Cefran, que o pr\u00f3prio tipo de trabalho me deu de presente, \u00e9 muito grande. Queria dizer para as pessoas um muito obrigado, Deus lhes pague. E dizer que toda solidariedade humana n\u00e3o \u00e9 em v\u00e3o, porque quando hospedamos algu\u00e9m, \u00e9 a Deus que hospedamos; quando abra\u00e7amos o humano solidariamente, \u00e9 a Deus que estamos abra\u00e7ando. Ent\u00e3o, muito obrigado \u00e0s pessoas que me ajudaram neste trabalho, seja financeiramente, na assessoria, no trabalho volunt\u00e1rio, na alian\u00e7a com quatro congrega\u00e7\u00f5es franciscanas femininas, aos funcion\u00e1rios e frades Que n\u00e3o deixem de participar e de continuar participando do Sefras. Tenham a certeza de que estarei sempre apoiando a todos como um apaixonado pelo trabalho do Sefras. Tenho certeza de que, hoje, o Sefras na Prov\u00edncia n\u00e3o tem mais caminho de volta. Ele vem, depois de 800 anos da morte de S\u00e3o Francisco, ser muito concretamente um modo, entre tantos outros, v\u00e1lidos tamb\u00e9m, de evangelizarmos a partir do sofrimento das pessoas.<\/p>\n","protected":false},"excerpt":{"rendered":"<p>Entrevista com Frei M\u00e1rio<\/p>\n","protected":false},"author":3,"featured_media":0,"comment_status":"open","ping_status":"open","sticky":false,"template":"","format":"standard","meta":[],"categories":[758],"tags":[2105,228],"acf":[],"yoast_head":"<!-- This site is optimized with the Yoast SEO plugin v19.2 - https:\/\/yoast.com\/wordpress\/plugins\/seo\/ -->\n<title>Frei M\u00e1rio: &quot;O Sefras n\u00e3o tem caminho de volta&quot; - Not\u00edcias - Franciscanos<\/title>\n<meta name=\"robots\" content=\"index, follow, max-snippet:-1, max-image-preview:large, max-video-preview:-1\" \/>\n<link rel=\"canonical\" href=\"https:\/\/franciscanos.org.br\/noticias\/frei-mario-o-sefras-nao-tem-caminho-de-volta.html\" \/>\n<meta property=\"og:locale\" content=\"pt_BR\" \/>\n<meta property=\"og:type\" content=\"article\" \/>\n<meta property=\"og:title\" content=\"Frei M\u00e1rio: &quot;O Sefras n\u00e3o tem caminho de volta&quot; - Not\u00edcias - Franciscanos\" \/>\n<meta property=\"og:description\" content=\"Entrevista com Frei M\u00e1rio\" \/>\n<meta property=\"og:url\" content=\"https:\/\/franciscanos.org.br\/noticias\/frei-mario-o-sefras-nao-tem-caminho-de-volta.html\" \/>\n<meta property=\"og:site_name\" content=\"Not\u00edcias - Franciscanos\" \/>\n<meta property=\"article:published_time\" content=\"2007-04-03T22:19:37+00:00\" \/>\n<meta property=\"article:modified_time\" content=\"2023-02-03T22:24:46+00:00\" \/>\n<meta property=\"og:image\" content=\"https:\/\/franciscanos.org.br\/noticias\/wp-content\/uploads\/2023\/02\/freimario_2007.jpeg\" \/>\n<meta name=\"author\" content=\"moacir\" \/>\n<meta name=\"twitter:card\" content=\"summary_large_image\" \/>\n<meta name=\"twitter:label1\" content=\"Escrito por\" \/>\n\t<meta name=\"twitter:data1\" content=\"moacir\" \/>\n\t<meta name=\"twitter:label2\" content=\"Est. tempo de leitura\" \/>\n\t<meta name=\"twitter:data2\" content=\"13 minutos\" \/>\n<script type=\"application\/ld+json\" class=\"yoast-schema-graph\">{\"@context\":\"https:\/\/schema.org\",\"@graph\":[{\"@type\":\"WebSite\",\"@id\":\"https:\/\/franciscanos.org.br\/noticias\/#website\",\"url\":\"https:\/\/franciscanos.org.br\/noticias\/\",\"name\":\"Not\u00edcias - Franciscanos\",\"description\":\"Prov\u00edncia Franciscana da Imaculada Concei\u00e7\u00e3o do Brasil - Ordem dos Frades Menores - OFM\",\"potentialAction\":[{\"@type\":\"SearchAction\",\"target\":{\"@type\":\"EntryPoint\",\"urlTemplate\":\"https:\/\/franciscanos.org.br\/noticias\/?s={search_term_string}\"},\"query-input\":\"required name=search_term_string\"}],\"inLanguage\":\"pt-BR\"},{\"@type\":\"ImageObject\",\"inLanguage\":\"pt-BR\",\"@id\":\"https:\/\/franciscanos.org.br\/noticias\/frei-mario-o-sefras-nao-tem-caminho-de-volta.html#primaryimage\",\"url\":\"https:\/\/franciscanos.org.br\/noticias\/wp-content\/uploads\/2023\/02\/freimario_2007.jpeg\",\"contentUrl\":\"https:\/\/franciscanos.org.br\/noticias\/wp-content\/uploads\/2023\/02\/freimario_2007.jpeg\",\"width\":582,\"height\":291},{\"@type\":\"WebPage\",\"@id\":\"https:\/\/franciscanos.org.br\/noticias\/frei-mario-o-sefras-nao-tem-caminho-de-volta.html#webpage\",\"url\":\"https:\/\/franciscanos.org.br\/noticias\/frei-mario-o-sefras-nao-tem-caminho-de-volta.html\",\"name\":\"Frei M\u00e1rio: \\\"O Sefras n\u00e3o tem caminho de volta\\\" - Not\u00edcias - Franciscanos\",\"isPartOf\":{\"@id\":\"https:\/\/franciscanos.org.br\/noticias\/#website\"},\"primaryImageOfPage\":{\"@id\":\"https:\/\/franciscanos.org.br\/noticias\/frei-mario-o-sefras-nao-tem-caminho-de-volta.html#primaryimage\"},\"datePublished\":\"2007-04-03T22:19:37+00:00\",\"dateModified\":\"2023-02-03T22:24:46+00:00\",\"author\":{\"@id\":\"https:\/\/franciscanos.org.br\/noticias\/#\/schema\/person\/b5c8cba458c330ccff548b056e95a5d4\"},\"breadcrumb\":{\"@id\":\"https:\/\/franciscanos.org.br\/noticias\/frei-mario-o-sefras-nao-tem-caminho-de-volta.html#breadcrumb\"},\"inLanguage\":\"pt-BR\",\"potentialAction\":[{\"@type\":\"ReadAction\",\"target\":[\"https:\/\/franciscanos.org.br\/noticias\/frei-mario-o-sefras-nao-tem-caminho-de-volta.html\"]}]},{\"@type\":\"BreadcrumbList\",\"@id\":\"https:\/\/franciscanos.org.br\/noticias\/frei-mario-o-sefras-nao-tem-caminho-de-volta.html#breadcrumb\",\"itemListElement\":[{\"@type\":\"ListItem\",\"position\":1,\"name\":\"Home\",\"item\":\"https:\/\/franciscanos.org.br\/noticias\"},{\"@type\":\"ListItem\",\"position\":2,\"name\":\"Frei M\u00e1rio: &#8220;O Sefras n\u00e3o tem caminho de volta&#8221;\"}]},{\"@type\":\"Person\",\"@id\":\"https:\/\/franciscanos.org.br\/noticias\/#\/schema\/person\/b5c8cba458c330ccff548b056e95a5d4\",\"name\":\"moacir\",\"image\":{\"@type\":\"ImageObject\",\"inLanguage\":\"pt-BR\",\"@id\":\"https:\/\/franciscanos.org.br\/noticias\/#\/schema\/person\/image\/\",\"url\":\"https:\/\/secure.gravatar.com\/avatar\/d08aa2ce4c8dd416d4479aa8536fcf64?s=96&d=mm&r=g\",\"contentUrl\":\"https:\/\/secure.gravatar.com\/avatar\/d08aa2ce4c8dd416d4479aa8536fcf64?s=96&d=mm&r=g\",\"caption\":\"moacir\"},\"url\":\"https:\/\/franciscanos.org.br\/noticias\/author\/moacir\"}]}<\/script>\n<!-- \/ Yoast SEO plugin. -->","yoast_head_json":{"title":"Frei M\u00e1rio: \"O Sefras n\u00e3o tem caminho de volta\" - Not\u00edcias - Franciscanos","robots":{"index":"index","follow":"follow","max-snippet":"max-snippet:-1","max-image-preview":"max-image-preview:large","max-video-preview":"max-video-preview:-1"},"canonical":"https:\/\/franciscanos.org.br\/noticias\/frei-mario-o-sefras-nao-tem-caminho-de-volta.html","og_locale":"pt_BR","og_type":"article","og_title":"Frei M\u00e1rio: \"O Sefras n\u00e3o tem caminho de volta\" - Not\u00edcias - Franciscanos","og_description":"Entrevista com Frei M\u00e1rio","og_url":"https:\/\/franciscanos.org.br\/noticias\/frei-mario-o-sefras-nao-tem-caminho-de-volta.html","og_site_name":"Not\u00edcias - Franciscanos","article_published_time":"2007-04-03T22:19:37+00:00","article_modified_time":"2023-02-03T22:24:46+00:00","og_image":[{"url":"https:\/\/franciscanos.org.br\/noticias\/wp-content\/uploads\/2023\/02\/freimario_2007.jpeg"}],"author":"moacir","twitter_card":"summary_large_image","twitter_misc":{"Escrito por":"moacir","Est. tempo de leitura":"13 minutos"},"schema":{"@context":"https:\/\/schema.org","@graph":[{"@type":"WebSite","@id":"https:\/\/franciscanos.org.br\/noticias\/#website","url":"https:\/\/franciscanos.org.br\/noticias\/","name":"Not\u00edcias - Franciscanos","description":"Prov\u00edncia Franciscana da Imaculada Concei\u00e7\u00e3o do Brasil - Ordem dos Frades Menores - OFM","potentialAction":[{"@type":"SearchAction","target":{"@type":"EntryPoint","urlTemplate":"https:\/\/franciscanos.org.br\/noticias\/?s={search_term_string}"},"query-input":"required name=search_term_string"}],"inLanguage":"pt-BR"},{"@type":"ImageObject","inLanguage":"pt-BR","@id":"https:\/\/franciscanos.org.br\/noticias\/frei-mario-o-sefras-nao-tem-caminho-de-volta.html#primaryimage","url":"https:\/\/franciscanos.org.br\/noticias\/wp-content\/uploads\/2023\/02\/freimario_2007.jpeg","contentUrl":"https:\/\/franciscanos.org.br\/noticias\/wp-content\/uploads\/2023\/02\/freimario_2007.jpeg","width":582,"height":291},{"@type":"WebPage","@id":"https:\/\/franciscanos.org.br\/noticias\/frei-mario-o-sefras-nao-tem-caminho-de-volta.html#webpage","url":"https:\/\/franciscanos.org.br\/noticias\/frei-mario-o-sefras-nao-tem-caminho-de-volta.html","name":"Frei M\u00e1rio: \"O Sefras n\u00e3o tem caminho de volta\" - Not\u00edcias - Franciscanos","isPartOf":{"@id":"https:\/\/franciscanos.org.br\/noticias\/#website"},"primaryImageOfPage":{"@id":"https:\/\/franciscanos.org.br\/noticias\/frei-mario-o-sefras-nao-tem-caminho-de-volta.html#primaryimage"},"datePublished":"2007-04-03T22:19:37+00:00","dateModified":"2023-02-03T22:24:46+00:00","author":{"@id":"https:\/\/franciscanos.org.br\/noticias\/#\/schema\/person\/b5c8cba458c330ccff548b056e95a5d4"},"breadcrumb":{"@id":"https:\/\/franciscanos.org.br\/noticias\/frei-mario-o-sefras-nao-tem-caminho-de-volta.html#breadcrumb"},"inLanguage":"pt-BR","potentialAction":[{"@type":"ReadAction","target":["https:\/\/franciscanos.org.br\/noticias\/frei-mario-o-sefras-nao-tem-caminho-de-volta.html"]}]},{"@type":"BreadcrumbList","@id":"https:\/\/franciscanos.org.br\/noticias\/frei-mario-o-sefras-nao-tem-caminho-de-volta.html#breadcrumb","itemListElement":[{"@type":"ListItem","position":1,"name":"Home","item":"https:\/\/franciscanos.org.br\/noticias"},{"@type":"ListItem","position":2,"name":"Frei M\u00e1rio: &#8220;O Sefras n\u00e3o tem caminho de volta&#8221;"}]},{"@type":"Person","@id":"https:\/\/franciscanos.org.br\/noticias\/#\/schema\/person\/b5c8cba458c330ccff548b056e95a5d4","name":"moacir","image":{"@type":"ImageObject","inLanguage":"pt-BR","@id":"https:\/\/franciscanos.org.br\/noticias\/#\/schema\/person\/image\/","url":"https:\/\/secure.gravatar.com\/avatar\/d08aa2ce4c8dd416d4479aa8536fcf64?s=96&d=mm&r=g","contentUrl":"https:\/\/secure.gravatar.com\/avatar\/d08aa2ce4c8dd416d4479aa8536fcf64?s=96&d=mm&r=g","caption":"moacir"},"url":"https:\/\/franciscanos.org.br\/noticias\/author\/moacir"}]}},"_links":{"self":[{"href":"https:\/\/franciscanos.org.br\/noticias\/wp-json\/wp\/v2\/posts\/242125"}],"collection":[{"href":"https:\/\/franciscanos.org.br\/noticias\/wp-json\/wp\/v2\/posts"}],"about":[{"href":"https:\/\/franciscanos.org.br\/noticias\/wp-json\/wp\/v2\/types\/post"}],"author":[{"embeddable":true,"href":"https:\/\/franciscanos.org.br\/noticias\/wp-json\/wp\/v2\/users\/3"}],"replies":[{"embeddable":true,"href":"https:\/\/franciscanos.org.br\/noticias\/wp-json\/wp\/v2\/comments?post=242125"}],"version-history":[{"count":3,"href":"https:\/\/franciscanos.org.br\/noticias\/wp-json\/wp\/v2\/posts\/242125\/revisions"}],"predecessor-version":[{"id":242131,"href":"https:\/\/franciscanos.org.br\/noticias\/wp-json\/wp\/v2\/posts\/242125\/revisions\/242131"}],"wp:attachment":[{"href":"https:\/\/franciscanos.org.br\/noticias\/wp-json\/wp\/v2\/media?parent=242125"}],"wp:term":[{"taxonomy":"category","embeddable":true,"href":"https:\/\/franciscanos.org.br\/noticias\/wp-json\/wp\/v2\/categories?post=242125"},{"taxonomy":"post_tag","embeddable":true,"href":"https:\/\/franciscanos.org.br\/noticias\/wp-json\/wp\/v2\/tags?post=242125"}],"curies":[{"name":"wp","href":"https:\/\/api.w.org\/{rel}","templated":true}]}}