{"id":242043,"date":"2023-02-01T11:21:50","date_gmt":"2023-02-01T14:21:50","guid":{"rendered":"https:\/\/franciscanos.org.br\/noticias\/?p=242043"},"modified":"2023-02-01T11:23:02","modified_gmt":"2023-02-01T14:23:02","slug":"cnbb-emite-nota-em-solidariedade-aos-yanomami-as-dores-de-cada-indigena-sao-tambem-da-igreja","status":"publish","type":"post","link":"https:\/\/franciscanos.org.br\/noticias\/cnbb-emite-nota-em-solidariedade-aos-yanomami-as-dores-de-cada-indigena-sao-tambem-da-igreja.html","title":{"rendered":"CNBB emite nota em solidariedade aos Yanomami: &#8220;As dores de cada ind\u00edgena s\u00e3o tamb\u00e9m da Igreja&#8221;"},"content":{"rendered":"<p><img loading=\"lazy\" class=\"alignnone size-full wp-image-242044\" src=\"https:\/\/franciscanos.org.br\/noticias\/wp-content\/uploads\/2023\/02\/cnbb_nota.png\" alt=\"\" width=\"1280\" height=\"679\" srcset=\"https:\/\/franciscanos.org.br\/noticias\/wp-content\/uploads\/2023\/02\/cnbb_nota.png 1280w, https:\/\/franciscanos.org.br\/noticias\/wp-content\/uploads\/2023\/02\/cnbb_nota-450x239.png 450w, https:\/\/franciscanos.org.br\/noticias\/wp-content\/uploads\/2023\/02\/cnbb_nota-1024x543.png 1024w, https:\/\/franciscanos.org.br\/noticias\/wp-content\/uploads\/2023\/02\/cnbb_nota-768x407.png 768w, https:\/\/franciscanos.org.br\/noticias\/wp-content\/uploads\/2023\/02\/cnbb_nota-150x80.png 150w\" sizes=\"(max-width: 1280px) 100vw, 1280px\" \/><\/p>\n<p>A Confer\u00eancia Nacional dos Bispos do Brasil (CNBB) divulgou nesta ter\u00e7a-feira, 31 de janeiro, uma nota intitulada \u201cEm defesa dos povos origin\u00e1rios\u201d motivada pela realidade vivida pelo povo Yanomami que, segundo o documento, \u00e9 a \u201cs\u00edntese da ofensiva contra os direitos dos povos ind\u00edgenas agravada nos \u00faltimos anos\u201d. A realidade, segundo a nota, foi denunciada pelo Conselho Indigenista Mission\u00e1rio (CIMI) em seu relat\u00f3rio anual.<\/p>\n<p>De acordo com a nota da presid\u00eancia da CNBB, \u201ca realidade vivida pelo povo Yanomami \u00e9, pois, s\u00edntese do que apresenta o relat\u00f3rio do CIMI. Os povos origin\u00e1rios, integrados \u00e0 natureza, t\u00eam sido desrespeitados de modo contumaz, a partir da gan\u00e2ncia, da explora\u00e7\u00e3o predat\u00f3ria do meio ambiente, que propaga a morte em nome do dinheiro\u201d.<\/p>\n<p>Essa realidade, defende a Confer\u00eancia, deve despertar santa indigna\u00e7\u00e3o no cora\u00e7\u00e3o de cada pessoa, especialmente dos crist\u00e3os, que n\u00e3o podem fazer da defesa da vida uma simples bandeira a ser erguida sob motiva\u00e7\u00e3o ideol\u00f3gica. \u201cA vida tem que ser efetivamente defendida, n\u00e3o apenas em uma etapa espec\u00edfica, mas em todo o seu curso. E a defesa da vida humana \u00e9 indissoci\u00e1vel do cuidado com o meio ambiente\u201d, reitera o documento.<\/p>\n<p>Na nota, a CNBB pede \u00e0s autoridades um adequado tratamento dedicado ao povo Yanomami e a cada comunidade ind\u00edgena presente no territ\u00f3rio brasileiro. A CNBB pede ainda que \u201cdiante da gravidade do que se verifica no Norte do Pa\u00eds, das mortes, principalmente de crian\u00e7as e de idosos, sejam apontados os respons\u00e1veis, para que a justi\u00e7a prevale\u00e7a\u201d.<\/p>\n<p>A CNBB refor\u00e7a que a Igreja Cat\u00f3lica no Brasil est\u00e1 unida ao povo Yanomami, solidariamente, com sua rede de comunidades de f\u00e9. \u201cAs dores de cada ind\u00edgena s\u00e3o tamb\u00e9m da Igreja, que, a partir de sua doutrina, do magist\u00e9rio do Papa Francisco, vem ensinando a import\u00e2ncia dos povos origin\u00e1rios na preserva\u00e7\u00e3o do planeta\u201d.<\/p>\n<p>Conhe\u00e7a, abaixo, a \u00edntegra da nota:<\/p>\n<p style=\"padding-left: 40px;\"><strong>Em defesa dos povos origin\u00e1rios<\/strong><br \/>\n<em>A ofensiva contra os direitos dos povos ind\u00edgenas, agravada nos \u00faltimos anos, foi denunciada pelo Conselho Indigenista Mission\u00e1rio (CIMI), em seu relat\u00f3rio anual. A realidade vivida pelo povo Yanomami \u00e9, pois, s\u00edntese do que apresenta o relat\u00f3rio do CIMI. Os povos origin\u00e1rios, integrados \u00e0 natureza, t\u00eam sido desrespeitados de modo contumaz, a partir da gan\u00e2ncia, da explora\u00e7\u00e3o predat\u00f3ria do meio ambiente, que propaga a morte em nome do dinheiro.<\/em><\/p>\n<p style=\"padding-left: 40px;\"><em>Essa realidade deve despertar santa indigna\u00e7\u00e3o no cora\u00e7\u00e3o de cada pessoa, especialmente dos crist\u00e3os, que n\u00e3o podem fazer da defesa da vida uma simples bandeira a ser erguida sob motiva\u00e7\u00e3o ideol\u00f3gica. A vida tem que ser efetivamente defendida, n\u00e3o apenas em uma etapa espec\u00edfica, mas em todo o seu curso. E a defesa da vida humana \u00e9 indissoci\u00e1vel do cuidado com o meio ambiente.<\/em><\/p>\n<p style=\"padding-left: 40px;\"><em>A CNBB pede \u00e0s autoridades um adequado tratamento dedicado ao povo Yanomami e a cada comunidade ind\u00edgena presente no territ\u00f3rio brasileiro. Diante da gravidade do que se verifica no Norte do Pa\u00eds, das mortes, principalmente de crian\u00e7as e de idosos, sejam apontados os respons\u00e1veis, para que a justi\u00e7a prevale\u00e7a. O genoc\u00eddio dos Yanomamis seja cap\u00edtulo nunca esquecido na hist\u00f3ria do Brasil, para que n\u00e3o se repita crime semelhante contra a vida de nossos irm\u00e3os.<\/em><\/p>\n<p style=\"padding-left: 40px;\"><em>A Igreja Cat\u00f3lica no Brasil est\u00e1 unida ao povo Yanomami, solidariamente, com sua rede de comunidades de f\u00e9. As dores de cada ind\u00edgena s\u00e3o tamb\u00e9m da Igreja, que, a partir de sua doutrina, do magist\u00e9rio do Papa Francisco, vem ensinando a import\u00e2ncia dos povos origin\u00e1rios na preserva\u00e7\u00e3o do planeta.<\/em><\/p>\n<p style=\"padding-left: 40px;\"><em>O momento \u00e9 de tristeza e desola\u00e7\u00e3o, mas a Igreja Cat\u00f3lica continuar\u00e1 a trabalhar, intensificando sempre mais as suas a\u00e7\u00f5es, em uni\u00e3o com muitos segmentos da sociedade e do poder p\u00fablico, para que prevale\u00e7a a esperan\u00e7a, confiante de que cada Yanomami ser\u00e1 respeitado em sua dignidade de filho e filha de Deus.<\/em><\/p>\n<p>Bras\u00edlia-DF, 31 de janeiro de 2023<\/p>\n<p><strong>Dom Walmor Oliveira de Azevedo<\/strong><br \/>\nArcebispo de Belo Horizonte (MG)<br \/>\nPresidente da CNBB<\/p>\n<p><strong>Dom Jaime Spengler<\/strong><br \/>\nArcebispo de Porto Alegre (RS)<br \/>\nPrimeiro Vice-Presidente da CNBB<\/p>\n<p><strong>Dom M\u00e1rio Ant\u00f4nio da Silva<\/strong><br \/>\nArcebispo de Cuiab\u00e1 (MT)<br \/>\nSegundo Vice-Presidente da CNBB<\/p>\n<p><strong>Dom Joel Portella Amado<\/strong><br \/>\nBispo auxiliar da arquidiocese de S\u00e3o Sebasti\u00e3o do Rio de Janeiro (RJ)<br \/>\nSecret\u00e1rio-geral da CNBB<\/p>\n","protected":false},"excerpt":{"rendered":"<p>Mensagem da CNBB<\/p>\n","protected":false},"author":3,"featured_media":242046,"comment_status":"open","ping_status":"open","sticky":false,"template":"","format":"standard","meta":[],"categories":[1],"tags":[1796],"acf":[],"yoast_head":"<!-- This site is optimized with the Yoast SEO plugin v19.2 - https:\/\/yoast.com\/wordpress\/plugins\/seo\/ -->\n<title>CNBB emite nota em solidariedade aos Yanomami: &quot;As dores de cada ind\u00edgena s\u00e3o tamb\u00e9m da Igreja&quot; - Not\u00edcias - Franciscanos<\/title>\n<meta name=\"robots\" content=\"index, follow, max-snippet:-1, max-image-preview:large, max-video-preview:-1\" \/>\n<link rel=\"canonical\" href=\"https:\/\/franciscanos.org.br\/noticias\/cnbb-emite-nota-em-solidariedade-aos-yanomami-as-dores-de-cada-indigena-sao-tambem-da-igreja.html\" \/>\n<meta property=\"og:locale\" content=\"pt_BR\" \/>\n<meta property=\"og:type\" content=\"article\" \/>\n<meta property=\"og:title\" content=\"CNBB emite nota em solidariedade aos Yanomami: &quot;As dores de cada ind\u00edgena s\u00e3o tamb\u00e9m da Igreja&quot; - Not\u00edcias - Franciscanos\" \/>\n<meta property=\"og:description\" content=\"Mensagem da CNBB\" \/>\n<meta property=\"og:url\" content=\"https:\/\/franciscanos.org.br\/noticias\/cnbb-emite-nota-em-solidariedade-aos-yanomami-as-dores-de-cada-indigena-sao-tambem-da-igreja.html\" \/>\n<meta property=\"og:site_name\" content=\"Not\u00edcias - Franciscanos\" \/>\n<meta property=\"article:published_time\" content=\"2023-02-01T14:21:50+00:00\" \/>\n<meta property=\"article:modified_time\" content=\"2023-02-01T14:23:02+00:00\" \/>\n<meta property=\"og:image\" content=\"https:\/\/franciscanos.org.br\/noticias\/wp-content\/uploads\/2023\/02\/cnbb_nota_d.png\" \/>\n\t<meta property=\"og:image:width\" content=\"800\" \/>\n\t<meta property=\"og:image:height\" content=\"500\" \/>\n\t<meta property=\"og:image:type\" content=\"image\/png\" \/>\n<meta name=\"author\" content=\"moacir\" \/>\n<meta name=\"twitter:card\" content=\"summary_large_image\" \/>\n<meta name=\"twitter:label1\" content=\"Escrito por\" \/>\n\t<meta name=\"twitter:data1\" content=\"moacir\" \/>\n\t<meta name=\"twitter:label2\" content=\"Est. tempo de leitura\" \/>\n\t<meta name=\"twitter:data2\" content=\"4 minutos\" \/>\n<script type=\"application\/ld+json\" class=\"yoast-schema-graph\">{\"@context\":\"https:\/\/schema.org\",\"@graph\":[{\"@type\":\"WebSite\",\"@id\":\"https:\/\/franciscanos.org.br\/noticias\/#website\",\"url\":\"https:\/\/franciscanos.org.br\/noticias\/\",\"name\":\"Not\u00edcias - Franciscanos\",\"description\":\"Prov\u00edncia Franciscana da Imaculada Concei\u00e7\u00e3o do Brasil - Ordem dos Frades Menores - OFM\",\"potentialAction\":[{\"@type\":\"SearchAction\",\"target\":{\"@type\":\"EntryPoint\",\"urlTemplate\":\"https:\/\/franciscanos.org.br\/noticias\/?s={search_term_string}\"},\"query-input\":\"required name=search_term_string\"}],\"inLanguage\":\"pt-BR\"},{\"@type\":\"ImageObject\",\"inLanguage\":\"pt-BR\",\"@id\":\"https:\/\/franciscanos.org.br\/noticias\/cnbb-emite-nota-em-solidariedade-aos-yanomami-as-dores-de-cada-indigena-sao-tambem-da-igreja.html#primaryimage\",\"url\":\"https:\/\/franciscanos.org.br\/noticias\/wp-content\/uploads\/2023\/02\/cnbb_nota_d.png\",\"contentUrl\":\"https:\/\/franciscanos.org.br\/noticias\/wp-content\/uploads\/2023\/02\/cnbb_nota_d.png\",\"width\":800,\"height\":500},{\"@type\":\"WebPage\",\"@id\":\"https:\/\/franciscanos.org.br\/noticias\/cnbb-emite-nota-em-solidariedade-aos-yanomami-as-dores-de-cada-indigena-sao-tambem-da-igreja.html#webpage\",\"url\":\"https:\/\/franciscanos.org.br\/noticias\/cnbb-emite-nota-em-solidariedade-aos-yanomami-as-dores-de-cada-indigena-sao-tambem-da-igreja.html\",\"name\":\"CNBB emite nota em solidariedade aos Yanomami: \\\"As dores de cada ind\u00edgena s\u00e3o tamb\u00e9m da Igreja\\\" - Not\u00edcias - Franciscanos\",\"isPartOf\":{\"@id\":\"https:\/\/franciscanos.org.br\/noticias\/#website\"},\"primaryImageOfPage\":{\"@id\":\"https:\/\/franciscanos.org.br\/noticias\/cnbb-emite-nota-em-solidariedade-aos-yanomami-as-dores-de-cada-indigena-sao-tambem-da-igreja.html#primaryimage\"},\"datePublished\":\"2023-02-01T14:21:50+00:00\",\"dateModified\":\"2023-02-01T14:23:02+00:00\",\"author\":{\"@id\":\"https:\/\/franciscanos.org.br\/noticias\/#\/schema\/person\/b5c8cba458c330ccff548b056e95a5d4\"},\"breadcrumb\":{\"@id\":\"https:\/\/franciscanos.org.br\/noticias\/cnbb-emite-nota-em-solidariedade-aos-yanomami-as-dores-de-cada-indigena-sao-tambem-da-igreja.html#breadcrumb\"},\"inLanguage\":\"pt-BR\",\"potentialAction\":[{\"@type\":\"ReadAction\",\"target\":[\"https:\/\/franciscanos.org.br\/noticias\/cnbb-emite-nota-em-solidariedade-aos-yanomami-as-dores-de-cada-indigena-sao-tambem-da-igreja.html\"]}]},{\"@type\":\"BreadcrumbList\",\"@id\":\"https:\/\/franciscanos.org.br\/noticias\/cnbb-emite-nota-em-solidariedade-aos-yanomami-as-dores-de-cada-indigena-sao-tambem-da-igreja.html#breadcrumb\",\"itemListElement\":[{\"@type\":\"ListItem\",\"position\":1,\"name\":\"Home\",\"item\":\"https:\/\/franciscanos.org.br\/noticias\"},{\"@type\":\"ListItem\",\"position\":2,\"name\":\"CNBB emite nota em solidariedade aos Yanomami: &#8220;As dores de cada ind\u00edgena s\u00e3o tamb\u00e9m da Igreja&#8221;\"}]},{\"@type\":\"Person\",\"@id\":\"https:\/\/franciscanos.org.br\/noticias\/#\/schema\/person\/b5c8cba458c330ccff548b056e95a5d4\",\"name\":\"moacir\",\"image\":{\"@type\":\"ImageObject\",\"inLanguage\":\"pt-BR\",\"@id\":\"https:\/\/franciscanos.org.br\/noticias\/#\/schema\/person\/image\/\",\"url\":\"https:\/\/secure.gravatar.com\/avatar\/d08aa2ce4c8dd416d4479aa8536fcf64?s=96&d=mm&r=g\",\"contentUrl\":\"https:\/\/secure.gravatar.com\/avatar\/d08aa2ce4c8dd416d4479aa8536fcf64?s=96&d=mm&r=g\",\"caption\":\"moacir\"},\"url\":\"https:\/\/franciscanos.org.br\/noticias\/author\/moacir\"}]}<\/script>\n<!-- \/ Yoast SEO plugin. -->","yoast_head_json":{"title":"CNBB emite nota em solidariedade aos Yanomami: \"As dores de cada ind\u00edgena s\u00e3o tamb\u00e9m da Igreja\" - Not\u00edcias - Franciscanos","robots":{"index":"index","follow":"follow","max-snippet":"max-snippet:-1","max-image-preview":"max-image-preview:large","max-video-preview":"max-video-preview:-1"},"canonical":"https:\/\/franciscanos.org.br\/noticias\/cnbb-emite-nota-em-solidariedade-aos-yanomami-as-dores-de-cada-indigena-sao-tambem-da-igreja.html","og_locale":"pt_BR","og_type":"article","og_title":"CNBB emite nota em solidariedade aos Yanomami: \"As dores de cada ind\u00edgena s\u00e3o tamb\u00e9m da Igreja\" - Not\u00edcias - Franciscanos","og_description":"Mensagem da CNBB","og_url":"https:\/\/franciscanos.org.br\/noticias\/cnbb-emite-nota-em-solidariedade-aos-yanomami-as-dores-de-cada-indigena-sao-tambem-da-igreja.html","og_site_name":"Not\u00edcias - Franciscanos","article_published_time":"2023-02-01T14:21:50+00:00","article_modified_time":"2023-02-01T14:23:02+00:00","og_image":[{"width":800,"height":500,"url":"https:\/\/franciscanos.org.br\/noticias\/wp-content\/uploads\/2023\/02\/cnbb_nota_d.png","type":"image\/png"}],"author":"moacir","twitter_card":"summary_large_image","twitter_misc":{"Escrito por":"moacir","Est. tempo de leitura":"4 minutos"},"schema":{"@context":"https:\/\/schema.org","@graph":[{"@type":"WebSite","@id":"https:\/\/franciscanos.org.br\/noticias\/#website","url":"https:\/\/franciscanos.org.br\/noticias\/","name":"Not\u00edcias - Franciscanos","description":"Prov\u00edncia Franciscana da Imaculada Concei\u00e7\u00e3o do Brasil - Ordem dos Frades Menores - OFM","potentialAction":[{"@type":"SearchAction","target":{"@type":"EntryPoint","urlTemplate":"https:\/\/franciscanos.org.br\/noticias\/?s={search_term_string}"},"query-input":"required name=search_term_string"}],"inLanguage":"pt-BR"},{"@type":"ImageObject","inLanguage":"pt-BR","@id":"https:\/\/franciscanos.org.br\/noticias\/cnbb-emite-nota-em-solidariedade-aos-yanomami-as-dores-de-cada-indigena-sao-tambem-da-igreja.html#primaryimage","url":"https:\/\/franciscanos.org.br\/noticias\/wp-content\/uploads\/2023\/02\/cnbb_nota_d.png","contentUrl":"https:\/\/franciscanos.org.br\/noticias\/wp-content\/uploads\/2023\/02\/cnbb_nota_d.png","width":800,"height":500},{"@type":"WebPage","@id":"https:\/\/franciscanos.org.br\/noticias\/cnbb-emite-nota-em-solidariedade-aos-yanomami-as-dores-de-cada-indigena-sao-tambem-da-igreja.html#webpage","url":"https:\/\/franciscanos.org.br\/noticias\/cnbb-emite-nota-em-solidariedade-aos-yanomami-as-dores-de-cada-indigena-sao-tambem-da-igreja.html","name":"CNBB emite nota em solidariedade aos Yanomami: \"As dores de cada ind\u00edgena s\u00e3o tamb\u00e9m da Igreja\" - Not\u00edcias - Franciscanos","isPartOf":{"@id":"https:\/\/franciscanos.org.br\/noticias\/#website"},"primaryImageOfPage":{"@id":"https:\/\/franciscanos.org.br\/noticias\/cnbb-emite-nota-em-solidariedade-aos-yanomami-as-dores-de-cada-indigena-sao-tambem-da-igreja.html#primaryimage"},"datePublished":"2023-02-01T14:21:50+00:00","dateModified":"2023-02-01T14:23:02+00:00","author":{"@id":"https:\/\/franciscanos.org.br\/noticias\/#\/schema\/person\/b5c8cba458c330ccff548b056e95a5d4"},"breadcrumb":{"@id":"https:\/\/franciscanos.org.br\/noticias\/cnbb-emite-nota-em-solidariedade-aos-yanomami-as-dores-de-cada-indigena-sao-tambem-da-igreja.html#breadcrumb"},"inLanguage":"pt-BR","potentialAction":[{"@type":"ReadAction","target":["https:\/\/franciscanos.org.br\/noticias\/cnbb-emite-nota-em-solidariedade-aos-yanomami-as-dores-de-cada-indigena-sao-tambem-da-igreja.html"]}]},{"@type":"BreadcrumbList","@id":"https:\/\/franciscanos.org.br\/noticias\/cnbb-emite-nota-em-solidariedade-aos-yanomami-as-dores-de-cada-indigena-sao-tambem-da-igreja.html#breadcrumb","itemListElement":[{"@type":"ListItem","position":1,"name":"Home","item":"https:\/\/franciscanos.org.br\/noticias"},{"@type":"ListItem","position":2,"name":"CNBB emite nota em solidariedade aos Yanomami: &#8220;As dores de cada ind\u00edgena s\u00e3o tamb\u00e9m da Igreja&#8221;"}]},{"@type":"Person","@id":"https:\/\/franciscanos.org.br\/noticias\/#\/schema\/person\/b5c8cba458c330ccff548b056e95a5d4","name":"moacir","image":{"@type":"ImageObject","inLanguage":"pt-BR","@id":"https:\/\/franciscanos.org.br\/noticias\/#\/schema\/person\/image\/","url":"https:\/\/secure.gravatar.com\/avatar\/d08aa2ce4c8dd416d4479aa8536fcf64?s=96&d=mm&r=g","contentUrl":"https:\/\/secure.gravatar.com\/avatar\/d08aa2ce4c8dd416d4479aa8536fcf64?s=96&d=mm&r=g","caption":"moacir"},"url":"https:\/\/franciscanos.org.br\/noticias\/author\/moacir"}]}},"_links":{"self":[{"href":"https:\/\/franciscanos.org.br\/noticias\/wp-json\/wp\/v2\/posts\/242043"}],"collection":[{"href":"https:\/\/franciscanos.org.br\/noticias\/wp-json\/wp\/v2\/posts"}],"about":[{"href":"https:\/\/franciscanos.org.br\/noticias\/wp-json\/wp\/v2\/types\/post"}],"author":[{"embeddable":true,"href":"https:\/\/franciscanos.org.br\/noticias\/wp-json\/wp\/v2\/users\/3"}],"replies":[{"embeddable":true,"href":"https:\/\/franciscanos.org.br\/noticias\/wp-json\/wp\/v2\/comments?post=242043"}],"version-history":[{"count":1,"href":"https:\/\/franciscanos.org.br\/noticias\/wp-json\/wp\/v2\/posts\/242043\/revisions"}],"predecessor-version":[{"id":242045,"href":"https:\/\/franciscanos.org.br\/noticias\/wp-json\/wp\/v2\/posts\/242043\/revisions\/242045"}],"wp:featuredmedia":[{"embeddable":true,"href":"https:\/\/franciscanos.org.br\/noticias\/wp-json\/wp\/v2\/media\/242046"}],"wp:attachment":[{"href":"https:\/\/franciscanos.org.br\/noticias\/wp-json\/wp\/v2\/media?parent=242043"}],"wp:term":[{"taxonomy":"category","embeddable":true,"href":"https:\/\/franciscanos.org.br\/noticias\/wp-json\/wp\/v2\/categories?post=242043"},{"taxonomy":"post_tag","embeddable":true,"href":"https:\/\/franciscanos.org.br\/noticias\/wp-json\/wp\/v2\/tags?post=242043"}],"curies":[{"name":"wp","href":"https:\/\/api.w.org\/{rel}","templated":true}]}}