{"id":242033,"date":"2023-01-31T18:43:26","date_gmt":"2023-01-31T21:43:26","guid":{"rendered":"https:\/\/franciscanos.org.br\/noticias\/?p=242033"},"modified":"2023-01-31T18:48:57","modified_gmt":"2023-01-31T21:48:57","slug":"aos-55-anos-falece-frei-aladim-uber","status":"publish","type":"post","link":"https:\/\/franciscanos.org.br\/noticias\/aos-55-anos-falece-frei-aladim-uber.html","title":{"rendered":"Aos 55 anos, falece Frei Aladim Uber"},"content":{"rendered":"<p><img loading=\"lazy\" class=\"alignnone wp-image-242034 size-full\" src=\"https:\/\/franciscanos.org.br\/noticias\/wp-content\/uploads\/2023\/01\/aladim_02.jpg\" alt=\"\" width=\"1280\" height=\"720\" srcset=\"https:\/\/franciscanos.org.br\/noticias\/wp-content\/uploads\/2023\/01\/aladim_02.jpg 1280w, https:\/\/franciscanos.org.br\/noticias\/wp-content\/uploads\/2023\/01\/aladim_02-450x253.jpg 450w, https:\/\/franciscanos.org.br\/noticias\/wp-content\/uploads\/2023\/01\/aladim_02-1024x576.jpg 1024w, https:\/\/franciscanos.org.br\/noticias\/wp-content\/uploads\/2023\/01\/aladim_02-768x432.jpg 768w, https:\/\/franciscanos.org.br\/noticias\/wp-content\/uploads\/2023\/01\/aladim_02-150x84.jpg 150w\" sizes=\"(max-width: 1280px) 100vw, 1280px\" \/><\/p>\n<p>Faleceu no final da manh\u00e3 de hoje, dia 31\/01, Frei Aladim Uber, com 55 anos de idade, na Fraternidade S\u00e3o Francisco de Assis, de Bragan\u00e7a Paulista (SP). Frei Aladim Uber enfrentava dificuldades para se alimentar como consequ\u00eancia das cirurgias pelas quais passou no es\u00f4fago e boca h\u00e1 alguns anos. Precisou em algumas ocasi\u00f5es fazer uso de sondas para poder receber os nutrientes necess\u00e1rios, mas isso n\u00e3o impediu que ele continuasse a emagrecer. A situa\u00e7\u00e3o de fraqueza conduziu a uma parada cardio-respirat\u00f3ria, levando-o a \u00f3bito.<\/p>\n<p>A Fraternidade S\u00e3o Francisco de Assis comunica que ir\u00e1 celebrar a missa de corpo presente \u00e0s 10h de amanh\u00e3 e levar\u00e1 o corpo do confrade para seu sepultamento, \u00e0s 15h, no Jazigo da Prov\u00edncia, no Cemit\u00e9rio do Sant\u00edssimo Sacramento, em S\u00e3o Paulo, SP.<\/p>\n<p>Que nosso confrade, pela miseric\u00f3rdia de Deus, descanse em paz!<\/p>\n<p><strong>HIST\u00d3RICO<\/strong><\/p>\n<p><strong>Data de Nascimento<\/strong>: 31\/12\/1967 (55 anos)<br \/>\n<strong>Naturalidade:<\/strong> Doutor Pedrinho (SC)<br \/>\n<strong>Vesti\u00e7\u00e3o:<\/strong> 10\/01\/1986<br \/>\n<strong>Primeira Profiss\u00e3o:<\/strong> 10\/01\/1987 (36 anos de vida religiosa)<br \/>\n<strong>Profiss\u00e3o Solene<\/strong>: 17\/09\/1991<br \/>\n<strong>Ordena\u00e7\u00e3o Presbiteral:<\/strong> 22\/01\/1994 (29 anos de minist\u00e9rio presbiteral)<\/p>\n<p><strong>1994-2000<\/strong> \u2013 Fraternidade Santo Ant\u00f4nio (Bauru, SP), como vig\u00e1rio paroquial, professor no Semin\u00e1rio Santo Ant\u00f4nio de Agudos, guardi\u00e3o e ec\u00f4nomo.<br \/>\n<strong>2001-2004<\/strong> \u2013 Fraternidade Bom Jesus dos Aflitos (Sorocaba, SP), como p\u00e1roco da Par\u00f3quia Santo Ant\u00f4nio e vig\u00e1rio paroquial.<br \/>\n<strong>2004-2005<\/strong> \u2013 Tratamento e per\u00edodo sab\u00e1tico com a fam\u00edlia.<br \/>\n<strong>2005-2006<\/strong> \u2013 Fraternidade Santo Est\u00eav\u00e3o (Ituporanga, SC), como vig\u00e1rio paroquial.<br \/>\n<strong>2007<\/strong> \u2013 Fraternidade Bom Jesus dos Perd\u00f5es (Curitiba, PR), como vig\u00e1rio paroquial e a servi\u00e7o do SEFRAS.<br \/>\n<strong>2007-2008<\/strong> \u2013 Fraternidade Imaculada Concei\u00e7\u00e3o (S\u00e3o Paulo, SP), como vig\u00e1rio paroquial e a servi\u00e7o do SEFRAS.<br \/>\n<strong>2008-2009<\/strong> \u2013 Fraternidade Santo Ant\u00f4nio do Pari (S\u00e3o Paulo, SP), como vig\u00e1rio paroquial.<br \/>\n<strong>2010-2013<\/strong> \u2013 Fraternidade S\u00e3o Luiz Gonzaga (Xaxim, SC), como vig\u00e1rio paroquial.<br \/>\n<strong>2013-2016<\/strong> \u2013 Fraternidade Santo Ant\u00f4nio (Florian\u00f3polis, SC), como vig\u00e1rio paroquial e da Casa.<br \/>\n<strong>2016-2023<\/strong> \u2013 Fraternidade S\u00e3o Francisco de Assis (Bragan\u00e7a Paulista, SP), para tratamento.<\/p>\n<p><strong>O FRADE<\/strong><\/p>\n<p>Frei Aladim Uber fora bem quisto pelo povo e pelos confrades por todos os lugares pelos quais passou. Apesar de seus limites e fraquezas pessoais, as pessoas enxergavam nele uma personalidade capaz de estabelecer rela\u00e7\u00f5es de amizade e proximidade verdadeiramente humanas, marcadas pelo respeito. Suas transfer\u00eancias eram muitas vezes sentidas pelo povo do lugar que deixava. Frei Aladim n\u00e3o possu\u00eda boa sa\u00fade e enfrentou muitos problemas nesta \u00e1rea. Seu testemunho de paci\u00eancia e serenidade apesar dos sofrimentos advindos dos limites do corpo enriqueciam \u00e0queles com quem convivia e se revelava verdadeiro sinal da dor unida \u00e0 paix\u00e3o de Cristo.<\/p>\n<p><strong>R.I.P<\/strong><\/p>\n","protected":false},"excerpt":{"rendered":"<p>Prov\u00edncia de luto<\/p>\n","protected":false},"author":3,"featured_media":242034,"comment_status":"open","ping_status":"open","sticky":false,"template":"","format":"standard","meta":[],"categories":[1],"tags":[1160],"acf":[],"yoast_head":"<!-- This site is optimized with the Yoast SEO plugin v19.2 - https:\/\/yoast.com\/wordpress\/plugins\/seo\/ -->\n<title>Aos 55 anos, falece Frei Aladim Uber - Not\u00edcias - Franciscanos<\/title>\n<meta name=\"robots\" content=\"index, follow, max-snippet:-1, max-image-preview:large, max-video-preview:-1\" \/>\n<link rel=\"canonical\" href=\"https:\/\/franciscanos.org.br\/noticias\/aos-55-anos-falece-frei-aladim-uber.html\" \/>\n<meta property=\"og:locale\" content=\"pt_BR\" \/>\n<meta property=\"og:type\" content=\"article\" \/>\n<meta property=\"og:title\" content=\"Aos 55 anos, falece Frei Aladim Uber - Not\u00edcias - Franciscanos\" \/>\n<meta property=\"og:description\" content=\"Prov\u00edncia de luto\" \/>\n<meta property=\"og:url\" content=\"https:\/\/franciscanos.org.br\/noticias\/aos-55-anos-falece-frei-aladim-uber.html\" \/>\n<meta property=\"og:site_name\" content=\"Not\u00edcias - Franciscanos\" \/>\n<meta property=\"article:published_time\" content=\"2023-01-31T21:43:26+00:00\" \/>\n<meta property=\"article:modified_time\" content=\"2023-01-31T21:48:57+00:00\" \/>\n<meta property=\"og:image\" content=\"https:\/\/franciscanos.org.br\/noticias\/wp-content\/uploads\/2023\/01\/aladim_02.jpg\" \/>\n\t<meta property=\"og:image:width\" content=\"1280\" \/>\n\t<meta property=\"og:image:height\" content=\"720\" \/>\n\t<meta property=\"og:image:type\" content=\"image\/jpeg\" \/>\n<meta name=\"author\" content=\"moacir\" \/>\n<meta name=\"twitter:card\" content=\"summary_large_image\" \/>\n<meta name=\"twitter:label1\" content=\"Escrito por\" \/>\n\t<meta name=\"twitter:data1\" content=\"moacir\" \/>\n\t<meta name=\"twitter:label2\" content=\"Est. tempo de leitura\" \/>\n\t<meta name=\"twitter:data2\" content=\"2 minutos\" \/>\n<script type=\"application\/ld+json\" class=\"yoast-schema-graph\">{\"@context\":\"https:\/\/schema.org\",\"@graph\":[{\"@type\":\"WebSite\",\"@id\":\"https:\/\/franciscanos.org.br\/noticias\/#website\",\"url\":\"https:\/\/franciscanos.org.br\/noticias\/\",\"name\":\"Not\u00edcias - Franciscanos\",\"description\":\"Prov\u00edncia Franciscana da Imaculada Concei\u00e7\u00e3o do Brasil - Ordem dos Frades Menores - OFM\",\"potentialAction\":[{\"@type\":\"SearchAction\",\"target\":{\"@type\":\"EntryPoint\",\"urlTemplate\":\"https:\/\/franciscanos.org.br\/noticias\/?s={search_term_string}\"},\"query-input\":\"required name=search_term_string\"}],\"inLanguage\":\"pt-BR\"},{\"@type\":\"ImageObject\",\"inLanguage\":\"pt-BR\",\"@id\":\"https:\/\/franciscanos.org.br\/noticias\/aos-55-anos-falece-frei-aladim-uber.html#primaryimage\",\"url\":\"https:\/\/franciscanos.org.br\/noticias\/wp-content\/uploads\/2023\/01\/aladim_02.jpg\",\"contentUrl\":\"https:\/\/franciscanos.org.br\/noticias\/wp-content\/uploads\/2023\/01\/aladim_02.jpg\",\"width\":1280,\"height\":720},{\"@type\":\"WebPage\",\"@id\":\"https:\/\/franciscanos.org.br\/noticias\/aos-55-anos-falece-frei-aladim-uber.html#webpage\",\"url\":\"https:\/\/franciscanos.org.br\/noticias\/aos-55-anos-falece-frei-aladim-uber.html\",\"name\":\"Aos 55 anos, falece Frei Aladim Uber - Not\u00edcias - Franciscanos\",\"isPartOf\":{\"@id\":\"https:\/\/franciscanos.org.br\/noticias\/#website\"},\"primaryImageOfPage\":{\"@id\":\"https:\/\/franciscanos.org.br\/noticias\/aos-55-anos-falece-frei-aladim-uber.html#primaryimage\"},\"datePublished\":\"2023-01-31T21:43:26+00:00\",\"dateModified\":\"2023-01-31T21:48:57+00:00\",\"author\":{\"@id\":\"https:\/\/franciscanos.org.br\/noticias\/#\/schema\/person\/b5c8cba458c330ccff548b056e95a5d4\"},\"breadcrumb\":{\"@id\":\"https:\/\/franciscanos.org.br\/noticias\/aos-55-anos-falece-frei-aladim-uber.html#breadcrumb\"},\"inLanguage\":\"pt-BR\",\"potentialAction\":[{\"@type\":\"ReadAction\",\"target\":[\"https:\/\/franciscanos.org.br\/noticias\/aos-55-anos-falece-frei-aladim-uber.html\"]}]},{\"@type\":\"BreadcrumbList\",\"@id\":\"https:\/\/franciscanos.org.br\/noticias\/aos-55-anos-falece-frei-aladim-uber.html#breadcrumb\",\"itemListElement\":[{\"@type\":\"ListItem\",\"position\":1,\"name\":\"Home\",\"item\":\"https:\/\/franciscanos.org.br\/noticias\"},{\"@type\":\"ListItem\",\"position\":2,\"name\":\"Aos 55 anos, falece Frei Aladim Uber\"}]},{\"@type\":\"Person\",\"@id\":\"https:\/\/franciscanos.org.br\/noticias\/#\/schema\/person\/b5c8cba458c330ccff548b056e95a5d4\",\"name\":\"moacir\",\"image\":{\"@type\":\"ImageObject\",\"inLanguage\":\"pt-BR\",\"@id\":\"https:\/\/franciscanos.org.br\/noticias\/#\/schema\/person\/image\/\",\"url\":\"https:\/\/secure.gravatar.com\/avatar\/d08aa2ce4c8dd416d4479aa8536fcf64?s=96&d=mm&r=g\",\"contentUrl\":\"https:\/\/secure.gravatar.com\/avatar\/d08aa2ce4c8dd416d4479aa8536fcf64?s=96&d=mm&r=g\",\"caption\":\"moacir\"},\"url\":\"https:\/\/franciscanos.org.br\/noticias\/author\/moacir\"}]}<\/script>\n<!-- \/ Yoast SEO plugin. -->","yoast_head_json":{"title":"Aos 55 anos, falece Frei Aladim Uber - Not\u00edcias - Franciscanos","robots":{"index":"index","follow":"follow","max-snippet":"max-snippet:-1","max-image-preview":"max-image-preview:large","max-video-preview":"max-video-preview:-1"},"canonical":"https:\/\/franciscanos.org.br\/noticias\/aos-55-anos-falece-frei-aladim-uber.html","og_locale":"pt_BR","og_type":"article","og_title":"Aos 55 anos, falece Frei Aladim Uber - Not\u00edcias - Franciscanos","og_description":"Prov\u00edncia de luto","og_url":"https:\/\/franciscanos.org.br\/noticias\/aos-55-anos-falece-frei-aladim-uber.html","og_site_name":"Not\u00edcias - Franciscanos","article_published_time":"2023-01-31T21:43:26+00:00","article_modified_time":"2023-01-31T21:48:57+00:00","og_image":[{"width":1280,"height":720,"url":"https:\/\/franciscanos.org.br\/noticias\/wp-content\/uploads\/2023\/01\/aladim_02.jpg","type":"image\/jpeg"}],"author":"moacir","twitter_card":"summary_large_image","twitter_misc":{"Escrito por":"moacir","Est. tempo de leitura":"2 minutos"},"schema":{"@context":"https:\/\/schema.org","@graph":[{"@type":"WebSite","@id":"https:\/\/franciscanos.org.br\/noticias\/#website","url":"https:\/\/franciscanos.org.br\/noticias\/","name":"Not\u00edcias - Franciscanos","description":"Prov\u00edncia Franciscana da Imaculada Concei\u00e7\u00e3o do Brasil - Ordem dos Frades Menores - OFM","potentialAction":[{"@type":"SearchAction","target":{"@type":"EntryPoint","urlTemplate":"https:\/\/franciscanos.org.br\/noticias\/?s={search_term_string}"},"query-input":"required name=search_term_string"}],"inLanguage":"pt-BR"},{"@type":"ImageObject","inLanguage":"pt-BR","@id":"https:\/\/franciscanos.org.br\/noticias\/aos-55-anos-falece-frei-aladim-uber.html#primaryimage","url":"https:\/\/franciscanos.org.br\/noticias\/wp-content\/uploads\/2023\/01\/aladim_02.jpg","contentUrl":"https:\/\/franciscanos.org.br\/noticias\/wp-content\/uploads\/2023\/01\/aladim_02.jpg","width":1280,"height":720},{"@type":"WebPage","@id":"https:\/\/franciscanos.org.br\/noticias\/aos-55-anos-falece-frei-aladim-uber.html#webpage","url":"https:\/\/franciscanos.org.br\/noticias\/aos-55-anos-falece-frei-aladim-uber.html","name":"Aos 55 anos, falece Frei Aladim Uber - Not\u00edcias - Franciscanos","isPartOf":{"@id":"https:\/\/franciscanos.org.br\/noticias\/#website"},"primaryImageOfPage":{"@id":"https:\/\/franciscanos.org.br\/noticias\/aos-55-anos-falece-frei-aladim-uber.html#primaryimage"},"datePublished":"2023-01-31T21:43:26+00:00","dateModified":"2023-01-31T21:48:57+00:00","author":{"@id":"https:\/\/franciscanos.org.br\/noticias\/#\/schema\/person\/b5c8cba458c330ccff548b056e95a5d4"},"breadcrumb":{"@id":"https:\/\/franciscanos.org.br\/noticias\/aos-55-anos-falece-frei-aladim-uber.html#breadcrumb"},"inLanguage":"pt-BR","potentialAction":[{"@type":"ReadAction","target":["https:\/\/franciscanos.org.br\/noticias\/aos-55-anos-falece-frei-aladim-uber.html"]}]},{"@type":"BreadcrumbList","@id":"https:\/\/franciscanos.org.br\/noticias\/aos-55-anos-falece-frei-aladim-uber.html#breadcrumb","itemListElement":[{"@type":"ListItem","position":1,"name":"Home","item":"https:\/\/franciscanos.org.br\/noticias"},{"@type":"ListItem","position":2,"name":"Aos 55 anos, falece Frei Aladim Uber"}]},{"@type":"Person","@id":"https:\/\/franciscanos.org.br\/noticias\/#\/schema\/person\/b5c8cba458c330ccff548b056e95a5d4","name":"moacir","image":{"@type":"ImageObject","inLanguage":"pt-BR","@id":"https:\/\/franciscanos.org.br\/noticias\/#\/schema\/person\/image\/","url":"https:\/\/secure.gravatar.com\/avatar\/d08aa2ce4c8dd416d4479aa8536fcf64?s=96&d=mm&r=g","contentUrl":"https:\/\/secure.gravatar.com\/avatar\/d08aa2ce4c8dd416d4479aa8536fcf64?s=96&d=mm&r=g","caption":"moacir"},"url":"https:\/\/franciscanos.org.br\/noticias\/author\/moacir"}]}},"_links":{"self":[{"href":"https:\/\/franciscanos.org.br\/noticias\/wp-json\/wp\/v2\/posts\/242033"}],"collection":[{"href":"https:\/\/franciscanos.org.br\/noticias\/wp-json\/wp\/v2\/posts"}],"about":[{"href":"https:\/\/franciscanos.org.br\/noticias\/wp-json\/wp\/v2\/types\/post"}],"author":[{"embeddable":true,"href":"https:\/\/franciscanos.org.br\/noticias\/wp-json\/wp\/v2\/users\/3"}],"replies":[{"embeddable":true,"href":"https:\/\/franciscanos.org.br\/noticias\/wp-json\/wp\/v2\/comments?post=242033"}],"version-history":[{"count":5,"href":"https:\/\/franciscanos.org.br\/noticias\/wp-json\/wp\/v2\/posts\/242033\/revisions"}],"predecessor-version":[{"id":242039,"href":"https:\/\/franciscanos.org.br\/noticias\/wp-json\/wp\/v2\/posts\/242033\/revisions\/242039"}],"wp:featuredmedia":[{"embeddable":true,"href":"https:\/\/franciscanos.org.br\/noticias\/wp-json\/wp\/v2\/media\/242034"}],"wp:attachment":[{"href":"https:\/\/franciscanos.org.br\/noticias\/wp-json\/wp\/v2\/media?parent=242033"}],"wp:term":[{"taxonomy":"category","embeddable":true,"href":"https:\/\/franciscanos.org.br\/noticias\/wp-json\/wp\/v2\/categories?post=242033"},{"taxonomy":"post_tag","embeddable":true,"href":"https:\/\/franciscanos.org.br\/noticias\/wp-json\/wp\/v2\/tags?post=242033"}],"curies":[{"name":"wp","href":"https:\/\/api.w.org\/{rel}","templated":true}]}}