{"id":242007,"date":"2023-01-31T12:47:31","date_gmt":"2023-01-31T15:47:31","guid":{"rendered":"https:\/\/franciscanos.org.br\/noticias\/?p=242007"},"modified":"2023-01-31T12:47:31","modified_gmt":"2023-01-31T15:47:31","slug":"frades-da-conferencia-brasil-e-cone-sul-e-da-curia-geral-se-reunem-em-brasilia-para-pensar-formas-conjuntas-de-acao","status":"publish","type":"post","link":"https:\/\/franciscanos.org.br\/noticias\/frades-da-conferencia-brasil-e-cone-sul-e-da-curia-geral-se-reunem-em-brasilia-para-pensar-formas-conjuntas-de-acao.html","title":{"rendered":"Frades da Confer\u00eancia Brasil e Cone Sul e da C\u00faria Geral se re\u00fanem em Bras\u00edlia para pensar formas conjuntas de a\u00e7\u00e3o"},"content":{"rendered":"<p><img loading=\"lazy\" class=\"alignnone size-full wp-image-242008\" src=\"https:\/\/franciscanos.org.br\/noticias\/wp-content\/uploads\/2023\/01\/brasilia_31.jpg\" alt=\"\" width=\"1280\" height=\"720\" srcset=\"https:\/\/franciscanos.org.br\/noticias\/wp-content\/uploads\/2023\/01\/brasilia_31.jpg 1280w, https:\/\/franciscanos.org.br\/noticias\/wp-content\/uploads\/2023\/01\/brasilia_31-450x253.jpg 450w, https:\/\/franciscanos.org.br\/noticias\/wp-content\/uploads\/2023\/01\/brasilia_31-1024x576.jpg 1024w, https:\/\/franciscanos.org.br\/noticias\/wp-content\/uploads\/2023\/01\/brasilia_31-768x432.jpg 768w, https:\/\/franciscanos.org.br\/noticias\/wp-content\/uploads\/2023\/01\/brasilia_31-150x84.jpg 150w\" sizes=\"(max-width: 1280px) 100vw, 1280px\" \/><\/p>\n<p>As secretarias de Forma\u00e7\u00e3o e Estudos, Evangeliza\u00e7\u00e3o Mission\u00e1ria e os Animadores de JPIC da Ordem e da Confer\u00eancia Franciscana Brasil e Cone-sul, estiveram reunidos na cidade de Bras\u00edlia (DF)\u00a0 nos dias 27 e 28 de janeiro de 2023 no Instituto B\u00edblico de Bras\u00edlia. O encontro presencial foi aberto com a celebra\u00e7\u00e3o Eucar\u00edstica presidida por Frei Daniel Rodrigues Blanco e Frei Francisco G\u00f3mez Vargas.<\/p>\n<p>Ap\u00f3s a celebra\u00e7\u00e3o, os frades iniciaram a pauta do primeiro dia, a saber: partilha dos planos de trabalho das secretarias gerais de Evangeliza\u00e7\u00e3o mission\u00e1ria (Frei Francisco G\u00f3mez), Forma\u00e7\u00e3o e Estudos (Frei Darko Tepert) e Anima\u00e7\u00e3o de JPIC (Frei Daniel Rodrigues). Cada um desses servi\u00e7os exp\u00f4s, de forma objetiva, suas esperan\u00e7as, desafios e sonhos para a anima\u00e7\u00e3o fraterna na Ordem, bem como as esperan\u00e7as, desafios e sonhos da Ordem para a Confer\u00eancia Franciscana Brasil e Cone-sul.<\/p>\n<p>Na segunda parte do primeiro dia de trabalho, os representantes das secretarias de Forma\u00e7\u00e3o e Estudos (Frei Fernando Ferrari), de Evangeliza\u00e7\u00e3o Mission\u00e1ria (Frei Edgar Alves) e Animadores de JPIC (Frei Marx Rodrigues dos Reis) da Confer\u00eancia Franciscana Brasil e Cone-sul, foram convidados a expor para a assembleia seus planos de trabalho e seus sonhos e esperan\u00e7as que foram constru\u00eddos durante a primeira Assembleia da Confer\u00eancia que aconteceu em\u00a0 mar\u00e7o de 2022 na cidade de S\u00e3o Paulo (SP). Ainda na tarde do dia 27, as Prov\u00edncias e Cust\u00f3dias que comp\u00f5em a Confer\u00eancias foram convidadas a apresentar tr\u00eas esperan\u00e7as e tr\u00eas desafios nos campos da Forma\u00e7\u00e3o e Estudos; Evangeliza\u00e7\u00e3o Mission\u00e1ria e Anima\u00e7\u00e3o de JPIC. J\u00e1 no fim do primeiro dia de reflex\u00e3o, os frades fizeram um momento de s\u00edntese de todos os assuntos discutidos durante o dia. As atividades desse dia terminaram com a ora\u00e7\u00e3o das v\u00e9speras seguida de um momento de recreio fraterno.<\/p>\n<p><img loading=\"lazy\" class=\"alignnone size-full wp-image-242009\" src=\"https:\/\/franciscanos.org.br\/noticias\/wp-content\/uploads\/2023\/01\/brasilia_31_1.jpg\" alt=\"\" width=\"1023\" height=\"328\" srcset=\"https:\/\/franciscanos.org.br\/noticias\/wp-content\/uploads\/2023\/01\/brasilia_31_1.jpg 1023w, https:\/\/franciscanos.org.br\/noticias\/wp-content\/uploads\/2023\/01\/brasilia_31_1-450x144.jpg 450w, https:\/\/franciscanos.org.br\/noticias\/wp-content\/uploads\/2023\/01\/brasilia_31_1-768x246.jpg 768w, https:\/\/franciscanos.org.br\/noticias\/wp-content\/uploads\/2023\/01\/brasilia_31_1-150x48.jpg 150w\" sizes=\"(max-width: 1023px) 100vw, 1023px\" \/><\/p>\n<p>Iniciamos os trabalhos do dia 28 com a Celebra\u00e7\u00e3o Eucar\u00edstica presidida por Frei Fernando Aparecido dos Santos e concelebrado por Frei Edgar Alves. Terminada a celebra\u00e7\u00e3o, a assembleia se reuniu para ouvir e conversar sobre as coloca\u00e7\u00f5es postas pela UCLAF, que se reuniu na cidade de S\u00e3o Paulo (de 22 a 27 de janeiro de 2023). Frei Fernando, vice-presidente da Confer\u00eancia Franciscana Brasil e Cone-sul, exp\u00f4s de maneira objetiva os anseios colocados pelos Provinciais reunidos na UCLAF. Esse momento de partilha, que nos proporcionou Frei Fernando, somou com o que j\u00e1 hav\u00edamos refletido no dia anterior.<\/p>\n<p>Depois desse momento, os frades se dividiram por servi\u00e7o (Forma\u00e7\u00e3o e Estudos, Evangeliza\u00e7\u00e3o Mission\u00e1ria e JPIC) para pensar formas conjuntas de a\u00e7\u00e3o e de trabalho em nossas Fraternidades. Cada grupo pensou e construiu, a partir de sua forma de ver, caminhos de integra\u00e7\u00e3o entre as secretarias e JPIC. Na parte da tarde do dia 28, os frades presentes se dedicaram a fazer uma s\u00edntese dos caminhos de integra\u00e7\u00e3o proposto por cada secretaria e pelo servi\u00e7o de JPIC. Nossas atividades encerram com a celebra\u00e7\u00e3o das V\u00e9speras.<\/p>\n<p><img loading=\"lazy\" class=\"alignnone size-full wp-image-242010\" src=\"https:\/\/franciscanos.org.br\/noticias\/wp-content\/uploads\/2023\/01\/brasilia_31_2.jpg\" alt=\"\" width=\"1024\" height=\"514\" srcset=\"https:\/\/franciscanos.org.br\/noticias\/wp-content\/uploads\/2023\/01\/brasilia_31_2.jpg 1024w, https:\/\/franciscanos.org.br\/noticias\/wp-content\/uploads\/2023\/01\/brasilia_31_2-450x226.jpg 450w, https:\/\/franciscanos.org.br\/noticias\/wp-content\/uploads\/2023\/01\/brasilia_31_2-768x386.jpg 768w, https:\/\/franciscanos.org.br\/noticias\/wp-content\/uploads\/2023\/01\/brasilia_31_2-150x75.jpg 150w\" sizes=\"(max-width: 1024px) 100vw, 1024px\" \/><\/p>\n<p>Ainda nesse tempo, os frades animadores de JPIC, os Secret\u00e1rios de Evangeliza\u00e7\u00e3o Mission\u00e1ria e os Secret\u00e1rios de Forma\u00e7\u00e3o e Estudos puderam gozar da alegria do encontro fraterno e da troca de experi\u00eancias fraternas e mission\u00e1rias. Pe\u00e7amos a Virgem dos Anjos que nos aben\u00e7oe e nos conduza nas esperan\u00e7as, desafios e sonhos discutidos nesses dias!<\/p>\n<hr \/>\n<p><em>Frei Jhonatan de Jesus Luiz, ofm, animador de JPIC da Prov\u00edncia Santa Cruz<\/em><\/p>\n","protected":false},"excerpt":{"rendered":"<p>Confer\u00eancia Brasil e Cone Sul<\/p>\n","protected":false},"author":3,"featured_media":242008,"comment_status":"open","ping_status":"open","sticky":false,"template":"","format":"standard","meta":[],"categories":[1],"tags":[1996],"acf":[],"yoast_head":"<!-- This site is optimized with the Yoast SEO plugin v19.2 - https:\/\/yoast.com\/wordpress\/plugins\/seo\/ -->\n<title>Frades da Confer\u00eancia Brasil e Cone Sul e da C\u00faria Geral se re\u00fanem em Bras\u00edlia para pensar formas conjuntas de a\u00e7\u00e3o - Not\u00edcias - Franciscanos<\/title>\n<meta name=\"robots\" content=\"index, follow, max-snippet:-1, max-image-preview:large, max-video-preview:-1\" \/>\n<link rel=\"canonical\" href=\"https:\/\/franciscanos.org.br\/noticias\/frades-da-conferencia-brasil-e-cone-sul-e-da-curia-geral-se-reunem-em-brasilia-para-pensar-formas-conjuntas-de-acao.html\" \/>\n<meta property=\"og:locale\" content=\"pt_BR\" \/>\n<meta property=\"og:type\" content=\"article\" \/>\n<meta property=\"og:title\" content=\"Frades da Confer\u00eancia Brasil e Cone Sul e da C\u00faria Geral se re\u00fanem em Bras\u00edlia para pensar formas conjuntas de a\u00e7\u00e3o - Not\u00edcias - Franciscanos\" \/>\n<meta property=\"og:description\" content=\"Confer\u00eancia Brasil e Cone Sul\" \/>\n<meta property=\"og:url\" content=\"https:\/\/franciscanos.org.br\/noticias\/frades-da-conferencia-brasil-e-cone-sul-e-da-curia-geral-se-reunem-em-brasilia-para-pensar-formas-conjuntas-de-acao.html\" \/>\n<meta property=\"og:site_name\" content=\"Not\u00edcias - Franciscanos\" \/>\n<meta property=\"article:published_time\" content=\"2023-01-31T15:47:31+00:00\" \/>\n<meta property=\"og:image\" content=\"https:\/\/franciscanos.org.br\/noticias\/wp-content\/uploads\/2023\/01\/brasilia_31.jpg\" \/>\n\t<meta property=\"og:image:width\" content=\"1280\" \/>\n\t<meta property=\"og:image:height\" content=\"720\" \/>\n\t<meta property=\"og:image:type\" content=\"image\/jpeg\" \/>\n<meta name=\"author\" content=\"moacir\" \/>\n<meta name=\"twitter:card\" content=\"summary_large_image\" \/>\n<meta name=\"twitter:label1\" content=\"Escrito por\" \/>\n\t<meta name=\"twitter:data1\" content=\"moacir\" \/>\n\t<meta name=\"twitter:label2\" content=\"Est. tempo de leitura\" \/>\n\t<meta name=\"twitter:data2\" content=\"3 minutos\" \/>\n<script type=\"application\/ld+json\" class=\"yoast-schema-graph\">{\"@context\":\"https:\/\/schema.org\",\"@graph\":[{\"@type\":\"WebSite\",\"@id\":\"https:\/\/franciscanos.org.br\/noticias\/#website\",\"url\":\"https:\/\/franciscanos.org.br\/noticias\/\",\"name\":\"Not\u00edcias - Franciscanos\",\"description\":\"Prov\u00edncia Franciscana da Imaculada Concei\u00e7\u00e3o do Brasil - Ordem dos Frades Menores - OFM\",\"potentialAction\":[{\"@type\":\"SearchAction\",\"target\":{\"@type\":\"EntryPoint\",\"urlTemplate\":\"https:\/\/franciscanos.org.br\/noticias\/?s={search_term_string}\"},\"query-input\":\"required name=search_term_string\"}],\"inLanguage\":\"pt-BR\"},{\"@type\":\"ImageObject\",\"inLanguage\":\"pt-BR\",\"@id\":\"https:\/\/franciscanos.org.br\/noticias\/frades-da-conferencia-brasil-e-cone-sul-e-da-curia-geral-se-reunem-em-brasilia-para-pensar-formas-conjuntas-de-acao.html#primaryimage\",\"url\":\"https:\/\/franciscanos.org.br\/noticias\/wp-content\/uploads\/2023\/01\/brasilia_31.jpg\",\"contentUrl\":\"https:\/\/franciscanos.org.br\/noticias\/wp-content\/uploads\/2023\/01\/brasilia_31.jpg\",\"width\":1280,\"height\":720},{\"@type\":\"WebPage\",\"@id\":\"https:\/\/franciscanos.org.br\/noticias\/frades-da-conferencia-brasil-e-cone-sul-e-da-curia-geral-se-reunem-em-brasilia-para-pensar-formas-conjuntas-de-acao.html#webpage\",\"url\":\"https:\/\/franciscanos.org.br\/noticias\/frades-da-conferencia-brasil-e-cone-sul-e-da-curia-geral-se-reunem-em-brasilia-para-pensar-formas-conjuntas-de-acao.html\",\"name\":\"Frades da Confer\u00eancia Brasil e Cone Sul e da C\u00faria Geral se re\u00fanem em Bras\u00edlia para pensar formas conjuntas de a\u00e7\u00e3o - Not\u00edcias - Franciscanos\",\"isPartOf\":{\"@id\":\"https:\/\/franciscanos.org.br\/noticias\/#website\"},\"primaryImageOfPage\":{\"@id\":\"https:\/\/franciscanos.org.br\/noticias\/frades-da-conferencia-brasil-e-cone-sul-e-da-curia-geral-se-reunem-em-brasilia-para-pensar-formas-conjuntas-de-acao.html#primaryimage\"},\"datePublished\":\"2023-01-31T15:47:31+00:00\",\"dateModified\":\"2023-01-31T15:47:31+00:00\",\"author\":{\"@id\":\"https:\/\/franciscanos.org.br\/noticias\/#\/schema\/person\/b5c8cba458c330ccff548b056e95a5d4\"},\"breadcrumb\":{\"@id\":\"https:\/\/franciscanos.org.br\/noticias\/frades-da-conferencia-brasil-e-cone-sul-e-da-curia-geral-se-reunem-em-brasilia-para-pensar-formas-conjuntas-de-acao.html#breadcrumb\"},\"inLanguage\":\"pt-BR\",\"potentialAction\":[{\"@type\":\"ReadAction\",\"target\":[\"https:\/\/franciscanos.org.br\/noticias\/frades-da-conferencia-brasil-e-cone-sul-e-da-curia-geral-se-reunem-em-brasilia-para-pensar-formas-conjuntas-de-acao.html\"]}]},{\"@type\":\"BreadcrumbList\",\"@id\":\"https:\/\/franciscanos.org.br\/noticias\/frades-da-conferencia-brasil-e-cone-sul-e-da-curia-geral-se-reunem-em-brasilia-para-pensar-formas-conjuntas-de-acao.html#breadcrumb\",\"itemListElement\":[{\"@type\":\"ListItem\",\"position\":1,\"name\":\"Home\",\"item\":\"https:\/\/franciscanos.org.br\/noticias\"},{\"@type\":\"ListItem\",\"position\":2,\"name\":\"Frades da Confer\u00eancia Brasil e Cone Sul e da C\u00faria Geral se re\u00fanem em Bras\u00edlia para pensar formas conjuntas de a\u00e7\u00e3o\"}]},{\"@type\":\"Person\",\"@id\":\"https:\/\/franciscanos.org.br\/noticias\/#\/schema\/person\/b5c8cba458c330ccff548b056e95a5d4\",\"name\":\"moacir\",\"image\":{\"@type\":\"ImageObject\",\"inLanguage\":\"pt-BR\",\"@id\":\"https:\/\/franciscanos.org.br\/noticias\/#\/schema\/person\/image\/\",\"url\":\"https:\/\/secure.gravatar.com\/avatar\/d08aa2ce4c8dd416d4479aa8536fcf64?s=96&d=mm&r=g\",\"contentUrl\":\"https:\/\/secure.gravatar.com\/avatar\/d08aa2ce4c8dd416d4479aa8536fcf64?s=96&d=mm&r=g\",\"caption\":\"moacir\"},\"url\":\"https:\/\/franciscanos.org.br\/noticias\/author\/moacir\"}]}<\/script>\n<!-- \/ Yoast SEO plugin. -->","yoast_head_json":{"title":"Frades da Confer\u00eancia Brasil e Cone Sul e da C\u00faria Geral se re\u00fanem em Bras\u00edlia para pensar formas conjuntas de a\u00e7\u00e3o - Not\u00edcias - Franciscanos","robots":{"index":"index","follow":"follow","max-snippet":"max-snippet:-1","max-image-preview":"max-image-preview:large","max-video-preview":"max-video-preview:-1"},"canonical":"https:\/\/franciscanos.org.br\/noticias\/frades-da-conferencia-brasil-e-cone-sul-e-da-curia-geral-se-reunem-em-brasilia-para-pensar-formas-conjuntas-de-acao.html","og_locale":"pt_BR","og_type":"article","og_title":"Frades da Confer\u00eancia Brasil e Cone Sul e da C\u00faria Geral se re\u00fanem em Bras\u00edlia para pensar formas conjuntas de a\u00e7\u00e3o - Not\u00edcias - Franciscanos","og_description":"Confer\u00eancia Brasil e Cone Sul","og_url":"https:\/\/franciscanos.org.br\/noticias\/frades-da-conferencia-brasil-e-cone-sul-e-da-curia-geral-se-reunem-em-brasilia-para-pensar-formas-conjuntas-de-acao.html","og_site_name":"Not\u00edcias - Franciscanos","article_published_time":"2023-01-31T15:47:31+00:00","og_image":[{"width":1280,"height":720,"url":"https:\/\/franciscanos.org.br\/noticias\/wp-content\/uploads\/2023\/01\/brasilia_31.jpg","type":"image\/jpeg"}],"author":"moacir","twitter_card":"summary_large_image","twitter_misc":{"Escrito por":"moacir","Est. tempo de leitura":"3 minutos"},"schema":{"@context":"https:\/\/schema.org","@graph":[{"@type":"WebSite","@id":"https:\/\/franciscanos.org.br\/noticias\/#website","url":"https:\/\/franciscanos.org.br\/noticias\/","name":"Not\u00edcias - Franciscanos","description":"Prov\u00edncia Franciscana da Imaculada Concei\u00e7\u00e3o do Brasil - Ordem dos Frades Menores - OFM","potentialAction":[{"@type":"SearchAction","target":{"@type":"EntryPoint","urlTemplate":"https:\/\/franciscanos.org.br\/noticias\/?s={search_term_string}"},"query-input":"required name=search_term_string"}],"inLanguage":"pt-BR"},{"@type":"ImageObject","inLanguage":"pt-BR","@id":"https:\/\/franciscanos.org.br\/noticias\/frades-da-conferencia-brasil-e-cone-sul-e-da-curia-geral-se-reunem-em-brasilia-para-pensar-formas-conjuntas-de-acao.html#primaryimage","url":"https:\/\/franciscanos.org.br\/noticias\/wp-content\/uploads\/2023\/01\/brasilia_31.jpg","contentUrl":"https:\/\/franciscanos.org.br\/noticias\/wp-content\/uploads\/2023\/01\/brasilia_31.jpg","width":1280,"height":720},{"@type":"WebPage","@id":"https:\/\/franciscanos.org.br\/noticias\/frades-da-conferencia-brasil-e-cone-sul-e-da-curia-geral-se-reunem-em-brasilia-para-pensar-formas-conjuntas-de-acao.html#webpage","url":"https:\/\/franciscanos.org.br\/noticias\/frades-da-conferencia-brasil-e-cone-sul-e-da-curia-geral-se-reunem-em-brasilia-para-pensar-formas-conjuntas-de-acao.html","name":"Frades da Confer\u00eancia Brasil e Cone Sul e da C\u00faria Geral se re\u00fanem em Bras\u00edlia para pensar formas conjuntas de a\u00e7\u00e3o - Not\u00edcias - Franciscanos","isPartOf":{"@id":"https:\/\/franciscanos.org.br\/noticias\/#website"},"primaryImageOfPage":{"@id":"https:\/\/franciscanos.org.br\/noticias\/frades-da-conferencia-brasil-e-cone-sul-e-da-curia-geral-se-reunem-em-brasilia-para-pensar-formas-conjuntas-de-acao.html#primaryimage"},"datePublished":"2023-01-31T15:47:31+00:00","dateModified":"2023-01-31T15:47:31+00:00","author":{"@id":"https:\/\/franciscanos.org.br\/noticias\/#\/schema\/person\/b5c8cba458c330ccff548b056e95a5d4"},"breadcrumb":{"@id":"https:\/\/franciscanos.org.br\/noticias\/frades-da-conferencia-brasil-e-cone-sul-e-da-curia-geral-se-reunem-em-brasilia-para-pensar-formas-conjuntas-de-acao.html#breadcrumb"},"inLanguage":"pt-BR","potentialAction":[{"@type":"ReadAction","target":["https:\/\/franciscanos.org.br\/noticias\/frades-da-conferencia-brasil-e-cone-sul-e-da-curia-geral-se-reunem-em-brasilia-para-pensar-formas-conjuntas-de-acao.html"]}]},{"@type":"BreadcrumbList","@id":"https:\/\/franciscanos.org.br\/noticias\/frades-da-conferencia-brasil-e-cone-sul-e-da-curia-geral-se-reunem-em-brasilia-para-pensar-formas-conjuntas-de-acao.html#breadcrumb","itemListElement":[{"@type":"ListItem","position":1,"name":"Home","item":"https:\/\/franciscanos.org.br\/noticias"},{"@type":"ListItem","position":2,"name":"Frades da Confer\u00eancia Brasil e Cone Sul e da C\u00faria Geral se re\u00fanem em Bras\u00edlia para pensar formas conjuntas de a\u00e7\u00e3o"}]},{"@type":"Person","@id":"https:\/\/franciscanos.org.br\/noticias\/#\/schema\/person\/b5c8cba458c330ccff548b056e95a5d4","name":"moacir","image":{"@type":"ImageObject","inLanguage":"pt-BR","@id":"https:\/\/franciscanos.org.br\/noticias\/#\/schema\/person\/image\/","url":"https:\/\/secure.gravatar.com\/avatar\/d08aa2ce4c8dd416d4479aa8536fcf64?s=96&d=mm&r=g","contentUrl":"https:\/\/secure.gravatar.com\/avatar\/d08aa2ce4c8dd416d4479aa8536fcf64?s=96&d=mm&r=g","caption":"moacir"},"url":"https:\/\/franciscanos.org.br\/noticias\/author\/moacir"}]}},"_links":{"self":[{"href":"https:\/\/franciscanos.org.br\/noticias\/wp-json\/wp\/v2\/posts\/242007"}],"collection":[{"href":"https:\/\/franciscanos.org.br\/noticias\/wp-json\/wp\/v2\/posts"}],"about":[{"href":"https:\/\/franciscanos.org.br\/noticias\/wp-json\/wp\/v2\/types\/post"}],"author":[{"embeddable":true,"href":"https:\/\/franciscanos.org.br\/noticias\/wp-json\/wp\/v2\/users\/3"}],"replies":[{"embeddable":true,"href":"https:\/\/franciscanos.org.br\/noticias\/wp-json\/wp\/v2\/comments?post=242007"}],"version-history":[{"count":1,"href":"https:\/\/franciscanos.org.br\/noticias\/wp-json\/wp\/v2\/posts\/242007\/revisions"}],"predecessor-version":[{"id":242011,"href":"https:\/\/franciscanos.org.br\/noticias\/wp-json\/wp\/v2\/posts\/242007\/revisions\/242011"}],"wp:featuredmedia":[{"embeddable":true,"href":"https:\/\/franciscanos.org.br\/noticias\/wp-json\/wp\/v2\/media\/242008"}],"wp:attachment":[{"href":"https:\/\/franciscanos.org.br\/noticias\/wp-json\/wp\/v2\/media?parent=242007"}],"wp:term":[{"taxonomy":"category","embeddable":true,"href":"https:\/\/franciscanos.org.br\/noticias\/wp-json\/wp\/v2\/categories?post=242007"},{"taxonomy":"post_tag","embeddable":true,"href":"https:\/\/franciscanos.org.br\/noticias\/wp-json\/wp\/v2\/tags?post=242007"}],"curies":[{"name":"wp","href":"https:\/\/api.w.org\/{rel}","templated":true}]}}