{"id":242000,"date":"2023-01-31T12:20:48","date_gmt":"2023-01-31T15:20:48","guid":{"rendered":"https:\/\/franciscanos.org.br\/noticias\/?p=242000"},"modified":"2025-03-10T15:26:28","modified_gmt":"2025-03-10T18:26:28","slug":"missoes-voltam-com-forca-em-pato-branco-antes-jovens-caminham-em-vila-velha","status":"publish","type":"post","link":"https:\/\/franciscanos.org.br\/noticias\/missoes-voltam-com-forca-em-pato-branco-antes-jovens-caminham-em-vila-velha.html","title":{"rendered":"Miss\u00f5es voltam com for\u00e7a em Pato Branco. Antes,  jovens caminham  em Vila Velha!"},"content":{"rendered":"<p><img loading=\"lazy\" class=\"alignnone size-full wp-image-242001\" src=\"https:\/\/franciscanos.org.br\/noticias\/wp-content\/uploads\/2023\/01\/juventude_01.jpg\" alt=\"\" width=\"1280\" height=\"720\" srcset=\"https:\/\/franciscanos.org.br\/noticias\/wp-content\/uploads\/2023\/01\/juventude_01.jpg 1280w, https:\/\/franciscanos.org.br\/noticias\/wp-content\/uploads\/2023\/01\/juventude_01-450x253.jpg 450w, https:\/\/franciscanos.org.br\/noticias\/wp-content\/uploads\/2023\/01\/juventude_01-1024x576.jpg 1024w, https:\/\/franciscanos.org.br\/noticias\/wp-content\/uploads\/2023\/01\/juventude_01-768x432.jpg 768w, https:\/\/franciscanos.org.br\/noticias\/wp-content\/uploads\/2023\/01\/juventude_01-150x84.jpg 150w\" sizes=\"(max-width: 1280px) 100vw, 1280px\" \/><\/p>\n<p><strong>Colatina (ES) &#8211;<\/strong> Durante a <em>#SuperLive<\/em> de encerramento do Dia de Miss\u00e3o, realizada no \u00faltimo domingo (29\/01), \u00e0s 20h30, os frades animadores da Evangeliza\u00e7\u00e3o para as Juventudes da Prov\u00edncia da Imaculada Concei\u00e7\u00e3o do Brasil e o Conselho das Juventudes anunciaram as cidades sedes da pr\u00f3xima Caminhada e Miss\u00e3o Franciscana da Juventude dos anos de 2023 e 2024.<\/p>\n<p>Ap\u00f3s a interrup\u00e7\u00e3o dos eventos por conta da pandemia em 2020, a partir de agora as atividades evangelizadoras com os jovens franciscanos da Prov\u00edncia voltam com todo vigor e empenho, retomando assim, com muita alegria e esperan\u00e7a a grandiosidade e import\u00e2ncia desta experi\u00eancia na vida dos jovens.<\/p>\n<p>A cidade de Vila Velha, no estado do Esp\u00edrito Santo (ES), acolher\u00e1 a 11\u00aa edi\u00e7\u00e3o da CFJ entre os dias 29 e 30 de julho de 2023. \u00c9 a primeira vez que este evento ser\u00e1 sediado em terras capixabas. Com percursos pelo mar, at\u00e9 a virgem da Penha, os jovens ser\u00e3o convidados a percorrerem um caminho marcado pela f\u00e9 em dire\u00e7\u00e3o ao Convento de Nossa Senhora da Penha, principal cart\u00e3o postal do Esp\u00edrito Santo.<\/p>\n\n\t\t<style type=\"text\/css\">\n\t\t\t#gallery-1 {\n\t\t\t\tmargin: auto;\n\t\t\t}\n\t\t\t#gallery-1 .gallery-item {\n\t\t\t\tfloat: left;\n\t\t\t\tmargin-top: 10px;\n\t\t\t\ttext-align: center;\n\t\t\t\twidth: 50%;\n\t\t\t}\n\t\t\t#gallery-1 img {\n\t\t\t\tborder: 2px solid #cfcfcf;\n\t\t\t}\n\t\t\t#gallery-1 .gallery-caption {\n\t\t\t\tmargin-left: 0;\n\t\t\t}\n\t\t\t\/* see gallery_shortcode() in wp-includes\/media.php *\/\n\t\t<\/style>\n\t\t<div id='gallery-1' class='gallery galleryid-242000 gallery-columns-2 gallery-size-thumbnail'><dl class='gallery-item'>\n\t\t\t<dt class='gallery-icon landscape'>\n\t\t\t\t<a href='https:\/\/franciscanos.org.br\/noticias\/wp-content\/uploads\/2023\/01\/juventude_02.png'><img width=\"300\" height=\"300\" src=\"https:\/\/franciscanos.org.br\/noticias\/wp-content\/uploads\/2023\/01\/juventude_02-300x300.png\" class=\"attachment-thumbnail size-thumbnail\" alt=\"\" loading=\"lazy\" srcset=\"https:\/\/franciscanos.org.br\/noticias\/wp-content\/uploads\/2023\/01\/juventude_02-300x300.png 300w, https:\/\/franciscanos.org.br\/noticias\/wp-content\/uploads\/2023\/01\/juventude_02-450x450.png 450w, https:\/\/franciscanos.org.br\/noticias\/wp-content\/uploads\/2023\/01\/juventude_02-768x768.png 768w, https:\/\/franciscanos.org.br\/noticias\/wp-content\/uploads\/2023\/01\/juventude_02-150x150.png 150w, https:\/\/franciscanos.org.br\/noticias\/wp-content\/uploads\/2023\/01\/juventude_02-100x100.png 100w, https:\/\/franciscanos.org.br\/noticias\/wp-content\/uploads\/2023\/01\/juventude_02.png 1000w\" sizes=\"(max-width: 300px) 100vw, 300px\" \/><\/a>\n\t\t\t<\/dt><\/dl><dl class='gallery-item'>\n\t\t\t<dt class='gallery-icon landscape'>\n\t\t\t\t<a href='https:\/\/franciscanos.org.br\/noticias\/wp-content\/uploads\/2023\/01\/juventude_03.png'><img width=\"300\" height=\"300\" src=\"https:\/\/franciscanos.org.br\/noticias\/wp-content\/uploads\/2023\/01\/juventude_03-300x300.png\" class=\"attachment-thumbnail size-thumbnail\" alt=\"\" loading=\"lazy\" srcset=\"https:\/\/franciscanos.org.br\/noticias\/wp-content\/uploads\/2023\/01\/juventude_03-300x300.png 300w, https:\/\/franciscanos.org.br\/noticias\/wp-content\/uploads\/2023\/01\/juventude_03-450x450.png 450w, https:\/\/franciscanos.org.br\/noticias\/wp-content\/uploads\/2023\/01\/juventude_03-768x768.png 768w, https:\/\/franciscanos.org.br\/noticias\/wp-content\/uploads\/2023\/01\/juventude_03-150x150.png 150w, https:\/\/franciscanos.org.br\/noticias\/wp-content\/uploads\/2023\/01\/juventude_03-100x100.png 100w, https:\/\/franciscanos.org.br\/noticias\/wp-content\/uploads\/2023\/01\/juventude_03.png 1000w\" sizes=\"(max-width: 300px) 100vw, 300px\" \/><\/a>\n\t\t\t<\/dt><\/dl><br style=\"clear: both\" \/>\n\t\t<\/div>\n\n<p>J\u00e1 em janeiro de 2024, a cidade de Pato Branco, no Sudoeste do Paran\u00e1 (PR), acolher\u00e1 a 8\u00aa edi\u00e7\u00e3o da MFJ. Durante a <em>live,<\/em> Frei Gabriel Dellandrea e Frei Roger Strapazzon, entregaram o Tau da miss\u00e3o para o grupo de jovens pato-branquenses, que com muita \u00a0alegria agradeceu a oportunidade de acolher pela primeira vez este evento.<\/p>\n<p>Mais cedo, estes mesmos jovens realizaram a proposta do Dia de Miss\u00e3o e se reuniram de uma forma j\u00e1 bem conhecida na Par\u00f3quia S\u00e3o Pedro Ap\u00f3stolo: por meio de uma trilha. H\u00e1 mais de um ano acontece a chamada \u201cTrilha Franciscana\u201d, que mensalmente re\u00fane os jovens para fazer uma experi\u00eancia de itiner\u00e2ncia e encontro com a natureza.<\/p>\n<p>Desta vez, al\u00e9m da participa\u00e7\u00e3o de Frei Gabriel Vargas Dias Alves os freis Gabriel e Roger tamb\u00e9m participaram e, juntamente com o grupo, percorreram aproximadamente 5km em uma regi\u00e3o de propriedades rurais, passando por estradas que eram ladeadas por planta\u00e7\u00f5es de soja e videiras. Mais de 60 pessoas se fizeram presentes. Segundo Frei Gabriel Dellandrea, um ponto alto da experi\u00eancia foi a parada na casa de uma fam\u00edlia que estava vivendo um per\u00edodo de luto por ter perdido os seus familiares. \u201cAli os participantes rezaram pelos moradores da casa e, em troca, generosamente, a fam\u00edlia ofereceu uvas e \u00e1gua fresca\u201d, disse.<\/p>\n<p>\u201cA trilha finalizou na propriedade de uma fam\u00edlia que cultiva uvas para o sustento. Ali, debaixo da videira, foi celebrada uma missa para agradecer a Deus pela trilha, refletindo sobre as bem-aventuran\u00e7as. Durante o trajeto uma imagem de S\u00e3o Francisco passou entre os participantes e cada um pode tirar uns minutinhos de sil\u00eancio para rezar e refletir\u201d, partilhou.<\/p>\n<p>J\u00e1 em Xaxim, cidade que sediou a \u00faltima edi\u00e7\u00e3o das Miss\u00f5es Franciscanas da Juventude, os jovens participaram do retiro dos catequistas de toda a par\u00f3quia S\u00e3o Luiz Gonzaga e atrav\u00e9s do canto e do aux\u00edlio necess\u00e1rio para o bem desenvolvimento do retiro, foram apoio para que os catequistas se sentissem motivados e renovados com sua voca\u00e7\u00e3o. \u201cNa oportunidade, mobilizamos todos a gravarem v\u00eddeos na expectativa de descobrir onde seria a pr\u00f3xima miss\u00e3o franciscana\u201d, contou Willian Assis.<\/p>\n<p>O grupo de jovens tamb\u00e9m se reuniu na igreja Matriz S\u00e3o Luiz Gonzaga e distribuiu frases contendo vers\u00edculos b\u00edblicos, cita\u00e7\u00f5es do Papa Francisco e de S\u00e3o Francisco, juntamente com a ora\u00e7\u00e3o de do Santo de Assis. \u201cFoi uma forma de levar uma mensagem franciscana e de esperan\u00e7a, que vem de encontro com a miss\u00e3o do grupo, que \u00e9 levar uma mensagem de vida a todas as pessoas\u201d, destacou.<\/p>\n<p><img loading=\"lazy\" class=\"alignnone size-full wp-image-242004\" src=\"https:\/\/franciscanos.org.br\/noticias\/wp-content\/uploads\/2023\/01\/juventude_04.jpg\" alt=\"\" width=\"1280\" height=\"715\" srcset=\"https:\/\/franciscanos.org.br\/noticias\/wp-content\/uploads\/2023\/01\/juventude_04.jpg 1280w, https:\/\/franciscanos.org.br\/noticias\/wp-content\/uploads\/2023\/01\/juventude_04-450x251.jpg 450w, https:\/\/franciscanos.org.br\/noticias\/wp-content\/uploads\/2023\/01\/juventude_04-1024x572.jpg 1024w, https:\/\/franciscanos.org.br\/noticias\/wp-content\/uploads\/2023\/01\/juventude_04-768x429.jpg 768w, https:\/\/franciscanos.org.br\/noticias\/wp-content\/uploads\/2023\/01\/juventude_04-150x84.jpg 150w\" sizes=\"(max-width: 1280px) 100vw, 1280px\" \/><\/p>\n<p>Em Petr\u00f3polis (RJ), com um grupo de jovens formado h\u00e1 pouco tempo, a juventude da Par\u00f3quia do Sagrado Cora\u00e7\u00e3o de Jesus topou o desafio do Dia de Miss\u00e3o e resolveu subir as ladeiras do bairro do Ingelheim, sorrindo, cantando e tocando m\u00fasicas.<\/p>\n<p>\u201cCome\u00e7amos com um momento de ora\u00e7\u00e3o na Igreja Nossa Senhora da Ajuda. A proposta abra\u00e7ada pelo grupo fugiu ao estilo convencional de visita \u00e0s casas. Pela m\u00fasica quer\u00edamos chegar direto ao cora\u00e7\u00e3o de quem nos acolhia. Fizemos uma serenata para cada um daqueles que haver\u00edamos de encontrar. Tra\u00e7ando um paralelo com a vida de Francisco e nos fazendo valer de um violino, imitamos o santo e cantamos louvando ao \u201cAmor de Deus que se mostra em pleno, floresce o jardim, d\u00e1 vida ao beija-flor\u201d para nos dizer o qu\u00e3o \u201cgrande \u00e9 seu amor\u201d! Ap\u00f3s a ora\u00e7\u00e3o do Senhor, agradecemos a acolhida, o sorriso no rosto, as l\u00e1grimas derramadas, e as ora\u00e7\u00f5es de uma senhorinha que n\u00e3o parou de proferir palavras de b\u00ean\u00e7\u00e3o enquanto estivemos ali\u201d, revelou Fabia Lisboa de Souza.<\/p>\n<p>J\u00e1 em S\u00e3o Paulo, os jovens desenvolveram suas atividades no Servi\u00e7o Franciscano de Solidariedade (SEFRAS). Segundo Clem\u00eancia Vieira, foi uma experi\u00eancia marcante, principalmente para alguns jovens que n\u00e3o conheciam o trabalho do SEFRAS. \u201cOuvimos o relato de um sr., colaborador do SEFRAS, que \u00e9 um sobrevivente da Chacina do Carandiru e que passou 28 anos na pris\u00e3o. Hoje \u00e9 um escritor, palestrante e ator\u201d, destacou.<\/p>\n<p><img loading=\"lazy\" class=\"alignnone size-full wp-image-242005\" src=\"https:\/\/franciscanos.org.br\/noticias\/wp-content\/uploads\/2023\/01\/juventude_05.jpg\" alt=\"\" width=\"1280\" height=\"654\" srcset=\"https:\/\/franciscanos.org.br\/noticias\/wp-content\/uploads\/2023\/01\/juventude_05.jpg 1280w, https:\/\/franciscanos.org.br\/noticias\/wp-content\/uploads\/2023\/01\/juventude_05-450x230.jpg 450w, https:\/\/franciscanos.org.br\/noticias\/wp-content\/uploads\/2023\/01\/juventude_05-1024x523.jpg 1024w, https:\/\/franciscanos.org.br\/noticias\/wp-content\/uploads\/2023\/01\/juventude_05-768x392.jpg 768w, https:\/\/franciscanos.org.br\/noticias\/wp-content\/uploads\/2023\/01\/juventude_05-150x77.jpg 150w\" sizes=\"(max-width: 1280px) 100vw, 1280px\" \/><\/p>\n<p>Outras atividades foram desenvolvidas tamb\u00e9m no Santu\u00e1rio Frei Galv\u00e3o de Guaratinguet\u00e1 (SP), Par\u00f3quia S\u00e3o Paulo Ap\u00f3stolo de Agudos (SP) e Par\u00f3quia S\u00e3o Francisco de Assis em Campos El\u00edseos (RJ). Inciativas que somadas reuniram aproximadamente mais de 250 jovens que acolheram a proposta do Dia de Miss\u00e3o e realizaram a Miss\u00e3o Franciscana de 2023 nas suas pr\u00f3prias comunidades e cidades.<\/p>\n<hr \/>\n<p><em>Frei Augusto Luiz Gabriel<\/em><\/p>\n","protected":false},"excerpt":{"rendered":"<p>Juventudes da Prov\u00edncia<\/p>\n","protected":false},"author":3,"featured_media":242002,"comment_status":"open","ping_status":"open","sticky":false,"template":"","format":"standard","meta":[],"categories":[1],"tags":[699,1420,1206,2056],"acf":[],"yoast_head":"<!-- This site is optimized with the Yoast SEO plugin v19.2 - https:\/\/yoast.com\/wordpress\/plugins\/seo\/ -->\n<title>Miss\u00f5es voltam com for\u00e7a em Pato Branco. Antes, jovens caminham em Vila Velha! - Not\u00edcias - Franciscanos<\/title>\n<meta name=\"robots\" content=\"index, follow, max-snippet:-1, max-image-preview:large, max-video-preview:-1\" \/>\n<link rel=\"canonical\" href=\"https:\/\/franciscanos.org.br\/noticias\/missoes-voltam-com-forca-em-pato-branco-antes-jovens-caminham-em-vila-velha.html\" \/>\n<meta property=\"og:locale\" content=\"pt_BR\" \/>\n<meta property=\"og:type\" content=\"article\" \/>\n<meta property=\"og:title\" content=\"Miss\u00f5es voltam com for\u00e7a em Pato Branco. Antes, jovens caminham em Vila Velha! - Not\u00edcias - Franciscanos\" \/>\n<meta property=\"og:description\" content=\"Juventudes da Prov\u00edncia\" \/>\n<meta property=\"og:url\" content=\"https:\/\/franciscanos.org.br\/noticias\/missoes-voltam-com-forca-em-pato-branco-antes-jovens-caminham-em-vila-velha.html\" \/>\n<meta property=\"og:site_name\" content=\"Not\u00edcias - Franciscanos\" \/>\n<meta property=\"article:published_time\" content=\"2023-01-31T15:20:48+00:00\" \/>\n<meta property=\"article:modified_time\" content=\"2025-03-10T18:26:28+00:00\" \/>\n<meta property=\"og:image\" content=\"https:\/\/franciscanos.org.br\/noticias\/wp-content\/uploads\/2023\/01\/juventude_02.png\" \/>\n\t<meta property=\"og:image:width\" content=\"1000\" \/>\n\t<meta property=\"og:image:height\" content=\"1000\" \/>\n\t<meta property=\"og:image:type\" content=\"image\/png\" \/>\n<meta name=\"author\" content=\"moacir\" \/>\n<meta name=\"twitter:card\" content=\"summary_large_image\" \/>\n<meta name=\"twitter:label1\" content=\"Escrito por\" \/>\n\t<meta name=\"twitter:data1\" content=\"moacir\" \/>\n\t<meta name=\"twitter:label2\" content=\"Est. tempo de leitura\" \/>\n\t<meta name=\"twitter:data2\" content=\"5 minutos\" \/>\n<script type=\"application\/ld+json\" class=\"yoast-schema-graph\">{\"@context\":\"https:\/\/schema.org\",\"@graph\":[{\"@type\":\"WebSite\",\"@id\":\"https:\/\/franciscanos.org.br\/noticias\/#website\",\"url\":\"https:\/\/franciscanos.org.br\/noticias\/\",\"name\":\"Not\u00edcias - Franciscanos\",\"description\":\"Prov\u00edncia Franciscana da Imaculada Concei\u00e7\u00e3o do Brasil - Ordem dos Frades Menores - OFM\",\"potentialAction\":[{\"@type\":\"SearchAction\",\"target\":{\"@type\":\"EntryPoint\",\"urlTemplate\":\"https:\/\/franciscanos.org.br\/noticias\/?s={search_term_string}\"},\"query-input\":\"required name=search_term_string\"}],\"inLanguage\":\"pt-BR\"},{\"@type\":\"ImageObject\",\"inLanguage\":\"pt-BR\",\"@id\":\"https:\/\/franciscanos.org.br\/noticias\/missoes-voltam-com-forca-em-pato-branco-antes-jovens-caminham-em-vila-velha.html#primaryimage\",\"url\":\"https:\/\/franciscanos.org.br\/noticias\/wp-content\/uploads\/2023\/01\/juventude_02.png\",\"contentUrl\":\"https:\/\/franciscanos.org.br\/noticias\/wp-content\/uploads\/2023\/01\/juventude_02.png\",\"width\":1000,\"height\":1000},{\"@type\":\"WebPage\",\"@id\":\"https:\/\/franciscanos.org.br\/noticias\/missoes-voltam-com-forca-em-pato-branco-antes-jovens-caminham-em-vila-velha.html#webpage\",\"url\":\"https:\/\/franciscanos.org.br\/noticias\/missoes-voltam-com-forca-em-pato-branco-antes-jovens-caminham-em-vila-velha.html\",\"name\":\"Miss\u00f5es voltam com for\u00e7a em Pato Branco. Antes, jovens caminham em Vila Velha! - Not\u00edcias - Franciscanos\",\"isPartOf\":{\"@id\":\"https:\/\/franciscanos.org.br\/noticias\/#website\"},\"primaryImageOfPage\":{\"@id\":\"https:\/\/franciscanos.org.br\/noticias\/missoes-voltam-com-forca-em-pato-branco-antes-jovens-caminham-em-vila-velha.html#primaryimage\"},\"datePublished\":\"2023-01-31T15:20:48+00:00\",\"dateModified\":\"2025-03-10T18:26:28+00:00\",\"author\":{\"@id\":\"https:\/\/franciscanos.org.br\/noticias\/#\/schema\/person\/b5c8cba458c330ccff548b056e95a5d4\"},\"breadcrumb\":{\"@id\":\"https:\/\/franciscanos.org.br\/noticias\/missoes-voltam-com-forca-em-pato-branco-antes-jovens-caminham-em-vila-velha.html#breadcrumb\"},\"inLanguage\":\"pt-BR\",\"potentialAction\":[{\"@type\":\"ReadAction\",\"target\":[\"https:\/\/franciscanos.org.br\/noticias\/missoes-voltam-com-forca-em-pato-branco-antes-jovens-caminham-em-vila-velha.html\"]}]},{\"@type\":\"BreadcrumbList\",\"@id\":\"https:\/\/franciscanos.org.br\/noticias\/missoes-voltam-com-forca-em-pato-branco-antes-jovens-caminham-em-vila-velha.html#breadcrumb\",\"itemListElement\":[{\"@type\":\"ListItem\",\"position\":1,\"name\":\"Home\",\"item\":\"https:\/\/franciscanos.org.br\/noticias\"},{\"@type\":\"ListItem\",\"position\":2,\"name\":\"Miss\u00f5es voltam com for\u00e7a em Pato Branco. Antes, jovens caminham em Vila Velha!\"}]},{\"@type\":\"Person\",\"@id\":\"https:\/\/franciscanos.org.br\/noticias\/#\/schema\/person\/b5c8cba458c330ccff548b056e95a5d4\",\"name\":\"moacir\",\"image\":{\"@type\":\"ImageObject\",\"inLanguage\":\"pt-BR\",\"@id\":\"https:\/\/franciscanos.org.br\/noticias\/#\/schema\/person\/image\/\",\"url\":\"https:\/\/secure.gravatar.com\/avatar\/d08aa2ce4c8dd416d4479aa8536fcf64?s=96&d=mm&r=g\",\"contentUrl\":\"https:\/\/secure.gravatar.com\/avatar\/d08aa2ce4c8dd416d4479aa8536fcf64?s=96&d=mm&r=g\",\"caption\":\"moacir\"},\"url\":\"https:\/\/franciscanos.org.br\/noticias\/author\/moacir\"}]}<\/script>\n<!-- \/ Yoast SEO plugin. -->","yoast_head_json":{"title":"Miss\u00f5es voltam com for\u00e7a em Pato Branco. Antes, jovens caminham em Vila Velha! - Not\u00edcias - Franciscanos","robots":{"index":"index","follow":"follow","max-snippet":"max-snippet:-1","max-image-preview":"max-image-preview:large","max-video-preview":"max-video-preview:-1"},"canonical":"https:\/\/franciscanos.org.br\/noticias\/missoes-voltam-com-forca-em-pato-branco-antes-jovens-caminham-em-vila-velha.html","og_locale":"pt_BR","og_type":"article","og_title":"Miss\u00f5es voltam com for\u00e7a em Pato Branco. Antes, jovens caminham em Vila Velha! - Not\u00edcias - Franciscanos","og_description":"Juventudes da Prov\u00edncia","og_url":"https:\/\/franciscanos.org.br\/noticias\/missoes-voltam-com-forca-em-pato-branco-antes-jovens-caminham-em-vila-velha.html","og_site_name":"Not\u00edcias - Franciscanos","article_published_time":"2023-01-31T15:20:48+00:00","article_modified_time":"2025-03-10T18:26:28+00:00","og_image":[{"width":1000,"height":1000,"url":"https:\/\/franciscanos.org.br\/noticias\/wp-content\/uploads\/2023\/01\/juventude_02.png","type":"image\/png"}],"author":"moacir","twitter_card":"summary_large_image","twitter_misc":{"Escrito por":"moacir","Est. tempo de leitura":"5 minutos"},"schema":{"@context":"https:\/\/schema.org","@graph":[{"@type":"WebSite","@id":"https:\/\/franciscanos.org.br\/noticias\/#website","url":"https:\/\/franciscanos.org.br\/noticias\/","name":"Not\u00edcias - Franciscanos","description":"Prov\u00edncia Franciscana da Imaculada Concei\u00e7\u00e3o do Brasil - Ordem dos Frades Menores - OFM","potentialAction":[{"@type":"SearchAction","target":{"@type":"EntryPoint","urlTemplate":"https:\/\/franciscanos.org.br\/noticias\/?s={search_term_string}"},"query-input":"required name=search_term_string"}],"inLanguage":"pt-BR"},{"@type":"ImageObject","inLanguage":"pt-BR","@id":"https:\/\/franciscanos.org.br\/noticias\/missoes-voltam-com-forca-em-pato-branco-antes-jovens-caminham-em-vila-velha.html#primaryimage","url":"https:\/\/franciscanos.org.br\/noticias\/wp-content\/uploads\/2023\/01\/juventude_02.png","contentUrl":"https:\/\/franciscanos.org.br\/noticias\/wp-content\/uploads\/2023\/01\/juventude_02.png","width":1000,"height":1000},{"@type":"WebPage","@id":"https:\/\/franciscanos.org.br\/noticias\/missoes-voltam-com-forca-em-pato-branco-antes-jovens-caminham-em-vila-velha.html#webpage","url":"https:\/\/franciscanos.org.br\/noticias\/missoes-voltam-com-forca-em-pato-branco-antes-jovens-caminham-em-vila-velha.html","name":"Miss\u00f5es voltam com for\u00e7a em Pato Branco. Antes, jovens caminham em Vila Velha! - Not\u00edcias - Franciscanos","isPartOf":{"@id":"https:\/\/franciscanos.org.br\/noticias\/#website"},"primaryImageOfPage":{"@id":"https:\/\/franciscanos.org.br\/noticias\/missoes-voltam-com-forca-em-pato-branco-antes-jovens-caminham-em-vila-velha.html#primaryimage"},"datePublished":"2023-01-31T15:20:48+00:00","dateModified":"2025-03-10T18:26:28+00:00","author":{"@id":"https:\/\/franciscanos.org.br\/noticias\/#\/schema\/person\/b5c8cba458c330ccff548b056e95a5d4"},"breadcrumb":{"@id":"https:\/\/franciscanos.org.br\/noticias\/missoes-voltam-com-forca-em-pato-branco-antes-jovens-caminham-em-vila-velha.html#breadcrumb"},"inLanguage":"pt-BR","potentialAction":[{"@type":"ReadAction","target":["https:\/\/franciscanos.org.br\/noticias\/missoes-voltam-com-forca-em-pato-branco-antes-jovens-caminham-em-vila-velha.html"]}]},{"@type":"BreadcrumbList","@id":"https:\/\/franciscanos.org.br\/noticias\/missoes-voltam-com-forca-em-pato-branco-antes-jovens-caminham-em-vila-velha.html#breadcrumb","itemListElement":[{"@type":"ListItem","position":1,"name":"Home","item":"https:\/\/franciscanos.org.br\/noticias"},{"@type":"ListItem","position":2,"name":"Miss\u00f5es voltam com for\u00e7a em Pato Branco. Antes, jovens caminham em Vila Velha!"}]},{"@type":"Person","@id":"https:\/\/franciscanos.org.br\/noticias\/#\/schema\/person\/b5c8cba458c330ccff548b056e95a5d4","name":"moacir","image":{"@type":"ImageObject","inLanguage":"pt-BR","@id":"https:\/\/franciscanos.org.br\/noticias\/#\/schema\/person\/image\/","url":"https:\/\/secure.gravatar.com\/avatar\/d08aa2ce4c8dd416d4479aa8536fcf64?s=96&d=mm&r=g","contentUrl":"https:\/\/secure.gravatar.com\/avatar\/d08aa2ce4c8dd416d4479aa8536fcf64?s=96&d=mm&r=g","caption":"moacir"},"url":"https:\/\/franciscanos.org.br\/noticias\/author\/moacir"}]}},"_links":{"self":[{"href":"https:\/\/franciscanos.org.br\/noticias\/wp-json\/wp\/v2\/posts\/242000"}],"collection":[{"href":"https:\/\/franciscanos.org.br\/noticias\/wp-json\/wp\/v2\/posts"}],"about":[{"href":"https:\/\/franciscanos.org.br\/noticias\/wp-json\/wp\/v2\/types\/post"}],"author":[{"embeddable":true,"href":"https:\/\/franciscanos.org.br\/noticias\/wp-json\/wp\/v2\/users\/3"}],"replies":[{"embeddable":true,"href":"https:\/\/franciscanos.org.br\/noticias\/wp-json\/wp\/v2\/comments?post=242000"}],"version-history":[{"count":3,"href":"https:\/\/franciscanos.org.br\/noticias\/wp-json\/wp\/v2\/posts\/242000\/revisions"}],"predecessor-version":[{"id":242013,"href":"https:\/\/franciscanos.org.br\/noticias\/wp-json\/wp\/v2\/posts\/242000\/revisions\/242013"}],"wp:featuredmedia":[{"embeddable":true,"href":"https:\/\/franciscanos.org.br\/noticias\/wp-json\/wp\/v2\/media\/242002"}],"wp:attachment":[{"href":"https:\/\/franciscanos.org.br\/noticias\/wp-json\/wp\/v2\/media?parent=242000"}],"wp:term":[{"taxonomy":"category","embeddable":true,"href":"https:\/\/franciscanos.org.br\/noticias\/wp-json\/wp\/v2\/categories?post=242000"},{"taxonomy":"post_tag","embeddable":true,"href":"https:\/\/franciscanos.org.br\/noticias\/wp-json\/wp\/v2\/tags?post=242000"}],"curies":[{"name":"wp","href":"https:\/\/api.w.org\/{rel}","templated":true}]}}