{"id":241997,"date":"2023-01-29T09:18:42","date_gmt":"2023-01-29T12:18:42","guid":{"rendered":"https:\/\/franciscanos.org.br\/noticias\/?p=241997"},"modified":"2023-01-29T09:18:42","modified_gmt":"2023-01-29T12:18:42","slug":"papa-nao-podemos-desperdicar-os-dons-que-temos-e-recebemos","status":"publish","type":"post","link":"https:\/\/franciscanos.org.br\/noticias\/papa-nao-podemos-desperdicar-os-dons-que-temos-e-recebemos.html","title":{"rendered":"Papa: n\u00e3o podemos desperdi\u00e7ar os dons que temos e recebemos"},"content":{"rendered":"<div id=\"attachment_241998\" style=\"width: 1290px\" class=\"wp-caption alignnone\"><img aria-describedby=\"caption-attachment-241998\" loading=\"lazy\" class=\"wp-image-241998 size-full\" src=\"https:\/\/franciscanos.org.br\/noticias\/wp-content\/uploads\/2023\/01\/angelus_2901.jpg\" alt=\"\" width=\"1280\" height=\"720\" srcset=\"https:\/\/franciscanos.org.br\/noticias\/wp-content\/uploads\/2023\/01\/angelus_2901.jpg 1280w, https:\/\/franciscanos.org.br\/noticias\/wp-content\/uploads\/2023\/01\/angelus_2901-450x253.jpg 450w, https:\/\/franciscanos.org.br\/noticias\/wp-content\/uploads\/2023\/01\/angelus_2901-1024x576.jpg 1024w, https:\/\/franciscanos.org.br\/noticias\/wp-content\/uploads\/2023\/01\/angelus_2901-768x432.jpg 768w, https:\/\/franciscanos.org.br\/noticias\/wp-content\/uploads\/2023\/01\/angelus_2901-150x84.jpg 150w\" sizes=\"(max-width: 1280px) 100vw, 1280px\" \/><p id=\"caption-attachment-241998\" class=\"wp-caption-text\">\u00a0 \u00a0 \u00a0 \u00a0 \u00a0 \u00a0 \u00a0 \u00a0 \u00a0 \u00a0 \u00a0 \u00a0 \u00a0 \u00a0 \u00a0 \u00a0 \u00a0 \u00a0 \u00a0 \u00a0 \u00a0 \u00a0 \u00a0 \u00a0 \u00a0 \u00a0 \u00a0 \u00a0 \u00a0 \u00a0 \u00a0 \u00a0 \u00a0 \u00a0 \u00a0 \u00a0 \u00a0 \u00a0 \u00a0 \u00a0 \u00a0 \u00a0 \u00a0 \u00a0 \u00a0 \u00a0 \u00a0 \u00a0 \u00a0 \u00a0 \u00a0 <em>\u00a0 \u00a0 \u00a0 \u00a0 \u00a0 \u00a0 Imagem: Vatican Media<\/em><\/p><\/div>\n<p>Neste IV Domingo do Tempo Comum, (29\/01) o Papa Francisco na ora\u00e7\u00e3o do Angelus falou as Bem-aventuran\u00e7as segundo o Evangelho de Mateus. &#8220;Bem-aventurados os pobres em esp\u00edrito, porque deles \u00e9 o Reino dos C\u00e9us&#8221; (v. 3). Francisco quis esclarecer \u201cquem s\u00e3o os pobres em esp\u00edrito\u201d explicando que s\u00e3o aqueles que sabem que n\u00e3o s\u00e3o suficientes para si mesmos, que n\u00e3o s\u00e3o auto-suficientes e vivem como &#8220;mendigos de Deus&#8221;: \u201csentem necessidade d\u2019Ele e reconhecem que o bem vem d\u2019Ele, como um dom, como uma gra\u00e7a\u201d. E depois de observar que os pobres em esp\u00edrito conservam o que recebem; por isso, desejam que nenhum dom seja desperdi\u00e7ado. Disse que hoje se deteria neste aspecto t\u00edpico dos pobres em esp\u00edrito: n\u00e3o desperdi\u00e7ar.<\/p>\n<p><strong>Contra a mentalidade do desperd\u00edcio<\/strong><br \/>\nE para isso o Papa prop\u00f5e tr\u00eas desafios contra a mentalidade do desperd\u00edcio. Primeiro desafio: n\u00e3o desperdi\u00e7ar o dom que somos. \u201cCada um de n\u00f3s \u00e9 um bem, independentemente dos dotes que temos\u201d, afirmou. \u201cCada mulher, cada homem \u00e9 rico n\u00e3o apenas de talentos, mas de dignidade, \u00e9 amado por Deus, \u00e9 valioso, \u00e9 precioso\u201d.<\/p>\n<p>\u201cJesus nos lembra que somos bem-aventurados n\u00e3o pelo que temos, mas pelo que somos. A verdadeira pobreza, portanto, \u00e9 quando uma pessoa se abandona e se deteriora, desperdi\u00e7ando a si mesma. Lutemos, com a ajuda de Deus, contra a tenta\u00e7\u00e3o de nos considerarmos inadequados, errados, e de sentir pena de n\u00f3s mesmos\u201d<\/p>\n<p><strong>N\u00e3o desperdi\u00e7ar os dons que temos<\/strong><br \/>\nDepois, o segundo desafio: n\u00e3o desperdi\u00e7ar os dons que temos. Aqui o Papa refere-se ao desperd\u00edcio que nos \u00e9 dado pela cria\u00e7\u00e3o, os alimentos que s\u00e3o desperdi\u00e7ados enquanto tanta gente morre de fome:<br \/>\n\u201cOs recursos da cria\u00e7\u00e3o n\u00e3o podem ser usados dessa maneira; os bens devem ser conservados e compartilhados, para que n\u00e3o falte a ningu\u00e9m o que \u00e9 necess\u00e1rio. N\u00e3o desperdicemos o que temos, mas difundamos uma ecologia da justi\u00e7a e da caridade!\u201d<\/p>\n<p><strong>N\u00e3o descartar as pessoas<\/strong><br \/>\nEnquanto que o terceiro desafio: n\u00e3o descartar as pessoas, Francisco fala sobre a cultura do descarte explicando que se joga fora egoisticamente quando algu\u00e9m n\u00e3o nos interessa mais.<br \/>\n\u201cMas as pessoas n\u00e3o podem ser jogadas fora, nunca! Cada um \u00e9 um dom sagrado e \u00fanico, em todas as idades e em todas as condi\u00e7\u00f5es. Respeitemos e promovamos sempre a vida!\u201d<\/p>\n<p>Concluindo o Santo Padre prop\u00f4s nos questionarmos sobre estes tr\u00eas desafios, \u201cAntes de tudo, como vivo a pobreza de esp\u00edrito? Ser\u00e1 que dou lugar a Deus, ser\u00e1 que acredito que Ele seja o meu bem, minha verdadeira e grande riqueza?\u201d. E depois: \u201ctenho o cuidado de n\u00e3o desperdi\u00e7ar, sou respons\u00e1vel pelo uso das coisas, dos bens? E eu estou disposto a compartilh\u00e1-los com outros?\u201d Por fim o Papa recordou que devemos nos perguntar: \u201cconsidero os mais fr\u00e1geis como dons preciosos, que Deus me pede para cuidar? Ser\u00e1 que me recordo dos pobres, daqueles que n\u00e3o t\u00eam o necess\u00e1rio?\u201d.<\/p>\n<hr \/>\n<p><em>Fonte: Vatican News (texto de Jane Nogara)<\/em><\/p>\n","protected":false},"excerpt":{"rendered":"<p>Angelus<\/p>\n","protected":false},"author":3,"featured_media":241998,"comment_status":"open","ping_status":"open","sticky":false,"template":"","format":"standard","meta":[],"categories":[1428],"tags":[403],"acf":[],"yoast_head":"<!-- This site is optimized with the Yoast SEO plugin v19.2 - https:\/\/yoast.com\/wordpress\/plugins\/seo\/ -->\n<title>Papa: n\u00e3o podemos desperdi\u00e7ar os dons que temos e recebemos - Not\u00edcias - Franciscanos<\/title>\n<meta name=\"robots\" content=\"index, follow, max-snippet:-1, max-image-preview:large, max-video-preview:-1\" \/>\n<link rel=\"canonical\" href=\"https:\/\/franciscanos.org.br\/noticias\/papa-nao-podemos-desperdicar-os-dons-que-temos-e-recebemos.html\" \/>\n<meta property=\"og:locale\" content=\"pt_BR\" \/>\n<meta property=\"og:type\" content=\"article\" \/>\n<meta property=\"og:title\" content=\"Papa: n\u00e3o podemos desperdi\u00e7ar os dons que temos e recebemos - Not\u00edcias - Franciscanos\" \/>\n<meta property=\"og:description\" content=\"Angelus\" \/>\n<meta property=\"og:url\" content=\"https:\/\/franciscanos.org.br\/noticias\/papa-nao-podemos-desperdicar-os-dons-que-temos-e-recebemos.html\" \/>\n<meta property=\"og:site_name\" content=\"Not\u00edcias - Franciscanos\" \/>\n<meta property=\"article:published_time\" content=\"2023-01-29T12:18:42+00:00\" \/>\n<meta property=\"og:image\" content=\"https:\/\/franciscanos.org.br\/noticias\/wp-content\/uploads\/2023\/01\/angelus_2901.jpg\" \/>\n\t<meta property=\"og:image:width\" content=\"1280\" \/>\n\t<meta property=\"og:image:height\" content=\"720\" \/>\n\t<meta property=\"og:image:type\" content=\"image\/jpeg\" \/>\n<meta name=\"author\" content=\"moacir\" \/>\n<meta name=\"twitter:card\" content=\"summary_large_image\" \/>\n<meta name=\"twitter:label1\" content=\"Escrito por\" \/>\n\t<meta name=\"twitter:data1\" content=\"moacir\" \/>\n\t<meta name=\"twitter:label2\" content=\"Est. tempo de leitura\" \/>\n\t<meta name=\"twitter:data2\" content=\"3 minutos\" \/>\n<script type=\"application\/ld+json\" class=\"yoast-schema-graph\">{\"@context\":\"https:\/\/schema.org\",\"@graph\":[{\"@type\":\"WebSite\",\"@id\":\"https:\/\/franciscanos.org.br\/noticias\/#website\",\"url\":\"https:\/\/franciscanos.org.br\/noticias\/\",\"name\":\"Not\u00edcias - Franciscanos\",\"description\":\"Prov\u00edncia Franciscana da Imaculada Concei\u00e7\u00e3o do Brasil - Ordem dos Frades Menores - OFM\",\"potentialAction\":[{\"@type\":\"SearchAction\",\"target\":{\"@type\":\"EntryPoint\",\"urlTemplate\":\"https:\/\/franciscanos.org.br\/noticias\/?s={search_term_string}\"},\"query-input\":\"required name=search_term_string\"}],\"inLanguage\":\"pt-BR\"},{\"@type\":\"ImageObject\",\"inLanguage\":\"pt-BR\",\"@id\":\"https:\/\/franciscanos.org.br\/noticias\/papa-nao-podemos-desperdicar-os-dons-que-temos-e-recebemos.html#primaryimage\",\"url\":\"https:\/\/franciscanos.org.br\/noticias\/wp-content\/uploads\/2023\/01\/angelus_2901.jpg\",\"contentUrl\":\"https:\/\/franciscanos.org.br\/noticias\/wp-content\/uploads\/2023\/01\/angelus_2901.jpg\",\"width\":1280,\"height\":720},{\"@type\":\"WebPage\",\"@id\":\"https:\/\/franciscanos.org.br\/noticias\/papa-nao-podemos-desperdicar-os-dons-que-temos-e-recebemos.html#webpage\",\"url\":\"https:\/\/franciscanos.org.br\/noticias\/papa-nao-podemos-desperdicar-os-dons-que-temos-e-recebemos.html\",\"name\":\"Papa: n\u00e3o podemos desperdi\u00e7ar os dons que temos e recebemos - Not\u00edcias - Franciscanos\",\"isPartOf\":{\"@id\":\"https:\/\/franciscanos.org.br\/noticias\/#website\"},\"primaryImageOfPage\":{\"@id\":\"https:\/\/franciscanos.org.br\/noticias\/papa-nao-podemos-desperdicar-os-dons-que-temos-e-recebemos.html#primaryimage\"},\"datePublished\":\"2023-01-29T12:18:42+00:00\",\"dateModified\":\"2023-01-29T12:18:42+00:00\",\"author\":{\"@id\":\"https:\/\/franciscanos.org.br\/noticias\/#\/schema\/person\/b5c8cba458c330ccff548b056e95a5d4\"},\"breadcrumb\":{\"@id\":\"https:\/\/franciscanos.org.br\/noticias\/papa-nao-podemos-desperdicar-os-dons-que-temos-e-recebemos.html#breadcrumb\"},\"inLanguage\":\"pt-BR\",\"potentialAction\":[{\"@type\":\"ReadAction\",\"target\":[\"https:\/\/franciscanos.org.br\/noticias\/papa-nao-podemos-desperdicar-os-dons-que-temos-e-recebemos.html\"]}]},{\"@type\":\"BreadcrumbList\",\"@id\":\"https:\/\/franciscanos.org.br\/noticias\/papa-nao-podemos-desperdicar-os-dons-que-temos-e-recebemos.html#breadcrumb\",\"itemListElement\":[{\"@type\":\"ListItem\",\"position\":1,\"name\":\"Home\",\"item\":\"https:\/\/franciscanos.org.br\/noticias\"},{\"@type\":\"ListItem\",\"position\":2,\"name\":\"Papa: n\u00e3o podemos desperdi\u00e7ar os dons que temos e recebemos\"}]},{\"@type\":\"Person\",\"@id\":\"https:\/\/franciscanos.org.br\/noticias\/#\/schema\/person\/b5c8cba458c330ccff548b056e95a5d4\",\"name\":\"moacir\",\"image\":{\"@type\":\"ImageObject\",\"inLanguage\":\"pt-BR\",\"@id\":\"https:\/\/franciscanos.org.br\/noticias\/#\/schema\/person\/image\/\",\"url\":\"https:\/\/secure.gravatar.com\/avatar\/d08aa2ce4c8dd416d4479aa8536fcf64?s=96&d=mm&r=g\",\"contentUrl\":\"https:\/\/secure.gravatar.com\/avatar\/d08aa2ce4c8dd416d4479aa8536fcf64?s=96&d=mm&r=g\",\"caption\":\"moacir\"},\"url\":\"https:\/\/franciscanos.org.br\/noticias\/author\/moacir\"}]}<\/script>\n<!-- \/ Yoast SEO plugin. -->","yoast_head_json":{"title":"Papa: n\u00e3o podemos desperdi\u00e7ar os dons que temos e recebemos - Not\u00edcias - Franciscanos","robots":{"index":"index","follow":"follow","max-snippet":"max-snippet:-1","max-image-preview":"max-image-preview:large","max-video-preview":"max-video-preview:-1"},"canonical":"https:\/\/franciscanos.org.br\/noticias\/papa-nao-podemos-desperdicar-os-dons-que-temos-e-recebemos.html","og_locale":"pt_BR","og_type":"article","og_title":"Papa: n\u00e3o podemos desperdi\u00e7ar os dons que temos e recebemos - Not\u00edcias - Franciscanos","og_description":"Angelus","og_url":"https:\/\/franciscanos.org.br\/noticias\/papa-nao-podemos-desperdicar-os-dons-que-temos-e-recebemos.html","og_site_name":"Not\u00edcias - Franciscanos","article_published_time":"2023-01-29T12:18:42+00:00","og_image":[{"width":1280,"height":720,"url":"https:\/\/franciscanos.org.br\/noticias\/wp-content\/uploads\/2023\/01\/angelus_2901.jpg","type":"image\/jpeg"}],"author":"moacir","twitter_card":"summary_large_image","twitter_misc":{"Escrito por":"moacir","Est. tempo de leitura":"3 minutos"},"schema":{"@context":"https:\/\/schema.org","@graph":[{"@type":"WebSite","@id":"https:\/\/franciscanos.org.br\/noticias\/#website","url":"https:\/\/franciscanos.org.br\/noticias\/","name":"Not\u00edcias - Franciscanos","description":"Prov\u00edncia Franciscana da Imaculada Concei\u00e7\u00e3o do Brasil - Ordem dos Frades Menores - OFM","potentialAction":[{"@type":"SearchAction","target":{"@type":"EntryPoint","urlTemplate":"https:\/\/franciscanos.org.br\/noticias\/?s={search_term_string}"},"query-input":"required name=search_term_string"}],"inLanguage":"pt-BR"},{"@type":"ImageObject","inLanguage":"pt-BR","@id":"https:\/\/franciscanos.org.br\/noticias\/papa-nao-podemos-desperdicar-os-dons-que-temos-e-recebemos.html#primaryimage","url":"https:\/\/franciscanos.org.br\/noticias\/wp-content\/uploads\/2023\/01\/angelus_2901.jpg","contentUrl":"https:\/\/franciscanos.org.br\/noticias\/wp-content\/uploads\/2023\/01\/angelus_2901.jpg","width":1280,"height":720},{"@type":"WebPage","@id":"https:\/\/franciscanos.org.br\/noticias\/papa-nao-podemos-desperdicar-os-dons-que-temos-e-recebemos.html#webpage","url":"https:\/\/franciscanos.org.br\/noticias\/papa-nao-podemos-desperdicar-os-dons-que-temos-e-recebemos.html","name":"Papa: n\u00e3o podemos desperdi\u00e7ar os dons que temos e recebemos - Not\u00edcias - Franciscanos","isPartOf":{"@id":"https:\/\/franciscanos.org.br\/noticias\/#website"},"primaryImageOfPage":{"@id":"https:\/\/franciscanos.org.br\/noticias\/papa-nao-podemos-desperdicar-os-dons-que-temos-e-recebemos.html#primaryimage"},"datePublished":"2023-01-29T12:18:42+00:00","dateModified":"2023-01-29T12:18:42+00:00","author":{"@id":"https:\/\/franciscanos.org.br\/noticias\/#\/schema\/person\/b5c8cba458c330ccff548b056e95a5d4"},"breadcrumb":{"@id":"https:\/\/franciscanos.org.br\/noticias\/papa-nao-podemos-desperdicar-os-dons-que-temos-e-recebemos.html#breadcrumb"},"inLanguage":"pt-BR","potentialAction":[{"@type":"ReadAction","target":["https:\/\/franciscanos.org.br\/noticias\/papa-nao-podemos-desperdicar-os-dons-que-temos-e-recebemos.html"]}]},{"@type":"BreadcrumbList","@id":"https:\/\/franciscanos.org.br\/noticias\/papa-nao-podemos-desperdicar-os-dons-que-temos-e-recebemos.html#breadcrumb","itemListElement":[{"@type":"ListItem","position":1,"name":"Home","item":"https:\/\/franciscanos.org.br\/noticias"},{"@type":"ListItem","position":2,"name":"Papa: n\u00e3o podemos desperdi\u00e7ar os dons que temos e recebemos"}]},{"@type":"Person","@id":"https:\/\/franciscanos.org.br\/noticias\/#\/schema\/person\/b5c8cba458c330ccff548b056e95a5d4","name":"moacir","image":{"@type":"ImageObject","inLanguage":"pt-BR","@id":"https:\/\/franciscanos.org.br\/noticias\/#\/schema\/person\/image\/","url":"https:\/\/secure.gravatar.com\/avatar\/d08aa2ce4c8dd416d4479aa8536fcf64?s=96&d=mm&r=g","contentUrl":"https:\/\/secure.gravatar.com\/avatar\/d08aa2ce4c8dd416d4479aa8536fcf64?s=96&d=mm&r=g","caption":"moacir"},"url":"https:\/\/franciscanos.org.br\/noticias\/author\/moacir"}]}},"_links":{"self":[{"href":"https:\/\/franciscanos.org.br\/noticias\/wp-json\/wp\/v2\/posts\/241997"}],"collection":[{"href":"https:\/\/franciscanos.org.br\/noticias\/wp-json\/wp\/v2\/posts"}],"about":[{"href":"https:\/\/franciscanos.org.br\/noticias\/wp-json\/wp\/v2\/types\/post"}],"author":[{"embeddable":true,"href":"https:\/\/franciscanos.org.br\/noticias\/wp-json\/wp\/v2\/users\/3"}],"replies":[{"embeddable":true,"href":"https:\/\/franciscanos.org.br\/noticias\/wp-json\/wp\/v2\/comments?post=241997"}],"version-history":[{"count":1,"href":"https:\/\/franciscanos.org.br\/noticias\/wp-json\/wp\/v2\/posts\/241997\/revisions"}],"predecessor-version":[{"id":241999,"href":"https:\/\/franciscanos.org.br\/noticias\/wp-json\/wp\/v2\/posts\/241997\/revisions\/241999"}],"wp:featuredmedia":[{"embeddable":true,"href":"https:\/\/franciscanos.org.br\/noticias\/wp-json\/wp\/v2\/media\/241998"}],"wp:attachment":[{"href":"https:\/\/franciscanos.org.br\/noticias\/wp-json\/wp\/v2\/media?parent=241997"}],"wp:term":[{"taxonomy":"category","embeddable":true,"href":"https:\/\/franciscanos.org.br\/noticias\/wp-json\/wp\/v2\/categories?post=241997"},{"taxonomy":"post_tag","embeddable":true,"href":"https:\/\/franciscanos.org.br\/noticias\/wp-json\/wp\/v2\/tags?post=241997"}],"curies":[{"name":"wp","href":"https:\/\/api.w.org\/{rel}","templated":true}]}}