{"id":241991,"date":"2023-01-29T09:06:05","date_gmt":"2023-01-29T12:06:05","guid":{"rendered":"https:\/\/franciscanos.org.br\/noticias\/?p=241991"},"modified":"2025-03-10T15:25:50","modified_gmt":"2025-03-10T18:25:50","slug":"provincia-inicia-novo-acompanhamento-vocacional-dos-aspirantes-do-ensino-medio","status":"publish","type":"post","link":"https:\/\/franciscanos.org.br\/noticias\/provincia-inicia-novo-acompanhamento-vocacional-dos-aspirantes-do-ensino-medio.html","title":{"rendered":"Prov\u00edncia inicia novo acompanhamento vocacional dos Aspirantes do Ensino M\u00e9dio"},"content":{"rendered":"<p><img loading=\"lazy\" class=\"alignnone size-full wp-image-241992\" src=\"https:\/\/franciscanos.org.br\/noticias\/wp-content\/uploads\/2023\/01\/sav_2903.jpg\" alt=\"\" width=\"1200\" height=\"720\" srcset=\"https:\/\/franciscanos.org.br\/noticias\/wp-content\/uploads\/2023\/01\/sav_2903.jpg 1200w, https:\/\/franciscanos.org.br\/noticias\/wp-content\/uploads\/2023\/01\/sav_2903-450x270.jpg 450w, https:\/\/franciscanos.org.br\/noticias\/wp-content\/uploads\/2023\/01\/sav_2903-1024x614.jpg 1024w, https:\/\/franciscanos.org.br\/noticias\/wp-content\/uploads\/2023\/01\/sav_2903-768x461.jpg 768w, https:\/\/franciscanos.org.br\/noticias\/wp-content\/uploads\/2023\/01\/sav_2903-150x90.jpg 150w\" sizes=\"(max-width: 1200px) 100vw, 1200px\" \/><br \/>\n<strong>Campo Largo (PR)<\/strong> &#8211; Na segunda quinzena de janeiro de 2023 aconteceu o \u201cTempo Forte\u201d de conviv\u00eancia e forma\u00e7\u00e3o com os Aspirantes do Ensino M\u00e9dio na Fraternidade S\u00e3o Boaventura em Campo Largo (PR). Os respons\u00e1veis pela Servi\u00e7o de Anima\u00e7\u00e3o Vocacional da Prov\u00edncia, Frei Je\u00e2 Paulo Andrade e Frei Gabriel Dellandrea conduziram, por duas semanas, diferentes atividades formativas. Foram momentos de conviv\u00eancia, estudo, ora\u00e7\u00e3o e trabalho, tendo em vista o conhecimento da forma de vida franciscana e o discernimento dos jovens.<\/p>\n<p>Participaram dessa primeira experi\u00eancia os aspirantes, Cau\u00e3 Bortolini Sampaio de S\u00e3o Paulo (SP), Kau\u00ea Cangirana Rozim de Blumenau (SC) e Lucas Speran\u00e7a Goschel de Cordilheira Alta (SC). Ambos ir\u00e3o cursar o Ensino M\u00e9dio no ano de 2023 em suas respectivas cidades de origem.<\/p>\n<p><img loading=\"lazy\" class=\"alignnone size-full wp-image-241993\" src=\"https:\/\/franciscanos.org.br\/noticias\/wp-content\/uploads\/2023\/01\/sav_2901.jpg\" alt=\"\" width=\"1200\" height=\"720\" srcset=\"https:\/\/franciscanos.org.br\/noticias\/wp-content\/uploads\/2023\/01\/sav_2901.jpg 1200w, https:\/\/franciscanos.org.br\/noticias\/wp-content\/uploads\/2023\/01\/sav_2901-450x270.jpg 450w, https:\/\/franciscanos.org.br\/noticias\/wp-content\/uploads\/2023\/01\/sav_2901-1024x614.jpg 1024w, https:\/\/franciscanos.org.br\/noticias\/wp-content\/uploads\/2023\/01\/sav_2901-768x461.jpg 768w, https:\/\/franciscanos.org.br\/noticias\/wp-content\/uploads\/2023\/01\/sav_2901-150x90.jpg 150w\" sizes=\"(max-width: 1200px) 100vw, 1200px\" \/><\/p>\n<p>H\u00e1 algum tempo a Prov\u00edncia vinha refletindo sobre a viabilidade da manuten\u00e7\u00e3o do acompanhamento vocacional na modalidade de semin\u00e1rio menor ou de Ensino M\u00e9dio no Semin\u00e1rio S\u00e3o Francisco de Assis. \u00c9 ineg\u00e1vel todos os esfor\u00e7os empreendidos pela forma\u00e7\u00e3o para adaptar-se \u00e0 realidade dos tempos. A grande mudan\u00e7a de Agudos para Ituporanga, a recria\u00e7\u00e3o do Col\u00e9gio S\u00e3o Francisco no Semin\u00e1rio e, por \u00faltimo, o estudo externo, primeiro em escola p\u00fablica e depois no Col\u00e9gio particular na cidade catarinense. Todas as iniciativas foram sendo implementadas apostando-se no valor desse acompanhamento mais pr\u00f3ximo dos adolescentes, tamb\u00e9m por certo saudosismo dos tempos \u00e1ureos de semin\u00e1rios cheios. Considerando que a procura vocacional j\u00e1 n\u00e3o \u00e9 t\u00e3o numerosa e a responsabilidade pelo cuidado com os menores, a Prov\u00edncia optou pela nova modalidade formativa, \u201cad experimentum\u201d, at\u00e9 o pr\u00f3ximo Cap\u00edtulo Provincial.<\/p>\n<p>A experi\u00eancia vocacional em Rondinha procurou apresentar de forma transparente o modo pr\u00f3prio da Fraternidade franciscana viver a vida consagrada.<\/p>\n<p><img loading=\"lazy\" class=\"alignnone size-full wp-image-241995\" src=\"https:\/\/franciscanos.org.br\/noticias\/wp-content\/uploads\/2023\/01\/sav_2902.jpg\" alt=\"\" width=\"1200\" height=\"720\" srcset=\"https:\/\/franciscanos.org.br\/noticias\/wp-content\/uploads\/2023\/01\/sav_2902.jpg 1200w, https:\/\/franciscanos.org.br\/noticias\/wp-content\/uploads\/2023\/01\/sav_2902-450x270.jpg 450w, https:\/\/franciscanos.org.br\/noticias\/wp-content\/uploads\/2023\/01\/sav_2902-1024x614.jpg 1024w, https:\/\/franciscanos.org.br\/noticias\/wp-content\/uploads\/2023\/01\/sav_2902-768x461.jpg 768w, https:\/\/franciscanos.org.br\/noticias\/wp-content\/uploads\/2023\/01\/sav_2902-150x90.jpg 150w\" sizes=\"(max-width: 1200px) 100vw, 1200px\" \/><\/p>\n<p><strong>Ao se pensar o programa de atividades para esses dias de conviv\u00eancia teve-se em mente atingir os seguintes objetivos:<\/strong><\/p>\n<p style=\"padding-left: 40px;\">\u2666 Levar o vocacionado a conhecer o carisma franciscano e a sua concretiza\u00e7\u00e3o na vida e na miss\u00e3o dos frades menores hoje, confrontando-os com o pr\u00f3prio projeto de vida.<\/p>\n<p style=\"padding-left: 40px;\">\u2666 Oferecer ao vocacionado um contato mais pr\u00f3ximo com a vida e a miss\u00e3o da fraternidade, permitindo-lhe fazer a experi\u00eancia do \u201cVinde e Vede\u201d.<\/p>\n<p style=\"padding-left: 40px;\">\u2666 Ajudar o vocacionado a adquirir um senso franciscano de eclesialidade, conhecendo e participando de iniciativas de evangeliza\u00e7\u00e3o da fraternidade.<\/p>\n<p style=\"padding-left: 40px;\">\u2666 Favorecer ao vocacionado o aprofundamento da experi\u00eancia de f\u00e9, o crescimento e amadurecimento humanos e o aprimoramento da forma\u00e7\u00e3o escolar.<\/p>\n<p>O Aspirante Kau\u00ea resumiu esse tempo vocacional assim: \u201cA experi\u00eancia na Aldeia Franciscana foi espetacular, conhecer os frades, sejam eles professos solenes ou estudantes, foi um grande prazer. As atividades que realizamos foram incr\u00edveis, como, por exemplo, conhecer a obra Pequeno Cotolengo, ou at\u00e9 ajudar a plantar orqu\u00eddeas, todas elas fazem parte desse processo formativo. Agrade\u00e7o a Prov\u00edncia Franciscana e ao SAV por nos acompanhar durante esses dias, e claro, ao Convento S\u00e3o Boaventura por nos acolher durante esse tempo\u201d.<\/p>\n<p>Evidenciou-se durante esses dias a capacidade criativa e o vigor desses jovens irm\u00e3os: A vontade de se tornar frade, a alegria pela conviv\u00eancia e a curiosidade pela vida franciscana. Entre a limpeza da capela, a trilha no meio da mata e o estudo da vida de S\u00e3o Francisco, criou-se fraternidade entre eles e entre eles e os frades. Que o Senhor continue despertando novas voca\u00e7\u00f5es para o seguimento de Cristo! Talvez n\u00e3o tenhamos mais os semin\u00e1rios cheios, mas continuamos sentindo o chamado de Deus presente entre n\u00f3s.<\/p>\n<p><img loading=\"lazy\" class=\"alignnone size-full wp-image-241994\" src=\"https:\/\/franciscanos.org.br\/noticias\/wp-content\/uploads\/2023\/01\/sav_2904.jpg\" alt=\"\" width=\"1280\" height=\"960\" srcset=\"https:\/\/franciscanos.org.br\/noticias\/wp-content\/uploads\/2023\/01\/sav_2904.jpg 1280w, https:\/\/franciscanos.org.br\/noticias\/wp-content\/uploads\/2023\/01\/sav_2904-450x338.jpg 450w, https:\/\/franciscanos.org.br\/noticias\/wp-content\/uploads\/2023\/01\/sav_2904-1024x768.jpg 1024w, https:\/\/franciscanos.org.br\/noticias\/wp-content\/uploads\/2023\/01\/sav_2904-768x576.jpg 768w, https:\/\/franciscanos.org.br\/noticias\/wp-content\/uploads\/2023\/01\/sav_2904-150x113.jpg 150w, https:\/\/franciscanos.org.br\/noticias\/wp-content\/uploads\/2023\/01\/sav_2904-600x450.jpg 600w\" sizes=\"(max-width: 1280px) 100vw, 1280px\" \/><\/p>\n<p>Os Aspirantes continuar\u00e3o seus estudos junto de suas fam\u00edlias e nas pr\u00f3ximas f\u00e9rias escolares retornar\u00e3o, para uma de nossas fraternidades para dar seguimento ao discernimento vocacional j\u00e1 iniciado.<\/p>\n<hr \/>\n<p><em>Frei Je\u00e2 Paulo Andrade<\/em><\/p>\n<p>&nbsp;<\/p>\n","protected":false},"excerpt":{"rendered":"<p>Servi\u00e7o de Anima\u00e7\u00e3o Vocacional<\/p>\n","protected":false},"author":3,"featured_media":241992,"comment_status":"open","ping_status":"open","sticky":false,"template":"","format":"standard","meta":[],"categories":[1],"tags":[552,2092,2056],"acf":[],"yoast_head":"<!-- This site is optimized with the Yoast SEO plugin v19.2 - https:\/\/yoast.com\/wordpress\/plugins\/seo\/ -->\n<title>Prov\u00edncia inicia novo acompanhamento vocacional dos Aspirantes do Ensino M\u00e9dio - Not\u00edcias - Franciscanos<\/title>\n<meta name=\"robots\" content=\"index, follow, max-snippet:-1, max-image-preview:large, max-video-preview:-1\" \/>\n<link rel=\"canonical\" href=\"https:\/\/franciscanos.org.br\/noticias\/provincia-inicia-novo-acompanhamento-vocacional-dos-aspirantes-do-ensino-medio.html\" \/>\n<meta property=\"og:locale\" content=\"pt_BR\" \/>\n<meta property=\"og:type\" content=\"article\" \/>\n<meta property=\"og:title\" content=\"Prov\u00edncia inicia novo acompanhamento vocacional dos Aspirantes do Ensino M\u00e9dio - Not\u00edcias - Franciscanos\" \/>\n<meta property=\"og:description\" content=\"Servi\u00e7o de Anima\u00e7\u00e3o Vocacional\" \/>\n<meta property=\"og:url\" content=\"https:\/\/franciscanos.org.br\/noticias\/provincia-inicia-novo-acompanhamento-vocacional-dos-aspirantes-do-ensino-medio.html\" \/>\n<meta property=\"og:site_name\" content=\"Not\u00edcias - Franciscanos\" \/>\n<meta property=\"article:published_time\" content=\"2023-01-29T12:06:05+00:00\" \/>\n<meta property=\"article:modified_time\" content=\"2025-03-10T18:25:50+00:00\" \/>\n<meta property=\"og:image\" content=\"https:\/\/franciscanos.org.br\/noticias\/wp-content\/uploads\/2023\/01\/sav_2903.jpg\" \/>\n\t<meta property=\"og:image:width\" content=\"1200\" \/>\n\t<meta property=\"og:image:height\" content=\"720\" \/>\n\t<meta property=\"og:image:type\" content=\"image\/jpeg\" \/>\n<meta name=\"author\" content=\"moacir\" \/>\n<meta name=\"twitter:card\" content=\"summary_large_image\" \/>\n<meta name=\"twitter:label1\" content=\"Escrito por\" \/>\n\t<meta name=\"twitter:data1\" content=\"moacir\" \/>\n\t<meta name=\"twitter:label2\" content=\"Est. tempo de leitura\" \/>\n\t<meta name=\"twitter:data2\" content=\"3 minutos\" \/>\n<script type=\"application\/ld+json\" class=\"yoast-schema-graph\">{\"@context\":\"https:\/\/schema.org\",\"@graph\":[{\"@type\":\"WebSite\",\"@id\":\"https:\/\/franciscanos.org.br\/noticias\/#website\",\"url\":\"https:\/\/franciscanos.org.br\/noticias\/\",\"name\":\"Not\u00edcias - Franciscanos\",\"description\":\"Prov\u00edncia Franciscana da Imaculada Concei\u00e7\u00e3o do Brasil - Ordem dos Frades Menores - OFM\",\"potentialAction\":[{\"@type\":\"SearchAction\",\"target\":{\"@type\":\"EntryPoint\",\"urlTemplate\":\"https:\/\/franciscanos.org.br\/noticias\/?s={search_term_string}\"},\"query-input\":\"required name=search_term_string\"}],\"inLanguage\":\"pt-BR\"},{\"@type\":\"ImageObject\",\"inLanguage\":\"pt-BR\",\"@id\":\"https:\/\/franciscanos.org.br\/noticias\/provincia-inicia-novo-acompanhamento-vocacional-dos-aspirantes-do-ensino-medio.html#primaryimage\",\"url\":\"https:\/\/franciscanos.org.br\/noticias\/wp-content\/uploads\/2023\/01\/sav_2903.jpg\",\"contentUrl\":\"https:\/\/franciscanos.org.br\/noticias\/wp-content\/uploads\/2023\/01\/sav_2903.jpg\",\"width\":1200,\"height\":720},{\"@type\":\"WebPage\",\"@id\":\"https:\/\/franciscanos.org.br\/noticias\/provincia-inicia-novo-acompanhamento-vocacional-dos-aspirantes-do-ensino-medio.html#webpage\",\"url\":\"https:\/\/franciscanos.org.br\/noticias\/provincia-inicia-novo-acompanhamento-vocacional-dos-aspirantes-do-ensino-medio.html\",\"name\":\"Prov\u00edncia inicia novo acompanhamento vocacional dos Aspirantes do Ensino M\u00e9dio - Not\u00edcias - Franciscanos\",\"isPartOf\":{\"@id\":\"https:\/\/franciscanos.org.br\/noticias\/#website\"},\"primaryImageOfPage\":{\"@id\":\"https:\/\/franciscanos.org.br\/noticias\/provincia-inicia-novo-acompanhamento-vocacional-dos-aspirantes-do-ensino-medio.html#primaryimage\"},\"datePublished\":\"2023-01-29T12:06:05+00:00\",\"dateModified\":\"2025-03-10T18:25:50+00:00\",\"author\":{\"@id\":\"https:\/\/franciscanos.org.br\/noticias\/#\/schema\/person\/b5c8cba458c330ccff548b056e95a5d4\"},\"breadcrumb\":{\"@id\":\"https:\/\/franciscanos.org.br\/noticias\/provincia-inicia-novo-acompanhamento-vocacional-dos-aspirantes-do-ensino-medio.html#breadcrumb\"},\"inLanguage\":\"pt-BR\",\"potentialAction\":[{\"@type\":\"ReadAction\",\"target\":[\"https:\/\/franciscanos.org.br\/noticias\/provincia-inicia-novo-acompanhamento-vocacional-dos-aspirantes-do-ensino-medio.html\"]}]},{\"@type\":\"BreadcrumbList\",\"@id\":\"https:\/\/franciscanos.org.br\/noticias\/provincia-inicia-novo-acompanhamento-vocacional-dos-aspirantes-do-ensino-medio.html#breadcrumb\",\"itemListElement\":[{\"@type\":\"ListItem\",\"position\":1,\"name\":\"Home\",\"item\":\"https:\/\/franciscanos.org.br\/noticias\"},{\"@type\":\"ListItem\",\"position\":2,\"name\":\"Prov\u00edncia inicia novo acompanhamento vocacional dos Aspirantes do Ensino M\u00e9dio\"}]},{\"@type\":\"Person\",\"@id\":\"https:\/\/franciscanos.org.br\/noticias\/#\/schema\/person\/b5c8cba458c330ccff548b056e95a5d4\",\"name\":\"moacir\",\"image\":{\"@type\":\"ImageObject\",\"inLanguage\":\"pt-BR\",\"@id\":\"https:\/\/franciscanos.org.br\/noticias\/#\/schema\/person\/image\/\",\"url\":\"https:\/\/secure.gravatar.com\/avatar\/d08aa2ce4c8dd416d4479aa8536fcf64?s=96&d=mm&r=g\",\"contentUrl\":\"https:\/\/secure.gravatar.com\/avatar\/d08aa2ce4c8dd416d4479aa8536fcf64?s=96&d=mm&r=g\",\"caption\":\"moacir\"},\"url\":\"https:\/\/franciscanos.org.br\/noticias\/author\/moacir\"}]}<\/script>\n<!-- \/ Yoast SEO plugin. -->","yoast_head_json":{"title":"Prov\u00edncia inicia novo acompanhamento vocacional dos Aspirantes do Ensino M\u00e9dio - Not\u00edcias - Franciscanos","robots":{"index":"index","follow":"follow","max-snippet":"max-snippet:-1","max-image-preview":"max-image-preview:large","max-video-preview":"max-video-preview:-1"},"canonical":"https:\/\/franciscanos.org.br\/noticias\/provincia-inicia-novo-acompanhamento-vocacional-dos-aspirantes-do-ensino-medio.html","og_locale":"pt_BR","og_type":"article","og_title":"Prov\u00edncia inicia novo acompanhamento vocacional dos Aspirantes do Ensino M\u00e9dio - Not\u00edcias - Franciscanos","og_description":"Servi\u00e7o de Anima\u00e7\u00e3o Vocacional","og_url":"https:\/\/franciscanos.org.br\/noticias\/provincia-inicia-novo-acompanhamento-vocacional-dos-aspirantes-do-ensino-medio.html","og_site_name":"Not\u00edcias - Franciscanos","article_published_time":"2023-01-29T12:06:05+00:00","article_modified_time":"2025-03-10T18:25:50+00:00","og_image":[{"width":1200,"height":720,"url":"https:\/\/franciscanos.org.br\/noticias\/wp-content\/uploads\/2023\/01\/sav_2903.jpg","type":"image\/jpeg"}],"author":"moacir","twitter_card":"summary_large_image","twitter_misc":{"Escrito por":"moacir","Est. tempo de leitura":"3 minutos"},"schema":{"@context":"https:\/\/schema.org","@graph":[{"@type":"WebSite","@id":"https:\/\/franciscanos.org.br\/noticias\/#website","url":"https:\/\/franciscanos.org.br\/noticias\/","name":"Not\u00edcias - Franciscanos","description":"Prov\u00edncia Franciscana da Imaculada Concei\u00e7\u00e3o do Brasil - Ordem dos Frades Menores - OFM","potentialAction":[{"@type":"SearchAction","target":{"@type":"EntryPoint","urlTemplate":"https:\/\/franciscanos.org.br\/noticias\/?s={search_term_string}"},"query-input":"required name=search_term_string"}],"inLanguage":"pt-BR"},{"@type":"ImageObject","inLanguage":"pt-BR","@id":"https:\/\/franciscanos.org.br\/noticias\/provincia-inicia-novo-acompanhamento-vocacional-dos-aspirantes-do-ensino-medio.html#primaryimage","url":"https:\/\/franciscanos.org.br\/noticias\/wp-content\/uploads\/2023\/01\/sav_2903.jpg","contentUrl":"https:\/\/franciscanos.org.br\/noticias\/wp-content\/uploads\/2023\/01\/sav_2903.jpg","width":1200,"height":720},{"@type":"WebPage","@id":"https:\/\/franciscanos.org.br\/noticias\/provincia-inicia-novo-acompanhamento-vocacional-dos-aspirantes-do-ensino-medio.html#webpage","url":"https:\/\/franciscanos.org.br\/noticias\/provincia-inicia-novo-acompanhamento-vocacional-dos-aspirantes-do-ensino-medio.html","name":"Prov\u00edncia inicia novo acompanhamento vocacional dos Aspirantes do Ensino M\u00e9dio - Not\u00edcias - Franciscanos","isPartOf":{"@id":"https:\/\/franciscanos.org.br\/noticias\/#website"},"primaryImageOfPage":{"@id":"https:\/\/franciscanos.org.br\/noticias\/provincia-inicia-novo-acompanhamento-vocacional-dos-aspirantes-do-ensino-medio.html#primaryimage"},"datePublished":"2023-01-29T12:06:05+00:00","dateModified":"2025-03-10T18:25:50+00:00","author":{"@id":"https:\/\/franciscanos.org.br\/noticias\/#\/schema\/person\/b5c8cba458c330ccff548b056e95a5d4"},"breadcrumb":{"@id":"https:\/\/franciscanos.org.br\/noticias\/provincia-inicia-novo-acompanhamento-vocacional-dos-aspirantes-do-ensino-medio.html#breadcrumb"},"inLanguage":"pt-BR","potentialAction":[{"@type":"ReadAction","target":["https:\/\/franciscanos.org.br\/noticias\/provincia-inicia-novo-acompanhamento-vocacional-dos-aspirantes-do-ensino-medio.html"]}]},{"@type":"BreadcrumbList","@id":"https:\/\/franciscanos.org.br\/noticias\/provincia-inicia-novo-acompanhamento-vocacional-dos-aspirantes-do-ensino-medio.html#breadcrumb","itemListElement":[{"@type":"ListItem","position":1,"name":"Home","item":"https:\/\/franciscanos.org.br\/noticias"},{"@type":"ListItem","position":2,"name":"Prov\u00edncia inicia novo acompanhamento vocacional dos Aspirantes do Ensino M\u00e9dio"}]},{"@type":"Person","@id":"https:\/\/franciscanos.org.br\/noticias\/#\/schema\/person\/b5c8cba458c330ccff548b056e95a5d4","name":"moacir","image":{"@type":"ImageObject","inLanguage":"pt-BR","@id":"https:\/\/franciscanos.org.br\/noticias\/#\/schema\/person\/image\/","url":"https:\/\/secure.gravatar.com\/avatar\/d08aa2ce4c8dd416d4479aa8536fcf64?s=96&d=mm&r=g","contentUrl":"https:\/\/secure.gravatar.com\/avatar\/d08aa2ce4c8dd416d4479aa8536fcf64?s=96&d=mm&r=g","caption":"moacir"},"url":"https:\/\/franciscanos.org.br\/noticias\/author\/moacir"}]}},"_links":{"self":[{"href":"https:\/\/franciscanos.org.br\/noticias\/wp-json\/wp\/v2\/posts\/241991"}],"collection":[{"href":"https:\/\/franciscanos.org.br\/noticias\/wp-json\/wp\/v2\/posts"}],"about":[{"href":"https:\/\/franciscanos.org.br\/noticias\/wp-json\/wp\/v2\/types\/post"}],"author":[{"embeddable":true,"href":"https:\/\/franciscanos.org.br\/noticias\/wp-json\/wp\/v2\/users\/3"}],"replies":[{"embeddable":true,"href":"https:\/\/franciscanos.org.br\/noticias\/wp-json\/wp\/v2\/comments?post=241991"}],"version-history":[{"count":1,"href":"https:\/\/franciscanos.org.br\/noticias\/wp-json\/wp\/v2\/posts\/241991\/revisions"}],"predecessor-version":[{"id":241996,"href":"https:\/\/franciscanos.org.br\/noticias\/wp-json\/wp\/v2\/posts\/241991\/revisions\/241996"}],"wp:featuredmedia":[{"embeddable":true,"href":"https:\/\/franciscanos.org.br\/noticias\/wp-json\/wp\/v2\/media\/241992"}],"wp:attachment":[{"href":"https:\/\/franciscanos.org.br\/noticias\/wp-json\/wp\/v2\/media?parent=241991"}],"wp:term":[{"taxonomy":"category","embeddable":true,"href":"https:\/\/franciscanos.org.br\/noticias\/wp-json\/wp\/v2\/categories?post=241991"},{"taxonomy":"post_tag","embeddable":true,"href":"https:\/\/franciscanos.org.br\/noticias\/wp-json\/wp\/v2\/tags?post=241991"}],"curies":[{"name":"wp","href":"https:\/\/api.w.org\/{rel}","templated":true}]}}