{"id":241970,"date":"2023-01-27T21:07:41","date_gmt":"2023-01-28T00:07:41","guid":{"rendered":"https:\/\/franciscanos.org.br\/noticias\/?p=241970"},"modified":"2023-01-27T21:32:55","modified_gmt":"2023-01-28T00:32:55","slug":"na-missa-do-envio-frei-massimo-lembra-a-memoria-do-carisma-como-frades-menores-e-uma-fonte-do-futuro","status":"publish","type":"post","link":"https:\/\/franciscanos.org.br\/noticias\/na-missa-do-envio-frei-massimo-lembra-a-memoria-do-carisma-como-frades-menores-e-uma-fonte-do-futuro.html","title":{"rendered":"Na Missa do Envio, Frei Massimo lembra: &#8220;A mem\u00f3ria do carisma como Frades Menores \u00e9 uma fonte do futuro&#8221;"},"content":{"rendered":"<p><img loading=\"lazy\" class=\"alignnone size-full wp-image-241971\" src=\"https:\/\/franciscanos.org.br\/noticias\/wp-content\/uploads\/2023\/01\/quintodia_2704.jpg\" alt=\"\" width=\"1280\" height=\"720\" srcset=\"https:\/\/franciscanos.org.br\/noticias\/wp-content\/uploads\/2023\/01\/quintodia_2704.jpg 1280w, https:\/\/franciscanos.org.br\/noticias\/wp-content\/uploads\/2023\/01\/quintodia_2704-450x253.jpg 450w, https:\/\/franciscanos.org.br\/noticias\/wp-content\/uploads\/2023\/01\/quintodia_2704-1024x576.jpg 1024w, https:\/\/franciscanos.org.br\/noticias\/wp-content\/uploads\/2023\/01\/quintodia_2704-768x432.jpg 768w, https:\/\/franciscanos.org.br\/noticias\/wp-content\/uploads\/2023\/01\/quintodia_2704-150x84.jpg 150w\" sizes=\"(max-width: 1280px) 100vw, 1280px\" \/><\/p>\n<p><strong>S\u00e3o Paulo (SP)<\/strong> &#8211; O Ministro Geral da Ordem dos Frades Menores, Frei Massimo Fusarelli, presidiu a Missa do Envio no \u00faltimo dia (27\/01) da Assembleia Geral da Uni\u00e3o das Confer\u00eancias Latino-americanas Franciscanas (UCLAF), que desde a \u00faltima segunda-feira reuniu no Convento S\u00e3o Francisco, no centro de S\u00e3o Paulo, os Ministros Provinciais e Cust\u00f3dios da Confer\u00eancia Franciscana do M\u00e9xico, Am\u00e9rica Central, Panam\u00e1 e Haiti; da Confer\u00eancia Franciscana do Brasil e Cone Sul; e da Confer\u00eancia Franciscana Bolivariana, com o Ministro Geral e seu Definit\u00f3rio.<\/p>\n<p>\u201cConstruindo o Caminho Sinodal como Frades Menores\u201d. O tema fez parte de todas as reflex\u00f5es e assuntos desta 27\u00aa Assembleia Geral da UCLAF, que celebra 55 anos de funda\u00e7\u00e3o na Am\u00e9rica Latina e 500 anos da presen\u00e7a franciscana no M\u00e9xico, n\u00e3o perdendo de vista o Centen\u00e1rio Franciscano, que neste ano celebra os 800 anos da Regra Bulada e o Natal de Greccio. &#8220;Agradecemos ao Senhor pelo caminho de nossa fam\u00edlia na Am\u00e9rica Latina ao longo destes anos! Isto \u00e9 o que sentimos e experimentamos durante estes dias de conviv\u00eancia e partilha. Mais uma vez nesta Eucaristia fomos alcan\u00e7ados pelo dom sublime de uma Palavra antiga e todos os dias surpreendentemente nova! \u00c9 o pr\u00f3prio Jesus que nos fala hoje em Lc 24,44, e nos fala de coisas que devem ser \u201ccumpridas\u201d. O passado e o futuro se encontram num presente&#8221;, agradeceu Frei Massimo.<\/p>\n<p><img loading=\"lazy\" class=\"alignnone size-full wp-image-241972\" src=\"https:\/\/franciscanos.org.br\/noticias\/wp-content\/uploads\/2023\/01\/quintodia_2709.jpg\" alt=\"\" width=\"1280\" height=\"1707\" srcset=\"https:\/\/franciscanos.org.br\/noticias\/wp-content\/uploads\/2023\/01\/quintodia_2709.jpg 810w, https:\/\/franciscanos.org.br\/noticias\/wp-content\/uploads\/2023\/01\/quintodia_2709-337x450.jpg 337w, https:\/\/franciscanos.org.br\/noticias\/wp-content\/uploads\/2023\/01\/quintodia_2709-768x1024.jpg 768w, https:\/\/franciscanos.org.br\/noticias\/wp-content\/uploads\/2023\/01\/quintodia_2709-1152x1536.jpg 1152w, https:\/\/franciscanos.org.br\/noticias\/wp-content\/uploads\/2023\/01\/quintodia_2709-150x200.jpg 150w\" sizes=\"(max-width: 1280px) 100vw, 1280px\" \/><\/p>\n<p>Segundo o Ministro Geral, a \u201cmem\u00f3ria\u201d evang\u00e9lica n\u00e3o \u00e9 apenas a atualiza\u00e7\u00e3o do passado, mas a fonte do futuro! &#8220;A mem\u00f3ria do nosso carisma como Frades Menores, que o Centen\u00e1rio Franciscano nos ajuda a revisitar, \u00e9 uma fonte do futuro. Somos chamados a um esfor\u00e7o mais intenso para ouvir o Senhor neste tempo, para que o carisma possa ser expresso aqui e agora na Am\u00e9rica Latina, em sua ampla diversidade&#8221;, orientou o Ministro Geral.<\/p>\n<p>Para Frei Massimo, o Evangelho de Lucas nos fala da P\u00e1scoa de Jesus, que \u00e9 o final de um tempo antigo e \u00e9 tempo da ressurrei\u00e7\u00e3o: \u00e9 o tempo novo e definitivo. \u00c9 no poder da P\u00e1scoa que, em nome de Jesus, \u201ca convers\u00e3o e o perd\u00e3o dos pecados ser\u00e3o pregados a todos os povos, come\u00e7ando por Jerusal\u00e9m\u201d (v.47).<\/p>\n<p><img loading=\"lazy\" class=\"alignnone size-full wp-image-241973\" src=\"https:\/\/franciscanos.org.br\/noticias\/wp-content\/uploads\/2023\/01\/quintodia_2703.jpg\" alt=\"\" width=\"1280\" height=\"789\" srcset=\"https:\/\/franciscanos.org.br\/noticias\/wp-content\/uploads\/2023\/01\/quintodia_2703.jpg 1280w, https:\/\/franciscanos.org.br\/noticias\/wp-content\/uploads\/2023\/01\/quintodia_2703-450x277.jpg 450w, https:\/\/franciscanos.org.br\/noticias\/wp-content\/uploads\/2023\/01\/quintodia_2703-1024x631.jpg 1024w, https:\/\/franciscanos.org.br\/noticias\/wp-content\/uploads\/2023\/01\/quintodia_2703-768x473.jpg 768w, https:\/\/franciscanos.org.br\/noticias\/wp-content\/uploads\/2023\/01\/quintodia_2703-150x92.jpg 150w\" sizes=\"(max-width: 1280px) 100vw, 1280px\" \/><\/p>\n<p><img loading=\"lazy\" class=\"alignnone size-full wp-image-241982\" src=\"https:\/\/franciscanos.org.br\/noticias\/wp-content\/uploads\/2023\/01\/quintodia_2712.jpg\" alt=\"\" width=\"1280\" height=\"1547\" srcset=\"https:\/\/franciscanos.org.br\/noticias\/wp-content\/uploads\/2023\/01\/quintodia_2712.jpg 894w, https:\/\/franciscanos.org.br\/noticias\/wp-content\/uploads\/2023\/01\/quintodia_2712-372x450.jpg 372w, https:\/\/franciscanos.org.br\/noticias\/wp-content\/uploads\/2023\/01\/quintodia_2712-847x1024.jpg 847w, https:\/\/franciscanos.org.br\/noticias\/wp-content\/uploads\/2023\/01\/quintodia_2712-768x928.jpg 768w, https:\/\/franciscanos.org.br\/noticias\/wp-content\/uploads\/2023\/01\/quintodia_2712-1271x1536.jpg 1271w, https:\/\/franciscanos.org.br\/noticias\/wp-content\/uploads\/2023\/01\/quintodia_2712-150x181.jpg 150w\" sizes=\"(max-width: 1280px) 100vw, 1280px\" \/><\/p>\n<p>Frei Massimo continuou sua exorta\u00e7\u00e3o animando os frades no retorno a suas terras de origem: &#8220;O Ressuscitado fala a n\u00f3s, seus disc\u00edpulos: &#8216;Disso sois testemunhas&#8221; (v.48). O nosso testemunho e evangeliza\u00e7\u00e3o tornam presentes o cumprimento do Evangelho do Senhor em nosso tempo. Tornam presentes seu poder vivificador. Antes de ser uma ideia, a miss\u00e3o \u00e9 a transpar\u00eancia da presen\u00e7a e do poder do Senhor. N\u00e3o podemos faz\u00ea-lo com a nossa pequena e pobre for\u00e7a: &#8216;E eis que eu envio aquele que meu Pai prometeu, mas v\u00f3s permanecereis na cidade at\u00e9 vos revestirdes com o poder do alto&#8217; (v.49)&#8221;, disse.<\/p>\n<p><img loading=\"lazy\" class=\"alignnone size-full wp-image-241974\" src=\"https:\/\/franciscanos.org.br\/noticias\/wp-content\/uploads\/2023\/01\/quintodia_2707.jpg\" alt=\"\" width=\"1238\" height=\"928\" srcset=\"https:\/\/franciscanos.org.br\/noticias\/wp-content\/uploads\/2023\/01\/quintodia_2707.jpg 1238w, https:\/\/franciscanos.org.br\/noticias\/wp-content\/uploads\/2023\/01\/quintodia_2707-450x337.jpg 450w, https:\/\/franciscanos.org.br\/noticias\/wp-content\/uploads\/2023\/01\/quintodia_2707-1024x768.jpg 1024w, https:\/\/franciscanos.org.br\/noticias\/wp-content\/uploads\/2023\/01\/quintodia_2707-768x576.jpg 768w, https:\/\/franciscanos.org.br\/noticias\/wp-content\/uploads\/2023\/01\/quintodia_2707-150x112.jpg 150w, https:\/\/franciscanos.org.br\/noticias\/wp-content\/uploads\/2023\/01\/quintodia_2707-600x450.jpg 600w\" sizes=\"(max-width: 1238px) 100vw, 1238px\" \/><\/p>\n<p>E continuou: &#8220;Permane\u00e7amos vigilantes na invoca\u00e7\u00e3o deste poder do alto, para que o Esp\u00edrito do Senhor e a seu santo modo de operar possam agir em n\u00f3s. S\u00e3o Francisco nos envia em miss\u00e3o: LM III, 7: FF 1059 &#8216;V\u00e3o&#8217;, disse o Pai mansamente aos seus filhos, &#8216;proclamem a paz aos homens; preguem a penit\u00eancia para a remiss\u00e3o dos pecados&#8217;. Sejam pacientes nas tribula\u00e7\u00f5es, vigilantes na ora\u00e7\u00e3o, corajosos no trabalho, modestos na fala, s\u00e9rios na conduta, e gratos pelos benef\u00edcios. Em recompensa de tudo isto, o reino eterno foi preparado para v\u00f3s&#8221;, orientou.<\/p>\n<p>&#8220;Aqueles que se ajoelharam humildemente perante o servo de Deus aceitaram a miss\u00e3o da santa obedi\u00eancia com \u00edntima alegria. Ent\u00e3o, ele disse a cada um em particular: &#8216;Confiai o vosso destino ao Senhor, e ele vos alimentar\u00e1. Estas foram as palavras que ele costumava repetir quando designava um irm\u00e3o para uma miss\u00e3o de obedi\u00eancia. Dividiu-os dois a dois, em forma de cruz, enviando-os para o mundo. Depois de atribuir as outras tr\u00eas partes \u00e0s outras seis, ele pr\u00f3prio foi com um companheiro a uma parte do mundo, sabendo muito bem que tinha sido escolhido como exemplo para os outros e que devia primeiro agir e depois ensinar'&#8221;, encerrou Frei Massimo, desejando a todos: &#8220;Boa viagem, irm\u00e3os, com a proximidade maternal e a b\u00ean\u00e7\u00e3o de Francisco!&#8221;.<\/p>\n<p><img loading=\"lazy\" class=\"alignnone size-full wp-image-241975\" src=\"https:\/\/franciscanos.org.br\/noticias\/wp-content\/uploads\/2023\/01\/quintodia_2708.jpg\" alt=\"\" width=\"1280\" height=\"960\" srcset=\"https:\/\/franciscanos.org.br\/noticias\/wp-content\/uploads\/2023\/01\/quintodia_2708.jpg 1280w, https:\/\/franciscanos.org.br\/noticias\/wp-content\/uploads\/2023\/01\/quintodia_2708-450x338.jpg 450w, https:\/\/franciscanos.org.br\/noticias\/wp-content\/uploads\/2023\/01\/quintodia_2708-1024x768.jpg 1024w, https:\/\/franciscanos.org.br\/noticias\/wp-content\/uploads\/2023\/01\/quintodia_2708-768x576.jpg 768w, https:\/\/franciscanos.org.br\/noticias\/wp-content\/uploads\/2023\/01\/quintodia_2708-150x113.jpg 150w, https:\/\/franciscanos.org.br\/noticias\/wp-content\/uploads\/2023\/01\/quintodia_2708-600x450.jpg 600w\" sizes=\"(max-width: 1280px) 100vw, 1280px\" \/><\/p>\n<p>No final da Celebra\u00e7\u00e3o Eucar\u00edstica, Frei Massimo e Frei C\u00e9sar K\u00fclkamp entregaram a Regra de S\u00e3o Francisco, que neste ano celebra 800 anos de sua aprova\u00e7\u00e3o, e um Tau a cada frade participante da Assembleia.<\/p>\n<p>Frei Massimo viaja nesta madrugada para Lima, no Peru, onde vai visitar os frades peruanos e retorna para o Brasil, chegando na segunda-feira no Rio de Janeiro. Dali, ele sobe a serra at\u00e9 Petr\u00f3polis (RJ), para se encontrar com os frades da forma\u00e7\u00e3o permanente e do tempo de Teologia. Depois visita o Esp\u00edrito Santo, onde se encontrar\u00e1 com os frades do Regional no Santu\u00e1rio do Divino Esp\u00edrito Santo. Dali, ele segue para Curitiba (PR), onde se encontrar\u00e1 com os frades deste Regional e depois viaja at\u00e9 Rodeio (SC), onde est\u00e1 o Noviciado da Prov\u00edncia. Ali se encontra com os frades de dois Regionais catarinenses. Na sexta-feira, dia 3, estar\u00e1 em S\u00e3o Paulo, para encontro com os frades deste Regional.<\/p>\n<div id=\"attachment_241976\" style=\"width: 1610px\" class=\"wp-caption alignnone\"><img aria-describedby=\"caption-attachment-241976\" loading=\"lazy\" class=\"wp-image-241976 size-full\" src=\"https:\/\/franciscanos.org.br\/noticias\/wp-content\/uploads\/2023\/01\/quintodia_2702.jpg\" alt=\"\" width=\"1600\" height=\"1020\" srcset=\"https:\/\/franciscanos.org.br\/noticias\/wp-content\/uploads\/2023\/01\/quintodia_2702.jpg 1600w, https:\/\/franciscanos.org.br\/noticias\/wp-content\/uploads\/2023\/01\/quintodia_2702-450x287.jpg 450w, https:\/\/franciscanos.org.br\/noticias\/wp-content\/uploads\/2023\/01\/quintodia_2702-1024x653.jpg 1024w, https:\/\/franciscanos.org.br\/noticias\/wp-content\/uploads\/2023\/01\/quintodia_2702-768x490.jpg 768w, https:\/\/franciscanos.org.br\/noticias\/wp-content\/uploads\/2023\/01\/quintodia_2702-1536x979.jpg 1536w, https:\/\/franciscanos.org.br\/noticias\/wp-content\/uploads\/2023\/01\/quintodia_2702-150x96.jpg 150w\" sizes=\"(max-width: 1600px) 100vw, 1600px\" \/><p id=\"caption-attachment-241976\" class=\"wp-caption-text\"><em>Dom Odilo e o Ministro Geral <\/em><\/p><\/div>\n<p>O \u00faltimo dia foi de muitas reuni\u00f5es. As Confer\u00eancias do M\u00e9xico, Am\u00e9rica Central, Panam\u00e1 e Haiti e a Bolivariana se reuniram, separadamente, para estabelecer conclus\u00f5es, acordos e compromissos por ocasi\u00e3o do de um caminho sinodal e da celebra\u00e7\u00e3o do Centen\u00e1rio Franciscano e do Cap\u00edtulo das Esteiras em 2025. J\u00e1 a Confer\u00eancia do Brasil e Cone Sul se reuniu com o Ministro Geral e o Definit\u00f3rio Geral. Por \u00faltimo foram votados e aprovados alguns pontos da agenda da UCLAF at\u00e9 a pr\u00f3xima assembleia. A Santa Missa de encerramento come\u00e7ou \u00e0s 18h30.<\/p>\n<p>Os frades tamb\u00e9m tiveram a grata surpresa de receber a visita do Cardeal Dom Odilo Pedro Scherer, Arcebispo Metropolitano de S\u00e3o Paulo, que conversou com participantes da UCLAF e almo\u00e7ou com eles.<\/p>\n<p><img loading=\"lazy\" class=\"alignnone size-full wp-image-241977\" src=\"https:\/\/franciscanos.org.br\/noticias\/wp-content\/uploads\/2023\/01\/quintodia_2701.jpg\" alt=\"\" width=\"1024\" height=\"704\" srcset=\"https:\/\/franciscanos.org.br\/noticias\/wp-content\/uploads\/2023\/01\/quintodia_2701.jpg 1024w, https:\/\/franciscanos.org.br\/noticias\/wp-content\/uploads\/2023\/01\/quintodia_2701-450x309.jpg 450w, https:\/\/franciscanos.org.br\/noticias\/wp-content\/uploads\/2023\/01\/quintodia_2701-768x528.jpg 768w, https:\/\/franciscanos.org.br\/noticias\/wp-content\/uploads\/2023\/01\/quintodia_2701-150x103.jpg 150w, https:\/\/franciscanos.org.br\/noticias\/wp-content\/uploads\/2023\/01\/quintodia_2701-320x220.jpg 320w\" sizes=\"(max-width: 1024px) 100vw, 1024px\" \/><\/p>\n<p>A UCLAF \u00e9 um organismo de anima\u00e7\u00e3o da Ordem dos Frades Menores que chega \u00e0 marca hist\u00f3rica de 55 anos de exist\u00eancia. Nasceu motivada pelo impulso renovador do Conc\u00edlio Vaticano II para promover a unidade e a busca de colabora\u00e7\u00e3o na vida e na miss\u00e3o da Ordem no contexto da Am\u00e9rica Latina. Em todos estes anos, ela tem buscado promover a colabora\u00e7\u00e3o em suas presen\u00e7as evangelizadoras (hist\u00f3ricos santu\u00e1rios, vicariatos, par\u00f3quias, educa\u00e7\u00e3o, comunica\u00e7\u00e3o, trabalho social e iniciativas mission\u00e1rias) e na forma\u00e7\u00e3o a partir do carisma franciscano.<\/p>\n<p><img loading=\"lazy\" class=\"alignnone size-full wp-image-241978\" src=\"https:\/\/franciscanos.org.br\/noticias\/wp-content\/uploads\/2023\/01\/quintodia_2705.jpg\" alt=\"\" width=\"1280\" height=\"748\" srcset=\"https:\/\/franciscanos.org.br\/noticias\/wp-content\/uploads\/2023\/01\/quintodia_2705.jpg 1280w, https:\/\/franciscanos.org.br\/noticias\/wp-content\/uploads\/2023\/01\/quintodia_2705-450x263.jpg 450w, https:\/\/franciscanos.org.br\/noticias\/wp-content\/uploads\/2023\/01\/quintodia_2705-1024x598.jpg 1024w, https:\/\/franciscanos.org.br\/noticias\/wp-content\/uploads\/2023\/01\/quintodia_2705-768x449.jpg 768w, https:\/\/franciscanos.org.br\/noticias\/wp-content\/uploads\/2023\/01\/quintodia_2705-150x88.jpg 150w\" sizes=\"(max-width: 1280px) 100vw, 1280px\" \/><\/p>\n<p><img loading=\"lazy\" class=\"alignnone size-full wp-image-241979\" src=\"https:\/\/franciscanos.org.br\/noticias\/wp-content\/uploads\/2023\/01\/quintodia_2706.jpg\" alt=\"\" width=\"1280\" height=\"853\" srcset=\"https:\/\/franciscanos.org.br\/noticias\/wp-content\/uploads\/2023\/01\/quintodia_2706.jpg 1280w, https:\/\/franciscanos.org.br\/noticias\/wp-content\/uploads\/2023\/01\/quintodia_2706-450x300.jpg 450w, https:\/\/franciscanos.org.br\/noticias\/wp-content\/uploads\/2023\/01\/quintodia_2706-1024x682.jpg 1024w, https:\/\/franciscanos.org.br\/noticias\/wp-content\/uploads\/2023\/01\/quintodia_2706-768x512.jpg 768w, https:\/\/franciscanos.org.br\/noticias\/wp-content\/uploads\/2023\/01\/quintodia_2706-150x100.jpg 150w\" sizes=\"(max-width: 1280px) 100vw, 1280px\" \/><\/p>\n<p>Frei Jos\u00e9 Alirio Urina Rodriguez, presidente da UCLAF, n\u00e3o poupou agradecimentos \u00e0 Prov\u00edncia da Imaculada Concei\u00e7\u00e3o, em nome do Ministro Provincial, Frei Paulo Roberto Pereira, agradeceu \u00e0 Fraternidade do Convento S\u00e3o Francisco, que acolheu 40 Ministros Provinciais e Cust\u00f3dios que vieram para este evento, que trouxe pela primeira vez o Ministro Geral e o seu Definit\u00f3rio ao Brasil. &#8220;Minha primeira atitude \u00e9 de agradecimento e de fraternidade. Creio que foi um encontro valioso para os irm\u00e3os. Oportuno e necess\u00e1rio esse momento em vista de construir esse caminho sinodal como Frades Menores&#8221;, disse o presidente da UCLAF. Em maio de 2024, a Assembleia Geral ser\u00e1 na Cidade do M\u00e9xico.<\/p>\n<hr \/>\n<p><em>Equipe de Comunica\u00e7\u00e3o da UCLAF<\/em><\/p>\n<p><img loading=\"lazy\" class=\"alignnone size-full wp-image-241984\" src=\"https:\/\/franciscanos.org.br\/noticias\/wp-content\/uploads\/2023\/01\/quintodia_2713.jpg\" alt=\"\" width=\"1280\" height=\"887\" srcset=\"https:\/\/franciscanos.org.br\/noticias\/wp-content\/uploads\/2023\/01\/quintodia_2713.jpg 1280w, https:\/\/franciscanos.org.br\/noticias\/wp-content\/uploads\/2023\/01\/quintodia_2713-450x312.jpg 450w, https:\/\/franciscanos.org.br\/noticias\/wp-content\/uploads\/2023\/01\/quintodia_2713-1024x710.jpg 1024w, https:\/\/franciscanos.org.br\/noticias\/wp-content\/uploads\/2023\/01\/quintodia_2713-768x532.jpg 768w, https:\/\/franciscanos.org.br\/noticias\/wp-content\/uploads\/2023\/01\/quintodia_2713-150x104.jpg 150w\" sizes=\"(max-width: 1280px) 100vw, 1280px\" \/><\/p>\n<p><img loading=\"lazy\" class=\"alignnone size-full wp-image-241986\" src=\"https:\/\/franciscanos.org.br\/noticias\/wp-content\/uploads\/2023\/01\/quintodia_2714.jpg\" alt=\"\" width=\"1280\" height=\"853\" srcset=\"https:\/\/franciscanos.org.br\/noticias\/wp-content\/uploads\/2023\/01\/quintodia_2714.jpg 1280w, https:\/\/franciscanos.org.br\/noticias\/wp-content\/uploads\/2023\/01\/quintodia_2714-450x300.jpg 450w, https:\/\/franciscanos.org.br\/noticias\/wp-content\/uploads\/2023\/01\/quintodia_2714-1024x682.jpg 1024w, https:\/\/franciscanos.org.br\/noticias\/wp-content\/uploads\/2023\/01\/quintodia_2714-768x512.jpg 768w, https:\/\/franciscanos.org.br\/noticias\/wp-content\/uploads\/2023\/01\/quintodia_2714-150x100.jpg 150w\" sizes=\"(max-width: 1280px) 100vw, 1280px\" \/><\/p>\n","protected":false},"excerpt":{"rendered":"<p>Encerramento da Assembleia Geral da UCLAF<\/p>\n","protected":false},"author":3,"featured_media":241971,"comment_status":"open","ping_status":"open","sticky":false,"template":"","format":"standard","meta":[],"categories":[1],"tags":[2088],"acf":[],"yoast_head":"<!-- This site is optimized with the Yoast SEO plugin v19.2 - https:\/\/yoast.com\/wordpress\/plugins\/seo\/ -->\n<title>Na Missa do Envio, Frei Massimo lembra: &quot;A mem\u00f3ria do carisma como Frades Menores \u00e9 uma fonte do futuro&quot; - Not\u00edcias - Franciscanos<\/title>\n<meta name=\"robots\" content=\"index, follow, max-snippet:-1, max-image-preview:large, max-video-preview:-1\" \/>\n<link rel=\"canonical\" href=\"https:\/\/franciscanos.org.br\/noticias\/na-missa-do-envio-frei-massimo-lembra-a-memoria-do-carisma-como-frades-menores-e-uma-fonte-do-futuro.html\" \/>\n<meta property=\"og:locale\" content=\"pt_BR\" \/>\n<meta property=\"og:type\" content=\"article\" \/>\n<meta property=\"og:title\" content=\"Na Missa do Envio, Frei Massimo lembra: &quot;A mem\u00f3ria do carisma como Frades Menores \u00e9 uma fonte do futuro&quot; - Not\u00edcias - Franciscanos\" \/>\n<meta property=\"og:description\" content=\"Encerramento da Assembleia Geral da UCLAF\" \/>\n<meta property=\"og:url\" content=\"https:\/\/franciscanos.org.br\/noticias\/na-missa-do-envio-frei-massimo-lembra-a-memoria-do-carisma-como-frades-menores-e-uma-fonte-do-futuro.html\" \/>\n<meta property=\"og:site_name\" content=\"Not\u00edcias - Franciscanos\" \/>\n<meta property=\"article:published_time\" content=\"2023-01-28T00:07:41+00:00\" \/>\n<meta property=\"article:modified_time\" content=\"2023-01-28T00:32:55+00:00\" \/>\n<meta property=\"og:image\" content=\"https:\/\/franciscanos.org.br\/noticias\/wp-content\/uploads\/2023\/01\/quintodia_2704.jpg\" \/>\n\t<meta property=\"og:image:width\" content=\"1280\" \/>\n\t<meta property=\"og:image:height\" content=\"720\" \/>\n\t<meta property=\"og:image:type\" content=\"image\/jpeg\" \/>\n<meta name=\"author\" content=\"moacir\" \/>\n<meta name=\"twitter:card\" content=\"summary_large_image\" \/>\n<meta name=\"twitter:label1\" content=\"Escrito por\" \/>\n\t<meta name=\"twitter:data1\" content=\"moacir\" \/>\n\t<meta name=\"twitter:label2\" content=\"Est. tempo de leitura\" \/>\n\t<meta name=\"twitter:data2\" content=\"6 minutos\" \/>\n<script type=\"application\/ld+json\" class=\"yoast-schema-graph\">{\"@context\":\"https:\/\/schema.org\",\"@graph\":[{\"@type\":\"WebSite\",\"@id\":\"https:\/\/franciscanos.org.br\/noticias\/#website\",\"url\":\"https:\/\/franciscanos.org.br\/noticias\/\",\"name\":\"Not\u00edcias - Franciscanos\",\"description\":\"Prov\u00edncia Franciscana da Imaculada Concei\u00e7\u00e3o do Brasil - Ordem dos Frades Menores - OFM\",\"potentialAction\":[{\"@type\":\"SearchAction\",\"target\":{\"@type\":\"EntryPoint\",\"urlTemplate\":\"https:\/\/franciscanos.org.br\/noticias\/?s={search_term_string}\"},\"query-input\":\"required name=search_term_string\"}],\"inLanguage\":\"pt-BR\"},{\"@type\":\"ImageObject\",\"inLanguage\":\"pt-BR\",\"@id\":\"https:\/\/franciscanos.org.br\/noticias\/na-missa-do-envio-frei-massimo-lembra-a-memoria-do-carisma-como-frades-menores-e-uma-fonte-do-futuro.html#primaryimage\",\"url\":\"https:\/\/franciscanos.org.br\/noticias\/wp-content\/uploads\/2023\/01\/quintodia_2704.jpg\",\"contentUrl\":\"https:\/\/franciscanos.org.br\/noticias\/wp-content\/uploads\/2023\/01\/quintodia_2704.jpg\",\"width\":1280,\"height\":720},{\"@type\":\"WebPage\",\"@id\":\"https:\/\/franciscanos.org.br\/noticias\/na-missa-do-envio-frei-massimo-lembra-a-memoria-do-carisma-como-frades-menores-e-uma-fonte-do-futuro.html#webpage\",\"url\":\"https:\/\/franciscanos.org.br\/noticias\/na-missa-do-envio-frei-massimo-lembra-a-memoria-do-carisma-como-frades-menores-e-uma-fonte-do-futuro.html\",\"name\":\"Na Missa do Envio, Frei Massimo lembra: \\\"A mem\u00f3ria do carisma como Frades Menores \u00e9 uma fonte do futuro\\\" - Not\u00edcias - Franciscanos\",\"isPartOf\":{\"@id\":\"https:\/\/franciscanos.org.br\/noticias\/#website\"},\"primaryImageOfPage\":{\"@id\":\"https:\/\/franciscanos.org.br\/noticias\/na-missa-do-envio-frei-massimo-lembra-a-memoria-do-carisma-como-frades-menores-e-uma-fonte-do-futuro.html#primaryimage\"},\"datePublished\":\"2023-01-28T00:07:41+00:00\",\"dateModified\":\"2023-01-28T00:32:55+00:00\",\"author\":{\"@id\":\"https:\/\/franciscanos.org.br\/noticias\/#\/schema\/person\/b5c8cba458c330ccff548b056e95a5d4\"},\"breadcrumb\":{\"@id\":\"https:\/\/franciscanos.org.br\/noticias\/na-missa-do-envio-frei-massimo-lembra-a-memoria-do-carisma-como-frades-menores-e-uma-fonte-do-futuro.html#breadcrumb\"},\"inLanguage\":\"pt-BR\",\"potentialAction\":[{\"@type\":\"ReadAction\",\"target\":[\"https:\/\/franciscanos.org.br\/noticias\/na-missa-do-envio-frei-massimo-lembra-a-memoria-do-carisma-como-frades-menores-e-uma-fonte-do-futuro.html\"]}]},{\"@type\":\"BreadcrumbList\",\"@id\":\"https:\/\/franciscanos.org.br\/noticias\/na-missa-do-envio-frei-massimo-lembra-a-memoria-do-carisma-como-frades-menores-e-uma-fonte-do-futuro.html#breadcrumb\",\"itemListElement\":[{\"@type\":\"ListItem\",\"position\":1,\"name\":\"Home\",\"item\":\"https:\/\/franciscanos.org.br\/noticias\"},{\"@type\":\"ListItem\",\"position\":2,\"name\":\"Na Missa do Envio, Frei Massimo lembra: &#8220;A mem\u00f3ria do carisma como Frades Menores \u00e9 uma fonte do futuro&#8221;\"}]},{\"@type\":\"Person\",\"@id\":\"https:\/\/franciscanos.org.br\/noticias\/#\/schema\/person\/b5c8cba458c330ccff548b056e95a5d4\",\"name\":\"moacir\",\"image\":{\"@type\":\"ImageObject\",\"inLanguage\":\"pt-BR\",\"@id\":\"https:\/\/franciscanos.org.br\/noticias\/#\/schema\/person\/image\/\",\"url\":\"https:\/\/secure.gravatar.com\/avatar\/d08aa2ce4c8dd416d4479aa8536fcf64?s=96&d=mm&r=g\",\"contentUrl\":\"https:\/\/secure.gravatar.com\/avatar\/d08aa2ce4c8dd416d4479aa8536fcf64?s=96&d=mm&r=g\",\"caption\":\"moacir\"},\"url\":\"https:\/\/franciscanos.org.br\/noticias\/author\/moacir\"}]}<\/script>\n<!-- \/ Yoast SEO plugin. -->","yoast_head_json":{"title":"Na Missa do Envio, Frei Massimo lembra: \"A mem\u00f3ria do carisma como Frades Menores \u00e9 uma fonte do futuro\" - Not\u00edcias - Franciscanos","robots":{"index":"index","follow":"follow","max-snippet":"max-snippet:-1","max-image-preview":"max-image-preview:large","max-video-preview":"max-video-preview:-1"},"canonical":"https:\/\/franciscanos.org.br\/noticias\/na-missa-do-envio-frei-massimo-lembra-a-memoria-do-carisma-como-frades-menores-e-uma-fonte-do-futuro.html","og_locale":"pt_BR","og_type":"article","og_title":"Na Missa do Envio, Frei Massimo lembra: \"A mem\u00f3ria do carisma como Frades Menores \u00e9 uma fonte do futuro\" - Not\u00edcias - Franciscanos","og_description":"Encerramento da Assembleia Geral da UCLAF","og_url":"https:\/\/franciscanos.org.br\/noticias\/na-missa-do-envio-frei-massimo-lembra-a-memoria-do-carisma-como-frades-menores-e-uma-fonte-do-futuro.html","og_site_name":"Not\u00edcias - Franciscanos","article_published_time":"2023-01-28T00:07:41+00:00","article_modified_time":"2023-01-28T00:32:55+00:00","og_image":[{"width":1280,"height":720,"url":"https:\/\/franciscanos.org.br\/noticias\/wp-content\/uploads\/2023\/01\/quintodia_2704.jpg","type":"image\/jpeg"}],"author":"moacir","twitter_card":"summary_large_image","twitter_misc":{"Escrito por":"moacir","Est. tempo de leitura":"6 minutos"},"schema":{"@context":"https:\/\/schema.org","@graph":[{"@type":"WebSite","@id":"https:\/\/franciscanos.org.br\/noticias\/#website","url":"https:\/\/franciscanos.org.br\/noticias\/","name":"Not\u00edcias - Franciscanos","description":"Prov\u00edncia Franciscana da Imaculada Concei\u00e7\u00e3o do Brasil - Ordem dos Frades Menores - OFM","potentialAction":[{"@type":"SearchAction","target":{"@type":"EntryPoint","urlTemplate":"https:\/\/franciscanos.org.br\/noticias\/?s={search_term_string}"},"query-input":"required name=search_term_string"}],"inLanguage":"pt-BR"},{"@type":"ImageObject","inLanguage":"pt-BR","@id":"https:\/\/franciscanos.org.br\/noticias\/na-missa-do-envio-frei-massimo-lembra-a-memoria-do-carisma-como-frades-menores-e-uma-fonte-do-futuro.html#primaryimage","url":"https:\/\/franciscanos.org.br\/noticias\/wp-content\/uploads\/2023\/01\/quintodia_2704.jpg","contentUrl":"https:\/\/franciscanos.org.br\/noticias\/wp-content\/uploads\/2023\/01\/quintodia_2704.jpg","width":1280,"height":720},{"@type":"WebPage","@id":"https:\/\/franciscanos.org.br\/noticias\/na-missa-do-envio-frei-massimo-lembra-a-memoria-do-carisma-como-frades-menores-e-uma-fonte-do-futuro.html#webpage","url":"https:\/\/franciscanos.org.br\/noticias\/na-missa-do-envio-frei-massimo-lembra-a-memoria-do-carisma-como-frades-menores-e-uma-fonte-do-futuro.html","name":"Na Missa do Envio, Frei Massimo lembra: \"A mem\u00f3ria do carisma como Frades Menores \u00e9 uma fonte do futuro\" - Not\u00edcias - Franciscanos","isPartOf":{"@id":"https:\/\/franciscanos.org.br\/noticias\/#website"},"primaryImageOfPage":{"@id":"https:\/\/franciscanos.org.br\/noticias\/na-missa-do-envio-frei-massimo-lembra-a-memoria-do-carisma-como-frades-menores-e-uma-fonte-do-futuro.html#primaryimage"},"datePublished":"2023-01-28T00:07:41+00:00","dateModified":"2023-01-28T00:32:55+00:00","author":{"@id":"https:\/\/franciscanos.org.br\/noticias\/#\/schema\/person\/b5c8cba458c330ccff548b056e95a5d4"},"breadcrumb":{"@id":"https:\/\/franciscanos.org.br\/noticias\/na-missa-do-envio-frei-massimo-lembra-a-memoria-do-carisma-como-frades-menores-e-uma-fonte-do-futuro.html#breadcrumb"},"inLanguage":"pt-BR","potentialAction":[{"@type":"ReadAction","target":["https:\/\/franciscanos.org.br\/noticias\/na-missa-do-envio-frei-massimo-lembra-a-memoria-do-carisma-como-frades-menores-e-uma-fonte-do-futuro.html"]}]},{"@type":"BreadcrumbList","@id":"https:\/\/franciscanos.org.br\/noticias\/na-missa-do-envio-frei-massimo-lembra-a-memoria-do-carisma-como-frades-menores-e-uma-fonte-do-futuro.html#breadcrumb","itemListElement":[{"@type":"ListItem","position":1,"name":"Home","item":"https:\/\/franciscanos.org.br\/noticias"},{"@type":"ListItem","position":2,"name":"Na Missa do Envio, Frei Massimo lembra: &#8220;A mem\u00f3ria do carisma como Frades Menores \u00e9 uma fonte do futuro&#8221;"}]},{"@type":"Person","@id":"https:\/\/franciscanos.org.br\/noticias\/#\/schema\/person\/b5c8cba458c330ccff548b056e95a5d4","name":"moacir","image":{"@type":"ImageObject","inLanguage":"pt-BR","@id":"https:\/\/franciscanos.org.br\/noticias\/#\/schema\/person\/image\/","url":"https:\/\/secure.gravatar.com\/avatar\/d08aa2ce4c8dd416d4479aa8536fcf64?s=96&d=mm&r=g","contentUrl":"https:\/\/secure.gravatar.com\/avatar\/d08aa2ce4c8dd416d4479aa8536fcf64?s=96&d=mm&r=g","caption":"moacir"},"url":"https:\/\/franciscanos.org.br\/noticias\/author\/moacir"}]}},"_links":{"self":[{"href":"https:\/\/franciscanos.org.br\/noticias\/wp-json\/wp\/v2\/posts\/241970"}],"collection":[{"href":"https:\/\/franciscanos.org.br\/noticias\/wp-json\/wp\/v2\/posts"}],"about":[{"href":"https:\/\/franciscanos.org.br\/noticias\/wp-json\/wp\/v2\/types\/post"}],"author":[{"embeddable":true,"href":"https:\/\/franciscanos.org.br\/noticias\/wp-json\/wp\/v2\/users\/3"}],"replies":[{"embeddable":true,"href":"https:\/\/franciscanos.org.br\/noticias\/wp-json\/wp\/v2\/comments?post=241970"}],"version-history":[{"count":7,"href":"https:\/\/franciscanos.org.br\/noticias\/wp-json\/wp\/v2\/posts\/241970\/revisions"}],"predecessor-version":[{"id":241989,"href":"https:\/\/franciscanos.org.br\/noticias\/wp-json\/wp\/v2\/posts\/241970\/revisions\/241989"}],"wp:featuredmedia":[{"embeddable":true,"href":"https:\/\/franciscanos.org.br\/noticias\/wp-json\/wp\/v2\/media\/241971"}],"wp:attachment":[{"href":"https:\/\/franciscanos.org.br\/noticias\/wp-json\/wp\/v2\/media?parent=241970"}],"wp:term":[{"taxonomy":"category","embeddable":true,"href":"https:\/\/franciscanos.org.br\/noticias\/wp-json\/wp\/v2\/categories?post=241970"},{"taxonomy":"post_tag","embeddable":true,"href":"https:\/\/franciscanos.org.br\/noticias\/wp-json\/wp\/v2\/tags?post=241970"}],"curies":[{"name":"wp","href":"https:\/\/api.w.org\/{rel}","templated":true}]}}