{"id":241951,"date":"2023-01-26T16:59:26","date_gmt":"2023-01-26T19:59:26","guid":{"rendered":"https:\/\/franciscanos.org.br\/noticias\/?p=241951"},"modified":"2023-01-26T17:18:04","modified_gmt":"2023-01-26T20:18:04","slug":"nossa-vida-como-frades-menores-deve-ser-um-apelo-ao-amor-de-jesus-exorta-presidente-da-uclaf","status":"publish","type":"post","link":"https:\/\/franciscanos.org.br\/noticias\/nossa-vida-como-frades-menores-deve-ser-um-apelo-ao-amor-de-jesus-exorta-presidente-da-uclaf.html","title":{"rendered":"&#8220;Nossa vida como Frades Menores deve ser um apelo ao amor de Jesus&#8221;, exorta presidente da UCLAF"},"content":{"rendered":"<p><img loading=\"lazy\" class=\"alignleft wp-image-241952 size-full\" src=\"https:\/\/franciscanos.org.br\/noticias\/wp-content\/uploads\/2023\/01\/quinta_2601.jpg\" alt=\"\" width=\"1280\" height=\"720\" srcset=\"https:\/\/franciscanos.org.br\/noticias\/wp-content\/uploads\/2023\/01\/quinta_2601.jpg 1280w, https:\/\/franciscanos.org.br\/noticias\/wp-content\/uploads\/2023\/01\/quinta_2601-450x253.jpg 450w, https:\/\/franciscanos.org.br\/noticias\/wp-content\/uploads\/2023\/01\/quinta_2601-1024x576.jpg 1024w, https:\/\/franciscanos.org.br\/noticias\/wp-content\/uploads\/2023\/01\/quinta_2601-768x432.jpg 768w, https:\/\/franciscanos.org.br\/noticias\/wp-content\/uploads\/2023\/01\/quinta_2601-150x84.jpg 150w\" sizes=\"(max-width: 1280px) 100vw, 1280px\" \/><\/p>\n<p><strong>S\u00e3o Paulo (SP)<\/strong> &#8211; O quarto dia da Assembleia Geral da Uni\u00e3o das Confer\u00eancias Latino-americanas Franciscanas (UCLAF), nesta quinta-feira, 26 de janeiro, levou os frades, primeiro, \u00e0 Capela do Convento S\u00e3o Francisco, no centro de S\u00e3o Paulo, para a ora\u00e7\u00e3o das <em>Laudes<\/em> e para a Eucaristia. O presidente da UCLAF, Frei Jos\u00e9 Al\u00edrio Urbina Rodr\u00edguez, presidiu esses dois momentos na festa dos bispos da Igreja, S\u00e3o Tim\u00f3teo e S\u00e3o Tito.<\/p>\n<p>Segundo Frei Jos\u00e9, neste contexto da XXVII Assembleia da UCLAF, a palavra do Senhor convida-nos e encoraja-nos na nossa miss\u00e3o crist\u00e3 e, como Frades Menores, a continuar a pregar, anunciar, viver e testemunhar o Santo Evangelho de Nosso Senhor Jesus Cristo: &#8220;Jesus n\u00e3o nos pede para sermos sensacionalistas ou praticarmos atitudes extraordin\u00e1rias; ele nos pede para sermos seus seguidores, disc\u00edpulos que d\u00e3o testemunho da luz recebida do Senhor, que \u00e9 o pr\u00f3prio Senhor&#8221;.<\/p>\n<p>O Caminho Sinodal \u00e9 o tema principal das Confer\u00eancias da UCLAF neste encontro, visando renovar a vis\u00e3o e abra\u00e7ar o o futuro a partir da identidade franciscana hoje em torno da realidade da Am\u00e9rica Latina, como comunh\u00e3o e participa\u00e7\u00e3o de todos os Irm\u00e3os neste contexto.<\/p>\n<p><img loading=\"lazy\" class=\"alignnone size-full wp-image-241953\" src=\"https:\/\/franciscanos.org.br\/noticias\/wp-content\/uploads\/2023\/01\/quinta_2602.jpg\" alt=\"\" width=\"1250\" height=\"1756\" srcset=\"https:\/\/franciscanos.org.br\/noticias\/wp-content\/uploads\/2023\/01\/quinta_2602.jpg 1250w, https:\/\/franciscanos.org.br\/noticias\/wp-content\/uploads\/2023\/01\/quinta_2602-320x450.jpg 320w, https:\/\/franciscanos.org.br\/noticias\/wp-content\/uploads\/2023\/01\/quinta_2602-729x1024.jpg 729w, https:\/\/franciscanos.org.br\/noticias\/wp-content\/uploads\/2023\/01\/quinta_2602-768x1079.jpg 768w, https:\/\/franciscanos.org.br\/noticias\/wp-content\/uploads\/2023\/01\/quinta_2602-1093x1536.jpg 1093w, https:\/\/franciscanos.org.br\/noticias\/wp-content\/uploads\/2023\/01\/quinta_2602-150x211.jpg 150w\" sizes=\"(max-width: 1250px) 100vw, 1250px\" \/><\/p>\n<p>Para ele, nesta via sinodal, somos convidados a ouvir a Palavra, a ouvirmos uns aos outros no Caminho, a dar vida \u00e0 prega\u00e7\u00e3o do Reino de Deus, vivendo as par\u00e1bolas do Reino de Deus. &#8220;Ent\u00e3o, como podemos fazer brilhar a luz na l\u00e2mpada ou no candeeiro? Porque n\u00e3o podemos nos esconder ou esconder o que recebemos do Senhor Jesus. A miss\u00e3o \u00e9 receber e tornar conhecidas as suas palavras e a sua vida de amor, bondade e miseric\u00f3rdia. N\u00e3o podemos esconder o amor recebido do Senhor Jesus, por isso a nossa vida crist\u00e3 e a nossa vida como Frades Menores deve ser um apelo ao seu amor, miseric\u00f3rdia e bondade atrav\u00e9s de nossa vida&#8221;, exortou.<\/p>\n<p>&#8220;Tomando as palavras do Evangelho de S\u00e3o Marcos: A nossa miss\u00e3o \u00e9 tornar conhecido o Reino de Deus a partir do encontro com o Senhor Jesus Cristo, de amor, miseric\u00f3rdia e bondade com Ele e com os irm\u00e3os e irm\u00e3s concretos das nossas fraternidades e dos que nos rodeiam. Sabemos que h\u00e1 muitas provoca\u00e7\u00f5es ou tenta\u00e7\u00f5es de cansa\u00e7o, medo, timidez, por vezes favorecendo o nosso conforto ou pregui\u00e7a que n\u00e3o nos permite avan\u00e7ar, por isso lhes convido a fazer nossas as seguintes palavras de Paulo a Tim\u00f3teo: em 2Tm 1,7 &#8216;Porque o Senhor n\u00e3o nos deu um esp\u00edrito de timidez, mas de fortaleza, caridade e temperan\u00e7a&#8217;. Isso ajuda a superar a tenta\u00e7\u00e3o de deixar a miss\u00e3o que nos foi confiada, como o Papa Francisco a expressa &#8216;&#8230; de uma vida de testemunho para que a luz brilhe, que \u00e9 Cristo, o Senhor&#8217;\u201d, continuou o presidente da UCLAF.<\/p>\n<p><img loading=\"lazy\" class=\"alignnone size-full wp-image-241954\" src=\"https:\/\/franciscanos.org.br\/noticias\/wp-content\/uploads\/2023\/01\/quinta_2606.jpg\" alt=\"\" width=\"1280\" height=\"853\" srcset=\"https:\/\/franciscanos.org.br\/noticias\/wp-content\/uploads\/2023\/01\/quinta_2606.jpg 1280w, https:\/\/franciscanos.org.br\/noticias\/wp-content\/uploads\/2023\/01\/quinta_2606-450x300.jpg 450w, https:\/\/franciscanos.org.br\/noticias\/wp-content\/uploads\/2023\/01\/quinta_2606-1024x682.jpg 1024w, https:\/\/franciscanos.org.br\/noticias\/wp-content\/uploads\/2023\/01\/quinta_2606-768x512.jpg 768w, https:\/\/franciscanos.org.br\/noticias\/wp-content\/uploads\/2023\/01\/quinta_2606-150x100.jpg 150w\" sizes=\"(max-width: 1280px) 100vw, 1280px\" \/><\/p>\n<p>&#8220;Irm\u00e3os da UCLAF, todos n\u00f3s recebemos a luz que \u00e9 Cristo. Ele guia os nossos passos na escuta, discernimento e decis\u00f5es fraternais neste contexto da Am\u00e9rica Latina. Caminhando juntos como Frades Menores, podemos iluminar outros irm\u00e3os e pessoas que querem sair da escurid\u00e3o do medo, da desesperan\u00e7a ou da indiferen\u00e7a. Sempre ajudados, fortalecidos e a caminho como os Frades Menores que caminham juntos, como Paulo novamente expressa a Tim\u00f3teo: 2Tm 1,8 &#8216;&#8230;suportai comigo os sofrimentos por causa do Evangelho, ajudado pelo poder do Evangelho de Deus&#8217;. N\u00e3o desanimemos, n\u00e3o tenhamos vergonha, n\u00e3o tenhamos\u00a0medo, n\u00e3o confiemos em nossa pr\u00f3pria for\u00e7a, n\u00e3o confiemos no que j\u00e1 fizemos&#8230;. Coloquemo-nos na presen\u00e7a do Senhor para darmos testemunho com as nossas vidas e as palavras que nos animam nesta Assembleia da UCLAF: continuemos a &#8216;Construir o Caminho Sinodal como Frades Menores'&#8221;, completou.<\/p>\n<p><strong> <img loading=\"lazy\" class=\"alignnone size-full wp-image-241955\" src=\"https:\/\/franciscanos.org.br\/noticias\/wp-content\/uploads\/2023\/01\/quinta_2603.jpg\" alt=\"\" width=\"1280\" height=\"662\" srcset=\"https:\/\/franciscanos.org.br\/noticias\/wp-content\/uploads\/2023\/01\/quinta_2603.jpg 1280w, https:\/\/franciscanos.org.br\/noticias\/wp-content\/uploads\/2023\/01\/quinta_2603-450x233.jpg 450w, https:\/\/franciscanos.org.br\/noticias\/wp-content\/uploads\/2023\/01\/quinta_2603-1024x530.jpg 1024w, https:\/\/franciscanos.org.br\/noticias\/wp-content\/uploads\/2023\/01\/quinta_2603-768x397.jpg 768w, https:\/\/franciscanos.org.br\/noticias\/wp-content\/uploads\/2023\/01\/quinta_2603-150x78.jpg 150w\" sizes=\"(max-width: 1280px) 100vw, 1280px\" \/><\/strong><\/p>\n<p><strong>PROTE\u00c7\u00c3O DE MENORES E ADULTOS VULNER\u00c1VEIS<\/strong><\/p>\n<p>O Definidor Geral, Frei Albert Schmucki, abriu os trabalhos neste quarto dia da Assembleia Geral, abordando o tema de prote\u00e7\u00e3o dos menores e pessoas vulner\u00e1veis. Segundo o Documento Final do Cap\u00edtulo Geral de 2021, \u00e9 &#8220;obriga\u00e7\u00e3o de todos os frades e Entidades da Ordem de cooperar plenamente na preven\u00e7\u00e3o, den\u00fancia e colabora\u00e7\u00e3o com todas as autoridades civis e eclesi\u00e1sticas competentes na tarefa de garantir justi\u00e7a e transpar\u00eancia no tratamento das den\u00fancias de abuso em toda a Ordem\u201d. Durante este Cap\u00edtulo Geral, foi criada a Comiss\u00e3o de Prote\u00e7\u00e3o &#8211; que j\u00e1 vinha sendo estudada no governo anterior -, tendo em vista tamb\u00e9m ass Diretrizes para a Prote\u00e7\u00e3o dos Menores e das Pessoas Vulner\u00e1veis, definidas pelo Papa Francisco em 26 de mar\u00e7o de 2019.<\/p>\n<div id=\"attachment_241959\" style=\"width: 510px\" class=\"wp-caption alignleft\"><img aria-describedby=\"caption-attachment-241959\" loading=\"lazy\" class=\"wp-image-241959 size-full\" src=\"https:\/\/franciscanos.org.br\/noticias\/wp-content\/uploads\/2023\/01\/quinta_2608.jpg\" alt=\"\" width=\"500\" height=\"436\" srcset=\"https:\/\/franciscanos.org.br\/noticias\/wp-content\/uploads\/2023\/01\/quinta_2608.jpg 500w, https:\/\/franciscanos.org.br\/noticias\/wp-content\/uploads\/2023\/01\/quinta_2608-450x392.jpg 450w, https:\/\/franciscanos.org.br\/noticias\/wp-content\/uploads\/2023\/01\/quinta_2608-150x131.jpg 150w\" sizes=\"(max-width: 500px) 100vw, 500px\" \/><p id=\"caption-attachment-241959\" class=\"wp-caption-text\"><em>Frei Albert Schmucki<\/em><\/p><\/div>\n<p>Na sua apresenta\u00e7\u00e3o, Frei Albert, que \u00e9 psic\u00f3logo, professor na Universidades Gregoriana e \u00a0Antonianum, contou que\u00a0 seis frades da UCLAF fazem o Curso sobre Tutela, chamado de Diplomado, na Universidade Gregoriana. Com isso, esses frades (pelo Brasil, participa Frei Wanderley Gomes de Figueiredo) se tornam, nas suas Confer\u00eancias, pessoas de refer\u00eancia, ligadas a esse Escrit\u00f3rio da Ordem para ajudar neste trabalho. Frei Albert coordenou o programa de formadores da Ordem e agora \u00e9 o respons\u00e1vel pelo Escrit\u00f3rio de Prote\u00e7\u00e3o.<\/p>\n<p>Cada Prov\u00edncia foi provocada, por uma determina\u00e7\u00e3o do Papa Francisco, a elaborar diretrizes para a preven\u00e7\u00e3o de abusos, criando ambientes seguros nos locais onde vivem e atuam. &#8220;Um aspecto \u00e9 a preven\u00e7\u00e3o, o outro \u00e9 a escuta e acompanhamento de poss\u00edveis v\u00edtimas que j\u00e1 tenham sofrido abusos nos nossos ambientes.\u00a0 Depois tamb\u00e9m outro aspecto \u00e9 a cria\u00e7\u00e3o de um espa\u00e7o, uma comiss\u00e3o, que possa receber den\u00fancias, ouvir v\u00edtimas e dar os devidos encaminhamentos&#8221;, explica Frei C\u00e9sar K\u00fclkamp, Definidor Geral para a Am\u00e9rica Latina. Hoje, se acontece um abuso com uma pessoa menor, a pol\u00edtica do Vaticano \u00e9 zero e o religioso deve ser exclu\u00eddo do instituto. No caso de colaboradores, volunt\u00e1rios etc, a pol\u00edtica tamb\u00e9m seria zero no caso de menores.<\/p>\n<p>O Ministro Geral, Frei Massimo Fusarelli, \u00e9 enf\u00e1tico na transpar\u00eancia e condu\u00e7\u00e3o dessa quest\u00e3o. &#8220;Muitas Prov\u00edncias ainda t\u00eam uma resist\u00eancia em fazer processos de investiga\u00e7\u00e3o e encaminhar para as devidas inst\u00e2ncias. E isso tem uma implica\u00e7\u00e3o direta na pessoa do Ministro Geral e nos Ministros Provinciais ou Cust\u00f3dios. A responsabilidade \u00e9 autom\u00e1tica. Quer dizer, a Igreja tamb\u00e9m tem uma pol\u00edtica de toler\u00e2ncia zero para esses casos. Se um bispo, um ordin\u00e1rio, que \u00e9 o Provincial ou Ministro Geral, n\u00e3o assumem ou n\u00e3o fazem o devido processo, s\u00e3o considerados culpados de participa\u00e7\u00e3o no pr\u00f3prio ato, podemos dizer assim genericamente. Hoje, a Igreja tem tomado uma posi\u00e7\u00e3o muito incisiva, como o Papa mesmo pede, de tornar todos os ambientes seguros para crian\u00e7as e pessoas vulner\u00e1veis. Assim tamb\u00e9m \u00e9 a pol\u00edtica da Ordem&#8221;, acrescenta Frei C\u00e9sar.<\/p>\n<p><img loading=\"lazy\" class=\"alignnone size-full wp-image-241956\" src=\"https:\/\/franciscanos.org.br\/noticias\/wp-content\/uploads\/2023\/01\/quinta_2604.jpg\" alt=\"\" width=\"1280\" height=\"777\" srcset=\"https:\/\/franciscanos.org.br\/noticias\/wp-content\/uploads\/2023\/01\/quinta_2604.jpg 1280w, https:\/\/franciscanos.org.br\/noticias\/wp-content\/uploads\/2023\/01\/quinta_2604-450x273.jpg 450w, https:\/\/franciscanos.org.br\/noticias\/wp-content\/uploads\/2023\/01\/quinta_2604-1024x622.jpg 1024w, https:\/\/franciscanos.org.br\/noticias\/wp-content\/uploads\/2023\/01\/quinta_2604-768x466.jpg 768w, https:\/\/franciscanos.org.br\/noticias\/wp-content\/uploads\/2023\/01\/quinta_2604-150x91.jpg 150w\" sizes=\"(max-width: 1280px) 100vw, 1280px\" \/><\/p>\n<p><strong>ECONOMIA A SERVI\u00c7O DO CARISMA E DA MISS\u00c3O<\/strong><\/p>\n<p>O Definidor Provincial da Prov\u00edncia da Imaculada Concei\u00e7\u00e3o, Frei Robson Luiz Scudela, que tamb\u00e9m \u00e9 ec\u00f4nomo, falou nesta quinta-feira sobre o uso respons\u00e1vel e social dos bens da Igreja.<\/p>\n<p>Contextualizando, Frei Robson lembra que o atual momento hist\u00f3rico chama a vida consagrada para avaliar-se ante uma difundida queda das voca\u00e7\u00f5es e uma cont\u00ednua crise econ\u00f4mica. &#8220;A crise obriga-nos a projetar de novo o nosso caminho, a impor-nos regras novas e encontrar novas formas de empenhamento, a apostar em experi\u00eancias positivas e rejeitar as negativas&#8221;, avalia o frade.<\/p>\n<p>Segundo ele, os Institutos de vida consagrada s\u00e3o chamados a ser bons administradores dos carismas recebidos do Esp\u00edrito tamb\u00e9m por meio da gest\u00e3o e da administra\u00e7\u00e3o dos bens.<\/p>\n<p>A dimens\u00e3o econ\u00f4mica est\u00e1 intimamente conexa com a pessoa e a miss\u00e3o. Para o frade, atrav\u00e9s da economia passam as escolhas relevantes para a vida pessoal e coletiva, nas quais deve transparecer o testemunho evang\u00e9lico, atenta \u00e0s necessidades dos irm\u00e3os e das irm\u00e3s.<\/p>\n<p>&#8220;Os consagrados escolhem a profecia e se subtraem \u00e0 ditadura de uma economia sem rosto e sem um objetivo verdadeiramente humano. A sua pobreza recorda a todos a urg\u00eancia de libertar-se da economia da exclus\u00e3o e da iniquidade, porque esta economia mata. Dessa economia teve in\u00edcio a cultura do &#8216;descart\u00e1vel&#8221;, lembrou Frei Robson.<\/p>\n<p><img loading=\"lazy\" class=\"alignnone size-full wp-image-241957\" src=\"https:\/\/franciscanos.org.br\/noticias\/wp-content\/uploads\/2023\/01\/quinta_2605.jpg\" alt=\"\" width=\"1280\" height=\"825\" srcset=\"https:\/\/franciscanos.org.br\/noticias\/wp-content\/uploads\/2023\/01\/quinta_2605.jpg 1280w, https:\/\/franciscanos.org.br\/noticias\/wp-content\/uploads\/2023\/01\/quinta_2605-450x290.jpg 450w, https:\/\/franciscanos.org.br\/noticias\/wp-content\/uploads\/2023\/01\/quinta_2605-1024x660.jpg 1024w, https:\/\/franciscanos.org.br\/noticias\/wp-content\/uploads\/2023\/01\/quinta_2605-768x495.jpg 768w, https:\/\/franciscanos.org.br\/noticias\/wp-content\/uploads\/2023\/01\/quinta_2605-150x97.jpg 150w\" sizes=\"(max-width: 1280px) 100vw, 1280px\" \/><\/p>\n<p>Para ele, a economia \u00e9 instrumento da a\u00e7\u00e3o mission\u00e1ria da Igreja. &#8220;Se o campo da economia \u00e9 instrumento, se o dinheiro deve servir e n\u00e3o governar, ent\u00e3o \u00e9 necess\u00e1rio olhar para o carisma, para a dire\u00e7\u00e3o, para as finalidades, para o significado e para as implica\u00e7\u00f5es sociais e eclesiais das escolhas econ\u00f4micas que efetuam os Institutos de vida consagrada&#8221;, avalia.<\/p>\n<p>Frei Robson chama a aten\u00e7\u00e3o para repensar a economia, uma din\u00e2mica que se refere a vida de todos e de cada um: &#8220;\u00c9 uma tarefa que n\u00e3o pode ser delegada a ningu\u00e9m, mas exige a plena responsabilidade de cada pessoa&#8221;.<\/p>\n<p>Para o frade, \u00e9 indispens\u00e1vel redescobrir uma economia de rosto humano, na qual o homem e o seu verdadeiro bem n\u00e3o percam jamais a centralidade. &#8220;As rela\u00e7\u00f5es fraternas, fundadas na estima sincera e na confian\u00e7a rec\u00edproca, tornam-se, assim, recursos preciosos para a gest\u00e3o&#8221;, observa. Mas ele lembra que em alguns casos, ao contr\u00e1rio, s\u00e3o confiadas \u00e0 responsabilidade de indiv\u00edduos, sem prever para eles momentos sistem\u00e1ticos de compara\u00e7\u00e3o e verifica\u00e7\u00e3o. Estes podem levar a uma personaliza\u00e7\u00e3o da gest\u00e3o. &#8220;Trata-se de dissociar-se da ideologia do <em>homo oeconomicus<\/em>, insaci\u00e1vel no seu desejo dos bens, cujas escolhas s\u00e3o determinadas pela maximaliza\u00e7\u00e3o do interesse pessoal e de relan\u00e7ar o desafio do <em>homo fraternus<\/em>, que n\u00e3o se cansa jamais de escolher a fraternidade&#8221;, acentua.<\/p>\n<p>Segundo o frade, \u00e9 necess\u00e1rio recordar que entre carisma e gest\u00e3o dos bens n\u00e3o existe contradi\u00e7\u00e3o; gerir segundo crit\u00e9rios econ\u00f4micos n\u00e3o sufoca o carisma, mas permite perseguir e realizar objetivos partilhados. A vida consagrada oferece, assim, ao mundo, um testemunho evang\u00e9lico&#8221;, completou.<\/p>\n<p>Os frades aprovaram os novos Estatutos da UCLAF. Um di\u00e1logo com o Governo Geral e os Ministros e Cust\u00f3dios da UCLAF concluiu os trabalhos deste dia.<\/p>\n<p>A Assembleia Geral termina nesta sexta-feira, \u00e0s 18h30, com a Santa Missa presidida pelo Ministro Geral, Frei Massimo Fusarelli.<\/p>\n<hr \/>\n<p><em>Equipe de Comunica\u00e7\u00e3o da Assembleia da UCLAF<\/em><\/p>\n<div id=\"attachment_241958\" style=\"width: 1290px\" class=\"wp-caption alignnone\"><img aria-describedby=\"caption-attachment-241958\" loading=\"lazy\" class=\"wp-image-241958 size-full\" src=\"https:\/\/franciscanos.org.br\/noticias\/wp-content\/uploads\/2023\/01\/quinta_2607.jpg\" alt=\"\" width=\"1280\" height=\"689\" srcset=\"https:\/\/franciscanos.org.br\/noticias\/wp-content\/uploads\/2023\/01\/quinta_2607.jpg 1280w, https:\/\/franciscanos.org.br\/noticias\/wp-content\/uploads\/2023\/01\/quinta_2607-450x242.jpg 450w, https:\/\/franciscanos.org.br\/noticias\/wp-content\/uploads\/2023\/01\/quinta_2607-1024x551.jpg 1024w, https:\/\/franciscanos.org.br\/noticias\/wp-content\/uploads\/2023\/01\/quinta_2607-768x413.jpg 768w, https:\/\/franciscanos.org.br\/noticias\/wp-content\/uploads\/2023\/01\/quinta_2607-150x81.jpg 150w\" sizes=\"(max-width: 1280px) 100vw, 1280px\" \/><p id=\"caption-attachment-241958\" class=\"wp-caption-text\"><em>O Ministro Geral e os Definidores Gerais com os presidentes das tr\u00eas Confer\u00eancias da UCLAF <\/em><\/p><\/div>\n","protected":false},"excerpt":{"rendered":"<p>Assembleia Geral da UCLAF<\/p>\n","protected":false},"author":3,"featured_media":241952,"comment_status":"open","ping_status":"open","sticky":false,"template":"","format":"standard","meta":[],"categories":[1],"tags":[2088],"acf":[],"yoast_head":"<!-- This site is optimized with the Yoast SEO plugin v19.2 - https:\/\/yoast.com\/wordpress\/plugins\/seo\/ -->\n<title>&quot;Nossa vida como Frades Menores deve ser um apelo ao amor de Jesus&quot;, exorta presidente da UCLAF - Not\u00edcias - Franciscanos<\/title>\n<meta name=\"robots\" content=\"index, follow, max-snippet:-1, max-image-preview:large, max-video-preview:-1\" \/>\n<link rel=\"canonical\" href=\"https:\/\/franciscanos.org.br\/noticias\/nossa-vida-como-frades-menores-deve-ser-um-apelo-ao-amor-de-jesus-exorta-presidente-da-uclaf.html\" \/>\n<meta property=\"og:locale\" content=\"pt_BR\" \/>\n<meta property=\"og:type\" content=\"article\" \/>\n<meta property=\"og:title\" content=\"&quot;Nossa vida como Frades Menores deve ser um apelo ao amor de Jesus&quot;, exorta presidente da UCLAF - Not\u00edcias - Franciscanos\" \/>\n<meta property=\"og:description\" content=\"Assembleia Geral da UCLAF\" \/>\n<meta property=\"og:url\" content=\"https:\/\/franciscanos.org.br\/noticias\/nossa-vida-como-frades-menores-deve-ser-um-apelo-ao-amor-de-jesus-exorta-presidente-da-uclaf.html\" \/>\n<meta property=\"og:site_name\" content=\"Not\u00edcias - Franciscanos\" \/>\n<meta property=\"article:published_time\" content=\"2023-01-26T19:59:26+00:00\" \/>\n<meta property=\"article:modified_time\" content=\"2023-01-26T20:18:04+00:00\" \/>\n<meta property=\"og:image\" content=\"https:\/\/franciscanos.org.br\/noticias\/wp-content\/uploads\/2023\/01\/quinta_2601.jpg\" \/>\n\t<meta property=\"og:image:width\" content=\"1280\" \/>\n\t<meta property=\"og:image:height\" content=\"720\" \/>\n\t<meta property=\"og:image:type\" content=\"image\/jpeg\" \/>\n<meta name=\"author\" content=\"moacir\" \/>\n<meta name=\"twitter:card\" content=\"summary_large_image\" \/>\n<meta name=\"twitter:label1\" content=\"Escrito por\" \/>\n\t<meta name=\"twitter:data1\" content=\"moacir\" \/>\n\t<meta name=\"twitter:label2\" content=\"Est. tempo de leitura\" \/>\n\t<meta name=\"twitter:data2\" content=\"9 minutos\" \/>\n<script type=\"application\/ld+json\" class=\"yoast-schema-graph\">{\"@context\":\"https:\/\/schema.org\",\"@graph\":[{\"@type\":\"WebSite\",\"@id\":\"https:\/\/franciscanos.org.br\/noticias\/#website\",\"url\":\"https:\/\/franciscanos.org.br\/noticias\/\",\"name\":\"Not\u00edcias - Franciscanos\",\"description\":\"Prov\u00edncia Franciscana da Imaculada Concei\u00e7\u00e3o do Brasil - Ordem dos Frades Menores - OFM\",\"potentialAction\":[{\"@type\":\"SearchAction\",\"target\":{\"@type\":\"EntryPoint\",\"urlTemplate\":\"https:\/\/franciscanos.org.br\/noticias\/?s={search_term_string}\"},\"query-input\":\"required name=search_term_string\"}],\"inLanguage\":\"pt-BR\"},{\"@type\":\"ImageObject\",\"inLanguage\":\"pt-BR\",\"@id\":\"https:\/\/franciscanos.org.br\/noticias\/nossa-vida-como-frades-menores-deve-ser-um-apelo-ao-amor-de-jesus-exorta-presidente-da-uclaf.html#primaryimage\",\"url\":\"https:\/\/franciscanos.org.br\/noticias\/wp-content\/uploads\/2023\/01\/quinta_2601.jpg\",\"contentUrl\":\"https:\/\/franciscanos.org.br\/noticias\/wp-content\/uploads\/2023\/01\/quinta_2601.jpg\",\"width\":1280,\"height\":720},{\"@type\":\"WebPage\",\"@id\":\"https:\/\/franciscanos.org.br\/noticias\/nossa-vida-como-frades-menores-deve-ser-um-apelo-ao-amor-de-jesus-exorta-presidente-da-uclaf.html#webpage\",\"url\":\"https:\/\/franciscanos.org.br\/noticias\/nossa-vida-como-frades-menores-deve-ser-um-apelo-ao-amor-de-jesus-exorta-presidente-da-uclaf.html\",\"name\":\"\\\"Nossa vida como Frades Menores deve ser um apelo ao amor de Jesus\\\", exorta presidente da UCLAF - Not\u00edcias - Franciscanos\",\"isPartOf\":{\"@id\":\"https:\/\/franciscanos.org.br\/noticias\/#website\"},\"primaryImageOfPage\":{\"@id\":\"https:\/\/franciscanos.org.br\/noticias\/nossa-vida-como-frades-menores-deve-ser-um-apelo-ao-amor-de-jesus-exorta-presidente-da-uclaf.html#primaryimage\"},\"datePublished\":\"2023-01-26T19:59:26+00:00\",\"dateModified\":\"2023-01-26T20:18:04+00:00\",\"author\":{\"@id\":\"https:\/\/franciscanos.org.br\/noticias\/#\/schema\/person\/b5c8cba458c330ccff548b056e95a5d4\"},\"breadcrumb\":{\"@id\":\"https:\/\/franciscanos.org.br\/noticias\/nossa-vida-como-frades-menores-deve-ser-um-apelo-ao-amor-de-jesus-exorta-presidente-da-uclaf.html#breadcrumb\"},\"inLanguage\":\"pt-BR\",\"potentialAction\":[{\"@type\":\"ReadAction\",\"target\":[\"https:\/\/franciscanos.org.br\/noticias\/nossa-vida-como-frades-menores-deve-ser-um-apelo-ao-amor-de-jesus-exorta-presidente-da-uclaf.html\"]}]},{\"@type\":\"BreadcrumbList\",\"@id\":\"https:\/\/franciscanos.org.br\/noticias\/nossa-vida-como-frades-menores-deve-ser-um-apelo-ao-amor-de-jesus-exorta-presidente-da-uclaf.html#breadcrumb\",\"itemListElement\":[{\"@type\":\"ListItem\",\"position\":1,\"name\":\"Home\",\"item\":\"https:\/\/franciscanos.org.br\/noticias\"},{\"@type\":\"ListItem\",\"position\":2,\"name\":\"&#8220;Nossa vida como Frades Menores deve ser um apelo ao amor de Jesus&#8221;, exorta presidente da UCLAF\"}]},{\"@type\":\"Person\",\"@id\":\"https:\/\/franciscanos.org.br\/noticias\/#\/schema\/person\/b5c8cba458c330ccff548b056e95a5d4\",\"name\":\"moacir\",\"image\":{\"@type\":\"ImageObject\",\"inLanguage\":\"pt-BR\",\"@id\":\"https:\/\/franciscanos.org.br\/noticias\/#\/schema\/person\/image\/\",\"url\":\"https:\/\/secure.gravatar.com\/avatar\/d08aa2ce4c8dd416d4479aa8536fcf64?s=96&d=mm&r=g\",\"contentUrl\":\"https:\/\/secure.gravatar.com\/avatar\/d08aa2ce4c8dd416d4479aa8536fcf64?s=96&d=mm&r=g\",\"caption\":\"moacir\"},\"url\":\"https:\/\/franciscanos.org.br\/noticias\/author\/moacir\"}]}<\/script>\n<!-- \/ Yoast SEO plugin. -->","yoast_head_json":{"title":"\"Nossa vida como Frades Menores deve ser um apelo ao amor de Jesus\", exorta presidente da UCLAF - Not\u00edcias - Franciscanos","robots":{"index":"index","follow":"follow","max-snippet":"max-snippet:-1","max-image-preview":"max-image-preview:large","max-video-preview":"max-video-preview:-1"},"canonical":"https:\/\/franciscanos.org.br\/noticias\/nossa-vida-como-frades-menores-deve-ser-um-apelo-ao-amor-de-jesus-exorta-presidente-da-uclaf.html","og_locale":"pt_BR","og_type":"article","og_title":"\"Nossa vida como Frades Menores deve ser um apelo ao amor de Jesus\", exorta presidente da UCLAF - Not\u00edcias - Franciscanos","og_description":"Assembleia Geral da UCLAF","og_url":"https:\/\/franciscanos.org.br\/noticias\/nossa-vida-como-frades-menores-deve-ser-um-apelo-ao-amor-de-jesus-exorta-presidente-da-uclaf.html","og_site_name":"Not\u00edcias - Franciscanos","article_published_time":"2023-01-26T19:59:26+00:00","article_modified_time":"2023-01-26T20:18:04+00:00","og_image":[{"width":1280,"height":720,"url":"https:\/\/franciscanos.org.br\/noticias\/wp-content\/uploads\/2023\/01\/quinta_2601.jpg","type":"image\/jpeg"}],"author":"moacir","twitter_card":"summary_large_image","twitter_misc":{"Escrito por":"moacir","Est. tempo de leitura":"9 minutos"},"schema":{"@context":"https:\/\/schema.org","@graph":[{"@type":"WebSite","@id":"https:\/\/franciscanos.org.br\/noticias\/#website","url":"https:\/\/franciscanos.org.br\/noticias\/","name":"Not\u00edcias - Franciscanos","description":"Prov\u00edncia Franciscana da Imaculada Concei\u00e7\u00e3o do Brasil - Ordem dos Frades Menores - OFM","potentialAction":[{"@type":"SearchAction","target":{"@type":"EntryPoint","urlTemplate":"https:\/\/franciscanos.org.br\/noticias\/?s={search_term_string}"},"query-input":"required name=search_term_string"}],"inLanguage":"pt-BR"},{"@type":"ImageObject","inLanguage":"pt-BR","@id":"https:\/\/franciscanos.org.br\/noticias\/nossa-vida-como-frades-menores-deve-ser-um-apelo-ao-amor-de-jesus-exorta-presidente-da-uclaf.html#primaryimage","url":"https:\/\/franciscanos.org.br\/noticias\/wp-content\/uploads\/2023\/01\/quinta_2601.jpg","contentUrl":"https:\/\/franciscanos.org.br\/noticias\/wp-content\/uploads\/2023\/01\/quinta_2601.jpg","width":1280,"height":720},{"@type":"WebPage","@id":"https:\/\/franciscanos.org.br\/noticias\/nossa-vida-como-frades-menores-deve-ser-um-apelo-ao-amor-de-jesus-exorta-presidente-da-uclaf.html#webpage","url":"https:\/\/franciscanos.org.br\/noticias\/nossa-vida-como-frades-menores-deve-ser-um-apelo-ao-amor-de-jesus-exorta-presidente-da-uclaf.html","name":"\"Nossa vida como Frades Menores deve ser um apelo ao amor de Jesus\", exorta presidente da UCLAF - Not\u00edcias - Franciscanos","isPartOf":{"@id":"https:\/\/franciscanos.org.br\/noticias\/#website"},"primaryImageOfPage":{"@id":"https:\/\/franciscanos.org.br\/noticias\/nossa-vida-como-frades-menores-deve-ser-um-apelo-ao-amor-de-jesus-exorta-presidente-da-uclaf.html#primaryimage"},"datePublished":"2023-01-26T19:59:26+00:00","dateModified":"2023-01-26T20:18:04+00:00","author":{"@id":"https:\/\/franciscanos.org.br\/noticias\/#\/schema\/person\/b5c8cba458c330ccff548b056e95a5d4"},"breadcrumb":{"@id":"https:\/\/franciscanos.org.br\/noticias\/nossa-vida-como-frades-menores-deve-ser-um-apelo-ao-amor-de-jesus-exorta-presidente-da-uclaf.html#breadcrumb"},"inLanguage":"pt-BR","potentialAction":[{"@type":"ReadAction","target":["https:\/\/franciscanos.org.br\/noticias\/nossa-vida-como-frades-menores-deve-ser-um-apelo-ao-amor-de-jesus-exorta-presidente-da-uclaf.html"]}]},{"@type":"BreadcrumbList","@id":"https:\/\/franciscanos.org.br\/noticias\/nossa-vida-como-frades-menores-deve-ser-um-apelo-ao-amor-de-jesus-exorta-presidente-da-uclaf.html#breadcrumb","itemListElement":[{"@type":"ListItem","position":1,"name":"Home","item":"https:\/\/franciscanos.org.br\/noticias"},{"@type":"ListItem","position":2,"name":"&#8220;Nossa vida como Frades Menores deve ser um apelo ao amor de Jesus&#8221;, exorta presidente da UCLAF"}]},{"@type":"Person","@id":"https:\/\/franciscanos.org.br\/noticias\/#\/schema\/person\/b5c8cba458c330ccff548b056e95a5d4","name":"moacir","image":{"@type":"ImageObject","inLanguage":"pt-BR","@id":"https:\/\/franciscanos.org.br\/noticias\/#\/schema\/person\/image\/","url":"https:\/\/secure.gravatar.com\/avatar\/d08aa2ce4c8dd416d4479aa8536fcf64?s=96&d=mm&r=g","contentUrl":"https:\/\/secure.gravatar.com\/avatar\/d08aa2ce4c8dd416d4479aa8536fcf64?s=96&d=mm&r=g","caption":"moacir"},"url":"https:\/\/franciscanos.org.br\/noticias\/author\/moacir"}]}},"_links":{"self":[{"href":"https:\/\/franciscanos.org.br\/noticias\/wp-json\/wp\/v2\/posts\/241951"}],"collection":[{"href":"https:\/\/franciscanos.org.br\/noticias\/wp-json\/wp\/v2\/posts"}],"about":[{"href":"https:\/\/franciscanos.org.br\/noticias\/wp-json\/wp\/v2\/types\/post"}],"author":[{"embeddable":true,"href":"https:\/\/franciscanos.org.br\/noticias\/wp-json\/wp\/v2\/users\/3"}],"replies":[{"embeddable":true,"href":"https:\/\/franciscanos.org.br\/noticias\/wp-json\/wp\/v2\/comments?post=241951"}],"version-history":[{"count":7,"href":"https:\/\/franciscanos.org.br\/noticias\/wp-json\/wp\/v2\/posts\/241951\/revisions"}],"predecessor-version":[{"id":241966,"href":"https:\/\/franciscanos.org.br\/noticias\/wp-json\/wp\/v2\/posts\/241951\/revisions\/241966"}],"wp:featuredmedia":[{"embeddable":true,"href":"https:\/\/franciscanos.org.br\/noticias\/wp-json\/wp\/v2\/media\/241952"}],"wp:attachment":[{"href":"https:\/\/franciscanos.org.br\/noticias\/wp-json\/wp\/v2\/media?parent=241951"}],"wp:term":[{"taxonomy":"category","embeddable":true,"href":"https:\/\/franciscanos.org.br\/noticias\/wp-json\/wp\/v2\/categories?post=241951"},{"taxonomy":"post_tag","embeddable":true,"href":"https:\/\/franciscanos.org.br\/noticias\/wp-json\/wp\/v2\/tags?post=241951"}],"curies":[{"name":"wp","href":"https:\/\/api.w.org\/{rel}","templated":true}]}}