{"id":241917,"date":"2023-01-25T17:27:14","date_gmt":"2023-01-25T20:27:14","guid":{"rendered":"https:\/\/franciscanos.org.br\/noticias\/?p=241917"},"modified":"2023-01-25T17:41:07","modified_gmt":"2023-01-25T20:41:07","slug":"terceirodiauclaf","status":"publish","type":"post","link":"https:\/\/franciscanos.org.br\/noticias\/terceirodiauclaf.html","title":{"rendered":"&#8220;Paulo nos indica o horizonte da busca, do caminho e da resposta&#8221;, diz Frei Daniel"},"content":{"rendered":"<p><img loading=\"lazy\" class=\"alignnone size-full wp-image-241918\" src=\"https:\/\/franciscanos.org.br\/noticias\/wp-content\/uploads\/2023\/01\/quarta_2508.jpg\" alt=\"\" width=\"1280\" height=\"720\" srcset=\"https:\/\/franciscanos.org.br\/noticias\/wp-content\/uploads\/2023\/01\/quarta_2508.jpg 1280w, https:\/\/franciscanos.org.br\/noticias\/wp-content\/uploads\/2023\/01\/quarta_2508-450x253.jpg 450w, https:\/\/franciscanos.org.br\/noticias\/wp-content\/uploads\/2023\/01\/quarta_2508-1024x576.jpg 1024w, https:\/\/franciscanos.org.br\/noticias\/wp-content\/uploads\/2023\/01\/quarta_2508-768x432.jpg 768w, https:\/\/franciscanos.org.br\/noticias\/wp-content\/uploads\/2023\/01\/quarta_2508-150x84.jpg 150w\" sizes=\"(max-width: 1280px) 100vw, 1280px\" \/><\/p>\n<p><strong>S\u00e3o Paulo (SP)<\/strong> &#8211; Na Festa da Convers\u00e3o de S\u00e3o Paulo, neste 25 de janeiro, os Ministros Provinciais e Cust\u00f3dios continuaram os trabalhos da Assembleia Geral da Uni\u00e3o das Confer\u00eancias Latino-americanas Franciscanas (UCLAF), em andamento no Convento S\u00e3o Francisco, em S\u00e3o Paulo.<\/p>\n<p>O dia come\u00e7ou com a ora\u00e7\u00e3o das <em>Laudes<\/em>, \u00e0s 7h15, e, em seguida, Frei Daniel Alejandro Fleitas Zeni, Ministro Provincial da Prov\u00edncia S\u00e3o Francisco Solano, da Argentina, presidiu a Celebra\u00e7\u00e3o Eucar\u00edstica. Frei Daniel, que \u00e9 presidente da Confer\u00eancia Brasil e Cone Sul, observou que o texto do Evangelho de Marcos enfatiza a incredulidade e a miss\u00e3o dos disc\u00edpulos. &#8220;Cristo ressuscitado liberta os seus da sua cegueira, dando-lhes a tarefa de abrir os olhos dos outros. Estamos maravilhados com a grande confian\u00e7a de Jesus naqueles homens que Ele havia escolhido, mas que permaneceram cheios de d\u00favidas. A sua palavra ser\u00e1 fecunda porque \u00e9 o pr\u00f3prio Jesus que fala pela sua boca&#8221;, disse.<\/p>\n<p><img loading=\"lazy\" class=\"alignnone size-full wp-image-241919\" src=\"https:\/\/franciscanos.org.br\/noticias\/wp-content\/uploads\/2023\/01\/quarta_2502.jpg\" alt=\"\" width=\"1280\" height=\"720\" srcset=\"https:\/\/franciscanos.org.br\/noticias\/wp-content\/uploads\/2023\/01\/quarta_2502.jpg 1280w, https:\/\/franciscanos.org.br\/noticias\/wp-content\/uploads\/2023\/01\/quarta_2502-450x253.jpg 450w, https:\/\/franciscanos.org.br\/noticias\/wp-content\/uploads\/2023\/01\/quarta_2502-1024x576.jpg 1024w, https:\/\/franciscanos.org.br\/noticias\/wp-content\/uploads\/2023\/01\/quarta_2502-768x432.jpg 768w, https:\/\/franciscanos.org.br\/noticias\/wp-content\/uploads\/2023\/01\/quarta_2502-150x84.jpg 150w\" sizes=\"(max-width: 1280px) 100vw, 1280px\" \/><\/p>\n<p>Segundo ele, cada crist\u00e3o, cada Frade Menor, \u00e9 enviado para anunciar a boa nova da ressurrei\u00e7\u00e3o do Senhor, curando a cegueira, e para semear a sua mensagem de esperan\u00e7a e de vida nas fraternidades provinciais e nas comunidades. &#8220;O conte\u00fado do an\u00fancio \u00e9 claro, curando feridas, doen\u00e7as, o Ressuscitado \u00e9 vida nova e fonte de alegria&#8221;, ressaltou o frade.<\/p>\n<p>&#8220;S\u00e3o Paulo, mais do que um exemplo de mudan\u00e7a radical de vida e de sentimentos, \u00e9 sobretudo um caminho de perseveran\u00e7a e de for\u00e7a, \u00e9 a resposta de um processo de busca e escuta. Nenhum caminho na vida \u00e9 sem desafios, fadigas e incertezas. O que Paulo quer dizer na vida e na difus\u00e3o do cristianismo? O que significa Paulo no caminho de evangeliza\u00e7\u00e3o da Ordem hoje e aqui na Am\u00e9rica Latina? S\u00e3o Paulo levou a mensagem de Jesus at\u00e9 os confins do mundo ent\u00e3o conhecido. Ele nunca se cansou de pregar, nem mesmo quando estava preso na pris\u00e3o de Roma. A express\u00e3o de Paulo, &#8216;Se eu n\u00e3o proclamar o Evangelho&#8217;, \u00e9 uma provoca\u00e7\u00e3o ousada&#8221;, explicou.<\/p>\n<p><img loading=\"lazy\" class=\"alignnone size-full wp-image-241920\" src=\"https:\/\/franciscanos.org.br\/noticias\/wp-content\/uploads\/2023\/01\/quarta_2503-scaled.jpg\" alt=\"\" width=\"1173\" height=\"1920\" srcset=\"https:\/\/franciscanos.org.br\/noticias\/wp-content\/uploads\/2023\/01\/quarta_2503-scaled.jpg 660w, https:\/\/franciscanos.org.br\/noticias\/wp-content\/uploads\/2023\/01\/quarta_2503-275x450.jpg 275w, https:\/\/franciscanos.org.br\/noticias\/wp-content\/uploads\/2023\/01\/quarta_2503-625x1024.jpg 625w, https:\/\/franciscanos.org.br\/noticias\/wp-content\/uploads\/2023\/01\/quarta_2503-768x1258.jpg 768w, https:\/\/franciscanos.org.br\/noticias\/wp-content\/uploads\/2023\/01\/quarta_2503-938x1536.jpg 938w, https:\/\/franciscanos.org.br\/noticias\/wp-content\/uploads\/2023\/01\/quarta_2503-150x246.jpg 150w\" sizes=\"(max-width: 1173px) 100vw, 1173px\" \/><\/p>\n<p>Para ele, nestes tempos, de incerteza e talvez de perplexidade, a provoca\u00e7\u00e3o de Paulo, a sua vida e a sua mensagem, &#8220;encorajam-nos, Frades Menores da Am\u00e9rica Latina, a prosseguir com o an\u00fancio da esperan\u00e7a e do Reino. Deixar os nossos confortos provinciais ou estruturais, deixar todas as preocupa\u00e7\u00f5es que n\u00e3o sejam as do Evangelho e encorajar-nos a dar passos concretos de renova\u00e7\u00e3o, transforma\u00e7\u00e3o, mudan\u00e7a em favor de uma nova evangeliza\u00e7\u00e3o nas suas formas e m\u00e9todos&#8221;.<\/p>\n<p>&#8220;Paulo \u00e9 busca, caminho e resposta. Diante dos desafios do tempo presente, Paulo nos indica o horizonte da busca, do caminho e da resposta. N\u00e3o podemos ficar confort\u00e1veis lamentando perigos ou dificuldades, ou repetindo recursos por medo do risco. S\u00e3o tempos de respostas criativas, de novas lealdades, de esperan\u00e7as partilhadas&#8221;, enfatizou.<\/p>\n<div id=\"attachment_241927\" style=\"width: 1290px\" class=\"wp-caption alignnone\"><img aria-describedby=\"caption-attachment-241927\" loading=\"lazy\" class=\"wp-image-241927 size-full\" src=\"https:\/\/franciscanos.org.br\/noticias\/wp-content\/uploads\/2023\/01\/quarta_2504.jpg\" alt=\"\" width=\"1280\" height=\"786\" srcset=\"https:\/\/franciscanos.org.br\/noticias\/wp-content\/uploads\/2023\/01\/quarta_2504.jpg 1280w, https:\/\/franciscanos.org.br\/noticias\/wp-content\/uploads\/2023\/01\/quarta_2504-450x276.jpg 450w, https:\/\/franciscanos.org.br\/noticias\/wp-content\/uploads\/2023\/01\/quarta_2504-1024x629.jpg 1024w, https:\/\/franciscanos.org.br\/noticias\/wp-content\/uploads\/2023\/01\/quarta_2504-768x472.jpg 768w, https:\/\/franciscanos.org.br\/noticias\/wp-content\/uploads\/2023\/01\/quarta_2504-150x92.jpg 150w\" sizes=\"(max-width: 1280px) 100vw, 1280px\" \/><p id=\"caption-attachment-241927\" class=\"wp-caption-text\"><em>Frei Daniel benze as p\u00edlulas de Frei Galv\u00e3o<\/em><\/p><\/div>\n<p>Segundo ele, a Assembleia da UCLAF acontece no caminho de a\u00e7\u00e3o de gra\u00e7as pelo centen\u00e1rio da Regra Bulada e do Natal na Greccio. &#8220;Nossa melhor a\u00e7\u00e3o de gra\u00e7as \u00e9 a fidelidade, a busca. Sabemos que a Regra de Touro \u00e9 a narra\u00e7\u00e3o escrita de uma experi\u00eancia de vida. Talvez este seja um novo momento para narrar nossa pr\u00f3pria experi\u00eancia de vida. Nossa experi\u00eancia de Jesus, do evangelho, da f\u00e9. A Regra cont\u00e9m poucas intui\u00e7\u00f5es e muita vida. Talvez seja um tempo de poucas intui\u00e7\u00f5es e muita vida. Quais s\u00e3o essas intui\u00e7\u00f5es fundamentais para o nosso tempo? E se olharmos para Greccio, celebramos a alegria da pequenez, da fraqueza que fez hist\u00f3ria, a inoc\u00eancia da confian\u00e7a. Que a nossa a\u00e7\u00e3o de gra\u00e7as tenha gosto de pequenez, alegria e renovada confian\u00e7a no Deus do imposs\u00edvel&#8221;, refletiu.<\/p>\n<p>&#8220;Que a experi\u00eancia de Paulo, Francisco e de tantos santos, nos encoraje na esperan\u00e7a&#8221;, concluiu. No final da Eucaristia, Frei Daniel aben\u00e7oou as p\u00edlulas de Frei Galv\u00e3o, que s\u00e3o preparadas no Convento S\u00e3o Francisco, onde viveu o santo brasileiro por 60 anos.<\/p>\n<div id=\"attachment_241921\" style=\"width: 1295px\" class=\"wp-caption alignnone\"><img aria-describedby=\"caption-attachment-241921\" loading=\"lazy\" class=\"wp-image-241921 size-full\" src=\"https:\/\/franciscanos.org.br\/noticias\/wp-content\/uploads\/2023\/01\/mexico_25.jpg\" alt=\"\" width=\"1285\" height=\"482\" srcset=\"https:\/\/franciscanos.org.br\/noticias\/wp-content\/uploads\/2023\/01\/mexico_25.jpg 1285w, https:\/\/franciscanos.org.br\/noticias\/wp-content\/uploads\/2023\/01\/mexico_25-450x169.jpg 450w, https:\/\/franciscanos.org.br\/noticias\/wp-content\/uploads\/2023\/01\/mexico_25-1024x384.jpg 1024w, https:\/\/franciscanos.org.br\/noticias\/wp-content\/uploads\/2023\/01\/mexico_25-768x288.jpg 768w, https:\/\/franciscanos.org.br\/noticias\/wp-content\/uploads\/2023\/01\/mexico_25-150x56.jpg 150w\" sizes=\"(max-width: 1285px) 100vw, 1285px\" \/><p id=\"caption-attachment-241921\" class=\"wp-caption-text\"><em>Cort\u00e9s recebe os doze mission\u00e1rios franciscanos. Mural na Par\u00f3quia de Ozumba (Estado do M\u00e9xico)<\/em><\/p><\/div>\n<p><strong>500 ANOS DA PRESEN\u00c7A FRANCISCANA NO M\u00c9XICO<\/strong><\/p>\n<p>Frei Fl\u00e1vio Ch\u00e1vez abriu os trabalhos na Sala S\u00e3o D\u00e2maso, \u00e0s 9h15, falando sobre o Jubileu franciscano no M\u00e9xico. Segundo ele, os primeiros frades franciscanos a chegar \u00e0 Nova Espanha foram Frei Pedro Melgarejo e Frei Diego Altamirano, que vieram nas tropas de &#8220;Hern\u00e1n Cort\u00e9s&#8221;. Como vinham como capel\u00e3es militares e n\u00e3o como mission\u00e1rios, sua participa\u00e7\u00e3o na evangeliza\u00e7\u00e3o tinha pouca relev\u00e2ncia.<\/p>\n<p>Um segundo grupo de tr\u00eas franciscanos de origem belga chegou em 1523. Dois deles viajaram com Cort\u00e9s em sua incurs\u00e3o a Honduras e morreram no caminho. O outro, Frei Pedro de Gante, foi quem certamente iniciou a evangeliza\u00e7\u00e3o na Nova Espanha. A primeira miss\u00e3o realmente estruturada chegou ao M\u00e9xico em 13 de maio de 1524 com doze frades chefiados por Frei Mart\u00edn de Valencia e que mais tarde foram chamados de &#8220;os doze ap\u00f3stolos&#8221;.<\/p>\n<p><img loading=\"lazy\" class=\"alignleft size-full wp-image-241926\" src=\"https:\/\/franciscanos.org.br\/noticias\/wp-content\/uploads\/2023\/01\/quarta_2512.jpg\" alt=\"\" width=\"1200\" height=\"781\" srcset=\"https:\/\/franciscanos.org.br\/noticias\/wp-content\/uploads\/2023\/01\/quarta_2512.jpg 1200w, https:\/\/franciscanos.org.br\/noticias\/wp-content\/uploads\/2023\/01\/quarta_2512-450x293.jpg 450w, https:\/\/franciscanos.org.br\/noticias\/wp-content\/uploads\/2023\/01\/quarta_2512-1024x666.jpg 1024w, https:\/\/franciscanos.org.br\/noticias\/wp-content\/uploads\/2023\/01\/quarta_2512-768x500.jpg 768w, https:\/\/franciscanos.org.br\/noticias\/wp-content\/uploads\/2023\/01\/quarta_2512-150x98.jpg 150w\" sizes=\"(max-width: 1200px) 100vw, 1200px\" \/><\/p>\n<p>Os doze ap\u00f3stolos foram os frades Mart\u00edn de Valencia, Francisco de Soto, Mart\u00edn de Jes\u00fas (ou de la Coru\u00f1a), Juan Su\u00e1rez, Antonio de Ciudad Rodrigo, Toribio de Benavente (Motolin\u00eda), Garc\u00eda de Cisneros, Luis de Fuensalida, Juan de Ribas , Francisco Jim\u00e9nez e os frades leigos Andr\u00e9s de C\u00f3rdoba e Juan de Palos. Em 13 de maio de 1524, o grupo de mission\u00e1rios franciscanos chamado &#8220;os doze ap\u00f3stolos do M\u00e9xico&#8221;, enviados pelo papa Adriano VI e pelo rei Carlos I, chegou ao porto de Veracruz.<\/p>\n<p>\u00c0 frente desta miss\u00e3o estava Frei Mart\u00edn de Valencia, superior da Prov\u00edncia Franciscana Espanhola de San Gabriel e que, a pedido do Ministro Geral da Ordem Franciscana, Francisco Qui\u00f1ones, escolheu com extraordin\u00e1rio cuidado os doze ap\u00f3stolos para a expedi\u00e7\u00e3o.<\/p>\n<p>Pouco depois de sua chegada fundaram a Prov\u00edncia do Santo Evangelho e dividiram o grupo para distribu\u00ed-lo em quatro conventos, que atenderiam as regi\u00f5es mais densamente povoadas dos vales centrais: M\u00e9xico-Tenochtitlan, Texcoco, Tlaxcala e Huejotzingo. Da Prov\u00edncia do Santo Evangelho sa\u00edram as demais Prov\u00edncias franciscanas do M\u00e9xico. Em 1559, a de S\u00e3o Jos\u00e9 de Yucat\u00e1n; em 1565, a de S\u00e3o Pedro e S\u00e3o Paulo de Michoac\u00e1n; e, em 1599, a de S\u00e3o Diego (Descal\u00e7os), S\u00e3o Francisco de Zacatecas e Santiago de Jalisco.<\/p>\n<div id=\"attachment_241922\" style=\"width: 1290px\" class=\"wp-caption alignnone\"><img aria-describedby=\"caption-attachment-241922\" loading=\"lazy\" class=\"wp-image-241922 size-full\" src=\"https:\/\/franciscanos.org.br\/noticias\/wp-content\/uploads\/2023\/01\/quarta_2505.jpg\" alt=\"\" width=\"1280\" height=\"760\" srcset=\"https:\/\/franciscanos.org.br\/noticias\/wp-content\/uploads\/2023\/01\/quarta_2505.jpg 1280w, https:\/\/franciscanos.org.br\/noticias\/wp-content\/uploads\/2023\/01\/quarta_2505-450x267.jpg 450w, https:\/\/franciscanos.org.br\/noticias\/wp-content\/uploads\/2023\/01\/quarta_2505-1024x608.jpg 1024w, https:\/\/franciscanos.org.br\/noticias\/wp-content\/uploads\/2023\/01\/quarta_2505-768x456.jpg 768w, https:\/\/franciscanos.org.br\/noticias\/wp-content\/uploads\/2023\/01\/quarta_2505-150x89.jpg 150w\" sizes=\"(max-width: 1280px) 100vw, 1280px\" \/><p id=\"caption-attachment-241922\" class=\"wp-caption-text\"><em>Frei Francisco G\u00f3mez Vargas, Secret\u00e1rio Geral para a Evangeliza\u00e7\u00e3o Mission\u00e1ria\u00a0<\/em><\/p><\/div>\n<p><strong>PARA UM NOVO TESTEMUNHO EM NOSSO TEMPO<\/strong><\/p>\n<p>Este foi o tema da palestra de Frei Francisco G\u00f3mez Vargas, Secret\u00e1rio Geral para a Evangeliza\u00e7\u00e3o Mission\u00e1ria\u00a0 (SGEM) da Ordem dos Frades Menores.<\/p>\n<p>Ele explicou que a Ordem n\u00e3o divides entre Evangeliza\u00e7\u00e3o <em>ad-intra<\/em> e Evangeliza\u00e7\u00e3o <em>ad-extra<\/em> e n\u00e3o distingue entre Evangeliza\u00e7\u00e3o e Miss\u00e3o: &#8220;Preferimos falar de nossa miss\u00e3o de evangelizar de acordo com o contexto e situa\u00e7\u00f5es concretas, usando o termo Evangeliza\u00e7\u00e3o Mission\u00e1ria&#8221;.<\/p>\n<p>Frei Francisco lembrou que o Secretariado Geral para a Evangeliza\u00e7\u00e3o Mission\u00e1ria recebeu o mandato do Cap\u00edtulo Geral de 2021 para preparar uma <em>Ratio Evangelizationis<\/em> para a Ordem, &#8220;em harmonia com o ensinamento do Magist\u00e9rio da Igreja e os documentos da Ordem, atrav\u00e9s de um processo b\u00e1sico na Confer\u00eancias e \u00e1reas continentais, com base no processo j\u00e1 empreendido pelo SGEM\u201d (mandato n.\u00ba 20). &#8220;Todos n\u00f3s na Am\u00e9rica Latina somos chamados hoje a continuar testemunhando, como franciscanos na constru\u00e7\u00e3o da Paz, e \u00e9 assim que o di\u00e1logo \u00e9 uma importante media\u00e7\u00e3o: precisamos participar do di\u00e1logo inter-religioso, ecum\u00eanico, social, pol\u00edtico e econ\u00f4mico&#8221;, disse.<\/p>\n<p>Segundo ele, as orienta\u00e7\u00f5es das Novas Formas de Vida e Evangeliza\u00e7\u00e3o, propostas no documento &#8220;Ite, Nuntiate&#8230;&#8221;, s\u00e3o um bom ponto de partida para revitalizar e &#8220;atualizar nosso modo de vida e servi\u00e7o&#8221;.<\/p>\n<p><strong>FORMA\u00c7\u00c3O E ESTUDOS<\/strong><\/p>\n<div id=\"attachment_241923\" style=\"width: 560px\" class=\"wp-caption alignright\"><img aria-describedby=\"caption-attachment-241923\" loading=\"lazy\" class=\"wp-image-241923 size-full\" src=\"https:\/\/franciscanos.org.br\/noticias\/wp-content\/uploads\/2023\/01\/quarta_2510.jpg\" alt=\"\" width=\"550\" height=\"525\" srcset=\"https:\/\/franciscanos.org.br\/noticias\/wp-content\/uploads\/2023\/01\/quarta_2510.jpg 550w, https:\/\/franciscanos.org.br\/noticias\/wp-content\/uploads\/2023\/01\/quarta_2510-450x430.jpg 450w, https:\/\/franciscanos.org.br\/noticias\/wp-content\/uploads\/2023\/01\/quarta_2510-150x143.jpg 150w\" sizes=\"(max-width: 550px) 100vw, 550px\" \/><p id=\"caption-attachment-241923\" class=\"wp-caption-text\"><em>Frei Darko Tepert, Secret\u00e1rio Geral para a Forma\u00e7\u00e3o e os Estudos<\/em><\/p><\/div>\n<p>Frei Darko Tepert, Secret\u00e1rio Geral para a Forma\u00e7\u00e3o e os Estudos, falou especialmente da forma\u00e7\u00e3o inicial na Ordem. &#8220;Para a Forma\u00e7\u00e3o no momento atual, a escuta \u00e9 muito importante. Devemos escutar os candidatos que expressam seu desejo de fazer conosco a viagem desta vida. \u00c9 preciso ouvir sua situa\u00e7\u00e3o de vida, o clima social, as condi\u00e7\u00f5es culturais, que no mundo de hoje est\u00e3o mudando rapidamente. Devemos escutar os irm\u00e3os em forma\u00e7\u00e3o inicial, escutar suas dificuldades, suas preocupa\u00e7\u00f5es, seus desejos. Ouvir tamb\u00e9m envolve estar pronto para mudar&#8221;, explicou o frade.<\/p>\n<p>Segundo ele, no mundo em transforma\u00e7\u00e3o, n\u00e3o pode haver desinteresse. &#8220;N\u00e3o somos cartuxos, mas irm\u00e3os chamados pelo Senhor e enviados juntos para o mundo, para este mundo em transforma\u00e7\u00e3o. Os irm\u00e3os em forma\u00e7\u00e3o inicial podem nos ajudar a descobrir e valorizar estas mudan\u00e7as. Por outro lado, os irm\u00e3os em forma\u00e7\u00e3o inicial devem ser ajudados a ouvir e a ouvir os outros&#8221;, lembrou.<\/p>\n<p>Frei Darko disse que o Secretariado est\u00e1 se reunindo com os secret\u00e1rios das Prov\u00edncias de cada Confer\u00eancia. &#8220;Por enquanto, j\u00e1 realizamos estas reuni\u00f5es na Confer\u00eancia Bolivariana e na Confer\u00eancia de Santa Maria de Guadalupe. Nestes dias teremos uma reuni\u00e3o semelhante com a Confer\u00eancia do Brasil e Cone Sul. Desta forma, completaremos nossas visitas \u00e0s Confer\u00eancias Latino-Americanas e, a partir de abril, continuaremos com as reuni\u00f5es nas Confer\u00eancias Europeias&#8221;, explicou.<\/p>\n<p>Segundo ele, nas Confer\u00eancia Bolivariana e Confer\u00eancia de Santa Maria de Guadalupe, foi verificado o desejo de preparar cursos, tamb\u00e9m em n\u00edvel universit\u00e1rio, para formadores, e foram feitas propostas concretas nesse sentido. Cursos para a forma\u00e7\u00e3o de formadores tamb\u00e9m s\u00e3o realizados em n\u00edvel da Confer\u00eancia do Brasil e Cone Sul.<\/p>\n<p>Outro ponto importante destacado pelo frade foi o tema da identidade franciscana, &#8220;contida, como n\u00facleo, em nosso nome de Frades Menores. A fraternidade e a minoridade, ou seja, a forma de viver e trabalhar como irm\u00e3os e como os menores de todos, permitem que o sopro do Esp\u00edrito Santo anime toda nossa forma de estar no mundo (<em>Documento Final do Cap\u00edtulo Geral, 11). <\/em>Portanto, o Cap\u00edtulo Geral convida cada irm\u00e3o e cada Fraternidade a uma mudan\u00e7a. Convida-nos a ser como irm\u00e3os entre os menores, entre os que est\u00e3o \u00e0 margem. Eu diria que, se temos um problema com o decl\u00ednio do n\u00famero de irm\u00e3os, se nos faltam voca\u00e7\u00f5es em algumas \u00e1reas, talvez uma das causas possa ser tamb\u00e9m o fato de n\u00e3o vivermos mais nossa identidade&#8221;, avaliou.<\/p>\n<div id=\"attachment_241924\" style=\"width: 1290px\" class=\"wp-caption alignright\"><img aria-describedby=\"caption-attachment-241924\" loading=\"lazy\" class=\"wp-image-241924 size-full\" src=\"https:\/\/franciscanos.org.br\/noticias\/wp-content\/uploads\/2023\/01\/quarta_2509.jpg\" alt=\"\" width=\"1280\" height=\"833\" srcset=\"https:\/\/franciscanos.org.br\/noticias\/wp-content\/uploads\/2023\/01\/quarta_2509.jpg 1280w, https:\/\/franciscanos.org.br\/noticias\/wp-content\/uploads\/2023\/01\/quarta_2509-450x293.jpg 450w, https:\/\/franciscanos.org.br\/noticias\/wp-content\/uploads\/2023\/01\/quarta_2509-1024x666.jpg 1024w, https:\/\/franciscanos.org.br\/noticias\/wp-content\/uploads\/2023\/01\/quarta_2509-768x500.jpg 768w, https:\/\/franciscanos.org.br\/noticias\/wp-content\/uploads\/2023\/01\/quarta_2509-150x98.jpg 150w\" sizes=\"(max-width: 1280px) 100vw, 1280px\" \/><p id=\"caption-attachment-241924\" class=\"wp-caption-text\"><em>Frei Daniel Nicol\u00e1s R. Blanco, respons\u00e1vel pela anima\u00e7\u00e3o do Escrit\u00f3rio Geral de Justi\u00e7a, Paz e Integridade da Cria\u00e7\u00e3o<\/em><\/p><\/div>\n<p><strong>JPIC<\/strong><\/p>\n<p>O frade salvadorenho Frei Daniel Nicol\u00e1s Rodr\u00edguez Blanco, respons\u00e1vel pela anima\u00e7\u00e3o do Escrit\u00f3rio Geral de Justi\u00e7a, Paz e Integridade da Cria\u00e7\u00e3o (JPIC) da Ordem dos Frades Menores, explicou que\u00a0 o Escrit\u00f3rio de JPIC deve trabalhar para conectar, desenvolver e apoiar projetos sobre ecologia integral, dando especial aten\u00e7\u00e3o \u00e0 forma\u00e7\u00e3o em quest\u00f5es de JPIC nos diferentes contextos da Ordem.<\/p>\n<p>Frei Daniel lembrou que o Escrit\u00f3rio estar\u00e1 envolvido, neste ano, na Jornada Mundial da Juventude em Lisboa 2023, onde, juntamente com o Movimento <em>Laudato Si\u2019<\/em>, promover\u00e1 as enc\u00edclicas do Papa Francisco<em>, Laudato Si\u2019<\/em> e <em>Fratelli Tutti.<\/em> Ele tamb\u00e9m falou dos cursos a serem promovidos neste ano: 1. Oferecer um curso virtual sobre ecologia integral em espanhol e portugu\u00eas; 2. Oferecer um curso sobre a Economia de Francisco; 3. Curso anual para animadores JPIC; 4. Participa\u00e7\u00e3o de um jovem frade professo tempor\u00e1rio ou professo solene por entidade no Jornada Mundial da Juventude, Lisboa, 1-6 de agosto de 2023; 5. Reuni\u00e3o Continental JPIC 2024; 6. Encontro latino-americano de frades com obras nas artes visuais; 7. Peregrina\u00e7\u00e3o continental da imagem de S\u00e3o Francisco, o Migrante.<\/p>\n<p>Outro trabalho importante \u00e9 consolidar e expandir a Rede Franciscana de Migrantes na Am\u00e9rica Latina. &#8220;Pedimos que a Pontif\u00edcia Universidade Antonianum e os Centros de Estudos da Ordem que promovam a forma\u00e7\u00e3o em ecologia integral em diferentes l\u00ednguas e em colabora\u00e7\u00e3o com outras institui\u00e7\u00f5es&#8221;, acrescentou Frei Daniel.<\/p>\n<p>Todas as palestras tiveram um tempo para perguntas e respostas. \u00c0 tarde, cada Confer\u00eancia se reuniu para fazer uma s\u00edntese dos desafios para a UCLAF e para cada Confer\u00eancia. Os frades apresentaram em plen\u00e1rio as conclus\u00f5es dos grupos, tendo como moderador neste dia Frei Fernando Aparecido dos Santos, da Cust\u00f3dia do Sagrado Cora\u00e7\u00e3o de Jesus.<\/p>\n<hr \/>\n<p><em>Equipe de Comunica\u00e7\u00e3o da Assembleia da UCLAF<\/em><\/p>\n","protected":false},"excerpt":{"rendered":"<p>Assembleia Geral da UCLAF<\/p>\n","protected":false},"author":3,"featured_media":241918,"comment_status":"open","ping_status":"open","sticky":false,"template":"","format":"standard","meta":[],"categories":[1],"tags":[2088],"acf":[],"yoast_head":"<!-- This site is optimized with the Yoast SEO plugin v19.2 - https:\/\/yoast.com\/wordpress\/plugins\/seo\/ -->\n<title>&quot;Paulo nos indica o horizonte da busca, do caminho e da resposta&quot;, diz Frei Daniel - Not\u00edcias - Franciscanos<\/title>\n<meta name=\"robots\" content=\"index, follow, max-snippet:-1, max-image-preview:large, max-video-preview:-1\" \/>\n<link rel=\"canonical\" href=\"https:\/\/franciscanos.org.br\/noticias\/terceirodiauclaf.html\" \/>\n<meta property=\"og:locale\" content=\"pt_BR\" \/>\n<meta property=\"og:type\" content=\"article\" \/>\n<meta property=\"og:title\" content=\"&quot;Paulo nos indica o horizonte da busca, do caminho e da resposta&quot;, diz Frei Daniel - Not\u00edcias - Franciscanos\" \/>\n<meta property=\"og:description\" content=\"Assembleia Geral da UCLAF\" \/>\n<meta property=\"og:url\" content=\"https:\/\/franciscanos.org.br\/noticias\/terceirodiauclaf.html\" \/>\n<meta property=\"og:site_name\" content=\"Not\u00edcias - Franciscanos\" \/>\n<meta property=\"article:published_time\" content=\"2023-01-25T20:27:14+00:00\" \/>\n<meta property=\"article:modified_time\" content=\"2023-01-25T20:41:07+00:00\" \/>\n<meta property=\"og:image\" content=\"https:\/\/franciscanos.org.br\/noticias\/wp-content\/uploads\/2023\/01\/quarta_2508.jpg\" \/>\n\t<meta property=\"og:image:width\" content=\"1280\" \/>\n\t<meta property=\"og:image:height\" content=\"720\" \/>\n\t<meta property=\"og:image:type\" content=\"image\/jpeg\" \/>\n<meta name=\"author\" content=\"moacir\" \/>\n<meta name=\"twitter:card\" content=\"summary_large_image\" \/>\n<meta name=\"twitter:label1\" content=\"Escrito por\" \/>\n\t<meta name=\"twitter:data1\" content=\"moacir\" \/>\n\t<meta name=\"twitter:label2\" content=\"Est. tempo de leitura\" \/>\n\t<meta name=\"twitter:data2\" content=\"11 minutos\" \/>\n<script type=\"application\/ld+json\" class=\"yoast-schema-graph\">{\"@context\":\"https:\/\/schema.org\",\"@graph\":[{\"@type\":\"WebSite\",\"@id\":\"https:\/\/franciscanos.org.br\/noticias\/#website\",\"url\":\"https:\/\/franciscanos.org.br\/noticias\/\",\"name\":\"Not\u00edcias - Franciscanos\",\"description\":\"Prov\u00edncia Franciscana da Imaculada Concei\u00e7\u00e3o do Brasil - Ordem dos Frades Menores - OFM\",\"potentialAction\":[{\"@type\":\"SearchAction\",\"target\":{\"@type\":\"EntryPoint\",\"urlTemplate\":\"https:\/\/franciscanos.org.br\/noticias\/?s={search_term_string}\"},\"query-input\":\"required name=search_term_string\"}],\"inLanguage\":\"pt-BR\"},{\"@type\":\"ImageObject\",\"inLanguage\":\"pt-BR\",\"@id\":\"https:\/\/franciscanos.org.br\/noticias\/terceirodiauclaf.html#primaryimage\",\"url\":\"https:\/\/franciscanos.org.br\/noticias\/wp-content\/uploads\/2023\/01\/quarta_2508.jpg\",\"contentUrl\":\"https:\/\/franciscanos.org.br\/noticias\/wp-content\/uploads\/2023\/01\/quarta_2508.jpg\",\"width\":1280,\"height\":720},{\"@type\":\"WebPage\",\"@id\":\"https:\/\/franciscanos.org.br\/noticias\/terceirodiauclaf.html#webpage\",\"url\":\"https:\/\/franciscanos.org.br\/noticias\/terceirodiauclaf.html\",\"name\":\"\\\"Paulo nos indica o horizonte da busca, do caminho e da resposta\\\", diz Frei Daniel - Not\u00edcias - Franciscanos\",\"isPartOf\":{\"@id\":\"https:\/\/franciscanos.org.br\/noticias\/#website\"},\"primaryImageOfPage\":{\"@id\":\"https:\/\/franciscanos.org.br\/noticias\/terceirodiauclaf.html#primaryimage\"},\"datePublished\":\"2023-01-25T20:27:14+00:00\",\"dateModified\":\"2023-01-25T20:41:07+00:00\",\"author\":{\"@id\":\"https:\/\/franciscanos.org.br\/noticias\/#\/schema\/person\/b5c8cba458c330ccff548b056e95a5d4\"},\"breadcrumb\":{\"@id\":\"https:\/\/franciscanos.org.br\/noticias\/terceirodiauclaf.html#breadcrumb\"},\"inLanguage\":\"pt-BR\",\"potentialAction\":[{\"@type\":\"ReadAction\",\"target\":[\"https:\/\/franciscanos.org.br\/noticias\/terceirodiauclaf.html\"]}]},{\"@type\":\"BreadcrumbList\",\"@id\":\"https:\/\/franciscanos.org.br\/noticias\/terceirodiauclaf.html#breadcrumb\",\"itemListElement\":[{\"@type\":\"ListItem\",\"position\":1,\"name\":\"Home\",\"item\":\"https:\/\/franciscanos.org.br\/noticias\"},{\"@type\":\"ListItem\",\"position\":2,\"name\":\"&#8220;Paulo nos indica o horizonte da busca, do caminho e da resposta&#8221;, diz Frei Daniel\"}]},{\"@type\":\"Person\",\"@id\":\"https:\/\/franciscanos.org.br\/noticias\/#\/schema\/person\/b5c8cba458c330ccff548b056e95a5d4\",\"name\":\"moacir\",\"image\":{\"@type\":\"ImageObject\",\"inLanguage\":\"pt-BR\",\"@id\":\"https:\/\/franciscanos.org.br\/noticias\/#\/schema\/person\/image\/\",\"url\":\"https:\/\/secure.gravatar.com\/avatar\/d08aa2ce4c8dd416d4479aa8536fcf64?s=96&d=mm&r=g\",\"contentUrl\":\"https:\/\/secure.gravatar.com\/avatar\/d08aa2ce4c8dd416d4479aa8536fcf64?s=96&d=mm&r=g\",\"caption\":\"moacir\"},\"url\":\"https:\/\/franciscanos.org.br\/noticias\/author\/moacir\"}]}<\/script>\n<!-- \/ Yoast SEO plugin. -->","yoast_head_json":{"title":"\"Paulo nos indica o horizonte da busca, do caminho e da resposta\", diz Frei Daniel - Not\u00edcias - Franciscanos","robots":{"index":"index","follow":"follow","max-snippet":"max-snippet:-1","max-image-preview":"max-image-preview:large","max-video-preview":"max-video-preview:-1"},"canonical":"https:\/\/franciscanos.org.br\/noticias\/terceirodiauclaf.html","og_locale":"pt_BR","og_type":"article","og_title":"\"Paulo nos indica o horizonte da busca, do caminho e da resposta\", diz Frei Daniel - Not\u00edcias - Franciscanos","og_description":"Assembleia Geral da UCLAF","og_url":"https:\/\/franciscanos.org.br\/noticias\/terceirodiauclaf.html","og_site_name":"Not\u00edcias - Franciscanos","article_published_time":"2023-01-25T20:27:14+00:00","article_modified_time":"2023-01-25T20:41:07+00:00","og_image":[{"width":1280,"height":720,"url":"https:\/\/franciscanos.org.br\/noticias\/wp-content\/uploads\/2023\/01\/quarta_2508.jpg","type":"image\/jpeg"}],"author":"moacir","twitter_card":"summary_large_image","twitter_misc":{"Escrito por":"moacir","Est. tempo de leitura":"11 minutos"},"schema":{"@context":"https:\/\/schema.org","@graph":[{"@type":"WebSite","@id":"https:\/\/franciscanos.org.br\/noticias\/#website","url":"https:\/\/franciscanos.org.br\/noticias\/","name":"Not\u00edcias - Franciscanos","description":"Prov\u00edncia Franciscana da Imaculada Concei\u00e7\u00e3o do Brasil - Ordem dos Frades Menores - OFM","potentialAction":[{"@type":"SearchAction","target":{"@type":"EntryPoint","urlTemplate":"https:\/\/franciscanos.org.br\/noticias\/?s={search_term_string}"},"query-input":"required name=search_term_string"}],"inLanguage":"pt-BR"},{"@type":"ImageObject","inLanguage":"pt-BR","@id":"https:\/\/franciscanos.org.br\/noticias\/terceirodiauclaf.html#primaryimage","url":"https:\/\/franciscanos.org.br\/noticias\/wp-content\/uploads\/2023\/01\/quarta_2508.jpg","contentUrl":"https:\/\/franciscanos.org.br\/noticias\/wp-content\/uploads\/2023\/01\/quarta_2508.jpg","width":1280,"height":720},{"@type":"WebPage","@id":"https:\/\/franciscanos.org.br\/noticias\/terceirodiauclaf.html#webpage","url":"https:\/\/franciscanos.org.br\/noticias\/terceirodiauclaf.html","name":"\"Paulo nos indica o horizonte da busca, do caminho e da resposta\", diz Frei Daniel - Not\u00edcias - Franciscanos","isPartOf":{"@id":"https:\/\/franciscanos.org.br\/noticias\/#website"},"primaryImageOfPage":{"@id":"https:\/\/franciscanos.org.br\/noticias\/terceirodiauclaf.html#primaryimage"},"datePublished":"2023-01-25T20:27:14+00:00","dateModified":"2023-01-25T20:41:07+00:00","author":{"@id":"https:\/\/franciscanos.org.br\/noticias\/#\/schema\/person\/b5c8cba458c330ccff548b056e95a5d4"},"breadcrumb":{"@id":"https:\/\/franciscanos.org.br\/noticias\/terceirodiauclaf.html#breadcrumb"},"inLanguage":"pt-BR","potentialAction":[{"@type":"ReadAction","target":["https:\/\/franciscanos.org.br\/noticias\/terceirodiauclaf.html"]}]},{"@type":"BreadcrumbList","@id":"https:\/\/franciscanos.org.br\/noticias\/terceirodiauclaf.html#breadcrumb","itemListElement":[{"@type":"ListItem","position":1,"name":"Home","item":"https:\/\/franciscanos.org.br\/noticias"},{"@type":"ListItem","position":2,"name":"&#8220;Paulo nos indica o horizonte da busca, do caminho e da resposta&#8221;, diz Frei Daniel"}]},{"@type":"Person","@id":"https:\/\/franciscanos.org.br\/noticias\/#\/schema\/person\/b5c8cba458c330ccff548b056e95a5d4","name":"moacir","image":{"@type":"ImageObject","inLanguage":"pt-BR","@id":"https:\/\/franciscanos.org.br\/noticias\/#\/schema\/person\/image\/","url":"https:\/\/secure.gravatar.com\/avatar\/d08aa2ce4c8dd416d4479aa8536fcf64?s=96&d=mm&r=g","contentUrl":"https:\/\/secure.gravatar.com\/avatar\/d08aa2ce4c8dd416d4479aa8536fcf64?s=96&d=mm&r=g","caption":"moacir"},"url":"https:\/\/franciscanos.org.br\/noticias\/author\/moacir"}]}},"_links":{"self":[{"href":"https:\/\/franciscanos.org.br\/noticias\/wp-json\/wp\/v2\/posts\/241917"}],"collection":[{"href":"https:\/\/franciscanos.org.br\/noticias\/wp-json\/wp\/v2\/posts"}],"about":[{"href":"https:\/\/franciscanos.org.br\/noticias\/wp-json\/wp\/v2\/types\/post"}],"author":[{"embeddable":true,"href":"https:\/\/franciscanos.org.br\/noticias\/wp-json\/wp\/v2\/users\/3"}],"replies":[{"embeddable":true,"href":"https:\/\/franciscanos.org.br\/noticias\/wp-json\/wp\/v2\/comments?post=241917"}],"version-history":[{"count":3,"href":"https:\/\/franciscanos.org.br\/noticias\/wp-json\/wp\/v2\/posts\/241917\/revisions"}],"predecessor-version":[{"id":241930,"href":"https:\/\/franciscanos.org.br\/noticias\/wp-json\/wp\/v2\/posts\/241917\/revisions\/241930"}],"wp:featuredmedia":[{"embeddable":true,"href":"https:\/\/franciscanos.org.br\/noticias\/wp-json\/wp\/v2\/media\/241918"}],"wp:attachment":[{"href":"https:\/\/franciscanos.org.br\/noticias\/wp-json\/wp\/v2\/media?parent=241917"}],"wp:term":[{"taxonomy":"category","embeddable":true,"href":"https:\/\/franciscanos.org.br\/noticias\/wp-json\/wp\/v2\/categories?post=241917"},{"taxonomy":"post_tag","embeddable":true,"href":"https:\/\/franciscanos.org.br\/noticias\/wp-json\/wp\/v2\/tags?post=241917"}],"curies":[{"name":"wp","href":"https:\/\/api.w.org\/{rel}","templated":true}]}}