{"id":241905,"date":"2023-01-25T08:56:20","date_gmt":"2023-01-25T11:56:20","guid":{"rendered":"https:\/\/franciscanos.org.br\/noticias\/?p=241905"},"modified":"2023-01-25T09:33:16","modified_gmt":"2023-01-25T12:33:16","slug":"dom-evaristo-e-nomeado-pelo-papa-francisco-para-a-diocese-de-roraima","status":"publish","type":"post","link":"https:\/\/franciscanos.org.br\/noticias\/dom-evaristo-e-nomeado-pelo-papa-francisco-para-a-diocese-de-roraima.html","title":{"rendered":"Dom Evaristo \u00e9 nomeado pelo Papa Francisco para a Diocese de Roraima"},"content":{"rendered":"<p><img loading=\"lazy\" class=\"alignnone size-full wp-image-241907\" src=\"https:\/\/franciscanos.org.br\/noticias\/wp-content\/uploads\/2023\/01\/evaristo_2501.jpg\" alt=\"\" width=\"1280\" height=\"712\" srcset=\"https:\/\/franciscanos.org.br\/noticias\/wp-content\/uploads\/2023\/01\/evaristo_2501.jpg 1280w, https:\/\/franciscanos.org.br\/noticias\/wp-content\/uploads\/2023\/01\/evaristo_2501-450x250.jpg 450w, https:\/\/franciscanos.org.br\/noticias\/wp-content\/uploads\/2023\/01\/evaristo_2501-1024x570.jpg 1024w, https:\/\/franciscanos.org.br\/noticias\/wp-content\/uploads\/2023\/01\/evaristo_2501-768x427.jpg 768w, https:\/\/franciscanos.org.br\/noticias\/wp-content\/uploads\/2023\/01\/evaristo_2501-150x83.jpg 150w\" sizes=\"(max-width: 1280px) 100vw, 1280px\" \/><\/p>\n<p>O Papa Francisco nomeou nesta quarta-feira, 25 de janeiro, Dom Evaristo Spengler como bispo da Diocese de Roraima, transferindo-o da Prelazia de Maraj\u00f3, onde estava desde 27 de agosto de 2016. Ele foi ordenado em 06 de agosto de 2016, em Gaspar (SC), depois de ser nomeado bispo pelo Papa Francisco no dia 1\u00ba de junho de 2016.<\/p>\n<p>Em 2020, ap\u00f3s o S\u00ednodo da Amaz\u00f4nia, Francisco escreveu a exorta\u00e7\u00e3o apost\u00f3lica &#8220;Querida Amaz\u00f4nia&#8221;, afirmou querer ver uma regi\u00e3o com mais justi\u00e7a social onde o cristianismo n\u00e3o elimina, mas enriquece as culturas locais; onde a ecologia seja defendida, com mission\u00e1rios que n\u00e3o se envergonhem de Jesus Cristo.<\/p>\n<p>A nomea\u00e7\u00e3o de Dom Evaristo acontece exatamente no momento em que foram reveladas cenas dos abusos cometidos contra os Yanomami.<\/p>\n<p>Padre Luis Miguel Modino, assessor de comunica\u00e7\u00e3o CNBB Norte1, escreveria para a Vatican News: &#8220;A defesa do Povo Yanomami tem sido uma prioridade para os \u00faltimos Bispos da Diocese de Roraima, levando essa Igreja local a se posicionar. Dom Roque Paloschi, Bispo da Diocese de Roraima de 2005 a 2015, afirmou na introdu\u00e7\u00e3o ao Livro \u201cO Encontro\u201d, que relata mem\u00f3rias da Miss\u00e3o Catrimani, que \u201cencontrar e conhecer os Yanomami t\u00eam sido um caminho extraordin\u00e1rio, um bem e privil\u00e9gio para a Igreja de Roraima\u201d.<\/p>\n<p>J\u00e1 em 2017, quando foi publicado o livro, dom Roque Paloschi denunciava a amea\u00e7a do garimpo na Terra Yanomami: \u201catualmente, as invas\u00f5es e depreda\u00e7\u00f5es das suas terras continuam, com a constante presen\u00e7a de garimpeiros e a pesca predat\u00f3ria. Os ind\u00edgenas denunciam, mas permanece a impunidade\u201d. Ele fazia um apelo para as parcerias e as redes para \u201ca luta contra os \u2018drag\u00f5es mort\u00edferos\u2019 da vida\u201d.<\/p>\n<p>Dom Evaristo assume no lugar de Dom M\u00e1rio Ant\u00f4nio da Silva, que deixou o cargo no Estado para assumir a Diocese de Cuiab\u00e1, no Mato Grosso, no dia 23 de fevereiro do ano passado.<\/p>\n<p>Natural de Gaspar (SC), onde nasceu no bairro de Pocinho no dia 29 de mar\u00e7o de 1959, Evaristo Spengler vestiu o h\u00e1bito franciscano quando ingressou no Noviciado de Rodeio (SC), da Prov\u00edncia Franciscana da Imaculada Concei\u00e7\u00e3o, no dia 20 de janeiro de 1977. No dia 2 de agosto de 1982 fez a profiss\u00e3o solene na Ordem dos Frades Menores e foi ordenado presb\u00edtero no dia 19 de maio de 1984.<\/p>\n<p>Frei Evaristo ficou por uma d\u00e9cada em Angola. Essa experi\u00eancia mission\u00e1ria come\u00e7ou no dia 31 de maio de 2001. De 2003 a 2006, Frei Evaristo presidiu a Funda\u00e7\u00e3o Imaculada M\u00e3e de Deus de Angola. Em janeiro de 2010 encerrava essa etapa mission\u00e1ria e retornava para a conhecida Baixada Fluminense, em Duque de Caxias, bairro de Imbari\u00ea, como Vig\u00e1rio Paroquial. Ali continuou at\u00e9 2012 quando o Cap\u00edtulo Provincial o elegeu Definidor e o manteve como coordenador da Fraternidade de Imbari\u00ea. No Cap\u00edtulo Provincial de 2016, ele foi eleito Vig\u00e1rio Provincial e passou a acumular a fun\u00e7\u00e3o de Secret\u00e1rio da Evangeliza\u00e7\u00e3o.<\/p>\n<p>Frei Evaristo sucedeu a Dom Frei Jos\u00e9 Luiz Azcona, religioso mission\u00e1rio da Ordem dos Agostinianos Recoletos e bispo prelado do Maraj\u00f3 desde 1987, que devido \u00e0 idade (76 anos) teve sua ren\u00fancia ao governo pastoral da Prelazia aceita pelo Papa Francisco, conforme prev\u00ea o Direito Can\u00f4nico.<\/p>\n<p>Quando assumiu a Prelazia de Maraj\u00d3 disse: \u201cOs desafios sociais e eclesiais n\u00e3o me assustam quando h\u00e1 uma Igreja viva. O que me d\u00e1 medo \u00e9 a acomoda\u00e7\u00e3o, \u00e9 perder o \u00edmpeto mission\u00e1rio\u201d.<\/p>\n<p><strong>HIST\u00d3RICO DA DIOCESE <\/strong><\/p>\n<p>A Igreja Particular do Rio Branco, hoje Roraima, foi a primeira a ser desmembrada da Diocese do Amazonas que na \u00e9poca compreendia os territ\u00f3rios do Amazonas, Rond\u00f4nia, Acre e Roraima. Em 15 de agosto de 1907, o decreto pontif\u00edcio do Papa Pio X, \u201cE Brasilianae Reipublicae Diocesibus\u201d elevou a Abadia de N\u00aa. S\u00aa. do Monserrate \u2013 Mosteiro de S\u00e3o Bento do Rio de Janeiro \u2013 \u00e0 categoria de Abadia Nullius com jurisdi\u00e7\u00e3o sobre o territ\u00f3rio da Bacia do Rio Branco, desligando-a da Diocese do Amazonas. Nascia ent\u00e3o a Igreja Particular de Roraima.<\/p>\n<p>Depois de tr\u00eas bispos-prelados da congrega\u00e7\u00e3o beneditina, em maio de 1948, os Monges entregaram a Prelazia aos Mission\u00e1rios da Consolata de Turim. Ap\u00f3s isso, em 1952, Dom Jos\u00e9 Nepote Fus, mission\u00e1rio da Consolata, assumiu como bispo-prelado. Em 1975, Dom Aldo Mongiano assumiu como bispo-prelado. Seu episcopado foi marcado pela luta em favor dos direitos dos Povos Ind\u00edgenas de Roraima e pela eleva\u00e7\u00e3o da Igreja Particular de Roraima da Diocese em 1979.<\/p>\n<p>Dom Apparecido Jos\u00e9 Dias, bispo nomeado em 1996, teve seu episcopado marcado pela experi\u00eancia no trabalho junto aos Povos Ind\u00edgenas e sendo presidente do CIMI \u2013Conselho Indigenista, al\u00e9m de acolher, na Diocese, a segunda experi\u00eancia de Igreja-Irm\u00e3 de Piacenza, It\u00e1lia, e os mission\u00e1rios do Verbo Divino. Ordenou quatro novos padres diocesanos. Fundou a R\u00e1dio FM Roraima e movimento N\u00f3s existimos.<\/p>\n<p>Na d\u00e9cada de 90, a Diocese acolheu novas congrega\u00e7\u00f5es religiosas, abriu o semin\u00e1rio, ordenou o primeiro padre diocesano e introduziu tamb\u00e9m o diaconato permanente. Abriu uma nova miss\u00e3o junto aos povos Yanomami \u2013 miss\u00e3o Xitei, construiu a Casa Paulo VI, o hospital de Cura. Atualmente, a Diocese de Roraima se destaca com apoio e suporte da popula\u00e7\u00e3o migrante e ind\u00edgena presente no estado e continua caminhando na miss\u00e3o de evangeliza\u00e7\u00e3o, em comunh\u00e3o e participa\u00e7\u00e3o com o Santo Padre, Papa Francisco, e toda a igreja na Amaz\u00f4nia.<\/p>\n<hr \/>\n<p><strong>SAUDA\u00c7\u00c3O DA CNBB A DOM EVARISTO PASCOAL SPENGLER<\/strong><\/p>\n<p>Prezado Dom Evaristo Pascoal,<\/p>\n<p>A Confer\u00eancia Nacional dos Bispos do Brasil (CNBB) recebeu com alegria a not\u00edcia da sua nomea\u00e7\u00e3o como bispo da diocese de Roraima (RR).<\/p>\n<p>Desejamos um prof\u00edcuo minist\u00e9rio e, ao saud\u00e1-lo, neste dia em que celebramos a solenidade da convers\u00e3o de S\u00e3o Paulo Ap\u00f3stolo, recordamos um trecho da homilia do Papa Francisco, na celebra\u00e7\u00e3o das v\u00e9speras, de 25 de janeiro de 2016: \u201cA voca\u00e7\u00e3o para ser Ap\u00f3stolo funda-se n\u00e3o nos m\u00e9ritos humanos de Paulo, que se considera \u2018\u00faltimo\u2019 e \u2018indigno\u2019, mas na bondade infinita de Deus, que o escolheu e lhe confiou o minist\u00e9rio\u201d.<\/p>\n<p>Assim como S\u00e3o Paulo outrora, Deus lhe envia agora com a miss\u00e3o de ser mensageiro do Evangelho na Igreja Particular de Roraima. E como disse o Santo Padre em sua segunda catequese sobre o ap\u00f3stolo, proferida na Audi\u00eancia Geral de 30 de junho de 2021: \u201cA chamada envolve sempre uma miss\u00e3o \u00e0 qual estamos destinados; por isso \u00e9-nos pedido que nos preparemos seriamente, sabendo que \u00e9 o pr\u00f3prio Deus que nos envia e nos apoia com a sua gra\u00e7a\u201d.<\/p>\n<p>Que o testemunho e a coragem do Ap\u00f3stolo Paulo sejam inspira\u00e7\u00e3o nesta nova etapa de seu minist\u00e9rio.<\/p>\n<p><em>Em Cristo,<\/em><\/p>\n<p>Dom Walmor Oliveira de Azevedo<br \/>\nArcebispo de Belo Horizonte (MG)<br \/>\nPresidente da CNBB<\/p>\n<p>Dom Jaime Spengler<br \/>\nArcebispo de Porto Alegre (RS)<br \/>\nPrimeiro Vice-Presidente da CNBB<\/p>\n<p>Dom M\u00e1rio Ant\u00f4nio da Silva<br \/>\nArcebispo de Cuiab\u00e1 (MT)<br \/>\nSegundo Vice-Presidente da CNBB<\/p>\n<p>Dom Joel Portella Amado<br \/>\nBispo auxiliar da arquidiocese de S\u00e3o Sebasti\u00e3o do Rio de Janeiro (RJ)<br \/>\nSecret\u00e1rio-geral da CNBB<\/p>\n","protected":false},"excerpt":{"rendered":"<p>Nomea\u00e7\u00e3o de Dom Evaristo Spengler como bispo da Diocese de Roraima<\/p>\n","protected":false},"author":3,"featured_media":241906,"comment_status":"open","ping_status":"open","sticky":false,"template":"","format":"standard","meta":[],"categories":[1],"tags":[29,2090,1379,55],"acf":[],"yoast_head":"<!-- This site is optimized with the Yoast SEO plugin v19.2 - https:\/\/yoast.com\/wordpress\/plugins\/seo\/ -->\n<title>Dom Evaristo \u00e9 nomeado pelo Papa Francisco para a Diocese de Roraima - Not\u00edcias - Franciscanos<\/title>\n<meta name=\"robots\" content=\"index, follow, max-snippet:-1, max-image-preview:large, max-video-preview:-1\" \/>\n<link rel=\"canonical\" href=\"https:\/\/franciscanos.org.br\/noticias\/dom-evaristo-e-nomeado-pelo-papa-francisco-para-a-diocese-de-roraima.html\" \/>\n<meta property=\"og:locale\" content=\"pt_BR\" \/>\n<meta property=\"og:type\" content=\"article\" \/>\n<meta property=\"og:title\" content=\"Dom Evaristo \u00e9 nomeado pelo Papa Francisco para a Diocese de Roraima - Not\u00edcias - Franciscanos\" \/>\n<meta property=\"og:description\" content=\"Nomea\u00e7\u00e3o de Dom Evaristo Spengler como bispo da Diocese de Roraima\" \/>\n<meta property=\"og:url\" content=\"https:\/\/franciscanos.org.br\/noticias\/dom-evaristo-e-nomeado-pelo-papa-francisco-para-a-diocese-de-roraima.html\" \/>\n<meta property=\"og:site_name\" content=\"Not\u00edcias - Franciscanos\" \/>\n<meta property=\"article:published_time\" content=\"2023-01-25T11:56:20+00:00\" \/>\n<meta property=\"article:modified_time\" content=\"2023-01-25T12:33:16+00:00\" \/>\n<meta property=\"og:image\" content=\"https:\/\/franciscanos.org.br\/noticias\/wp-content\/uploads\/2023\/01\/evaristo_25.jpg\" \/>\n\t<meta property=\"og:image:width\" content=\"1280\" \/>\n\t<meta property=\"og:image:height\" content=\"720\" \/>\n\t<meta property=\"og:image:type\" content=\"image\/jpeg\" \/>\n<meta name=\"author\" content=\"moacir\" \/>\n<meta name=\"twitter:card\" content=\"summary_large_image\" \/>\n<meta name=\"twitter:label1\" content=\"Escrito por\" \/>\n\t<meta name=\"twitter:data1\" content=\"moacir\" \/>\n\t<meta name=\"twitter:label2\" content=\"Est. tempo de leitura\" \/>\n\t<meta name=\"twitter:data2\" content=\"6 minutos\" \/>\n<script type=\"application\/ld+json\" class=\"yoast-schema-graph\">{\"@context\":\"https:\/\/schema.org\",\"@graph\":[{\"@type\":\"WebSite\",\"@id\":\"https:\/\/franciscanos.org.br\/noticias\/#website\",\"url\":\"https:\/\/franciscanos.org.br\/noticias\/\",\"name\":\"Not\u00edcias - Franciscanos\",\"description\":\"Prov\u00edncia Franciscana da Imaculada Concei\u00e7\u00e3o do Brasil - Ordem dos Frades Menores - OFM\",\"potentialAction\":[{\"@type\":\"SearchAction\",\"target\":{\"@type\":\"EntryPoint\",\"urlTemplate\":\"https:\/\/franciscanos.org.br\/noticias\/?s={search_term_string}\"},\"query-input\":\"required name=search_term_string\"}],\"inLanguage\":\"pt-BR\"},{\"@type\":\"ImageObject\",\"inLanguage\":\"pt-BR\",\"@id\":\"https:\/\/franciscanos.org.br\/noticias\/dom-evaristo-e-nomeado-pelo-papa-francisco-para-a-diocese-de-roraima.html#primaryimage\",\"url\":\"https:\/\/franciscanos.org.br\/noticias\/wp-content\/uploads\/2023\/01\/evaristo_25.jpg\",\"contentUrl\":\"https:\/\/franciscanos.org.br\/noticias\/wp-content\/uploads\/2023\/01\/evaristo_25.jpg\",\"width\":1280,\"height\":720},{\"@type\":\"WebPage\",\"@id\":\"https:\/\/franciscanos.org.br\/noticias\/dom-evaristo-e-nomeado-pelo-papa-francisco-para-a-diocese-de-roraima.html#webpage\",\"url\":\"https:\/\/franciscanos.org.br\/noticias\/dom-evaristo-e-nomeado-pelo-papa-francisco-para-a-diocese-de-roraima.html\",\"name\":\"Dom Evaristo \u00e9 nomeado pelo Papa Francisco para a Diocese de Roraima - Not\u00edcias - Franciscanos\",\"isPartOf\":{\"@id\":\"https:\/\/franciscanos.org.br\/noticias\/#website\"},\"primaryImageOfPage\":{\"@id\":\"https:\/\/franciscanos.org.br\/noticias\/dom-evaristo-e-nomeado-pelo-papa-francisco-para-a-diocese-de-roraima.html#primaryimage\"},\"datePublished\":\"2023-01-25T11:56:20+00:00\",\"dateModified\":\"2023-01-25T12:33:16+00:00\",\"author\":{\"@id\":\"https:\/\/franciscanos.org.br\/noticias\/#\/schema\/person\/b5c8cba458c330ccff548b056e95a5d4\"},\"breadcrumb\":{\"@id\":\"https:\/\/franciscanos.org.br\/noticias\/dom-evaristo-e-nomeado-pelo-papa-francisco-para-a-diocese-de-roraima.html#breadcrumb\"},\"inLanguage\":\"pt-BR\",\"potentialAction\":[{\"@type\":\"ReadAction\",\"target\":[\"https:\/\/franciscanos.org.br\/noticias\/dom-evaristo-e-nomeado-pelo-papa-francisco-para-a-diocese-de-roraima.html\"]}]},{\"@type\":\"BreadcrumbList\",\"@id\":\"https:\/\/franciscanos.org.br\/noticias\/dom-evaristo-e-nomeado-pelo-papa-francisco-para-a-diocese-de-roraima.html#breadcrumb\",\"itemListElement\":[{\"@type\":\"ListItem\",\"position\":1,\"name\":\"Home\",\"item\":\"https:\/\/franciscanos.org.br\/noticias\"},{\"@type\":\"ListItem\",\"position\":2,\"name\":\"Dom Evaristo \u00e9 nomeado pelo Papa Francisco para a Diocese de Roraima\"}]},{\"@type\":\"Person\",\"@id\":\"https:\/\/franciscanos.org.br\/noticias\/#\/schema\/person\/b5c8cba458c330ccff548b056e95a5d4\",\"name\":\"moacir\",\"image\":{\"@type\":\"ImageObject\",\"inLanguage\":\"pt-BR\",\"@id\":\"https:\/\/franciscanos.org.br\/noticias\/#\/schema\/person\/image\/\",\"url\":\"https:\/\/secure.gravatar.com\/avatar\/d08aa2ce4c8dd416d4479aa8536fcf64?s=96&d=mm&r=g\",\"contentUrl\":\"https:\/\/secure.gravatar.com\/avatar\/d08aa2ce4c8dd416d4479aa8536fcf64?s=96&d=mm&r=g\",\"caption\":\"moacir\"},\"url\":\"https:\/\/franciscanos.org.br\/noticias\/author\/moacir\"}]}<\/script>\n<!-- \/ Yoast SEO plugin. -->","yoast_head_json":{"title":"Dom Evaristo \u00e9 nomeado pelo Papa Francisco para a Diocese de Roraima - Not\u00edcias - Franciscanos","robots":{"index":"index","follow":"follow","max-snippet":"max-snippet:-1","max-image-preview":"max-image-preview:large","max-video-preview":"max-video-preview:-1"},"canonical":"https:\/\/franciscanos.org.br\/noticias\/dom-evaristo-e-nomeado-pelo-papa-francisco-para-a-diocese-de-roraima.html","og_locale":"pt_BR","og_type":"article","og_title":"Dom Evaristo \u00e9 nomeado pelo Papa Francisco para a Diocese de Roraima - Not\u00edcias - Franciscanos","og_description":"Nomea\u00e7\u00e3o de Dom Evaristo Spengler como bispo da Diocese de Roraima","og_url":"https:\/\/franciscanos.org.br\/noticias\/dom-evaristo-e-nomeado-pelo-papa-francisco-para-a-diocese-de-roraima.html","og_site_name":"Not\u00edcias - Franciscanos","article_published_time":"2023-01-25T11:56:20+00:00","article_modified_time":"2023-01-25T12:33:16+00:00","og_image":[{"width":1280,"height":720,"url":"https:\/\/franciscanos.org.br\/noticias\/wp-content\/uploads\/2023\/01\/evaristo_25.jpg","type":"image\/jpeg"}],"author":"moacir","twitter_card":"summary_large_image","twitter_misc":{"Escrito por":"moacir","Est. tempo de leitura":"6 minutos"},"schema":{"@context":"https:\/\/schema.org","@graph":[{"@type":"WebSite","@id":"https:\/\/franciscanos.org.br\/noticias\/#website","url":"https:\/\/franciscanos.org.br\/noticias\/","name":"Not\u00edcias - Franciscanos","description":"Prov\u00edncia Franciscana da Imaculada Concei\u00e7\u00e3o do Brasil - Ordem dos Frades Menores - OFM","potentialAction":[{"@type":"SearchAction","target":{"@type":"EntryPoint","urlTemplate":"https:\/\/franciscanos.org.br\/noticias\/?s={search_term_string}"},"query-input":"required name=search_term_string"}],"inLanguage":"pt-BR"},{"@type":"ImageObject","inLanguage":"pt-BR","@id":"https:\/\/franciscanos.org.br\/noticias\/dom-evaristo-e-nomeado-pelo-papa-francisco-para-a-diocese-de-roraima.html#primaryimage","url":"https:\/\/franciscanos.org.br\/noticias\/wp-content\/uploads\/2023\/01\/evaristo_25.jpg","contentUrl":"https:\/\/franciscanos.org.br\/noticias\/wp-content\/uploads\/2023\/01\/evaristo_25.jpg","width":1280,"height":720},{"@type":"WebPage","@id":"https:\/\/franciscanos.org.br\/noticias\/dom-evaristo-e-nomeado-pelo-papa-francisco-para-a-diocese-de-roraima.html#webpage","url":"https:\/\/franciscanos.org.br\/noticias\/dom-evaristo-e-nomeado-pelo-papa-francisco-para-a-diocese-de-roraima.html","name":"Dom Evaristo \u00e9 nomeado pelo Papa Francisco para a Diocese de Roraima - Not\u00edcias - Franciscanos","isPartOf":{"@id":"https:\/\/franciscanos.org.br\/noticias\/#website"},"primaryImageOfPage":{"@id":"https:\/\/franciscanos.org.br\/noticias\/dom-evaristo-e-nomeado-pelo-papa-francisco-para-a-diocese-de-roraima.html#primaryimage"},"datePublished":"2023-01-25T11:56:20+00:00","dateModified":"2023-01-25T12:33:16+00:00","author":{"@id":"https:\/\/franciscanos.org.br\/noticias\/#\/schema\/person\/b5c8cba458c330ccff548b056e95a5d4"},"breadcrumb":{"@id":"https:\/\/franciscanos.org.br\/noticias\/dom-evaristo-e-nomeado-pelo-papa-francisco-para-a-diocese-de-roraima.html#breadcrumb"},"inLanguage":"pt-BR","potentialAction":[{"@type":"ReadAction","target":["https:\/\/franciscanos.org.br\/noticias\/dom-evaristo-e-nomeado-pelo-papa-francisco-para-a-diocese-de-roraima.html"]}]},{"@type":"BreadcrumbList","@id":"https:\/\/franciscanos.org.br\/noticias\/dom-evaristo-e-nomeado-pelo-papa-francisco-para-a-diocese-de-roraima.html#breadcrumb","itemListElement":[{"@type":"ListItem","position":1,"name":"Home","item":"https:\/\/franciscanos.org.br\/noticias"},{"@type":"ListItem","position":2,"name":"Dom Evaristo \u00e9 nomeado pelo Papa Francisco para a Diocese de Roraima"}]},{"@type":"Person","@id":"https:\/\/franciscanos.org.br\/noticias\/#\/schema\/person\/b5c8cba458c330ccff548b056e95a5d4","name":"moacir","image":{"@type":"ImageObject","inLanguage":"pt-BR","@id":"https:\/\/franciscanos.org.br\/noticias\/#\/schema\/person\/image\/","url":"https:\/\/secure.gravatar.com\/avatar\/d08aa2ce4c8dd416d4479aa8536fcf64?s=96&d=mm&r=g","contentUrl":"https:\/\/secure.gravatar.com\/avatar\/d08aa2ce4c8dd416d4479aa8536fcf64?s=96&d=mm&r=g","caption":"moacir"},"url":"https:\/\/franciscanos.org.br\/noticias\/author\/moacir"}]}},"_links":{"self":[{"href":"https:\/\/franciscanos.org.br\/noticias\/wp-json\/wp\/v2\/posts\/241905"}],"collection":[{"href":"https:\/\/franciscanos.org.br\/noticias\/wp-json\/wp\/v2\/posts"}],"about":[{"href":"https:\/\/franciscanos.org.br\/noticias\/wp-json\/wp\/v2\/types\/post"}],"author":[{"embeddable":true,"href":"https:\/\/franciscanos.org.br\/noticias\/wp-json\/wp\/v2\/users\/3"}],"replies":[{"embeddable":true,"href":"https:\/\/franciscanos.org.br\/noticias\/wp-json\/wp\/v2\/comments?post=241905"}],"version-history":[{"count":3,"href":"https:\/\/franciscanos.org.br\/noticias\/wp-json\/wp\/v2\/posts\/241905\/revisions"}],"predecessor-version":[{"id":241911,"href":"https:\/\/franciscanos.org.br\/noticias\/wp-json\/wp\/v2\/posts\/241905\/revisions\/241911"}],"wp:featuredmedia":[{"embeddable":true,"href":"https:\/\/franciscanos.org.br\/noticias\/wp-json\/wp\/v2\/media\/241906"}],"wp:attachment":[{"href":"https:\/\/franciscanos.org.br\/noticias\/wp-json\/wp\/v2\/media?parent=241905"}],"wp:term":[{"taxonomy":"category","embeddable":true,"href":"https:\/\/franciscanos.org.br\/noticias\/wp-json\/wp\/v2\/categories?post=241905"},{"taxonomy":"post_tag","embeddable":true,"href":"https:\/\/franciscanos.org.br\/noticias\/wp-json\/wp\/v2\/tags?post=241905"}],"curies":[{"name":"wp","href":"https:\/\/api.w.org\/{rel}","templated":true}]}}