{"id":241882,"date":"2023-01-24T19:38:39","date_gmt":"2023-01-24T22:38:39","guid":{"rendered":"https:\/\/franciscanos.org.br\/noticias\/?p=241882"},"modified":"2023-01-25T09:28:27","modified_gmt":"2023-01-25T12:28:27","slug":"segundodiauclaf","status":"publish","type":"post","link":"https:\/\/franciscanos.org.br\/noticias\/segundodiauclaf.html","title":{"rendered":"&#8220;Esperemos que a palavra s\u00ednodo n\u00e3o se torne um slogan sem significado&#8221;, pede Ministro Geral"},"content":{"rendered":"<p><img loading=\"lazy\" class=\"alignnone size-full wp-image-241883\" src=\"https:\/\/franciscanos.org.br\/noticias\/wp-content\/uploads\/2023\/01\/uclaf_2414.jpg\" alt=\"\" width=\"1280\" height=\"720\" srcset=\"https:\/\/franciscanos.org.br\/noticias\/wp-content\/uploads\/2023\/01\/uclaf_2414.jpg 1280w, https:\/\/franciscanos.org.br\/noticias\/wp-content\/uploads\/2023\/01\/uclaf_2414-450x253.jpg 450w, https:\/\/franciscanos.org.br\/noticias\/wp-content\/uploads\/2023\/01\/uclaf_2414-1024x576.jpg 1024w, https:\/\/franciscanos.org.br\/noticias\/wp-content\/uploads\/2023\/01\/uclaf_2414-768x432.jpg 768w, https:\/\/franciscanos.org.br\/noticias\/wp-content\/uploads\/2023\/01\/uclaf_2414-150x84.jpg 150w\" sizes=\"(max-width: 1280px) 100vw, 1280px\" \/><\/p>\n<p><strong>S\u00e3o Paulo (SP) &#8211;<\/strong> &#8220;O caminho sinodal \u00e9 para n\u00f3s oportunidade de nunca se cansar de aperfei\u00e7oar o carisma, em todas as suas dimens\u00f5es&#8221;. A orienta\u00e7\u00e3o partiu, nesta ter\u00e7a-feira, 24 de janeiro, do Ministro Geral, Frei Massimo Fusarelli, aos Ministros Provinciais e Cust\u00f3dios presentes na Assembleia Geral da Uni\u00e3o das Confer\u00eancias Latino-americanas Franciscanas (UCLAF), em andamento no Convento S\u00e3o Francisco, no centro de S\u00e3o Paulo.<\/p>\n<p>&#8220;No caminho sinodal, tendo em vista o Cap\u00edtulo das Esteiras de 2025&#8221;, foi o tema desenvolvido pelo Ministro Geral.<\/p>\n<p>Segundo Frei Massimo, o carisma n\u00e3o \u00e9 um dep\u00f3sito abstrato e intoc\u00e1vel, e nem sequer a soma de fatos e de obras. N\u00e3o \u00e9 poss\u00edvel fix\u00e1-lo definitivamente nos textos e nas constitui\u00e7\u00f5es. &#8220;\u00c9 um dinamismo mais profundo, que atinge a todos os envolvidos, e \u00e9 tal que n\u00e3o pode ser domesticado. O carisma \u00e9 fruto do Esp\u00edrito e, por isso, n\u00e3o pode ser fixado e armazenado em um ninho, mas vive gra\u00e7as a uma transforma\u00e7\u00e3o e convers\u00e3o cont\u00ednua, que nos enra\u00edza sempre mais no essencial que \u00e9 Cristo&#8221;, explicou o Ministro Geral.<\/p>\n<p><img loading=\"lazy\" class=\"alignnone size-full wp-image-241884\" src=\"https:\/\/franciscanos.org.br\/noticias\/wp-content\/uploads\/2023\/01\/uclaf_2404.jpg\" alt=\"\" width=\"1280\" height=\"767\" srcset=\"https:\/\/franciscanos.org.br\/noticias\/wp-content\/uploads\/2023\/01\/uclaf_2404.jpg 1280w, https:\/\/franciscanos.org.br\/noticias\/wp-content\/uploads\/2023\/01\/uclaf_2404-450x270.jpg 450w, https:\/\/franciscanos.org.br\/noticias\/wp-content\/uploads\/2023\/01\/uclaf_2404-1024x614.jpg 1024w, https:\/\/franciscanos.org.br\/noticias\/wp-content\/uploads\/2023\/01\/uclaf_2404-768x460.jpg 768w, https:\/\/franciscanos.org.br\/noticias\/wp-content\/uploads\/2023\/01\/uclaf_2404-150x90.jpg 150w\" sizes=\"(max-width: 1280px) 100vw, 1280px\" \/><\/p>\n<p>&#8220;A quest\u00e3o fundamental hoje, para n\u00f3s, \u00e9 se percebemos o carisma como o horizonte e refer\u00eancia da nossa vida em miss\u00e3o e se esse \u00e9 realmente e existencialmente compartilhado&#8221;, disse.<\/p>\n<p>Para Frei Massimo, \u00e9 vital perguntar-nos se estamos prontos para escutar a realidade, o carisma, a Palavra de Deus, a vida dos irm\u00e3os, a fim de discernir a quais caracter\u00edsticas do carisma nos abrirmos hoje. &#8220;Assim como toda institui\u00e7\u00e3o, n\u00f3s tamb\u00e9m tendemos a nos autoconservar, e as nossas estruturas, de todo tipo, frequentemente nos levam, de modo aparentemente inevit\u00e1vel, a esse movimento&#8221;, acrescentou.<\/p>\n<p><img loading=\"lazy\" class=\"alignnone size-full wp-image-241885\" src=\"https:\/\/franciscanos.org.br\/noticias\/wp-content\/uploads\/2023\/01\/uclaf_2406.jpg\" alt=\"\" width=\"1280\" height=\"1649\" srcset=\"https:\/\/franciscanos.org.br\/noticias\/wp-content\/uploads\/2023\/01\/uclaf_2406.jpg 838w, https:\/\/franciscanos.org.br\/noticias\/wp-content\/uploads\/2023\/01\/uclaf_2406-349x450.jpg 349w, https:\/\/franciscanos.org.br\/noticias\/wp-content\/uploads\/2023\/01\/uclaf_2406-795x1024.jpg 795w, https:\/\/franciscanos.org.br\/noticias\/wp-content\/uploads\/2023\/01\/uclaf_2406-768x989.jpg 768w, https:\/\/franciscanos.org.br\/noticias\/wp-content\/uploads\/2023\/01\/uclaf_2406-1192x1536.jpg 1192w, https:\/\/franciscanos.org.br\/noticias\/wp-content\/uploads\/2023\/01\/uclaf_2406-150x193.jpg 150w\" sizes=\"(max-width: 1280px) 100vw, 1280px\" \/><\/p>\n<p>Segundo ele, o caminho sinodal quer nos ajudar a crescer na comunh\u00e3o, gra\u00e7as \u00e0 qual todos aprendemos a participar no projeto comum de voca\u00e7\u00e3o em miss\u00e3o, sobretudo repensando, com modelos mais \u00e1geis, em nossas estruturas de organiza\u00e7\u00e3o, de governo e de anima\u00e7\u00e3o. \u201cPensamos, de modo particular, na realidade de n\u00e3o poucas Prov\u00edncias hist\u00f3ricas que est\u00e3o morrendo ou que j\u00e1 chegaram a um ponto sem volta por causa dos n\u00fameros e da idade m\u00e9dia. Como podemos, enquanto Fraternidade Internacional, n\u00e3o somente &#8216;tapar os buracos&#8217;, mas repensar os modelos com os quais nos organizamos, e repensar a rede de presen\u00e7as, de modo que se viva mais autenticamente o estilo evang\u00e9lico&#8221;, disse. &#8220;Acredito que o objetivo mais importante seja justamente aquele de saber olhar para o futuro com olhos novos, antecipando o que acontecer\u00e1 e reconhecendo o que j\u00e1 somos chamados a repensar&#8221;, ensinou.<\/p>\n<p>Este esp\u00edrito n\u00e3o \u00e9 f\u00e1cil de cultivar e aprofundar, observou Frei Massimo. &#8220;Ali\u00e1s, aquilo que \u00e9 positivo e os pontos cr\u00edticos que encontramos entre n\u00f3s n\u00e3o dizem, quem sabe, que o carisma \u00e9 o cora\u00e7\u00e3o da nossa vida em miss\u00e3o, para ser vivida como irm\u00e3os? Isso \u00e9 dito na vontade de faz\u00ea-lo e nas dificuldades de realiz\u00e1-lo. Em primeiro lugar, penso no bem que continua a crescer entre n\u00f3s, sobretudo gra\u00e7as aos irm\u00e3os que n\u00e3o desanimam e cultivam o &#8216;sonho&#8217; franciscano, que buscam o Senhor, cuidam dos irm\u00e3os, permanecem junto dos pobres, alimentando a paix\u00e3o pelo testemunho do Evangelho&#8221;, emendou.<\/p>\n<p><img loading=\"lazy\" class=\"alignnone size-full wp-image-241887\" src=\"https:\/\/franciscanos.org.br\/noticias\/wp-content\/uploads\/2023\/01\/uclaf_2401.jpg\" alt=\"\" width=\"1280\" height=\"889\" srcset=\"https:\/\/franciscanos.org.br\/noticias\/wp-content\/uploads\/2023\/01\/uclaf_2401.jpg 1280w, https:\/\/franciscanos.org.br\/noticias\/wp-content\/uploads\/2023\/01\/uclaf_2401-450x313.jpg 450w, https:\/\/franciscanos.org.br\/noticias\/wp-content\/uploads\/2023\/01\/uclaf_2401-1024x711.jpg 1024w, https:\/\/franciscanos.org.br\/noticias\/wp-content\/uploads\/2023\/01\/uclaf_2401-768x533.jpg 768w, https:\/\/franciscanos.org.br\/noticias\/wp-content\/uploads\/2023\/01\/uclaf_2401-150x104.jpg 150w\" sizes=\"(max-width: 1280px) 100vw, 1280px\" \/><\/p>\n<p>Frei Massimo lembrou aos Ministros e Cust\u00f3dios que, vivendo na Am\u00e9rica Latina, eles t\u00eam uma vasta experi\u00eancia no exerc\u00edcio da sinodalidade, sobretudo a partir do crescimento da renova\u00e7\u00e3o conciliar. &#8220;Voc\u00eas experimentaram de diferentes modos, em v\u00e1rios pa\u00edses, o crescimento da Igreja nas comunidades eclesiais de base, bem como o incremento da projeta\u00e7\u00e3o participativa que leva a tomar decis\u00f5es atrav\u00e9s de organismos de participa\u00e7\u00e3o como os conselhos e as assembleias pastorais.\u00a0 Voc\u00eas t\u00eam a experi\u00eancia de uma Igreja de \u201ccomunh\u00e3o e participa\u00e7\u00e3o\u201d, realidade que continua, apesar do crescimento de diferentes correntes, n\u00e3o exclu\u00eddos certos tradicionalismos de v\u00e1rios tipos tamb\u00e9m entre os cat\u00f3licos&#8221;, recordou.<\/p>\n<p>Para ele, essa heran\u00e7a deve ser renovada, especialmente para as jovens gera\u00e7\u00f5es que n\u00e3o t\u00eam mem\u00f3ria do evento conciliar e correm o risco de sentir nostalgia de um modelo de Igreja que nunca conheceram. &#8220;Penso tamb\u00e9m no confronto com as comunidades evang\u00e9licas e pentecostais de v\u00e1rios tipos, que agora constituem uma grande realidade e que nos interpela de v\u00e1rias maneiras&#8221;, disse.<\/p>\n<p><img loading=\"lazy\" class=\"alignnone size-full wp-image-241888\" src=\"https:\/\/franciscanos.org.br\/noticias\/wp-content\/uploads\/2023\/01\/uclaf_2411.jpg\" alt=\"\" width=\"1280\" height=\"853\" srcset=\"https:\/\/franciscanos.org.br\/noticias\/wp-content\/uploads\/2023\/01\/uclaf_2411.jpg 1280w, https:\/\/franciscanos.org.br\/noticias\/wp-content\/uploads\/2023\/01\/uclaf_2411-450x300.jpg 450w, https:\/\/franciscanos.org.br\/noticias\/wp-content\/uploads\/2023\/01\/uclaf_2411-1024x682.jpg 1024w, https:\/\/franciscanos.org.br\/noticias\/wp-content\/uploads\/2023\/01\/uclaf_2411-768x512.jpg 768w, https:\/\/franciscanos.org.br\/noticias\/wp-content\/uploads\/2023\/01\/uclaf_2411-150x100.jpg 150w\" sizes=\"(max-width: 1280px) 100vw, 1280px\" \/><\/p>\n<p><img loading=\"lazy\" class=\"alignnone size-full wp-image-241889\" src=\"https:\/\/franciscanos.org.br\/noticias\/wp-content\/uploads\/2023\/01\/uclaf_2403.jpg\" alt=\"\" width=\"1280\" height=\"960\" srcset=\"https:\/\/franciscanos.org.br\/noticias\/wp-content\/uploads\/2023\/01\/uclaf_2403.jpg 1280w, https:\/\/franciscanos.org.br\/noticias\/wp-content\/uploads\/2023\/01\/uclaf_2403-450x338.jpg 450w, https:\/\/franciscanos.org.br\/noticias\/wp-content\/uploads\/2023\/01\/uclaf_2403-1024x768.jpg 1024w, https:\/\/franciscanos.org.br\/noticias\/wp-content\/uploads\/2023\/01\/uclaf_2403-768x576.jpg 768w, https:\/\/franciscanos.org.br\/noticias\/wp-content\/uploads\/2023\/01\/uclaf_2403-150x113.jpg 150w, https:\/\/franciscanos.org.br\/noticias\/wp-content\/uploads\/2023\/01\/uclaf_2403-600x450.jpg 600w\" sizes=\"(max-width: 1280px) 100vw, 1280px\" \/><\/p>\n<p>Frei Massino destacou a ajuda dada pelo S\u00ednodo da Amaz\u00f4nia, que alcan\u00e7ou uma resson\u00e2ncia internacional para toda a Igreja por causa de alguns de seus aspectos e tamb\u00e9m pelo surgimento de uma consci\u00eancia planet\u00e1ria, que est\u00e1 nos ensinando a colocar em uma rela\u00e7\u00e3o diferente aquilo que \u00e9 geral com aquilo que \u00e9 local; a acolher melhor a inter-rela\u00e7\u00e3o das igrejas locais, junto a tantos outros fen\u00f4menos desta nossa \u00e9poca, como a crise ecol\u00f3gica, a interdepend\u00eancia dos mercados, da tecnoci\u00eancia, especialmente a rob\u00f3tica e a inform\u00e1tica, bem como a estrat\u00e9gia militar, a pol\u00edtica e a espiritualidade.<\/p>\n<p>&#8220;Consequentemente, assumir o Projeto Amaz\u00f4nia como UCLAF, com um compromisso real por parte das entidades para continuar e fortalecer a presen\u00e7a franciscana na Amaz\u00f4nia brasileira, \u00e9 algo que vai al\u00e9m de uma nova miss\u00e3o a ser assumida. Se disso somos plenamente conscientes, trata-se de empreender uma miss\u00e3o compartilhada a partir de uma escolha estrat\u00e9gica, que hoje se configura na Amaz\u00f4nia. Assumir uma regi\u00e3o local, sem limites que seja, com todas as suas particularidades, significa reconhecer que ali h\u00e1 uma palavra para todos. Podemos dizer que a Amaz\u00f4nia transcende a Amaz\u00f4nia, por dois motivos: porque se apresenta como um novo tema para a quest\u00e3o ecol\u00f3gica e porque se converte em um novo paradigma, onde podemos aceitar aprender dos pequenos, como os povos nativos, e com eles viver uma rela\u00e7\u00e3o harmoniosa das criaturas entre si e com o Criador&#8221;, enfatizou Frei Massimo.<\/p>\n<p>&#8220;Esperemos que a palavra s\u00ednodo n\u00e3o se torne um slogan que acabe n\u00e3o significando mais nada. Vamos dar-lhe n\u00f3s mesmos conte\u00fado e for\u00e7a, deixando a\u00e7\u00f5es e nova elabora\u00e7\u00e3o, para nos voltarmos a gestos mais verdadeiros e incisivos. Bom caminho, irm\u00e3os! Continuemos nossa busca comum!&#8221;, concluiu Frei Massimo.<\/p>\n<p><img loading=\"lazy\" class=\"alignnone size-full wp-image-241890\" src=\"https:\/\/franciscanos.org.br\/noticias\/wp-content\/uploads\/2023\/01\/uclaf_2412.jpg\" alt=\"\" width=\"1280\" height=\"972\" srcset=\"https:\/\/franciscanos.org.br\/noticias\/wp-content\/uploads\/2023\/01\/uclaf_2412.jpg 1280w, https:\/\/franciscanos.org.br\/noticias\/wp-content\/uploads\/2023\/01\/uclaf_2412-450x342.jpg 450w, https:\/\/franciscanos.org.br\/noticias\/wp-content\/uploads\/2023\/01\/uclaf_2412-1024x778.jpg 1024w, https:\/\/franciscanos.org.br\/noticias\/wp-content\/uploads\/2023\/01\/uclaf_2412-768x583.jpg 768w, https:\/\/franciscanos.org.br\/noticias\/wp-content\/uploads\/2023\/01\/uclaf_2412-150x114.jpg 150w\" sizes=\"(max-width: 1280px) 100vw, 1280px\" \/><\/p>\n<p><strong>A SERVI\u00c7O DE DEUS<\/strong><\/p>\n<p>No segundo dia da Assembleia, na sua 27\u00aa edi\u00e7\u00e3o, os frades se reuniram na Capela do Convento para orar juntos durante as <em>Laudes <\/em>e, em seguida, celebrar fraternalmente a Eucaristia presidida por Frei Fredy G\u00e1lvez Angulo, presidente da Confer\u00eancia de Santa Maria de Guadalupe, do M\u00e9xico, Segundo ele, devemos cultivar a fam\u00edlia do reino, que transcende a biol\u00f3gica, composta por homens e mulheres que cumprem a vontade de Deus. &#8220;Todos os fi\u00e9is, sem distin\u00e7\u00e3o e em virtude do batismo que receberam, s\u00e3o sacerdotes; a nossa fun\u00e7\u00e3o sacerdotal \u00e9 oferecer a nossa vida ao servi\u00e7o de Deus e dos nossos irm\u00e3os e irm\u00e3s. \u00c9 este sacerd\u00f3cio comum de todos que d\u00e1 sentido ao minist\u00e9rio ordenado \u2013 bispos, presb\u00edteros e di\u00e1conos \u2013 institu\u00eddo por Jesus Cristo para estar ao servi\u00e7o da comunidade&#8221;, disse.<\/p>\n<p>Na Sala S\u00e3o D\u00e2maso, na primeira sess\u00e3o do dia, moderada por Frei Nelson Tovar, Ministro da Prov\u00edncia de S\u00e3o Paulo Ap\u00f3stolo da Col\u00f4mbia, cada presidente das Confer\u00eancias deu um panorama das entidades que as comp\u00f5em, iniciando pela Confer\u00eancia do Santa Maria de Guadalupe, presidida por Frei Fredy G\u00e1lvez. Posteriormente se apresentaram a Confer\u00eancia Brasil e o Cone Sul, presidida por Frei Daniel Fleitas, e a Confer\u00eancia Franciscana Bolivariana, presidida por Frei Jos\u00e9 Alirio Rodr\u00edguez.<\/p>\n\n\t\t<style type=\"text\/css\">\n\t\t\t#gallery-1 {\n\t\t\t\tmargin: auto;\n\t\t\t}\n\t\t\t#gallery-1 .gallery-item {\n\t\t\t\tfloat: left;\n\t\t\t\tmargin-top: 10px;\n\t\t\t\ttext-align: center;\n\t\t\t\twidth: 16%;\n\t\t\t}\n\t\t\t#gallery-1 img {\n\t\t\t\tborder: 2px solid #cfcfcf;\n\t\t\t}\n\t\t\t#gallery-1 .gallery-caption {\n\t\t\t\tmargin-left: 0;\n\t\t\t}\n\t\t\t\/* see gallery_shortcode() in wp-includes\/media.php *\/\n\t\t<\/style>\n\t\t<div id='gallery-1' class='gallery galleryid-241882 gallery-columns-6 gallery-size-thumbnail'><dl class='gallery-item'>\n\t\t\t<dt class='gallery-icon landscape'>\n\t\t\t\t<a href='https:\/\/franciscanos.org.br\/noticias\/wp-content\/uploads\/2023\/01\/uclaf_2402.jpg'><img width=\"300\" height=\"300\" src=\"https:\/\/franciscanos.org.br\/noticias\/wp-content\/uploads\/2023\/01\/uclaf_2402-300x300.jpg\" class=\"attachment-thumbnail size-thumbnail\" alt=\"\" loading=\"lazy\" srcset=\"https:\/\/franciscanos.org.br\/noticias\/wp-content\/uploads\/2023\/01\/uclaf_2402-300x300.jpg 300w, https:\/\/franciscanos.org.br\/noticias\/wp-content\/uploads\/2023\/01\/uclaf_2402-100x100.jpg 100w\" sizes=\"(max-width: 300px) 100vw, 300px\" \/><\/a>\n\t\t\t<\/dt><\/dl><dl class='gallery-item'>\n\t\t\t<dt class='gallery-icon landscape'>\n\t\t\t\t<a href='https:\/\/franciscanos.org.br\/noticias\/wp-content\/uploads\/2023\/01\/uclaf_2405.jpg'><img width=\"300\" height=\"300\" src=\"https:\/\/franciscanos.org.br\/noticias\/wp-content\/uploads\/2023\/01\/uclaf_2405-300x300.jpg\" class=\"attachment-thumbnail size-thumbnail\" alt=\"\" loading=\"lazy\" srcset=\"https:\/\/franciscanos.org.br\/noticias\/wp-content\/uploads\/2023\/01\/uclaf_2405-300x300.jpg 300w, https:\/\/franciscanos.org.br\/noticias\/wp-content\/uploads\/2023\/01\/uclaf_2405-100x100.jpg 100w\" sizes=\"(max-width: 300px) 100vw, 300px\" \/><\/a>\n\t\t\t<\/dt><\/dl><dl class='gallery-item'>\n\t\t\t<dt class='gallery-icon landscape'>\n\t\t\t\t<a href='https:\/\/franciscanos.org.br\/noticias\/wp-content\/uploads\/2023\/01\/uclaf_2409.jpg'><img width=\"300\" height=\"300\" src=\"https:\/\/franciscanos.org.br\/noticias\/wp-content\/uploads\/2023\/01\/uclaf_2409-300x300.jpg\" class=\"attachment-thumbnail size-thumbnail\" alt=\"\" loading=\"lazy\" srcset=\"https:\/\/franciscanos.org.br\/noticias\/wp-content\/uploads\/2023\/01\/uclaf_2409-300x300.jpg 300w, https:\/\/franciscanos.org.br\/noticias\/wp-content\/uploads\/2023\/01\/uclaf_2409-100x100.jpg 100w\" sizes=\"(max-width: 300px) 100vw, 300px\" \/><\/a>\n\t\t\t<\/dt><\/dl><dl class='gallery-item'>\n\t\t\t<dt class='gallery-icon landscape'>\n\t\t\t\t<a href='https:\/\/franciscanos.org.br\/noticias\/wp-content\/uploads\/2023\/01\/uclaf_2413.jpg'><img width=\"300\" height=\"300\" src=\"https:\/\/franciscanos.org.br\/noticias\/wp-content\/uploads\/2023\/01\/uclaf_2413-300x300.jpg\" class=\"attachment-thumbnail size-thumbnail\" alt=\"\" loading=\"lazy\" srcset=\"https:\/\/franciscanos.org.br\/noticias\/wp-content\/uploads\/2023\/01\/uclaf_2413-300x300.jpg 300w, https:\/\/franciscanos.org.br\/noticias\/wp-content\/uploads\/2023\/01\/uclaf_2413-150x149.jpg 150w, https:\/\/franciscanos.org.br\/noticias\/wp-content\/uploads\/2023\/01\/uclaf_2413-100x100.jpg 100w\" sizes=\"(max-width: 300px) 100vw, 300px\" \/><\/a>\n\t\t\t<\/dt><\/dl><dl class='gallery-item'>\n\t\t\t<dt class='gallery-icon landscape'>\n\t\t\t\t<a href='https:\/\/franciscanos.org.br\/noticias\/wp-content\/uploads\/2023\/01\/uclaf_2415.jpg'><img width=\"300\" height=\"300\" src=\"https:\/\/franciscanos.org.br\/noticias\/wp-content\/uploads\/2023\/01\/uclaf_2415-300x300.jpg\" class=\"attachment-thumbnail size-thumbnail\" alt=\"\" loading=\"lazy\" srcset=\"https:\/\/franciscanos.org.br\/noticias\/wp-content\/uploads\/2023\/01\/uclaf_2415-300x300.jpg 300w, https:\/\/franciscanos.org.br\/noticias\/wp-content\/uploads\/2023\/01\/uclaf_2415-100x100.jpg 100w\" sizes=\"(max-width: 300px) 100vw, 300px\" \/><\/a>\n\t\t\t<\/dt><\/dl><dl class='gallery-item'>\n\t\t\t<dt class='gallery-icon landscape'>\n\t\t\t\t<a href='https:\/\/franciscanos.org.br\/noticias\/wp-content\/uploads\/2023\/01\/uclaf_2408.jpg'><img width=\"300\" height=\"300\" src=\"https:\/\/franciscanos.org.br\/noticias\/wp-content\/uploads\/2023\/01\/uclaf_2408-300x300.jpg\" class=\"attachment-thumbnail size-thumbnail\" alt=\"\" loading=\"lazy\" srcset=\"https:\/\/franciscanos.org.br\/noticias\/wp-content\/uploads\/2023\/01\/uclaf_2408-300x300.jpg 300w, https:\/\/franciscanos.org.br\/noticias\/wp-content\/uploads\/2023\/01\/uclaf_2408-100x100.jpg 100w\" sizes=\"(max-width: 300px) 100vw, 300px\" \/><\/a>\n\t\t\t<\/dt><\/dl><br style=\"clear: both\" \/>\n\t\t<\/div>\n\n<p><em>\u00a0 \u00a0 \u00a0 \u00a0 \u00a0 \u00a0 \u00a0 \u00a0 \u00a0 \u00a0 \u00a0 \u00a0 \u00a0 \u00a0 \u00a0 \u00a0 \u00a0 \u00a0 \u00a0 \u00a0 \u00a0 \u00a0 \u00a0 \u00a0 \u00a0 \u00a0 \u00a0 \u00a0 \u00a0 \u00a0 \u00a0 \u00a0 (toque nas imagens para ampli\u00e1-las)<\/em><\/p>\n<p>Ent\u00e3o, em um ambiente fraterno, os Ministros e Cust\u00f3dios foram convidados a preparar algumas perguntas para o Governo Geral e seu Definit\u00f3rio em torno da percep\u00e7\u00e3o de relat\u00f3rios de Confer\u00eancias, como por exemplo: qual \u00e9 a vis\u00e3o do Ministro Geral e seu Definit\u00f3rio pela UCLAF? Como consolidar processos pastorais eficazes? Os Definidores e Frei Massimo ofereceram respostas concretas e pr\u00f3prias para os temas.<\/p>\n<p>Depois da mensagem do Ministro Geral, os representantes das Confer\u00eancias se reuniram em grupos para aprofundar essas reflex\u00f5es e retornaram para um di\u00e1logo com Frei Massimo.<\/p>\n<hr \/>\n<p><em>Equipe de Comunica\u00e7\u00e3o da Assembleia da UCLAF<\/em><\/p>\n","protected":false},"excerpt":{"rendered":"<p>Assembleia Geral da UCLAF<\/p>\n","protected":false},"author":3,"featured_media":241883,"comment_status":"open","ping_status":"open","sticky":false,"template":"","format":"standard","meta":[],"categories":[1],"tags":[2088],"acf":[],"yoast_head":"<!-- This site is optimized with the Yoast SEO plugin v19.2 - https:\/\/yoast.com\/wordpress\/plugins\/seo\/ -->\n<title>&quot;Esperemos que a palavra s\u00ednodo n\u00e3o se torne um slogan sem significado&quot;, pede Ministro Geral - Not\u00edcias - Franciscanos<\/title>\n<meta name=\"robots\" content=\"index, follow, max-snippet:-1, max-image-preview:large, max-video-preview:-1\" \/>\n<link rel=\"canonical\" href=\"https:\/\/franciscanos.org.br\/noticias\/segundodiauclaf.html\" \/>\n<meta property=\"og:locale\" content=\"pt_BR\" \/>\n<meta property=\"og:type\" content=\"article\" \/>\n<meta property=\"og:title\" content=\"&quot;Esperemos que a palavra s\u00ednodo n\u00e3o se torne um slogan sem significado&quot;, pede Ministro Geral - Not\u00edcias - Franciscanos\" \/>\n<meta property=\"og:description\" content=\"Assembleia Geral da UCLAF\" \/>\n<meta property=\"og:url\" content=\"https:\/\/franciscanos.org.br\/noticias\/segundodiauclaf.html\" \/>\n<meta property=\"og:site_name\" content=\"Not\u00edcias - Franciscanos\" \/>\n<meta property=\"article:published_time\" content=\"2023-01-24T22:38:39+00:00\" \/>\n<meta property=\"article:modified_time\" content=\"2023-01-25T12:28:27+00:00\" \/>\n<meta property=\"og:image\" content=\"https:\/\/franciscanos.org.br\/noticias\/wp-content\/uploads\/2023\/01\/uclaf_2414.jpg\" \/>\n\t<meta property=\"og:image:width\" content=\"1280\" \/>\n\t<meta property=\"og:image:height\" content=\"720\" \/>\n\t<meta property=\"og:image:type\" content=\"image\/jpeg\" \/>\n<meta name=\"author\" content=\"moacir\" \/>\n<meta name=\"twitter:card\" content=\"summary_large_image\" \/>\n<meta name=\"twitter:label1\" content=\"Escrito por\" \/>\n\t<meta name=\"twitter:data1\" content=\"moacir\" \/>\n\t<meta name=\"twitter:label2\" content=\"Est. tempo de leitura\" \/>\n\t<meta name=\"twitter:data2\" content=\"7 minutos\" \/>\n<script type=\"application\/ld+json\" class=\"yoast-schema-graph\">{\"@context\":\"https:\/\/schema.org\",\"@graph\":[{\"@type\":\"WebSite\",\"@id\":\"https:\/\/franciscanos.org.br\/noticias\/#website\",\"url\":\"https:\/\/franciscanos.org.br\/noticias\/\",\"name\":\"Not\u00edcias - Franciscanos\",\"description\":\"Prov\u00edncia Franciscana da Imaculada Concei\u00e7\u00e3o do Brasil - Ordem dos Frades Menores - OFM\",\"potentialAction\":[{\"@type\":\"SearchAction\",\"target\":{\"@type\":\"EntryPoint\",\"urlTemplate\":\"https:\/\/franciscanos.org.br\/noticias\/?s={search_term_string}\"},\"query-input\":\"required name=search_term_string\"}],\"inLanguage\":\"pt-BR\"},{\"@type\":\"ImageObject\",\"inLanguage\":\"pt-BR\",\"@id\":\"https:\/\/franciscanos.org.br\/noticias\/segundodiauclaf.html#primaryimage\",\"url\":\"https:\/\/franciscanos.org.br\/noticias\/wp-content\/uploads\/2023\/01\/uclaf_2414.jpg\",\"contentUrl\":\"https:\/\/franciscanos.org.br\/noticias\/wp-content\/uploads\/2023\/01\/uclaf_2414.jpg\",\"width\":1280,\"height\":720},{\"@type\":\"WebPage\",\"@id\":\"https:\/\/franciscanos.org.br\/noticias\/segundodiauclaf.html#webpage\",\"url\":\"https:\/\/franciscanos.org.br\/noticias\/segundodiauclaf.html\",\"name\":\"\\\"Esperemos que a palavra s\u00ednodo n\u00e3o se torne um slogan sem significado\\\", pede Ministro Geral - Not\u00edcias - Franciscanos\",\"isPartOf\":{\"@id\":\"https:\/\/franciscanos.org.br\/noticias\/#website\"},\"primaryImageOfPage\":{\"@id\":\"https:\/\/franciscanos.org.br\/noticias\/segundodiauclaf.html#primaryimage\"},\"datePublished\":\"2023-01-24T22:38:39+00:00\",\"dateModified\":\"2023-01-25T12:28:27+00:00\",\"author\":{\"@id\":\"https:\/\/franciscanos.org.br\/noticias\/#\/schema\/person\/b5c8cba458c330ccff548b056e95a5d4\"},\"breadcrumb\":{\"@id\":\"https:\/\/franciscanos.org.br\/noticias\/segundodiauclaf.html#breadcrumb\"},\"inLanguage\":\"pt-BR\",\"potentialAction\":[{\"@type\":\"ReadAction\",\"target\":[\"https:\/\/franciscanos.org.br\/noticias\/segundodiauclaf.html\"]}]},{\"@type\":\"BreadcrumbList\",\"@id\":\"https:\/\/franciscanos.org.br\/noticias\/segundodiauclaf.html#breadcrumb\",\"itemListElement\":[{\"@type\":\"ListItem\",\"position\":1,\"name\":\"Home\",\"item\":\"https:\/\/franciscanos.org.br\/noticias\"},{\"@type\":\"ListItem\",\"position\":2,\"name\":\"&#8220;Esperemos que a palavra s\u00ednodo n\u00e3o se torne um slogan sem significado&#8221;, pede Ministro Geral\"}]},{\"@type\":\"Person\",\"@id\":\"https:\/\/franciscanos.org.br\/noticias\/#\/schema\/person\/b5c8cba458c330ccff548b056e95a5d4\",\"name\":\"moacir\",\"image\":{\"@type\":\"ImageObject\",\"inLanguage\":\"pt-BR\",\"@id\":\"https:\/\/franciscanos.org.br\/noticias\/#\/schema\/person\/image\/\",\"url\":\"https:\/\/secure.gravatar.com\/avatar\/d08aa2ce4c8dd416d4479aa8536fcf64?s=96&d=mm&r=g\",\"contentUrl\":\"https:\/\/secure.gravatar.com\/avatar\/d08aa2ce4c8dd416d4479aa8536fcf64?s=96&d=mm&r=g\",\"caption\":\"moacir\"},\"url\":\"https:\/\/franciscanos.org.br\/noticias\/author\/moacir\"}]}<\/script>\n<!-- \/ Yoast SEO plugin. -->","yoast_head_json":{"title":"\"Esperemos que a palavra s\u00ednodo n\u00e3o se torne um slogan sem significado\", pede Ministro Geral - Not\u00edcias - Franciscanos","robots":{"index":"index","follow":"follow","max-snippet":"max-snippet:-1","max-image-preview":"max-image-preview:large","max-video-preview":"max-video-preview:-1"},"canonical":"https:\/\/franciscanos.org.br\/noticias\/segundodiauclaf.html","og_locale":"pt_BR","og_type":"article","og_title":"\"Esperemos que a palavra s\u00ednodo n\u00e3o se torne um slogan sem significado\", pede Ministro Geral - Not\u00edcias - Franciscanos","og_description":"Assembleia Geral da UCLAF","og_url":"https:\/\/franciscanos.org.br\/noticias\/segundodiauclaf.html","og_site_name":"Not\u00edcias - Franciscanos","article_published_time":"2023-01-24T22:38:39+00:00","article_modified_time":"2023-01-25T12:28:27+00:00","og_image":[{"width":1280,"height":720,"url":"https:\/\/franciscanos.org.br\/noticias\/wp-content\/uploads\/2023\/01\/uclaf_2414.jpg","type":"image\/jpeg"}],"author":"moacir","twitter_card":"summary_large_image","twitter_misc":{"Escrito por":"moacir","Est. tempo de leitura":"7 minutos"},"schema":{"@context":"https:\/\/schema.org","@graph":[{"@type":"WebSite","@id":"https:\/\/franciscanos.org.br\/noticias\/#website","url":"https:\/\/franciscanos.org.br\/noticias\/","name":"Not\u00edcias - Franciscanos","description":"Prov\u00edncia Franciscana da Imaculada Concei\u00e7\u00e3o do Brasil - Ordem dos Frades Menores - OFM","potentialAction":[{"@type":"SearchAction","target":{"@type":"EntryPoint","urlTemplate":"https:\/\/franciscanos.org.br\/noticias\/?s={search_term_string}"},"query-input":"required name=search_term_string"}],"inLanguage":"pt-BR"},{"@type":"ImageObject","inLanguage":"pt-BR","@id":"https:\/\/franciscanos.org.br\/noticias\/segundodiauclaf.html#primaryimage","url":"https:\/\/franciscanos.org.br\/noticias\/wp-content\/uploads\/2023\/01\/uclaf_2414.jpg","contentUrl":"https:\/\/franciscanos.org.br\/noticias\/wp-content\/uploads\/2023\/01\/uclaf_2414.jpg","width":1280,"height":720},{"@type":"WebPage","@id":"https:\/\/franciscanos.org.br\/noticias\/segundodiauclaf.html#webpage","url":"https:\/\/franciscanos.org.br\/noticias\/segundodiauclaf.html","name":"\"Esperemos que a palavra s\u00ednodo n\u00e3o se torne um slogan sem significado\", pede Ministro Geral - Not\u00edcias - Franciscanos","isPartOf":{"@id":"https:\/\/franciscanos.org.br\/noticias\/#website"},"primaryImageOfPage":{"@id":"https:\/\/franciscanos.org.br\/noticias\/segundodiauclaf.html#primaryimage"},"datePublished":"2023-01-24T22:38:39+00:00","dateModified":"2023-01-25T12:28:27+00:00","author":{"@id":"https:\/\/franciscanos.org.br\/noticias\/#\/schema\/person\/b5c8cba458c330ccff548b056e95a5d4"},"breadcrumb":{"@id":"https:\/\/franciscanos.org.br\/noticias\/segundodiauclaf.html#breadcrumb"},"inLanguage":"pt-BR","potentialAction":[{"@type":"ReadAction","target":["https:\/\/franciscanos.org.br\/noticias\/segundodiauclaf.html"]}]},{"@type":"BreadcrumbList","@id":"https:\/\/franciscanos.org.br\/noticias\/segundodiauclaf.html#breadcrumb","itemListElement":[{"@type":"ListItem","position":1,"name":"Home","item":"https:\/\/franciscanos.org.br\/noticias"},{"@type":"ListItem","position":2,"name":"&#8220;Esperemos que a palavra s\u00ednodo n\u00e3o se torne um slogan sem significado&#8221;, pede Ministro Geral"}]},{"@type":"Person","@id":"https:\/\/franciscanos.org.br\/noticias\/#\/schema\/person\/b5c8cba458c330ccff548b056e95a5d4","name":"moacir","image":{"@type":"ImageObject","inLanguage":"pt-BR","@id":"https:\/\/franciscanos.org.br\/noticias\/#\/schema\/person\/image\/","url":"https:\/\/secure.gravatar.com\/avatar\/d08aa2ce4c8dd416d4479aa8536fcf64?s=96&d=mm&r=g","contentUrl":"https:\/\/secure.gravatar.com\/avatar\/d08aa2ce4c8dd416d4479aa8536fcf64?s=96&d=mm&r=g","caption":"moacir"},"url":"https:\/\/franciscanos.org.br\/noticias\/author\/moacir"}]}},"_links":{"self":[{"href":"https:\/\/franciscanos.org.br\/noticias\/wp-json\/wp\/v2\/posts\/241882"}],"collection":[{"href":"https:\/\/franciscanos.org.br\/noticias\/wp-json\/wp\/v2\/posts"}],"about":[{"href":"https:\/\/franciscanos.org.br\/noticias\/wp-json\/wp\/v2\/types\/post"}],"author":[{"embeddable":true,"href":"https:\/\/franciscanos.org.br\/noticias\/wp-json\/wp\/v2\/users\/3"}],"replies":[{"embeddable":true,"href":"https:\/\/franciscanos.org.br\/noticias\/wp-json\/wp\/v2\/comments?post=241882"}],"version-history":[{"count":10,"href":"https:\/\/franciscanos.org.br\/noticias\/wp-json\/wp\/v2\/posts\/241882\/revisions"}],"predecessor-version":[{"id":241909,"href":"https:\/\/franciscanos.org.br\/noticias\/wp-json\/wp\/v2\/posts\/241882\/revisions\/241909"}],"wp:featuredmedia":[{"embeddable":true,"href":"https:\/\/franciscanos.org.br\/noticias\/wp-json\/wp\/v2\/media\/241883"}],"wp:attachment":[{"href":"https:\/\/franciscanos.org.br\/noticias\/wp-json\/wp\/v2\/media?parent=241882"}],"wp:term":[{"taxonomy":"category","embeddable":true,"href":"https:\/\/franciscanos.org.br\/noticias\/wp-json\/wp\/v2\/categories?post=241882"},{"taxonomy":"post_tag","embeddable":true,"href":"https:\/\/franciscanos.org.br\/noticias\/wp-json\/wp\/v2\/tags?post=241882"}],"curies":[{"name":"wp","href":"https:\/\/api.w.org\/{rel}","templated":true}]}}