{"id":241850,"date":"2023-01-23T17:19:35","date_gmt":"2023-01-23T20:19:35","guid":{"rendered":"https:\/\/franciscanos.org.br\/noticias\/?p=241850"},"modified":"2023-01-23T20:33:57","modified_gmt":"2023-01-23T23:33:57","slug":"uclaf-tem-inicio-em-sao-paulo-com-o-desejo-de-abracar-um-futuro-novo-fruto-dos-sonhos-que-queremos-sonhar-juntos","status":"publish","type":"post","link":"https:\/\/franciscanos.org.br\/noticias\/uclaf-tem-inicio-em-sao-paulo-com-o-desejo-de-abracar-um-futuro-novo-fruto-dos-sonhos-que-queremos-sonhar-juntos.html","title":{"rendered":"Assembleia da UCLAF tem in\u00edcio com o desejo de abra\u00e7ar um futuro novo, &#8220;fruto dos sonhos que queremos sonhar juntos&#8221;"},"content":{"rendered":"<p><img loading=\"lazy\" class=\"alignnone wp-image-241851 size-full\" src=\"https:\/\/franciscanos.org.br\/noticias\/wp-content\/uploads\/2023\/01\/assembleia_2301_01.jpg\" alt=\"\" width=\"1280\" height=\"720\" srcset=\"https:\/\/franciscanos.org.br\/noticias\/wp-content\/uploads\/2023\/01\/assembleia_2301_01.jpg 1280w, https:\/\/franciscanos.org.br\/noticias\/wp-content\/uploads\/2023\/01\/assembleia_2301_01-450x253.jpg 450w, https:\/\/franciscanos.org.br\/noticias\/wp-content\/uploads\/2023\/01\/assembleia_2301_01-1024x576.jpg 1024w, https:\/\/franciscanos.org.br\/noticias\/wp-content\/uploads\/2023\/01\/assembleia_2301_01-768x432.jpg 768w, https:\/\/franciscanos.org.br\/noticias\/wp-content\/uploads\/2023\/01\/assembleia_2301_01-150x84.jpg 150w\" sizes=\"(max-width: 1280px) 100vw, 1280px\" \/><\/p>\n<p><strong>S\u00e3o Paulo (SP)<\/strong> &#8211; Com o tema \u201cConstruindo o Caminho Sinodal como Frades Menores\u201d, teve in\u00edcio nesta segunda-feira, 23 de janeiro, a Assembleia da Uni\u00e3o das Confer\u00eancias Latino-americanas Franciscanas (UCLAF), no hist\u00f3rico Convento S\u00e3o Francisco, na regi\u00e3o central de S\u00e3o Paulo. Este evento, que volta a ser presencial depois de tr\u00eas anos, re\u00fane at\u00e9 o dia 27 de janeiro um total de 40 frades, entre Ministros Provinciais e Cust\u00f3dios, o Ministro Geral Frei Massimo Fusarelli, o Vig\u00e1rio Geral Frei Ignacio Ceja Jim\u00e9nez, e nove Definidores Gerais.<\/p>\n<p>O Definidor para a Am\u00e9rica Latina, Frei C\u00e9sar K\u00fclkamp, presidiu a Celebra\u00e7\u00e3o Eucar\u00edstica, \u00e0s 7h30, tendo como concelebrantes o Ministro Provincial da Prov\u00edncia da Imaculada Concei\u00e7\u00e3o, Frei Paulo Roberto Pereira, e o presidente da UCLAF, Frei Jos\u00e9 Al\u00edrio Urbina Rodr\u00edguez. \u00a0Antes, \u00e0s 7h, presidiu as <em>Laudes. <\/em><\/p>\n<div id=\"attachment_241852\" style=\"width: 1290px\" class=\"wp-caption alignnone\"><img aria-describedby=\"caption-attachment-241852\" loading=\"lazy\" class=\"wp-image-241852 size-full\" src=\"https:\/\/franciscanos.org.br\/noticias\/wp-content\/uploads\/2023\/01\/assembleia_2301.jpg\" alt=\"\" width=\"1280\" height=\"882\" srcset=\"https:\/\/franciscanos.org.br\/noticias\/wp-content\/uploads\/2023\/01\/assembleia_2301.jpg 1280w, https:\/\/franciscanos.org.br\/noticias\/wp-content\/uploads\/2023\/01\/assembleia_2301-450x310.jpg 450w, https:\/\/franciscanos.org.br\/noticias\/wp-content\/uploads\/2023\/01\/assembleia_2301-1024x706.jpg 1024w, https:\/\/franciscanos.org.br\/noticias\/wp-content\/uploads\/2023\/01\/assembleia_2301-768x529.jpg 768w, https:\/\/franciscanos.org.br\/noticias\/wp-content\/uploads\/2023\/01\/assembleia_2301-150x103.jpg 150w, https:\/\/franciscanos.org.br\/noticias\/wp-content\/uploads\/2023\/01\/assembleia_2301-320x220.jpg 320w\" sizes=\"(max-width: 1280px) 100vw, 1280px\" \/><p id=\"caption-attachment-241852\" class=\"wp-caption-text\"><em>Ora\u00e7\u00e3o das Laudes na Capela do Convento S\u00e3o Francisco<\/em><\/p><\/div>\n<p>Frei C\u00e9sar destacou o convite a assumir um caminho de estilo sinodal: &#8220;Queremos renovar a vis\u00e3o que temos sobre o continente latino-americano e sobre nossas presen\u00e7as fraternas e evangelizadoras, n\u00e3o s\u00f3 a partir de n\u00f3s mesmos, mas com todos aqueles que participam de nossa vida e de nossa miss\u00e3o para, assim, abra\u00e7ar um futuro novo, fruto dos sonhos que queremos sonhar juntos&#8221;.<\/p>\n<p>Segundo ele, a Palavra de Deus desta Celebra\u00e7\u00e3o Eucar\u00edstica &#8220;vem nos inspirar para este caminho&#8221;, como a Carta aos Hebreus, que fala sobre o caminho novo que foi iniciado uma vez por todas com Jesus, no sacrif\u00edcio que fez de Si mesmo para destruir o pecado e salvar a humanidade, estabelecendo uma nova alian\u00e7a fundada no amor. Sobre a passagem do Evangelho de Marcos, citou o trecho que fala de divis\u00f5es: entre fazer o bem e fazer o mal, entre Jesus e os mestres da Lei. &#8220;Jesus mesmo nos adverte que um reino dividido contra si mesmo ou uma fam\u00edlia dividida contra si mesma n\u00e3o poder\u00e3o se manter e ser\u00e3o destru\u00eddos. Ele nos diz que a casa guardada por um homem forte n\u00e3o poder\u00e1 ser saqueada. Ele a defender\u00e1. Mas, um homem nunca \u00e9 forte sozinho. Sua for\u00e7a vem da unidade. \u00a0A nossa Assembleia das Confer\u00eancias quer um caminho de comunh\u00e3o e com a participa\u00e7\u00e3o de todos os irm\u00e3os. Assim, a casa da nossa vida e da nossa miss\u00e3o ser\u00e1 forte, ser\u00e1 defendida das amea\u00e7as do nosso tempo&#8221;, exortou Frei C\u00e9sar.<\/p>\n<p><img loading=\"lazy\" class=\"alignnone size-full wp-image-241853\" src=\"https:\/\/franciscanos.org.br\/noticias\/wp-content\/uploads\/2023\/01\/assembleia_2304.jpg\" alt=\"\" width=\"1280\" height=\"800\" srcset=\"https:\/\/franciscanos.org.br\/noticias\/wp-content\/uploads\/2023\/01\/assembleia_2304.jpg 1280w, https:\/\/franciscanos.org.br\/noticias\/wp-content\/uploads\/2023\/01\/assembleia_2304-450x281.jpg 450w, https:\/\/franciscanos.org.br\/noticias\/wp-content\/uploads\/2023\/01\/assembleia_2304-1024x640.jpg 1024w, https:\/\/franciscanos.org.br\/noticias\/wp-content\/uploads\/2023\/01\/assembleia_2304-768x480.jpg 768w, https:\/\/franciscanos.org.br\/noticias\/wp-content\/uploads\/2023\/01\/assembleia_2304-150x94.jpg 150w\" sizes=\"(max-width: 1280px) 100vw, 1280px\" \/><\/p>\n<p><img loading=\"lazy\" class=\"alignnone size-full wp-image-241854\" src=\"https:\/\/franciscanos.org.br\/noticias\/wp-content\/uploads\/2023\/01\/assembleia_2305.jpg\" alt=\"\" width=\"1280\" height=\"753\" srcset=\"https:\/\/franciscanos.org.br\/noticias\/wp-content\/uploads\/2023\/01\/assembleia_2305.jpg 1280w, https:\/\/franciscanos.org.br\/noticias\/wp-content\/uploads\/2023\/01\/assembleia_2305-450x265.jpg 450w, https:\/\/franciscanos.org.br\/noticias\/wp-content\/uploads\/2023\/01\/assembleia_2305-1024x602.jpg 1024w, https:\/\/franciscanos.org.br\/noticias\/wp-content\/uploads\/2023\/01\/assembleia_2305-768x452.jpg 768w, https:\/\/franciscanos.org.br\/noticias\/wp-content\/uploads\/2023\/01\/assembleia_2305-150x88.jpg 150w\" sizes=\"(max-width: 1280px) 100vw, 1280px\" \/><\/p>\n<p>Ele ainda refor\u00e7ou sua fala dizendo que Jesus nos d\u00e1 o testemunho ao agir em comunh\u00e3o com o Pai e o Esp\u00edrito. &#8220;Assim, a nossa f\u00e9 crist\u00e3 n\u00e3o vem do individualismo, mas da comunidade divina, a Sant\u00edssima Trindade. Nossa inspira\u00e7\u00e3o franciscana nos ensina que o Senhor nos d\u00e1 irm\u00e3os para levar adiante o ideal evang\u00e9lico. A\u00ed est\u00e1 a nossa for\u00e7a&#8221;, frisou. &#8220;Ao iniciar esta Assembleia, renovemos nossa confian\u00e7a de que estamos aqui em nome deste Deus-comunidade. Pe\u00e7amos a sua assist\u00eancia. Que ele nos mostre o caminho a seguir, todos juntos, todos irm\u00e3os&#8221;, completou.<\/p>\n<p>J\u00e1 na Sala S\u00e3o D\u00e2maso, Frei \u00c1ngel Gabino, Provincial da Prov\u00edncia de Francisco e Santiago de Jalisco, do M\u00e9xico, pediu a inspira\u00e7\u00e3o do Esp\u00edrito Santo para iniciar este evento. Em seguida, apresentou o guardi\u00e3o do Convento, Frei M\u00e1rio Tagliari, que deu as boas-vindas aos frades, falou da alegria de acolher a todos, explicou o contexto hist\u00f3rico desta antiga casa da Prov\u00edncia da Imaculada Concei\u00e7\u00e3o e deu as informa\u00e7\u00f5es gerais para os visitantes.<\/p>\n<div id=\"attachment_241855\" style=\"width: 1290px\" class=\"wp-caption alignnone\"><img aria-describedby=\"caption-attachment-241855\" loading=\"lazy\" class=\"wp-image-241855 size-full\" src=\"https:\/\/franciscanos.org.br\/noticias\/wp-content\/uploads\/2023\/01\/assembleia_2303.jpg\" alt=\"\" width=\"1280\" height=\"1920\" srcset=\"https:\/\/franciscanos.org.br\/noticias\/wp-content\/uploads\/2023\/01\/assembleia_2303.jpg 720w, https:\/\/franciscanos.org.br\/noticias\/wp-content\/uploads\/2023\/01\/assembleia_2303-300x450.jpg 300w, https:\/\/franciscanos.org.br\/noticias\/wp-content\/uploads\/2023\/01\/assembleia_2303-683x1024.jpg 683w, https:\/\/franciscanos.org.br\/noticias\/wp-content\/uploads\/2023\/01\/assembleia_2303-768x1152.jpg 768w, https:\/\/franciscanos.org.br\/noticias\/wp-content\/uploads\/2023\/01\/assembleia_2303-1024x1536.jpg 1024w, https:\/\/franciscanos.org.br\/noticias\/wp-content\/uploads\/2023\/01\/assembleia_2303-150x225.jpg 150w\" sizes=\"(max-width: 1280px) 100vw, 1280px\" \/><p id=\"caption-attachment-241855\" class=\"wp-caption-text\"><em>No centro, o Ministro Geral Frei Massimo Fusarelli<\/em><\/p><\/div>\n<p>O Definidor para a Am\u00e9rica Latina, o colombiano Frei Joaqu\u00edn Echeverry Hincapi\u00e9, deu as boas-vindas aos frades que participam da 27\u00aa Assembleia Geral, com o &#8220;apoio fraterno da Prov\u00edncia da Imaculada Concei\u00e7\u00e3o&#8221;, e falou do objetivo maior desse encontro de assumir o Caminho Sinodal como Confer\u00eancias da UCLAF para abra\u00e7ar o futuro a partir da identidade franciscana hoje.<\/p>\n<p>Frei Jos\u00e9 Alirio deu gra\u00e7as a Deus por poder realizar esta Assembleia presencial. Ele falou da evangeliza\u00e7\u00e3o nesses 55 anos da UCLAF, das respostas a serem dadas no mundo de hoje e animou seus confrades a continuarem a miss\u00e3o com entusiasmo e coragem: &#8220;O desafio que todos os frades t\u00eam \u00e9 continuar &#8216;Construindo o caminho sinodal como Frades Menores&#8217; neste contexto da realidade da Am\u00e9rica Latina, a partir do di\u00e1logo, da escuta, do discernimento e da tomada de decis\u00f5es, como Irm\u00e3os juntos e a caminho, sem deixar desfalecer este itiner\u00e1rio e caminho. Por isso, pretendemos refletir e caminhar nesta Assembleia da UCLAF, com o prop\u00f3sito atrav\u00e9s de seu objetivo geral: renovar nossa vis\u00e3o e abra\u00e7ar nosso futuro com esperan\u00e7a a partir da Identidade Franciscana hoje, em torno da realidade da Am\u00e9rica Latina, como comunh\u00e3o e participa\u00e7\u00e3o de todos os Irm\u00e3os neste contexto. A contribui\u00e7\u00e3o de cada irm\u00e3o \u00e9 muito importante, valiosa e relevante, por isso \u00e9 fundamental: escutar, escutarmo-nos e sentirmo-nos escutados &#8211; o que implica assumir juntos, em caminho como Frades Menores: os diversos desafios, projetos a partir dos Mandatos do Cap\u00edtulo Geral 2021&#8221;.<\/p>\n<p><img loading=\"lazy\" class=\"alignnone size-full wp-image-241856\" src=\"https:\/\/franciscanos.org.br\/noticias\/wp-content\/uploads\/2023\/01\/assembleia_2308.jpg\" alt=\"\" width=\"1280\" height=\"1036\" srcset=\"https:\/\/franciscanos.org.br\/noticias\/wp-content\/uploads\/2023\/01\/assembleia_2308.jpg 1280w, https:\/\/franciscanos.org.br\/noticias\/wp-content\/uploads\/2023\/01\/assembleia_2308-450x364.jpg 450w, https:\/\/franciscanos.org.br\/noticias\/wp-content\/uploads\/2023\/01\/assembleia_2308-1024x829.jpg 1024w, https:\/\/franciscanos.org.br\/noticias\/wp-content\/uploads\/2023\/01\/assembleia_2308-768x622.jpg 768w, https:\/\/franciscanos.org.br\/noticias\/wp-content\/uploads\/2023\/01\/assembleia_2308-150x121.jpg 150w\" sizes=\"(max-width: 1280px) 100vw, 1280px\" \/><\/p>\n<p><strong>A\u00c7\u00c3O EVANGELIZADORA DOS FRANCISCANOS NA AM\u00c9RICA LATINA<\/strong><\/p>\n<p>O professor de Hist\u00f3ria do Cristianismo no Instituto Teol\u00f3gico Franciscano, Frei Sandro Roberto da Costa, trouxe para a reflex\u00e3o do dia o tema:\u00a0 \u201cO processo de reflex\u00e3o da UCLAF, a partir de um olhar que considere os desafios da vida consagrada na Am\u00e9rica Latina\u201d.<\/p>\n<p>Segundo Frei Sandro, a realidade que desafia a UCLAF nas primeiras d\u00e9cadas do s\u00e9culo XXI \u00e9 iluminada tamb\u00e9m a partir da hist\u00f3ria. &#8220;Nesse sentido, uma s\u00edntese sobre a a\u00e7\u00e3o evangelizadora dos franciscanos nos permite avaliar nossa atua\u00e7\u00e3o hoje, nos v\u00e1rios pa\u00edses do continente onde estamos presentes&#8221;, explicou.<\/p>\n<div id=\"attachment_241857\" style=\"width: 1290px\" class=\"wp-caption alignnone\"><img aria-describedby=\"caption-attachment-241857\" loading=\"lazy\" class=\"wp-image-241857 size-full\" src=\"https:\/\/franciscanos.org.br\/noticias\/wp-content\/uploads\/2023\/01\/assembleia_2302.jpg\" alt=\"\" width=\"1280\" height=\"720\" srcset=\"https:\/\/franciscanos.org.br\/noticias\/wp-content\/uploads\/2023\/01\/assembleia_2302.jpg 1280w, https:\/\/franciscanos.org.br\/noticias\/wp-content\/uploads\/2023\/01\/assembleia_2302-450x253.jpg 450w, https:\/\/franciscanos.org.br\/noticias\/wp-content\/uploads\/2023\/01\/assembleia_2302-1024x576.jpg 1024w, https:\/\/franciscanos.org.br\/noticias\/wp-content\/uploads\/2023\/01\/assembleia_2302-768x432.jpg 768w, https:\/\/franciscanos.org.br\/noticias\/wp-content\/uploads\/2023\/01\/assembleia_2302-150x84.jpg 150w\" sizes=\"(max-width: 1280px) 100vw, 1280px\" \/><p id=\"caption-attachment-241857\" class=\"wp-caption-text\"><em>Frei Sandro Roberto da Costa, \u00e0 esq. de Frei Angel Gabino, foi o palestrante do dia<\/em><\/p><\/div>\n<p>Ele recordou que nos prim\u00f3rdios das Am\u00e9ricas, os frades estiveram diante graves quest\u00f5es sociais, derivadas da \u201cconquista\u201d, com s\u00e9rias situa\u00e7\u00f5es de injusti\u00e7a, de pobreza, de desmandos pol\u00edticos, de explora\u00e7\u00e3o. &#8220;Confrontados com estes desafios, os franciscanos n\u00e3o fugiram da luta&#8221;, destacou.<\/p>\n<p>&#8220;A atua\u00e7\u00e3o (dos frades) foi tamb\u00e9m estrutural e pol\u00edtica, denunciando os desmandos das autoridades, criando estruturas mais justas. De forma arrojada, constru\u00edram hospitais, escolas, organizaram as \u201credu\u00e7\u00f5es\u201d e fundaram as primeiras \u201cvilas\u201d (<em>Pueblos<\/em>), onde os \u00edndios tinham seus celeiros, e se organizavam a partir de suas pr\u00f3prias leis. Seja na Venezuela (experi\u00eancia de evangeliza\u00e7\u00e3o pac\u00edfica de <em>Cuman\u00e1)<\/em>, seja no M\u00e9xico, ou em outras regi\u00f5es da am\u00e9rica espanhola ou portuguesa, na atividade de evangeliza\u00e7\u00e3o, os franciscanos n\u00e3o consideravam como \u00fanica tarefa a prega\u00e7\u00e3o a partir do templo e do p\u00falpito, a administra\u00e7\u00e3o dos sacramentos, a doutrina\u00e7\u00e3o. Muito pr\u00f3ximos do povo simples, n\u00e3o ignoravam as injusti\u00e7as que sofriam, e envolveram-se profundamente na busca de solu\u00e7\u00f5es&#8221;, explicou o frade.<\/p>\n<div id=\"attachment_241858\" style=\"width: 1290px\" class=\"wp-caption alignnone\"><img aria-describedby=\"caption-attachment-241858\" loading=\"lazy\" class=\"wp-image-241858 size-full\" src=\"https:\/\/franciscanos.org.br\/noticias\/wp-content\/uploads\/2023\/01\/assembleia_2310.jpg\" alt=\"\" width=\"1280\" height=\"674\" srcset=\"https:\/\/franciscanos.org.br\/noticias\/wp-content\/uploads\/2023\/01\/assembleia_2310.jpg 1280w, https:\/\/franciscanos.org.br\/noticias\/wp-content\/uploads\/2023\/01\/assembleia_2310-450x237.jpg 450w, https:\/\/franciscanos.org.br\/noticias\/wp-content\/uploads\/2023\/01\/assembleia_2310-1024x539.jpg 1024w, https:\/\/franciscanos.org.br\/noticias\/wp-content\/uploads\/2023\/01\/assembleia_2310-768x404.jpg 768w, https:\/\/franciscanos.org.br\/noticias\/wp-content\/uploads\/2023\/01\/assembleia_2310-150x79.jpg 150w\" sizes=\"(max-width: 1280px) 100vw, 1280px\" \/><p id=\"caption-attachment-241858\" class=\"wp-caption-text\"><em>O Definidor para a Am\u00e9rica Latina, o colombiano Frei Joaqu\u00edn Echeverry Hincapi\u00e9<\/em><\/p><\/div>\n<p>&#8220;Pode-se dizer que, na evangeliza\u00e7\u00e3o da Am\u00e9rica Latina, os franciscanos n\u00e3o desenvolveram uma a\u00e7\u00e3o social propriamente dita, n\u00e3o criaram um programa de pol\u00edtica ou econ\u00f4mica, n\u00e3o conceberam elaboradas escolas de pensamento, nem inventaram grandes teorias, mas buscaram dar respostas aos problemas e desafios concretos que apareciam, a partir da espiritualidade e dos princ\u00edpios evang\u00e9licos e franciscanos que moldavam suas vidas&#8221;, acrescentou Frei Sandro.<\/p>\n<p>Na sequ\u00eancia, &#8220;sem a presun\u00e7\u00e3o de sermos completos&#8221;, Frei Sandro apresentou uma s\u00edntese sobre a realidade da Ordem na Am\u00e9rica Latina, a partir das conclus\u00f5es da UCLAF 2020.<\/p>\n<p><img loading=\"lazy\" class=\"alignnone size-full wp-image-241868\" src=\"https:\/\/franciscanos.org.br\/noticias\/wp-content\/uploads\/2023\/01\/assembleia_2318.jpg\" alt=\"\" width=\"1280\" height=\"688\" srcset=\"https:\/\/franciscanos.org.br\/noticias\/wp-content\/uploads\/2023\/01\/assembleia_2318.jpg 1280w, https:\/\/franciscanos.org.br\/noticias\/wp-content\/uploads\/2023\/01\/assembleia_2318-450x242.jpg 450w, https:\/\/franciscanos.org.br\/noticias\/wp-content\/uploads\/2023\/01\/assembleia_2318-1024x550.jpg 1024w, https:\/\/franciscanos.org.br\/noticias\/wp-content\/uploads\/2023\/01\/assembleia_2318-768x413.jpg 768w, https:\/\/franciscanos.org.br\/noticias\/wp-content\/uploads\/2023\/01\/assembleia_2318-150x81.jpg 150w\" sizes=\"(max-width: 1280px) 100vw, 1280px\" \/><\/p>\n<p>Segundo ele, h\u00e1, em geral, um esfor\u00e7o por buscar novas formas de evangeliza\u00e7\u00e3o, diferentes das tradicionais, que possam responder aos novos desafios trazidos pela realidade eclesial, social, pol\u00edtica, econ\u00f4mica. &#8220;A partir da identidade do carisma, as entidades buscam ressignificar a presen\u00e7a franciscana. Tamb\u00e9m se empenham por fazer leituras socio-teol\u00f3gicas do momento e do contexto em que estamos vivendo. O empenho na busca de fidelidade criativa ao carisma n\u00e3o impede as entidades de reconhecer as dificuldades e desafios, derivados da situa\u00e7\u00e3o que marca todas as institui\u00e7\u00f5es religiosas neste momento da hist\u00f3ria. O fen\u00f4meno da seculariza\u00e7\u00e3o, a crise existencial, a manuten\u00e7\u00e3o das grandes estruturas, a diminui\u00e7\u00e3o num\u00e9rica, s\u00e3o apenas alguns t\u00f3picos que est\u00e3o sempre presentes no horizonte de reflex\u00e3o&#8221;, ressaltou.<\/p>\n<p>Frei Sandro refletiu sobre as formas concretas de evangeliza\u00e7\u00e3o, a partir do carisma, destacando os seguintes temas: Inser\u00e7\u00e3o em meio aos pobres e marginalizados; defesa dos Direitos Humanos e da dignidade; Cuidado com a Casa Comum; e Presen\u00e7a franciscana na Amaz\u00f4nia.<\/p>\n<p><img loading=\"lazy\" class=\"alignnone size-full wp-image-241859\" src=\"https:\/\/franciscanos.org.br\/noticias\/wp-content\/uploads\/2023\/01\/assembleia_2312.jpg\" alt=\"\" width=\"1280\" height=\"877\" srcset=\"https:\/\/franciscanos.org.br\/noticias\/wp-content\/uploads\/2023\/01\/assembleia_2312.jpg 1280w, https:\/\/franciscanos.org.br\/noticias\/wp-content\/uploads\/2023\/01\/assembleia_2312-450x308.jpg 450w, https:\/\/franciscanos.org.br\/noticias\/wp-content\/uploads\/2023\/01\/assembleia_2312-1024x702.jpg 1024w, https:\/\/franciscanos.org.br\/noticias\/wp-content\/uploads\/2023\/01\/assembleia_2312-768x526.jpg 768w, https:\/\/franciscanos.org.br\/noticias\/wp-content\/uploads\/2023\/01\/assembleia_2312-150x103.jpg 150w, https:\/\/franciscanos.org.br\/noticias\/wp-content\/uploads\/2023\/01\/assembleia_2312-320x220.jpg 320w\" sizes=\"(max-width: 1280px) 100vw, 1280px\" \/><\/p>\n<p>Ele tamb\u00e9m mostrou alguns apontamentos a partir do contexto da pandemia de Covid-19. &#8220;A Pandemia veio nos tirar da \u2018zona de conforto\u2019, uma situa\u00e7\u00e3o perigosa para nossas vidas de irm\u00e3os menores consagrados ao servi\u00e7o do Reino. A nova situa\u00e7\u00e3o atingiu todos os aspectos da vida, e nos desafiou a mudar muitos de nossos h\u00e1bitos, bem como nos obrigou a usar de criatividade para encontrar novas maneiras de estar entre as pessoas, inclusive no modo de evangelizar. Se por um lado as redes sociais se multiplicaram e espalharam mentiras e <em>fake news,<\/em> por outro a Igreja e as fraternidades souberam utilizar-se destas mesmas redes para criar novos meios de evangeliza\u00e7\u00e3o&#8221;, avaliou.<\/p>\n<p>Frei Sandro apontou intui\u00e7\u00f5es e propostas de mudan\u00e7as para o futuro, refletindo sobre os seguintes pontos: Os apelos \u00e0 mudan\u00e7a: uma \u201cOrdem em sa\u00edda\u201d; \u00a0Nossa identidade: somos todos irm\u00e3os; e O apelo dos pobres.<\/p>\n<p>Por \u00faltimo deixou alguns questionamentos e propostas que poderiam guiar os frades nestes tempos de tantas e r\u00e1pidas transforma\u00e7\u00f5es. &#8220;Como seguidores de Francisco de Assis, animados e iluminados pelo magist\u00e9rio do Papa Francisco, que nos convoca \u00e0 sinodalidade, somos chamados a viver o tempo presente como uma oportunidade, como uma d\u00e1diva, como um tempo de gra\u00e7a (<em>Kair\u00f3s<\/em>), abandonando a cultura do ego, para promover os \u201cecos\u201d: ecologia, ecossistema, economia solid\u00e1ria, e reduzir o esc\u00e2ndalo da indiferen\u00e7a e da desigualdade&#8221;, finalizou Frei Sandro.<\/p>\n<p><img loading=\"lazy\" class=\"alignnone size-full wp-image-241860\" src=\"https:\/\/franciscanos.org.br\/noticias\/wp-content\/uploads\/2023\/01\/assembleia_2313.jpg\" alt=\"\" width=\"1280\" height=\"853\" srcset=\"https:\/\/franciscanos.org.br\/noticias\/wp-content\/uploads\/2023\/01\/assembleia_2313.jpg 1280w, https:\/\/franciscanos.org.br\/noticias\/wp-content\/uploads\/2023\/01\/assembleia_2313-450x300.jpg 450w, https:\/\/franciscanos.org.br\/noticias\/wp-content\/uploads\/2023\/01\/assembleia_2313-1024x682.jpg 1024w, https:\/\/franciscanos.org.br\/noticias\/wp-content\/uploads\/2023\/01\/assembleia_2313-768x512.jpg 768w, https:\/\/franciscanos.org.br\/noticias\/wp-content\/uploads\/2023\/01\/assembleia_2313-150x100.jpg 150w\" sizes=\"(max-width: 1280px) 100vw, 1280px\" \/><\/p>\n<p>\u00c0 tarde, os participantes desta Assembleia Geral se reuniram em grupos para refletir sobre esses questionamentos e propostas, retornando ao plen\u00e1rio \u00e0s 17h30. O dia terminou com a Ora\u00e7\u00e3o das V\u00e9speras \u00e0s 18h30.<\/p>\n<p><strong>MINISTRO GERAL NO SEGUNDO DIA<\/strong><\/p>\n<p>A Assembleia Geral, nesta ter\u00e7a-feira, 24 de janeiro, poder\u00e1 ouvir o Ministro Geral, Frei Massimo Fusarelli, em tr\u00eas momentos: \u00e0s 11h, 15h30 e 17h30.<\/p>\n\n\t\t<style type=\"text\/css\">\n\t\t\t#gallery-1 {\n\t\t\t\tmargin: auto;\n\t\t\t}\n\t\t\t#gallery-1 .gallery-item {\n\t\t\t\tfloat: left;\n\t\t\t\tmargin-top: 10px;\n\t\t\t\ttext-align: center;\n\t\t\t\twidth: 14%;\n\t\t\t}\n\t\t\t#gallery-1 img {\n\t\t\t\tborder: 2px solid #cfcfcf;\n\t\t\t}\n\t\t\t#gallery-1 .gallery-caption {\n\t\t\t\tmargin-left: 0;\n\t\t\t}\n\t\t\t\/* see gallery_shortcode() in wp-includes\/media.php *\/\n\t\t<\/style>\n\t\t<div id='gallery-1' class='gallery galleryid-241850 gallery-columns-7 gallery-size-thumbnail'><dl class='gallery-item'>\n\t\t\t<dt class='gallery-icon landscape'>\n\t\t\t\t<a href='https:\/\/franciscanos.org.br\/noticias\/wp-content\/uploads\/2023\/01\/assembleia_2307.jpg'><img width=\"300\" height=\"300\" src=\"https:\/\/franciscanos.org.br\/noticias\/wp-content\/uploads\/2023\/01\/assembleia_2307-300x300.jpg\" class=\"attachment-thumbnail size-thumbnail\" alt=\"\" loading=\"lazy\" srcset=\"https:\/\/franciscanos.org.br\/noticias\/wp-content\/uploads\/2023\/01\/assembleia_2307-300x300.jpg 300w, https:\/\/franciscanos.org.br\/noticias\/wp-content\/uploads\/2023\/01\/assembleia_2307-100x100.jpg 100w\" sizes=\"(max-width: 300px) 100vw, 300px\" \/><\/a>\n\t\t\t<\/dt><\/dl><dl class='gallery-item'>\n\t\t\t<dt class='gallery-icon landscape'>\n\t\t\t\t<a href='https:\/\/franciscanos.org.br\/noticias\/wp-content\/uploads\/2023\/01\/assembleia_2309.jpg'><img width=\"300\" height=\"300\" src=\"https:\/\/franciscanos.org.br\/noticias\/wp-content\/uploads\/2023\/01\/assembleia_2309-300x300.jpg\" class=\"attachment-thumbnail size-thumbnail\" alt=\"\" loading=\"lazy\" srcset=\"https:\/\/franciscanos.org.br\/noticias\/wp-content\/uploads\/2023\/01\/assembleia_2309-300x300.jpg 300w, https:\/\/franciscanos.org.br\/noticias\/wp-content\/uploads\/2023\/01\/assembleia_2309-100x100.jpg 100w\" sizes=\"(max-width: 300px) 100vw, 300px\" \/><\/a>\n\t\t\t<\/dt><\/dl><dl class='gallery-item'>\n\t\t\t<dt class='gallery-icon landscape'>\n\t\t\t\t<a href='https:\/\/franciscanos.org.br\/noticias\/wp-content\/uploads\/2023\/01\/assembleia_2311.jpg'><img width=\"300\" height=\"300\" src=\"https:\/\/franciscanos.org.br\/noticias\/wp-content\/uploads\/2023\/01\/assembleia_2311-300x300.jpg\" class=\"attachment-thumbnail size-thumbnail\" alt=\"\" loading=\"lazy\" srcset=\"https:\/\/franciscanos.org.br\/noticias\/wp-content\/uploads\/2023\/01\/assembleia_2311-300x300.jpg 300w, https:\/\/franciscanos.org.br\/noticias\/wp-content\/uploads\/2023\/01\/assembleia_2311-100x100.jpg 100w\" sizes=\"(max-width: 300px) 100vw, 300px\" \/><\/a>\n\t\t\t<\/dt><\/dl><dl class='gallery-item'>\n\t\t\t<dt class='gallery-icon landscape'>\n\t\t\t\t<a href='https:\/\/franciscanos.org.br\/noticias\/wp-content\/uploads\/2023\/01\/assembleia_2314.jpg'><img width=\"300\" height=\"300\" src=\"https:\/\/franciscanos.org.br\/noticias\/wp-content\/uploads\/2023\/01\/assembleia_2314-300x300.jpg\" class=\"attachment-thumbnail size-thumbnail\" alt=\"\" loading=\"lazy\" srcset=\"https:\/\/franciscanos.org.br\/noticias\/wp-content\/uploads\/2023\/01\/assembleia_2314-300x300.jpg 300w, https:\/\/franciscanos.org.br\/noticias\/wp-content\/uploads\/2023\/01\/assembleia_2314-100x100.jpg 100w\" sizes=\"(max-width: 300px) 100vw, 300px\" \/><\/a>\n\t\t\t<\/dt><\/dl><dl class='gallery-item'>\n\t\t\t<dt class='gallery-icon landscape'>\n\t\t\t\t<a href='https:\/\/franciscanos.org.br\/noticias\/wp-content\/uploads\/2023\/01\/assembleia_2315.jpg'><img width=\"300\" height=\"300\" src=\"https:\/\/franciscanos.org.br\/noticias\/wp-content\/uploads\/2023\/01\/assembleia_2315-300x300.jpg\" class=\"attachment-thumbnail size-thumbnail\" alt=\"\" loading=\"lazy\" srcset=\"https:\/\/franciscanos.org.br\/noticias\/wp-content\/uploads\/2023\/01\/assembleia_2315-300x300.jpg 300w, https:\/\/franciscanos.org.br\/noticias\/wp-content\/uploads\/2023\/01\/assembleia_2315-100x100.jpg 100w\" sizes=\"(max-width: 300px) 100vw, 300px\" \/><\/a>\n\t\t\t<\/dt><\/dl><dl class='gallery-item'>\n\t\t\t<dt class='gallery-icon landscape'>\n\t\t\t\t<a href='https:\/\/franciscanos.org.br\/noticias\/wp-content\/uploads\/2023\/01\/assembleia_2316.jpg'><img width=\"300\" height=\"300\" src=\"https:\/\/franciscanos.org.br\/noticias\/wp-content\/uploads\/2023\/01\/assembleia_2316-300x300.jpg\" class=\"attachment-thumbnail size-thumbnail\" alt=\"\" loading=\"lazy\" srcset=\"https:\/\/franciscanos.org.br\/noticias\/wp-content\/uploads\/2023\/01\/assembleia_2316-300x300.jpg 300w, https:\/\/franciscanos.org.br\/noticias\/wp-content\/uploads\/2023\/01\/assembleia_2316-100x100.jpg 100w\" sizes=\"(max-width: 300px) 100vw, 300px\" \/><\/a>\n\t\t\t<\/dt><\/dl><dl class='gallery-item'>\n\t\t\t<dt class='gallery-icon landscape'>\n\t\t\t\t<a href='https:\/\/franciscanos.org.br\/noticias\/wp-content\/uploads\/2023\/01\/assembleia_2317.jpg'><img width=\"300\" height=\"300\" src=\"https:\/\/franciscanos.org.br\/noticias\/wp-content\/uploads\/2023\/01\/assembleia_2317-300x300.jpg\" class=\"attachment-thumbnail size-thumbnail\" alt=\"\" loading=\"lazy\" srcset=\"https:\/\/franciscanos.org.br\/noticias\/wp-content\/uploads\/2023\/01\/assembleia_2317-300x300.jpg 300w, https:\/\/franciscanos.org.br\/noticias\/wp-content\/uploads\/2023\/01\/assembleia_2317-100x100.jpg 100w\" sizes=\"(max-width: 300px) 100vw, 300px\" \/><\/a>\n\t\t\t<\/dt><\/dl><br style=\"clear: both\" \/>\n\t\t<\/div>\n\n<p><em>(clique nas imagens para ampli\u00e1-las)<\/em><\/p>\n<hr \/>\n<p><em>Equipe de Comunica\u00e7\u00e3o da Assembleia da UCLAF<\/em><\/p>\n","protected":false},"excerpt":{"rendered":"<p>Assembleia Geral da UCLAF<\/p>\n","protected":false},"author":3,"featured_media":241851,"comment_status":"open","ping_status":"open","sticky":false,"template":"","format":"standard","meta":[],"categories":[1],"tags":[2088],"acf":[],"yoast_head":"<!-- This site is optimized with the Yoast SEO plugin v19.2 - https:\/\/yoast.com\/wordpress\/plugins\/seo\/ -->\n<title>Assembleia da UCLAF tem in\u00edcio com o desejo de abra\u00e7ar um futuro novo, &quot;fruto dos sonhos que queremos sonhar juntos&quot; - Not\u00edcias - Franciscanos<\/title>\n<meta name=\"robots\" content=\"index, follow, max-snippet:-1, max-image-preview:large, max-video-preview:-1\" \/>\n<link rel=\"canonical\" href=\"https:\/\/franciscanos.org.br\/noticias\/uclaf-tem-inicio-em-sao-paulo-com-o-desejo-de-abracar-um-futuro-novo-fruto-dos-sonhos-que-queremos-sonhar-juntos.html\" \/>\n<meta property=\"og:locale\" content=\"pt_BR\" \/>\n<meta property=\"og:type\" content=\"article\" \/>\n<meta property=\"og:title\" content=\"Assembleia da UCLAF tem in\u00edcio com o desejo de abra\u00e7ar um futuro novo, &quot;fruto dos sonhos que queremos sonhar juntos&quot; - Not\u00edcias - Franciscanos\" \/>\n<meta property=\"og:description\" content=\"Assembleia Geral da UCLAF\" \/>\n<meta property=\"og:url\" content=\"https:\/\/franciscanos.org.br\/noticias\/uclaf-tem-inicio-em-sao-paulo-com-o-desejo-de-abracar-um-futuro-novo-fruto-dos-sonhos-que-queremos-sonhar-juntos.html\" \/>\n<meta property=\"og:site_name\" content=\"Not\u00edcias - Franciscanos\" \/>\n<meta property=\"article:published_time\" content=\"2023-01-23T20:19:35+00:00\" \/>\n<meta property=\"article:modified_time\" content=\"2023-01-23T23:33:57+00:00\" \/>\n<meta property=\"og:image\" content=\"https:\/\/franciscanos.org.br\/noticias\/wp-content\/uploads\/2023\/01\/assembleia_2301_01.jpg\" \/>\n\t<meta property=\"og:image:width\" content=\"1280\" \/>\n\t<meta property=\"og:image:height\" content=\"720\" \/>\n\t<meta property=\"og:image:type\" content=\"image\/jpeg\" \/>\n<meta name=\"author\" content=\"moacir\" \/>\n<meta name=\"twitter:card\" content=\"summary_large_image\" \/>\n<meta name=\"twitter:label1\" content=\"Escrito por\" \/>\n\t<meta name=\"twitter:data1\" content=\"moacir\" \/>\n\t<meta name=\"twitter:label2\" content=\"Est. tempo de leitura\" \/>\n\t<meta name=\"twitter:data2\" content=\"9 minutos\" \/>\n<script type=\"application\/ld+json\" class=\"yoast-schema-graph\">{\"@context\":\"https:\/\/schema.org\",\"@graph\":[{\"@type\":\"WebSite\",\"@id\":\"https:\/\/franciscanos.org.br\/noticias\/#website\",\"url\":\"https:\/\/franciscanos.org.br\/noticias\/\",\"name\":\"Not\u00edcias - Franciscanos\",\"description\":\"Prov\u00edncia Franciscana da Imaculada Concei\u00e7\u00e3o do Brasil - Ordem dos Frades Menores - OFM\",\"potentialAction\":[{\"@type\":\"SearchAction\",\"target\":{\"@type\":\"EntryPoint\",\"urlTemplate\":\"https:\/\/franciscanos.org.br\/noticias\/?s={search_term_string}\"},\"query-input\":\"required name=search_term_string\"}],\"inLanguage\":\"pt-BR\"},{\"@type\":\"ImageObject\",\"inLanguage\":\"pt-BR\",\"@id\":\"https:\/\/franciscanos.org.br\/noticias\/uclaf-tem-inicio-em-sao-paulo-com-o-desejo-de-abracar-um-futuro-novo-fruto-dos-sonhos-que-queremos-sonhar-juntos.html#primaryimage\",\"url\":\"https:\/\/franciscanos.org.br\/noticias\/wp-content\/uploads\/2023\/01\/assembleia_2301_01.jpg\",\"contentUrl\":\"https:\/\/franciscanos.org.br\/noticias\/wp-content\/uploads\/2023\/01\/assembleia_2301_01.jpg\",\"width\":1280,\"height\":720},{\"@type\":\"WebPage\",\"@id\":\"https:\/\/franciscanos.org.br\/noticias\/uclaf-tem-inicio-em-sao-paulo-com-o-desejo-de-abracar-um-futuro-novo-fruto-dos-sonhos-que-queremos-sonhar-juntos.html#webpage\",\"url\":\"https:\/\/franciscanos.org.br\/noticias\/uclaf-tem-inicio-em-sao-paulo-com-o-desejo-de-abracar-um-futuro-novo-fruto-dos-sonhos-que-queremos-sonhar-juntos.html\",\"name\":\"Assembleia da UCLAF tem in\u00edcio com o desejo de abra\u00e7ar um futuro novo, \\\"fruto dos sonhos que queremos sonhar juntos\\\" - Not\u00edcias - Franciscanos\",\"isPartOf\":{\"@id\":\"https:\/\/franciscanos.org.br\/noticias\/#website\"},\"primaryImageOfPage\":{\"@id\":\"https:\/\/franciscanos.org.br\/noticias\/uclaf-tem-inicio-em-sao-paulo-com-o-desejo-de-abracar-um-futuro-novo-fruto-dos-sonhos-que-queremos-sonhar-juntos.html#primaryimage\"},\"datePublished\":\"2023-01-23T20:19:35+00:00\",\"dateModified\":\"2023-01-23T23:33:57+00:00\",\"author\":{\"@id\":\"https:\/\/franciscanos.org.br\/noticias\/#\/schema\/person\/b5c8cba458c330ccff548b056e95a5d4\"},\"breadcrumb\":{\"@id\":\"https:\/\/franciscanos.org.br\/noticias\/uclaf-tem-inicio-em-sao-paulo-com-o-desejo-de-abracar-um-futuro-novo-fruto-dos-sonhos-que-queremos-sonhar-juntos.html#breadcrumb\"},\"inLanguage\":\"pt-BR\",\"potentialAction\":[{\"@type\":\"ReadAction\",\"target\":[\"https:\/\/franciscanos.org.br\/noticias\/uclaf-tem-inicio-em-sao-paulo-com-o-desejo-de-abracar-um-futuro-novo-fruto-dos-sonhos-que-queremos-sonhar-juntos.html\"]}]},{\"@type\":\"BreadcrumbList\",\"@id\":\"https:\/\/franciscanos.org.br\/noticias\/uclaf-tem-inicio-em-sao-paulo-com-o-desejo-de-abracar-um-futuro-novo-fruto-dos-sonhos-que-queremos-sonhar-juntos.html#breadcrumb\",\"itemListElement\":[{\"@type\":\"ListItem\",\"position\":1,\"name\":\"Home\",\"item\":\"https:\/\/franciscanos.org.br\/noticias\"},{\"@type\":\"ListItem\",\"position\":2,\"name\":\"Assembleia da UCLAF tem in\u00edcio com o desejo de abra\u00e7ar um futuro novo, &#8220;fruto dos sonhos que queremos sonhar juntos&#8221;\"}]},{\"@type\":\"Person\",\"@id\":\"https:\/\/franciscanos.org.br\/noticias\/#\/schema\/person\/b5c8cba458c330ccff548b056e95a5d4\",\"name\":\"moacir\",\"image\":{\"@type\":\"ImageObject\",\"inLanguage\":\"pt-BR\",\"@id\":\"https:\/\/franciscanos.org.br\/noticias\/#\/schema\/person\/image\/\",\"url\":\"https:\/\/secure.gravatar.com\/avatar\/d08aa2ce4c8dd416d4479aa8536fcf64?s=96&d=mm&r=g\",\"contentUrl\":\"https:\/\/secure.gravatar.com\/avatar\/d08aa2ce4c8dd416d4479aa8536fcf64?s=96&d=mm&r=g\",\"caption\":\"moacir\"},\"url\":\"https:\/\/franciscanos.org.br\/noticias\/author\/moacir\"}]}<\/script>\n<!-- \/ Yoast SEO plugin. -->","yoast_head_json":{"title":"Assembleia da UCLAF tem in\u00edcio com o desejo de abra\u00e7ar um futuro novo, \"fruto dos sonhos que queremos sonhar juntos\" - Not\u00edcias - Franciscanos","robots":{"index":"index","follow":"follow","max-snippet":"max-snippet:-1","max-image-preview":"max-image-preview:large","max-video-preview":"max-video-preview:-1"},"canonical":"https:\/\/franciscanos.org.br\/noticias\/uclaf-tem-inicio-em-sao-paulo-com-o-desejo-de-abracar-um-futuro-novo-fruto-dos-sonhos-que-queremos-sonhar-juntos.html","og_locale":"pt_BR","og_type":"article","og_title":"Assembleia da UCLAF tem in\u00edcio com o desejo de abra\u00e7ar um futuro novo, \"fruto dos sonhos que queremos sonhar juntos\" - Not\u00edcias - Franciscanos","og_description":"Assembleia Geral da UCLAF","og_url":"https:\/\/franciscanos.org.br\/noticias\/uclaf-tem-inicio-em-sao-paulo-com-o-desejo-de-abracar-um-futuro-novo-fruto-dos-sonhos-que-queremos-sonhar-juntos.html","og_site_name":"Not\u00edcias - Franciscanos","article_published_time":"2023-01-23T20:19:35+00:00","article_modified_time":"2023-01-23T23:33:57+00:00","og_image":[{"width":1280,"height":720,"url":"https:\/\/franciscanos.org.br\/noticias\/wp-content\/uploads\/2023\/01\/assembleia_2301_01.jpg","type":"image\/jpeg"}],"author":"moacir","twitter_card":"summary_large_image","twitter_misc":{"Escrito por":"moacir","Est. tempo de leitura":"9 minutos"},"schema":{"@context":"https:\/\/schema.org","@graph":[{"@type":"WebSite","@id":"https:\/\/franciscanos.org.br\/noticias\/#website","url":"https:\/\/franciscanos.org.br\/noticias\/","name":"Not\u00edcias - Franciscanos","description":"Prov\u00edncia Franciscana da Imaculada Concei\u00e7\u00e3o do Brasil - Ordem dos Frades Menores - OFM","potentialAction":[{"@type":"SearchAction","target":{"@type":"EntryPoint","urlTemplate":"https:\/\/franciscanos.org.br\/noticias\/?s={search_term_string}"},"query-input":"required name=search_term_string"}],"inLanguage":"pt-BR"},{"@type":"ImageObject","inLanguage":"pt-BR","@id":"https:\/\/franciscanos.org.br\/noticias\/uclaf-tem-inicio-em-sao-paulo-com-o-desejo-de-abracar-um-futuro-novo-fruto-dos-sonhos-que-queremos-sonhar-juntos.html#primaryimage","url":"https:\/\/franciscanos.org.br\/noticias\/wp-content\/uploads\/2023\/01\/assembleia_2301_01.jpg","contentUrl":"https:\/\/franciscanos.org.br\/noticias\/wp-content\/uploads\/2023\/01\/assembleia_2301_01.jpg","width":1280,"height":720},{"@type":"WebPage","@id":"https:\/\/franciscanos.org.br\/noticias\/uclaf-tem-inicio-em-sao-paulo-com-o-desejo-de-abracar-um-futuro-novo-fruto-dos-sonhos-que-queremos-sonhar-juntos.html#webpage","url":"https:\/\/franciscanos.org.br\/noticias\/uclaf-tem-inicio-em-sao-paulo-com-o-desejo-de-abracar-um-futuro-novo-fruto-dos-sonhos-que-queremos-sonhar-juntos.html","name":"Assembleia da UCLAF tem in\u00edcio com o desejo de abra\u00e7ar um futuro novo, \"fruto dos sonhos que queremos sonhar juntos\" - Not\u00edcias - Franciscanos","isPartOf":{"@id":"https:\/\/franciscanos.org.br\/noticias\/#website"},"primaryImageOfPage":{"@id":"https:\/\/franciscanos.org.br\/noticias\/uclaf-tem-inicio-em-sao-paulo-com-o-desejo-de-abracar-um-futuro-novo-fruto-dos-sonhos-que-queremos-sonhar-juntos.html#primaryimage"},"datePublished":"2023-01-23T20:19:35+00:00","dateModified":"2023-01-23T23:33:57+00:00","author":{"@id":"https:\/\/franciscanos.org.br\/noticias\/#\/schema\/person\/b5c8cba458c330ccff548b056e95a5d4"},"breadcrumb":{"@id":"https:\/\/franciscanos.org.br\/noticias\/uclaf-tem-inicio-em-sao-paulo-com-o-desejo-de-abracar-um-futuro-novo-fruto-dos-sonhos-que-queremos-sonhar-juntos.html#breadcrumb"},"inLanguage":"pt-BR","potentialAction":[{"@type":"ReadAction","target":["https:\/\/franciscanos.org.br\/noticias\/uclaf-tem-inicio-em-sao-paulo-com-o-desejo-de-abracar-um-futuro-novo-fruto-dos-sonhos-que-queremos-sonhar-juntos.html"]}]},{"@type":"BreadcrumbList","@id":"https:\/\/franciscanos.org.br\/noticias\/uclaf-tem-inicio-em-sao-paulo-com-o-desejo-de-abracar-um-futuro-novo-fruto-dos-sonhos-que-queremos-sonhar-juntos.html#breadcrumb","itemListElement":[{"@type":"ListItem","position":1,"name":"Home","item":"https:\/\/franciscanos.org.br\/noticias"},{"@type":"ListItem","position":2,"name":"Assembleia da UCLAF tem in\u00edcio com o desejo de abra\u00e7ar um futuro novo, &#8220;fruto dos sonhos que queremos sonhar juntos&#8221;"}]},{"@type":"Person","@id":"https:\/\/franciscanos.org.br\/noticias\/#\/schema\/person\/b5c8cba458c330ccff548b056e95a5d4","name":"moacir","image":{"@type":"ImageObject","inLanguage":"pt-BR","@id":"https:\/\/franciscanos.org.br\/noticias\/#\/schema\/person\/image\/","url":"https:\/\/secure.gravatar.com\/avatar\/d08aa2ce4c8dd416d4479aa8536fcf64?s=96&d=mm&r=g","contentUrl":"https:\/\/secure.gravatar.com\/avatar\/d08aa2ce4c8dd416d4479aa8536fcf64?s=96&d=mm&r=g","caption":"moacir"},"url":"https:\/\/franciscanos.org.br\/noticias\/author\/moacir"}]}},"_links":{"self":[{"href":"https:\/\/franciscanos.org.br\/noticias\/wp-json\/wp\/v2\/posts\/241850"}],"collection":[{"href":"https:\/\/franciscanos.org.br\/noticias\/wp-json\/wp\/v2\/posts"}],"about":[{"href":"https:\/\/franciscanos.org.br\/noticias\/wp-json\/wp\/v2\/types\/post"}],"author":[{"embeddable":true,"href":"https:\/\/franciscanos.org.br\/noticias\/wp-json\/wp\/v2\/users\/3"}],"replies":[{"embeddable":true,"href":"https:\/\/franciscanos.org.br\/noticias\/wp-json\/wp\/v2\/comments?post=241850"}],"version-history":[{"count":8,"href":"https:\/\/franciscanos.org.br\/noticias\/wp-json\/wp\/v2\/posts\/241850\/revisions"}],"predecessor-version":[{"id":241881,"href":"https:\/\/franciscanos.org.br\/noticias\/wp-json\/wp\/v2\/posts\/241850\/revisions\/241881"}],"wp:featuredmedia":[{"embeddable":true,"href":"https:\/\/franciscanos.org.br\/noticias\/wp-json\/wp\/v2\/media\/241851"}],"wp:attachment":[{"href":"https:\/\/franciscanos.org.br\/noticias\/wp-json\/wp\/v2\/media?parent=241850"}],"wp:term":[{"taxonomy":"category","embeddable":true,"href":"https:\/\/franciscanos.org.br\/noticias\/wp-json\/wp\/v2\/categories?post=241850"},{"taxonomy":"post_tag","embeddable":true,"href":"https:\/\/franciscanos.org.br\/noticias\/wp-json\/wp\/v2\/tags?post=241850"}],"curies":[{"name":"wp","href":"https:\/\/api.w.org\/{rel}","templated":true}]}}