{"id":241837,"date":"2023-01-20T06:08:18","date_gmt":"2023-01-20T09:08:18","guid":{"rendered":"https:\/\/franciscanos.org.br\/noticias\/?p=241837"},"modified":"2023-01-20T06:08:53","modified_gmt":"2023-01-20T09:08:53","slug":"usf-esta-com-inscricoes-abertas-para-o-desafio-online","status":"publish","type":"post","link":"https:\/\/franciscanos.org.br\/noticias\/usf-esta-com-inscricoes-abertas-para-o-desafio-online.html","title":{"rendered":"USF est\u00e1 com inscri\u00e7\u00f5es abertas para o Desafio Online"},"content":{"rendered":"<p><img loading=\"lazy\" class=\"alignnone size-full wp-image-241838\" src=\"https:\/\/franciscanos.org.br\/noticias\/wp-content\/uploads\/2023\/01\/campus-Itatiba_2001.jpg\" alt=\"\" width=\"1280\" height=\"720\" srcset=\"https:\/\/franciscanos.org.br\/noticias\/wp-content\/uploads\/2023\/01\/campus-Itatiba_2001.jpg 1280w, https:\/\/franciscanos.org.br\/noticias\/wp-content\/uploads\/2023\/01\/campus-Itatiba_2001-450x253.jpg 450w, https:\/\/franciscanos.org.br\/noticias\/wp-content\/uploads\/2023\/01\/campus-Itatiba_2001-1024x576.jpg 1024w, https:\/\/franciscanos.org.br\/noticias\/wp-content\/uploads\/2023\/01\/campus-Itatiba_2001-768x432.jpg 768w, https:\/\/franciscanos.org.br\/noticias\/wp-content\/uploads\/2023\/01\/campus-Itatiba_2001-150x84.jpg 150w\" sizes=\"(max-width: 1280px) 100vw, 1280px\" \/><\/p>\n<p style=\"font-weight: 400;\">A Universidade S\u00e3o Francisco (USF) est\u00e1 com inscri\u00e7\u00f5es abertas para o Desafio Online at\u00e9 15 de fevereiro. Os melhores colocados ganham bolsas de estudo de at\u00e9 100%. A oportunidade\u00a0\u00e9 v\u00e1lida para os Cursos dos C\u00e2mpus Bragan\u00e7a Paulista, Campinas e Itatiba, al\u00e9m dos polos de educa\u00e7\u00e3o a dist\u00e2ncia. Inscri\u00e7\u00f5es em\u00a0<a href=\"http:\/\/usf.edu.br\/desafio\" data-saferedirecturl=\"https:\/\/www.google.com\/url?q=http:\/\/usf.edu.br\/desafio&amp;source=gmail&amp;ust=1674291522625000&amp;usg=AOvVaw07_RHzL7l1RAORfCN-Up2p\">usf.edu.br\/desafio<\/a>.<\/p>\n<p style=\"font-weight: 400;\">As inscri\u00e7\u00f5es s\u00e3o gratuitas e o candidato poder\u00e1 realizar o Desafio Online, que consiste em uma reda\u00e7\u00e3o. O resultado ser\u00e1 divulgado no dia seguinte ao da realiza\u00e7\u00e3o da prova na \u00c1rea do Candidato. Ao conferir o resultado, o desconto ser\u00e1 divulgado tamb\u00e9m.<\/p>\n<p style=\"font-weight: 400;\">O Desafio #Gera\u00e7\u00e3oUSF consiste na concess\u00e3o de descontos aos ingressantes via vestibular nos cursos de gradua\u00e7\u00e3o presencial, semipresencial e a dist\u00e2ncia cujo percentual varia de acordo com a pontua\u00e7\u00e3o obtida na reda\u00e7\u00e3o.<\/p>\n<p style=\"font-weight: 400;\">uPoder\u00e1 participar do Desafio quem\u00a0tenha conclu\u00eddo o Ensino M\u00e9dio at\u00e9 a data da efetiva\u00e7\u00e3o da matr\u00edcula;\u00a0\u00a0n\u00e3o tenha v\u00ednculo com a USF e\/ou com o Instituto Teol\u00f3gico Franciscano (ITF) e n\u00e3o tenha solicitado o cancelamento de matr\u00edcula ap\u00f3s 18 de janeiro de 2023.<\/p>\n<p style=\"font-weight: 400;\">Ao todo, a Universidade oferta mais de 40 cursos de gradua\u00e7\u00e3o, presenciais e a dist\u00e2ncia. S\u00e3o cursos de diferentes \u00e1reas do conhecimento, tendo cursos com conceito 5, nota m\u00e1xima no Minist\u00e9rio da Educa\u00e7\u00e3o (MEC).<\/p>\n<p style=\"font-weight: 400;\"><strong>Cursos ofertados:<\/strong><\/p>\n<p style=\"font-weight: 400;\"><strong>C\u00e2mpus Bragan\u00e7a Paulista<\/strong><\/p>\n<p style=\"font-weight: 400;\">Administra\u00e7\u00e3o, Arquitetura e Urbanismo, Ci\u00eancias Cont\u00e1beis, Engenharia Civil,\u00a0 Engenharia de Computa\u00e7\u00e3o, Engenharia de Produ\u00e7\u00e3o, Engenharia El\u00e9trica, Engenharia Mec\u00e2nica, Engenharia Qu\u00edmica, Farm\u00e1cia, Fisioterapia, Nutri\u00e7\u00e3o e Pedagogia.<\/p>\n<p style=\"font-weight: 400;\"><strong>C\u00e2mpus Campinas (Swift e Cambu\u00ed)<\/strong><\/p>\n<p style=\"font-weight: 400;\">Nutri\u00e7\u00e3o, Biomedicina e Enfermagem.<\/p>\n<p style=\"font-weight: 400;\"><strong>C\u00e2mpus Itatiba <em>(toto acima)<\/em><\/strong><\/p>\n<p style=\"font-weight: 400;\">Administra\u00e7\u00e3o, Arquitetura e Urbanismo, Biomedicina, Ci\u00eancias Cont\u00e1beis, Enfermagem, Engenharia Agron\u00f4mica, Engenharia Civil,\u00a0 Engenharia de Computa\u00e7\u00e3o, Engenharia de Produ\u00e7\u00e3o, Engenharia El\u00e9trica, Engenharia Mec\u00e2nica, Engenharia Qu\u00edmica, Fisioterapia, Medicina Veterin\u00e1ria, Nutri\u00e7\u00e3o e Pedagogia.<\/p>\n<p style=\"font-weight: 400;\"><strong>Cursos EaD<\/strong><\/p>\n<p style=\"font-weight: 400;\">Administra\u00e7\u00e3o, An\u00e1lise e Desenvolvimento de Sistemas, Ci\u00eancias Cont\u00e1beis, Ci\u00eancias Econ\u00f4micas, Com\u00e9rcio Exterior, Educa\u00e7\u00e3o F\u00edsica (Licenciatura e Bacharelado), Engenharia de Produ\u00e7\u00e3o, Engenharia de Software, Est\u00e9tica e Cosm\u00e9tica, Filosofia (Licenciatura e Bacharelado), Gastronomia, Gest\u00e3o Comercial, Gest\u00e3o da Produ\u00e7\u00e3o Industrial, Gest\u00e3o da Qualidade, Gest\u00e3o da Tecnologia da Informa\u00e7\u00e3o, Gest\u00e3o de Recursos Humanos, Gest\u00e3o Financeira, Gest\u00e3o Hospitalar, Gest\u00e3o P\u00fablica, Hist\u00f3ria (Licenciatura e Bacharelado), Letras, Log\u00edstica, Marketing, Pedagogia, Processos Gerenciais, Redes de Computadores, Servi\u00e7o Social e Teologia.<\/p>\n<p style=\"font-weight: 400;\">Saiba mais em\u00a0<a href=\"http:\/\/usf.edu.br\/desafio\" data-saferedirecturl=\"https:\/\/www.google.com\/url?q=http:\/\/usf.edu.br\/desafio&amp;source=gmail&amp;ust=1674291522625000&amp;usg=AOvVaw07_RHzL7l1RAORfCN-Up2p\">usf.edu.br\/desafio<\/a><\/p>\n<hr \/>\n<p><em>Assessoria de Comunica\u00e7\u00e3o da Universidade S\u00e3o Francisco<\/em><\/p>\n","protected":false},"excerpt":{"rendered":"<p>Universidade S\u00e3o Francisco<\/p>\n","protected":false},"author":3,"featured_media":241838,"comment_status":"open","ping_status":"open","sticky":false,"template":"","format":"standard","meta":[],"categories":[1],"tags":[354],"acf":[],"yoast_head":"<!-- This site is optimized with the Yoast SEO plugin v19.2 - https:\/\/yoast.com\/wordpress\/plugins\/seo\/ -->\n<title>USF est\u00e1 com inscri\u00e7\u00f5es abertas para o Desafio Online - Not\u00edcias - Franciscanos<\/title>\n<meta name=\"robots\" content=\"index, follow, max-snippet:-1, max-image-preview:large, max-video-preview:-1\" \/>\n<link rel=\"canonical\" href=\"https:\/\/franciscanos.org.br\/noticias\/usf-esta-com-inscricoes-abertas-para-o-desafio-online.html\" \/>\n<meta property=\"og:locale\" content=\"pt_BR\" \/>\n<meta property=\"og:type\" content=\"article\" \/>\n<meta property=\"og:title\" content=\"USF est\u00e1 com inscri\u00e7\u00f5es abertas para o Desafio Online - Not\u00edcias - Franciscanos\" \/>\n<meta property=\"og:description\" content=\"Universidade S\u00e3o Francisco\" \/>\n<meta property=\"og:url\" content=\"https:\/\/franciscanos.org.br\/noticias\/usf-esta-com-inscricoes-abertas-para-o-desafio-online.html\" \/>\n<meta property=\"og:site_name\" content=\"Not\u00edcias - Franciscanos\" \/>\n<meta property=\"article:published_time\" content=\"2023-01-20T09:08:18+00:00\" \/>\n<meta property=\"article:modified_time\" content=\"2023-01-20T09:08:53+00:00\" \/>\n<meta property=\"og:image\" content=\"https:\/\/franciscanos.org.br\/noticias\/wp-content\/uploads\/2023\/01\/campus-Itatiba_2001.jpg\" \/>\n\t<meta property=\"og:image:width\" content=\"1280\" \/>\n\t<meta property=\"og:image:height\" content=\"720\" \/>\n\t<meta property=\"og:image:type\" content=\"image\/jpeg\" \/>\n<meta name=\"author\" content=\"moacir\" \/>\n<meta name=\"twitter:card\" content=\"summary_large_image\" \/>\n<meta name=\"twitter:label1\" content=\"Escrito por\" \/>\n\t<meta name=\"twitter:data1\" content=\"moacir\" \/>\n\t<meta name=\"twitter:label2\" content=\"Est. tempo de leitura\" \/>\n\t<meta name=\"twitter:data2\" content=\"2 minutos\" \/>\n<script type=\"application\/ld+json\" class=\"yoast-schema-graph\">{\"@context\":\"https:\/\/schema.org\",\"@graph\":[{\"@type\":\"WebSite\",\"@id\":\"https:\/\/franciscanos.org.br\/noticias\/#website\",\"url\":\"https:\/\/franciscanos.org.br\/noticias\/\",\"name\":\"Not\u00edcias - Franciscanos\",\"description\":\"Prov\u00edncia Franciscana da Imaculada Concei\u00e7\u00e3o do Brasil - Ordem dos Frades Menores - OFM\",\"potentialAction\":[{\"@type\":\"SearchAction\",\"target\":{\"@type\":\"EntryPoint\",\"urlTemplate\":\"https:\/\/franciscanos.org.br\/noticias\/?s={search_term_string}\"},\"query-input\":\"required name=search_term_string\"}],\"inLanguage\":\"pt-BR\"},{\"@type\":\"ImageObject\",\"inLanguage\":\"pt-BR\",\"@id\":\"https:\/\/franciscanos.org.br\/noticias\/usf-esta-com-inscricoes-abertas-para-o-desafio-online.html#primaryimage\",\"url\":\"https:\/\/franciscanos.org.br\/noticias\/wp-content\/uploads\/2023\/01\/campus-Itatiba_2001.jpg\",\"contentUrl\":\"https:\/\/franciscanos.org.br\/noticias\/wp-content\/uploads\/2023\/01\/campus-Itatiba_2001.jpg\",\"width\":1280,\"height\":720},{\"@type\":\"WebPage\",\"@id\":\"https:\/\/franciscanos.org.br\/noticias\/usf-esta-com-inscricoes-abertas-para-o-desafio-online.html#webpage\",\"url\":\"https:\/\/franciscanos.org.br\/noticias\/usf-esta-com-inscricoes-abertas-para-o-desafio-online.html\",\"name\":\"USF est\u00e1 com inscri\u00e7\u00f5es abertas para o Desafio Online - Not\u00edcias - Franciscanos\",\"isPartOf\":{\"@id\":\"https:\/\/franciscanos.org.br\/noticias\/#website\"},\"primaryImageOfPage\":{\"@id\":\"https:\/\/franciscanos.org.br\/noticias\/usf-esta-com-inscricoes-abertas-para-o-desafio-online.html#primaryimage\"},\"datePublished\":\"2023-01-20T09:08:18+00:00\",\"dateModified\":\"2023-01-20T09:08:53+00:00\",\"author\":{\"@id\":\"https:\/\/franciscanos.org.br\/noticias\/#\/schema\/person\/b5c8cba458c330ccff548b056e95a5d4\"},\"breadcrumb\":{\"@id\":\"https:\/\/franciscanos.org.br\/noticias\/usf-esta-com-inscricoes-abertas-para-o-desafio-online.html#breadcrumb\"},\"inLanguage\":\"pt-BR\",\"potentialAction\":[{\"@type\":\"ReadAction\",\"target\":[\"https:\/\/franciscanos.org.br\/noticias\/usf-esta-com-inscricoes-abertas-para-o-desafio-online.html\"]}]},{\"@type\":\"BreadcrumbList\",\"@id\":\"https:\/\/franciscanos.org.br\/noticias\/usf-esta-com-inscricoes-abertas-para-o-desafio-online.html#breadcrumb\",\"itemListElement\":[{\"@type\":\"ListItem\",\"position\":1,\"name\":\"Home\",\"item\":\"https:\/\/franciscanos.org.br\/noticias\"},{\"@type\":\"ListItem\",\"position\":2,\"name\":\"USF est\u00e1 com inscri\u00e7\u00f5es abertas para o Desafio Online\"}]},{\"@type\":\"Person\",\"@id\":\"https:\/\/franciscanos.org.br\/noticias\/#\/schema\/person\/b5c8cba458c330ccff548b056e95a5d4\",\"name\":\"moacir\",\"image\":{\"@type\":\"ImageObject\",\"inLanguage\":\"pt-BR\",\"@id\":\"https:\/\/franciscanos.org.br\/noticias\/#\/schema\/person\/image\/\",\"url\":\"https:\/\/secure.gravatar.com\/avatar\/d08aa2ce4c8dd416d4479aa8536fcf64?s=96&d=mm&r=g\",\"contentUrl\":\"https:\/\/secure.gravatar.com\/avatar\/d08aa2ce4c8dd416d4479aa8536fcf64?s=96&d=mm&r=g\",\"caption\":\"moacir\"},\"url\":\"https:\/\/franciscanos.org.br\/noticias\/author\/moacir\"}]}<\/script>\n<!-- \/ Yoast SEO plugin. -->","yoast_head_json":{"title":"USF est\u00e1 com inscri\u00e7\u00f5es abertas para o Desafio Online - Not\u00edcias - Franciscanos","robots":{"index":"index","follow":"follow","max-snippet":"max-snippet:-1","max-image-preview":"max-image-preview:large","max-video-preview":"max-video-preview:-1"},"canonical":"https:\/\/franciscanos.org.br\/noticias\/usf-esta-com-inscricoes-abertas-para-o-desafio-online.html","og_locale":"pt_BR","og_type":"article","og_title":"USF est\u00e1 com inscri\u00e7\u00f5es abertas para o Desafio Online - Not\u00edcias - Franciscanos","og_description":"Universidade S\u00e3o Francisco","og_url":"https:\/\/franciscanos.org.br\/noticias\/usf-esta-com-inscricoes-abertas-para-o-desafio-online.html","og_site_name":"Not\u00edcias - Franciscanos","article_published_time":"2023-01-20T09:08:18+00:00","article_modified_time":"2023-01-20T09:08:53+00:00","og_image":[{"width":1280,"height":720,"url":"https:\/\/franciscanos.org.br\/noticias\/wp-content\/uploads\/2023\/01\/campus-Itatiba_2001.jpg","type":"image\/jpeg"}],"author":"moacir","twitter_card":"summary_large_image","twitter_misc":{"Escrito por":"moacir","Est. tempo de leitura":"2 minutos"},"schema":{"@context":"https:\/\/schema.org","@graph":[{"@type":"WebSite","@id":"https:\/\/franciscanos.org.br\/noticias\/#website","url":"https:\/\/franciscanos.org.br\/noticias\/","name":"Not\u00edcias - Franciscanos","description":"Prov\u00edncia Franciscana da Imaculada Concei\u00e7\u00e3o do Brasil - Ordem dos Frades Menores - OFM","potentialAction":[{"@type":"SearchAction","target":{"@type":"EntryPoint","urlTemplate":"https:\/\/franciscanos.org.br\/noticias\/?s={search_term_string}"},"query-input":"required name=search_term_string"}],"inLanguage":"pt-BR"},{"@type":"ImageObject","inLanguage":"pt-BR","@id":"https:\/\/franciscanos.org.br\/noticias\/usf-esta-com-inscricoes-abertas-para-o-desafio-online.html#primaryimage","url":"https:\/\/franciscanos.org.br\/noticias\/wp-content\/uploads\/2023\/01\/campus-Itatiba_2001.jpg","contentUrl":"https:\/\/franciscanos.org.br\/noticias\/wp-content\/uploads\/2023\/01\/campus-Itatiba_2001.jpg","width":1280,"height":720},{"@type":"WebPage","@id":"https:\/\/franciscanos.org.br\/noticias\/usf-esta-com-inscricoes-abertas-para-o-desafio-online.html#webpage","url":"https:\/\/franciscanos.org.br\/noticias\/usf-esta-com-inscricoes-abertas-para-o-desafio-online.html","name":"USF est\u00e1 com inscri\u00e7\u00f5es abertas para o Desafio Online - Not\u00edcias - Franciscanos","isPartOf":{"@id":"https:\/\/franciscanos.org.br\/noticias\/#website"},"primaryImageOfPage":{"@id":"https:\/\/franciscanos.org.br\/noticias\/usf-esta-com-inscricoes-abertas-para-o-desafio-online.html#primaryimage"},"datePublished":"2023-01-20T09:08:18+00:00","dateModified":"2023-01-20T09:08:53+00:00","author":{"@id":"https:\/\/franciscanos.org.br\/noticias\/#\/schema\/person\/b5c8cba458c330ccff548b056e95a5d4"},"breadcrumb":{"@id":"https:\/\/franciscanos.org.br\/noticias\/usf-esta-com-inscricoes-abertas-para-o-desafio-online.html#breadcrumb"},"inLanguage":"pt-BR","potentialAction":[{"@type":"ReadAction","target":["https:\/\/franciscanos.org.br\/noticias\/usf-esta-com-inscricoes-abertas-para-o-desafio-online.html"]}]},{"@type":"BreadcrumbList","@id":"https:\/\/franciscanos.org.br\/noticias\/usf-esta-com-inscricoes-abertas-para-o-desafio-online.html#breadcrumb","itemListElement":[{"@type":"ListItem","position":1,"name":"Home","item":"https:\/\/franciscanos.org.br\/noticias"},{"@type":"ListItem","position":2,"name":"USF est\u00e1 com inscri\u00e7\u00f5es abertas para o Desafio Online"}]},{"@type":"Person","@id":"https:\/\/franciscanos.org.br\/noticias\/#\/schema\/person\/b5c8cba458c330ccff548b056e95a5d4","name":"moacir","image":{"@type":"ImageObject","inLanguage":"pt-BR","@id":"https:\/\/franciscanos.org.br\/noticias\/#\/schema\/person\/image\/","url":"https:\/\/secure.gravatar.com\/avatar\/d08aa2ce4c8dd416d4479aa8536fcf64?s=96&d=mm&r=g","contentUrl":"https:\/\/secure.gravatar.com\/avatar\/d08aa2ce4c8dd416d4479aa8536fcf64?s=96&d=mm&r=g","caption":"moacir"},"url":"https:\/\/franciscanos.org.br\/noticias\/author\/moacir"}]}},"_links":{"self":[{"href":"https:\/\/franciscanos.org.br\/noticias\/wp-json\/wp\/v2\/posts\/241837"}],"collection":[{"href":"https:\/\/franciscanos.org.br\/noticias\/wp-json\/wp\/v2\/posts"}],"about":[{"href":"https:\/\/franciscanos.org.br\/noticias\/wp-json\/wp\/v2\/types\/post"}],"author":[{"embeddable":true,"href":"https:\/\/franciscanos.org.br\/noticias\/wp-json\/wp\/v2\/users\/3"}],"replies":[{"embeddable":true,"href":"https:\/\/franciscanos.org.br\/noticias\/wp-json\/wp\/v2\/comments?post=241837"}],"version-history":[{"count":2,"href":"https:\/\/franciscanos.org.br\/noticias\/wp-json\/wp\/v2\/posts\/241837\/revisions"}],"predecessor-version":[{"id":241840,"href":"https:\/\/franciscanos.org.br\/noticias\/wp-json\/wp\/v2\/posts\/241837\/revisions\/241840"}],"wp:featuredmedia":[{"embeddable":true,"href":"https:\/\/franciscanos.org.br\/noticias\/wp-json\/wp\/v2\/media\/241838"}],"wp:attachment":[{"href":"https:\/\/franciscanos.org.br\/noticias\/wp-json\/wp\/v2\/media?parent=241837"}],"wp:term":[{"taxonomy":"category","embeddable":true,"href":"https:\/\/franciscanos.org.br\/noticias\/wp-json\/wp\/v2\/categories?post=241837"},{"taxonomy":"post_tag","embeddable":true,"href":"https:\/\/franciscanos.org.br\/noticias\/wp-json\/wp\/v2\/tags?post=241837"}],"curies":[{"name":"wp","href":"https:\/\/api.w.org\/{rel}","templated":true}]}}