{"id":241814,"date":"2023-01-18T07:19:53","date_gmt":"2023-01-18T10:19:53","guid":{"rendered":"https:\/\/franciscanos.org.br\/noticias\/?p=241814"},"modified":"2023-01-18T07:19:53","modified_gmt":"2023-01-18T10:19:53","slug":"papa-jesus-tem-saudade-de-nos-este-e-o-zelo-de-deus","status":"publish","type":"post","link":"https:\/\/franciscanos.org.br\/noticias\/papa-jesus-tem-saudade-de-nos-este-e-o-zelo-de-deus.html","title":{"rendered":"Papa: Jesus tem saudade de n\u00f3s. Este \u00e9 o zelo de Deus."},"content":{"rendered":"<div id=\"attachment_241815\" style=\"width: 1510px\" class=\"wp-caption alignnone\"><img aria-describedby=\"caption-attachment-241815\" loading=\"lazy\" class=\"wp-image-241815 size-full\" src=\"https:\/\/franciscanos.org.br\/noticias\/wp-content\/uploads\/2023\/01\/audiencia_1801.jpeg\" alt=\"\" width=\"1500\" height=\"844\" srcset=\"https:\/\/franciscanos.org.br\/noticias\/wp-content\/uploads\/2023\/01\/audiencia_1801.jpeg 1500w, https:\/\/franciscanos.org.br\/noticias\/wp-content\/uploads\/2023\/01\/audiencia_1801-450x253.jpeg 450w, https:\/\/franciscanos.org.br\/noticias\/wp-content\/uploads\/2023\/01\/audiencia_1801-1024x576.jpeg 1024w, https:\/\/franciscanos.org.br\/noticias\/wp-content\/uploads\/2023\/01\/audiencia_1801-768x432.jpeg 768w, https:\/\/franciscanos.org.br\/noticias\/wp-content\/uploads\/2023\/01\/audiencia_1801-150x84.jpeg 150w\" sizes=\"(max-width: 1500px) 100vw, 1500px\" \/><p id=\"caption-attachment-241815\" class=\"wp-caption-text\">\u00a0 \u00a0 \u00a0 \u00a0 \u00a0 \u00a0 \u00a0 \u00a0 \u00a0 \u00a0 \u00a0 \u00a0 \u00a0 \u00a0 \u00a0 \u00a0 \u00a0 \u00a0 \u00a0 \u00a0 \u00a0 \u00a0 \u00a0 \u00a0 \u00a0 \u00a0 \u00a0 \u00a0 \u00a0 \u00a0 \u00a0 \u00a0 \u00a0 \u00a0 \u00a0 \u00a0 \u00a0 \u00a0 \u00a0 \u00a0 \u00a0 \u00a0 \u00a0 \u00a0 \u00a0 \u00a0 \u00a0 \u00a0 \u00a0 \u00a0 \u00a0 \u00a0 \u00a0 <em>\u00a0 \u00a0 \u00a0 Imagem: Vatican Media Divisione Foto)<\/em><\/p><\/div>\n<p>Na Audi\u00eancia Geral, desta quarta-feira (18\/01), realizada na Sala Paulo VI, o Papa Francisco deu continuidade ao ciclo de catequeses sobre o zelo apost\u00f3lico que deve animar a Igreja e cada crist\u00e3o, convidando a olhar para &#8220;o modelo insuper\u00e1vel do an\u00fancio: Jesus&#8221;.<\/p>\n<p>O fato de Jesus &#8220;ser o Verbo, ou seja, a Palavra&#8221;, nos indica que Ele &#8220;est\u00e1 sempre em rela\u00e7\u00e3o, em sa\u00edda, nunca isolado, sempre em rela\u00e7\u00e3o, em sa\u00edda. Com efeito, a palavra existe para ser transmitida, comunicada. Assim \u00e9 Jesus, Palavra eterna do Pai comunicada a n\u00f3s. Cristo n\u00e3o s\u00f3 tem palavras de vida, mas faz da sua vida uma Palavra, uma mensagem: ou seja, vive sempre voltado para o Pai e para n\u00f3s. Sempre olhando para o Pai que o enviou e olhando para n\u00f3s aos quais Ele foi enviado&#8221;.<\/p>\n<p>Jesus tem &#8220;intimidade com o Pai, ora\u00e7\u00e3o&#8221; e &#8220;todas as decis\u00f5es e escolhas importantes s\u00e3o feitas depois de ter rezado. Nesta rela\u00e7\u00e3o, na ora\u00e7\u00e3o que o une ao Pai no Esp\u00edrito, Jesus descobre o sentido do seu ser homem, da sua exist\u00eancia no mundo porque Ele est\u00e1 em miss\u00e3o para n\u00f3s, enviado pelo Pai a n\u00f3s&#8221;. Jesus &#8220;nos oferece a chave do seu agir no mundo: despender-se pelos pecadores, tornando-se solid\u00e1rio para connosco sem dist\u00e2ncias, na partilha total da vida&#8221;. &#8220;Falando da sua miss\u00e3o&#8221;, Jesus &#8220;dir\u00e1 que n\u00e3o veio \u00abpara ser servido, mas para servir e dar a sua vida\u00bb. Todos os dias, depois da ora\u00e7\u00e3o, Jesus dedica toda a sua jornada ao an\u00fancio do Reino de Deus e a dedica \u00e0s pessoas, sobretudo aos mais pobres e fr\u00e1geis, aos pecadores e doentes. Ou seja, Jesus est\u00e1 em contato com o Pai na ora\u00e7\u00e3o e depois est\u00e1 em contato com as pessoas para a miss\u00e3o, para a catequese, para ensinar o caminho para o Reino de Deus&#8221;.<\/p>\n<p>Jesus nos oferece a sua imagem, &#8220;o seu estilo de vida&#8221;, falando de si como do bom Pastor, aquele que \u00abd\u00e1 a sua vida pelas ovelhas\u00bb.<\/p>\n<p>Com efeito, ser pastor n\u00e3o era apenas um trabalho, que exigia tempo e muito esfor\u00e7o; era um verdadeiro estilo de vida: vinte e quatro horas por dia, vivendo com o rebanho, acompanhando-o ao pasto, dormindo entre as ovelhas, cuidando das mais fr\u00e1geis. Em s\u00edntese, Jesus n\u00e3o faz algo por n\u00f3s, mas d\u00e1 a vida por n\u00f3s. O seu \u00e9 um cora\u00e7\u00e3o pastoral. Ele \u00e9 um pastor com todos n\u00f3s.<\/p>\n<p>&#8220;Para resumir numa palavra a a\u00e7\u00e3o da Igreja, usa-se muitas vezes o termo \u201cpastoral\u201d. E para avaliar a nossa pastoral, devemos nos confrontar com o modelo, Jesus bom Pastor.&#8221; &#8220;Quem est\u00e1 com Jesus, descobre que o seu cora\u00e7\u00e3o pastoral bate sempre por quantos est\u00e3o perdidos, transviados, distantes. E o nosso?&#8221;, perguntou o Papa, ressaltando que muitas vezes dizemos: &#8220;\u00c9 problema dele, que se vire&#8221;, temos uma atitude estranha &#8220;com quem \u00e9 um pouco dif\u00edcil ou que \u00e9 um pouco dif\u00edcil para n\u00f3s. Jesus nunca disse isso, nunca. Ele vai ao encontro de todos, de todos os marginalizados, dos pecadores. Ele era acusado disso: de estar com os pecadores, porque levava aos pecadores a salva\u00e7\u00e3o de Deus&#8221;.<\/p>\n<p>A seguir, Francisco disse que &#8220;se quisermos treinar o nosso zelo apost\u00f3lico&#8221;, devemos recordar sempre a par\u00e1bola da ovelha perdida, contida no cap\u00edtulo 15 de Lucas. &#8220;Ali podemos entender o que \u00e9 o zelo apost\u00f3lico&#8221;. Nessa par\u00e1bola &#8220;descobrimos que Deus n\u00e3o contempla o redil das suas ovelhas, nem as amea\u00e7a para que n\u00e3o v\u00e3o embora. Pelo contr\u00e1rio, se uma sai e se perde, n\u00e3o a abandona, mas vai \u00e0 sua procura. N\u00e3o diz: \u201cFoi-se, a culpa \u00e9 dela, o problema \u00e9 seu\u201d.<\/p>\n<p>O cora\u00e7\u00e3o pastoral reage de outra maneira: sofre e arrisca. Sofre: sim, Deus sofre por quem parte, e na medida em que o chora, ama-o ainda mais. O Senhor sofre quando nos distanciamos do seu cora\u00e7\u00e3o. Sofre por quem n\u00e3o conhece a beleza do seu amor, nem o calor do seu abra\u00e7o. Mas, em resposta a este sofrimento, n\u00e3o se fecha, mas arrisca: deixa as noventa e nove ovelhas que est\u00e3o a salvo e aventura-se em busca da \u00fanica que se perdeu, fazendo assim algo arriscado e at\u00e9 irracional, mas em sintonia com o seu cora\u00e7\u00e3o pastoral, que tem saudades de quantos se foram. Quando ouvimos dizer que algu\u00e9m deixou a Igreja o que dizer? Que se vire? N\u00e3o. Jesus nos ensina a saudade daqueles que se foram. Jesus n\u00e3o tem raiva nem ressentimento, mas uma irredut\u00edvel saudade de n\u00f3s. Jesus tem saudade de n\u00f3s. Este \u00e9 o zelo de Deus!<\/p>\n<p>Segundo o Papa, &#8220;talvez sigamos e amemos Jesus h\u00e1 muito tempo, sem nunca nos perguntarmos se compartilhamos os seus sentimentos, se sofremos e arriscamos, em sintonia com o seu cora\u00e7\u00e3o pastoral! N\u00e3o se trata de fazer proselitismo, para que outros sejam \u201cdos nossos\u201d, mas de amar a fim de que sejam filhos felizes de Deus&#8221;. &#8220;Evangelizar n\u00e3o \u00e9 fazer proselitismo. Fazer proselitismo \u00e9 uma coisa pag\u00e3, n\u00e3o \u00e9 religioso nem evang\u00e9lico&#8221;, sublinhou Francisco, convidando a pedir &#8220;na ora\u00e7\u00e3o a gra\u00e7a de um cora\u00e7\u00e3o pastoral, aberto, pr\u00f3ximo a todos, para levar a mensagem do Senhor e ouvir os que t\u00eam saudade de Cristo. Sem este amor que sofre e arrisca, correremos o risco de nos apascentarmos unicamente a n\u00f3s pr\u00f3prios&#8221;.<\/p>\n<hr \/>\n<p><em>Fonte: Vatican News (texto Mariangela Jaguraba)<\/em><\/p>\n<p>&nbsp;<\/p>\n","protected":false},"excerpt":{"rendered":"<p>Audi\u00eancia Geral<\/p>\n","protected":false},"author":3,"featured_media":241815,"comment_status":"open","ping_status":"open","sticky":false,"template":"","format":"standard","meta":[],"categories":[1428],"tags":[487],"acf":[],"yoast_head":"<!-- This site is optimized with the Yoast SEO plugin v19.2 - https:\/\/yoast.com\/wordpress\/plugins\/seo\/ -->\n<title>Papa: Jesus tem saudade de n\u00f3s. Este \u00e9 o zelo de Deus. - Not\u00edcias - Franciscanos<\/title>\n<meta name=\"robots\" content=\"index, follow, max-snippet:-1, max-image-preview:large, max-video-preview:-1\" \/>\n<link rel=\"canonical\" href=\"https:\/\/franciscanos.org.br\/noticias\/papa-jesus-tem-saudade-de-nos-este-e-o-zelo-de-deus.html\" \/>\n<meta property=\"og:locale\" content=\"pt_BR\" \/>\n<meta property=\"og:type\" content=\"article\" \/>\n<meta property=\"og:title\" content=\"Papa: Jesus tem saudade de n\u00f3s. Este \u00e9 o zelo de Deus. - Not\u00edcias - Franciscanos\" \/>\n<meta property=\"og:description\" content=\"Audi\u00eancia Geral\" \/>\n<meta property=\"og:url\" content=\"https:\/\/franciscanos.org.br\/noticias\/papa-jesus-tem-saudade-de-nos-este-e-o-zelo-de-deus.html\" \/>\n<meta property=\"og:site_name\" content=\"Not\u00edcias - Franciscanos\" \/>\n<meta property=\"article:published_time\" content=\"2023-01-18T10:19:53+00:00\" \/>\n<meta property=\"og:image\" content=\"https:\/\/franciscanos.org.br\/noticias\/wp-content\/uploads\/2023\/01\/audiencia_1801.jpeg\" \/>\n\t<meta property=\"og:image:width\" content=\"1500\" \/>\n\t<meta property=\"og:image:height\" content=\"844\" \/>\n\t<meta property=\"og:image:type\" content=\"image\/jpeg\" \/>\n<meta name=\"author\" content=\"moacir\" \/>\n<meta name=\"twitter:card\" content=\"summary_large_image\" \/>\n<meta name=\"twitter:label1\" content=\"Escrito por\" \/>\n\t<meta name=\"twitter:data1\" content=\"moacir\" \/>\n\t<meta name=\"twitter:label2\" content=\"Est. tempo de leitura\" \/>\n\t<meta name=\"twitter:data2\" content=\"6 minutos\" \/>\n<script type=\"application\/ld+json\" class=\"yoast-schema-graph\">{\"@context\":\"https:\/\/schema.org\",\"@graph\":[{\"@type\":\"WebSite\",\"@id\":\"https:\/\/franciscanos.org.br\/noticias\/#website\",\"url\":\"https:\/\/franciscanos.org.br\/noticias\/\",\"name\":\"Not\u00edcias - Franciscanos\",\"description\":\"Prov\u00edncia Franciscana da Imaculada Concei\u00e7\u00e3o do Brasil - Ordem dos Frades Menores - OFM\",\"potentialAction\":[{\"@type\":\"SearchAction\",\"target\":{\"@type\":\"EntryPoint\",\"urlTemplate\":\"https:\/\/franciscanos.org.br\/noticias\/?s={search_term_string}\"},\"query-input\":\"required name=search_term_string\"}],\"inLanguage\":\"pt-BR\"},{\"@type\":\"ImageObject\",\"inLanguage\":\"pt-BR\",\"@id\":\"https:\/\/franciscanos.org.br\/noticias\/papa-jesus-tem-saudade-de-nos-este-e-o-zelo-de-deus.html#primaryimage\",\"url\":\"https:\/\/franciscanos.org.br\/noticias\/wp-content\/uploads\/2023\/01\/audiencia_1801.jpeg\",\"contentUrl\":\"https:\/\/franciscanos.org.br\/noticias\/wp-content\/uploads\/2023\/01\/audiencia_1801.jpeg\",\"width\":1500,\"height\":844},{\"@type\":\"WebPage\",\"@id\":\"https:\/\/franciscanos.org.br\/noticias\/papa-jesus-tem-saudade-de-nos-este-e-o-zelo-de-deus.html#webpage\",\"url\":\"https:\/\/franciscanos.org.br\/noticias\/papa-jesus-tem-saudade-de-nos-este-e-o-zelo-de-deus.html\",\"name\":\"Papa: Jesus tem saudade de n\u00f3s. Este \u00e9 o zelo de Deus. - Not\u00edcias - Franciscanos\",\"isPartOf\":{\"@id\":\"https:\/\/franciscanos.org.br\/noticias\/#website\"},\"primaryImageOfPage\":{\"@id\":\"https:\/\/franciscanos.org.br\/noticias\/papa-jesus-tem-saudade-de-nos-este-e-o-zelo-de-deus.html#primaryimage\"},\"datePublished\":\"2023-01-18T10:19:53+00:00\",\"dateModified\":\"2023-01-18T10:19:53+00:00\",\"author\":{\"@id\":\"https:\/\/franciscanos.org.br\/noticias\/#\/schema\/person\/b5c8cba458c330ccff548b056e95a5d4\"},\"breadcrumb\":{\"@id\":\"https:\/\/franciscanos.org.br\/noticias\/papa-jesus-tem-saudade-de-nos-este-e-o-zelo-de-deus.html#breadcrumb\"},\"inLanguage\":\"pt-BR\",\"potentialAction\":[{\"@type\":\"ReadAction\",\"target\":[\"https:\/\/franciscanos.org.br\/noticias\/papa-jesus-tem-saudade-de-nos-este-e-o-zelo-de-deus.html\"]}]},{\"@type\":\"BreadcrumbList\",\"@id\":\"https:\/\/franciscanos.org.br\/noticias\/papa-jesus-tem-saudade-de-nos-este-e-o-zelo-de-deus.html#breadcrumb\",\"itemListElement\":[{\"@type\":\"ListItem\",\"position\":1,\"name\":\"Home\",\"item\":\"https:\/\/franciscanos.org.br\/noticias\"},{\"@type\":\"ListItem\",\"position\":2,\"name\":\"Papa: Jesus tem saudade de n\u00f3s. Este \u00e9 o zelo de Deus.\"}]},{\"@type\":\"Person\",\"@id\":\"https:\/\/franciscanos.org.br\/noticias\/#\/schema\/person\/b5c8cba458c330ccff548b056e95a5d4\",\"name\":\"moacir\",\"image\":{\"@type\":\"ImageObject\",\"inLanguage\":\"pt-BR\",\"@id\":\"https:\/\/franciscanos.org.br\/noticias\/#\/schema\/person\/image\/\",\"url\":\"https:\/\/secure.gravatar.com\/avatar\/d08aa2ce4c8dd416d4479aa8536fcf64?s=96&d=mm&r=g\",\"contentUrl\":\"https:\/\/secure.gravatar.com\/avatar\/d08aa2ce4c8dd416d4479aa8536fcf64?s=96&d=mm&r=g\",\"caption\":\"moacir\"},\"url\":\"https:\/\/franciscanos.org.br\/noticias\/author\/moacir\"}]}<\/script>\n<!-- \/ Yoast SEO plugin. -->","yoast_head_json":{"title":"Papa: Jesus tem saudade de n\u00f3s. Este \u00e9 o zelo de Deus. - Not\u00edcias - Franciscanos","robots":{"index":"index","follow":"follow","max-snippet":"max-snippet:-1","max-image-preview":"max-image-preview:large","max-video-preview":"max-video-preview:-1"},"canonical":"https:\/\/franciscanos.org.br\/noticias\/papa-jesus-tem-saudade-de-nos-este-e-o-zelo-de-deus.html","og_locale":"pt_BR","og_type":"article","og_title":"Papa: Jesus tem saudade de n\u00f3s. Este \u00e9 o zelo de Deus. - Not\u00edcias - Franciscanos","og_description":"Audi\u00eancia Geral","og_url":"https:\/\/franciscanos.org.br\/noticias\/papa-jesus-tem-saudade-de-nos-este-e-o-zelo-de-deus.html","og_site_name":"Not\u00edcias - Franciscanos","article_published_time":"2023-01-18T10:19:53+00:00","og_image":[{"width":1500,"height":844,"url":"https:\/\/franciscanos.org.br\/noticias\/wp-content\/uploads\/2023\/01\/audiencia_1801.jpeg","type":"image\/jpeg"}],"author":"moacir","twitter_card":"summary_large_image","twitter_misc":{"Escrito por":"moacir","Est. tempo de leitura":"6 minutos"},"schema":{"@context":"https:\/\/schema.org","@graph":[{"@type":"WebSite","@id":"https:\/\/franciscanos.org.br\/noticias\/#website","url":"https:\/\/franciscanos.org.br\/noticias\/","name":"Not\u00edcias - Franciscanos","description":"Prov\u00edncia Franciscana da Imaculada Concei\u00e7\u00e3o do Brasil - Ordem dos Frades Menores - OFM","potentialAction":[{"@type":"SearchAction","target":{"@type":"EntryPoint","urlTemplate":"https:\/\/franciscanos.org.br\/noticias\/?s={search_term_string}"},"query-input":"required name=search_term_string"}],"inLanguage":"pt-BR"},{"@type":"ImageObject","inLanguage":"pt-BR","@id":"https:\/\/franciscanos.org.br\/noticias\/papa-jesus-tem-saudade-de-nos-este-e-o-zelo-de-deus.html#primaryimage","url":"https:\/\/franciscanos.org.br\/noticias\/wp-content\/uploads\/2023\/01\/audiencia_1801.jpeg","contentUrl":"https:\/\/franciscanos.org.br\/noticias\/wp-content\/uploads\/2023\/01\/audiencia_1801.jpeg","width":1500,"height":844},{"@type":"WebPage","@id":"https:\/\/franciscanos.org.br\/noticias\/papa-jesus-tem-saudade-de-nos-este-e-o-zelo-de-deus.html#webpage","url":"https:\/\/franciscanos.org.br\/noticias\/papa-jesus-tem-saudade-de-nos-este-e-o-zelo-de-deus.html","name":"Papa: Jesus tem saudade de n\u00f3s. Este \u00e9 o zelo de Deus. - Not\u00edcias - Franciscanos","isPartOf":{"@id":"https:\/\/franciscanos.org.br\/noticias\/#website"},"primaryImageOfPage":{"@id":"https:\/\/franciscanos.org.br\/noticias\/papa-jesus-tem-saudade-de-nos-este-e-o-zelo-de-deus.html#primaryimage"},"datePublished":"2023-01-18T10:19:53+00:00","dateModified":"2023-01-18T10:19:53+00:00","author":{"@id":"https:\/\/franciscanos.org.br\/noticias\/#\/schema\/person\/b5c8cba458c330ccff548b056e95a5d4"},"breadcrumb":{"@id":"https:\/\/franciscanos.org.br\/noticias\/papa-jesus-tem-saudade-de-nos-este-e-o-zelo-de-deus.html#breadcrumb"},"inLanguage":"pt-BR","potentialAction":[{"@type":"ReadAction","target":["https:\/\/franciscanos.org.br\/noticias\/papa-jesus-tem-saudade-de-nos-este-e-o-zelo-de-deus.html"]}]},{"@type":"BreadcrumbList","@id":"https:\/\/franciscanos.org.br\/noticias\/papa-jesus-tem-saudade-de-nos-este-e-o-zelo-de-deus.html#breadcrumb","itemListElement":[{"@type":"ListItem","position":1,"name":"Home","item":"https:\/\/franciscanos.org.br\/noticias"},{"@type":"ListItem","position":2,"name":"Papa: Jesus tem saudade de n\u00f3s. Este \u00e9 o zelo de Deus."}]},{"@type":"Person","@id":"https:\/\/franciscanos.org.br\/noticias\/#\/schema\/person\/b5c8cba458c330ccff548b056e95a5d4","name":"moacir","image":{"@type":"ImageObject","inLanguage":"pt-BR","@id":"https:\/\/franciscanos.org.br\/noticias\/#\/schema\/person\/image\/","url":"https:\/\/secure.gravatar.com\/avatar\/d08aa2ce4c8dd416d4479aa8536fcf64?s=96&d=mm&r=g","contentUrl":"https:\/\/secure.gravatar.com\/avatar\/d08aa2ce4c8dd416d4479aa8536fcf64?s=96&d=mm&r=g","caption":"moacir"},"url":"https:\/\/franciscanos.org.br\/noticias\/author\/moacir"}]}},"_links":{"self":[{"href":"https:\/\/franciscanos.org.br\/noticias\/wp-json\/wp\/v2\/posts\/241814"}],"collection":[{"href":"https:\/\/franciscanos.org.br\/noticias\/wp-json\/wp\/v2\/posts"}],"about":[{"href":"https:\/\/franciscanos.org.br\/noticias\/wp-json\/wp\/v2\/types\/post"}],"author":[{"embeddable":true,"href":"https:\/\/franciscanos.org.br\/noticias\/wp-json\/wp\/v2\/users\/3"}],"replies":[{"embeddable":true,"href":"https:\/\/franciscanos.org.br\/noticias\/wp-json\/wp\/v2\/comments?post=241814"}],"version-history":[{"count":1,"href":"https:\/\/franciscanos.org.br\/noticias\/wp-json\/wp\/v2\/posts\/241814\/revisions"}],"predecessor-version":[{"id":241816,"href":"https:\/\/franciscanos.org.br\/noticias\/wp-json\/wp\/v2\/posts\/241814\/revisions\/241816"}],"wp:featuredmedia":[{"embeddable":true,"href":"https:\/\/franciscanos.org.br\/noticias\/wp-json\/wp\/v2\/media\/241815"}],"wp:attachment":[{"href":"https:\/\/franciscanos.org.br\/noticias\/wp-json\/wp\/v2\/media?parent=241814"}],"wp:term":[{"taxonomy":"category","embeddable":true,"href":"https:\/\/franciscanos.org.br\/noticias\/wp-json\/wp\/v2\/categories?post=241814"},{"taxonomy":"post_tag","embeddable":true,"href":"https:\/\/franciscanos.org.br\/noticias\/wp-json\/wp\/v2\/tags?post=241814"}],"curies":[{"name":"wp","href":"https:\/\/api.w.org\/{rel}","templated":true}]}}