{"id":241811,"date":"2023-01-17T14:45:47","date_gmt":"2023-01-17T17:45:47","guid":{"rendered":"https:\/\/franciscanos.org.br\/noticias\/?p=241811"},"modified":"2023-01-31T07:48:15","modified_gmt":"2023-01-31T10:48:15","slug":"reencontro-marca-a-27a-assembleia-da-uclaf","status":"publish","type":"post","link":"https:\/\/franciscanos.org.br\/noticias\/reencontro-marca-a-27a-assembleia-da-uclaf.html","title":{"rendered":"Reencontro marca a 27\u00aa Assembleia da UCLAF"},"content":{"rendered":"<p><img loading=\"lazy\" class=\"alignnone size-full wp-image-241812\" src=\"https:\/\/franciscanos.org.br\/noticias\/wp-content\/uploads\/2023\/01\/ordem_1301.png\" alt=\"\" width=\"1280\" height=\"762\" srcset=\"https:\/\/franciscanos.org.br\/noticias\/wp-content\/uploads\/2023\/01\/ordem_1301.png 1280w, https:\/\/franciscanos.org.br\/noticias\/wp-content\/uploads\/2023\/01\/ordem_1301-450x268.png 450w, https:\/\/franciscanos.org.br\/noticias\/wp-content\/uploads\/2023\/01\/ordem_1301-1024x610.png 1024w, https:\/\/franciscanos.org.br\/noticias\/wp-content\/uploads\/2023\/01\/ordem_1301-768x457.png 768w, https:\/\/franciscanos.org.br\/noticias\/wp-content\/uploads\/2023\/01\/ordem_1301-150x89.png 150w\" sizes=\"(max-width: 1280px) 100vw, 1280px\" \/><\/p>\n<p>Pela primeira vez depois de tr\u00eas anos de pandemia, os frades que representam as Prov\u00edncias e Cust\u00f3dias da Uni\u00e3o das Confer\u00eancias Latino-americanas Franciscanas (UCLAF) voltam a se encontrar presencialmente. Desta vez, o hist\u00f3rico Convento S\u00e3o Francisco, no centro de S\u00e3o Paulo, vai sediar a 27\u00aa Assembleia Geral, j\u00e1 que a anterior foi realizada por meio de videoconfer\u00eancia em 2020, quando a pandemia de Covid-19 assustava o mundo, especialmente a Am\u00e9rica Latina.<\/p>\n<p>&#8220;Construindo o Caminho Sinodal como Frades Menores&#8221; \u00e9 o tema desta edi\u00e7\u00e3o, de 22 a 28 de janeiro, e ter\u00e1 a presen\u00e7a do Ministro Geral, Frei Massimo Fusarelli, do Vig\u00e1rio Geral, Frei Ignacio Ceja Jim\u00e9nez, e o Definit\u00f3rio Geral, especialmente dos Definidores para a Am\u00e9rica Latina, Frei C\u00e9sar K\u00fclkamp e Frei Joaqu\u00edn Echeverry Hincapi\u00e9. O novo governo da Ordem dos Frades Menores foi eleito no Cap\u00edtulo Geral em julho de 2021 e Frei Massimo \u00e9 o 121\u00ba sucessor de S\u00e3o Francisco de Assis.<\/p>\n<p>Participar\u00e3o deste evento as Confer\u00eancias Brasileira e Cone Sul, a Bolivariana e a Guadalupana. Frei Jos\u00e9 Alirio Urbina Rodr\u00edguez \u00e9 o presidente da UCLAF. A Confer\u00eancia Brasileira e do Cone Sul, presidida por Frei Daniel Alejandro Fleitas Zeni, ser\u00e1 a anfitri\u00e3, j\u00e1 que a Assembleia anterior teria sede no Brasil se fosse presencialmente.<\/p>\n<p>&#8220;A UCLAF \u00e9 um organismo de anima\u00e7\u00e3o da Ordem dos Frades Menores que chega \u00e0 marca hist\u00f3rica de 55 anos de exist\u00eancia. Nasceu motivada pelo impulso renovador do Conc\u00edlio Vaticano II para promover a unidade e a busca de colabora\u00e7\u00e3o na vida e na miss\u00e3o da Ordem no contexto da Am\u00e9rica Latina. Em todos estes anos, ela tem buscado promover a colabora\u00e7\u00e3o em suas presen\u00e7as evangelizadoras (hist\u00f3ricos santu\u00e1rios, vicariatos, par\u00f3quias, educa\u00e7\u00e3o, comunica\u00e7\u00e3o, trabalho social e iniciativas mission\u00e1rias) e na forma\u00e7\u00e3o a partir do carisma franciscano&#8221;, explica Frei C\u00e9sar.<\/p>\n<p>Para Frei C\u00e9sar, depois desse tempo de pandemia, o atual encontro tem uma grande expectativa de reencontro e de m\u00fatua anima\u00e7\u00e3o. &#8220;Em comunh\u00e3o com toda a Igreja e com o \u00faltimo Cap\u00edtulo Geral, a prepara\u00e7\u00e3o deste encontro quer lan\u00e7ar o desafio de um caminho sinodal, come\u00e7ando com a escuta dos irm\u00e3os das 26 entidades que a comp\u00f5em e avan\u00e7ando para uma integra\u00e7\u00e3o maior com todos aqueles e aquelas que participam desta intui\u00e7\u00e3o carism\u00e1tica&#8221;, acrescentou o Definidor Geral.<\/p>\n<p>&#8220;Queremos lan\u00e7ar novamente o desafio de abra\u00e7ar a nossa identidade de irm\u00e3os menores, com aten\u00e7\u00e3o aos desafios do nosso tempo e dos nossos contextos para a vida religiosa e franciscana, e buscar caminhos de reencantamento e reestrutura\u00e7\u00e3o que permitam uma resposta com mais profecia&#8221;, convoca Frei C\u00e9sar.<\/p>\n<p>Frei Jos\u00e9 Alirio afirma que os participantes ser\u00e3o convidados a \u201crecolher os diferentes desafios e projetos, a partir dos mandatos do Cap\u00edtulo Geral de 2021\u201d. Ele indica alguns dos temas que estar\u00e3o em pauta no encontro: &#8220;Vamos tratar do Projeto Amaz\u00f4nia, da sa\u00edda e abandono de nossa Ordem por parte de alguns frades, da prote\u00e7\u00e3o de menores e adultos vulner\u00e1veis, do uso respons\u00e1vel e dos bens da Igreja e da Ordem e das celebra\u00e7\u00f5es do Centen\u00e1rio da Ordem&#8221;.<\/p>\n<p><strong>Os objetivos espec\u00edficos do encontro s\u00e3o:<\/strong><\/p>\n<p style=\"padding-left: 40px;\">\u2666 Fortalecer a escuta e o di\u00e1logo fraterno como UCLAF, a partir de suas Confer\u00eancias, para assumir um presente e um futuro de esperan\u00e7a considerando nossas realidades e contextos atuais.<br \/>\n\u2666 Assumindo os mandatos do Cap\u00edtulo Geral de 2021 na vida, a\u00e7\u00f5es, projetos e decis\u00f5es da UCLAF em suas Confer\u00eancias para renovar o presente e abra\u00e7ar o futuro com esperan\u00e7a a partir de nossa identidade franciscana.<br \/>\n\u2666 Assumir as diretrizes, processos e procedimentos da Comiss\u00e3o de Tutela de Menores e o uso respons\u00e1vel e solid\u00e1rio do patrim\u00f4nio e bens da Igreja e da Ordem para o fortalecimento da identidade franciscana.<br \/>\n\u2666 Fortalecer, gra\u00e7as ao di\u00e1logo fraterno entre o Ministro geral, o Governo geral e as diversas Confer\u00eancias da UCLAF, o acompanhamento e a anima\u00e7\u00e3o fraterna dos frades das Entidades das Confer\u00eancias.<\/p>\n<p><img loading=\"lazy\" class=\"alignnone size-full wp-image-241835\" src=\"https:\/\/franciscanos.org.br\/noticias\/wp-content\/uploads\/2023\/01\/logo_uclaf_19.jpg\" alt=\"\" width=\"1280\" height=\"422\" srcset=\"https:\/\/franciscanos.org.br\/noticias\/wp-content\/uploads\/2023\/01\/logo_uclaf_19.jpg 1280w, https:\/\/franciscanos.org.br\/noticias\/wp-content\/uploads\/2023\/01\/logo_uclaf_19-450x148.jpg 450w, https:\/\/franciscanos.org.br\/noticias\/wp-content\/uploads\/2023\/01\/logo_uclaf_19-1024x338.jpg 1024w, https:\/\/franciscanos.org.br\/noticias\/wp-content\/uploads\/2023\/01\/logo_uclaf_19-768x253.jpg 768w, https:\/\/franciscanos.org.br\/noticias\/wp-content\/uploads\/2023\/01\/logo_uclaf_19-150x49.jpg 150w\" sizes=\"(max-width: 1280px) 100vw, 1280px\" \/><\/p>\n<p><strong>A PROGRAMA\u00c7\u00c3O DO PRIMEIRO DIA<\/strong><\/p>\n<p>Os frades chegar\u00e3o no domingo, dia 22 de janeiro. A Assembleia tem in\u00edcio no dia 23 com as Laudes e a Celebra\u00e7\u00e3o Eucar\u00edstica, presidida por\u00a0 Frei C\u00e9sar K\u00fclkamp. Em seguida, as sauda\u00e7\u00f5es de boas-vindas do Presidente da UCLAF, dos Definidores Gerais para Am\u00e9rica Latina: Frei C\u00e9sar K\u00fclkamp e Frei Joaqu\u00edn Arturo Echeverry Hincapie; e dos presidentes das Confer\u00eancias da UCLAF: Frei Fredy G\u00e1lvez \u00c1ngulo, presidente Confer\u00eancia Franciscana do M\u00e9xico, Am\u00e9rica Central, Panam\u00e1 e Haiti; Frei Daniel Alejandro Fleitas, presidente da Confer\u00eancia Franciscana do Brasil e Cone Sul; e Frei Jos\u00e9 Alirio Urbina Rodr\u00edguez, residente da Confer\u00eancia Franciscana Bolivariana.<\/p>\n<p>A primeira palestra do evento ser\u00e1 de Frei Sandro Roberto da Costa, professor de Hist\u00f3ria do Cristianismo no Instituto Teol\u00f3gico Franciscano. Formado em Hist\u00f3ria da Igreja na Pontif\u00edcia Universidade Gregoriana, de Roma, trabalha na \u00e1rea de hist\u00f3ria do cristianismo, hist\u00f3ria da Ordem Franciscana e da Vida Religiosa em Geral. Ele vai abordar o tema: &#8220;O processo de reflex\u00e3o da UCLAF, rumo a um olhar que tenha em conta os desafios da vida religiosa na Am\u00e9rica Latina&#8221;.<\/p>\n<p>No per\u00edodo da tarde acontecem os trabalhos em grupo por Confer\u00eancia, ficando para a \u00faltima etapa a apresenta\u00e7\u00e3o dos grupos, tendo como moderador o Ministro Provincial da Prov\u00edncia S\u00e3o Francisco e Santiago de Jalisco, M\u00e9xico, Frei Angel Gabino Guti\u00e9rrez. O dia termina com a Ora\u00e7\u00e3o das V\u00e9speras.<\/p>\n<p>Este primeiro dia tem como objetivo assumir o Caminho Sinodal como Confer\u00eancias da UCLAF para renovar nossa vis\u00e3o e abra\u00e7ar o nosso futuro a partir da identidade franciscana hoje em torno da realidade da Am\u00e9rica Latina, como comunh\u00e3o e participa\u00e7\u00e3o de todos os Irm\u00e3os neste contexto.<\/p>\n<p><strong>Uni\u00e3o das Confer\u00eancias Franciscanas Latino-americanas<\/strong><br \/>\nA UCLAF \u00e9 composta pelas tr\u00eas Confer\u00eancias Franciscanas que re\u00fanem as 26 Prov\u00edncias e Cust\u00f3dias presentes na Am\u00e9rica Latina: a Confer\u00eancia Franciscana Bolivariana, a Confer\u00eancia Franciscana do Brasil e Cone Sul e a Confer\u00eancia Franciscana de Santa Maria de Guadalupe. \u00c9 uma organiza\u00e7\u00e3o de anima\u00e7\u00e3o da Ordem dos Frades Menores que atingiu a marca hist\u00f3rica de 55 anos de exist\u00eancia. Nasceu sob o impulso renovador do Conc\u00edlio Vaticano II para promover a unidade e a busca de colabora\u00e7\u00e3o na vida e na miss\u00e3o da Ordem no contexto latino-americano. Nestes anos de hist\u00f3ria, procurou promover a colabora\u00e7\u00e3o em suas presen\u00e7as evangelizadoras (santu\u00e1rios hist\u00f3ricos, vicariatos, par\u00f3quias, educa\u00e7\u00e3o, comunica\u00e7\u00e3o, a\u00e7\u00e3o social e iniciativas mission\u00e1rias) e na forma\u00e7\u00e3o a partir do carisma franciscano.<\/p>\n<hr \/>\n<p><em>Comunica\u00e7\u00e3o da Prov\u00edncia da Imaculada Concei\u00e7\u00e3o e C\u00faria da Ordem dos Frades Menores<\/em><\/p>\n","protected":false},"excerpt":{"rendered":"<p>Ordem dos Frades Menores<\/p>\n","protected":false},"author":3,"featured_media":241812,"comment_status":"open","ping_status":"open","sticky":false,"template":"","format":"standard","meta":[],"categories":[1],"tags":[2088],"acf":[],"yoast_head":"<!-- This site is optimized with the Yoast SEO plugin v19.2 - https:\/\/yoast.com\/wordpress\/plugins\/seo\/ -->\n<title>Reencontro marca a 27\u00aa Assembleia da UCLAF - Not\u00edcias - Franciscanos<\/title>\n<meta name=\"robots\" content=\"index, follow, max-snippet:-1, max-image-preview:large, max-video-preview:-1\" \/>\n<link rel=\"canonical\" href=\"https:\/\/franciscanos.org.br\/noticias\/reencontro-marca-a-27a-assembleia-da-uclaf.html\" \/>\n<meta property=\"og:locale\" content=\"pt_BR\" \/>\n<meta property=\"og:type\" content=\"article\" \/>\n<meta property=\"og:title\" content=\"Reencontro marca a 27\u00aa Assembleia da UCLAF - Not\u00edcias - Franciscanos\" \/>\n<meta property=\"og:description\" content=\"Ordem dos Frades Menores\" \/>\n<meta property=\"og:url\" content=\"https:\/\/franciscanos.org.br\/noticias\/reencontro-marca-a-27a-assembleia-da-uclaf.html\" \/>\n<meta property=\"og:site_name\" content=\"Not\u00edcias - Franciscanos\" \/>\n<meta property=\"article:published_time\" content=\"2023-01-17T17:45:47+00:00\" \/>\n<meta property=\"article:modified_time\" content=\"2023-01-31T10:48:15+00:00\" \/>\n<meta property=\"og:image\" content=\"https:\/\/franciscanos.org.br\/noticias\/wp-content\/uploads\/2023\/01\/ordem_1301.png\" \/>\n\t<meta property=\"og:image:width\" content=\"1280\" \/>\n\t<meta property=\"og:image:height\" content=\"762\" \/>\n\t<meta property=\"og:image:type\" content=\"image\/png\" \/>\n<meta name=\"author\" content=\"moacir\" \/>\n<meta name=\"twitter:card\" content=\"summary_large_image\" \/>\n<meta name=\"twitter:label1\" content=\"Escrito por\" \/>\n\t<meta name=\"twitter:data1\" content=\"moacir\" \/>\n\t<meta name=\"twitter:label2\" content=\"Est. tempo de leitura\" \/>\n\t<meta name=\"twitter:data2\" content=\"6 minutos\" \/>\n<script type=\"application\/ld+json\" class=\"yoast-schema-graph\">{\"@context\":\"https:\/\/schema.org\",\"@graph\":[{\"@type\":\"WebSite\",\"@id\":\"https:\/\/franciscanos.org.br\/noticias\/#website\",\"url\":\"https:\/\/franciscanos.org.br\/noticias\/\",\"name\":\"Not\u00edcias - Franciscanos\",\"description\":\"Prov\u00edncia Franciscana da Imaculada Concei\u00e7\u00e3o do Brasil - Ordem dos Frades Menores - OFM\",\"potentialAction\":[{\"@type\":\"SearchAction\",\"target\":{\"@type\":\"EntryPoint\",\"urlTemplate\":\"https:\/\/franciscanos.org.br\/noticias\/?s={search_term_string}\"},\"query-input\":\"required name=search_term_string\"}],\"inLanguage\":\"pt-BR\"},{\"@type\":\"ImageObject\",\"inLanguage\":\"pt-BR\",\"@id\":\"https:\/\/franciscanos.org.br\/noticias\/reencontro-marca-a-27a-assembleia-da-uclaf.html#primaryimage\",\"url\":\"https:\/\/franciscanos.org.br\/noticias\/wp-content\/uploads\/2023\/01\/ordem_1301.png\",\"contentUrl\":\"https:\/\/franciscanos.org.br\/noticias\/wp-content\/uploads\/2023\/01\/ordem_1301.png\",\"width\":1280,\"height\":762},{\"@type\":\"WebPage\",\"@id\":\"https:\/\/franciscanos.org.br\/noticias\/reencontro-marca-a-27a-assembleia-da-uclaf.html#webpage\",\"url\":\"https:\/\/franciscanos.org.br\/noticias\/reencontro-marca-a-27a-assembleia-da-uclaf.html\",\"name\":\"Reencontro marca a 27\u00aa Assembleia da UCLAF - Not\u00edcias - Franciscanos\",\"isPartOf\":{\"@id\":\"https:\/\/franciscanos.org.br\/noticias\/#website\"},\"primaryImageOfPage\":{\"@id\":\"https:\/\/franciscanos.org.br\/noticias\/reencontro-marca-a-27a-assembleia-da-uclaf.html#primaryimage\"},\"datePublished\":\"2023-01-17T17:45:47+00:00\",\"dateModified\":\"2023-01-31T10:48:15+00:00\",\"author\":{\"@id\":\"https:\/\/franciscanos.org.br\/noticias\/#\/schema\/person\/b5c8cba458c330ccff548b056e95a5d4\"},\"breadcrumb\":{\"@id\":\"https:\/\/franciscanos.org.br\/noticias\/reencontro-marca-a-27a-assembleia-da-uclaf.html#breadcrumb\"},\"inLanguage\":\"pt-BR\",\"potentialAction\":[{\"@type\":\"ReadAction\",\"target\":[\"https:\/\/franciscanos.org.br\/noticias\/reencontro-marca-a-27a-assembleia-da-uclaf.html\"]}]},{\"@type\":\"BreadcrumbList\",\"@id\":\"https:\/\/franciscanos.org.br\/noticias\/reencontro-marca-a-27a-assembleia-da-uclaf.html#breadcrumb\",\"itemListElement\":[{\"@type\":\"ListItem\",\"position\":1,\"name\":\"Home\",\"item\":\"https:\/\/franciscanos.org.br\/noticias\"},{\"@type\":\"ListItem\",\"position\":2,\"name\":\"Reencontro marca a 27\u00aa Assembleia da UCLAF\"}]},{\"@type\":\"Person\",\"@id\":\"https:\/\/franciscanos.org.br\/noticias\/#\/schema\/person\/b5c8cba458c330ccff548b056e95a5d4\",\"name\":\"moacir\",\"image\":{\"@type\":\"ImageObject\",\"inLanguage\":\"pt-BR\",\"@id\":\"https:\/\/franciscanos.org.br\/noticias\/#\/schema\/person\/image\/\",\"url\":\"https:\/\/secure.gravatar.com\/avatar\/d08aa2ce4c8dd416d4479aa8536fcf64?s=96&d=mm&r=g\",\"contentUrl\":\"https:\/\/secure.gravatar.com\/avatar\/d08aa2ce4c8dd416d4479aa8536fcf64?s=96&d=mm&r=g\",\"caption\":\"moacir\"},\"url\":\"https:\/\/franciscanos.org.br\/noticias\/author\/moacir\"}]}<\/script>\n<!-- \/ Yoast SEO plugin. -->","yoast_head_json":{"title":"Reencontro marca a 27\u00aa Assembleia da UCLAF - Not\u00edcias - Franciscanos","robots":{"index":"index","follow":"follow","max-snippet":"max-snippet:-1","max-image-preview":"max-image-preview:large","max-video-preview":"max-video-preview:-1"},"canonical":"https:\/\/franciscanos.org.br\/noticias\/reencontro-marca-a-27a-assembleia-da-uclaf.html","og_locale":"pt_BR","og_type":"article","og_title":"Reencontro marca a 27\u00aa Assembleia da UCLAF - Not\u00edcias - Franciscanos","og_description":"Ordem dos Frades Menores","og_url":"https:\/\/franciscanos.org.br\/noticias\/reencontro-marca-a-27a-assembleia-da-uclaf.html","og_site_name":"Not\u00edcias - Franciscanos","article_published_time":"2023-01-17T17:45:47+00:00","article_modified_time":"2023-01-31T10:48:15+00:00","og_image":[{"width":1280,"height":762,"url":"https:\/\/franciscanos.org.br\/noticias\/wp-content\/uploads\/2023\/01\/ordem_1301.png","type":"image\/png"}],"author":"moacir","twitter_card":"summary_large_image","twitter_misc":{"Escrito por":"moacir","Est. tempo de leitura":"6 minutos"},"schema":{"@context":"https:\/\/schema.org","@graph":[{"@type":"WebSite","@id":"https:\/\/franciscanos.org.br\/noticias\/#website","url":"https:\/\/franciscanos.org.br\/noticias\/","name":"Not\u00edcias - Franciscanos","description":"Prov\u00edncia Franciscana da Imaculada Concei\u00e7\u00e3o do Brasil - Ordem dos Frades Menores - OFM","potentialAction":[{"@type":"SearchAction","target":{"@type":"EntryPoint","urlTemplate":"https:\/\/franciscanos.org.br\/noticias\/?s={search_term_string}"},"query-input":"required name=search_term_string"}],"inLanguage":"pt-BR"},{"@type":"ImageObject","inLanguage":"pt-BR","@id":"https:\/\/franciscanos.org.br\/noticias\/reencontro-marca-a-27a-assembleia-da-uclaf.html#primaryimage","url":"https:\/\/franciscanos.org.br\/noticias\/wp-content\/uploads\/2023\/01\/ordem_1301.png","contentUrl":"https:\/\/franciscanos.org.br\/noticias\/wp-content\/uploads\/2023\/01\/ordem_1301.png","width":1280,"height":762},{"@type":"WebPage","@id":"https:\/\/franciscanos.org.br\/noticias\/reencontro-marca-a-27a-assembleia-da-uclaf.html#webpage","url":"https:\/\/franciscanos.org.br\/noticias\/reencontro-marca-a-27a-assembleia-da-uclaf.html","name":"Reencontro marca a 27\u00aa Assembleia da UCLAF - Not\u00edcias - Franciscanos","isPartOf":{"@id":"https:\/\/franciscanos.org.br\/noticias\/#website"},"primaryImageOfPage":{"@id":"https:\/\/franciscanos.org.br\/noticias\/reencontro-marca-a-27a-assembleia-da-uclaf.html#primaryimage"},"datePublished":"2023-01-17T17:45:47+00:00","dateModified":"2023-01-31T10:48:15+00:00","author":{"@id":"https:\/\/franciscanos.org.br\/noticias\/#\/schema\/person\/b5c8cba458c330ccff548b056e95a5d4"},"breadcrumb":{"@id":"https:\/\/franciscanos.org.br\/noticias\/reencontro-marca-a-27a-assembleia-da-uclaf.html#breadcrumb"},"inLanguage":"pt-BR","potentialAction":[{"@type":"ReadAction","target":["https:\/\/franciscanos.org.br\/noticias\/reencontro-marca-a-27a-assembleia-da-uclaf.html"]}]},{"@type":"BreadcrumbList","@id":"https:\/\/franciscanos.org.br\/noticias\/reencontro-marca-a-27a-assembleia-da-uclaf.html#breadcrumb","itemListElement":[{"@type":"ListItem","position":1,"name":"Home","item":"https:\/\/franciscanos.org.br\/noticias"},{"@type":"ListItem","position":2,"name":"Reencontro marca a 27\u00aa Assembleia da UCLAF"}]},{"@type":"Person","@id":"https:\/\/franciscanos.org.br\/noticias\/#\/schema\/person\/b5c8cba458c330ccff548b056e95a5d4","name":"moacir","image":{"@type":"ImageObject","inLanguage":"pt-BR","@id":"https:\/\/franciscanos.org.br\/noticias\/#\/schema\/person\/image\/","url":"https:\/\/secure.gravatar.com\/avatar\/d08aa2ce4c8dd416d4479aa8536fcf64?s=96&d=mm&r=g","contentUrl":"https:\/\/secure.gravatar.com\/avatar\/d08aa2ce4c8dd416d4479aa8536fcf64?s=96&d=mm&r=g","caption":"moacir"},"url":"https:\/\/franciscanos.org.br\/noticias\/author\/moacir"}]}},"_links":{"self":[{"href":"https:\/\/franciscanos.org.br\/noticias\/wp-json\/wp\/v2\/posts\/241811"}],"collection":[{"href":"https:\/\/franciscanos.org.br\/noticias\/wp-json\/wp\/v2\/posts"}],"about":[{"href":"https:\/\/franciscanos.org.br\/noticias\/wp-json\/wp\/v2\/types\/post"}],"author":[{"embeddable":true,"href":"https:\/\/franciscanos.org.br\/noticias\/wp-json\/wp\/v2\/users\/3"}],"replies":[{"embeddable":true,"href":"https:\/\/franciscanos.org.br\/noticias\/wp-json\/wp\/v2\/comments?post=241811"}],"version-history":[{"count":6,"href":"https:\/\/franciscanos.org.br\/noticias\/wp-json\/wp\/v2\/posts\/241811\/revisions"}],"predecessor-version":[{"id":241836,"href":"https:\/\/franciscanos.org.br\/noticias\/wp-json\/wp\/v2\/posts\/241811\/revisions\/241836"}],"wp:featuredmedia":[{"embeddable":true,"href":"https:\/\/franciscanos.org.br\/noticias\/wp-json\/wp\/v2\/media\/241812"}],"wp:attachment":[{"href":"https:\/\/franciscanos.org.br\/noticias\/wp-json\/wp\/v2\/media?parent=241811"}],"wp:term":[{"taxonomy":"category","embeddable":true,"href":"https:\/\/franciscanos.org.br\/noticias\/wp-json\/wp\/v2\/categories?post=241811"},{"taxonomy":"post_tag","embeddable":true,"href":"https:\/\/franciscanos.org.br\/noticias\/wp-json\/wp\/v2\/tags?post=241811"}],"curies":[{"name":"wp","href":"https:\/\/api.w.org\/{rel}","templated":true}]}}