{"id":241803,"date":"2023-02-15T07:15:55","date_gmt":"2023-02-15T10:15:55","guid":{"rendered":"https:\/\/franciscanos.org.br\/noticias\/?p=241803"},"modified":"2023-02-15T07:17:44","modified_gmt":"2023-02-15T10:17:44","slug":"liturgia-sacramentos-festas-entre-os-lancamentos-da-editora-vozes","status":"publish","type":"post","link":"https:\/\/franciscanos.org.br\/noticias\/liturgia-sacramentos-festas-entre-os-lancamentos-da-editora-vozes.html","title":{"rendered":"&#8220;Liturgia, sacramentos, festas&#8221; entre os lan\u00e7amentos da Editora Vozes"},"content":{"rendered":"<p><img loading=\"lazy\" src=\"https:\/\/franciscanos.org.br\/noticias\/wp-content\/uploads\/2023\/01\/vozes-1280.jpg\" alt=\"\" width=\"1280\" height=\"722\" \/><\/p>\n<h3><strong>Liturgia, sacramentos, festas<\/strong><\/h3>\n<p><strong>A ORA\u00c7\u00c3O CELESTE QUE SUSTENTA O MUNDO<\/strong><\/p>\n<p>Este livro retoma o tema da liturgia com a edi\u00e7\u00e3o de uma variedade de estudos \u2013 aparecidos em diferentes tempos e lugares. De fato, o assunto despertou-me vivo interesse desde o in\u00edcio dos meus estudos; para n\u00e3o dizer que, gra\u00e7as a um sacramento, o Batismo, teve in\u00edcio, um dia ap\u00f3s o nascimento, a minha vida crist\u00e3.<\/p>\n<p>Por outro lado, os ritmos lit\u00fargicos anuais, semanais e di\u00e1rios, com suas recorrentes celebra\u00e7\u00f5es e suas festas, refletiam-se e ainda se refletem no decurso do ano, das semanas e dos dias.<\/p>\n<p>Os aspectos tomados em considera\u00e7\u00e3o s\u00e3o m\u00faltiplos:<\/p>\n<ul>\n<li>a liturgia eucar\u00edstica, que representa o sacramento principal do mist\u00e9rio pascal e se irradia nos outros sacramentos;<\/li>\n<li>o valor teol\u00f3gico e espiritual da piedade lit\u00fargica;<\/li>\n<li>os v\u00e1rios tempos do ano sagrado, com sua mensagem e sua gra\u00e7a;<\/li>\n<li>a linguagem da liturgia;<\/li>\n<li>o sentido de uma reforma lit\u00fargica e tamb\u00e9m os n\u00e3o raros desvios ocasionados por iniciativas pouco s\u00e1bias.<\/li>\n<\/ul>\n<p>Como se v\u00ea, a liturgia como express\u00e3o e fonte do esp\u00edrito crist\u00e3o [&#8230;].<\/p>\n<hr \/>\n<h3><strong>Medita\u00e7\u00f5es metaf\u00edsicas<\/strong><\/h3>\n<p>Medita\u00e7\u00f5es metaf\u00edsicas (ou Medita\u00e7\u00f5es sobre a filosofia primeira) \u00e9 uma obra filos\u00f3fica de Ren\u00e9 Descartes, publicada pela primeira vez em latim em 1641. Do ponto de vista da hist\u00f3ria da filosofia, \u00e9 uma das maiores influ\u00eancias do racionalismo cl\u00e1ssico.<\/p>\n<p>O livro \u00e9 composto de seis medita\u00e7\u00f5es, nas quais Descartes primeiro descarta toda cren\u00e7a em coisas que n\u00e3o s\u00e3o absolutamente certas, e depois tenta estabelecer o que pode ser conhecido com certeza. As medita\u00e7\u00f5es foram escritas como se ele estivesse meditando por seis dias: cada medita\u00e7\u00e3o se refere \u00e0 \u00faltima como ontem.<\/p>\n<hr \/>\n<h3><strong>As sete palavras do Cristo na cruz<\/strong><\/h3>\n<p>Eis que j\u00e1 se passa o quarto ano desde que eu, preparando-me para partir, tenho me retirado para um lugar de quietude, livre das minhas atribui\u00e7\u00f5es, n\u00e3o, por\u00e9m, livre da medita\u00e7\u00e3o das Escrituras Santas e de escrever aquilo que me ocorre ao medit\u00e1-las, de modo que, se n\u00e3o mais pela voz nem por escrito longo posso ser \u00fatil, que eu, ao menos, possa s\u00ea-lo aos meus irm\u00e3os de alguma maneira com meus livrinhos pios. Com efeito, quando pensava no que sobretudo devia escolher que tanto me predisporia a morrer bem como seria \u00fatil aos meus pr\u00f3ximos para o seu bem-viver, ocorreu-me a pr\u00f3pria morte do Senhor e aquele \u00faltimo discurso que, constante de sete mui breves, por\u00e9m seri\u00edssimas senten\u00e7as, o Redentor do mundo fez desde a cruz a todo g\u00eanero humano como se d\u00e1 mais alta c\u00e1tedra. Pois naquele discurso, ou naquelas sete palavras, est\u00e1 contido tudo aquilo deque fala o pr\u00f3prio Senhor: \u201cEis que ascendemos a Jerusal\u00e9m e se consumar\u00e1 tudo o que est\u00e1 escrito pelos profetas sobre o Filho do Homem\u201d.<\/p>\n<hr \/>\n<h3><strong>A ecoteologia do santu\u00e1rio Cristo redentor \u00e0 luz da enc\u00edclica Laudato Si\u2019<\/strong><\/h3>\n<p>A obra A ecoteologia do Santu\u00e1rio Cristo Redentor \u00e0 luz da Enc\u00edclica Laudato Si\u2019, de Alexandre Carvalho Lima Pinheiro, fruto de sua tese doutoral junto ao PPG de Teologia da PUC-Rio, apresenta um estudo pautado na ecoteologia, tendo presente dois importantes \u00edcones sobre esta tem\u00e1tica: o Santu\u00e1rio Cristo Redentor, no alto do Corcovado do Rio de Janeiro, e a Enc\u00edclica Laudato Si\u2019, do Papa Francisco. O autor consegue trabalhar a beleza da conviv\u00eancia harm\u00f4nica das duas arquiteturas presentes na Cidade Maravilhosa: a humana e a divina, exuberantemente evidenciadas no Monte do Corcovado e na est\u00e1tua do Cristo Redentor. Ali\u00e1s, a harmonia \u00e9 t\u00e3o grande, que parece ser um extens\u00e3o do outro, podendo ser avistados de longe, como monumento \u00fanico. Traz uma grande riqueza de dados sobre a hist\u00f3ria da est\u00e1tua, inaugurada em 1931 e que em 2006 recebeu o t\u00edtulo de santu\u00e1rio cat\u00f3lico, em seu plat\u00f4. Um monumento religioso que, por\u00e9m, tornou-se s\u00edmbolo da cultura brasileira para o mundo. Tem sido lugar de milhares de visitas, encontros e peregrina\u00e7\u00f5es, celebra\u00e7\u00e3o de sacramentos e ora\u00e7\u00e3o, \u201conde as pessoas podem estar em harmonia com Deus, com a natureza e com o pr\u00f3ximo\u201d. Busca traduzir o simbolismo do Santu\u00e1rio Cristo Redentor em linguagem teol\u00f3gica, \u00e0 luz da Laudato Si\u2019 e da ecologia integral, tendo em vista fecundar a cultura, com suas ricas e diversas manifesta\u00e7\u00f5es, diante dos hodiernos \u201cdesafios gerados pela mentalidade globalizante, consumista e de descarte\u201d. Ela contempla introdu\u00e7\u00e3o, tr\u00eas cap\u00edtulos (Teologia da hist\u00f3ria do Santu\u00e1rio Cristo Redentor; A cristologia e a soteriologia da Enc\u00edclica Laudato Si\u2019; A ecoteologia do Santu\u00e1rio Cristo Redentor). Enfim, temos uma chave que abre para novas leituras e perspectivas, com insights que v\u00e3o proporcionar avan\u00e7ar ainda mais no campo da ecoteologia e da supera\u00e7\u00e3o da atual crise socioambiental.<\/p>\n<h3><strong>A pedagogia de YHWH e o seu povo diante da lei: uma an\u00e1lise de DT 31, 9-13<\/strong><\/h3>\n<p>A obra A pedagogia de YHWH e o seu povo diante da Lei: Uma an\u00e1lise de Dt 31,9-13, de Daise Gomes da Costa, fruto de sua disserta\u00e7\u00e3o de mestrado, junto ao PPG de Teologia da PUC-Rio, apresenta uma an\u00e1lise da per\u00edcope de Dt 31,9-13, no contexto da pedagogia educativa de YHWH na condu\u00e7\u00e3o de seu povo e no contexto da obedi\u00eancia \u00e0 Alian\u00e7a Mosaica. Procura \u201ccompreender a pedagogia de YHWH frente ao povo que elegeu como sua particular propriedade\u201d. Sua abordagem est\u00e1 voltada para o campo da educa\u00e7\u00e3o, tendo em vista n\u00e3o apenas as gera\u00e7\u00f5es do passado, mas a preocupa\u00e7\u00e3o com as atuais e as futuras. O Livro da Lei, entregue a Mois\u00e9s e ao povo, constitui-se em um material pedag\u00f3gico no processo formativo do povo eleito, trazendo toda a riqueza da Alian\u00e7a entre YHWH, o Deus \u00fanico, e Israel, o povo eleito. \u00c0 mem\u00f3ria e gratid\u00e3o pela liberta\u00e7\u00e3o da escravid\u00e3o do Egito, a Lei entra em cena como segundo fator nesta rela\u00e7\u00e3o, como o projeto pedag\u00f3gico que YHWH entrega a Israel para que seja \u201cum povo livre e fiel, e se torne um paradigma para as demais na\u00e7\u00f5es\u201d. A experi\u00eancia do deserto \u00e9 vista como o \u201cbanco de prova\u201d antes de ingressar na Terra Prometida e a palavra de ordem \u00e9 obedi\u00eancia, como fonte de b\u00ean\u00e7\u00e3os divinas, para si e para as na\u00e7\u00f5es, pois a desobedi\u00eancia traz maldi\u00e7\u00f5es. Esta obra contempla introdu\u00e7\u00e3o, tr\u00eas cap\u00edtulos (Preliminares hermen\u00eauticas; An\u00e1lise exeg\u00e9tica de Dt 31,9-13; Coment\u00e1rio de Dt 31,9-13), conclus\u00e3o, anexos e refer\u00eancias bibliogr\u00e1ficas. Enfim, ela mostra o valor do processo educacional para a vida de um povo; traz elementos para novas leituras e perspectivas dos projetos pedag\u00f3gicos \u00e0 luz de Dt 31,9-13, com seus insights para os tempos atuais.<\/p>\n<hr \/>\n<h3><strong>Ser presb\u00edtero cat\u00f3lico: estudo sobre a identidade<\/strong><\/h3>\n<p>A obra Ser presb\u00edtero cat\u00f3lico \u2013 Estudo sobre a identidade, de Eanes Roberto de Lima, fruto de sua disserta\u00e7\u00e3o de mestrado, junto ao PPG de Teologia da PUC-Rio, no \u00e2mbito do Projeto de Coopera\u00e7\u00e3o Interinstitucional (Minter), celebrado com a Faculdade Cat\u00f3lica do Mato Grosso (Facc\/MT), apresenta um estudo sobre a identidade e miss\u00e3o do presb\u00edtero cat\u00f3lico \u00e0 luz da Tradi\u00e7\u00e3o e do Magist\u00e9rio da Igreja. O autor trabalha o per_ l do presb\u00edtero a partir do Conc\u00edlio Vaticano II, especialmente do Decreto Presbyterorum Ordinis. Sua pesquisa abrange aspectos doutrinais e atuais desafios; suas riquezas e fraquezas cotidianas diante de um mundo em constantes e inumer\u00e1veis mudan\u00e7as. Tem presente que o Conc\u00edlio trouxe luzes, mas n\u00e3o receitas prontas que possam ser aplicadas em todos os casos, tempos e situa\u00e7\u00f5es. A riqueza do minist\u00e9rio presbiteral est\u00e1 em agir em sintonia com o m\u00fanus sacerdotal do pr\u00f3prio Cristo. Entre os v\u00e1rios temas, aborda o valor da caridade pastoral, o ativismo presbiteral, a viv\u00eancia dos conselhos evang\u00e9licos, rela\u00e7\u00e3o com a hierarquia, afastamento e isolamento pessoal, problemas de ordem afetiva e econ\u00f4mica, forma\u00e7\u00e3o permanente, cuidado de si e zelo pastoral etc. Esta obra contempla introdu\u00e7\u00e3o, tr\u00eas cap\u00edtulos (A identidade presbiteral a partir do Conc\u00edlio Vaticano II; Testemunho, sentido e identidade \u2013 Atualidade presbiteral; \u00c9tica do cuidado \u2013 Do essencial ao ideal), conclus\u00e3o e refer\u00eancias bibliogr\u00e1ficas. Por sua riqueza de dados e seriedade na an\u00e1lise, este texto se torna leitura obrigat\u00f3ria n\u00e3o apenas para os presb\u00edteros e respons\u00e1veis pela forma\u00e7\u00e3o presbiteral, mas igualmente por toda pessoa que queira aprofundar-se na tem\u00e1tica, ajudar no cuidado pastoral e na forma\u00e7\u00e3o dos futuros presb\u00edteros e de toda pessoa que exer\u00e7a o m\u00fanus de pastorear no cristianismo e demais religi\u00f5es.<\/p>\n<hr \/>\n<p style=\"padding-left: 40px;\">Todos esses produtos podem ser adquiridos pelos sites\u00a0www.livrariavozes.com.br\u00a0ou \u00a0site:\u00a0http:\/\/vozes.com.br<\/p>\n<p style=\"padding-left: 40px;\">E-mail:\u00a0contato@vozes.com.br<br \/>\nTel.\u00a011 3101 8451<\/p>\n<p style=\"padding-left: 40px;\"><em><strong>Editora Vozes<\/strong><\/em><\/p>\n","protected":false},"excerpt":{"rendered":"<p>Editora Vozes<\/p>\n","protected":false},"author":7,"featured_media":241805,"comment_status":"open","ping_status":"open","sticky":false,"template":"","format":"standard","meta":[],"categories":[1],"tags":[238],"acf":[],"yoast_head":"<!-- This site is optimized with the Yoast SEO plugin v19.2 - https:\/\/yoast.com\/wordpress\/plugins\/seo\/ -->\n<title>&quot;Liturgia, sacramentos, festas&quot; entre os lan\u00e7amentos da Editora Vozes - Not\u00edcias - Franciscanos<\/title>\n<meta name=\"robots\" content=\"index, follow, max-snippet:-1, max-image-preview:large, max-video-preview:-1\" \/>\n<link rel=\"canonical\" href=\"https:\/\/franciscanos.org.br\/noticias\/liturgia-sacramentos-festas-entre-os-lancamentos-da-editora-vozes.html\" \/>\n<meta property=\"og:locale\" content=\"pt_BR\" \/>\n<meta property=\"og:type\" content=\"article\" \/>\n<meta property=\"og:title\" content=\"&quot;Liturgia, sacramentos, festas&quot; entre os lan\u00e7amentos da Editora Vozes - Not\u00edcias - Franciscanos\" \/>\n<meta property=\"og:description\" content=\"Editora Vozes\" \/>\n<meta property=\"og:url\" content=\"https:\/\/franciscanos.org.br\/noticias\/liturgia-sacramentos-festas-entre-os-lancamentos-da-editora-vozes.html\" \/>\n<meta property=\"og:site_name\" content=\"Not\u00edcias - Franciscanos\" \/>\n<meta property=\"article:published_time\" content=\"2023-02-15T10:15:55+00:00\" \/>\n<meta property=\"article:modified_time\" content=\"2023-02-15T10:17:44+00:00\" \/>\n<meta property=\"og:image\" content=\"https:\/\/franciscanos.org.br\/noticias\/wp-content\/uploads\/2023\/01\/vozes-800.jpg\" \/>\n\t<meta property=\"og:image:width\" content=\"800\" \/>\n\t<meta property=\"og:image:height\" content=\"550\" \/>\n\t<meta property=\"og:image:type\" content=\"image\/jpeg\" \/>\n<meta name=\"author\" content=\"jovenal\" \/>\n<meta name=\"twitter:card\" content=\"summary_large_image\" \/>\n<meta name=\"twitter:label1\" content=\"Escrito por\" \/>\n\t<meta name=\"twitter:data1\" content=\"jovenal\" \/>\n\t<meta name=\"twitter:label2\" content=\"Est. tempo de leitura\" \/>\n\t<meta name=\"twitter:data2\" content=\"8 minutos\" \/>\n<script type=\"application\/ld+json\" class=\"yoast-schema-graph\">{\"@context\":\"https:\/\/schema.org\",\"@graph\":[{\"@type\":\"WebSite\",\"@id\":\"https:\/\/franciscanos.org.br\/noticias\/#website\",\"url\":\"https:\/\/franciscanos.org.br\/noticias\/\",\"name\":\"Not\u00edcias - Franciscanos\",\"description\":\"Prov\u00edncia Franciscana da Imaculada Concei\u00e7\u00e3o do Brasil - Ordem dos Frades Menores - OFM\",\"potentialAction\":[{\"@type\":\"SearchAction\",\"target\":{\"@type\":\"EntryPoint\",\"urlTemplate\":\"https:\/\/franciscanos.org.br\/noticias\/?s={search_term_string}\"},\"query-input\":\"required name=search_term_string\"}],\"inLanguage\":\"pt-BR\"},{\"@type\":\"ImageObject\",\"inLanguage\":\"pt-BR\",\"@id\":\"https:\/\/franciscanos.org.br\/noticias\/liturgia-sacramentos-festas-entre-os-lancamentos-da-editora-vozes.html#primaryimage\",\"url\":\"https:\/\/franciscanos.org.br\/noticias\/wp-content\/uploads\/2023\/01\/vozes-800.jpg\",\"contentUrl\":\"https:\/\/franciscanos.org.br\/noticias\/wp-content\/uploads\/2023\/01\/vozes-800.jpg\",\"width\":800,\"height\":550},{\"@type\":\"WebPage\",\"@id\":\"https:\/\/franciscanos.org.br\/noticias\/liturgia-sacramentos-festas-entre-os-lancamentos-da-editora-vozes.html#webpage\",\"url\":\"https:\/\/franciscanos.org.br\/noticias\/liturgia-sacramentos-festas-entre-os-lancamentos-da-editora-vozes.html\",\"name\":\"\\\"Liturgia, sacramentos, festas\\\" entre os lan\u00e7amentos da Editora Vozes - Not\u00edcias - Franciscanos\",\"isPartOf\":{\"@id\":\"https:\/\/franciscanos.org.br\/noticias\/#website\"},\"primaryImageOfPage\":{\"@id\":\"https:\/\/franciscanos.org.br\/noticias\/liturgia-sacramentos-festas-entre-os-lancamentos-da-editora-vozes.html#primaryimage\"},\"datePublished\":\"2023-02-15T10:15:55+00:00\",\"dateModified\":\"2023-02-15T10:17:44+00:00\",\"author\":{\"@id\":\"https:\/\/franciscanos.org.br\/noticias\/#\/schema\/person\/c3a26b08313dd1772495ce300ab257cc\"},\"breadcrumb\":{\"@id\":\"https:\/\/franciscanos.org.br\/noticias\/liturgia-sacramentos-festas-entre-os-lancamentos-da-editora-vozes.html#breadcrumb\"},\"inLanguage\":\"pt-BR\",\"potentialAction\":[{\"@type\":\"ReadAction\",\"target\":[\"https:\/\/franciscanos.org.br\/noticias\/liturgia-sacramentos-festas-entre-os-lancamentos-da-editora-vozes.html\"]}]},{\"@type\":\"BreadcrumbList\",\"@id\":\"https:\/\/franciscanos.org.br\/noticias\/liturgia-sacramentos-festas-entre-os-lancamentos-da-editora-vozes.html#breadcrumb\",\"itemListElement\":[{\"@type\":\"ListItem\",\"position\":1,\"name\":\"Home\",\"item\":\"https:\/\/franciscanos.org.br\/noticias\"},{\"@type\":\"ListItem\",\"position\":2,\"name\":\"&#8220;Liturgia, sacramentos, festas&#8221; entre os lan\u00e7amentos da Editora Vozes\"}]},{\"@type\":\"Person\",\"@id\":\"https:\/\/franciscanos.org.br\/noticias\/#\/schema\/person\/c3a26b08313dd1772495ce300ab257cc\",\"name\":\"jovenal\",\"image\":{\"@type\":\"ImageObject\",\"inLanguage\":\"pt-BR\",\"@id\":\"https:\/\/franciscanos.org.br\/noticias\/#\/schema\/person\/image\/\",\"url\":\"https:\/\/secure.gravatar.com\/avatar\/e94509f531086e2eaf97e72f29ea00f9?s=96&d=mm&r=g\",\"contentUrl\":\"https:\/\/secure.gravatar.com\/avatar\/e94509f531086e2eaf97e72f29ea00f9?s=96&d=mm&r=g\",\"caption\":\"jovenal\"},\"url\":\"https:\/\/franciscanos.org.br\/noticias\/author\/jovenal\"}]}<\/script>\n<!-- \/ Yoast SEO plugin. -->","yoast_head_json":{"title":"\"Liturgia, sacramentos, festas\" entre os lan\u00e7amentos da Editora Vozes - Not\u00edcias - Franciscanos","robots":{"index":"index","follow":"follow","max-snippet":"max-snippet:-1","max-image-preview":"max-image-preview:large","max-video-preview":"max-video-preview:-1"},"canonical":"https:\/\/franciscanos.org.br\/noticias\/liturgia-sacramentos-festas-entre-os-lancamentos-da-editora-vozes.html","og_locale":"pt_BR","og_type":"article","og_title":"\"Liturgia, sacramentos, festas\" entre os lan\u00e7amentos da Editora Vozes - Not\u00edcias - Franciscanos","og_description":"Editora Vozes","og_url":"https:\/\/franciscanos.org.br\/noticias\/liturgia-sacramentos-festas-entre-os-lancamentos-da-editora-vozes.html","og_site_name":"Not\u00edcias - Franciscanos","article_published_time":"2023-02-15T10:15:55+00:00","article_modified_time":"2023-02-15T10:17:44+00:00","og_image":[{"width":800,"height":550,"url":"https:\/\/franciscanos.org.br\/noticias\/wp-content\/uploads\/2023\/01\/vozes-800.jpg","type":"image\/jpeg"}],"author":"jovenal","twitter_card":"summary_large_image","twitter_misc":{"Escrito por":"jovenal","Est. tempo de leitura":"8 minutos"},"schema":{"@context":"https:\/\/schema.org","@graph":[{"@type":"WebSite","@id":"https:\/\/franciscanos.org.br\/noticias\/#website","url":"https:\/\/franciscanos.org.br\/noticias\/","name":"Not\u00edcias - Franciscanos","description":"Prov\u00edncia Franciscana da Imaculada Concei\u00e7\u00e3o do Brasil - Ordem dos Frades Menores - OFM","potentialAction":[{"@type":"SearchAction","target":{"@type":"EntryPoint","urlTemplate":"https:\/\/franciscanos.org.br\/noticias\/?s={search_term_string}"},"query-input":"required name=search_term_string"}],"inLanguage":"pt-BR"},{"@type":"ImageObject","inLanguage":"pt-BR","@id":"https:\/\/franciscanos.org.br\/noticias\/liturgia-sacramentos-festas-entre-os-lancamentos-da-editora-vozes.html#primaryimage","url":"https:\/\/franciscanos.org.br\/noticias\/wp-content\/uploads\/2023\/01\/vozes-800.jpg","contentUrl":"https:\/\/franciscanos.org.br\/noticias\/wp-content\/uploads\/2023\/01\/vozes-800.jpg","width":800,"height":550},{"@type":"WebPage","@id":"https:\/\/franciscanos.org.br\/noticias\/liturgia-sacramentos-festas-entre-os-lancamentos-da-editora-vozes.html#webpage","url":"https:\/\/franciscanos.org.br\/noticias\/liturgia-sacramentos-festas-entre-os-lancamentos-da-editora-vozes.html","name":"\"Liturgia, sacramentos, festas\" entre os lan\u00e7amentos da Editora Vozes - Not\u00edcias - Franciscanos","isPartOf":{"@id":"https:\/\/franciscanos.org.br\/noticias\/#website"},"primaryImageOfPage":{"@id":"https:\/\/franciscanos.org.br\/noticias\/liturgia-sacramentos-festas-entre-os-lancamentos-da-editora-vozes.html#primaryimage"},"datePublished":"2023-02-15T10:15:55+00:00","dateModified":"2023-02-15T10:17:44+00:00","author":{"@id":"https:\/\/franciscanos.org.br\/noticias\/#\/schema\/person\/c3a26b08313dd1772495ce300ab257cc"},"breadcrumb":{"@id":"https:\/\/franciscanos.org.br\/noticias\/liturgia-sacramentos-festas-entre-os-lancamentos-da-editora-vozes.html#breadcrumb"},"inLanguage":"pt-BR","potentialAction":[{"@type":"ReadAction","target":["https:\/\/franciscanos.org.br\/noticias\/liturgia-sacramentos-festas-entre-os-lancamentos-da-editora-vozes.html"]}]},{"@type":"BreadcrumbList","@id":"https:\/\/franciscanos.org.br\/noticias\/liturgia-sacramentos-festas-entre-os-lancamentos-da-editora-vozes.html#breadcrumb","itemListElement":[{"@type":"ListItem","position":1,"name":"Home","item":"https:\/\/franciscanos.org.br\/noticias"},{"@type":"ListItem","position":2,"name":"&#8220;Liturgia, sacramentos, festas&#8221; entre os lan\u00e7amentos da Editora Vozes"}]},{"@type":"Person","@id":"https:\/\/franciscanos.org.br\/noticias\/#\/schema\/person\/c3a26b08313dd1772495ce300ab257cc","name":"jovenal","image":{"@type":"ImageObject","inLanguage":"pt-BR","@id":"https:\/\/franciscanos.org.br\/noticias\/#\/schema\/person\/image\/","url":"https:\/\/secure.gravatar.com\/avatar\/e94509f531086e2eaf97e72f29ea00f9?s=96&d=mm&r=g","contentUrl":"https:\/\/secure.gravatar.com\/avatar\/e94509f531086e2eaf97e72f29ea00f9?s=96&d=mm&r=g","caption":"jovenal"},"url":"https:\/\/franciscanos.org.br\/noticias\/author\/jovenal"}]}},"_links":{"self":[{"href":"https:\/\/franciscanos.org.br\/noticias\/wp-json\/wp\/v2\/posts\/241803"}],"collection":[{"href":"https:\/\/franciscanos.org.br\/noticias\/wp-json\/wp\/v2\/posts"}],"about":[{"href":"https:\/\/franciscanos.org.br\/noticias\/wp-json\/wp\/v2\/types\/post"}],"author":[{"embeddable":true,"href":"https:\/\/franciscanos.org.br\/noticias\/wp-json\/wp\/v2\/users\/7"}],"replies":[{"embeddable":true,"href":"https:\/\/franciscanos.org.br\/noticias\/wp-json\/wp\/v2\/comments?post=241803"}],"version-history":[{"count":1,"href":"https:\/\/franciscanos.org.br\/noticias\/wp-json\/wp\/v2\/posts\/241803\/revisions"}],"predecessor-version":[{"id":241806,"href":"https:\/\/franciscanos.org.br\/noticias\/wp-json\/wp\/v2\/posts\/241803\/revisions\/241806"}],"wp:featuredmedia":[{"embeddable":true,"href":"https:\/\/franciscanos.org.br\/noticias\/wp-json\/wp\/v2\/media\/241805"}],"wp:attachment":[{"href":"https:\/\/franciscanos.org.br\/noticias\/wp-json\/wp\/v2\/media?parent=241803"}],"wp:term":[{"taxonomy":"category","embeddable":true,"href":"https:\/\/franciscanos.org.br\/noticias\/wp-json\/wp\/v2\/categories?post=241803"},{"taxonomy":"post_tag","embeddable":true,"href":"https:\/\/franciscanos.org.br\/noticias\/wp-json\/wp\/v2\/tags?post=241803"}],"curies":[{"name":"wp","href":"https:\/\/api.w.org\/{rel}","templated":true}]}}