{"id":241795,"date":"2023-01-15T13:08:29","date_gmt":"2023-01-15T16:08:29","guid":{"rendered":"https:\/\/franciscanos.org.br\/noticias\/?p=241795"},"modified":"2023-01-15T13:08:29","modified_gmt":"2023-01-15T16:08:29","slug":"papa-libertar-se-dos-apegos-e-o-passo-decisivo-para-crescer-no-espirito-de-servico","status":"publish","type":"post","link":"https:\/\/franciscanos.org.br\/noticias\/papa-libertar-se-dos-apegos-e-o-passo-decisivo-para-crescer-no-espirito-de-servico.html","title":{"rendered":"Papa: libertar-se dos apegos \u00e9 o passo decisivo para crescer no esp\u00edrito de servi\u00e7o"},"content":{"rendered":"<div id=\"attachment_241796\" style=\"width: 1510px\" class=\"wp-caption alignnone\"><img aria-describedby=\"caption-attachment-241796\" loading=\"lazy\" class=\"wp-image-241796 size-full\" src=\"https:\/\/franciscanos.org.br\/noticias\/wp-content\/uploads\/2023\/01\/angelus_15.jpeg\" alt=\"\" width=\"1500\" height=\"844\" srcset=\"https:\/\/franciscanos.org.br\/noticias\/wp-content\/uploads\/2023\/01\/angelus_15.jpeg 1500w, https:\/\/franciscanos.org.br\/noticias\/wp-content\/uploads\/2023\/01\/angelus_15-450x253.jpeg 450w, https:\/\/franciscanos.org.br\/noticias\/wp-content\/uploads\/2023\/01\/angelus_15-1024x576.jpeg 1024w, https:\/\/franciscanos.org.br\/noticias\/wp-content\/uploads\/2023\/01\/angelus_15-768x432.jpeg 768w, https:\/\/franciscanos.org.br\/noticias\/wp-content\/uploads\/2023\/01\/angelus_15-150x84.jpeg 150w\" sizes=\"(max-width: 1500px) 100vw, 1500px\" \/><p id=\"caption-attachment-241796\" class=\"wp-caption-text\">\u00a0 \u00a0 \u00a0 \u00a0 \u00a0 \u00a0 \u00a0 \u00a0 \u00a0 \u00a0 \u00a0 \u00a0 \u00a0 \u00a0 \u00a0 \u00a0 \u00a0 \u00a0 \u00a0 \u00a0 \u00a0 \u00a0 \u00a0 \u00a0 \u00a0 \u00a0 \u00a0 \u00a0 \u00a0 \u00a0 \u00a0 \u00a0 \u00a0 \u00a0 \u00a0 \u00a0 \u00a0 \u00a0 \u00a0 \u00a0 \u00a0 \u00a0 \u00a0 \u00a0 \u00a0 \u00a0 \u00a0 \u00a0 \u00a0 \u00a0 \u00a0 \u00a0 \u00a0<em> \u00a0 \u00a0 \u00a0 \u00a0 \u00a0 \u00a0 \u00a0 \u00a0Fonte: Vatican Media<\/em><\/p><\/div>\n<p>O Papa Francisco rezou a ora\u00e7\u00e3o mariana do Angelus, deste domingo (15\/01), com os fi\u00e9is e peregrinos reunidos na Pra\u00e7a S\u00e3o Pedro.<\/p>\n<p>Neste encontro dominical, o Pont\u00edfice refletiu sobre o testemunho de Jo\u00e3o Batista a prop\u00f3sito de Jesus, depois de t\u00ea-lo batizado no rio Jord\u00e3o. De fato, Jo\u00e3o Batista diz: &#8220;\u00c9 este de quem eu disse: Depois de mim vir\u00e1 um homem, que me \u00e9 superior, porque existe antes de mim.&#8221; &#8220;Este \u00e9 o testemunho&#8221;, frisou Papa.<\/p>\n<p><strong>Dar lugar a Jesus<\/strong><br \/>\nEsta declara\u00e7\u00e3o, este testemunho, revela o esp\u00edrito de servi\u00e7o de Jo\u00e3o. Ele tinha sido enviado para preparar o caminho para o Messias e o fizera sem se poupar. Humanamente, algu\u00e9m poderia pensar que ele receberia um &#8220;pr\u00eamio&#8221;, um lugar de destaque na vida p\u00fablica de Jesus, mas n\u00e3o. Jo\u00e3o, tendo cumprido a sua miss\u00e3o, sabe se afastar, retira-se de cena para dar lugar a Jesus.<\/p>\n<p>Jo\u00e3o viu o Esp\u00edrito descer sobre Jesus, &#8220;o indicou como o Cordeiro de Deus que tira o pecado do mundo, e agora, por sua vez, ele o escuta humildemente. De profeta se torna disc\u00edpulo. Ele pregou ao povo, reuniu disc\u00edpulos e os formou por muito tempo. No entanto, n\u00e3o prende ningu\u00e9m a si&#8221;. &#8220;Isto \u00e9 dif\u00edcil, mas \u00e9 o sinal do verdadeiro educador: n\u00e3o prender as pessoas a si&#8221;, ressaltou o Papa, destacando que Jo\u00e3o &#8220;coloca os seus disc\u00edpulos nas pegadas de Jesus. N\u00e3o est\u00e1 interessado em ter seguidores para si, em obter prest\u00edgio e sucesso, mas d\u00e1 testemunho e depois d\u00e1 um passo atr\u00e1s, para que muitos tenham a alegria de encontrar Jesus. Podemos dizer que ele abre a porta e vai embora&#8221;.<\/p>\n<p><strong>Liberta\u00e7\u00e3o dos apegos<\/strong><br \/>\nCom o seu esp\u00edrito de servi\u00e7o, e este \u00e9 um verdadeiro esp\u00edrito de servi\u00e7o, com a sua capacidade de abrir espa\u00e7o a Jesus, Jo\u00e3o Batista nos ensina uma coisa importante: a liberta\u00e7\u00e3o dos apegos. Nos ensina a nos libertar dos apegos. Sim, porque \u00e9 f\u00e1cil se apegar a pap\u00e9is e cargos, \u00e0 necessidade de ser estimado, reconhecido e premiado. Isso, embora natural, n\u00e3o \u00e9 uma coisa boa, porque o servi\u00e7o envolve a gratuidade, o verdadeiro servi\u00e7o envolve a gratuitidade, o cuidar dos outros sem vantagens para si, sem segundas inten\u00e7\u00f5es, sem esperar na troca em troca. Nos far\u00e1 bem cultivar, como Jo\u00e3o, a virtude de nos afastarmos no momento oportuno, testemunhando que o ponto de refer\u00eancia da vida \u00e9 Jesus. Afastar-se, aprender a dizer adeus. Cumpri esta miss\u00e3o, fiz esta reuni\u00e3o, me coloco de lado e abro espa\u00e7o para o Senhor. Aprender a se colocar de lado, n\u00e3o pegar algo para ter um retorno para n\u00f3s.<\/p>\n<p>A seguir, Francisco convidou a pensar &#8220;em como isso \u00e9 importante para um sacerdote, que \u00e9 chamado a pregar e celebrar n\u00e3o por protagonismo ou interesse, mas para acompanhar os outros a Jesus. Pensemos em como \u00e9 importante para os pais, que crescem os filhos com tantos sacrif\u00edcios, mas depois t\u00eam que deix\u00e1-los livres para seguir seu caminho no trabalho, no matrim\u00f4nio, na vida. \u00c9 bonito e justo que os pais continuem garantindo a sua presen\u00e7a, dizendo aos filhos: \u201cN\u00e3o os deixaremos sozinhos\u201d, mas com discri\u00e7\u00e3o, sem intromiss\u00e3o. A liberdade de crescer&#8221;.<\/p>\n<p><strong>Crescer no esp\u00edrito de servi\u00e7o<\/strong><br \/>\nO mesmo vale para outros \u00e2mbitos, como a amizade, a vida conjugal, a vida comunit\u00e1ria. Libertar-se dos apegos do pr\u00f3prio ego e saber se afastar custa, mas \u00e9 muito importante: \u00e9 o passo decisivo para crescer no esp\u00edrito de servi\u00e7o. Crescer no esp\u00edrito de servi\u00e7o fazendo as coisas e se colocando de lado, sem buscar recompensa.<\/p>\n<p>O Papa nos convidou a fazer as seguintes perguntas: &#8220;Somos capazes de abrir espa\u00e7o para os outros? De escut\u00e1-los, de deix\u00e1-los livres, de n\u00e3o prend\u00ea-los a n\u00f3s exigindo reconhecimento? At\u00e9 de deix\u00e1-los falar. Deix\u00e1-los falar, abrir espa\u00e7o para os outros. Atra\u00edmos os outros a Jesus ou a n\u00f3s mesmos? E ainda, seguindo o exemplo de Jo\u00e3o: sabemos nos alegrar pelo fato de as pessoas seguirem seu caminho e o seu chamado, mesmo que isso implique um pouco de distanciamento de n\u00f3s? Regozijamo-nos com suas realiza\u00e7\u00f5es, com sinceridade e sem inveja? Alegramo-nos quando os outros v\u00e3o adiante, com sinceridade, sem inveja? Isso \u00e9 deixar os outros crescer&#8221;.<\/p>\n<p>&#8220;Que Maria, a serva do Senhor, nos ajude a nos libertar dos apegos, e a abrir espa\u00e7o ao Senhor e aos outros&#8221;, concluiu Francisco.<\/p>\n<hr \/>\n<p><em>Fonte: Vatican News (texto de Mariangela Jaguraba)<\/em><\/p>\n","protected":false},"excerpt":{"rendered":"<p>Angelus<\/p>\n","protected":false},"author":3,"featured_media":241796,"comment_status":"open","ping_status":"open","sticky":false,"template":"","format":"standard","meta":[],"categories":[1428],"tags":[403],"acf":[],"yoast_head":"<!-- This site is optimized with the Yoast SEO plugin v19.2 - https:\/\/yoast.com\/wordpress\/plugins\/seo\/ -->\n<title>Papa: libertar-se dos apegos \u00e9 o passo decisivo para crescer no esp\u00edrito de servi\u00e7o - Not\u00edcias - Franciscanos<\/title>\n<meta name=\"robots\" content=\"index, follow, max-snippet:-1, max-image-preview:large, max-video-preview:-1\" \/>\n<link rel=\"canonical\" href=\"https:\/\/franciscanos.org.br\/noticias\/papa-libertar-se-dos-apegos-e-o-passo-decisivo-para-crescer-no-espirito-de-servico.html\" \/>\n<meta property=\"og:locale\" content=\"pt_BR\" \/>\n<meta property=\"og:type\" content=\"article\" \/>\n<meta property=\"og:title\" content=\"Papa: libertar-se dos apegos \u00e9 o passo decisivo para crescer no esp\u00edrito de servi\u00e7o - Not\u00edcias - Franciscanos\" \/>\n<meta property=\"og:description\" content=\"Angelus\" \/>\n<meta property=\"og:url\" content=\"https:\/\/franciscanos.org.br\/noticias\/papa-libertar-se-dos-apegos-e-o-passo-decisivo-para-crescer-no-espirito-de-servico.html\" \/>\n<meta property=\"og:site_name\" content=\"Not\u00edcias - Franciscanos\" \/>\n<meta property=\"article:published_time\" content=\"2023-01-15T16:08:29+00:00\" \/>\n<meta property=\"og:image\" content=\"https:\/\/franciscanos.org.br\/noticias\/wp-content\/uploads\/2023\/01\/angelus_15.jpeg\" \/>\n\t<meta property=\"og:image:width\" content=\"1500\" \/>\n\t<meta property=\"og:image:height\" content=\"844\" \/>\n\t<meta property=\"og:image:type\" content=\"image\/jpeg\" \/>\n<meta name=\"author\" content=\"moacir\" \/>\n<meta name=\"twitter:card\" content=\"summary_large_image\" \/>\n<meta name=\"twitter:label1\" content=\"Escrito por\" \/>\n\t<meta name=\"twitter:data1\" content=\"moacir\" \/>\n\t<meta name=\"twitter:label2\" content=\"Est. tempo de leitura\" \/>\n\t<meta name=\"twitter:data2\" content=\"4 minutos\" \/>\n<script type=\"application\/ld+json\" class=\"yoast-schema-graph\">{\"@context\":\"https:\/\/schema.org\",\"@graph\":[{\"@type\":\"WebSite\",\"@id\":\"https:\/\/franciscanos.org.br\/noticias\/#website\",\"url\":\"https:\/\/franciscanos.org.br\/noticias\/\",\"name\":\"Not\u00edcias - Franciscanos\",\"description\":\"Prov\u00edncia Franciscana da Imaculada Concei\u00e7\u00e3o do Brasil - Ordem dos Frades Menores - OFM\",\"potentialAction\":[{\"@type\":\"SearchAction\",\"target\":{\"@type\":\"EntryPoint\",\"urlTemplate\":\"https:\/\/franciscanos.org.br\/noticias\/?s={search_term_string}\"},\"query-input\":\"required name=search_term_string\"}],\"inLanguage\":\"pt-BR\"},{\"@type\":\"ImageObject\",\"inLanguage\":\"pt-BR\",\"@id\":\"https:\/\/franciscanos.org.br\/noticias\/papa-libertar-se-dos-apegos-e-o-passo-decisivo-para-crescer-no-espirito-de-servico.html#primaryimage\",\"url\":\"https:\/\/franciscanos.org.br\/noticias\/wp-content\/uploads\/2023\/01\/angelus_15.jpeg\",\"contentUrl\":\"https:\/\/franciscanos.org.br\/noticias\/wp-content\/uploads\/2023\/01\/angelus_15.jpeg\",\"width\":1500,\"height\":844},{\"@type\":\"WebPage\",\"@id\":\"https:\/\/franciscanos.org.br\/noticias\/papa-libertar-se-dos-apegos-e-o-passo-decisivo-para-crescer-no-espirito-de-servico.html#webpage\",\"url\":\"https:\/\/franciscanos.org.br\/noticias\/papa-libertar-se-dos-apegos-e-o-passo-decisivo-para-crescer-no-espirito-de-servico.html\",\"name\":\"Papa: libertar-se dos apegos \u00e9 o passo decisivo para crescer no esp\u00edrito de servi\u00e7o - Not\u00edcias - Franciscanos\",\"isPartOf\":{\"@id\":\"https:\/\/franciscanos.org.br\/noticias\/#website\"},\"primaryImageOfPage\":{\"@id\":\"https:\/\/franciscanos.org.br\/noticias\/papa-libertar-se-dos-apegos-e-o-passo-decisivo-para-crescer-no-espirito-de-servico.html#primaryimage\"},\"datePublished\":\"2023-01-15T16:08:29+00:00\",\"dateModified\":\"2023-01-15T16:08:29+00:00\",\"author\":{\"@id\":\"https:\/\/franciscanos.org.br\/noticias\/#\/schema\/person\/b5c8cba458c330ccff548b056e95a5d4\"},\"breadcrumb\":{\"@id\":\"https:\/\/franciscanos.org.br\/noticias\/papa-libertar-se-dos-apegos-e-o-passo-decisivo-para-crescer-no-espirito-de-servico.html#breadcrumb\"},\"inLanguage\":\"pt-BR\",\"potentialAction\":[{\"@type\":\"ReadAction\",\"target\":[\"https:\/\/franciscanos.org.br\/noticias\/papa-libertar-se-dos-apegos-e-o-passo-decisivo-para-crescer-no-espirito-de-servico.html\"]}]},{\"@type\":\"BreadcrumbList\",\"@id\":\"https:\/\/franciscanos.org.br\/noticias\/papa-libertar-se-dos-apegos-e-o-passo-decisivo-para-crescer-no-espirito-de-servico.html#breadcrumb\",\"itemListElement\":[{\"@type\":\"ListItem\",\"position\":1,\"name\":\"Home\",\"item\":\"https:\/\/franciscanos.org.br\/noticias\"},{\"@type\":\"ListItem\",\"position\":2,\"name\":\"Papa: libertar-se dos apegos \u00e9 o passo decisivo para crescer no esp\u00edrito de servi\u00e7o\"}]},{\"@type\":\"Person\",\"@id\":\"https:\/\/franciscanos.org.br\/noticias\/#\/schema\/person\/b5c8cba458c330ccff548b056e95a5d4\",\"name\":\"moacir\",\"image\":{\"@type\":\"ImageObject\",\"inLanguage\":\"pt-BR\",\"@id\":\"https:\/\/franciscanos.org.br\/noticias\/#\/schema\/person\/image\/\",\"url\":\"https:\/\/secure.gravatar.com\/avatar\/d08aa2ce4c8dd416d4479aa8536fcf64?s=96&d=mm&r=g\",\"contentUrl\":\"https:\/\/secure.gravatar.com\/avatar\/d08aa2ce4c8dd416d4479aa8536fcf64?s=96&d=mm&r=g\",\"caption\":\"moacir\"},\"url\":\"https:\/\/franciscanos.org.br\/noticias\/author\/moacir\"}]}<\/script>\n<!-- \/ Yoast SEO plugin. -->","yoast_head_json":{"title":"Papa: libertar-se dos apegos \u00e9 o passo decisivo para crescer no esp\u00edrito de servi\u00e7o - Not\u00edcias - Franciscanos","robots":{"index":"index","follow":"follow","max-snippet":"max-snippet:-1","max-image-preview":"max-image-preview:large","max-video-preview":"max-video-preview:-1"},"canonical":"https:\/\/franciscanos.org.br\/noticias\/papa-libertar-se-dos-apegos-e-o-passo-decisivo-para-crescer-no-espirito-de-servico.html","og_locale":"pt_BR","og_type":"article","og_title":"Papa: libertar-se dos apegos \u00e9 o passo decisivo para crescer no esp\u00edrito de servi\u00e7o - Not\u00edcias - Franciscanos","og_description":"Angelus","og_url":"https:\/\/franciscanos.org.br\/noticias\/papa-libertar-se-dos-apegos-e-o-passo-decisivo-para-crescer-no-espirito-de-servico.html","og_site_name":"Not\u00edcias - Franciscanos","article_published_time":"2023-01-15T16:08:29+00:00","og_image":[{"width":1500,"height":844,"url":"https:\/\/franciscanos.org.br\/noticias\/wp-content\/uploads\/2023\/01\/angelus_15.jpeg","type":"image\/jpeg"}],"author":"moacir","twitter_card":"summary_large_image","twitter_misc":{"Escrito por":"moacir","Est. tempo de leitura":"4 minutos"},"schema":{"@context":"https:\/\/schema.org","@graph":[{"@type":"WebSite","@id":"https:\/\/franciscanos.org.br\/noticias\/#website","url":"https:\/\/franciscanos.org.br\/noticias\/","name":"Not\u00edcias - Franciscanos","description":"Prov\u00edncia Franciscana da Imaculada Concei\u00e7\u00e3o do Brasil - Ordem dos Frades Menores - OFM","potentialAction":[{"@type":"SearchAction","target":{"@type":"EntryPoint","urlTemplate":"https:\/\/franciscanos.org.br\/noticias\/?s={search_term_string}"},"query-input":"required name=search_term_string"}],"inLanguage":"pt-BR"},{"@type":"ImageObject","inLanguage":"pt-BR","@id":"https:\/\/franciscanos.org.br\/noticias\/papa-libertar-se-dos-apegos-e-o-passo-decisivo-para-crescer-no-espirito-de-servico.html#primaryimage","url":"https:\/\/franciscanos.org.br\/noticias\/wp-content\/uploads\/2023\/01\/angelus_15.jpeg","contentUrl":"https:\/\/franciscanos.org.br\/noticias\/wp-content\/uploads\/2023\/01\/angelus_15.jpeg","width":1500,"height":844},{"@type":"WebPage","@id":"https:\/\/franciscanos.org.br\/noticias\/papa-libertar-se-dos-apegos-e-o-passo-decisivo-para-crescer-no-espirito-de-servico.html#webpage","url":"https:\/\/franciscanos.org.br\/noticias\/papa-libertar-se-dos-apegos-e-o-passo-decisivo-para-crescer-no-espirito-de-servico.html","name":"Papa: libertar-se dos apegos \u00e9 o passo decisivo para crescer no esp\u00edrito de servi\u00e7o - Not\u00edcias - Franciscanos","isPartOf":{"@id":"https:\/\/franciscanos.org.br\/noticias\/#website"},"primaryImageOfPage":{"@id":"https:\/\/franciscanos.org.br\/noticias\/papa-libertar-se-dos-apegos-e-o-passo-decisivo-para-crescer-no-espirito-de-servico.html#primaryimage"},"datePublished":"2023-01-15T16:08:29+00:00","dateModified":"2023-01-15T16:08:29+00:00","author":{"@id":"https:\/\/franciscanos.org.br\/noticias\/#\/schema\/person\/b5c8cba458c330ccff548b056e95a5d4"},"breadcrumb":{"@id":"https:\/\/franciscanos.org.br\/noticias\/papa-libertar-se-dos-apegos-e-o-passo-decisivo-para-crescer-no-espirito-de-servico.html#breadcrumb"},"inLanguage":"pt-BR","potentialAction":[{"@type":"ReadAction","target":["https:\/\/franciscanos.org.br\/noticias\/papa-libertar-se-dos-apegos-e-o-passo-decisivo-para-crescer-no-espirito-de-servico.html"]}]},{"@type":"BreadcrumbList","@id":"https:\/\/franciscanos.org.br\/noticias\/papa-libertar-se-dos-apegos-e-o-passo-decisivo-para-crescer-no-espirito-de-servico.html#breadcrumb","itemListElement":[{"@type":"ListItem","position":1,"name":"Home","item":"https:\/\/franciscanos.org.br\/noticias"},{"@type":"ListItem","position":2,"name":"Papa: libertar-se dos apegos \u00e9 o passo decisivo para crescer no esp\u00edrito de servi\u00e7o"}]},{"@type":"Person","@id":"https:\/\/franciscanos.org.br\/noticias\/#\/schema\/person\/b5c8cba458c330ccff548b056e95a5d4","name":"moacir","image":{"@type":"ImageObject","inLanguage":"pt-BR","@id":"https:\/\/franciscanos.org.br\/noticias\/#\/schema\/person\/image\/","url":"https:\/\/secure.gravatar.com\/avatar\/d08aa2ce4c8dd416d4479aa8536fcf64?s=96&d=mm&r=g","contentUrl":"https:\/\/secure.gravatar.com\/avatar\/d08aa2ce4c8dd416d4479aa8536fcf64?s=96&d=mm&r=g","caption":"moacir"},"url":"https:\/\/franciscanos.org.br\/noticias\/author\/moacir"}]}},"_links":{"self":[{"href":"https:\/\/franciscanos.org.br\/noticias\/wp-json\/wp\/v2\/posts\/241795"}],"collection":[{"href":"https:\/\/franciscanos.org.br\/noticias\/wp-json\/wp\/v2\/posts"}],"about":[{"href":"https:\/\/franciscanos.org.br\/noticias\/wp-json\/wp\/v2\/types\/post"}],"author":[{"embeddable":true,"href":"https:\/\/franciscanos.org.br\/noticias\/wp-json\/wp\/v2\/users\/3"}],"replies":[{"embeddable":true,"href":"https:\/\/franciscanos.org.br\/noticias\/wp-json\/wp\/v2\/comments?post=241795"}],"version-history":[{"count":1,"href":"https:\/\/franciscanos.org.br\/noticias\/wp-json\/wp\/v2\/posts\/241795\/revisions"}],"predecessor-version":[{"id":241797,"href":"https:\/\/franciscanos.org.br\/noticias\/wp-json\/wp\/v2\/posts\/241795\/revisions\/241797"}],"wp:featuredmedia":[{"embeddable":true,"href":"https:\/\/franciscanos.org.br\/noticias\/wp-json\/wp\/v2\/media\/241796"}],"wp:attachment":[{"href":"https:\/\/franciscanos.org.br\/noticias\/wp-json\/wp\/v2\/media?parent=241795"}],"wp:term":[{"taxonomy":"category","embeddable":true,"href":"https:\/\/franciscanos.org.br\/noticias\/wp-json\/wp\/v2\/categories?post=241795"},{"taxonomy":"post_tag","embeddable":true,"href":"https:\/\/franciscanos.org.br\/noticias\/wp-json\/wp\/v2\/tags?post=241795"}],"curies":[{"name":"wp","href":"https:\/\/api.w.org\/{rel}","templated":true}]}}