{"id":241784,"date":"2023-01-15T11:52:33","date_gmt":"2023-01-15T14:52:33","guid":{"rendered":"https:\/\/franciscanos.org.br\/noticias\/?p=241784"},"modified":"2025-03-10T15:20:43","modified_gmt":"2025-03-10T18:20:43","slug":"aproveitem-esse-tempo-do-noviciado-diz-frei-paulo-a-turma-dos-novicos-2023","status":"publish","type":"post","link":"https:\/\/franciscanos.org.br\/noticias\/aproveitem-esse-tempo-do-noviciado-diz-frei-paulo-a-turma-dos-novicos-2023.html","title":{"rendered":"&#8220;Aproveitem esse tempo do Noviciado&#8221;, diz Frei Paulo \u00e0 turma dos novi\u00e7os 2023"},"content":{"rendered":"<p><img loading=\"lazy\" class=\"alignnone size-full wp-image-241785\" src=\"https:\/\/franciscanos.org.br\/noticias\/wp-content\/uploads\/2023\/01\/vesticao_01.jpg\" alt=\"\" width=\"1280\" height=\"720\" srcset=\"https:\/\/franciscanos.org.br\/noticias\/wp-content\/uploads\/2023\/01\/vesticao_01.jpg 1280w, https:\/\/franciscanos.org.br\/noticias\/wp-content\/uploads\/2023\/01\/vesticao_01-450x253.jpg 450w, https:\/\/franciscanos.org.br\/noticias\/wp-content\/uploads\/2023\/01\/vesticao_01-1024x576.jpg 1024w, https:\/\/franciscanos.org.br\/noticias\/wp-content\/uploads\/2023\/01\/vesticao_01-768x432.jpg 768w, https:\/\/franciscanos.org.br\/noticias\/wp-content\/uploads\/2023\/01\/vesticao_01-150x84.jpg 150w\" sizes=\"(max-width: 1280px) 100vw, 1280px\" \/><\/p>\n<p><strong>Rodeio (SC)<\/strong> &#8211; A Prov\u00edncia Franciscana da Imaculada Concei\u00e7\u00e3o do Brasil e a Prov\u00edncia S\u00e3o Francisco Solano da Argentina acolheram, neste domingo (15\/01), \u00e0s 6h30, sete novi\u00e7os para iniciarem o Ano da Gra\u00e7a em 2023 no Noviciado S\u00e3o Jos\u00e9, em Rodeio (SC). Esse momento aconteceu durante Celebra\u00e7\u00e3o no refeit\u00f3rio do Convento, com um rito simples e pr\u00f3prio para a inicia\u00e7\u00e3o \u00e0 Vida Religiosa. Este foi tamb\u00e9m o segundo ano que o Noviciado recebeu novi\u00e7o da Confer\u00eancia dos Frades Menores do Brasil e do Cone Sul.<\/p>\n<p>&#8220;Nesta manh\u00e3, alegramo-nos com mais um grupo de jovens que quer fazer a experi\u00eancia no seguimento de S\u00e3o Francisco de Assis neste Noviciado&#8221;, saudou o mestre Frei Samuel Ferreira de Lima, explicando que o rito, \u201cmuito simples, singelo, mas marcante\u201d, significa uma passagem da vida laica para a vida religiosa.<\/p>\n<p><img loading=\"lazy\" class=\"alignnone size-full wp-image-241787\" src=\"https:\/\/franciscanos.org.br\/noticias\/wp-content\/uploads\/2023\/01\/vest_15_1.jpg\" alt=\"\" width=\"1280\" height=\"715\" srcset=\"https:\/\/franciscanos.org.br\/noticias\/wp-content\/uploads\/2023\/01\/vest_15_1.jpg 1280w, https:\/\/franciscanos.org.br\/noticias\/wp-content\/uploads\/2023\/01\/vest_15_1-450x251.jpg 450w, https:\/\/franciscanos.org.br\/noticias\/wp-content\/uploads\/2023\/01\/vest_15_1-1024x572.jpg 1024w, https:\/\/franciscanos.org.br\/noticias\/wp-content\/uploads\/2023\/01\/vest_15_1-768x429.jpg 768w, https:\/\/franciscanos.org.br\/noticias\/wp-content\/uploads\/2023\/01\/vest_15_1-150x84.jpg 150w\" sizes=\"(max-width: 1280px) 100vw, 1280px\" \/><\/p>\n<p><img loading=\"lazy\" class=\"alignnone wp-image-241786 size-full\" src=\"https:\/\/franciscanos.org.br\/noticias\/wp-content\/uploads\/2023\/01\/vesticao_04.jpg\" alt=\"\" width=\"1280\" height=\"833\" srcset=\"https:\/\/franciscanos.org.br\/noticias\/wp-content\/uploads\/2023\/01\/vesticao_04.jpg 1280w, https:\/\/franciscanos.org.br\/noticias\/wp-content\/uploads\/2023\/01\/vesticao_04-450x293.jpg 450w, https:\/\/franciscanos.org.br\/noticias\/wp-content\/uploads\/2023\/01\/vesticao_04-1024x666.jpg 1024w, https:\/\/franciscanos.org.br\/noticias\/wp-content\/uploads\/2023\/01\/vesticao_04-768x500.jpg 768w, https:\/\/franciscanos.org.br\/noticias\/wp-content\/uploads\/2023\/01\/vesticao_04-150x98.jpg 150w\" sizes=\"(max-width: 1280px) 100vw, 1280px\" \/><\/p>\n<p>Os postulantes da Prov\u00edncia da Imaculada Concei\u00e7\u00e3o &#8211; Cristian dos Santos Lopes; Felipe Fernando Noronha; Gabriel Speran\u00e7a Goschel; Gilson Ramos de Oliveira; Matheus Querino; e Victor Gomes Franz &#8211; foram acolhidos pelo Ministro Provincial, Frei Paulo Roberto Pereira, e o postulante Rodrigo Mina foi acolhido pelo Vig\u00e1rio Provincial, Frei Claudio Dar\u00edo Equizada, da Prov\u00edncia Argentina S\u00e3o Francisco Solano. Presentes na celebra\u00e7\u00e3o o mestre do Postulantado, Frei Walter de Carvalho J\u00fanior, que acompanhou esta turma durante o ano de 2022, em Guaratinguet\u00e1 (SP), e chamou um a um os postulantes. Como mestre do postulante argentino veio a rodeio Frei Fernando Ferrario. Esta celebra\u00e7\u00e3o n\u00e3o foi aberta ao p\u00fablico e entre os frades presentes estava o Definidor Provincial Frei Robson Luiz Scudela.<\/p>\n<p>Logo no in\u00edcio do rito, os postulantes fizeram o pedido ao Ministro Provincial para participar da vida da Fam\u00edlia Franciscana da Ordem dos Frades Menores, e foram aceitos: &#8220;N\u00f3s vos recebemos em nossa Fraternidade para que possais experimentar a vida dos Frades Menores&#8221;, disse Frei Paulo.<\/p>\n<p>O Ministro Provincial abriu sua reflex\u00e3o recordando um chiste que \u00e9 muito conhecido no ambiente religioso, que diz que o beneditino, quando recebe algu\u00e9m no mosteiro, leva-o para a capela, porque a ora\u00e7\u00e3o \u00e9 a medula da vida mon\u00e1stica; j\u00e1 o jesu\u00edta, quando recebe algu\u00e9m, leva \u00e0 biblioteca, destacando que o saber, a intelig\u00eancia e a busca da raz\u00e3o s\u00e3o essenciais para sua vida e identifica\u00e7\u00e3o. E dizem que os franciscanos levam, primeiro, o visitante para o refeit\u00f3rio. &#8220;E, ent\u00e3o, nos sobra a glutonaria, que \u00e9 um pecado&#8221;, brincou o Ministro Provincial.<\/p>\n<p>Mas hoje n\u00f3s mostramos que esse chiste \u00e9 at\u00e9 engra\u00e7adinho, mas n\u00e3o reflete a ess\u00eancia de nossa vida quando nos associa ao prazer da mesa simplesmente. E hoje n\u00f3s estamos aqui no refeit\u00f3rio &#8211; e o refeit\u00f3rio \u00e9 para n\u00f3s, franciscanos, o lugar central &#8211; nem pelo que se come, mas pelo que se experimenta. N\u00f3s estamos aqui e queremos experimentar cada vez mais aquilo que o pr\u00f3prio Senhor nos ensinou: a qualidade de vida das nossas Fraternidade pode ser medida pela qualidade da conviv\u00eancia \u00e0 mesa. Em visita \u00e0s nossas Fraternidades, podemos perceber que se a refei\u00e7\u00e3o \u00e9 r\u00e1pida e sem integra\u00e7\u00e3o, a vida daquela fraternidade e a sua miss\u00e3o, certamente, est\u00e3o deficit\u00e1rias, est\u00e3o precisando de um vigor renovado. A comensalidade j\u00e1 foi tida como uma virtude capaz de transformar o mundo&#8221;, observou, recordando o livro que Leonardo Boff escreveu sobre a comensalidade.<\/p>\n<p><img loading=\"lazy\" class=\"alignnone size-full wp-image-241789\" src=\"https:\/\/franciscanos.org.br\/noticias\/wp-content\/uploads\/2023\/01\/vest_1508.jpg\" alt=\"\" width=\"1280\" height=\"910\" srcset=\"https:\/\/franciscanos.org.br\/noticias\/wp-content\/uploads\/2023\/01\/vest_1508.jpg 1280w, https:\/\/franciscanos.org.br\/noticias\/wp-content\/uploads\/2023\/01\/vest_1508-450x320.jpg 450w, https:\/\/franciscanos.org.br\/noticias\/wp-content\/uploads\/2023\/01\/vest_1508-1024x728.jpg 1024w, https:\/\/franciscanos.org.br\/noticias\/wp-content\/uploads\/2023\/01\/vest_1508-768x546.jpg 768w, https:\/\/franciscanos.org.br\/noticias\/wp-content\/uploads\/2023\/01\/vest_1508-150x107.jpg 150w\" sizes=\"(max-width: 1280px) 100vw, 1280px\" \/><\/p>\n<p><img loading=\"lazy\" class=\"alignnone size-full wp-image-241788\" src=\"https:\/\/franciscanos.org.br\/noticias\/wp-content\/uploads\/2023\/01\/vesticao_03.jpg\" alt=\"\" width=\"1280\" height=\"753\" srcset=\"https:\/\/franciscanos.org.br\/noticias\/wp-content\/uploads\/2023\/01\/vesticao_03.jpg 1280w, https:\/\/franciscanos.org.br\/noticias\/wp-content\/uploads\/2023\/01\/vesticao_03-450x265.jpg 450w, https:\/\/franciscanos.org.br\/noticias\/wp-content\/uploads\/2023\/01\/vesticao_03-1024x602.jpg 1024w, https:\/\/franciscanos.org.br\/noticias\/wp-content\/uploads\/2023\/01\/vesticao_03-768x452.jpg 768w, https:\/\/franciscanos.org.br\/noticias\/wp-content\/uploads\/2023\/01\/vesticao_03-150x88.jpg 150w\" sizes=\"(max-width: 1280px) 100vw, 1280px\" \/><\/p>\n<p>Segundo Frei Paulo, os inimigos n\u00e3o se re\u00fanem em torno de uma refei\u00e7\u00e3o, mas peleiam no campo da guerra. &#8220;Mas junto \u00e0 mesa se encontram aqueles que buscam o mesmo ideal e n\u00f3s, franciscanos que queremos ser, desejamos estar em torno \u00e0 mesa em busca do mesmo ideal&#8221;, refor\u00e7ou.<\/p>\n<p>Para o Ministro Provincial, tristemente o ritualismo e at\u00e9 o devocionismo, na forma como se vive o grande dom da Igreja, fez esquecer que a pr\u00f3pria Eucaristia \u00e9 uma refei\u00e7\u00e3o. &#8220;Nossa forma de viver a f\u00e9 como dom, o grande dom da Eucaristia, \u00e9 uma refei\u00e7\u00e3o&#8221;, enfatizou, lembrando que Jesus reuniu os seus disc\u00edpulos no momento marcante, crucial da sua vida, em torno da mesa para anunciar as \u00faltimas palavras do seu Testamento. &#8220;Eucaristia \u00e9 refei\u00e7\u00e3o, refei\u00e7\u00e3o que nos faz pessoas, refei\u00e7\u00e3o que nos faz servidores, aqueles que lavam os p\u00e9s uns dos outros. Por isso \u00e9 bastante significativo e importante que n\u00f3s, no in\u00edcio da caminhada do Noviciado de voc\u00eas, nos reunamos aqui no refeit\u00f3rio&#8221;, explicou.<\/p>\n<p>Frei Paulo pediu aos novi\u00e7os para revelarem &#8220;pela nossa vida, n\u00e3o pela nossa roupa, que a cruz de nosso Senhor Jesus Cristo \u00e9 caminho de salva\u00e7\u00e3o, \u00e9 caminho de santidade. E ainda, na cruz de Nosso Senhor Jesus Cristo, com a cor do pobre&#8221;, ensinou.<\/p>\n<p><img loading=\"lazy\" class=\"alignnone size-full wp-image-241790\" src=\"https:\/\/franciscanos.org.br\/noticias\/wp-content\/uploads\/2023\/01\/vesticao_05.jpg\" alt=\"\" width=\"1280\" height=\"731\" srcset=\"https:\/\/franciscanos.org.br\/noticias\/wp-content\/uploads\/2023\/01\/vesticao_05.jpg 1280w, https:\/\/franciscanos.org.br\/noticias\/wp-content\/uploads\/2023\/01\/vesticao_05-450x257.jpg 450w, https:\/\/franciscanos.org.br\/noticias\/wp-content\/uploads\/2023\/01\/vesticao_05-1024x585.jpg 1024w, https:\/\/franciscanos.org.br\/noticias\/wp-content\/uploads\/2023\/01\/vesticao_05-768x439.jpg 768w, https:\/\/franciscanos.org.br\/noticias\/wp-content\/uploads\/2023\/01\/vesticao_05-150x86.jpg 150w\" sizes=\"(max-width: 1280px) 100vw, 1280px\" \/><\/p>\n<p>Outro elemento que constitui esta celebra\u00e7\u00e3o, segundo o texto que foi lido do Testamento, S\u00e3o Francisco \u00e9 muito grato a Deus, &#8220;que revela a ele a forma de viver, que revela a ele o que fazer e at\u00e9 o que escrever e dizer. Mas ele diz que o pr\u00f3prio Senhor, que havia revelado a ele todas essas coisas, tamb\u00e9m a ele concede irm\u00e3os&#8221;, destacou Frei Paulo. &#8220;A Fraternidade, e aqui eu quero insistir, n\u00e3o se restringe apenas \u00e0queles irm\u00e3os que conosco convivem. Para ser franciscana de fato, a fraternidade tem que supor a fraternidade entre todos, sobretudo entre os mais pobres. A fraternidade e a cruz s\u00e3o o caminho que vai conduzi-los \u00e0quilo que voc\u00eas querem fazer&#8221;, exortou.<\/p>\n<p>Frei Paulo lembrou que o sino da Igreja Matriz de Rodeio marca um tempo diferente nesta etapa de forma\u00e7\u00e3o. &#8220;O tempo do Noviciado tem uma outra medida. Aproveitem esse tempo, vivam com intensidade esse tempo de estar consigo mesmo, de cultivar a fraternidade e, sobretudo, de estar na presen\u00e7a do Senhor. E voc\u00eas nos pediram que querem aproveitar esse tempo revestido com o h\u00e1bito da penit\u00eancia para viver o tempo da pr\u00f3pria penit\u00eancia. \u00c9 o tempo de ouvir o Evangelho, de observar a pobreza e humildade de Nosso Senhor, de buscar possuir o Esp\u00edrito do Senhor. O tempo de rezar com o cora\u00e7\u00e3o puro e casto. O tempo de se alimentar do amor fraterno, com a certeza de que ter\u00e3o um ano aben\u00e7oado e fecundo. Assim seja!&#8221;, desejou.<\/p>\n<p><img loading=\"lazy\" class=\"alignnone size-full wp-image-241800\" src=\"https:\/\/franciscanos.org.br\/noticias\/wp-content\/uploads\/2023\/01\/vesticao_0115.jpg\" alt=\"\" width=\"1280\" height=\"960\" srcset=\"https:\/\/franciscanos.org.br\/noticias\/wp-content\/uploads\/2023\/01\/vesticao_0115.jpg 1280w, https:\/\/franciscanos.org.br\/noticias\/wp-content\/uploads\/2023\/01\/vesticao_0115-450x338.jpg 450w, https:\/\/franciscanos.org.br\/noticias\/wp-content\/uploads\/2023\/01\/vesticao_0115-1024x768.jpg 1024w, https:\/\/franciscanos.org.br\/noticias\/wp-content\/uploads\/2023\/01\/vesticao_0115-768x576.jpg 768w, https:\/\/franciscanos.org.br\/noticias\/wp-content\/uploads\/2023\/01\/vesticao_0115-150x113.jpg 150w, https:\/\/franciscanos.org.br\/noticias\/wp-content\/uploads\/2023\/01\/vesticao_0115-600x450.jpg 600w\" sizes=\"(max-width: 1280px) 100vw, 1280px\" \/><\/p>\n<p>Em seguida, o Ministro Provincial aben\u00e7oou os h\u00e1bitos e os entregou a cada um. As vestes da prova\u00e7\u00e3o s\u00e3o talhadas em forma de cruz, em sinal de maior ades\u00e3o ao seguimento de Cristo. Com ajuda de frades presentes em Rodeio para esta celebra\u00e7\u00e3o, os novi\u00e7os vestiram os h\u00e1bitos e assinaram o livro de Atas de Admiss\u00e3o ao Noviciado da Ordem dos Frades Menores. A ora\u00e7\u00e3o terminou com a b\u00ean\u00e7\u00e3o de S\u00e3o Francisco.<\/p>\n<p>A partir desta celebra\u00e7\u00e3o, esses jovens est\u00e3o sob a orienta\u00e7\u00e3o do Mestre Frei Samuel Ferreira de Lima e da Fraternidade do Noviciado.<\/p>\n<p><img loading=\"lazy\" class=\"alignnone size-full wp-image-241792\" src=\"https:\/\/franciscanos.org.br\/noticias\/wp-content\/uploads\/2023\/01\/vesticao_02.jpg\" alt=\"\" width=\"1280\" height=\"696\" srcset=\"https:\/\/franciscanos.org.br\/noticias\/wp-content\/uploads\/2023\/01\/vesticao_02.jpg 1280w, https:\/\/franciscanos.org.br\/noticias\/wp-content\/uploads\/2023\/01\/vesticao_02-450x245.jpg 450w, https:\/\/franciscanos.org.br\/noticias\/wp-content\/uploads\/2023\/01\/vesticao_02-1024x557.jpg 1024w, https:\/\/franciscanos.org.br\/noticias\/wp-content\/uploads\/2023\/01\/vesticao_02-768x418.jpg 768w, https:\/\/franciscanos.org.br\/noticias\/wp-content\/uploads\/2023\/01\/vesticao_02-150x82.jpg 150w\" sizes=\"(max-width: 1280px) 100vw, 1280px\" \/><\/p>\n<p>Frei Paulo agradeceu ao Mestre Frei Walter e, atrav\u00e9s dele, toda a Fraternidade do Postulandado &#8220;pela dedica\u00e7\u00e3o, pela forma como conduziu este ano de Postulantado&#8221;. A mesma gratid\u00e3o externou ao mestre da Prov\u00edncia S\u00e3o Francisco Solano.<\/p>\n<p>No final deste ano, esses novi\u00e7os estar\u00e3o aptos para fazer a Primeira Profiss\u00e3o na Ordem Franciscana. No h\u00e1bito que agora vestem, o cord\u00e3o ainda n\u00e3o tem os tr\u00eas n\u00f3s que simbolizam os conselhos evang\u00e9licos (obedi\u00eancia, sem nada de pr\u00f3prio e castidade). Esse h\u00e1bito \u00e9 tempor\u00e1rio e eles ganhar\u00e3o o definitivo na Primeira Profiss\u00e3o, quando conclu\u00edrem este tempo de prova\u00e7\u00e3o.<\/p>\n<p><img loading=\"lazy\" class=\"alignnone size-full wp-image-241793\" src=\"https:\/\/franciscanos.org.br\/noticias\/wp-content\/uploads\/2023\/01\/vest_15_6.jpg\" alt=\"\" width=\"1280\" height=\"783\" srcset=\"https:\/\/franciscanos.org.br\/noticias\/wp-content\/uploads\/2023\/01\/vest_15_6.jpg 1280w, https:\/\/franciscanos.org.br\/noticias\/wp-content\/uploads\/2023\/01\/vest_15_6-450x275.jpg 450w, https:\/\/franciscanos.org.br\/noticias\/wp-content\/uploads\/2023\/01\/vest_15_6-1024x626.jpg 1024w, https:\/\/franciscanos.org.br\/noticias\/wp-content\/uploads\/2023\/01\/vest_15_6-768x470.jpg 768w, https:\/\/franciscanos.org.br\/noticias\/wp-content\/uploads\/2023\/01\/vest_15_6-150x92.jpg 150w\" sizes=\"(max-width: 1280px) 100vw, 1280px\" \/><\/p>\n<p>Na Missa em seguida, \u00e0s 8h00, os novi\u00e7os foram apresentados para a Comunidade Paroquial pelo presidente da Celebra\u00e7\u00e3o, Frei Je\u00e2 de Paulo Andrade, animador do Servi\u00e7o Vocacional da Prov\u00edncia da Imaculada, junto com Frei Gabriel Dellandrea.<\/p>\n<hr \/>\n<p><em>Comunica\u00e7\u00e3o da Prov\u00edncia da Imaculada Concei\u00e7\u00e3o \u00a0<\/em><\/p>\n","protected":false},"excerpt":{"rendered":"<p>Admiss\u00e3o ao Noviciado de Rodeio<\/p>\n","protected":false},"author":3,"featured_media":241785,"comment_status":"open","ping_status":"open","sticky":false,"template":"","format":"standard","meta":[],"categories":[1],"tags":[1270,2056],"acf":[],"yoast_head":"<!-- This site is optimized with the Yoast SEO plugin v19.2 - https:\/\/yoast.com\/wordpress\/plugins\/seo\/ -->\n<title>&quot;Aproveitem esse tempo do Noviciado&quot;, diz Frei Paulo \u00e0 turma dos novi\u00e7os 2023 - Not\u00edcias - Franciscanos<\/title>\n<meta name=\"robots\" content=\"index, follow, max-snippet:-1, max-image-preview:large, max-video-preview:-1\" \/>\n<link rel=\"canonical\" href=\"https:\/\/franciscanos.org.br\/noticias\/aproveitem-esse-tempo-do-noviciado-diz-frei-paulo-a-turma-dos-novicos-2023.html\" \/>\n<meta property=\"og:locale\" content=\"pt_BR\" \/>\n<meta property=\"og:type\" content=\"article\" \/>\n<meta property=\"og:title\" content=\"&quot;Aproveitem esse tempo do Noviciado&quot;, diz Frei Paulo \u00e0 turma dos novi\u00e7os 2023 - Not\u00edcias - Franciscanos\" \/>\n<meta property=\"og:description\" content=\"Admiss\u00e3o ao Noviciado de Rodeio\" \/>\n<meta property=\"og:url\" content=\"https:\/\/franciscanos.org.br\/noticias\/aproveitem-esse-tempo-do-noviciado-diz-frei-paulo-a-turma-dos-novicos-2023.html\" \/>\n<meta property=\"og:site_name\" content=\"Not\u00edcias - Franciscanos\" \/>\n<meta property=\"article:published_time\" content=\"2023-01-15T14:52:33+00:00\" \/>\n<meta property=\"article:modified_time\" content=\"2025-03-10T18:20:43+00:00\" \/>\n<meta property=\"og:image\" content=\"https:\/\/franciscanos.org.br\/noticias\/wp-content\/uploads\/2023\/01\/vesticao_01.jpg\" \/>\n\t<meta property=\"og:image:width\" content=\"1280\" \/>\n\t<meta property=\"og:image:height\" content=\"720\" \/>\n\t<meta property=\"og:image:type\" content=\"image\/jpeg\" \/>\n<meta name=\"author\" content=\"moacir\" \/>\n<meta name=\"twitter:card\" content=\"summary_large_image\" \/>\n<meta name=\"twitter:label1\" content=\"Escrito por\" \/>\n\t<meta name=\"twitter:data1\" content=\"moacir\" \/>\n\t<meta name=\"twitter:label2\" content=\"Est. tempo de leitura\" \/>\n\t<meta name=\"twitter:data2\" content=\"9 minutos\" \/>\n<script type=\"application\/ld+json\" class=\"yoast-schema-graph\">{\"@context\":\"https:\/\/schema.org\",\"@graph\":[{\"@type\":\"WebSite\",\"@id\":\"https:\/\/franciscanos.org.br\/noticias\/#website\",\"url\":\"https:\/\/franciscanos.org.br\/noticias\/\",\"name\":\"Not\u00edcias - Franciscanos\",\"description\":\"Prov\u00edncia Franciscana da Imaculada Concei\u00e7\u00e3o do Brasil - Ordem dos Frades Menores - OFM\",\"potentialAction\":[{\"@type\":\"SearchAction\",\"target\":{\"@type\":\"EntryPoint\",\"urlTemplate\":\"https:\/\/franciscanos.org.br\/noticias\/?s={search_term_string}\"},\"query-input\":\"required name=search_term_string\"}],\"inLanguage\":\"pt-BR\"},{\"@type\":\"ImageObject\",\"inLanguage\":\"pt-BR\",\"@id\":\"https:\/\/franciscanos.org.br\/noticias\/aproveitem-esse-tempo-do-noviciado-diz-frei-paulo-a-turma-dos-novicos-2023.html#primaryimage\",\"url\":\"https:\/\/franciscanos.org.br\/noticias\/wp-content\/uploads\/2023\/01\/vesticao_01.jpg\",\"contentUrl\":\"https:\/\/franciscanos.org.br\/noticias\/wp-content\/uploads\/2023\/01\/vesticao_01.jpg\",\"width\":1280,\"height\":720},{\"@type\":\"WebPage\",\"@id\":\"https:\/\/franciscanos.org.br\/noticias\/aproveitem-esse-tempo-do-noviciado-diz-frei-paulo-a-turma-dos-novicos-2023.html#webpage\",\"url\":\"https:\/\/franciscanos.org.br\/noticias\/aproveitem-esse-tempo-do-noviciado-diz-frei-paulo-a-turma-dos-novicos-2023.html\",\"name\":\"\\\"Aproveitem esse tempo do Noviciado\\\", diz Frei Paulo \u00e0 turma dos novi\u00e7os 2023 - Not\u00edcias - Franciscanos\",\"isPartOf\":{\"@id\":\"https:\/\/franciscanos.org.br\/noticias\/#website\"},\"primaryImageOfPage\":{\"@id\":\"https:\/\/franciscanos.org.br\/noticias\/aproveitem-esse-tempo-do-noviciado-diz-frei-paulo-a-turma-dos-novicos-2023.html#primaryimage\"},\"datePublished\":\"2023-01-15T14:52:33+00:00\",\"dateModified\":\"2025-03-10T18:20:43+00:00\",\"author\":{\"@id\":\"https:\/\/franciscanos.org.br\/noticias\/#\/schema\/person\/b5c8cba458c330ccff548b056e95a5d4\"},\"breadcrumb\":{\"@id\":\"https:\/\/franciscanos.org.br\/noticias\/aproveitem-esse-tempo-do-noviciado-diz-frei-paulo-a-turma-dos-novicos-2023.html#breadcrumb\"},\"inLanguage\":\"pt-BR\",\"potentialAction\":[{\"@type\":\"ReadAction\",\"target\":[\"https:\/\/franciscanos.org.br\/noticias\/aproveitem-esse-tempo-do-noviciado-diz-frei-paulo-a-turma-dos-novicos-2023.html\"]}]},{\"@type\":\"BreadcrumbList\",\"@id\":\"https:\/\/franciscanos.org.br\/noticias\/aproveitem-esse-tempo-do-noviciado-diz-frei-paulo-a-turma-dos-novicos-2023.html#breadcrumb\",\"itemListElement\":[{\"@type\":\"ListItem\",\"position\":1,\"name\":\"Home\",\"item\":\"https:\/\/franciscanos.org.br\/noticias\"},{\"@type\":\"ListItem\",\"position\":2,\"name\":\"&#8220;Aproveitem esse tempo do Noviciado&#8221;, diz Frei Paulo \u00e0 turma dos novi\u00e7os 2023\"}]},{\"@type\":\"Person\",\"@id\":\"https:\/\/franciscanos.org.br\/noticias\/#\/schema\/person\/b5c8cba458c330ccff548b056e95a5d4\",\"name\":\"moacir\",\"image\":{\"@type\":\"ImageObject\",\"inLanguage\":\"pt-BR\",\"@id\":\"https:\/\/franciscanos.org.br\/noticias\/#\/schema\/person\/image\/\",\"url\":\"https:\/\/secure.gravatar.com\/avatar\/d08aa2ce4c8dd416d4479aa8536fcf64?s=96&d=mm&r=g\",\"contentUrl\":\"https:\/\/secure.gravatar.com\/avatar\/d08aa2ce4c8dd416d4479aa8536fcf64?s=96&d=mm&r=g\",\"caption\":\"moacir\"},\"url\":\"https:\/\/franciscanos.org.br\/noticias\/author\/moacir\"}]}<\/script>\n<!-- \/ Yoast SEO plugin. -->","yoast_head_json":{"title":"\"Aproveitem esse tempo do Noviciado\", diz Frei Paulo \u00e0 turma dos novi\u00e7os 2023 - Not\u00edcias - Franciscanos","robots":{"index":"index","follow":"follow","max-snippet":"max-snippet:-1","max-image-preview":"max-image-preview:large","max-video-preview":"max-video-preview:-1"},"canonical":"https:\/\/franciscanos.org.br\/noticias\/aproveitem-esse-tempo-do-noviciado-diz-frei-paulo-a-turma-dos-novicos-2023.html","og_locale":"pt_BR","og_type":"article","og_title":"\"Aproveitem esse tempo do Noviciado\", diz Frei Paulo \u00e0 turma dos novi\u00e7os 2023 - Not\u00edcias - Franciscanos","og_description":"Admiss\u00e3o ao Noviciado de Rodeio","og_url":"https:\/\/franciscanos.org.br\/noticias\/aproveitem-esse-tempo-do-noviciado-diz-frei-paulo-a-turma-dos-novicos-2023.html","og_site_name":"Not\u00edcias - Franciscanos","article_published_time":"2023-01-15T14:52:33+00:00","article_modified_time":"2025-03-10T18:20:43+00:00","og_image":[{"width":1280,"height":720,"url":"https:\/\/franciscanos.org.br\/noticias\/wp-content\/uploads\/2023\/01\/vesticao_01.jpg","type":"image\/jpeg"}],"author":"moacir","twitter_card":"summary_large_image","twitter_misc":{"Escrito por":"moacir","Est. tempo de leitura":"9 minutos"},"schema":{"@context":"https:\/\/schema.org","@graph":[{"@type":"WebSite","@id":"https:\/\/franciscanos.org.br\/noticias\/#website","url":"https:\/\/franciscanos.org.br\/noticias\/","name":"Not\u00edcias - Franciscanos","description":"Prov\u00edncia Franciscana da Imaculada Concei\u00e7\u00e3o do Brasil - Ordem dos Frades Menores - OFM","potentialAction":[{"@type":"SearchAction","target":{"@type":"EntryPoint","urlTemplate":"https:\/\/franciscanos.org.br\/noticias\/?s={search_term_string}"},"query-input":"required name=search_term_string"}],"inLanguage":"pt-BR"},{"@type":"ImageObject","inLanguage":"pt-BR","@id":"https:\/\/franciscanos.org.br\/noticias\/aproveitem-esse-tempo-do-noviciado-diz-frei-paulo-a-turma-dos-novicos-2023.html#primaryimage","url":"https:\/\/franciscanos.org.br\/noticias\/wp-content\/uploads\/2023\/01\/vesticao_01.jpg","contentUrl":"https:\/\/franciscanos.org.br\/noticias\/wp-content\/uploads\/2023\/01\/vesticao_01.jpg","width":1280,"height":720},{"@type":"WebPage","@id":"https:\/\/franciscanos.org.br\/noticias\/aproveitem-esse-tempo-do-noviciado-diz-frei-paulo-a-turma-dos-novicos-2023.html#webpage","url":"https:\/\/franciscanos.org.br\/noticias\/aproveitem-esse-tempo-do-noviciado-diz-frei-paulo-a-turma-dos-novicos-2023.html","name":"\"Aproveitem esse tempo do Noviciado\", diz Frei Paulo \u00e0 turma dos novi\u00e7os 2023 - Not\u00edcias - Franciscanos","isPartOf":{"@id":"https:\/\/franciscanos.org.br\/noticias\/#website"},"primaryImageOfPage":{"@id":"https:\/\/franciscanos.org.br\/noticias\/aproveitem-esse-tempo-do-noviciado-diz-frei-paulo-a-turma-dos-novicos-2023.html#primaryimage"},"datePublished":"2023-01-15T14:52:33+00:00","dateModified":"2025-03-10T18:20:43+00:00","author":{"@id":"https:\/\/franciscanos.org.br\/noticias\/#\/schema\/person\/b5c8cba458c330ccff548b056e95a5d4"},"breadcrumb":{"@id":"https:\/\/franciscanos.org.br\/noticias\/aproveitem-esse-tempo-do-noviciado-diz-frei-paulo-a-turma-dos-novicos-2023.html#breadcrumb"},"inLanguage":"pt-BR","potentialAction":[{"@type":"ReadAction","target":["https:\/\/franciscanos.org.br\/noticias\/aproveitem-esse-tempo-do-noviciado-diz-frei-paulo-a-turma-dos-novicos-2023.html"]}]},{"@type":"BreadcrumbList","@id":"https:\/\/franciscanos.org.br\/noticias\/aproveitem-esse-tempo-do-noviciado-diz-frei-paulo-a-turma-dos-novicos-2023.html#breadcrumb","itemListElement":[{"@type":"ListItem","position":1,"name":"Home","item":"https:\/\/franciscanos.org.br\/noticias"},{"@type":"ListItem","position":2,"name":"&#8220;Aproveitem esse tempo do Noviciado&#8221;, diz Frei Paulo \u00e0 turma dos novi\u00e7os 2023"}]},{"@type":"Person","@id":"https:\/\/franciscanos.org.br\/noticias\/#\/schema\/person\/b5c8cba458c330ccff548b056e95a5d4","name":"moacir","image":{"@type":"ImageObject","inLanguage":"pt-BR","@id":"https:\/\/franciscanos.org.br\/noticias\/#\/schema\/person\/image\/","url":"https:\/\/secure.gravatar.com\/avatar\/d08aa2ce4c8dd416d4479aa8536fcf64?s=96&d=mm&r=g","contentUrl":"https:\/\/secure.gravatar.com\/avatar\/d08aa2ce4c8dd416d4479aa8536fcf64?s=96&d=mm&r=g","caption":"moacir"},"url":"https:\/\/franciscanos.org.br\/noticias\/author\/moacir"}]}},"_links":{"self":[{"href":"https:\/\/franciscanos.org.br\/noticias\/wp-json\/wp\/v2\/posts\/241784"}],"collection":[{"href":"https:\/\/franciscanos.org.br\/noticias\/wp-json\/wp\/v2\/posts"}],"about":[{"href":"https:\/\/franciscanos.org.br\/noticias\/wp-json\/wp\/v2\/types\/post"}],"author":[{"embeddable":true,"href":"https:\/\/franciscanos.org.br\/noticias\/wp-json\/wp\/v2\/users\/3"}],"replies":[{"embeddable":true,"href":"https:\/\/franciscanos.org.br\/noticias\/wp-json\/wp\/v2\/comments?post=241784"}],"version-history":[{"count":5,"href":"https:\/\/franciscanos.org.br\/noticias\/wp-json\/wp\/v2\/posts\/241784\/revisions"}],"predecessor-version":[{"id":241841,"href":"https:\/\/franciscanos.org.br\/noticias\/wp-json\/wp\/v2\/posts\/241784\/revisions\/241841"}],"wp:featuredmedia":[{"embeddable":true,"href":"https:\/\/franciscanos.org.br\/noticias\/wp-json\/wp\/v2\/media\/241785"}],"wp:attachment":[{"href":"https:\/\/franciscanos.org.br\/noticias\/wp-json\/wp\/v2\/media?parent=241784"}],"wp:term":[{"taxonomy":"category","embeddable":true,"href":"https:\/\/franciscanos.org.br\/noticias\/wp-json\/wp\/v2\/categories?post=241784"},{"taxonomy":"post_tag","embeddable":true,"href":"https:\/\/franciscanos.org.br\/noticias\/wp-json\/wp\/v2\/tags?post=241784"}],"curies":[{"name":"wp","href":"https:\/\/api.w.org\/{rel}","templated":true}]}}