{"id":241754,"date":"2023-01-14T18:22:10","date_gmt":"2023-01-14T21:22:10","guid":{"rendered":"https:\/\/franciscanos.org.br\/noticias\/?p=241754"},"modified":"2023-01-14T22:00:17","modified_gmt":"2023-01-15T01:00:17","slug":"dia-de-missao-um-desafio-para-uma-juventude-em-movimento","status":"publish","type":"post","link":"https:\/\/franciscanos.org.br\/noticias\/dia-de-missao-um-desafio-para-uma-juventude-em-movimento.html","title":{"rendered":"\u201cDia de Miss\u00e3o\u201d, um desafio para uma juventude em movimento"},"content":{"rendered":"<p><img loading=\"lazy\" class=\"alignnone size-full wp-image-241757\" src=\"https:\/\/franciscanos.org.br\/noticias\/wp-content\/uploads\/2023\/01\/diademissao_2022.jpg\" alt=\"\" width=\"1280\" height=\"750\" srcset=\"https:\/\/franciscanos.org.br\/noticias\/wp-content\/uploads\/2023\/01\/diademissao_2022.jpg 1280w, https:\/\/franciscanos.org.br\/noticias\/wp-content\/uploads\/2023\/01\/diademissao_2022-450x264.jpg 450w, https:\/\/franciscanos.org.br\/noticias\/wp-content\/uploads\/2023\/01\/diademissao_2022-1024x600.jpg 1024w, https:\/\/franciscanos.org.br\/noticias\/wp-content\/uploads\/2023\/01\/diademissao_2022-768x450.jpg 768w, https:\/\/franciscanos.org.br\/noticias\/wp-content\/uploads\/2023\/01\/diademissao_2022-150x88.jpg 150w\" sizes=\"(max-width: 1280px) 100vw, 1280px\" \/><\/p>\n<p><span style=\"font-weight: 400;\">Nos dias 28 e 29 de janeiro, os frades animadores da Evangeliza\u00e7\u00e3o para as Juventudes da Prov\u00edncia da Imaculada Concei\u00e7\u00e3o do Brasil e o Conselho das Juventudes promovem o \u201cDia de Miss\u00e3o\u201d. Essa experi\u00eancia quer ser um esquenta para a Miss\u00e3o Franciscana da Juventude (MFJ), em um lugar muito especial: a realidade local de cada jovem mission\u00e1rio!<\/span><\/p>\n<p><span style=\"font-weight: 400;\">Desde janeiro de 2020, os jovens franciscanos aguardam ansiosos pela pr\u00f3xima MFJ. A pandemia chegou e os planos mudaram. Por isso, para este ano a proposta e\u0301 um pouco diferente. A equipe organizadora preparou um subs\u00eddio que oferece pistas para a realiza\u00e7\u00e3o de atividades mission\u00e1rias locais. A ideia \u00e9 que em todas as presen\u00e7as franciscanas ocorra uma grande miss\u00e3o no mesmo final de semana.\u00a0<\/span><\/p>\n<p><span style=\"font-weight: 400;\"><img loading=\"lazy\" class=\"wp-image-241777 alignright\" src=\"https:\/\/franciscanos.org.br\/noticias\/wp-content\/uploads\/2023\/01\/vocacional-logo.jpg.webp\" alt=\"\" width=\"369\" height=\"457\" srcset=\"https:\/\/franciscanos.org.br\/noticias\/wp-content\/uploads\/2023\/01\/vocacional-logo.jpg.webp 500w, https:\/\/franciscanos.org.br\/noticias\/wp-content\/uploads\/2023\/01\/vocacional-logo.jpg-363x450.webp 363w, https:\/\/franciscanos.org.br\/noticias\/wp-content\/uploads\/2023\/01\/vocacional-logo.jpg-150x186.webp 150w\" sizes=\"(max-width: 369px) 100vw, 369px\" \/>A principal motiva\u00e7\u00e3o com a realiza\u00e7\u00e3o do &#8220;Dia de Miss\u00e3o&#8221; e\u0301 dar visibilidade para a voca\u00e7\u00e3o jovem neste ano de 2023. Por isso, para a identidade visual do evento foi \u2018adotada\u2019 a logo proposta para o 3\u00b0 Ano Vocacional da Igreja do Brasil que tem como o tema: \u201cVoca\u00e7\u00e3o: Gra\u00e7a e Miss\u00e3o\u201d e lema: \u201cCora\u00e7\u00f5es ardentes, p\u00e9s a caminho\u201d (Lc 24, 32-33).\u00a0<\/span><\/p>\n<p><span style=\"font-weight: 400;\">Todos s\u00e3o convidados a contemplar a voca\u00e7\u00e3o como um dom e iniciativa divina, a partir da experi\u00eancia de encontro com o ressuscitado, na participa\u00e7\u00e3o da vida comunit\u00e1ria e em perspectiva mission\u00e1ria. Esta foi a inspira\u00e7\u00e3o de Pe. Reinaldo Leit\u00e3o, criador da logo oficial do Ano Vocacional. Com tra\u00e7os simples e repleto de s\u00edmbolos inspirados no tema e lema, o logo busca ser uma s\u00edntese do desejo de que o ano seja para todos os crist\u00e3os per\u00edodo de a\u00e7\u00e3o de gra\u00e7as pelos dons do Esp\u00edrito Santo e discernimento sobre o chamado de Deus a cada um.<\/span><\/p>\n<p><span style=\"font-weight: 400;\">Esta ser\u00e1 uma forma de toda a Prov\u00edncia estar em miss\u00e3o, vivendo tamb\u00e9m a experi\u00eancia do Ano Vocacional, de modo que se realize a\u00e7\u00f5es mission\u00e1rias concretas na realidade local. Por fim, na noite do dia 29 de janeiro, uma <\/span><i><span style=\"font-weight: 400;\">live<\/span><\/i><span style=\"font-weight: 400;\"> anunciara\u0301 a cidade sede das Miss\u00f5es Franciscanas da Juventude de 2024, coroando tamb\u00e9m este final de semana de miss\u00e3o!\u00a0<\/span><\/p>\n<p><span style=\"font-weight: 400;\">Convidamos voc\u00ea e o seu grupo para participar! <strong><a href=\"https:\/\/franciscanos.org.br\/banca\/dia-de-missao-2022.html#gsc.tab=0\">Clique aqui e acesse o subs\u00eddio para o \u201cDia de Miss\u00e3o\u201d<\/a><\/strong>. Se voc\u00ea \u00e9 uma lideran\u00e7a,<a href=\"https:\/\/forms.gle\/toMpPeMJEtAszs7t8\"> <strong>inscreva-se em nosso formul\u00e1rio<\/strong><\/a>. Observe com aten\u00e7\u00e3o as orienta\u00e7\u00f5es e desde j\u00e1 desejamos uma frutuosa experi\u00eancia mission\u00e1ria. <\/span><\/p>\n<hr \/>\n<p><em>Frei Augusto Luiz Gabriel<\/em><\/p>\n","protected":false},"excerpt":{"rendered":"<p>Juventudes da Prov\u00edncia<\/p>\n","protected":false},"author":3,"featured_media":241757,"comment_status":"open","ping_status":"open","sticky":false,"template":"","format":"standard","meta":[],"categories":[1],"tags":[2087,1420,1206],"acf":[],"yoast_head":"<!-- This site is optimized with the Yoast SEO plugin v19.2 - https:\/\/yoast.com\/wordpress\/plugins\/seo\/ -->\n<title>\u201cDia de Miss\u00e3o\u201d, um desafio para uma juventude em movimento - Not\u00edcias - Franciscanos<\/title>\n<meta name=\"robots\" content=\"index, follow, max-snippet:-1, max-image-preview:large, max-video-preview:-1\" \/>\n<link rel=\"canonical\" href=\"https:\/\/franciscanos.org.br\/noticias\/dia-de-missao-um-desafio-para-uma-juventude-em-movimento.html\" \/>\n<meta property=\"og:locale\" content=\"pt_BR\" \/>\n<meta property=\"og:type\" content=\"article\" \/>\n<meta property=\"og:title\" content=\"\u201cDia de Miss\u00e3o\u201d, um desafio para uma juventude em movimento - Not\u00edcias - Franciscanos\" \/>\n<meta property=\"og:description\" content=\"Juventudes da Prov\u00edncia\" \/>\n<meta property=\"og:url\" content=\"https:\/\/franciscanos.org.br\/noticias\/dia-de-missao-um-desafio-para-uma-juventude-em-movimento.html\" \/>\n<meta property=\"og:site_name\" content=\"Not\u00edcias - Franciscanos\" \/>\n<meta property=\"article:published_time\" content=\"2023-01-14T21:22:10+00:00\" \/>\n<meta property=\"article:modified_time\" content=\"2023-01-15T01:00:17+00:00\" \/>\n<meta property=\"og:image\" content=\"https:\/\/franciscanos.org.br\/noticias\/wp-content\/uploads\/2023\/01\/diademissao_2022.jpg\" \/>\n\t<meta property=\"og:image:width\" content=\"1280\" \/>\n\t<meta property=\"og:image:height\" content=\"750\" \/>\n\t<meta property=\"og:image:type\" content=\"image\/jpeg\" \/>\n<meta name=\"author\" content=\"moacir\" \/>\n<meta name=\"twitter:card\" content=\"summary_large_image\" \/>\n<meta name=\"twitter:label1\" content=\"Escrito por\" \/>\n\t<meta name=\"twitter:data1\" content=\"moacir\" \/>\n\t<meta name=\"twitter:label2\" content=\"Est. tempo de leitura\" \/>\n\t<meta name=\"twitter:data2\" content=\"2 minutos\" \/>\n<script type=\"application\/ld+json\" class=\"yoast-schema-graph\">{\"@context\":\"https:\/\/schema.org\",\"@graph\":[{\"@type\":\"WebSite\",\"@id\":\"https:\/\/franciscanos.org.br\/noticias\/#website\",\"url\":\"https:\/\/franciscanos.org.br\/noticias\/\",\"name\":\"Not\u00edcias - Franciscanos\",\"description\":\"Prov\u00edncia Franciscana da Imaculada Concei\u00e7\u00e3o do Brasil - Ordem dos Frades Menores - OFM\",\"potentialAction\":[{\"@type\":\"SearchAction\",\"target\":{\"@type\":\"EntryPoint\",\"urlTemplate\":\"https:\/\/franciscanos.org.br\/noticias\/?s={search_term_string}\"},\"query-input\":\"required name=search_term_string\"}],\"inLanguage\":\"pt-BR\"},{\"@type\":\"ImageObject\",\"inLanguage\":\"pt-BR\",\"@id\":\"https:\/\/franciscanos.org.br\/noticias\/dia-de-missao-um-desafio-para-uma-juventude-em-movimento.html#primaryimage\",\"url\":\"https:\/\/franciscanos.org.br\/noticias\/wp-content\/uploads\/2023\/01\/diademissao_2022.jpg\",\"contentUrl\":\"https:\/\/franciscanos.org.br\/noticias\/wp-content\/uploads\/2023\/01\/diademissao_2022.jpg\",\"width\":1280,\"height\":750},{\"@type\":\"WebPage\",\"@id\":\"https:\/\/franciscanos.org.br\/noticias\/dia-de-missao-um-desafio-para-uma-juventude-em-movimento.html#webpage\",\"url\":\"https:\/\/franciscanos.org.br\/noticias\/dia-de-missao-um-desafio-para-uma-juventude-em-movimento.html\",\"name\":\"\u201cDia de Miss\u00e3o\u201d, um desafio para uma juventude em movimento - Not\u00edcias - Franciscanos\",\"isPartOf\":{\"@id\":\"https:\/\/franciscanos.org.br\/noticias\/#website\"},\"primaryImageOfPage\":{\"@id\":\"https:\/\/franciscanos.org.br\/noticias\/dia-de-missao-um-desafio-para-uma-juventude-em-movimento.html#primaryimage\"},\"datePublished\":\"2023-01-14T21:22:10+00:00\",\"dateModified\":\"2023-01-15T01:00:17+00:00\",\"author\":{\"@id\":\"https:\/\/franciscanos.org.br\/noticias\/#\/schema\/person\/b5c8cba458c330ccff548b056e95a5d4\"},\"breadcrumb\":{\"@id\":\"https:\/\/franciscanos.org.br\/noticias\/dia-de-missao-um-desafio-para-uma-juventude-em-movimento.html#breadcrumb\"},\"inLanguage\":\"pt-BR\",\"potentialAction\":[{\"@type\":\"ReadAction\",\"target\":[\"https:\/\/franciscanos.org.br\/noticias\/dia-de-missao-um-desafio-para-uma-juventude-em-movimento.html\"]}]},{\"@type\":\"BreadcrumbList\",\"@id\":\"https:\/\/franciscanos.org.br\/noticias\/dia-de-missao-um-desafio-para-uma-juventude-em-movimento.html#breadcrumb\",\"itemListElement\":[{\"@type\":\"ListItem\",\"position\":1,\"name\":\"Home\",\"item\":\"https:\/\/franciscanos.org.br\/noticias\"},{\"@type\":\"ListItem\",\"position\":2,\"name\":\"\u201cDia de Miss\u00e3o\u201d, um desafio para uma juventude em movimento\"}]},{\"@type\":\"Person\",\"@id\":\"https:\/\/franciscanos.org.br\/noticias\/#\/schema\/person\/b5c8cba458c330ccff548b056e95a5d4\",\"name\":\"moacir\",\"image\":{\"@type\":\"ImageObject\",\"inLanguage\":\"pt-BR\",\"@id\":\"https:\/\/franciscanos.org.br\/noticias\/#\/schema\/person\/image\/\",\"url\":\"https:\/\/secure.gravatar.com\/avatar\/d08aa2ce4c8dd416d4479aa8536fcf64?s=96&d=mm&r=g\",\"contentUrl\":\"https:\/\/secure.gravatar.com\/avatar\/d08aa2ce4c8dd416d4479aa8536fcf64?s=96&d=mm&r=g\",\"caption\":\"moacir\"},\"url\":\"https:\/\/franciscanos.org.br\/noticias\/author\/moacir\"}]}<\/script>\n<!-- \/ Yoast SEO plugin. -->","yoast_head_json":{"title":"\u201cDia de Miss\u00e3o\u201d, um desafio para uma juventude em movimento - Not\u00edcias - Franciscanos","robots":{"index":"index","follow":"follow","max-snippet":"max-snippet:-1","max-image-preview":"max-image-preview:large","max-video-preview":"max-video-preview:-1"},"canonical":"https:\/\/franciscanos.org.br\/noticias\/dia-de-missao-um-desafio-para-uma-juventude-em-movimento.html","og_locale":"pt_BR","og_type":"article","og_title":"\u201cDia de Miss\u00e3o\u201d, um desafio para uma juventude em movimento - Not\u00edcias - Franciscanos","og_description":"Juventudes da Prov\u00edncia","og_url":"https:\/\/franciscanos.org.br\/noticias\/dia-de-missao-um-desafio-para-uma-juventude-em-movimento.html","og_site_name":"Not\u00edcias - Franciscanos","article_published_time":"2023-01-14T21:22:10+00:00","article_modified_time":"2023-01-15T01:00:17+00:00","og_image":[{"width":1280,"height":750,"url":"https:\/\/franciscanos.org.br\/noticias\/wp-content\/uploads\/2023\/01\/diademissao_2022.jpg","type":"image\/jpeg"}],"author":"moacir","twitter_card":"summary_large_image","twitter_misc":{"Escrito por":"moacir","Est. tempo de leitura":"2 minutos"},"schema":{"@context":"https:\/\/schema.org","@graph":[{"@type":"WebSite","@id":"https:\/\/franciscanos.org.br\/noticias\/#website","url":"https:\/\/franciscanos.org.br\/noticias\/","name":"Not\u00edcias - Franciscanos","description":"Prov\u00edncia Franciscana da Imaculada Concei\u00e7\u00e3o do Brasil - Ordem dos Frades Menores - OFM","potentialAction":[{"@type":"SearchAction","target":{"@type":"EntryPoint","urlTemplate":"https:\/\/franciscanos.org.br\/noticias\/?s={search_term_string}"},"query-input":"required name=search_term_string"}],"inLanguage":"pt-BR"},{"@type":"ImageObject","inLanguage":"pt-BR","@id":"https:\/\/franciscanos.org.br\/noticias\/dia-de-missao-um-desafio-para-uma-juventude-em-movimento.html#primaryimage","url":"https:\/\/franciscanos.org.br\/noticias\/wp-content\/uploads\/2023\/01\/diademissao_2022.jpg","contentUrl":"https:\/\/franciscanos.org.br\/noticias\/wp-content\/uploads\/2023\/01\/diademissao_2022.jpg","width":1280,"height":750},{"@type":"WebPage","@id":"https:\/\/franciscanos.org.br\/noticias\/dia-de-missao-um-desafio-para-uma-juventude-em-movimento.html#webpage","url":"https:\/\/franciscanos.org.br\/noticias\/dia-de-missao-um-desafio-para-uma-juventude-em-movimento.html","name":"\u201cDia de Miss\u00e3o\u201d, um desafio para uma juventude em movimento - Not\u00edcias - Franciscanos","isPartOf":{"@id":"https:\/\/franciscanos.org.br\/noticias\/#website"},"primaryImageOfPage":{"@id":"https:\/\/franciscanos.org.br\/noticias\/dia-de-missao-um-desafio-para-uma-juventude-em-movimento.html#primaryimage"},"datePublished":"2023-01-14T21:22:10+00:00","dateModified":"2023-01-15T01:00:17+00:00","author":{"@id":"https:\/\/franciscanos.org.br\/noticias\/#\/schema\/person\/b5c8cba458c330ccff548b056e95a5d4"},"breadcrumb":{"@id":"https:\/\/franciscanos.org.br\/noticias\/dia-de-missao-um-desafio-para-uma-juventude-em-movimento.html#breadcrumb"},"inLanguage":"pt-BR","potentialAction":[{"@type":"ReadAction","target":["https:\/\/franciscanos.org.br\/noticias\/dia-de-missao-um-desafio-para-uma-juventude-em-movimento.html"]}]},{"@type":"BreadcrumbList","@id":"https:\/\/franciscanos.org.br\/noticias\/dia-de-missao-um-desafio-para-uma-juventude-em-movimento.html#breadcrumb","itemListElement":[{"@type":"ListItem","position":1,"name":"Home","item":"https:\/\/franciscanos.org.br\/noticias"},{"@type":"ListItem","position":2,"name":"\u201cDia de Miss\u00e3o\u201d, um desafio para uma juventude em movimento"}]},{"@type":"Person","@id":"https:\/\/franciscanos.org.br\/noticias\/#\/schema\/person\/b5c8cba458c330ccff548b056e95a5d4","name":"moacir","image":{"@type":"ImageObject","inLanguage":"pt-BR","@id":"https:\/\/franciscanos.org.br\/noticias\/#\/schema\/person\/image\/","url":"https:\/\/secure.gravatar.com\/avatar\/d08aa2ce4c8dd416d4479aa8536fcf64?s=96&d=mm&r=g","contentUrl":"https:\/\/secure.gravatar.com\/avatar\/d08aa2ce4c8dd416d4479aa8536fcf64?s=96&d=mm&r=g","caption":"moacir"},"url":"https:\/\/franciscanos.org.br\/noticias\/author\/moacir"}]}},"_links":{"self":[{"href":"https:\/\/franciscanos.org.br\/noticias\/wp-json\/wp\/v2\/posts\/241754"}],"collection":[{"href":"https:\/\/franciscanos.org.br\/noticias\/wp-json\/wp\/v2\/posts"}],"about":[{"href":"https:\/\/franciscanos.org.br\/noticias\/wp-json\/wp\/v2\/types\/post"}],"author":[{"embeddable":true,"href":"https:\/\/franciscanos.org.br\/noticias\/wp-json\/wp\/v2\/users\/3"}],"replies":[{"embeddable":true,"href":"https:\/\/franciscanos.org.br\/noticias\/wp-json\/wp\/v2\/comments?post=241754"}],"version-history":[{"count":12,"href":"https:\/\/franciscanos.org.br\/noticias\/wp-json\/wp\/v2\/posts\/241754\/revisions"}],"predecessor-version":[{"id":241776,"href":"https:\/\/franciscanos.org.br\/noticias\/wp-json\/wp\/v2\/posts\/241754\/revisions\/241776"}],"wp:featuredmedia":[{"embeddable":true,"href":"https:\/\/franciscanos.org.br\/noticias\/wp-json\/wp\/v2\/media\/241757"}],"wp:attachment":[{"href":"https:\/\/franciscanos.org.br\/noticias\/wp-json\/wp\/v2\/media?parent=241754"}],"wp:term":[{"taxonomy":"category","embeddable":true,"href":"https:\/\/franciscanos.org.br\/noticias\/wp-json\/wp\/v2\/categories?post=241754"},{"taxonomy":"post_tag","embeddable":true,"href":"https:\/\/franciscanos.org.br\/noticias\/wp-json\/wp\/v2\/tags?post=241754"}],"curies":[{"name":"wp","href":"https:\/\/api.w.org\/{rel}","templated":true}]}}