{"id":241718,"date":"2023-01-14T19:24:05","date_gmt":"2023-01-14T22:24:05","guid":{"rendered":"https:\/\/franciscanos.org.br\/noticias\/?p=241718"},"modified":"2025-03-10T15:21:19","modified_gmt":"2025-03-10T18:21:19","slug":"sete-postulantes-serao-acolhidos-no-noviciado-2023","status":"publish","type":"post","link":"https:\/\/franciscanos.org.br\/noticias\/sete-postulantes-serao-acolhidos-no-noviciado-2023.html","title":{"rendered":"Sete postulantes ser\u00e3o acolhidos no Noviciado 2023"},"content":{"rendered":"<p><img loading=\"lazy\" class=\"alignnone wp-image-241733 size-full\" src=\"https:\/\/franciscanos.org.br\/noticias\/wp-content\/uploads\/2023\/01\/rodeio_11.jpg\" alt=\"\" width=\"1280\" height=\"720\" srcset=\"https:\/\/franciscanos.org.br\/noticias\/wp-content\/uploads\/2023\/01\/rodeio_11.jpg 1280w, https:\/\/franciscanos.org.br\/noticias\/wp-content\/uploads\/2023\/01\/rodeio_11-450x253.jpg 450w, https:\/\/franciscanos.org.br\/noticias\/wp-content\/uploads\/2023\/01\/rodeio_11-1024x576.jpg 1024w, https:\/\/franciscanos.org.br\/noticias\/wp-content\/uploads\/2023\/01\/rodeio_11-768x432.jpg 768w, https:\/\/franciscanos.org.br\/noticias\/wp-content\/uploads\/2023\/01\/rodeio_11-150x84.jpg 150w\" sizes=\"(max-width: 1280px) 100vw, 1280px\" \/><\/p>\n<p>A turma do Noviciado de 2023 da Prov\u00edncia da Imaculada Concei\u00e7\u00e3o do Brasil ser\u00e1 formada por sete postulantes, que ser\u00e3o acolhidos no domingo, dia 15 de janeiro, pelo Ministro Provincial Frei Paulo Roberto Pereira durante a Celebra\u00e7\u00e3o, \u00e0s 6h30, no Noviciado S\u00e3o Jos\u00e9, em Rodeio (SC). S\u00e3o eles: Cristian dos Santos Lopes; Felipe Fernando Noronha;\u00a0 Gabriel Speran\u00e7a Goschel; Gilson Ramos de Oliveira; Matheus Querino;\u00a0 Victor Gomes Franz e o argentino Rodrigo Mina.<\/p>\n<p>Antes de chegarem a Rodeio, os candidatos fizeram\u00a0 a etapa do Postulantado. Os brasileiros no Postulantado Frei Galv\u00e3o, de Guaratinguet\u00e1 (SP), e o argentino na Prov\u00edncia S\u00e3o Francisco Solano, na Argentina. Segundo os documentos da Ordem, esses jovens far\u00e3o um \u201cper\u00edodo de forma\u00e7\u00e3o mais intensa\u201d em Rodeio, tendo como objetivo \u201cfazer com que os novi\u00e7os conhe\u00e7am e experimentem a forma de vida de S\u00e3o Francisco, impregnem mais profundamente a mente e o cora\u00e7\u00e3o de seu esp\u00edrito e, avaliando melhor o chamado do Senhor, comprovem seus prop\u00f3sitos e sua idoneidade\u201d (<em>Constitui\u00e7\u00f5es Gerais da Ordem<\/em>, art. 152).<\/p>\n<p>Um dos momentos mais simb\u00f3licos e emocionantes da admiss\u00e3o dos novi\u00e7os \u00e9 a veste do h\u00e1bito franciscano, que o candidato recebe das m\u00e3os do Ministro Provincial, Frei Paulo Roberto Pereira, e do mestre Frei Samuel Ferreira de Lima. Ali mesmo, durante a celebra\u00e7\u00e3o, ele se veste e passa a ser chamado de Frei. Este h\u00e1bito \u00e9 provis\u00f3rio durante o ano de Noviciado, j\u00e1 que o definitivo o novi\u00e7o receber\u00e1 quando fizer a Primeira Profiss\u00e3o, no t\u00e9rmino deste &#8220;ano de prova\u00e7\u00e3o&#8221;.<\/p>\n<p>Durante o ano, os novi\u00e7os intensificam a vida em comum, entre eles e com a Fraternidade Formadora da casa &#8211; \u00a0Frei Josemberg Cardozo Aranha, guardi\u00e3o e vice-mestre; Frei Samuel Ferreira de Lima, vig\u00e1rio da casa e mestre; Frei Miguel da Cruz, p\u00e1roco; Frei Claudino Dal\u2019Mago, vig\u00e1rio paroquial; e Frei Jos\u00e9 Bertoldi, atendente conventual -, e participam tamb\u00e9m de algumas atividades na pr\u00f3pria comunidade paroquial e de celebra\u00e7\u00f5es em outras casas franciscanas da regi\u00e3o.<\/p>\n<p>Esta ser\u00e1 a 123\u00aa turma do Noviciado de Rodeio.<\/p>\n<p>&nbsp;<\/p>\n<p><img loading=\"lazy\" class=\"alignnone size-full wp-image-241731\" src=\"https:\/\/franciscanos.org.br\/noticias\/wp-content\/uploads\/2023\/01\/novicos-1280-1.jpg\" alt=\"\" width=\"1280\" height=\"1141\" srcset=\"https:\/\/franciscanos.org.br\/noticias\/wp-content\/uploads\/2023\/01\/novicos-1280-1.jpg 1212w, https:\/\/franciscanos.org.br\/noticias\/wp-content\/uploads\/2023\/01\/novicos-1280-1-450x401.jpg 450w, https:\/\/franciscanos.org.br\/noticias\/wp-content\/uploads\/2023\/01\/novicos-1280-1-1024x913.jpg 1024w, https:\/\/franciscanos.org.br\/noticias\/wp-content\/uploads\/2023\/01\/novicos-1280-1-768x685.jpg 768w, https:\/\/franciscanos.org.br\/noticias\/wp-content\/uploads\/2023\/01\/novicos-1280-1-150x134.jpg 150w\" sizes=\"(max-width: 1280px) 100vw, 1280px\" \/><\/p>\n","protected":false},"excerpt":{"rendered":"<p>Admiss\u00e3o dos Novi\u00e7os 2023<\/p>\n","protected":false},"author":7,"featured_media":241733,"comment_status":"open","ping_status":"open","sticky":false,"template":"","format":"standard","meta":[],"categories":[1],"tags":[1270,2056],"acf":[],"yoast_head":"<!-- This site is optimized with the Yoast SEO plugin v19.2 - https:\/\/yoast.com\/wordpress\/plugins\/seo\/ -->\n<title>Sete postulantes ser\u00e3o acolhidos no Noviciado 2023 - Not\u00edcias - Franciscanos<\/title>\n<meta name=\"robots\" content=\"index, follow, max-snippet:-1, max-image-preview:large, max-video-preview:-1\" \/>\n<link rel=\"canonical\" href=\"https:\/\/franciscanos.org.br\/noticias\/sete-postulantes-serao-acolhidos-no-noviciado-2023.html\" \/>\n<meta property=\"og:locale\" content=\"pt_BR\" \/>\n<meta property=\"og:type\" content=\"article\" \/>\n<meta property=\"og:title\" content=\"Sete postulantes ser\u00e3o acolhidos no Noviciado 2023 - Not\u00edcias - Franciscanos\" \/>\n<meta property=\"og:description\" content=\"Admiss\u00e3o dos Novi\u00e7os 2023\" \/>\n<meta property=\"og:url\" content=\"https:\/\/franciscanos.org.br\/noticias\/sete-postulantes-serao-acolhidos-no-noviciado-2023.html\" \/>\n<meta property=\"og:site_name\" content=\"Not\u00edcias - Franciscanos\" \/>\n<meta property=\"article:published_time\" content=\"2023-01-14T22:24:05+00:00\" \/>\n<meta property=\"article:modified_time\" content=\"2025-03-10T18:21:19+00:00\" \/>\n<meta property=\"og:image\" content=\"https:\/\/franciscanos.org.br\/noticias\/wp-content\/uploads\/2023\/01\/rodeio_11.jpg\" \/>\n\t<meta property=\"og:image:width\" content=\"1280\" \/>\n\t<meta property=\"og:image:height\" content=\"720\" \/>\n\t<meta property=\"og:image:type\" content=\"image\/jpeg\" \/>\n<meta name=\"author\" content=\"jovenal\" \/>\n<meta name=\"twitter:card\" content=\"summary_large_image\" \/>\n<meta name=\"twitter:label1\" content=\"Escrito por\" \/>\n\t<meta name=\"twitter:data1\" content=\"jovenal\" \/>\n\t<meta name=\"twitter:label2\" content=\"Est. tempo de leitura\" \/>\n\t<meta name=\"twitter:data2\" content=\"2 minutos\" \/>\n<script type=\"application\/ld+json\" class=\"yoast-schema-graph\">{\"@context\":\"https:\/\/schema.org\",\"@graph\":[{\"@type\":\"WebSite\",\"@id\":\"https:\/\/franciscanos.org.br\/noticias\/#website\",\"url\":\"https:\/\/franciscanos.org.br\/noticias\/\",\"name\":\"Not\u00edcias - Franciscanos\",\"description\":\"Prov\u00edncia Franciscana da Imaculada Concei\u00e7\u00e3o do Brasil - Ordem dos Frades Menores - OFM\",\"potentialAction\":[{\"@type\":\"SearchAction\",\"target\":{\"@type\":\"EntryPoint\",\"urlTemplate\":\"https:\/\/franciscanos.org.br\/noticias\/?s={search_term_string}\"},\"query-input\":\"required name=search_term_string\"}],\"inLanguage\":\"pt-BR\"},{\"@type\":\"ImageObject\",\"inLanguage\":\"pt-BR\",\"@id\":\"https:\/\/franciscanos.org.br\/noticias\/sete-postulantes-serao-acolhidos-no-noviciado-2023.html#primaryimage\",\"url\":\"https:\/\/franciscanos.org.br\/noticias\/wp-content\/uploads\/2023\/01\/rodeio_11.jpg\",\"contentUrl\":\"https:\/\/franciscanos.org.br\/noticias\/wp-content\/uploads\/2023\/01\/rodeio_11.jpg\",\"width\":1280,\"height\":720},{\"@type\":\"WebPage\",\"@id\":\"https:\/\/franciscanos.org.br\/noticias\/sete-postulantes-serao-acolhidos-no-noviciado-2023.html#webpage\",\"url\":\"https:\/\/franciscanos.org.br\/noticias\/sete-postulantes-serao-acolhidos-no-noviciado-2023.html\",\"name\":\"Sete postulantes ser\u00e3o acolhidos no Noviciado 2023 - Not\u00edcias - Franciscanos\",\"isPartOf\":{\"@id\":\"https:\/\/franciscanos.org.br\/noticias\/#website\"},\"primaryImageOfPage\":{\"@id\":\"https:\/\/franciscanos.org.br\/noticias\/sete-postulantes-serao-acolhidos-no-noviciado-2023.html#primaryimage\"},\"datePublished\":\"2023-01-14T22:24:05+00:00\",\"dateModified\":\"2025-03-10T18:21:19+00:00\",\"author\":{\"@id\":\"https:\/\/franciscanos.org.br\/noticias\/#\/schema\/person\/c3a26b08313dd1772495ce300ab257cc\"},\"breadcrumb\":{\"@id\":\"https:\/\/franciscanos.org.br\/noticias\/sete-postulantes-serao-acolhidos-no-noviciado-2023.html#breadcrumb\"},\"inLanguage\":\"pt-BR\",\"potentialAction\":[{\"@type\":\"ReadAction\",\"target\":[\"https:\/\/franciscanos.org.br\/noticias\/sete-postulantes-serao-acolhidos-no-noviciado-2023.html\"]}]},{\"@type\":\"BreadcrumbList\",\"@id\":\"https:\/\/franciscanos.org.br\/noticias\/sete-postulantes-serao-acolhidos-no-noviciado-2023.html#breadcrumb\",\"itemListElement\":[{\"@type\":\"ListItem\",\"position\":1,\"name\":\"Home\",\"item\":\"https:\/\/franciscanos.org.br\/noticias\"},{\"@type\":\"ListItem\",\"position\":2,\"name\":\"Sete postulantes ser\u00e3o acolhidos no Noviciado 2023\"}]},{\"@type\":\"Person\",\"@id\":\"https:\/\/franciscanos.org.br\/noticias\/#\/schema\/person\/c3a26b08313dd1772495ce300ab257cc\",\"name\":\"jovenal\",\"image\":{\"@type\":\"ImageObject\",\"inLanguage\":\"pt-BR\",\"@id\":\"https:\/\/franciscanos.org.br\/noticias\/#\/schema\/person\/image\/\",\"url\":\"https:\/\/secure.gravatar.com\/avatar\/e94509f531086e2eaf97e72f29ea00f9?s=96&d=mm&r=g\",\"contentUrl\":\"https:\/\/secure.gravatar.com\/avatar\/e94509f531086e2eaf97e72f29ea00f9?s=96&d=mm&r=g\",\"caption\":\"jovenal\"},\"url\":\"https:\/\/franciscanos.org.br\/noticias\/author\/jovenal\"}]}<\/script>\n<!-- \/ Yoast SEO plugin. -->","yoast_head_json":{"title":"Sete postulantes ser\u00e3o acolhidos no Noviciado 2023 - Not\u00edcias - Franciscanos","robots":{"index":"index","follow":"follow","max-snippet":"max-snippet:-1","max-image-preview":"max-image-preview:large","max-video-preview":"max-video-preview:-1"},"canonical":"https:\/\/franciscanos.org.br\/noticias\/sete-postulantes-serao-acolhidos-no-noviciado-2023.html","og_locale":"pt_BR","og_type":"article","og_title":"Sete postulantes ser\u00e3o acolhidos no Noviciado 2023 - Not\u00edcias - Franciscanos","og_description":"Admiss\u00e3o dos Novi\u00e7os 2023","og_url":"https:\/\/franciscanos.org.br\/noticias\/sete-postulantes-serao-acolhidos-no-noviciado-2023.html","og_site_name":"Not\u00edcias - Franciscanos","article_published_time":"2023-01-14T22:24:05+00:00","article_modified_time":"2025-03-10T18:21:19+00:00","og_image":[{"width":1280,"height":720,"url":"https:\/\/franciscanos.org.br\/noticias\/wp-content\/uploads\/2023\/01\/rodeio_11.jpg","type":"image\/jpeg"}],"author":"jovenal","twitter_card":"summary_large_image","twitter_misc":{"Escrito por":"jovenal","Est. tempo de leitura":"2 minutos"},"schema":{"@context":"https:\/\/schema.org","@graph":[{"@type":"WebSite","@id":"https:\/\/franciscanos.org.br\/noticias\/#website","url":"https:\/\/franciscanos.org.br\/noticias\/","name":"Not\u00edcias - Franciscanos","description":"Prov\u00edncia Franciscana da Imaculada Concei\u00e7\u00e3o do Brasil - Ordem dos Frades Menores - OFM","potentialAction":[{"@type":"SearchAction","target":{"@type":"EntryPoint","urlTemplate":"https:\/\/franciscanos.org.br\/noticias\/?s={search_term_string}"},"query-input":"required name=search_term_string"}],"inLanguage":"pt-BR"},{"@type":"ImageObject","inLanguage":"pt-BR","@id":"https:\/\/franciscanos.org.br\/noticias\/sete-postulantes-serao-acolhidos-no-noviciado-2023.html#primaryimage","url":"https:\/\/franciscanos.org.br\/noticias\/wp-content\/uploads\/2023\/01\/rodeio_11.jpg","contentUrl":"https:\/\/franciscanos.org.br\/noticias\/wp-content\/uploads\/2023\/01\/rodeio_11.jpg","width":1280,"height":720},{"@type":"WebPage","@id":"https:\/\/franciscanos.org.br\/noticias\/sete-postulantes-serao-acolhidos-no-noviciado-2023.html#webpage","url":"https:\/\/franciscanos.org.br\/noticias\/sete-postulantes-serao-acolhidos-no-noviciado-2023.html","name":"Sete postulantes ser\u00e3o acolhidos no Noviciado 2023 - Not\u00edcias - Franciscanos","isPartOf":{"@id":"https:\/\/franciscanos.org.br\/noticias\/#website"},"primaryImageOfPage":{"@id":"https:\/\/franciscanos.org.br\/noticias\/sete-postulantes-serao-acolhidos-no-noviciado-2023.html#primaryimage"},"datePublished":"2023-01-14T22:24:05+00:00","dateModified":"2025-03-10T18:21:19+00:00","author":{"@id":"https:\/\/franciscanos.org.br\/noticias\/#\/schema\/person\/c3a26b08313dd1772495ce300ab257cc"},"breadcrumb":{"@id":"https:\/\/franciscanos.org.br\/noticias\/sete-postulantes-serao-acolhidos-no-noviciado-2023.html#breadcrumb"},"inLanguage":"pt-BR","potentialAction":[{"@type":"ReadAction","target":["https:\/\/franciscanos.org.br\/noticias\/sete-postulantes-serao-acolhidos-no-noviciado-2023.html"]}]},{"@type":"BreadcrumbList","@id":"https:\/\/franciscanos.org.br\/noticias\/sete-postulantes-serao-acolhidos-no-noviciado-2023.html#breadcrumb","itemListElement":[{"@type":"ListItem","position":1,"name":"Home","item":"https:\/\/franciscanos.org.br\/noticias"},{"@type":"ListItem","position":2,"name":"Sete postulantes ser\u00e3o acolhidos no Noviciado 2023"}]},{"@type":"Person","@id":"https:\/\/franciscanos.org.br\/noticias\/#\/schema\/person\/c3a26b08313dd1772495ce300ab257cc","name":"jovenal","image":{"@type":"ImageObject","inLanguage":"pt-BR","@id":"https:\/\/franciscanos.org.br\/noticias\/#\/schema\/person\/image\/","url":"https:\/\/secure.gravatar.com\/avatar\/e94509f531086e2eaf97e72f29ea00f9?s=96&d=mm&r=g","contentUrl":"https:\/\/secure.gravatar.com\/avatar\/e94509f531086e2eaf97e72f29ea00f9?s=96&d=mm&r=g","caption":"jovenal"},"url":"https:\/\/franciscanos.org.br\/noticias\/author\/jovenal"}]}},"_links":{"self":[{"href":"https:\/\/franciscanos.org.br\/noticias\/wp-json\/wp\/v2\/posts\/241718"}],"collection":[{"href":"https:\/\/franciscanos.org.br\/noticias\/wp-json\/wp\/v2\/posts"}],"about":[{"href":"https:\/\/franciscanos.org.br\/noticias\/wp-json\/wp\/v2\/types\/post"}],"author":[{"embeddable":true,"href":"https:\/\/franciscanos.org.br\/noticias\/wp-json\/wp\/v2\/users\/7"}],"replies":[{"embeddable":true,"href":"https:\/\/franciscanos.org.br\/noticias\/wp-json\/wp\/v2\/comments?post=241718"}],"version-history":[{"count":8,"href":"https:\/\/franciscanos.org.br\/noticias\/wp-json\/wp\/v2\/posts\/241718\/revisions"}],"predecessor-version":[{"id":241739,"href":"https:\/\/franciscanos.org.br\/noticias\/wp-json\/wp\/v2\/posts\/241718\/revisions\/241739"}],"wp:featuredmedia":[{"embeddable":true,"href":"https:\/\/franciscanos.org.br\/noticias\/wp-json\/wp\/v2\/media\/241733"}],"wp:attachment":[{"href":"https:\/\/franciscanos.org.br\/noticias\/wp-json\/wp\/v2\/media?parent=241718"}],"wp:term":[{"taxonomy":"category","embeddable":true,"href":"https:\/\/franciscanos.org.br\/noticias\/wp-json\/wp\/v2\/categories?post=241718"},{"taxonomy":"post_tag","embeddable":true,"href":"https:\/\/franciscanos.org.br\/noticias\/wp-json\/wp\/v2\/tags?post=241718"}],"curies":[{"name":"wp","href":"https:\/\/api.w.org\/{rel}","templated":true}]}}