{"id":241627,"date":"2023-01-10T06:42:32","date_gmt":"2023-01-10T09:42:32","guid":{"rendered":"https:\/\/franciscanos.org.br\/noticias\/?p=241627"},"modified":"2023-01-10T06:42:32","modified_gmt":"2023-01-10T09:42:32","slug":"democracia-enfraquecida-e-preciso-superar-as-logicas-parciais-afirma-o-papa","status":"publish","type":"post","link":"https:\/\/franciscanos.org.br\/noticias\/democracia-enfraquecida-e-preciso-superar-as-logicas-parciais-afirma-o-papa.html","title":{"rendered":"Democracia enfraquecida: \u00e9 preciso superar as l\u00f3gicas parciais, afirma o Papa"},"content":{"rendered":"<div id=\"attachment_241628\" style=\"width: 1510px\" class=\"wp-caption alignnone\"><img aria-describedby=\"caption-attachment-241628\" loading=\"lazy\" class=\"wp-image-241628 size-full\" src=\"https:\/\/franciscanos.org.br\/noticias\/wp-content\/uploads\/2023\/01\/vaticano_diplomacia.jpeg\" alt=\"\" width=\"1500\" height=\"844\" srcset=\"https:\/\/franciscanos.org.br\/noticias\/wp-content\/uploads\/2023\/01\/vaticano_diplomacia.jpeg 1500w, https:\/\/franciscanos.org.br\/noticias\/wp-content\/uploads\/2023\/01\/vaticano_diplomacia-450x253.jpeg 450w, https:\/\/franciscanos.org.br\/noticias\/wp-content\/uploads\/2023\/01\/vaticano_diplomacia-1024x576.jpeg 1024w, https:\/\/franciscanos.org.br\/noticias\/wp-content\/uploads\/2023\/01\/vaticano_diplomacia-768x432.jpeg 768w, https:\/\/franciscanos.org.br\/noticias\/wp-content\/uploads\/2023\/01\/vaticano_diplomacia-150x84.jpeg 150w\" sizes=\"(max-width: 1500px) 100vw, 1500px\" \/><p id=\"caption-attachment-241628\" class=\"wp-caption-text\">\u00a0 \u00a0 \u00a0 \u00a0 \u00a0 \u00a0 \u00a0 \u00a0 \u00a0 \u00a0 \u00a0 \u00a0 \u00a0 \u00a0 \u00a0 \u00a0 \u00a0 \u00a0 \u00a0 \u00a0 \u00a0 \u00a0 \u00a0 \u00a0 \u00a0 \u00a0 \u00a0 \u00a0 \u00a0 \u00a0 \u00a0 \u00a0 \u00a0 \u00a0 \u00a0 \u00a0 \u00a0 \u00a0 \u00a0 \u00a0 \u00a0 \u00a0 \u00a0 \u00a0 \u00a0 \u00a0 \u00a0 \u00a0 \u00a0 \u00a0 \u00a0 \u00a0 \u00a0 \u00a0 \u00a0 \u00a0 \u00a0 \u00a0 \u00a0 \u00a0 \u00a0 \u00a0 \u00a0 \u00a0<em> \u00a0 \u00a0 \u00a0 Imagem: Vatican Media<\/em><\/p><\/div>\n<p>Guerra, vida, liberdade e democracia: estes foram os temas tratados pelo Papa Francisco ao receber em audi\u00eancia os embaixadores acreditados juntos \u00e0 Santa S\u00e9, para o tradicional encontro de felicita\u00e7\u00e3o de Ano Novo.<\/p>\n<p>Nesta ocasi\u00e3o, o Pont\u00edfice faz um articulado discurso analisando os temas mais candentes para a comunidade global. Antes de iniciar, Francisco agradeceu pelas mensagens de condol\u00eancias que recebeu por ocasi\u00e3o da morte de Bento XVI e pela solidariedade manifestada durante as ex\u00e9quias.<\/p>\n<p>Como fato eclesial marcante, Francisco citou a decis\u00e3o da Santa S\u00e9 e da Rep\u00fablica Popular Chinesa de prorrogar por mais dois anos o Acordo Provis\u00f3rio sobre a nomea\u00e7\u00e3o dos bispos. \u201cEspero que esta rela\u00e7\u00e3o de colabora\u00e7\u00e3o se possa desenvolver em prol da vida da Igreja Cat\u00f3lica e do bem do povo chin\u00eas.\u201d<\/p>\n<p><strong>A imoralidade das armas at\u00f4micas<\/strong><br \/>\nMas o fio condutor do pronunciamento do Papa foi a Enc\u00edclica Pacem in terris de S\u00e3o Jo\u00e3o XXIII, que est\u00e1 completando em 2023 sessenta anos de sua publica\u00e7\u00e3o. Neste texto, consta a preocupa\u00e7\u00e3o com a amea\u00e7a nuclear durante a crise dos m\u00edsseis de Cuba &#8211; amea\u00e7a que se repete ainda hoje. \u201cN\u00e3o posso deixar de reiterar, aqui, que a posse de armas at\u00f4micas \u00e9 imoral.\u201d \u201cSob a amea\u00e7a de armas nucleares, todos somos sempre perdedores!\u201d, completou.<\/p>\n<p>Aprofundando a III guerra mundial em andamento, Francisco citou primeiramente a Ucr\u00e2nia, reiterando seu apelo \u201cpara que se fa\u00e7a cessar imediatamente este conflito insensato\u201d. Mas nomeou ainda a S\u00edria, Israel e Palestina, L\u00edbano, o C\u00e1ucaso, o I\u00eamen, Mianmar e a pen\u00ednsula coreana. Falando da \u00c1frica, mencionou as na\u00e7\u00f5es da costa ocidental, e recordou a Rep\u00fablica Democr\u00e1tica do Congo e o Sud\u00e3o do Sul, dois pa\u00edses que visitar\u00e1 daqui poucos dias.<\/p>\n<p>As viagens de 2022 tamb\u00e9m foram recordadas. No Bahrein e no Cazaquist\u00e3o, o tema foi o di\u00e1logo inter-religoso. No Canad\u00e1, a coloniza\u00e7\u00e3o ideol\u00f3gica. Em Malta, o naufr\u00e1gio da civiliza\u00e7\u00e3o ao lidar com o tema da migra\u00e7\u00e3o.<\/p>\n<p><strong>Mulheres n\u00e3o s\u00e3o cidad\u00e3os de segunda classe<\/strong><br \/>\nFica ent\u00e3o a pergunta: num tempo assim conflituoso, como reatar os fios de paz? Para S\u00e3o Jo\u00e3o XXIII, a paz \u00e9 poss\u00edvel \u00e0 luz de quatro bens fundamentais: a verdade, a justi\u00e7a, a solidariedade e a liberdade.<\/p>\n<p>Estes bens v\u00eam \u00e0 tona respeitando os direitos humanos e as liberdades fundamentais de cada pessoa. Mas n\u00e3o \u00e9 o que acontece \u00e0s mulheres, por exemplo, em muitos pa\u00edses consideradas cidad\u00e3os de segunda classe. N\u00e3o \u00e9 o que acontece aos nascituros, que encontram a morte no ventre materno. \u201cNingu\u00e9m pode reivindicar direitos sobre a vida doutro ser humano, especialmente se inerme e desprovido de qualquer possibilidade de defesa\u201d, recordou o Papa.<\/p>\n<p>O direito \u00e0 vida \u00e9 amea\u00e7ado tamb\u00e9m onde se continua a praticar a pena de morte, como est\u00e1 acontecendo nestes dias no Ir\u00e3, na sequ\u00eancia das recentes manifesta\u00e7\u00f5es que pedem maior respeito pela dignidade das mulheres. At\u00e9 o \u00faltimo momento, disse o Papa, a pessoa pode mudar e se converter, fazendo seu en\u00e9simo apelo para que a pena de morte seja abolida nas legisla\u00e7\u00f5es de todos os pa\u00edses da terra.<\/p>\n<p><strong>Cristianismo incita \u00e0 paz<\/strong><br \/>\nA paz exige tamb\u00e9m educa\u00e7\u00e3o, ant\u00eddoto contra a ignor\u00e2ncia e o preconceito, e liberdade religiosa. \u201cEm cada sete crist\u00e3os, um \u00e9 perseguido\u201d, recordou Francisco. \u201cO cristianismo incita \u00e0 paz, porque estimula \u00e0 convers\u00e3o e ao exerc\u00edcio da virtude.\u201d<\/p>\n<p>Retomando o tema de sua mensagem para o Dia Mundial da Paz de 2023, o Papa reafirmou que \u201cjuntos, pode-se fazer muito bem! Basta pensar nas louv\u00e1veis iniciativas destinadas a reduzir a pobreza, ajudar os migrantes, contrastar as altera\u00e7\u00f5es clim\u00e1ticas, favorecer o desarmamento nuclear e prestar ajuda humanit\u00e1ria\u201d.<\/p>\n<p>A prop\u00f3sito do cuidado da &#8220;casa comum&#8221;, o Pont\u00edfice citou a ades\u00e3o da Santa S\u00e9 \u00e0 Conven\u00e7\u00e3o-Quadro das Na\u00e7\u00f5es Unidas sobre as Altera\u00e7\u00f5es Clim\u00e1ticas, com a inten\u00e7\u00e3o de dar o seu apoio moral aos esfor\u00e7os de todos os Estados para cooperar numa resposta eficaz e adequada aos desafios colocados pela altera\u00e7\u00e3o clim\u00e1tica.<\/p>\n<p><strong>Enfraquecimento da democracia<\/strong><br \/>\nAntes de concluir, Francisco manifestou sua preocupa\u00e7\u00e3o com o \u201cenfraquecimento\u201d da democracia, cujo sinal s\u00e3o crescentes polariza\u00e7\u00f5es pol\u00edticas e sociais, que n\u00e3o ajudam a resolver os problemas urgentes dos cidad\u00e3os.<\/p>\n<p>\u201cPenso nas v\u00e1rias crises pol\u00edticas em diversos pa\u00edses do continente americano, com a sua carga de tens\u00f5es e formas de viol\u00eancia que exacerbam os conflitos sociais.\u201d E o Papa citou tr\u00eas pa\u00edses: Peru, Haiti e, nas \u00faltimas horas, o Brasil. &#8220;Sempre \u00e9 preciso superar as l\u00f3gicas parciais e trabalhar pela constru\u00e7\u00e3o do bem comum.&#8221;<\/p>\n<p>\u201cSenhoras e Senhores, seria maravilhoso que, ao menos uma vez, pud\u00e9ssemos encontrar-nos apenas para agradecer ao Senhor Todo-Poderoso pelos benef\u00edcios que sempre nos concede, sem nos vermos constrangidos a enumerar as situa\u00e7\u00f5es dram\u00e1ticas que afligem a humanidade.\u201d<\/p>\n<p>Este \u00e9 o papel da diplomacia, que deve aplanar os contrastes para favorecer um clima de m\u00fatua colabora\u00e7\u00e3o e confian\u00e7a. Para Francisco, \u00e9 ainda mais do que isso, \u00e9 \u201cum exerc\u00edcio de humildade, pois exige sacrificar um pouco de amor-pr\u00f3prio para entrar em rela\u00e7\u00e3o com o outro a fim de compreender as suas raz\u00f5es e pontos de vista, contrastando assim a soberba e a arrog\u00e2ncia humanas que s\u00e3o a causa de toda a vontade beligerante\u201d.<\/p>\n<p>A Santa S\u00e9 mant\u00e9m rela\u00e7\u00f5es diplom\u00e1ticas com 183 pa\u00edses. A estes, acrescentam-se a Uni\u00e3o Europeia e a Soberana Militar Ordem de Malta.<\/p>\n<hr \/>\n<p><em>Fonte: Vatican News (textode Bianca Fraccalvieri)<\/em><\/p>\n","protected":false},"excerpt":{"rendered":"<p>Audi\u00eancia com embaixadores<\/p>\n","protected":false},"author":3,"featured_media":241628,"comment_status":"open","ping_status":"open","sticky":false,"template":"","format":"standard","meta":[],"categories":[1428],"tags":[55],"acf":[],"yoast_head":"<!-- This site is optimized with the Yoast SEO plugin v19.2 - https:\/\/yoast.com\/wordpress\/plugins\/seo\/ -->\n<title>Democracia enfraquecida: \u00e9 preciso superar as l\u00f3gicas parciais, afirma o Papa - Not\u00edcias - Franciscanos<\/title>\n<meta name=\"robots\" content=\"index, follow, max-snippet:-1, max-image-preview:large, max-video-preview:-1\" \/>\n<link rel=\"canonical\" href=\"https:\/\/franciscanos.org.br\/noticias\/democracia-enfraquecida-e-preciso-superar-as-logicas-parciais-afirma-o-papa.html\" \/>\n<meta property=\"og:locale\" content=\"pt_BR\" \/>\n<meta property=\"og:type\" content=\"article\" \/>\n<meta property=\"og:title\" content=\"Democracia enfraquecida: \u00e9 preciso superar as l\u00f3gicas parciais, afirma o Papa - Not\u00edcias - Franciscanos\" \/>\n<meta property=\"og:description\" content=\"Audi\u00eancia com embaixadores\" \/>\n<meta property=\"og:url\" content=\"https:\/\/franciscanos.org.br\/noticias\/democracia-enfraquecida-e-preciso-superar-as-logicas-parciais-afirma-o-papa.html\" \/>\n<meta property=\"og:site_name\" content=\"Not\u00edcias - Franciscanos\" \/>\n<meta property=\"article:published_time\" content=\"2023-01-10T09:42:32+00:00\" \/>\n<meta property=\"og:image\" content=\"https:\/\/franciscanos.org.br\/noticias\/wp-content\/uploads\/2023\/01\/vaticano_diplomacia.jpeg\" \/>\n\t<meta property=\"og:image:width\" content=\"1500\" \/>\n\t<meta property=\"og:image:height\" content=\"844\" \/>\n\t<meta property=\"og:image:type\" content=\"image\/jpeg\" \/>\n<meta name=\"author\" content=\"moacir\" \/>\n<meta name=\"twitter:card\" content=\"summary_large_image\" \/>\n<meta name=\"twitter:label1\" content=\"Escrito por\" \/>\n\t<meta name=\"twitter:data1\" content=\"moacir\" \/>\n\t<meta name=\"twitter:label2\" content=\"Est. tempo de leitura\" \/>\n\t<meta name=\"twitter:data2\" content=\"5 minutos\" \/>\n<script type=\"application\/ld+json\" class=\"yoast-schema-graph\">{\"@context\":\"https:\/\/schema.org\",\"@graph\":[{\"@type\":\"WebSite\",\"@id\":\"https:\/\/franciscanos.org.br\/noticias\/#website\",\"url\":\"https:\/\/franciscanos.org.br\/noticias\/\",\"name\":\"Not\u00edcias - Franciscanos\",\"description\":\"Prov\u00edncia Franciscana da Imaculada Concei\u00e7\u00e3o do Brasil - Ordem dos Frades Menores - OFM\",\"potentialAction\":[{\"@type\":\"SearchAction\",\"target\":{\"@type\":\"EntryPoint\",\"urlTemplate\":\"https:\/\/franciscanos.org.br\/noticias\/?s={search_term_string}\"},\"query-input\":\"required name=search_term_string\"}],\"inLanguage\":\"pt-BR\"},{\"@type\":\"ImageObject\",\"inLanguage\":\"pt-BR\",\"@id\":\"https:\/\/franciscanos.org.br\/noticias\/democracia-enfraquecida-e-preciso-superar-as-logicas-parciais-afirma-o-papa.html#primaryimage\",\"url\":\"https:\/\/franciscanos.org.br\/noticias\/wp-content\/uploads\/2023\/01\/vaticano_diplomacia.jpeg\",\"contentUrl\":\"https:\/\/franciscanos.org.br\/noticias\/wp-content\/uploads\/2023\/01\/vaticano_diplomacia.jpeg\",\"width\":1500,\"height\":844},{\"@type\":\"WebPage\",\"@id\":\"https:\/\/franciscanos.org.br\/noticias\/democracia-enfraquecida-e-preciso-superar-as-logicas-parciais-afirma-o-papa.html#webpage\",\"url\":\"https:\/\/franciscanos.org.br\/noticias\/democracia-enfraquecida-e-preciso-superar-as-logicas-parciais-afirma-o-papa.html\",\"name\":\"Democracia enfraquecida: \u00e9 preciso superar as l\u00f3gicas parciais, afirma o Papa - Not\u00edcias - Franciscanos\",\"isPartOf\":{\"@id\":\"https:\/\/franciscanos.org.br\/noticias\/#website\"},\"primaryImageOfPage\":{\"@id\":\"https:\/\/franciscanos.org.br\/noticias\/democracia-enfraquecida-e-preciso-superar-as-logicas-parciais-afirma-o-papa.html#primaryimage\"},\"datePublished\":\"2023-01-10T09:42:32+00:00\",\"dateModified\":\"2023-01-10T09:42:32+00:00\",\"author\":{\"@id\":\"https:\/\/franciscanos.org.br\/noticias\/#\/schema\/person\/b5c8cba458c330ccff548b056e95a5d4\"},\"breadcrumb\":{\"@id\":\"https:\/\/franciscanos.org.br\/noticias\/democracia-enfraquecida-e-preciso-superar-as-logicas-parciais-afirma-o-papa.html#breadcrumb\"},\"inLanguage\":\"pt-BR\",\"potentialAction\":[{\"@type\":\"ReadAction\",\"target\":[\"https:\/\/franciscanos.org.br\/noticias\/democracia-enfraquecida-e-preciso-superar-as-logicas-parciais-afirma-o-papa.html\"]}]},{\"@type\":\"BreadcrumbList\",\"@id\":\"https:\/\/franciscanos.org.br\/noticias\/democracia-enfraquecida-e-preciso-superar-as-logicas-parciais-afirma-o-papa.html#breadcrumb\",\"itemListElement\":[{\"@type\":\"ListItem\",\"position\":1,\"name\":\"Home\",\"item\":\"https:\/\/franciscanos.org.br\/noticias\"},{\"@type\":\"ListItem\",\"position\":2,\"name\":\"Democracia enfraquecida: \u00e9 preciso superar as l\u00f3gicas parciais, afirma o Papa\"}]},{\"@type\":\"Person\",\"@id\":\"https:\/\/franciscanos.org.br\/noticias\/#\/schema\/person\/b5c8cba458c330ccff548b056e95a5d4\",\"name\":\"moacir\",\"image\":{\"@type\":\"ImageObject\",\"inLanguage\":\"pt-BR\",\"@id\":\"https:\/\/franciscanos.org.br\/noticias\/#\/schema\/person\/image\/\",\"url\":\"https:\/\/secure.gravatar.com\/avatar\/d08aa2ce4c8dd416d4479aa8536fcf64?s=96&d=mm&r=g\",\"contentUrl\":\"https:\/\/secure.gravatar.com\/avatar\/d08aa2ce4c8dd416d4479aa8536fcf64?s=96&d=mm&r=g\",\"caption\":\"moacir\"},\"url\":\"https:\/\/franciscanos.org.br\/noticias\/author\/moacir\"}]}<\/script>\n<!-- \/ Yoast SEO plugin. -->","yoast_head_json":{"title":"Democracia enfraquecida: \u00e9 preciso superar as l\u00f3gicas parciais, afirma o Papa - Not\u00edcias - Franciscanos","robots":{"index":"index","follow":"follow","max-snippet":"max-snippet:-1","max-image-preview":"max-image-preview:large","max-video-preview":"max-video-preview:-1"},"canonical":"https:\/\/franciscanos.org.br\/noticias\/democracia-enfraquecida-e-preciso-superar-as-logicas-parciais-afirma-o-papa.html","og_locale":"pt_BR","og_type":"article","og_title":"Democracia enfraquecida: \u00e9 preciso superar as l\u00f3gicas parciais, afirma o Papa - Not\u00edcias - Franciscanos","og_description":"Audi\u00eancia com embaixadores","og_url":"https:\/\/franciscanos.org.br\/noticias\/democracia-enfraquecida-e-preciso-superar-as-logicas-parciais-afirma-o-papa.html","og_site_name":"Not\u00edcias - Franciscanos","article_published_time":"2023-01-10T09:42:32+00:00","og_image":[{"width":1500,"height":844,"url":"https:\/\/franciscanos.org.br\/noticias\/wp-content\/uploads\/2023\/01\/vaticano_diplomacia.jpeg","type":"image\/jpeg"}],"author":"moacir","twitter_card":"summary_large_image","twitter_misc":{"Escrito por":"moacir","Est. tempo de leitura":"5 minutos"},"schema":{"@context":"https:\/\/schema.org","@graph":[{"@type":"WebSite","@id":"https:\/\/franciscanos.org.br\/noticias\/#website","url":"https:\/\/franciscanos.org.br\/noticias\/","name":"Not\u00edcias - Franciscanos","description":"Prov\u00edncia Franciscana da Imaculada Concei\u00e7\u00e3o do Brasil - Ordem dos Frades Menores - OFM","potentialAction":[{"@type":"SearchAction","target":{"@type":"EntryPoint","urlTemplate":"https:\/\/franciscanos.org.br\/noticias\/?s={search_term_string}"},"query-input":"required name=search_term_string"}],"inLanguage":"pt-BR"},{"@type":"ImageObject","inLanguage":"pt-BR","@id":"https:\/\/franciscanos.org.br\/noticias\/democracia-enfraquecida-e-preciso-superar-as-logicas-parciais-afirma-o-papa.html#primaryimage","url":"https:\/\/franciscanos.org.br\/noticias\/wp-content\/uploads\/2023\/01\/vaticano_diplomacia.jpeg","contentUrl":"https:\/\/franciscanos.org.br\/noticias\/wp-content\/uploads\/2023\/01\/vaticano_diplomacia.jpeg","width":1500,"height":844},{"@type":"WebPage","@id":"https:\/\/franciscanos.org.br\/noticias\/democracia-enfraquecida-e-preciso-superar-as-logicas-parciais-afirma-o-papa.html#webpage","url":"https:\/\/franciscanos.org.br\/noticias\/democracia-enfraquecida-e-preciso-superar-as-logicas-parciais-afirma-o-papa.html","name":"Democracia enfraquecida: \u00e9 preciso superar as l\u00f3gicas parciais, afirma o Papa - Not\u00edcias - Franciscanos","isPartOf":{"@id":"https:\/\/franciscanos.org.br\/noticias\/#website"},"primaryImageOfPage":{"@id":"https:\/\/franciscanos.org.br\/noticias\/democracia-enfraquecida-e-preciso-superar-as-logicas-parciais-afirma-o-papa.html#primaryimage"},"datePublished":"2023-01-10T09:42:32+00:00","dateModified":"2023-01-10T09:42:32+00:00","author":{"@id":"https:\/\/franciscanos.org.br\/noticias\/#\/schema\/person\/b5c8cba458c330ccff548b056e95a5d4"},"breadcrumb":{"@id":"https:\/\/franciscanos.org.br\/noticias\/democracia-enfraquecida-e-preciso-superar-as-logicas-parciais-afirma-o-papa.html#breadcrumb"},"inLanguage":"pt-BR","potentialAction":[{"@type":"ReadAction","target":["https:\/\/franciscanos.org.br\/noticias\/democracia-enfraquecida-e-preciso-superar-as-logicas-parciais-afirma-o-papa.html"]}]},{"@type":"BreadcrumbList","@id":"https:\/\/franciscanos.org.br\/noticias\/democracia-enfraquecida-e-preciso-superar-as-logicas-parciais-afirma-o-papa.html#breadcrumb","itemListElement":[{"@type":"ListItem","position":1,"name":"Home","item":"https:\/\/franciscanos.org.br\/noticias"},{"@type":"ListItem","position":2,"name":"Democracia enfraquecida: \u00e9 preciso superar as l\u00f3gicas parciais, afirma o Papa"}]},{"@type":"Person","@id":"https:\/\/franciscanos.org.br\/noticias\/#\/schema\/person\/b5c8cba458c330ccff548b056e95a5d4","name":"moacir","image":{"@type":"ImageObject","inLanguage":"pt-BR","@id":"https:\/\/franciscanos.org.br\/noticias\/#\/schema\/person\/image\/","url":"https:\/\/secure.gravatar.com\/avatar\/d08aa2ce4c8dd416d4479aa8536fcf64?s=96&d=mm&r=g","contentUrl":"https:\/\/secure.gravatar.com\/avatar\/d08aa2ce4c8dd416d4479aa8536fcf64?s=96&d=mm&r=g","caption":"moacir"},"url":"https:\/\/franciscanos.org.br\/noticias\/author\/moacir"}]}},"_links":{"self":[{"href":"https:\/\/franciscanos.org.br\/noticias\/wp-json\/wp\/v2\/posts\/241627"}],"collection":[{"href":"https:\/\/franciscanos.org.br\/noticias\/wp-json\/wp\/v2\/posts"}],"about":[{"href":"https:\/\/franciscanos.org.br\/noticias\/wp-json\/wp\/v2\/types\/post"}],"author":[{"embeddable":true,"href":"https:\/\/franciscanos.org.br\/noticias\/wp-json\/wp\/v2\/users\/3"}],"replies":[{"embeddable":true,"href":"https:\/\/franciscanos.org.br\/noticias\/wp-json\/wp\/v2\/comments?post=241627"}],"version-history":[{"count":1,"href":"https:\/\/franciscanos.org.br\/noticias\/wp-json\/wp\/v2\/posts\/241627\/revisions"}],"predecessor-version":[{"id":241629,"href":"https:\/\/franciscanos.org.br\/noticias\/wp-json\/wp\/v2\/posts\/241627\/revisions\/241629"}],"wp:featuredmedia":[{"embeddable":true,"href":"https:\/\/franciscanos.org.br\/noticias\/wp-json\/wp\/v2\/media\/241628"}],"wp:attachment":[{"href":"https:\/\/franciscanos.org.br\/noticias\/wp-json\/wp\/v2\/media?parent=241627"}],"wp:term":[{"taxonomy":"category","embeddable":true,"href":"https:\/\/franciscanos.org.br\/noticias\/wp-json\/wp\/v2\/categories?post=241627"},{"taxonomy":"post_tag","embeddable":true,"href":"https:\/\/franciscanos.org.br\/noticias\/wp-json\/wp\/v2\/tags?post=241627"}],"curies":[{"name":"wp","href":"https:\/\/api.w.org\/{rel}","templated":true}]}}