{"id":241589,"date":"2023-01-09T09:43:13","date_gmt":"2023-01-09T12:43:13","guid":{"rendered":"https:\/\/franciscanos.org.br\/noticias\/?p=241589"},"modified":"2023-01-09T10:45:20","modified_gmt":"2023-01-09T13:45:20","slug":"falece-frei-raul-budal-da-silva","status":"publish","type":"post","link":"https:\/\/franciscanos.org.br\/noticias\/falece-frei-raul-budal-da-silva.html","title":{"rendered":"Falece Frei Raul Budal da Silva"},"content":{"rendered":"<p><img loading=\"lazy\" src=\"https:\/\/franciscanos.org.br\/noticias\/wp-content\/uploads\/2023\/01\/Raul-Budal-1280.gif\" alt=\"\" width=\"1280\" height=\"720\" \/><\/p>\n<p>Faleceu, na noite de ontem, Frei Raul Budal da Silva, na Fraternidade S\u00e3o Francisco de Assis, de Bragan\u00e7a Paulista (SP). Frei Raul convivia com problemas card\u00edacos que o levaram \u00e0 interna\u00e7\u00e3o hospitalar nos \u00faltimos dias. Ele recebeu alta do hospital e permiss\u00e3o de retornar \u00e0 Fraternidade h\u00e1 tr\u00eas dias, mesmo que ainda debilitado. Faleceu junto aos confrades.<\/p>\n<p>A Fraternidade S\u00e3o Francisco de Assis ir\u00e1 celebrar a missa de corpo presente \u00e0s 10h, de hoje e levar\u00e1 o corpo do confrade para seu sepultamento, \u00e0s 15h, no Jazigo da Prov\u00edncia, no Cemit\u00e9rio do Sant\u00edssimo Sacramento, em S\u00e3o Paulo, SP.<\/p>\n<p>Que nosso confrade falecido, descanse em paz.<\/p>\n<h3><strong>HIST\u00d3RICO<\/strong><\/h3>\n<p style=\"padding-left: 20px;\"><strong>Data de Nascimento:<\/strong> 11\/11\/1926 (96 anos)<br \/>\n<strong>Naturalidade:<\/strong> Ant\u00f4nio Olinto, Rio Negro (PR)<br \/>\n<strong>Vesti\u00e7\u00e3o:<\/strong> 19\/12\/1951<br \/>\n<strong>Primeira Profiss\u00e3o:<\/strong> 20\/12\/1952 (70 anos de vida religiosa)<br \/>\n<strong>Profiss\u00e3o Solene:<\/strong> 20\/12\/1955<br \/>\n<strong>Ordena\u00e7\u00e3o Presbiteral:<\/strong> 16\/12\/1957 (65 anos de minist\u00e9rio presbiteral)<br \/>\n<strong>1952<\/strong> \u2013 Noviciado S\u00e3o Jos\u00e9 (Rodeio, SC)<br \/>\n<strong>1953-1954<\/strong> \u2013 Fraternidade Bom Jesus dos Perd\u00f5es (Curitiba, PR), para os estudos filos\u00f3ficos.<br \/>\n<strong>1955-1958<\/strong> \u2013 Fraternidade Sagrado Cora\u00e7\u00e3o de Jesus (Petr\u00f3polis, RJ), para os estudos teol\u00f3gicos.<br \/>\n<strong>1959<\/strong> \u2013 Fraternidade Santo Ant\u00f4nio (Rio de Janeiro, RJ), para fazer um curso de pastoral.<br \/>\n<strong>1960-1962<\/strong> \u2013 Fraternidade S\u00e3o Lu\u00eds de Tolosa (Rio Negro, PR), a servi\u00e7o do semin\u00e1rio.<br \/>\n<strong>1963<\/strong> \u2013 Fraternidade Santo Ant\u00f4nio (Florian\u00f3polis, SC), como secret\u00e1rio coadjutor do arcebispo.<br \/>\n<strong>1964<\/strong> \u2013 Fraternidade Santo Est\u00eav\u00e3o (Ituporanga, SC), como discreto.<br \/>\n<strong>1965-1966<\/strong> \u2013 Fraternidade S\u00e3o Lu\u00eds de Tolosa (Rio Negro, PR), a servi\u00e7o do semin\u00e1rio.<br \/>\n<strong>1967-1968<\/strong> \u2013 Fraternidade do Patroc\u00ednio de S\u00e3o Jos\u00e9 (Lages, SC), como discreto.<br \/>\n<strong>1969<\/strong> \u2013 Fraternidade Santo Est\u00eav\u00e3o (Ituporanga, SC), como vig\u00e1rio paroquial.<br \/>\n<strong>1970-1975<\/strong> \u2013 Fraternidade S\u00e3o Louren\u00e7o (S\u00e3o Louren\u00e7o, MG), como vig\u00e1rio paroquial e guardi\u00e3o.<br \/>\n<strong>1976-1978<\/strong> \u2013 Fraternidade Nossa Senhora do Ros\u00e1rio (Conc\u00f3rdia, SC), como vig\u00e1rio paroquial.<br \/>\n<strong>1979<\/strong> \u2013 Fraternidade Santo Ant\u00f4nio (Blumenau, SC), como vig\u00e1rio paroquial em par\u00f3quia de S\u00e3o Francisco do Sul (SC)<br \/>\n<strong>1980-1982<\/strong> \u2013 Fraternidade Santa In\u00eas (Balne\u00e1rio Cambori\u00fa, SC), como vig\u00e1rio paroquial em par\u00f3quia de S\u00e3o Francisco do Sul (SC).<br \/>\n<strong>1983-1987<\/strong> \u2013 Fraternidade S\u00e3o Francisco de Assis (Ituporanga, SC), como professor.<br \/>\n<strong>1988<\/strong> \u2013 Fraternidade Santa In\u00eas (Balne\u00e1rio Cambori\u00fa, SC), como vig\u00e1rio paroquial.<br \/>\n<strong>1989-1991<\/strong> \u2013 Fraternidade de Porto Uni\u00e3o (SC), como vig\u00e1rio conventual e paroquial.<br \/>\n<strong>1992-1993<\/strong> \u2013 Fraternidade Nossa Senhora do Amparo (S\u00e3o Sebasti\u00e3o, SP), como vig\u00e1rio paroquial e conventual.<br \/>\n<strong>1993-1997<\/strong> \u2013 Fraternidade Bom Jesus dos Perd\u00f5es (Curitiba, PR), como vig\u00e1rio paroquial e conventual.<br \/>\n<strong>1998-2000<\/strong> \u2013 Fraternidade de Porto Uni\u00e3o (SC), como vig\u00e1rio conventual e paroquial.<br \/>\n<strong>2001<\/strong> \u2013 Fraternidade Nossa Senhora da Concei\u00e7\u00e3o (Paty do Alferes, RJ), como vig\u00e1rio paroquial.<br \/>\n<strong>2002<\/strong> \u2013 Fraternidade S\u00e3o Boaventura (Campo Largo, PR), como atendente conventual.<br \/>\n<strong>2003-2008<\/strong> \u2013 Fraternidade Santo Est\u00eav\u00e3o (Ituporanga, SC), como vig\u00e1rio paroquial.<br \/>\n<strong>2009-2014<\/strong> \u2013 Fraternidade Bom Jesus dos Perd\u00f5es, como atendente conventual.<br \/>\n<strong>2015-2023<\/strong> \u2013 Fraternidade S\u00e3o Francisco de Assis, para tratamento de sa\u00fade.<\/p>\n<h3><strong>O FRADE<\/strong><\/h3>\n<p>Frei Raul Budal da Silva foi insistente, teimoso e paciente. Na primeira vez que pediu aos seus pais para ingressar no semin\u00e1rio, o pedido foi duramente negado. Somente anos depois, ele viveu o melhor Natal da sua vida, quando de presente ganhou dos pais a autoriza\u00e7\u00e3o para adentrar na vida franciscana. \u201cDisse meu pai comovido: \u2018Raul vai para o semin\u00e1rio\u2019, foi o melhor Natal da minha vida\u201d, agradeceu o frade h\u00e1 6 anos, j\u00e1 residindo em Bragan\u00e7a Paulista (SP), na Fraternidade S\u00e3o Francisco de Assis. \u201cVivo num ambiente com outros confrades que tamb\u00e9m t\u00eam suas limita\u00e7\u00f5es e com eles convivo com caridade fraterna. \u00c9 necess\u00e1rio viver em fraternidade com muito amor e aceita\u00e7\u00e3o\u201d, destacou o frade.<\/p>\n<p>Seguem as palavras do pr\u00f3prio Frei Raul Budal sobre o modo como lia sua vida:<\/p>\n<p>\u201cO meu chamado para o sacerd\u00f3cio e para a Ordem deu-se por etapas. Eu era adolescente com 14 ou 15 anos quando em Rio Negro (PR), local onde funcionava o semin\u00e1rio, eu admirava aquele castelo misterioso que me chamava a aten\u00e7\u00e3o, e eu n\u00e3o tinha sequer a ideia do que seria. As minhas irm\u00e3s mais velhas eram muito religiosas, faziam parte da lideran\u00e7a da par\u00f3quia e me levavam para a missa. Elas sempre me entusiasmaram e indiretamente me estimularam a viver naquele castelo maravilhoso que era o Semin\u00e1rio Ser\u00e1fico S\u00e3o Luiz de Tolosa. Aos poucos, eu senti vontade de ser padre e comuniquei em casa aos meus pais e irm\u00e3os que eu gostaria de ir para o semin\u00e1rio. A primeira ideia foi esta: ser padre. Esse desejo aumentou muito um ano depois, e eu arrisquei pedir ao meu pai. Ele n\u00e3o era muito religioso, era muito bom pai, mas n\u00e3o era de frequentar a igreja n\u00e3o. Pedi a ele para ir para o semin\u00e1rio logo no come\u00e7o do ano, em janeiro ou fevereiro, e meu pai disse: \u201cN\u00e3o, para o semin\u00e1rio e para ser padre, n\u00e3o! Voc\u00ea vai estudar Direito em Curitiba\u201d. Curti aquilo com bastante desengano e desprazer, mas obedeci, afinal o pai era a autoridade na fam\u00edlia. Neste tempo, por uns dois anos, cheguei at\u00e9 a trabalhar numa empresa como office boy. Mas o desejo de meus pais era que eu fosse estudar em Curitiba. O grande passo foi quando eu j\u00e1 tinha 16 ou 17 anos. Perto do Natal, o pai ou m\u00e3e entregavam um peda\u00e7o de papel pra cada membro da fam\u00edlia e cada um escrevia ali o que desejava receber como presente de Natal. Eu escrevi direitinho: ir para o semin\u00e1rio! N\u00e3o falei nada para ningu\u00e9m e coloquei o papel na caixinha. Na v\u00e9spera de Natal \u00e0 noite, como era de costume em nossa casa, a fam\u00edlia se reuniu para fazer a festa do Natal. Meu pai ent\u00e3o foi lendo o pedido de cada um. Eu fiquei por \u00faltimo e estava ansioso. Por fim meu pai abriu e disse: \u201cRaul vai para o semin\u00e1rio!\u201d Eu me senti no c\u00e9u, era isso que eu queria. Meu Deus, que Natal bonito que eu passei, celebrando dentro do cora\u00e7\u00e3o esse grande momento do sim do meu pai. Ele custou, mas me deu como presente ingressar no semin\u00e1rio. Logo entrei em contato com a dire\u00e7\u00e3o do semin\u00e1rio e, no dia 31 de janeiro de 1945, me levaram para o semin\u00e1rio e l\u00e1 come\u00e7ou uma nova vida para mim\u201d.<\/p>\n<p>&#8220;Eu me sinto imensamente feliz e sinto de perto o dedo de Deus que me chamou para esta voca\u00e7\u00e3o. Como pecador, ningu\u00e9m de n\u00f3s merece, mas eu fui para o semin\u00e1rio com o desejo de ser sacerdote. Dentro do semin\u00e1rio, encontrei um educador maravilhoso, Frei Tadeu Hoenighausen, j\u00e1 falecido, que nos direcionou para a voca\u00e7\u00e3o franciscana. Ali Deus foi me abrindo a mente para ser franciscano. Antes de ser padre \u00e9 preciso ser religioso franciscano, mas isso veio aos poucos. Deus n\u00e3o tem pressa e aos poucos foi abrindo o meu cora\u00e7\u00e3o. Devo um grande favor a este grande educador Frei Tadeu. Ent\u00e3o, com o decorrer dos estudos fui desejando e amando ser franciscano&#8221;.<\/p>\n<p>&#8220;A vida religiosa em geral est\u00e1 em crise, mas o carisma franciscano \u2013 justamente por esta grandeza de cora\u00e7\u00e3o, amor \u00e0 natureza, fraternidade, simplicidade e humildade \u2013 ainda n\u00e3o morreu. Como j\u00e1 disse, em geral a vida religiosa est\u00e1 em crise, mas o carisma franciscano continua vivo e n\u00e3o vai morrer! O mundo, mesmo que muitas pessoas estejam afastadas de Deus, admira o carisma franciscano. Ser franciscano hoje \u00e9 um dom e um privil\u00e9gio que Deus nos d\u00e1&#8221;.<\/p>\n<p>&#8220;N\u00e3o h\u00e1 d\u00favida, vale a pena ser franciscano! Porque \u00e9 uma vida simples de pobreza, desapego, de acolhida a todos os irm\u00e3os, sem preconceitos, pelo menos \u00e9 aquilo que n\u00f3s pregamos e gra\u00e7as a Deus muitos de n\u00f3s conseguimos realizar. Isto \u00e9 visto pelo povo, pois quem entra em contato conosco, com um bom franciscano, se sente acolhido, admirado e com facilidade v\u00ea um caminho largo de convers\u00e3o a Deus&#8221;.<\/p>\n<p>&#8220;Tenho 60 anos de padre (na \u00e9poca). Trabalhei em duas \u00e1reas, na \u00e1rea de educador, no semin\u00e1rio em Rio Negro, foi a primeira obedi\u00eancia que recebi. N\u00e3o tenho forma\u00e7\u00e3o universit\u00e1ria, naquele tempo nosso estudo era t\u00e3o exigente e refor\u00e7ado que dispensava o diploma universit\u00e1rio. N\u00e3o sei se \u00e9 vaidade minha, mas a gente estava muito bem preparado. Lecionei latim e portugu\u00eas. Ainda que n\u00e3o tenha sido perfeito, nunca ningu\u00e9m reclamou. Depois mais tarde, em Ituporanga, como professor, tamb\u00e9m lecionando as mesmas mat\u00e9rias. Nesse per\u00edodo, senti falta de uma forma\u00e7\u00e3o ulterior, mas fiz o essencial. Tenho muitos frades que foram meus alunos e hoje est\u00e3o \u00e0 frente de trabalhos\u00a0na\u00a0Prov\u00edncia&#8221;.<\/p>\n","protected":false},"excerpt":{"rendered":"<p>Luto na Prov\u00edncia da Imaculada<\/p>\n","protected":false},"author":7,"featured_media":241591,"comment_status":"open","ping_status":"open","sticky":false,"template":"","format":"standard","meta":[],"categories":[1],"tags":[1160,1139],"acf":[],"yoast_head":"<!-- This site is optimized with the Yoast SEO plugin v19.2 - https:\/\/yoast.com\/wordpress\/plugins\/seo\/ -->\n<title>Falece Frei Raul Budal da Silva - Not\u00edcias - Franciscanos<\/title>\n<meta name=\"robots\" content=\"index, follow, max-snippet:-1, max-image-preview:large, max-video-preview:-1\" \/>\n<link rel=\"canonical\" href=\"https:\/\/franciscanos.org.br\/noticias\/falece-frei-raul-budal-da-silva.html\" \/>\n<meta property=\"og:locale\" content=\"pt_BR\" \/>\n<meta property=\"og:type\" content=\"article\" \/>\n<meta property=\"og:title\" content=\"Falece Frei Raul Budal da Silva - Not\u00edcias - Franciscanos\" \/>\n<meta property=\"og:description\" content=\"Luto na Prov\u00edncia da Imaculada\" \/>\n<meta property=\"og:url\" content=\"https:\/\/franciscanos.org.br\/noticias\/falece-frei-raul-budal-da-silva.html\" \/>\n<meta property=\"og:site_name\" content=\"Not\u00edcias - Franciscanos\" \/>\n<meta property=\"article:published_time\" content=\"2023-01-09T12:43:13+00:00\" \/>\n<meta property=\"article:modified_time\" content=\"2023-01-09T13:45:20+00:00\" \/>\n<meta property=\"og:image\" content=\"https:\/\/franciscanos.org.br\/noticias\/wp-content\/uploads\/2023\/01\/Raul-Budal-800.gif\" \/>\n\t<meta property=\"og:image:width\" content=\"800\" \/>\n\t<meta property=\"og:image:height\" content=\"550\" \/>\n\t<meta property=\"og:image:type\" content=\"image\/gif\" \/>\n<meta name=\"author\" content=\"jovenal\" \/>\n<meta name=\"twitter:card\" content=\"summary_large_image\" \/>\n<meta name=\"twitter:label1\" content=\"Escrito por\" \/>\n\t<meta name=\"twitter:data1\" content=\"jovenal\" \/>\n\t<meta name=\"twitter:label2\" content=\"Est. tempo de leitura\" \/>\n\t<meta name=\"twitter:data2\" content=\"7 minutos\" \/>\n<script type=\"application\/ld+json\" class=\"yoast-schema-graph\">{\"@context\":\"https:\/\/schema.org\",\"@graph\":[{\"@type\":\"WebSite\",\"@id\":\"https:\/\/franciscanos.org.br\/noticias\/#website\",\"url\":\"https:\/\/franciscanos.org.br\/noticias\/\",\"name\":\"Not\u00edcias - Franciscanos\",\"description\":\"Prov\u00edncia Franciscana da Imaculada Concei\u00e7\u00e3o do Brasil - Ordem dos Frades Menores - OFM\",\"potentialAction\":[{\"@type\":\"SearchAction\",\"target\":{\"@type\":\"EntryPoint\",\"urlTemplate\":\"https:\/\/franciscanos.org.br\/noticias\/?s={search_term_string}\"},\"query-input\":\"required name=search_term_string\"}],\"inLanguage\":\"pt-BR\"},{\"@type\":\"ImageObject\",\"inLanguage\":\"pt-BR\",\"@id\":\"https:\/\/franciscanos.org.br\/noticias\/falece-frei-raul-budal-da-silva.html#primaryimage\",\"url\":\"https:\/\/franciscanos.org.br\/noticias\/wp-content\/uploads\/2023\/01\/Raul-Budal-800.gif\",\"contentUrl\":\"https:\/\/franciscanos.org.br\/noticias\/wp-content\/uploads\/2023\/01\/Raul-Budal-800.gif\",\"width\":800,\"height\":550},{\"@type\":\"WebPage\",\"@id\":\"https:\/\/franciscanos.org.br\/noticias\/falece-frei-raul-budal-da-silva.html#webpage\",\"url\":\"https:\/\/franciscanos.org.br\/noticias\/falece-frei-raul-budal-da-silva.html\",\"name\":\"Falece Frei Raul Budal da Silva - Not\u00edcias - Franciscanos\",\"isPartOf\":{\"@id\":\"https:\/\/franciscanos.org.br\/noticias\/#website\"},\"primaryImageOfPage\":{\"@id\":\"https:\/\/franciscanos.org.br\/noticias\/falece-frei-raul-budal-da-silva.html#primaryimage\"},\"datePublished\":\"2023-01-09T12:43:13+00:00\",\"dateModified\":\"2023-01-09T13:45:20+00:00\",\"author\":{\"@id\":\"https:\/\/franciscanos.org.br\/noticias\/#\/schema\/person\/c3a26b08313dd1772495ce300ab257cc\"},\"breadcrumb\":{\"@id\":\"https:\/\/franciscanos.org.br\/noticias\/falece-frei-raul-budal-da-silva.html#breadcrumb\"},\"inLanguage\":\"pt-BR\",\"potentialAction\":[{\"@type\":\"ReadAction\",\"target\":[\"https:\/\/franciscanos.org.br\/noticias\/falece-frei-raul-budal-da-silva.html\"]}]},{\"@type\":\"BreadcrumbList\",\"@id\":\"https:\/\/franciscanos.org.br\/noticias\/falece-frei-raul-budal-da-silva.html#breadcrumb\",\"itemListElement\":[{\"@type\":\"ListItem\",\"position\":1,\"name\":\"Home\",\"item\":\"https:\/\/franciscanos.org.br\/noticias\"},{\"@type\":\"ListItem\",\"position\":2,\"name\":\"Falece Frei Raul Budal da Silva\"}]},{\"@type\":\"Person\",\"@id\":\"https:\/\/franciscanos.org.br\/noticias\/#\/schema\/person\/c3a26b08313dd1772495ce300ab257cc\",\"name\":\"jovenal\",\"image\":{\"@type\":\"ImageObject\",\"inLanguage\":\"pt-BR\",\"@id\":\"https:\/\/franciscanos.org.br\/noticias\/#\/schema\/person\/image\/\",\"url\":\"https:\/\/secure.gravatar.com\/avatar\/e94509f531086e2eaf97e72f29ea00f9?s=96&d=mm&r=g\",\"contentUrl\":\"https:\/\/secure.gravatar.com\/avatar\/e94509f531086e2eaf97e72f29ea00f9?s=96&d=mm&r=g\",\"caption\":\"jovenal\"},\"url\":\"https:\/\/franciscanos.org.br\/noticias\/author\/jovenal\"}]}<\/script>\n<!-- \/ Yoast SEO plugin. -->","yoast_head_json":{"title":"Falece Frei Raul Budal da Silva - Not\u00edcias - Franciscanos","robots":{"index":"index","follow":"follow","max-snippet":"max-snippet:-1","max-image-preview":"max-image-preview:large","max-video-preview":"max-video-preview:-1"},"canonical":"https:\/\/franciscanos.org.br\/noticias\/falece-frei-raul-budal-da-silva.html","og_locale":"pt_BR","og_type":"article","og_title":"Falece Frei Raul Budal da Silva - Not\u00edcias - Franciscanos","og_description":"Luto na Prov\u00edncia da Imaculada","og_url":"https:\/\/franciscanos.org.br\/noticias\/falece-frei-raul-budal-da-silva.html","og_site_name":"Not\u00edcias - Franciscanos","article_published_time":"2023-01-09T12:43:13+00:00","article_modified_time":"2023-01-09T13:45:20+00:00","og_image":[{"width":800,"height":550,"url":"https:\/\/franciscanos.org.br\/noticias\/wp-content\/uploads\/2023\/01\/Raul-Budal-800.gif","type":"image\/gif"}],"author":"jovenal","twitter_card":"summary_large_image","twitter_misc":{"Escrito por":"jovenal","Est. tempo de leitura":"7 minutos"},"schema":{"@context":"https:\/\/schema.org","@graph":[{"@type":"WebSite","@id":"https:\/\/franciscanos.org.br\/noticias\/#website","url":"https:\/\/franciscanos.org.br\/noticias\/","name":"Not\u00edcias - Franciscanos","description":"Prov\u00edncia Franciscana da Imaculada Concei\u00e7\u00e3o do Brasil - Ordem dos Frades Menores - OFM","potentialAction":[{"@type":"SearchAction","target":{"@type":"EntryPoint","urlTemplate":"https:\/\/franciscanos.org.br\/noticias\/?s={search_term_string}"},"query-input":"required name=search_term_string"}],"inLanguage":"pt-BR"},{"@type":"ImageObject","inLanguage":"pt-BR","@id":"https:\/\/franciscanos.org.br\/noticias\/falece-frei-raul-budal-da-silva.html#primaryimage","url":"https:\/\/franciscanos.org.br\/noticias\/wp-content\/uploads\/2023\/01\/Raul-Budal-800.gif","contentUrl":"https:\/\/franciscanos.org.br\/noticias\/wp-content\/uploads\/2023\/01\/Raul-Budal-800.gif","width":800,"height":550},{"@type":"WebPage","@id":"https:\/\/franciscanos.org.br\/noticias\/falece-frei-raul-budal-da-silva.html#webpage","url":"https:\/\/franciscanos.org.br\/noticias\/falece-frei-raul-budal-da-silva.html","name":"Falece Frei Raul Budal da Silva - Not\u00edcias - Franciscanos","isPartOf":{"@id":"https:\/\/franciscanos.org.br\/noticias\/#website"},"primaryImageOfPage":{"@id":"https:\/\/franciscanos.org.br\/noticias\/falece-frei-raul-budal-da-silva.html#primaryimage"},"datePublished":"2023-01-09T12:43:13+00:00","dateModified":"2023-01-09T13:45:20+00:00","author":{"@id":"https:\/\/franciscanos.org.br\/noticias\/#\/schema\/person\/c3a26b08313dd1772495ce300ab257cc"},"breadcrumb":{"@id":"https:\/\/franciscanos.org.br\/noticias\/falece-frei-raul-budal-da-silva.html#breadcrumb"},"inLanguage":"pt-BR","potentialAction":[{"@type":"ReadAction","target":["https:\/\/franciscanos.org.br\/noticias\/falece-frei-raul-budal-da-silva.html"]}]},{"@type":"BreadcrumbList","@id":"https:\/\/franciscanos.org.br\/noticias\/falece-frei-raul-budal-da-silva.html#breadcrumb","itemListElement":[{"@type":"ListItem","position":1,"name":"Home","item":"https:\/\/franciscanos.org.br\/noticias"},{"@type":"ListItem","position":2,"name":"Falece Frei Raul Budal da Silva"}]},{"@type":"Person","@id":"https:\/\/franciscanos.org.br\/noticias\/#\/schema\/person\/c3a26b08313dd1772495ce300ab257cc","name":"jovenal","image":{"@type":"ImageObject","inLanguage":"pt-BR","@id":"https:\/\/franciscanos.org.br\/noticias\/#\/schema\/person\/image\/","url":"https:\/\/secure.gravatar.com\/avatar\/e94509f531086e2eaf97e72f29ea00f9?s=96&d=mm&r=g","contentUrl":"https:\/\/secure.gravatar.com\/avatar\/e94509f531086e2eaf97e72f29ea00f9?s=96&d=mm&r=g","caption":"jovenal"},"url":"https:\/\/franciscanos.org.br\/noticias\/author\/jovenal"}]}},"_links":{"self":[{"href":"https:\/\/franciscanos.org.br\/noticias\/wp-json\/wp\/v2\/posts\/241589"}],"collection":[{"href":"https:\/\/franciscanos.org.br\/noticias\/wp-json\/wp\/v2\/posts"}],"about":[{"href":"https:\/\/franciscanos.org.br\/noticias\/wp-json\/wp\/v2\/types\/post"}],"author":[{"embeddable":true,"href":"https:\/\/franciscanos.org.br\/noticias\/wp-json\/wp\/v2\/users\/7"}],"replies":[{"embeddable":true,"href":"https:\/\/franciscanos.org.br\/noticias\/wp-json\/wp\/v2\/comments?post=241589"}],"version-history":[{"count":3,"href":"https:\/\/franciscanos.org.br\/noticias\/wp-json\/wp\/v2\/posts\/241589\/revisions"}],"predecessor-version":[{"id":241594,"href":"https:\/\/franciscanos.org.br\/noticias\/wp-json\/wp\/v2\/posts\/241589\/revisions\/241594"}],"wp:featuredmedia":[{"embeddable":true,"href":"https:\/\/franciscanos.org.br\/noticias\/wp-json\/wp\/v2\/media\/241591"}],"wp:attachment":[{"href":"https:\/\/franciscanos.org.br\/noticias\/wp-json\/wp\/v2\/media?parent=241589"}],"wp:term":[{"taxonomy":"category","embeddable":true,"href":"https:\/\/franciscanos.org.br\/noticias\/wp-json\/wp\/v2\/categories?post=241589"},{"taxonomy":"post_tag","embeddable":true,"href":"https:\/\/franciscanos.org.br\/noticias\/wp-json\/wp\/v2\/tags?post=241589"}],"curies":[{"name":"wp","href":"https:\/\/api.w.org\/{rel}","templated":true}]}}