{"id":241583,"date":"2023-01-08T10:02:08","date_gmt":"2023-01-08T13:02:08","guid":{"rendered":"https:\/\/franciscanos.org.br\/noticias\/?p=241583"},"modified":"2023-01-08T10:07:13","modified_gmt":"2023-01-08T13:07:13","slug":"centenario-franciscano-inauguracao-em-greccio-com-os-6-ministros-gerais-da-familia-franciscana","status":"publish","type":"post","link":"https:\/\/franciscanos.org.br\/noticias\/centenario-franciscano-inauguracao-em-greccio-com-os-6-ministros-gerais-da-familia-franciscana.html","title":{"rendered":"Centen\u00e1rio Franciscano: inaugura\u00e7\u00e3o em Greccio com os 6 Ministros Gerais da Fam\u00edlia Franciscana"},"content":{"rendered":"<p><img loading=\"lazy\" class=\"alignnone size-full wp-image-241584\" src=\"https:\/\/franciscanos.org.br\/noticias\/wp-content\/uploads\/2023\/01\/greccio_01.jpg\" alt=\"\" width=\"1280\" height=\"720\" srcset=\"https:\/\/franciscanos.org.br\/noticias\/wp-content\/uploads\/2023\/01\/greccio_01.jpg 1280w, https:\/\/franciscanos.org.br\/noticias\/wp-content\/uploads\/2023\/01\/greccio_01-450x253.jpg 450w, https:\/\/franciscanos.org.br\/noticias\/wp-content\/uploads\/2023\/01\/greccio_01-1024x576.jpg 1024w, https:\/\/franciscanos.org.br\/noticias\/wp-content\/uploads\/2023\/01\/greccio_01-768x432.jpg 768w, https:\/\/franciscanos.org.br\/noticias\/wp-content\/uploads\/2023\/01\/greccio_01-150x84.jpg 150w\" sizes=\"(max-width: 1280px) 100vw, 1280px\" \/><br \/>\n<strong>Greccio (Rieti)<\/strong> &#8211; Com a presen\u00e7a dos seis Ministros Gerais da Fam\u00edlia Franciscana, foi inaugurado neste s\u00e1bado (7\/01) o Centen\u00e1rio Franciscano, uma s\u00e9rie de eventos que, percorrendo as \u00faltimas etapas da vida de S\u00e3o Francisco de Assis, conduzem ao 800\u00ba anivers\u00e1rio da P\u00e1scoa do Ser\u00e1fico Pai.<\/p>\n<p>A celebra\u00e7\u00e3o, presidida por Frei Luciano de Giusti, Ministro Provincial da Prov\u00edncia de S\u00e3o Boaventura da Ordem dos Frades Menores, aconteceu na igreja do santu\u00e1rio de Greccio onde, na noite de Natal de 1223, S\u00e3o Francisco quis celebrar um Natal todo particular.<\/p>\n<p>Neste 2023 recordamos os 800 anos da Regra Bulada da Ordem (29 de novembro de 1223) e do Natal de Greccio.<\/p>\n<p>Na primeira parte da celebra\u00e7\u00e3o, depois de ter entronizado um exemplar da Regra Bulada ao p\u00e9 do altar, foram lidos trechos da Regra e do Testamento de S\u00e3o Francisco, profundamente ligados entre si, que juntos formam uma unidade profunda, nutrindo ambos do \u00fanico grande ideal evang\u00e9lico que sempre guiou os passos de S\u00e3o Francisco.<\/p>\n<p><img loading=\"lazy\" class=\"alignnone size-full wp-image-241585\" src=\"https:\/\/franciscanos.org.br\/noticias\/wp-content\/uploads\/2023\/01\/greccio_06.jpeg\" alt=\"\" width=\"1281\" height=\"1920\" srcset=\"https:\/\/franciscanos.org.br\/noticias\/wp-content\/uploads\/2023\/01\/greccio_06.jpeg 721w, https:\/\/franciscanos.org.br\/noticias\/wp-content\/uploads\/2023\/01\/greccio_06-300x450.jpeg 300w, https:\/\/franciscanos.org.br\/noticias\/wp-content\/uploads\/2023\/01\/greccio_06-683x1024.jpeg 683w, https:\/\/franciscanos.org.br\/noticias\/wp-content\/uploads\/2023\/01\/greccio_06-768x1151.jpeg 768w, https:\/\/franciscanos.org.br\/noticias\/wp-content\/uploads\/2023\/01\/greccio_06-1025x1536.jpeg 1025w, https:\/\/franciscanos.org.br\/noticias\/wp-content\/uploads\/2023\/01\/greccio_06-150x225.jpeg 150w\" sizes=\"(max-width: 1281px) 100vw, 1281px\" \/><\/p>\n<p>Na segunda parte da celebra\u00e7\u00e3o, por\u00e9m, foi lembrado o primeiro Natal de Greccio, quando S\u00e3o Francisco, conforme narrado na Primeira Legenda de Tom\u00e1s de Celano, o primeiro bi\u00f3grafo do santo de Assis, quis mostrar aos olhos contempor\u00e2neos as agruras que a Fam\u00edlia de Nazar\u00e9 teve de enfrentar para dar \u00e0 luz o menino Jesus.<\/p>\n<p>Na \u00faltima parte da celebra\u00e7\u00e3o, os seis Ministros Gerais, acompanhados por Frei Luciano de Giusti, levaram a imagem do Menino em prociss\u00e3o \u00e0 Gruta do Santu\u00e1rio.<\/p>\n<p>A express\u00e3o Fam\u00edlia Franciscana \u00e9 usada em sentido amplo para designar todos os grupos religiosos que se inspiram no carisma de S\u00e3o Francisco. De fato, o carisma franciscano inspirou homens e mulheres ao longo dos s\u00e9culos, tanto leigos como religiosas, religiosos ou sacerdotes, que formaram diversos grupos ao longo dos s\u00e9culos.<\/p>\n<p>A Confer\u00eancia da Fam\u00edlia Franciscana \u00e9 composta por seis membros: o Ministro geral da Ordem dos Frades Menores (OFM), o Ministro geral da Ordem dos Frades Menores Conventuais (OFMConv), o Ministro geral da Ordem dos Frades Menores Capuchinhos (OFMCap), o Ministro Geral da Ordem Terceira Regular (TOR), o Ministro Geral da Ordem Franciscana Secular (SFO), o Presidente da Confer\u00eancia Franciscana Internacional dos Irm\u00e3os e Irm\u00e3s da Ordem Terceira Regular (CFI-TOR).<\/p>\n<p>Participaram da celebra\u00e7\u00e3o de hoje:<br \/>\nFrei Massimo Fusarelli, OFM<br \/>\nFrei Carlos Alberto Trovarelli, OFMconv<br \/>\nFrei Roberto Genuin, OFMcapp<br \/>\nIrei Amando Trujillo Cano, TOR<br \/>\nTibor Kauser, OFS<br \/>\nIr. Daisy Kalamparamban Vice-presidente ITC-TOR<\/p>\n<p><strong><a href=\"https:\/\/ofm.org\/uploads\/Libretto%20Inaugurazione%20Centenari%2007012023.pdf\">Fa\u00e7a o download do livreto comemorativo (ITALIANO)<\/a><\/strong><\/p>\n<p>O Centen\u00e1rio \u00e9 composto por 5 Centen\u00e1rios divididos em 4 anos, nos quais ser\u00e1 poss\u00edvel refletir e contemplar a Regra e o Natal em Greccio (1223-2023), o dom dos Estigmas (1224-2024), o C\u00e2ntico da Criaturas (1225-2025) e a P\u00e1scoa de Francisco de Assis (1226-2026).<\/p>\n<hr \/>\n<p><em>Fonte: OFM (texto de Melanie Bruno)<\/em><\/p>\n<p><img loading=\"lazy\" class=\"alignnone size-full wp-image-241572\" src=\"https:\/\/franciscanos.org.br\/noticias\/wp-content\/uploads\/2023\/01\/logo_centenario.jpg\" alt=\"\" width=\"1280\" height=\"720\" srcset=\"https:\/\/franciscanos.org.br\/noticias\/wp-content\/uploads\/2023\/01\/logo_centenario.jpg 1280w, https:\/\/franciscanos.org.br\/noticias\/wp-content\/uploads\/2023\/01\/logo_centenario-450x253.jpg 450w, https:\/\/franciscanos.org.br\/noticias\/wp-content\/uploads\/2023\/01\/logo_centenario-1024x576.jpg 1024w, https:\/\/franciscanos.org.br\/noticias\/wp-content\/uploads\/2023\/01\/logo_centenario-768x432.jpg 768w, https:\/\/franciscanos.org.br\/noticias\/wp-content\/uploads\/2023\/01\/logo_centenario-150x84.jpg 150w\" sizes=\"(max-width: 1280px) 100vw, 1280px\" \/><\/p>\n","protected":false},"excerpt":{"rendered":"<p>Centen\u00e1rio Franciscano<\/p>\n","protected":false},"author":3,"featured_media":241584,"comment_status":"open","ping_status":"open","sticky":false,"template":"","format":"standard","meta":[],"categories":[1],"tags":[2070],"acf":[],"yoast_head":"<!-- This site is optimized with the Yoast SEO plugin v19.2 - https:\/\/yoast.com\/wordpress\/plugins\/seo\/ -->\n<title>Centen\u00e1rio Franciscano: inaugura\u00e7\u00e3o em Greccio com os 6 Ministros Gerais da Fam\u00edlia Franciscana - Not\u00edcias - Franciscanos<\/title>\n<meta name=\"robots\" content=\"index, follow, max-snippet:-1, max-image-preview:large, max-video-preview:-1\" \/>\n<link rel=\"canonical\" href=\"https:\/\/franciscanos.org.br\/noticias\/centenario-franciscano-inauguracao-em-greccio-com-os-6-ministros-gerais-da-familia-franciscana.html\" \/>\n<meta property=\"og:locale\" content=\"pt_BR\" \/>\n<meta property=\"og:type\" content=\"article\" \/>\n<meta property=\"og:title\" content=\"Centen\u00e1rio Franciscano: inaugura\u00e7\u00e3o em Greccio com os 6 Ministros Gerais da Fam\u00edlia Franciscana - Not\u00edcias - Franciscanos\" \/>\n<meta property=\"og:description\" content=\"Centen\u00e1rio Franciscano\" \/>\n<meta property=\"og:url\" content=\"https:\/\/franciscanos.org.br\/noticias\/centenario-franciscano-inauguracao-em-greccio-com-os-6-ministros-gerais-da-familia-franciscana.html\" \/>\n<meta property=\"og:site_name\" content=\"Not\u00edcias - Franciscanos\" \/>\n<meta property=\"article:published_time\" content=\"2023-01-08T13:02:08+00:00\" \/>\n<meta property=\"article:modified_time\" content=\"2023-01-08T13:07:13+00:00\" \/>\n<meta property=\"og:image\" content=\"https:\/\/franciscanos.org.br\/noticias\/wp-content\/uploads\/2023\/01\/greccio_01.jpg\" \/>\n\t<meta property=\"og:image:width\" content=\"1280\" \/>\n\t<meta property=\"og:image:height\" content=\"720\" \/>\n\t<meta property=\"og:image:type\" content=\"image\/jpeg\" \/>\n<meta name=\"author\" content=\"moacir\" \/>\n<meta name=\"twitter:card\" content=\"summary_large_image\" \/>\n<meta name=\"twitter:label1\" content=\"Escrito por\" \/>\n\t<meta name=\"twitter:data1\" content=\"moacir\" \/>\n\t<meta name=\"twitter:label2\" content=\"Est. tempo de leitura\" \/>\n\t<meta name=\"twitter:data2\" content=\"2 minutos\" \/>\n<script type=\"application\/ld+json\" class=\"yoast-schema-graph\">{\"@context\":\"https:\/\/schema.org\",\"@graph\":[{\"@type\":\"WebSite\",\"@id\":\"https:\/\/franciscanos.org.br\/noticias\/#website\",\"url\":\"https:\/\/franciscanos.org.br\/noticias\/\",\"name\":\"Not\u00edcias - Franciscanos\",\"description\":\"Prov\u00edncia Franciscana da Imaculada Concei\u00e7\u00e3o do Brasil - Ordem dos Frades Menores - OFM\",\"potentialAction\":[{\"@type\":\"SearchAction\",\"target\":{\"@type\":\"EntryPoint\",\"urlTemplate\":\"https:\/\/franciscanos.org.br\/noticias\/?s={search_term_string}\"},\"query-input\":\"required name=search_term_string\"}],\"inLanguage\":\"pt-BR\"},{\"@type\":\"ImageObject\",\"inLanguage\":\"pt-BR\",\"@id\":\"https:\/\/franciscanos.org.br\/noticias\/centenario-franciscano-inauguracao-em-greccio-com-os-6-ministros-gerais-da-familia-franciscana.html#primaryimage\",\"url\":\"https:\/\/franciscanos.org.br\/noticias\/wp-content\/uploads\/2023\/01\/greccio_01.jpg\",\"contentUrl\":\"https:\/\/franciscanos.org.br\/noticias\/wp-content\/uploads\/2023\/01\/greccio_01.jpg\",\"width\":1280,\"height\":720},{\"@type\":\"WebPage\",\"@id\":\"https:\/\/franciscanos.org.br\/noticias\/centenario-franciscano-inauguracao-em-greccio-com-os-6-ministros-gerais-da-familia-franciscana.html#webpage\",\"url\":\"https:\/\/franciscanos.org.br\/noticias\/centenario-franciscano-inauguracao-em-greccio-com-os-6-ministros-gerais-da-familia-franciscana.html\",\"name\":\"Centen\u00e1rio Franciscano: inaugura\u00e7\u00e3o em Greccio com os 6 Ministros Gerais da Fam\u00edlia Franciscana - Not\u00edcias - Franciscanos\",\"isPartOf\":{\"@id\":\"https:\/\/franciscanos.org.br\/noticias\/#website\"},\"primaryImageOfPage\":{\"@id\":\"https:\/\/franciscanos.org.br\/noticias\/centenario-franciscano-inauguracao-em-greccio-com-os-6-ministros-gerais-da-familia-franciscana.html#primaryimage\"},\"datePublished\":\"2023-01-08T13:02:08+00:00\",\"dateModified\":\"2023-01-08T13:07:13+00:00\",\"author\":{\"@id\":\"https:\/\/franciscanos.org.br\/noticias\/#\/schema\/person\/b5c8cba458c330ccff548b056e95a5d4\"},\"breadcrumb\":{\"@id\":\"https:\/\/franciscanos.org.br\/noticias\/centenario-franciscano-inauguracao-em-greccio-com-os-6-ministros-gerais-da-familia-franciscana.html#breadcrumb\"},\"inLanguage\":\"pt-BR\",\"potentialAction\":[{\"@type\":\"ReadAction\",\"target\":[\"https:\/\/franciscanos.org.br\/noticias\/centenario-franciscano-inauguracao-em-greccio-com-os-6-ministros-gerais-da-familia-franciscana.html\"]}]},{\"@type\":\"BreadcrumbList\",\"@id\":\"https:\/\/franciscanos.org.br\/noticias\/centenario-franciscano-inauguracao-em-greccio-com-os-6-ministros-gerais-da-familia-franciscana.html#breadcrumb\",\"itemListElement\":[{\"@type\":\"ListItem\",\"position\":1,\"name\":\"Home\",\"item\":\"https:\/\/franciscanos.org.br\/noticias\"},{\"@type\":\"ListItem\",\"position\":2,\"name\":\"Centen\u00e1rio Franciscano: inaugura\u00e7\u00e3o em Greccio com os 6 Ministros Gerais da Fam\u00edlia Franciscana\"}]},{\"@type\":\"Person\",\"@id\":\"https:\/\/franciscanos.org.br\/noticias\/#\/schema\/person\/b5c8cba458c330ccff548b056e95a5d4\",\"name\":\"moacir\",\"image\":{\"@type\":\"ImageObject\",\"inLanguage\":\"pt-BR\",\"@id\":\"https:\/\/franciscanos.org.br\/noticias\/#\/schema\/person\/image\/\",\"url\":\"https:\/\/secure.gravatar.com\/avatar\/d08aa2ce4c8dd416d4479aa8536fcf64?s=96&d=mm&r=g\",\"contentUrl\":\"https:\/\/secure.gravatar.com\/avatar\/d08aa2ce4c8dd416d4479aa8536fcf64?s=96&d=mm&r=g\",\"caption\":\"moacir\"},\"url\":\"https:\/\/franciscanos.org.br\/noticias\/author\/moacir\"}]}<\/script>\n<!-- \/ Yoast SEO plugin. -->","yoast_head_json":{"title":"Centen\u00e1rio Franciscano: inaugura\u00e7\u00e3o em Greccio com os 6 Ministros Gerais da Fam\u00edlia Franciscana - Not\u00edcias - Franciscanos","robots":{"index":"index","follow":"follow","max-snippet":"max-snippet:-1","max-image-preview":"max-image-preview:large","max-video-preview":"max-video-preview:-1"},"canonical":"https:\/\/franciscanos.org.br\/noticias\/centenario-franciscano-inauguracao-em-greccio-com-os-6-ministros-gerais-da-familia-franciscana.html","og_locale":"pt_BR","og_type":"article","og_title":"Centen\u00e1rio Franciscano: inaugura\u00e7\u00e3o em Greccio com os 6 Ministros Gerais da Fam\u00edlia Franciscana - Not\u00edcias - Franciscanos","og_description":"Centen\u00e1rio Franciscano","og_url":"https:\/\/franciscanos.org.br\/noticias\/centenario-franciscano-inauguracao-em-greccio-com-os-6-ministros-gerais-da-familia-franciscana.html","og_site_name":"Not\u00edcias - Franciscanos","article_published_time":"2023-01-08T13:02:08+00:00","article_modified_time":"2023-01-08T13:07:13+00:00","og_image":[{"width":1280,"height":720,"url":"https:\/\/franciscanos.org.br\/noticias\/wp-content\/uploads\/2023\/01\/greccio_01.jpg","type":"image\/jpeg"}],"author":"moacir","twitter_card":"summary_large_image","twitter_misc":{"Escrito por":"moacir","Est. tempo de leitura":"2 minutos"},"schema":{"@context":"https:\/\/schema.org","@graph":[{"@type":"WebSite","@id":"https:\/\/franciscanos.org.br\/noticias\/#website","url":"https:\/\/franciscanos.org.br\/noticias\/","name":"Not\u00edcias - Franciscanos","description":"Prov\u00edncia Franciscana da Imaculada Concei\u00e7\u00e3o do Brasil - Ordem dos Frades Menores - OFM","potentialAction":[{"@type":"SearchAction","target":{"@type":"EntryPoint","urlTemplate":"https:\/\/franciscanos.org.br\/noticias\/?s={search_term_string}"},"query-input":"required name=search_term_string"}],"inLanguage":"pt-BR"},{"@type":"ImageObject","inLanguage":"pt-BR","@id":"https:\/\/franciscanos.org.br\/noticias\/centenario-franciscano-inauguracao-em-greccio-com-os-6-ministros-gerais-da-familia-franciscana.html#primaryimage","url":"https:\/\/franciscanos.org.br\/noticias\/wp-content\/uploads\/2023\/01\/greccio_01.jpg","contentUrl":"https:\/\/franciscanos.org.br\/noticias\/wp-content\/uploads\/2023\/01\/greccio_01.jpg","width":1280,"height":720},{"@type":"WebPage","@id":"https:\/\/franciscanos.org.br\/noticias\/centenario-franciscano-inauguracao-em-greccio-com-os-6-ministros-gerais-da-familia-franciscana.html#webpage","url":"https:\/\/franciscanos.org.br\/noticias\/centenario-franciscano-inauguracao-em-greccio-com-os-6-ministros-gerais-da-familia-franciscana.html","name":"Centen\u00e1rio Franciscano: inaugura\u00e7\u00e3o em Greccio com os 6 Ministros Gerais da Fam\u00edlia Franciscana - Not\u00edcias - Franciscanos","isPartOf":{"@id":"https:\/\/franciscanos.org.br\/noticias\/#website"},"primaryImageOfPage":{"@id":"https:\/\/franciscanos.org.br\/noticias\/centenario-franciscano-inauguracao-em-greccio-com-os-6-ministros-gerais-da-familia-franciscana.html#primaryimage"},"datePublished":"2023-01-08T13:02:08+00:00","dateModified":"2023-01-08T13:07:13+00:00","author":{"@id":"https:\/\/franciscanos.org.br\/noticias\/#\/schema\/person\/b5c8cba458c330ccff548b056e95a5d4"},"breadcrumb":{"@id":"https:\/\/franciscanos.org.br\/noticias\/centenario-franciscano-inauguracao-em-greccio-com-os-6-ministros-gerais-da-familia-franciscana.html#breadcrumb"},"inLanguage":"pt-BR","potentialAction":[{"@type":"ReadAction","target":["https:\/\/franciscanos.org.br\/noticias\/centenario-franciscano-inauguracao-em-greccio-com-os-6-ministros-gerais-da-familia-franciscana.html"]}]},{"@type":"BreadcrumbList","@id":"https:\/\/franciscanos.org.br\/noticias\/centenario-franciscano-inauguracao-em-greccio-com-os-6-ministros-gerais-da-familia-franciscana.html#breadcrumb","itemListElement":[{"@type":"ListItem","position":1,"name":"Home","item":"https:\/\/franciscanos.org.br\/noticias"},{"@type":"ListItem","position":2,"name":"Centen\u00e1rio Franciscano: inaugura\u00e7\u00e3o em Greccio com os 6 Ministros Gerais da Fam\u00edlia Franciscana"}]},{"@type":"Person","@id":"https:\/\/franciscanos.org.br\/noticias\/#\/schema\/person\/b5c8cba458c330ccff548b056e95a5d4","name":"moacir","image":{"@type":"ImageObject","inLanguage":"pt-BR","@id":"https:\/\/franciscanos.org.br\/noticias\/#\/schema\/person\/image\/","url":"https:\/\/secure.gravatar.com\/avatar\/d08aa2ce4c8dd416d4479aa8536fcf64?s=96&d=mm&r=g","contentUrl":"https:\/\/secure.gravatar.com\/avatar\/d08aa2ce4c8dd416d4479aa8536fcf64?s=96&d=mm&r=g","caption":"moacir"},"url":"https:\/\/franciscanos.org.br\/noticias\/author\/moacir"}]}},"_links":{"self":[{"href":"https:\/\/franciscanos.org.br\/noticias\/wp-json\/wp\/v2\/posts\/241583"}],"collection":[{"href":"https:\/\/franciscanos.org.br\/noticias\/wp-json\/wp\/v2\/posts"}],"about":[{"href":"https:\/\/franciscanos.org.br\/noticias\/wp-json\/wp\/v2\/types\/post"}],"author":[{"embeddable":true,"href":"https:\/\/franciscanos.org.br\/noticias\/wp-json\/wp\/v2\/users\/3"}],"replies":[{"embeddable":true,"href":"https:\/\/franciscanos.org.br\/noticias\/wp-json\/wp\/v2\/comments?post=241583"}],"version-history":[{"count":3,"href":"https:\/\/franciscanos.org.br\/noticias\/wp-json\/wp\/v2\/posts\/241583\/revisions"}],"predecessor-version":[{"id":241588,"href":"https:\/\/franciscanos.org.br\/noticias\/wp-json\/wp\/v2\/posts\/241583\/revisions\/241588"}],"wp:featuredmedia":[{"embeddable":true,"href":"https:\/\/franciscanos.org.br\/noticias\/wp-json\/wp\/v2\/media\/241584"}],"wp:attachment":[{"href":"https:\/\/franciscanos.org.br\/noticias\/wp-json\/wp\/v2\/media?parent=241583"}],"wp:term":[{"taxonomy":"category","embeddable":true,"href":"https:\/\/franciscanos.org.br\/noticias\/wp-json\/wp\/v2\/categories?post=241583"},{"taxonomy":"post_tag","embeddable":true,"href":"https:\/\/franciscanos.org.br\/noticias\/wp-json\/wp\/v2\/tags?post=241583"}],"curies":[{"name":"wp","href":"https:\/\/api.w.org\/{rel}","templated":true}]}}