{"id":241571,"date":"2023-01-05T08:03:37","date_gmt":"2023-01-05T11:03:37","guid":{"rendered":"https:\/\/franciscanos.org.br\/noticias\/?p=241571"},"modified":"2023-01-05T08:06:52","modified_gmt":"2023-01-05T11:06:52","slug":"centenario-franciscano-transmissao-ao-vivo-da-inauguracao-no-dia-7-de-janeiro","status":"publish","type":"post","link":"https:\/\/franciscanos.org.br\/noticias\/centenario-franciscano-transmissao-ao-vivo-da-inauguracao-no-dia-7-de-janeiro.html","title":{"rendered":"Centen\u00e1rio Franciscano: transmiss\u00e3o ao vivo da inaugura\u00e7\u00e3o no dia 7 de janeiro"},"content":{"rendered":"<p><img loading=\"lazy\" class=\"alignnone size-full wp-image-241572\" src=\"https:\/\/franciscanos.org.br\/noticias\/wp-content\/uploads\/2023\/01\/logo_centenario.jpg\" alt=\"\" width=\"1280\" height=\"720\" srcset=\"https:\/\/franciscanos.org.br\/noticias\/wp-content\/uploads\/2023\/01\/logo_centenario.jpg 1280w, https:\/\/franciscanos.org.br\/noticias\/wp-content\/uploads\/2023\/01\/logo_centenario-450x253.jpg 450w, https:\/\/franciscanos.org.br\/noticias\/wp-content\/uploads\/2023\/01\/logo_centenario-1024x576.jpg 1024w, https:\/\/franciscanos.org.br\/noticias\/wp-content\/uploads\/2023\/01\/logo_centenario-768x432.jpg 768w, https:\/\/franciscanos.org.br\/noticias\/wp-content\/uploads\/2023\/01\/logo_centenario-150x84.jpg 150w\" sizes=\"(max-width: 1280px) 100vw, 1280px\" \/><\/p>\n<p>O Centen\u00e1rio Franciscano ser\u00e1 inaugurado no s\u00e1bado, 7 de janeiro, \u00e0s 11h, em Greccio (RI), uma jornada repleta de eventos que a Fam\u00edlia franciscana organizou para celebrar, juntos, os 800 anos da P\u00e1scoa de S\u00e3o Francisco e os acontecimentos culminantes dos \u00faltimos anos de sua vida.<\/p>\n<p>O Centen\u00e1rio est\u00e1 dividido em 4 Centen\u00e1rios nos 4 anos, sendo poss\u00edvel refletir e contemplar a<strong> Regra e o Natal em Greccio<\/strong> (1223-2023), <strong>o dom dos Estigmas<\/strong> (1224-2024), o <strong>C\u00e2ntico das Criaturas<\/strong> (1225-2025) e a <strong>P\u00e1scoa de Francisco de Assis<\/strong> (1226-2026).<\/p>\n<p>Para a ocasi\u00e3o, a Fam\u00edlia Franciscana, por meio de uma Comiss\u00e3o da Assessoria de Comunica\u00e7\u00e3o, criou o site oficial <a href=\"http:\/\/www.centenarifrancescani.org\"><strong>www.centenarifrancescani.org<\/strong><\/a> para divulgar reflex\u00f5es, temas, documentos oficiais e not\u00edcias que dar\u00e3o as diretrizes para vivermos juntos este grande evento franciscano.<\/p>\n<p>Os Centen\u00e1rios inserem-se num \u00fanico projeto tem\u00e1tico, que se desenvolver\u00e1 gradualmente e harmoniosamente segundo a cronologia dos eventos celebrados.<br \/>\nOs temas-chave propostos para a celebra\u00e7\u00e3o dos Centen\u00e1rios ser\u00e3o considerados a partir de m\u00faltiplas perspectivas, presentes em cada celebra\u00e7\u00e3o, que se referem \u00e0 dimens\u00e3o teol\u00f3gica (nosso ser em Cristo), antropol\u00f3gica (nosso ser irm\u00e3os e irm\u00e3s), eclesiol\u00f3gica (nosso ser em comunh\u00e3o ) e sociol\u00f3gico (nosso ser no mundo).<\/p>\n<p>A celebra\u00e7\u00e3o dos Centen\u00e1rios torna-se uma ocasi\u00e3o prop\u00edcia para apoiar, como Fam\u00edlia Franciscana, a reforma eclesial que o Papa est\u00e1 realizando em seu pontificado.<br \/>\nAl\u00e9m disso, a celebra\u00e7\u00e3o dos Centen\u00e1rios tamb\u00e9m tem subs\u00eddios, o objetivo e a finalidade de direcionar resolutamente o nosso olhar para o futuro e fortalecer carismaticamente a nossa identidade franciscana.<\/p>\n<p>Os destinat\u00e1rios deste centen\u00e1rio s\u00e3o toda a Fam\u00edlia Franciscana e todos os homens e mulheres que se sentem interpelados pela figura de Francisco de Assis, pela sua vida e pela sua obra.<\/p>\n<hr \/>\n<p><em>Fonte: www.ofm.org<\/em><\/p>\n<p><iframe loading=\"lazy\" title=\"Trasmissione della liturgia dell&#039;inizio del primo Centenario 2023- Greccio\" width=\"500\" height=\"281\" src=\"https:\/\/www.youtube.com\/embed\/0t3r28Ay9pg?feature=oembed\" frameborder=\"0\" allow=\"accelerometer; autoplay; clipboard-write; encrypted-media; gyroscope; picture-in-picture; web-share\" allowfullscreen><\/iframe><\/p>\n","protected":false},"excerpt":{"rendered":"<p>Centen\u00e1rio Franciscano<\/p>\n","protected":false},"author":3,"featured_media":241572,"comment_status":"open","ping_status":"open","sticky":false,"template":"","format":"standard","meta":[],"categories":[1],"tags":[2070],"acf":[],"yoast_head":"<!-- This site is optimized with the Yoast SEO plugin v19.2 - https:\/\/yoast.com\/wordpress\/plugins\/seo\/ -->\n<title>Centen\u00e1rio Franciscano: transmiss\u00e3o ao vivo da inaugura\u00e7\u00e3o no dia 7 de janeiro - Not\u00edcias - Franciscanos<\/title>\n<meta name=\"robots\" content=\"index, follow, max-snippet:-1, max-image-preview:large, max-video-preview:-1\" \/>\n<link rel=\"canonical\" href=\"https:\/\/franciscanos.org.br\/noticias\/centenario-franciscano-transmissao-ao-vivo-da-inauguracao-no-dia-7-de-janeiro.html\" \/>\n<meta property=\"og:locale\" content=\"pt_BR\" \/>\n<meta property=\"og:type\" content=\"article\" \/>\n<meta property=\"og:title\" content=\"Centen\u00e1rio Franciscano: transmiss\u00e3o ao vivo da inaugura\u00e7\u00e3o no dia 7 de janeiro - Not\u00edcias - Franciscanos\" \/>\n<meta property=\"og:description\" content=\"Centen\u00e1rio Franciscano\" \/>\n<meta property=\"og:url\" content=\"https:\/\/franciscanos.org.br\/noticias\/centenario-franciscano-transmissao-ao-vivo-da-inauguracao-no-dia-7-de-janeiro.html\" \/>\n<meta property=\"og:site_name\" content=\"Not\u00edcias - Franciscanos\" \/>\n<meta property=\"article:published_time\" content=\"2023-01-05T11:03:37+00:00\" \/>\n<meta property=\"article:modified_time\" content=\"2023-01-05T11:06:52+00:00\" \/>\n<meta property=\"og:image\" content=\"https:\/\/franciscanos.org.br\/noticias\/wp-content\/uploads\/2023\/01\/logo_centenario.jpg\" \/>\n\t<meta property=\"og:image:width\" content=\"1280\" \/>\n\t<meta property=\"og:image:height\" content=\"720\" \/>\n\t<meta property=\"og:image:type\" content=\"image\/jpeg\" \/>\n<meta name=\"author\" content=\"moacir\" \/>\n<meta name=\"twitter:card\" content=\"summary_large_image\" \/>\n<meta name=\"twitter:label1\" content=\"Escrito por\" \/>\n\t<meta name=\"twitter:data1\" content=\"moacir\" \/>\n\t<meta name=\"twitter:label2\" content=\"Est. tempo de leitura\" \/>\n\t<meta name=\"twitter:data2\" content=\"2 minutos\" \/>\n<script type=\"application\/ld+json\" class=\"yoast-schema-graph\">{\"@context\":\"https:\/\/schema.org\",\"@graph\":[{\"@type\":\"WebSite\",\"@id\":\"https:\/\/franciscanos.org.br\/noticias\/#website\",\"url\":\"https:\/\/franciscanos.org.br\/noticias\/\",\"name\":\"Not\u00edcias - Franciscanos\",\"description\":\"Prov\u00edncia Franciscana da Imaculada Concei\u00e7\u00e3o do Brasil - Ordem dos Frades Menores - OFM\",\"potentialAction\":[{\"@type\":\"SearchAction\",\"target\":{\"@type\":\"EntryPoint\",\"urlTemplate\":\"https:\/\/franciscanos.org.br\/noticias\/?s={search_term_string}\"},\"query-input\":\"required name=search_term_string\"}],\"inLanguage\":\"pt-BR\"},{\"@type\":\"ImageObject\",\"inLanguage\":\"pt-BR\",\"@id\":\"https:\/\/franciscanos.org.br\/noticias\/centenario-franciscano-transmissao-ao-vivo-da-inauguracao-no-dia-7-de-janeiro.html#primaryimage\",\"url\":\"https:\/\/franciscanos.org.br\/noticias\/wp-content\/uploads\/2023\/01\/logo_centenario.jpg\",\"contentUrl\":\"https:\/\/franciscanos.org.br\/noticias\/wp-content\/uploads\/2023\/01\/logo_centenario.jpg\",\"width\":1280,\"height\":720},{\"@type\":\"WebPage\",\"@id\":\"https:\/\/franciscanos.org.br\/noticias\/centenario-franciscano-transmissao-ao-vivo-da-inauguracao-no-dia-7-de-janeiro.html#webpage\",\"url\":\"https:\/\/franciscanos.org.br\/noticias\/centenario-franciscano-transmissao-ao-vivo-da-inauguracao-no-dia-7-de-janeiro.html\",\"name\":\"Centen\u00e1rio Franciscano: transmiss\u00e3o ao vivo da inaugura\u00e7\u00e3o no dia 7 de janeiro - Not\u00edcias - Franciscanos\",\"isPartOf\":{\"@id\":\"https:\/\/franciscanos.org.br\/noticias\/#website\"},\"primaryImageOfPage\":{\"@id\":\"https:\/\/franciscanos.org.br\/noticias\/centenario-franciscano-transmissao-ao-vivo-da-inauguracao-no-dia-7-de-janeiro.html#primaryimage\"},\"datePublished\":\"2023-01-05T11:03:37+00:00\",\"dateModified\":\"2023-01-05T11:06:52+00:00\",\"author\":{\"@id\":\"https:\/\/franciscanos.org.br\/noticias\/#\/schema\/person\/b5c8cba458c330ccff548b056e95a5d4\"},\"breadcrumb\":{\"@id\":\"https:\/\/franciscanos.org.br\/noticias\/centenario-franciscano-transmissao-ao-vivo-da-inauguracao-no-dia-7-de-janeiro.html#breadcrumb\"},\"inLanguage\":\"pt-BR\",\"potentialAction\":[{\"@type\":\"ReadAction\",\"target\":[\"https:\/\/franciscanos.org.br\/noticias\/centenario-franciscano-transmissao-ao-vivo-da-inauguracao-no-dia-7-de-janeiro.html\"]}]},{\"@type\":\"BreadcrumbList\",\"@id\":\"https:\/\/franciscanos.org.br\/noticias\/centenario-franciscano-transmissao-ao-vivo-da-inauguracao-no-dia-7-de-janeiro.html#breadcrumb\",\"itemListElement\":[{\"@type\":\"ListItem\",\"position\":1,\"name\":\"Home\",\"item\":\"https:\/\/franciscanos.org.br\/noticias\"},{\"@type\":\"ListItem\",\"position\":2,\"name\":\"Centen\u00e1rio Franciscano: transmiss\u00e3o ao vivo da inaugura\u00e7\u00e3o no dia 7 de janeiro\"}]},{\"@type\":\"Person\",\"@id\":\"https:\/\/franciscanos.org.br\/noticias\/#\/schema\/person\/b5c8cba458c330ccff548b056e95a5d4\",\"name\":\"moacir\",\"image\":{\"@type\":\"ImageObject\",\"inLanguage\":\"pt-BR\",\"@id\":\"https:\/\/franciscanos.org.br\/noticias\/#\/schema\/person\/image\/\",\"url\":\"https:\/\/secure.gravatar.com\/avatar\/d08aa2ce4c8dd416d4479aa8536fcf64?s=96&d=mm&r=g\",\"contentUrl\":\"https:\/\/secure.gravatar.com\/avatar\/d08aa2ce4c8dd416d4479aa8536fcf64?s=96&d=mm&r=g\",\"caption\":\"moacir\"},\"url\":\"https:\/\/franciscanos.org.br\/noticias\/author\/moacir\"}]}<\/script>\n<!-- \/ Yoast SEO plugin. -->","yoast_head_json":{"title":"Centen\u00e1rio Franciscano: transmiss\u00e3o ao vivo da inaugura\u00e7\u00e3o no dia 7 de janeiro - Not\u00edcias - Franciscanos","robots":{"index":"index","follow":"follow","max-snippet":"max-snippet:-1","max-image-preview":"max-image-preview:large","max-video-preview":"max-video-preview:-1"},"canonical":"https:\/\/franciscanos.org.br\/noticias\/centenario-franciscano-transmissao-ao-vivo-da-inauguracao-no-dia-7-de-janeiro.html","og_locale":"pt_BR","og_type":"article","og_title":"Centen\u00e1rio Franciscano: transmiss\u00e3o ao vivo da inaugura\u00e7\u00e3o no dia 7 de janeiro - Not\u00edcias - Franciscanos","og_description":"Centen\u00e1rio Franciscano","og_url":"https:\/\/franciscanos.org.br\/noticias\/centenario-franciscano-transmissao-ao-vivo-da-inauguracao-no-dia-7-de-janeiro.html","og_site_name":"Not\u00edcias - Franciscanos","article_published_time":"2023-01-05T11:03:37+00:00","article_modified_time":"2023-01-05T11:06:52+00:00","og_image":[{"width":1280,"height":720,"url":"https:\/\/franciscanos.org.br\/noticias\/wp-content\/uploads\/2023\/01\/logo_centenario.jpg","type":"image\/jpeg"}],"author":"moacir","twitter_card":"summary_large_image","twitter_misc":{"Escrito por":"moacir","Est. tempo de leitura":"2 minutos"},"schema":{"@context":"https:\/\/schema.org","@graph":[{"@type":"WebSite","@id":"https:\/\/franciscanos.org.br\/noticias\/#website","url":"https:\/\/franciscanos.org.br\/noticias\/","name":"Not\u00edcias - Franciscanos","description":"Prov\u00edncia Franciscana da Imaculada Concei\u00e7\u00e3o do Brasil - Ordem dos Frades Menores - OFM","potentialAction":[{"@type":"SearchAction","target":{"@type":"EntryPoint","urlTemplate":"https:\/\/franciscanos.org.br\/noticias\/?s={search_term_string}"},"query-input":"required name=search_term_string"}],"inLanguage":"pt-BR"},{"@type":"ImageObject","inLanguage":"pt-BR","@id":"https:\/\/franciscanos.org.br\/noticias\/centenario-franciscano-transmissao-ao-vivo-da-inauguracao-no-dia-7-de-janeiro.html#primaryimage","url":"https:\/\/franciscanos.org.br\/noticias\/wp-content\/uploads\/2023\/01\/logo_centenario.jpg","contentUrl":"https:\/\/franciscanos.org.br\/noticias\/wp-content\/uploads\/2023\/01\/logo_centenario.jpg","width":1280,"height":720},{"@type":"WebPage","@id":"https:\/\/franciscanos.org.br\/noticias\/centenario-franciscano-transmissao-ao-vivo-da-inauguracao-no-dia-7-de-janeiro.html#webpage","url":"https:\/\/franciscanos.org.br\/noticias\/centenario-franciscano-transmissao-ao-vivo-da-inauguracao-no-dia-7-de-janeiro.html","name":"Centen\u00e1rio Franciscano: transmiss\u00e3o ao vivo da inaugura\u00e7\u00e3o no dia 7 de janeiro - Not\u00edcias - Franciscanos","isPartOf":{"@id":"https:\/\/franciscanos.org.br\/noticias\/#website"},"primaryImageOfPage":{"@id":"https:\/\/franciscanos.org.br\/noticias\/centenario-franciscano-transmissao-ao-vivo-da-inauguracao-no-dia-7-de-janeiro.html#primaryimage"},"datePublished":"2023-01-05T11:03:37+00:00","dateModified":"2023-01-05T11:06:52+00:00","author":{"@id":"https:\/\/franciscanos.org.br\/noticias\/#\/schema\/person\/b5c8cba458c330ccff548b056e95a5d4"},"breadcrumb":{"@id":"https:\/\/franciscanos.org.br\/noticias\/centenario-franciscano-transmissao-ao-vivo-da-inauguracao-no-dia-7-de-janeiro.html#breadcrumb"},"inLanguage":"pt-BR","potentialAction":[{"@type":"ReadAction","target":["https:\/\/franciscanos.org.br\/noticias\/centenario-franciscano-transmissao-ao-vivo-da-inauguracao-no-dia-7-de-janeiro.html"]}]},{"@type":"BreadcrumbList","@id":"https:\/\/franciscanos.org.br\/noticias\/centenario-franciscano-transmissao-ao-vivo-da-inauguracao-no-dia-7-de-janeiro.html#breadcrumb","itemListElement":[{"@type":"ListItem","position":1,"name":"Home","item":"https:\/\/franciscanos.org.br\/noticias"},{"@type":"ListItem","position":2,"name":"Centen\u00e1rio Franciscano: transmiss\u00e3o ao vivo da inaugura\u00e7\u00e3o no dia 7 de janeiro"}]},{"@type":"Person","@id":"https:\/\/franciscanos.org.br\/noticias\/#\/schema\/person\/b5c8cba458c330ccff548b056e95a5d4","name":"moacir","image":{"@type":"ImageObject","inLanguage":"pt-BR","@id":"https:\/\/franciscanos.org.br\/noticias\/#\/schema\/person\/image\/","url":"https:\/\/secure.gravatar.com\/avatar\/d08aa2ce4c8dd416d4479aa8536fcf64?s=96&d=mm&r=g","contentUrl":"https:\/\/secure.gravatar.com\/avatar\/d08aa2ce4c8dd416d4479aa8536fcf64?s=96&d=mm&r=g","caption":"moacir"},"url":"https:\/\/franciscanos.org.br\/noticias\/author\/moacir"}]}},"_links":{"self":[{"href":"https:\/\/franciscanos.org.br\/noticias\/wp-json\/wp\/v2\/posts\/241571"}],"collection":[{"href":"https:\/\/franciscanos.org.br\/noticias\/wp-json\/wp\/v2\/posts"}],"about":[{"href":"https:\/\/franciscanos.org.br\/noticias\/wp-json\/wp\/v2\/types\/post"}],"author":[{"embeddable":true,"href":"https:\/\/franciscanos.org.br\/noticias\/wp-json\/wp\/v2\/users\/3"}],"replies":[{"embeddable":true,"href":"https:\/\/franciscanos.org.br\/noticias\/wp-json\/wp\/v2\/comments?post=241571"}],"version-history":[{"count":4,"href":"https:\/\/franciscanos.org.br\/noticias\/wp-json\/wp\/v2\/posts\/241571\/revisions"}],"predecessor-version":[{"id":241576,"href":"https:\/\/franciscanos.org.br\/noticias\/wp-json\/wp\/v2\/posts\/241571\/revisions\/241576"}],"wp:featuredmedia":[{"embeddable":true,"href":"https:\/\/franciscanos.org.br\/noticias\/wp-json\/wp\/v2\/media\/241572"}],"wp:attachment":[{"href":"https:\/\/franciscanos.org.br\/noticias\/wp-json\/wp\/v2\/media?parent=241571"}],"wp:term":[{"taxonomy":"category","embeddable":true,"href":"https:\/\/franciscanos.org.br\/noticias\/wp-json\/wp\/v2\/categories?post=241571"},{"taxonomy":"post_tag","embeddable":true,"href":"https:\/\/franciscanos.org.br\/noticias\/wp-json\/wp\/v2\/tags?post=241571"}],"curies":[{"name":"wp","href":"https:\/\/api.w.org\/{rel}","templated":true}]}}