{"id":24156,"date":"2012-09-18T14:35:31","date_gmt":"2012-09-18T17:35:31","guid":{"rendered":"http:\/\/new.franciscanos.org.br\/?p=24156"},"modified":"2020-11-09T16:38:16","modified_gmt":"2020-11-09T19:38:16","slug":"fraternidade-santo-antonio-de-duque-de-caxias-celebra-as-chagas-de-sao-francisco","status":"publish","type":"post","link":"https:\/\/franciscanos.org.br\/noticias\/fraternidade-santo-antonio-de-duque-de-caxias-celebra-as-chagas-de-sao-francisco.html","title":{"rendered":"Fraternidade Santo Ant\u00f4nio de Duque de Caxias celebra as Chagas de S\u00e3o Francisco"},"content":{"rendered":"<p><strong><img loading=\"lazy\" class=\"alignright size-full wp-image-24157\" title=\"3373_180912\" src=\"http:\/\/franciscanos.org.br\/wp-content\/uploads\/2012\/09\/3373_180912.jpg\" alt=\"\" width=\"400\" height=\"300\" \/><\/strong>A Fraternidade Santo Ant\u00f4nio de Duque de Caxias (RJ), da Ordem Franciscana Secular (OFS), celebrou com muita f\u00e9 e devo\u00e7\u00e3o na Catedral de Santo Ant\u00f4nio, as Chagas de S\u00e3o Francisco, presidida pela ministra local, Aline Milani, que contou ainda com a participa\u00e7\u00e3o dos mini-franciscanos da Fraternidade Mensageiros de S\u00e3o Francisco. Conforme nos dizem os bi\u00f3grafos de S\u00e3o Francisco, foi \u00e0 altura da Festa da Exalta\u00e7\u00e3o da Santa Cruz, dia 14 de setembro de 1224, que S\u00e3o Francisco recebeu no Monte Alverne os estigmas do Senhor.<\/p>\n<p>O Monte Alverne foi o Calv\u00e1rio na vida de S\u00e3o Francisco. Dentro de nove ou dez anos (1214\/15 \u2013 1224) ele o subiu seis vezes, a fim de contemplar na absoluta solid\u00e3o a sagrada Paix\u00e3o de Cristo. Desde muito cedo, logo depois de sua convers\u00e3o, na pequena capela de S\u00e3o Pedro Dami\u00e3o, Francisco j\u00e1 come\u00e7ou a inflamar-se de devo\u00e7\u00e3o pela Paix\u00e3o de Cristo.<\/p>\n<p>Francisco n\u00e3o apenas meditava na Paix\u00e3o e Morte de Jesus Cristo, mas pediu corajosamente sofrer como Cristo sofreu para poder amar como Cristo amou. Pelo fim de sua vida, no Monte Alverne, Francisco j\u00e1 amadurecera na sabedoria da Cruz. Na manh\u00e3 de 14 de setembro de 1224 ele fez a prece que representava o mais \u00edntimo abra\u00e7o com Jesus Cristo: \u201c\u00d3 Senhor meu Jesus Cristo, duas gra\u00e7as te pe\u00e7o que me fa\u00e7as antes que eu morra: a primeira \u00e9 que em vida eu sinta na alma e no corpo, quanto for poss\u00edvel, aquelas dores que tu, doce Jesus, suportastes na hora de tua acerb\u00edssima paix\u00e3o; a segunda \u00e9 que eu sinta no meu cora\u00e7\u00e3o, quanto for poss\u00edvel, aquele excessivo amor do qual tu, Filho de Deus, estavas inflamado para voluntariamente suportar uma tal paix\u00e3o por n\u00f3s pecadores\u201d.<\/p>\n<p>Fora na Cruz que S\u00e3o Francisco encontrou a raz\u00e3o de toda a sua vida, pois intu\u00edra que nela se concentrava todo o amor de Deus pelos homens. E em seu amor pelo Cristo quis Francisco sofrer os mesmos tormentos.<\/p>\n<p>Francisco fixava continuamente seu olhar no rosto de Cristo; mantinha-se sempre em presen\u00e7a do Homem das Dores, que experimentou todas as nossas fraquezas. Dizia S\u00e3o Francisco: \u201cS\u00f3 conhe\u00e7o o Cristo pobre e crucificado\u201d. Nada tinha de que se gloriar, a n\u00e3o ser a Cruz de Nosso Senhor Jesus Cristo, por quem o mundo tinha sido crucificado para ele e ele para o mundo.<\/p>\n<p>Como recompensa desta devo\u00e7\u00e3o, muito viva e profunda, ele mereceu a gra\u00e7a de receber as cinco chagas de Cristo, impressas em seu corpo. Francisco quis viver como vivia Cristo, morrer como Ele morreu. E assim mereceu a honra de ver impressa em seu corpo t\u00e3o perfeita semelhan\u00e7a com Ele.<\/p>\n<p>S\u00e3o Francisco, o santo dos pobres e das criaturas, o santo do amor infinito por todos, o pequeno e simples, o humilde e servo de todos, \u00e9 o Santo das chagas. Chagas que brotam do amor pelo Cristo Crucificado; chagas que s\u00e3o sinais da transforma\u00e7\u00e3o viva de S\u00e3o Francisco.<\/p>\n<p><strong>Narra\u00e7\u00e3o do evento da estigmatiza\u00e7\u00e3o, segundo S\u00e3o Boaventura, LM 13,3<\/strong><\/p>\n<p><em>\u201cComo estivesse arrebatado em Deus por ser\u00e1ficos ardores dos desejos e por compassiva do\u00e7ura se transformasse naquele que por excessiva caridade quis ser crucificado, numa manh\u00e3, na proximidade da Festa da Exalta\u00e7\u00e3o da Santa Cruz, enquanto rezava num lado do monte, viu um Serafim que tinha seis asas t\u00e3o inflamadas qu\u00e3o espl\u00eandidas a descer da sublimidade dos c\u00e9us. E como tivesse chegado em v\u00f4o rapid\u00edssimo a um lugar no ar pr\u00f3ximo do homem de Deus, apareceu entre as asas a imagem de um homem crucificado que tinha as m\u00e3os em forma de cruz e os p\u00e9s estendidos e pregados na cruz. Duas asas se elevavam sobre a cabe\u00e7a dele, duas se estendiam para voar e duas cobriam todo o corpo. Vendo isto, ficou profundamente estupefato, e o cora\u00e7\u00e3o experimentou alegria misturada com tristeza. De fato, alegrava-se no aspecto gracioso com que percebia que era olhado por Cristo sob a forma de Serafim, mas a crucifix\u00e3o transpassava a sua alma com a espada de compassiva dor. Admirava-se sobremaneira da forma de t\u00e3o imperscrut\u00e1vel vis\u00e3o, sabendo que a dor da paix\u00e3o n\u00e3o convinha de modo algum \u00e0 imortalidade do esp\u00edrito. Finalmente, compreendeu a partir disto, revelando-o Deus, que tal vis\u00e3o fora assim apresentada diante dele pela divina provid\u00eancia para que o amigo de Cristo conhecesse de antem\u00e3o que deveria transformar-se todo na semelhan\u00e7a de Cristo crucificado n\u00e3o pelo mart\u00edrio da carne, mas pelo inc\u00eandio do esp\u00edrito. Desaparecendo, ent\u00e3o, a vis\u00e3o, deixou no cora\u00e7\u00e3o dele um admir\u00e1vel ardor, mas tamb\u00e9m na carne imprimiu a n\u00e3o menos admir\u00e1vel imagem dos sinais. Pois imediatamente come\u00e7aram a aparecer nas m\u00e3os e nos p\u00e9s dele os sinais dos cravos, do mesmo modo como vira pouco antes naquela figura de homem crucificado. As m\u00e3os e os p\u00e9s pareciam bem no meio traspassados pelos cravos, aparecendo as cabe\u00e7as dos cravos na parte interior das m\u00e3os e na parte superior dos p\u00e9s, e as pontas deles saindo da parte contr\u00e1ria; e as cabe\u00e7as dos cravos nas m\u00e3os e nos p\u00e9s eram redondas e negras, e as pontas eram longas, retorcidas e como que rebatidas, as quais, surgindo da pr\u00f3pria carne, saiam como excresc\u00eancia da carne restante. Tamb\u00e9m o lado direito, como que traspassado por uma lan\u00e7a, era coberto por uma cicatriz vermelha e muitas vezes derramando sangue, manchava a t\u00fanica e os cal\u00e7\u00f5es\u201d.<\/em><\/p>\n","protected":false},"excerpt":{"rendered":"<p>OFS<\/p>\n","protected":false},"author":1,"featured_media":213321,"comment_status":"closed","ping_status":"open","sticky":false,"template":"","format":"standard","meta":[],"categories":[1],"tags":[60],"acf":[],"yoast_head":"<!-- This site is optimized with the Yoast SEO plugin v19.2 - https:\/\/yoast.com\/wordpress\/plugins\/seo\/ -->\n<title>Fraternidade Santo Ant\u00f4nio de Duque de Caxias celebra as Chagas de S\u00e3o Francisco - Not\u00edcias - Franciscanos<\/title>\n<meta name=\"robots\" content=\"index, follow, max-snippet:-1, max-image-preview:large, max-video-preview:-1\" \/>\n<link rel=\"canonical\" href=\"https:\/\/franciscanos.org.br\/noticias\/fraternidade-santo-antonio-de-duque-de-caxias-celebra-as-chagas-de-sao-francisco.html\" \/>\n<meta property=\"og:locale\" content=\"pt_BR\" \/>\n<meta property=\"og:type\" content=\"article\" \/>\n<meta property=\"og:title\" content=\"Fraternidade Santo Ant\u00f4nio de Duque de Caxias celebra as Chagas de S\u00e3o Francisco - Not\u00edcias - Franciscanos\" \/>\n<meta property=\"og:description\" content=\"OFS\" \/>\n<meta property=\"og:url\" content=\"https:\/\/franciscanos.org.br\/noticias\/fraternidade-santo-antonio-de-duque-de-caxias-celebra-as-chagas-de-sao-francisco.html\" \/>\n<meta property=\"og:site_name\" content=\"Not\u00edcias - Franciscanos\" \/>\n<meta property=\"article:published_time\" content=\"2012-09-18T17:35:31+00:00\" \/>\n<meta property=\"article:modified_time\" content=\"2020-11-09T19:38:16+00:00\" \/>\n<meta property=\"og:image\" content=\"https:\/\/franciscanos.org.br\/noticias\/wp-content\/uploads\/2012\/09\/3373_180912.jpg\" \/>\n\t<meta property=\"og:image:width\" content=\"273\" \/>\n\t<meta property=\"og:image:height\" content=\"181\" \/>\n\t<meta property=\"og:image:type\" content=\"image\/jpeg\" \/>\n<meta name=\"author\" content=\"admin\" \/>\n<meta name=\"twitter:card\" content=\"summary_large_image\" \/>\n<meta name=\"twitter:label1\" content=\"Escrito por\" \/>\n\t<meta name=\"twitter:data1\" content=\"admin\" \/>\n\t<meta name=\"twitter:label2\" content=\"Est. tempo de leitura\" \/>\n\t<meta name=\"twitter:data2\" content=\"5 minutos\" \/>\n<script type=\"application\/ld+json\" class=\"yoast-schema-graph\">{\"@context\":\"https:\/\/schema.org\",\"@graph\":[{\"@type\":\"WebSite\",\"@id\":\"https:\/\/franciscanos.org.br\/noticias\/#website\",\"url\":\"https:\/\/franciscanos.org.br\/noticias\/\",\"name\":\"Not\u00edcias - Franciscanos\",\"description\":\"Prov\u00edncia Franciscana da Imaculada Concei\u00e7\u00e3o do Brasil - Ordem dos Frades Menores - OFM\",\"potentialAction\":[{\"@type\":\"SearchAction\",\"target\":{\"@type\":\"EntryPoint\",\"urlTemplate\":\"https:\/\/franciscanos.org.br\/noticias\/?s={search_term_string}\"},\"query-input\":\"required name=search_term_string\"}],\"inLanguage\":\"pt-BR\"},{\"@type\":\"ImageObject\",\"inLanguage\":\"pt-BR\",\"@id\":\"https:\/\/franciscanos.org.br\/noticias\/fraternidade-santo-antonio-de-duque-de-caxias-celebra-as-chagas-de-sao-francisco.html#primaryimage\",\"url\":\"https:\/\/franciscanos.org.br\/noticias\/wp-content\/uploads\/2012\/09\/3373_180912.jpg\",\"contentUrl\":\"https:\/\/franciscanos.org.br\/noticias\/wp-content\/uploads\/2012\/09\/3373_180912.jpg\",\"width\":273,\"height\":181},{\"@type\":\"WebPage\",\"@id\":\"https:\/\/franciscanos.org.br\/noticias\/fraternidade-santo-antonio-de-duque-de-caxias-celebra-as-chagas-de-sao-francisco.html#webpage\",\"url\":\"https:\/\/franciscanos.org.br\/noticias\/fraternidade-santo-antonio-de-duque-de-caxias-celebra-as-chagas-de-sao-francisco.html\",\"name\":\"Fraternidade Santo Ant\u00f4nio de Duque de Caxias celebra as Chagas de S\u00e3o Francisco - Not\u00edcias - Franciscanos\",\"isPartOf\":{\"@id\":\"https:\/\/franciscanos.org.br\/noticias\/#website\"},\"primaryImageOfPage\":{\"@id\":\"https:\/\/franciscanos.org.br\/noticias\/fraternidade-santo-antonio-de-duque-de-caxias-celebra-as-chagas-de-sao-francisco.html#primaryimage\"},\"datePublished\":\"2012-09-18T17:35:31+00:00\",\"dateModified\":\"2020-11-09T19:38:16+00:00\",\"author\":{\"@id\":\"https:\/\/franciscanos.org.br\/noticias\/#\/schema\/person\/b38fbf43118f02820bd932f2e4b14ad3\"},\"breadcrumb\":{\"@id\":\"https:\/\/franciscanos.org.br\/noticias\/fraternidade-santo-antonio-de-duque-de-caxias-celebra-as-chagas-de-sao-francisco.html#breadcrumb\"},\"inLanguage\":\"pt-BR\",\"potentialAction\":[{\"@type\":\"ReadAction\",\"target\":[\"https:\/\/franciscanos.org.br\/noticias\/fraternidade-santo-antonio-de-duque-de-caxias-celebra-as-chagas-de-sao-francisco.html\"]}]},{\"@type\":\"BreadcrumbList\",\"@id\":\"https:\/\/franciscanos.org.br\/noticias\/fraternidade-santo-antonio-de-duque-de-caxias-celebra-as-chagas-de-sao-francisco.html#breadcrumb\",\"itemListElement\":[{\"@type\":\"ListItem\",\"position\":1,\"name\":\"Home\",\"item\":\"https:\/\/franciscanos.org.br\/noticias\"},{\"@type\":\"ListItem\",\"position\":2,\"name\":\"Fraternidade Santo Ant\u00f4nio de Duque de Caxias celebra as Chagas de S\u00e3o Francisco\"}]},{\"@type\":\"Person\",\"@id\":\"https:\/\/franciscanos.org.br\/noticias\/#\/schema\/person\/b38fbf43118f02820bd932f2e4b14ad3\",\"name\":\"admin\",\"image\":{\"@type\":\"ImageObject\",\"inLanguage\":\"pt-BR\",\"@id\":\"https:\/\/franciscanos.org.br\/noticias\/#\/schema\/person\/image\/\",\"url\":\"https:\/\/secure.gravatar.com\/avatar\/e8495742d34d0ba6448ea1c628263b3e?s=96&d=mm&r=g\",\"contentUrl\":\"https:\/\/secure.gravatar.com\/avatar\/e8495742d34d0ba6448ea1c628263b3e?s=96&d=mm&r=g\",\"caption\":\"admin\"},\"url\":\"https:\/\/franciscanos.org.br\/noticias\/author\/admin\"}]}<\/script>\n<!-- \/ Yoast SEO plugin. -->","yoast_head_json":{"title":"Fraternidade Santo Ant\u00f4nio de Duque de Caxias celebra as Chagas de S\u00e3o Francisco - Not\u00edcias - Franciscanos","robots":{"index":"index","follow":"follow","max-snippet":"max-snippet:-1","max-image-preview":"max-image-preview:large","max-video-preview":"max-video-preview:-1"},"canonical":"https:\/\/franciscanos.org.br\/noticias\/fraternidade-santo-antonio-de-duque-de-caxias-celebra-as-chagas-de-sao-francisco.html","og_locale":"pt_BR","og_type":"article","og_title":"Fraternidade Santo Ant\u00f4nio de Duque de Caxias celebra as Chagas de S\u00e3o Francisco - Not\u00edcias - Franciscanos","og_description":"OFS","og_url":"https:\/\/franciscanos.org.br\/noticias\/fraternidade-santo-antonio-de-duque-de-caxias-celebra-as-chagas-de-sao-francisco.html","og_site_name":"Not\u00edcias - Franciscanos","article_published_time":"2012-09-18T17:35:31+00:00","article_modified_time":"2020-11-09T19:38:16+00:00","og_image":[{"width":273,"height":181,"url":"https:\/\/franciscanos.org.br\/noticias\/wp-content\/uploads\/2012\/09\/3373_180912.jpg","type":"image\/jpeg"}],"author":"admin","twitter_card":"summary_large_image","twitter_misc":{"Escrito por":"admin","Est. tempo de leitura":"5 minutos"},"schema":{"@context":"https:\/\/schema.org","@graph":[{"@type":"WebSite","@id":"https:\/\/franciscanos.org.br\/noticias\/#website","url":"https:\/\/franciscanos.org.br\/noticias\/","name":"Not\u00edcias - Franciscanos","description":"Prov\u00edncia Franciscana da Imaculada Concei\u00e7\u00e3o do Brasil - Ordem dos Frades Menores - OFM","potentialAction":[{"@type":"SearchAction","target":{"@type":"EntryPoint","urlTemplate":"https:\/\/franciscanos.org.br\/noticias\/?s={search_term_string}"},"query-input":"required name=search_term_string"}],"inLanguage":"pt-BR"},{"@type":"ImageObject","inLanguage":"pt-BR","@id":"https:\/\/franciscanos.org.br\/noticias\/fraternidade-santo-antonio-de-duque-de-caxias-celebra-as-chagas-de-sao-francisco.html#primaryimage","url":"https:\/\/franciscanos.org.br\/noticias\/wp-content\/uploads\/2012\/09\/3373_180912.jpg","contentUrl":"https:\/\/franciscanos.org.br\/noticias\/wp-content\/uploads\/2012\/09\/3373_180912.jpg","width":273,"height":181},{"@type":"WebPage","@id":"https:\/\/franciscanos.org.br\/noticias\/fraternidade-santo-antonio-de-duque-de-caxias-celebra-as-chagas-de-sao-francisco.html#webpage","url":"https:\/\/franciscanos.org.br\/noticias\/fraternidade-santo-antonio-de-duque-de-caxias-celebra-as-chagas-de-sao-francisco.html","name":"Fraternidade Santo Ant\u00f4nio de Duque de Caxias celebra as Chagas de S\u00e3o Francisco - Not\u00edcias - Franciscanos","isPartOf":{"@id":"https:\/\/franciscanos.org.br\/noticias\/#website"},"primaryImageOfPage":{"@id":"https:\/\/franciscanos.org.br\/noticias\/fraternidade-santo-antonio-de-duque-de-caxias-celebra-as-chagas-de-sao-francisco.html#primaryimage"},"datePublished":"2012-09-18T17:35:31+00:00","dateModified":"2020-11-09T19:38:16+00:00","author":{"@id":"https:\/\/franciscanos.org.br\/noticias\/#\/schema\/person\/b38fbf43118f02820bd932f2e4b14ad3"},"breadcrumb":{"@id":"https:\/\/franciscanos.org.br\/noticias\/fraternidade-santo-antonio-de-duque-de-caxias-celebra-as-chagas-de-sao-francisco.html#breadcrumb"},"inLanguage":"pt-BR","potentialAction":[{"@type":"ReadAction","target":["https:\/\/franciscanos.org.br\/noticias\/fraternidade-santo-antonio-de-duque-de-caxias-celebra-as-chagas-de-sao-francisco.html"]}]},{"@type":"BreadcrumbList","@id":"https:\/\/franciscanos.org.br\/noticias\/fraternidade-santo-antonio-de-duque-de-caxias-celebra-as-chagas-de-sao-francisco.html#breadcrumb","itemListElement":[{"@type":"ListItem","position":1,"name":"Home","item":"https:\/\/franciscanos.org.br\/noticias"},{"@type":"ListItem","position":2,"name":"Fraternidade Santo Ant\u00f4nio de Duque de Caxias celebra as Chagas de S\u00e3o Francisco"}]},{"@type":"Person","@id":"https:\/\/franciscanos.org.br\/noticias\/#\/schema\/person\/b38fbf43118f02820bd932f2e4b14ad3","name":"admin","image":{"@type":"ImageObject","inLanguage":"pt-BR","@id":"https:\/\/franciscanos.org.br\/noticias\/#\/schema\/person\/image\/","url":"https:\/\/secure.gravatar.com\/avatar\/e8495742d34d0ba6448ea1c628263b3e?s=96&d=mm&r=g","contentUrl":"https:\/\/secure.gravatar.com\/avatar\/e8495742d34d0ba6448ea1c628263b3e?s=96&d=mm&r=g","caption":"admin"},"url":"https:\/\/franciscanos.org.br\/noticias\/author\/admin"}]}},"_links":{"self":[{"href":"https:\/\/franciscanos.org.br\/noticias\/wp-json\/wp\/v2\/posts\/24156"}],"collection":[{"href":"https:\/\/franciscanos.org.br\/noticias\/wp-json\/wp\/v2\/posts"}],"about":[{"href":"https:\/\/franciscanos.org.br\/noticias\/wp-json\/wp\/v2\/types\/post"}],"author":[{"embeddable":true,"href":"https:\/\/franciscanos.org.br\/noticias\/wp-json\/wp\/v2\/users\/1"}],"replies":[{"embeddable":true,"href":"https:\/\/franciscanos.org.br\/noticias\/wp-json\/wp\/v2\/comments?post=24156"}],"version-history":[{"count":1,"href":"https:\/\/franciscanos.org.br\/noticias\/wp-json\/wp\/v2\/posts\/24156\/revisions"}],"predecessor-version":[{"id":229159,"href":"https:\/\/franciscanos.org.br\/noticias\/wp-json\/wp\/v2\/posts\/24156\/revisions\/229159"}],"wp:featuredmedia":[{"embeddable":true,"href":"https:\/\/franciscanos.org.br\/noticias\/wp-json\/wp\/v2\/media\/213321"}],"wp:attachment":[{"href":"https:\/\/franciscanos.org.br\/noticias\/wp-json\/wp\/v2\/media?parent=24156"}],"wp:term":[{"taxonomy":"category","embeddable":true,"href":"https:\/\/franciscanos.org.br\/noticias\/wp-json\/wp\/v2\/categories?post=24156"},{"taxonomy":"post_tag","embeddable":true,"href":"https:\/\/franciscanos.org.br\/noticias\/wp-json\/wp\/v2\/tags?post=24156"}],"curies":[{"name":"wp","href":"https:\/\/api.w.org\/{rel}","templated":true}]}}