{"id":241435,"date":"2022-12-28T08:19:22","date_gmt":"2022-12-28T11:19:22","guid":{"rendered":"https:\/\/franciscanos.org.br\/noticias\/?p=241435"},"modified":"2022-12-31T12:42:43","modified_gmt":"2022-12-31T15:42:43","slug":"papa-rezemos-por-bento-xvi-ele-esta-doente-e-no-silencio-apoia-a-igreja","status":"publish","type":"post","link":"https:\/\/franciscanos.org.br\/noticias\/papa-rezemos-por-bento-xvi-ele-esta-doente-e-no-silencio-apoia-a-igreja.html","title":{"rendered":"Papa: rezemos por Bento XVI, ele est\u00e1 doente e no sil\u00eancio apoia a Igreja"},"content":{"rendered":"<div id=\"attachment_241436\" style=\"width: 1510px\" class=\"wp-caption alignnone\"><img aria-describedby=\"caption-attachment-241436\" loading=\"lazy\" class=\"wp-image-241436 size-full\" src=\"https:\/\/franciscanos.org.br\/noticias\/wp-content\/uploads\/2022\/12\/papa_28.jpeg\" alt=\"\" width=\"1500\" height=\"844\" srcset=\"https:\/\/franciscanos.org.br\/noticias\/wp-content\/uploads\/2022\/12\/papa_28.jpeg 1500w, https:\/\/franciscanos.org.br\/noticias\/wp-content\/uploads\/2022\/12\/papa_28-450x253.jpeg 450w, https:\/\/franciscanos.org.br\/noticias\/wp-content\/uploads\/2022\/12\/papa_28-1024x576.jpeg 1024w, https:\/\/franciscanos.org.br\/noticias\/wp-content\/uploads\/2022\/12\/papa_28-768x432.jpeg 768w, https:\/\/franciscanos.org.br\/noticias\/wp-content\/uploads\/2022\/12\/papa_28-150x84.jpeg 150w\" sizes=\"(max-width: 1500px) 100vw, 1500px\" \/><p id=\"caption-attachment-241436\" class=\"wp-caption-text\">\u00a0 \u00a0 \u00a0 \u00a0 \u00a0 \u00a0 \u00a0 \u00a0 \u00a0 \u00a0 \u00a0 \u00a0 \u00a0 \u00a0 \u00a0 \u00a0 \u00a0 \u00a0 \u00a0 \u00a0 \u00a0 \u00a0 \u00a0 \u00a0 \u00a0 \u00a0 \u00a0 \u00a0 \u00a0 \u00a0 \u00a0 \u00a0 \u00a0 \u00a0 \u00a0 \u00a0 \u00a0 \u00a0 \u00a0 \u00a0 \u00a0 \u00a0 \u00a0 \u00a0 \u00a0<em> \u00a0 \u00a0Imagem: Vatican Media<\/em><\/p><\/div>\n<p>Em meio \u00e0s sauda\u00e7\u00f5es aos fi\u00e9is italianos no final da Audi\u00eancia Geral desta quarta-feira (28), destacando-se do texto escrito, Francisco, olhando para os presentes na Sala Paulo VI, confiou-lhes uma inten\u00e7\u00e3o muito precisa: &#8220;Uma ora\u00e7\u00e3o especial pelo Papa em\u00e9rito Bento XVI, que no sil\u00eancio est\u00e1 sustentando a Igreja&#8221;. &#8220;Recordemos, ele est\u00e1 muito doente, pedindo ao Senhor que o console e o sustente neste testemunho de amor \u00e0 Igreja at\u00e9 o fim&#8221;.<\/p>\n<p><strong>No Mater Ecclesiae<\/strong><br \/>\nPoucas palavras, pronunciadas pelo Papa Francisco, que insinuam o delicado estado de sa\u00fade de Bento XVI, que completou 95 anos em 16 de abril passado. Joseph Ratzinger, que ap\u00f3s a sua ren\u00fancia em fevereiro de 2013, mora no Mosteiro Mater Ecclesiae, nos Jardins do Vaticano. Ele \u00e9 assistido pelas consagradas Memores Domini e pelo seu secret\u00e1rio pessoal, Dom Georg G\u00e4nswein, que ao longo dos anos sempre falou de uma vida passada em ora\u00e7\u00e3o, m\u00fasica, estudo e leitura.<\/p>\n<p><strong>A liga\u00e7\u00e3o entre Francisco e Bento<\/strong><br \/>\nEm numerosas ocasi\u00f5es, Francisco falou da liga\u00e7\u00e3o com seu antecessor, a quem ele chamou de &#8220;pai&#8221; e &#8220;irm\u00e3o&#8221; no Angelus de 29 de junho de 2021, por ocasi\u00e3o do 70\u00ba anivers\u00e1rio da ordena\u00e7\u00e3o sacerdotal de Ratzinger. Desde o in\u00edcio de seu pontificado, o Papa Francisco iniciou a &#8220;tradi\u00e7\u00e3o&#8221; de visitar o Pont\u00edfice Em\u00e9rito, come\u00e7ando com a primeira hist\u00f3rica visita logo ap\u00f3s a sua elei\u00e7\u00e3o que chegou de helic\u00f3ptero \u00e0 resid\u00eancia de Castel Gandolfo, onde Bento XVI permaneceu algumas semanas antes de se mudar para o Vaticano. No per\u00edodo que antecede o Natal ou a P\u00e1scoa ou por ocasi\u00e3o de consist\u00f3rios com novos cardeais, Francisco sempre mostrou um gesto de proximidade e cortesia ao visitar o mosteiro do Vaticano para votos de felicita\u00e7\u00f5es e sauda\u00e7\u00e3o.<\/p>\n<h3>AUDI\u00caNCIA<\/h3>\n<h3>Papa: Natal \u00e9 festa, mas n\u00e3o esquecer que a manjedoura \u00e9 o trono de Jesus<\/h3>\n<p>Na Sala Paulo VI, o Papa realizou a \u00faltima Audi\u00eancia Geral do ano de 2022. Neste tempo lit\u00fargico, Francisco fez uma pausa no ciclo sobre o discernimento e dedicou sua catequese ao mist\u00e9rio do Natal, inspirando-se em um santo em particular: S\u00e3o Francisco de Sales.<\/p>\n<p>Por ocasi\u00e3o do quarto centen\u00e1rio da morte deste Bispo e Doutor da Igreja, o Pont\u00edfice anunciou que hoje ser\u00e1 publicada a Carta Apost\u00f3lica intitulada &#8220;Tudo pertence ao amor&#8221;.<\/p>\n<p><strong>Manjedoura<\/strong><br \/>\nEm uma de suas muitas cartas dirigidas a Santa Joana Francisca de Chantal, S\u00e3o Francisco de Sales escreve: &#8220;Eu prefiro cem vezes ver o querido Menino na manjedoura, do que todos os reis em seus tronos&#8221;.<\/p>\n<p>Jesus, o Rei do universo, comentou o Papa, \u201cnunca se sentou em um trono, nasceu em um est\u00e1bulo, envolto em faixas e deitado em uma manjedoura; e no fim morreu em uma cruz e, envolto em um len\u00e7ol, foi deposto no sepulcro\u201d.<\/p>\n<p>A manjedoura, portanto, n\u00e3o \u00e9 apenas um detalhe log\u00edstico, mas um elemento simb\u00f3lico para entender que tipo de Messias \u00e9 Aquele que nasceu em Bel\u00e9m, ou seja, quem \u00e9 Jesus.<\/p>\n<p>\u201cO sinal \u00e9: encontrar\u00e3o um menino sobre uma manjedoura. Este \u00e9 sinal. O trono de Jesus ou \u00e9 a manjedoura ou a rua, durante a sua vida, pregando, ou a cruz no final da vida. Este \u00e9 o trono do nosso Rei.\u201d<\/p>\n<p>Este sinal mostra o &#8216;estilo&#8217; de Deus, que \u00e9 proximidade, compaix\u00e3o e ternura e quer nos atrair com o amor.<\/p>\n<p>Em outra carta a uma religiosa, sempre no contexto do Natal, S\u00e3o Francisco de Sales escreve: &#8220;O \u00edm\u00e3 atrai o ferro e o \u00e2mbar atrai a palha e o feno&#8221;.<\/p>\n<p><strong>Amor<\/strong><br \/>\n\u00c0s vezes, explicou Francisco, somos &#8216;&#8221;ferro&#8221;, isto \u00e9, somos duros, r\u00edgidos, frios. Em outros momentos, somos &#8220;palha&#8221;, fr\u00e1geis, fracos, inconsistentes. &#8220;As nossas for\u00e7as, as nossas fragilidades, s\u00f3 se resolvem diante do pres\u00e9pio, ou diante da Cruz.&#8221; Ent\u00e3o, Deus encontrou o meio para nos atrair como somos: com o amor. \u201cN\u00e3o \u00e9 um amor possessivo e ego\u00edsta, como infelizmente \u00e9 t\u00e3o frequente o amor humano. Seu amor \u00e9 puro dom, pura gra\u00e7a, \u00e9 tudo e somente para n\u00f3s, para o nosso bem. E assim ele nos atrai, com este amor desarmado e desarmante.\u201d<\/p>\n<p>\u201cQuando vemos esta simplicidade de Jesus, tamb\u00e9m n\u00f3s jogamos fora as armas da soberba e vamos ali, humildes, pedir salva\u00e7\u00e3o, perd\u00e3o, luz para a nossa vida, para poder ir avante. N\u00e3o se esque\u00e7am do trono de Jesus: a manjedoura e a cruz.\u201d<\/p>\n<p><strong>Pobreza<\/strong><br \/>\nOutro aspecto que se destaca no pres\u00e9pio \u00e9 a pobreza, entendida como a ren\u00fancia a toda vaidade mundana. E hoje, lamentou o Pont\u00edfice, quanto dinheiro \u00e9 gasto por vaidade. S\u00e3o Francisco de Sales escreve ainda: &#8220;N\u00e3o encontro outro mist\u00e9rio em que a ternura e a austeridade, amor e tristeza, do\u00e7ura e dureza sejam t\u00e3o docemente misturados\u201d. O Natal certamente \u00e9 alegria e festa, mas na simplicidade e austeridade, completou o Papa.<\/p>\n<p>\u201cHoje vemos &#8216;outro Natal&#8217;, entre aspas, uma caricatura mundana do Natal, que o reduz a uma festa de consumo. Pode-se fazer festa, isto \u00e9 bom, mas que n\u00e3o seja Natal. Natal \u00e9 outra coisa.\u201d<\/p>\n<p>Francisco conclui com mais um pensamento de S\u00e3o Francisco de Sales dois dias antes de sua morte, em que afirma que \u201cn\u00e3o devemos desejar nada nem recusar nada, suportando tudo o que Deus nos enviar\u00e1, o frio e as agruras do tempo&#8221;.<\/p>\n<p>Estas palavras, afirmou o Papa, significam que devemos aceitar tudo o que Deus nos manda, \u201cmas aten\u00e7\u00e3o: sempre e s\u00f3 por amor, porque Deus nos ama e quer sempre e s\u00f3 o nosso bem\u201d. O caminho da felicidade, concluiu, passa pela manjedoura e pela cruz.<\/p>\n<p>\u201cA todos voc\u00eas e suas fam\u00edlias, ainda Feliz Natal e um bom in\u00edcio de Ano Novo!\u201d, foram os votos finais de Francisco.<\/p>\n<hr \/>\n<p><em>Fonte: Vatican News (textos de Bianca Fraccalvieri e Salvatore Cernuzio)<\/em><\/p>\n<p>&nbsp;<\/p>\n","protected":false},"excerpt":{"rendered":"<p>Audi\u00eancia Geral<\/p>\n","protected":false},"author":3,"featured_media":241436,"comment_status":"open","ping_status":"open","sticky":false,"template":"","format":"standard","meta":[],"categories":[1428],"tags":[487,340],"acf":[],"yoast_head":"<!-- This site is optimized with the Yoast SEO plugin v19.2 - https:\/\/yoast.com\/wordpress\/plugins\/seo\/ -->\n<title>Papa: rezemos por Bento XVI, ele est\u00e1 doente e no sil\u00eancio apoia a Igreja - Not\u00edcias - Franciscanos<\/title>\n<meta name=\"robots\" content=\"index, follow, max-snippet:-1, max-image-preview:large, max-video-preview:-1\" \/>\n<link rel=\"canonical\" href=\"https:\/\/franciscanos.org.br\/noticias\/papa-rezemos-por-bento-xvi-ele-esta-doente-e-no-silencio-apoia-a-igreja.html\" \/>\n<meta property=\"og:locale\" content=\"pt_BR\" \/>\n<meta property=\"og:type\" content=\"article\" \/>\n<meta property=\"og:title\" content=\"Papa: rezemos por Bento XVI, ele est\u00e1 doente e no sil\u00eancio apoia a Igreja - Not\u00edcias - Franciscanos\" \/>\n<meta property=\"og:description\" content=\"Audi\u00eancia Geral\" \/>\n<meta property=\"og:url\" content=\"https:\/\/franciscanos.org.br\/noticias\/papa-rezemos-por-bento-xvi-ele-esta-doente-e-no-silencio-apoia-a-igreja.html\" \/>\n<meta property=\"og:site_name\" content=\"Not\u00edcias - Franciscanos\" \/>\n<meta property=\"article:published_time\" content=\"2022-12-28T11:19:22+00:00\" \/>\n<meta property=\"article:modified_time\" content=\"2022-12-31T15:42:43+00:00\" \/>\n<meta property=\"og:image\" content=\"https:\/\/franciscanos.org.br\/noticias\/wp-content\/uploads\/2022\/12\/papa_28.jpeg\" \/>\n\t<meta property=\"og:image:width\" content=\"1500\" \/>\n\t<meta property=\"og:image:height\" content=\"844\" \/>\n\t<meta property=\"og:image:type\" content=\"image\/jpeg\" \/>\n<meta name=\"author\" content=\"moacir\" \/>\n<meta name=\"twitter:card\" content=\"summary_large_image\" \/>\n<meta name=\"twitter:label1\" content=\"Escrito por\" \/>\n\t<meta name=\"twitter:data1\" content=\"moacir\" \/>\n\t<meta name=\"twitter:label2\" content=\"Est. tempo de leitura\" \/>\n\t<meta name=\"twitter:data2\" content=\"5 minutos\" \/>\n<script type=\"application\/ld+json\" class=\"yoast-schema-graph\">{\"@context\":\"https:\/\/schema.org\",\"@graph\":[{\"@type\":\"WebSite\",\"@id\":\"https:\/\/franciscanos.org.br\/noticias\/#website\",\"url\":\"https:\/\/franciscanos.org.br\/noticias\/\",\"name\":\"Not\u00edcias - Franciscanos\",\"description\":\"Prov\u00edncia Franciscana da Imaculada Concei\u00e7\u00e3o do Brasil - Ordem dos Frades Menores - OFM\",\"potentialAction\":[{\"@type\":\"SearchAction\",\"target\":{\"@type\":\"EntryPoint\",\"urlTemplate\":\"https:\/\/franciscanos.org.br\/noticias\/?s={search_term_string}\"},\"query-input\":\"required name=search_term_string\"}],\"inLanguage\":\"pt-BR\"},{\"@type\":\"ImageObject\",\"inLanguage\":\"pt-BR\",\"@id\":\"https:\/\/franciscanos.org.br\/noticias\/papa-rezemos-por-bento-xvi-ele-esta-doente-e-no-silencio-apoia-a-igreja.html#primaryimage\",\"url\":\"https:\/\/franciscanos.org.br\/noticias\/wp-content\/uploads\/2022\/12\/papa_28.jpeg\",\"contentUrl\":\"https:\/\/franciscanos.org.br\/noticias\/wp-content\/uploads\/2022\/12\/papa_28.jpeg\",\"width\":1500,\"height\":844},{\"@type\":\"WebPage\",\"@id\":\"https:\/\/franciscanos.org.br\/noticias\/papa-rezemos-por-bento-xvi-ele-esta-doente-e-no-silencio-apoia-a-igreja.html#webpage\",\"url\":\"https:\/\/franciscanos.org.br\/noticias\/papa-rezemos-por-bento-xvi-ele-esta-doente-e-no-silencio-apoia-a-igreja.html\",\"name\":\"Papa: rezemos por Bento XVI, ele est\u00e1 doente e no sil\u00eancio apoia a Igreja - Not\u00edcias - Franciscanos\",\"isPartOf\":{\"@id\":\"https:\/\/franciscanos.org.br\/noticias\/#website\"},\"primaryImageOfPage\":{\"@id\":\"https:\/\/franciscanos.org.br\/noticias\/papa-rezemos-por-bento-xvi-ele-esta-doente-e-no-silencio-apoia-a-igreja.html#primaryimage\"},\"datePublished\":\"2022-12-28T11:19:22+00:00\",\"dateModified\":\"2022-12-31T15:42:43+00:00\",\"author\":{\"@id\":\"https:\/\/franciscanos.org.br\/noticias\/#\/schema\/person\/b5c8cba458c330ccff548b056e95a5d4\"},\"breadcrumb\":{\"@id\":\"https:\/\/franciscanos.org.br\/noticias\/papa-rezemos-por-bento-xvi-ele-esta-doente-e-no-silencio-apoia-a-igreja.html#breadcrumb\"},\"inLanguage\":\"pt-BR\",\"potentialAction\":[{\"@type\":\"ReadAction\",\"target\":[\"https:\/\/franciscanos.org.br\/noticias\/papa-rezemos-por-bento-xvi-ele-esta-doente-e-no-silencio-apoia-a-igreja.html\"]}]},{\"@type\":\"BreadcrumbList\",\"@id\":\"https:\/\/franciscanos.org.br\/noticias\/papa-rezemos-por-bento-xvi-ele-esta-doente-e-no-silencio-apoia-a-igreja.html#breadcrumb\",\"itemListElement\":[{\"@type\":\"ListItem\",\"position\":1,\"name\":\"Home\",\"item\":\"https:\/\/franciscanos.org.br\/noticias\"},{\"@type\":\"ListItem\",\"position\":2,\"name\":\"Papa: rezemos por Bento XVI, ele est\u00e1 doente e no sil\u00eancio apoia a Igreja\"}]},{\"@type\":\"Person\",\"@id\":\"https:\/\/franciscanos.org.br\/noticias\/#\/schema\/person\/b5c8cba458c330ccff548b056e95a5d4\",\"name\":\"moacir\",\"image\":{\"@type\":\"ImageObject\",\"inLanguage\":\"pt-BR\",\"@id\":\"https:\/\/franciscanos.org.br\/noticias\/#\/schema\/person\/image\/\",\"url\":\"https:\/\/secure.gravatar.com\/avatar\/d08aa2ce4c8dd416d4479aa8536fcf64?s=96&d=mm&r=g\",\"contentUrl\":\"https:\/\/secure.gravatar.com\/avatar\/d08aa2ce4c8dd416d4479aa8536fcf64?s=96&d=mm&r=g\",\"caption\":\"moacir\"},\"url\":\"https:\/\/franciscanos.org.br\/noticias\/author\/moacir\"}]}<\/script>\n<!-- \/ Yoast SEO plugin. -->","yoast_head_json":{"title":"Papa: rezemos por Bento XVI, ele est\u00e1 doente e no sil\u00eancio apoia a Igreja - Not\u00edcias - Franciscanos","robots":{"index":"index","follow":"follow","max-snippet":"max-snippet:-1","max-image-preview":"max-image-preview:large","max-video-preview":"max-video-preview:-1"},"canonical":"https:\/\/franciscanos.org.br\/noticias\/papa-rezemos-por-bento-xvi-ele-esta-doente-e-no-silencio-apoia-a-igreja.html","og_locale":"pt_BR","og_type":"article","og_title":"Papa: rezemos por Bento XVI, ele est\u00e1 doente e no sil\u00eancio apoia a Igreja - Not\u00edcias - Franciscanos","og_description":"Audi\u00eancia Geral","og_url":"https:\/\/franciscanos.org.br\/noticias\/papa-rezemos-por-bento-xvi-ele-esta-doente-e-no-silencio-apoia-a-igreja.html","og_site_name":"Not\u00edcias - Franciscanos","article_published_time":"2022-12-28T11:19:22+00:00","article_modified_time":"2022-12-31T15:42:43+00:00","og_image":[{"width":1500,"height":844,"url":"https:\/\/franciscanos.org.br\/noticias\/wp-content\/uploads\/2022\/12\/papa_28.jpeg","type":"image\/jpeg"}],"author":"moacir","twitter_card":"summary_large_image","twitter_misc":{"Escrito por":"moacir","Est. tempo de leitura":"5 minutos"},"schema":{"@context":"https:\/\/schema.org","@graph":[{"@type":"WebSite","@id":"https:\/\/franciscanos.org.br\/noticias\/#website","url":"https:\/\/franciscanos.org.br\/noticias\/","name":"Not\u00edcias - Franciscanos","description":"Prov\u00edncia Franciscana da Imaculada Concei\u00e7\u00e3o do Brasil - Ordem dos Frades Menores - OFM","potentialAction":[{"@type":"SearchAction","target":{"@type":"EntryPoint","urlTemplate":"https:\/\/franciscanos.org.br\/noticias\/?s={search_term_string}"},"query-input":"required name=search_term_string"}],"inLanguage":"pt-BR"},{"@type":"ImageObject","inLanguage":"pt-BR","@id":"https:\/\/franciscanos.org.br\/noticias\/papa-rezemos-por-bento-xvi-ele-esta-doente-e-no-silencio-apoia-a-igreja.html#primaryimage","url":"https:\/\/franciscanos.org.br\/noticias\/wp-content\/uploads\/2022\/12\/papa_28.jpeg","contentUrl":"https:\/\/franciscanos.org.br\/noticias\/wp-content\/uploads\/2022\/12\/papa_28.jpeg","width":1500,"height":844},{"@type":"WebPage","@id":"https:\/\/franciscanos.org.br\/noticias\/papa-rezemos-por-bento-xvi-ele-esta-doente-e-no-silencio-apoia-a-igreja.html#webpage","url":"https:\/\/franciscanos.org.br\/noticias\/papa-rezemos-por-bento-xvi-ele-esta-doente-e-no-silencio-apoia-a-igreja.html","name":"Papa: rezemos por Bento XVI, ele est\u00e1 doente e no sil\u00eancio apoia a Igreja - Not\u00edcias - Franciscanos","isPartOf":{"@id":"https:\/\/franciscanos.org.br\/noticias\/#website"},"primaryImageOfPage":{"@id":"https:\/\/franciscanos.org.br\/noticias\/papa-rezemos-por-bento-xvi-ele-esta-doente-e-no-silencio-apoia-a-igreja.html#primaryimage"},"datePublished":"2022-12-28T11:19:22+00:00","dateModified":"2022-12-31T15:42:43+00:00","author":{"@id":"https:\/\/franciscanos.org.br\/noticias\/#\/schema\/person\/b5c8cba458c330ccff548b056e95a5d4"},"breadcrumb":{"@id":"https:\/\/franciscanos.org.br\/noticias\/papa-rezemos-por-bento-xvi-ele-esta-doente-e-no-silencio-apoia-a-igreja.html#breadcrumb"},"inLanguage":"pt-BR","potentialAction":[{"@type":"ReadAction","target":["https:\/\/franciscanos.org.br\/noticias\/papa-rezemos-por-bento-xvi-ele-esta-doente-e-no-silencio-apoia-a-igreja.html"]}]},{"@type":"BreadcrumbList","@id":"https:\/\/franciscanos.org.br\/noticias\/papa-rezemos-por-bento-xvi-ele-esta-doente-e-no-silencio-apoia-a-igreja.html#breadcrumb","itemListElement":[{"@type":"ListItem","position":1,"name":"Home","item":"https:\/\/franciscanos.org.br\/noticias"},{"@type":"ListItem","position":2,"name":"Papa: rezemos por Bento XVI, ele est\u00e1 doente e no sil\u00eancio apoia a Igreja"}]},{"@type":"Person","@id":"https:\/\/franciscanos.org.br\/noticias\/#\/schema\/person\/b5c8cba458c330ccff548b056e95a5d4","name":"moacir","image":{"@type":"ImageObject","inLanguage":"pt-BR","@id":"https:\/\/franciscanos.org.br\/noticias\/#\/schema\/person\/image\/","url":"https:\/\/secure.gravatar.com\/avatar\/d08aa2ce4c8dd416d4479aa8536fcf64?s=96&d=mm&r=g","contentUrl":"https:\/\/secure.gravatar.com\/avatar\/d08aa2ce4c8dd416d4479aa8536fcf64?s=96&d=mm&r=g","caption":"moacir"},"url":"https:\/\/franciscanos.org.br\/noticias\/author\/moacir"}]}},"_links":{"self":[{"href":"https:\/\/franciscanos.org.br\/noticias\/wp-json\/wp\/v2\/posts\/241435"}],"collection":[{"href":"https:\/\/franciscanos.org.br\/noticias\/wp-json\/wp\/v2\/posts"}],"about":[{"href":"https:\/\/franciscanos.org.br\/noticias\/wp-json\/wp\/v2\/types\/post"}],"author":[{"embeddable":true,"href":"https:\/\/franciscanos.org.br\/noticias\/wp-json\/wp\/v2\/users\/3"}],"replies":[{"embeddable":true,"href":"https:\/\/franciscanos.org.br\/noticias\/wp-json\/wp\/v2\/comments?post=241435"}],"version-history":[{"count":1,"href":"https:\/\/franciscanos.org.br\/noticias\/wp-json\/wp\/v2\/posts\/241435\/revisions"}],"predecessor-version":[{"id":241437,"href":"https:\/\/franciscanos.org.br\/noticias\/wp-json\/wp\/v2\/posts\/241435\/revisions\/241437"}],"wp:featuredmedia":[{"embeddable":true,"href":"https:\/\/franciscanos.org.br\/noticias\/wp-json\/wp\/v2\/media\/241436"}],"wp:attachment":[{"href":"https:\/\/franciscanos.org.br\/noticias\/wp-json\/wp\/v2\/media?parent=241435"}],"wp:term":[{"taxonomy":"category","embeddable":true,"href":"https:\/\/franciscanos.org.br\/noticias\/wp-json\/wp\/v2\/categories?post=241435"},{"taxonomy":"post_tag","embeddable":true,"href":"https:\/\/franciscanos.org.br\/noticias\/wp-json\/wp\/v2\/tags?post=241435"}],"curies":[{"name":"wp","href":"https:\/\/api.w.org\/{rel}","templated":true}]}}