{"id":241432,"date":"2022-12-26T08:02:17","date_gmt":"2022-12-26T11:02:17","guid":{"rendered":"https:\/\/franciscanos.org.br\/noticias\/?p=241432"},"modified":"2022-12-26T08:02:17","modified_gmt":"2022-12-26T11:02:17","slug":"ministro-geral-em-greccio-esperanca-silencio-e-fragilidade-para-viver-o-natal","status":"publish","type":"post","link":"https:\/\/franciscanos.org.br\/noticias\/ministro-geral-em-greccio-esperanca-silencio-e-fragilidade-para-viver-o-natal.html","title":{"rendered":"Ministro Geral em Greccio: esperan\u00e7a, sil\u00eancio e fragilidade para viver o Natal"},"content":{"rendered":"<p><img loading=\"lazy\" class=\"alignnone size-full wp-image-241433\" src=\"https:\/\/franciscanos.org.br\/noticias\/wp-content\/uploads\/2022\/12\/massimo_25.jpg\" alt=\"\" width=\"1284\" height=\"510\" srcset=\"https:\/\/franciscanos.org.br\/noticias\/wp-content\/uploads\/2022\/12\/massimo_25.jpg 1284w, https:\/\/franciscanos.org.br\/noticias\/wp-content\/uploads\/2022\/12\/massimo_25-450x179.jpg 450w, https:\/\/franciscanos.org.br\/noticias\/wp-content\/uploads\/2022\/12\/massimo_25-1024x407.jpg 1024w, https:\/\/franciscanos.org.br\/noticias\/wp-content\/uploads\/2022\/12\/massimo_25-768x305.jpg 768w, https:\/\/franciscanos.org.br\/noticias\/wp-content\/uploads\/2022\/12\/massimo_25-150x60.jpg 150w\" sizes=\"(max-width: 1284px) 100vw, 1284px\" \/><\/p>\n<p>Por ocasi\u00e3o da solenidade do Natal, o Ministro geral, Frei Massimo Fusarelli, presidiu no dia 24 de dezembro de 2022, a Missa do Galo em Greccio, It\u00e1lia.<\/p>\n<p>Greccio est\u00e1 localizada na prov\u00edncia de Rieti e, em 2023, celebrar\u00e1 800 anos do nascimento do pres\u00e9pio. Na v\u00e9spera da noite de Natal de 1223, S\u00e3o Francisco criou o primeiro pres\u00e9pio da hist\u00f3ria do Cristianismo. Ao longo de oito s\u00e9culos esse lugar tem sido meta incessante de dezenas de milhares de peregrinos por ano, de todas as partes do mundo.<\/p>\n<p>&#8220;Esta noite de Natal em Greccio tamb\u00e9m \u00e9 atravessada pela luz, n\u00e3o das nossas tochas, como no tempo de Francisco, mas da esperan\u00e7a de que precisamos urgentemente neste tempo sombrio em que vivemos. Esperan\u00e7a como palavra-chave para este Natal. A esperan\u00e7a, sabemos, n\u00e3o \u00e9 otimismo, mas poder que nos permite ver uma grande luz mesmo quando caminhamos no escuro, como cantava Isa\u00edas. Esta certeza abre-nos para o futuro, permite-nos perscrutar o horizonte para al\u00e9m da nossa pequena vis\u00e3o&#8221;, disse Frei Massimo na sua homilia.<\/p>\n<p>Segundo o Ministro Geral, o nascimento de um filho \u00e9 sempre uma nova oportunidade, um novo come\u00e7o, um motivo de esperan\u00e7a. &#8220;Este Menino que nasce em Bel\u00e9m no afresco de Greccio tem um pequeno sepulcro como pres\u00e9pio, porque j\u00e1 \u00e9 o Ressuscitado, j\u00e1 \u00e9 aquele que nasce definitivamente para a vida depois de ter passado pela nossa morte na cruz. Ele \u00e9 o Ressuscitado, o que vive para sempre, a raz\u00e3o da esperan\u00e7a crist\u00e3. Ele \u00e9 a verdade e a realidade da exist\u00eancia de cada ser humano, da hist\u00f3ria&#8221;, observou Frei Massimo.<\/p>\n<p>Para o Ministro Geral, acolhemos esta esperan\u00e7a nesta noite em sil\u00eancio. E, segundo ele, aqui est\u00e1 outra palavra-chave de Natal. &#8220;A Escritura nos diz que enquanto o sil\u00eancio envolvia tudo, a sabedoria de Deus descia de seu trono em nosso meio. Deus n\u00e3o atua no barulho e alarido da fama e do sucesso, mas no sil\u00eancio dos come\u00e7os humildes. A p\u00e1gina de Lucas nos lembra fortemente disso&#8221;, lembrou.<\/p>\n<p>&#8220;Tamb\u00e9m precisamos urgentemente de sil\u00eancio para alimentar a esperan\u00e7a. Ou seja, o contato conosco, com os outros; uma escuta mais profunda e atenta que s\u00f3 o sil\u00eancio permite. Necessitamos do sil\u00eancio para entrar em contato com nossa interioridade e nela reconhecer a presen\u00e7a amorosa de Deus que nos acompanha e constitui nossa consist\u00eancia mais profunda. Podemos encontrar o sil\u00eancio novamente?&#8221;, indagou Frei Massimo.<\/p>\n<p>Para ele, o sil\u00eancio alimenta a esperan\u00e7a, n\u00e3o para nos tornarmos fortes e poderosos, mas para abra\u00e7ar nossa fragilidade. Segundo ele, aqui est\u00e1 outra palavra do Natal crist\u00e3o. &#8220;S\u00e3o Francisco diz que o Verbo de Deus quis nascer na fragilidade da nossa carne humana. Ao se tornar homem, ele escolheu o limite de nossa condi\u00e7\u00e3o humana, suas limita\u00e7\u00f5es, seus trabalhos&#8221;, acrescentou.<\/p>\n<p>&#8220;Natal, ent\u00e3o, significa educar-nos e educar a fragilidade, aprendendo a n\u00e3o tem\u00ea-la e, ao mesmo tempo, a n\u00e3o pensar que permanecemos quietos nela&#8221;, ressaltou.<\/p>\n<p>Frei Massimo recorda que muitas vezes tem ouvido o lamento de que o Natal ficou sem Jesus e que a sua dimens\u00e3o religiosa \u00e9 agora praticamente invis\u00edvel. &#8220;\u00c9 f\u00e1cil dizer que \u00e9 assim. Embora eu me pergunto:<\/p>\n<p style=\"padding-left: 40px;\"><em>N\u00f3s, crist\u00e3os, sabemos mostrar com a nossa vida a esperan\u00e7a do Natal, do recome\u00e7o deste Menino e da sua vida, que \u00e9 o in\u00edcio da nossa vida, da nossa ressurrei\u00e7\u00e3o?<\/em><\/p>\n<p style=\"padding-left: 40px;\"><em>N\u00f3s, crist\u00e3os sabemos, em um sil\u00eancio que \u00e9 aten\u00e7\u00e3o e cuidado, acolher, escutar, promover o outro na sua dignidade?<\/em><\/p>\n<p style=\"padding-left: 40px;\"><em>N\u00f3s, crist\u00e3os, ainda sabemos dedicar espa\u00e7os de sil\u00eancio para escutar o Senhor que fala em sua palavra, dos outros, da cria\u00e7\u00e3o e das circunst\u00e2ncias da nossa vida?<\/em><\/p>\n<p style=\"padding-left: 40px;\"><em>N\u00f3s, crist\u00e3os, sabemos acolher a fragilidade sem julg\u00e1-la nos outros, sem elimin\u00e1-la ou evit\u00e1-la? Honramos, assim, a fr\u00e1gil humanidade de nossa carne, que o Senhor escolheu como sua morada permanente? Em suma, demos consist\u00eancia de f\u00e9 ao Natal, mostremos a sua novidade permanente, e o Senhor que vem no meio de n\u00f3s continuar\u00e1 a ser o princ\u00edpio da esperan\u00e7a para muitos, no sil\u00eancio de muitas vidas e na fragilidade de muitas hist\u00f3rias.<\/em><\/p>\n<p>A todos um Feliz Natal de Jesus Cristo em nossa carne mortal, invocando para o mundo o dom da paz na justi\u00e7a, para uma nova humanidade.<\/p>\n<hr \/>\n<p><em>Fonte:<\/em> <a href=\"http:\/\/www.ofm.org\">www.ofm.org<\/a><\/p>\n","protected":false},"excerpt":{"rendered":"<p>800 anos do Pres\u00e9pio em Greccio<\/p>\n","protected":false},"author":3,"featured_media":241433,"comment_status":"open","ping_status":"open","sticky":false,"template":"","format":"standard","meta":[],"categories":[1],"tags":[2013],"acf":[],"yoast_head":"<!-- This site is optimized with the Yoast SEO plugin v19.2 - https:\/\/yoast.com\/wordpress\/plugins\/seo\/ -->\n<title>Ministro Geral em Greccio: esperan\u00e7a, sil\u00eancio e fragilidade para viver o Natal - Not\u00edcias - Franciscanos<\/title>\n<meta name=\"robots\" content=\"index, follow, max-snippet:-1, max-image-preview:large, max-video-preview:-1\" \/>\n<link rel=\"canonical\" href=\"https:\/\/franciscanos.org.br\/noticias\/ministro-geral-em-greccio-esperanca-silencio-e-fragilidade-para-viver-o-natal.html\" \/>\n<meta property=\"og:locale\" content=\"pt_BR\" \/>\n<meta property=\"og:type\" content=\"article\" \/>\n<meta property=\"og:title\" content=\"Ministro Geral em Greccio: esperan\u00e7a, sil\u00eancio e fragilidade para viver o Natal - Not\u00edcias - Franciscanos\" \/>\n<meta property=\"og:description\" content=\"800 anos do Pres\u00e9pio em Greccio\" \/>\n<meta property=\"og:url\" content=\"https:\/\/franciscanos.org.br\/noticias\/ministro-geral-em-greccio-esperanca-silencio-e-fragilidade-para-viver-o-natal.html\" \/>\n<meta property=\"og:site_name\" content=\"Not\u00edcias - Franciscanos\" \/>\n<meta property=\"article:published_time\" content=\"2022-12-26T11:02:17+00:00\" \/>\n<meta property=\"og:image\" content=\"https:\/\/franciscanos.org.br\/noticias\/wp-content\/uploads\/2022\/12\/massimo_25.jpg\" \/>\n\t<meta property=\"og:image:width\" content=\"1284\" \/>\n\t<meta property=\"og:image:height\" content=\"510\" \/>\n\t<meta property=\"og:image:type\" content=\"image\/jpeg\" \/>\n<meta name=\"author\" content=\"moacir\" \/>\n<meta name=\"twitter:card\" content=\"summary_large_image\" \/>\n<meta name=\"twitter:label1\" content=\"Escrito por\" \/>\n\t<meta name=\"twitter:data1\" content=\"moacir\" \/>\n\t<meta name=\"twitter:label2\" content=\"Est. tempo de leitura\" \/>\n\t<meta name=\"twitter:data2\" content=\"4 minutos\" \/>\n<script type=\"application\/ld+json\" class=\"yoast-schema-graph\">{\"@context\":\"https:\/\/schema.org\",\"@graph\":[{\"@type\":\"WebSite\",\"@id\":\"https:\/\/franciscanos.org.br\/noticias\/#website\",\"url\":\"https:\/\/franciscanos.org.br\/noticias\/\",\"name\":\"Not\u00edcias - Franciscanos\",\"description\":\"Prov\u00edncia Franciscana da Imaculada Concei\u00e7\u00e3o do Brasil - Ordem dos Frades Menores - OFM\",\"potentialAction\":[{\"@type\":\"SearchAction\",\"target\":{\"@type\":\"EntryPoint\",\"urlTemplate\":\"https:\/\/franciscanos.org.br\/noticias\/?s={search_term_string}\"},\"query-input\":\"required name=search_term_string\"}],\"inLanguage\":\"pt-BR\"},{\"@type\":\"ImageObject\",\"inLanguage\":\"pt-BR\",\"@id\":\"https:\/\/franciscanos.org.br\/noticias\/ministro-geral-em-greccio-esperanca-silencio-e-fragilidade-para-viver-o-natal.html#primaryimage\",\"url\":\"https:\/\/franciscanos.org.br\/noticias\/wp-content\/uploads\/2022\/12\/massimo_25.jpg\",\"contentUrl\":\"https:\/\/franciscanos.org.br\/noticias\/wp-content\/uploads\/2022\/12\/massimo_25.jpg\",\"width\":1284,\"height\":510},{\"@type\":\"WebPage\",\"@id\":\"https:\/\/franciscanos.org.br\/noticias\/ministro-geral-em-greccio-esperanca-silencio-e-fragilidade-para-viver-o-natal.html#webpage\",\"url\":\"https:\/\/franciscanos.org.br\/noticias\/ministro-geral-em-greccio-esperanca-silencio-e-fragilidade-para-viver-o-natal.html\",\"name\":\"Ministro Geral em Greccio: esperan\u00e7a, sil\u00eancio e fragilidade para viver o Natal - Not\u00edcias - Franciscanos\",\"isPartOf\":{\"@id\":\"https:\/\/franciscanos.org.br\/noticias\/#website\"},\"primaryImageOfPage\":{\"@id\":\"https:\/\/franciscanos.org.br\/noticias\/ministro-geral-em-greccio-esperanca-silencio-e-fragilidade-para-viver-o-natal.html#primaryimage\"},\"datePublished\":\"2022-12-26T11:02:17+00:00\",\"dateModified\":\"2022-12-26T11:02:17+00:00\",\"author\":{\"@id\":\"https:\/\/franciscanos.org.br\/noticias\/#\/schema\/person\/b5c8cba458c330ccff548b056e95a5d4\"},\"breadcrumb\":{\"@id\":\"https:\/\/franciscanos.org.br\/noticias\/ministro-geral-em-greccio-esperanca-silencio-e-fragilidade-para-viver-o-natal.html#breadcrumb\"},\"inLanguage\":\"pt-BR\",\"potentialAction\":[{\"@type\":\"ReadAction\",\"target\":[\"https:\/\/franciscanos.org.br\/noticias\/ministro-geral-em-greccio-esperanca-silencio-e-fragilidade-para-viver-o-natal.html\"]}]},{\"@type\":\"BreadcrumbList\",\"@id\":\"https:\/\/franciscanos.org.br\/noticias\/ministro-geral-em-greccio-esperanca-silencio-e-fragilidade-para-viver-o-natal.html#breadcrumb\",\"itemListElement\":[{\"@type\":\"ListItem\",\"position\":1,\"name\":\"Home\",\"item\":\"https:\/\/franciscanos.org.br\/noticias\"},{\"@type\":\"ListItem\",\"position\":2,\"name\":\"Ministro Geral em Greccio: esperan\u00e7a, sil\u00eancio e fragilidade para viver o Natal\"}]},{\"@type\":\"Person\",\"@id\":\"https:\/\/franciscanos.org.br\/noticias\/#\/schema\/person\/b5c8cba458c330ccff548b056e95a5d4\",\"name\":\"moacir\",\"image\":{\"@type\":\"ImageObject\",\"inLanguage\":\"pt-BR\",\"@id\":\"https:\/\/franciscanos.org.br\/noticias\/#\/schema\/person\/image\/\",\"url\":\"https:\/\/secure.gravatar.com\/avatar\/d08aa2ce4c8dd416d4479aa8536fcf64?s=96&d=mm&r=g\",\"contentUrl\":\"https:\/\/secure.gravatar.com\/avatar\/d08aa2ce4c8dd416d4479aa8536fcf64?s=96&d=mm&r=g\",\"caption\":\"moacir\"},\"url\":\"https:\/\/franciscanos.org.br\/noticias\/author\/moacir\"}]}<\/script>\n<!-- \/ Yoast SEO plugin. -->","yoast_head_json":{"title":"Ministro Geral em Greccio: esperan\u00e7a, sil\u00eancio e fragilidade para viver o Natal - Not\u00edcias - Franciscanos","robots":{"index":"index","follow":"follow","max-snippet":"max-snippet:-1","max-image-preview":"max-image-preview:large","max-video-preview":"max-video-preview:-1"},"canonical":"https:\/\/franciscanos.org.br\/noticias\/ministro-geral-em-greccio-esperanca-silencio-e-fragilidade-para-viver-o-natal.html","og_locale":"pt_BR","og_type":"article","og_title":"Ministro Geral em Greccio: esperan\u00e7a, sil\u00eancio e fragilidade para viver o Natal - Not\u00edcias - Franciscanos","og_description":"800 anos do Pres\u00e9pio em Greccio","og_url":"https:\/\/franciscanos.org.br\/noticias\/ministro-geral-em-greccio-esperanca-silencio-e-fragilidade-para-viver-o-natal.html","og_site_name":"Not\u00edcias - Franciscanos","article_published_time":"2022-12-26T11:02:17+00:00","og_image":[{"width":1284,"height":510,"url":"https:\/\/franciscanos.org.br\/noticias\/wp-content\/uploads\/2022\/12\/massimo_25.jpg","type":"image\/jpeg"}],"author":"moacir","twitter_card":"summary_large_image","twitter_misc":{"Escrito por":"moacir","Est. tempo de leitura":"4 minutos"},"schema":{"@context":"https:\/\/schema.org","@graph":[{"@type":"WebSite","@id":"https:\/\/franciscanos.org.br\/noticias\/#website","url":"https:\/\/franciscanos.org.br\/noticias\/","name":"Not\u00edcias - Franciscanos","description":"Prov\u00edncia Franciscana da Imaculada Concei\u00e7\u00e3o do Brasil - Ordem dos Frades Menores - OFM","potentialAction":[{"@type":"SearchAction","target":{"@type":"EntryPoint","urlTemplate":"https:\/\/franciscanos.org.br\/noticias\/?s={search_term_string}"},"query-input":"required name=search_term_string"}],"inLanguage":"pt-BR"},{"@type":"ImageObject","inLanguage":"pt-BR","@id":"https:\/\/franciscanos.org.br\/noticias\/ministro-geral-em-greccio-esperanca-silencio-e-fragilidade-para-viver-o-natal.html#primaryimage","url":"https:\/\/franciscanos.org.br\/noticias\/wp-content\/uploads\/2022\/12\/massimo_25.jpg","contentUrl":"https:\/\/franciscanos.org.br\/noticias\/wp-content\/uploads\/2022\/12\/massimo_25.jpg","width":1284,"height":510},{"@type":"WebPage","@id":"https:\/\/franciscanos.org.br\/noticias\/ministro-geral-em-greccio-esperanca-silencio-e-fragilidade-para-viver-o-natal.html#webpage","url":"https:\/\/franciscanos.org.br\/noticias\/ministro-geral-em-greccio-esperanca-silencio-e-fragilidade-para-viver-o-natal.html","name":"Ministro Geral em Greccio: esperan\u00e7a, sil\u00eancio e fragilidade para viver o Natal - Not\u00edcias - Franciscanos","isPartOf":{"@id":"https:\/\/franciscanos.org.br\/noticias\/#website"},"primaryImageOfPage":{"@id":"https:\/\/franciscanos.org.br\/noticias\/ministro-geral-em-greccio-esperanca-silencio-e-fragilidade-para-viver-o-natal.html#primaryimage"},"datePublished":"2022-12-26T11:02:17+00:00","dateModified":"2022-12-26T11:02:17+00:00","author":{"@id":"https:\/\/franciscanos.org.br\/noticias\/#\/schema\/person\/b5c8cba458c330ccff548b056e95a5d4"},"breadcrumb":{"@id":"https:\/\/franciscanos.org.br\/noticias\/ministro-geral-em-greccio-esperanca-silencio-e-fragilidade-para-viver-o-natal.html#breadcrumb"},"inLanguage":"pt-BR","potentialAction":[{"@type":"ReadAction","target":["https:\/\/franciscanos.org.br\/noticias\/ministro-geral-em-greccio-esperanca-silencio-e-fragilidade-para-viver-o-natal.html"]}]},{"@type":"BreadcrumbList","@id":"https:\/\/franciscanos.org.br\/noticias\/ministro-geral-em-greccio-esperanca-silencio-e-fragilidade-para-viver-o-natal.html#breadcrumb","itemListElement":[{"@type":"ListItem","position":1,"name":"Home","item":"https:\/\/franciscanos.org.br\/noticias"},{"@type":"ListItem","position":2,"name":"Ministro Geral em Greccio: esperan\u00e7a, sil\u00eancio e fragilidade para viver o Natal"}]},{"@type":"Person","@id":"https:\/\/franciscanos.org.br\/noticias\/#\/schema\/person\/b5c8cba458c330ccff548b056e95a5d4","name":"moacir","image":{"@type":"ImageObject","inLanguage":"pt-BR","@id":"https:\/\/franciscanos.org.br\/noticias\/#\/schema\/person\/image\/","url":"https:\/\/secure.gravatar.com\/avatar\/d08aa2ce4c8dd416d4479aa8536fcf64?s=96&d=mm&r=g","contentUrl":"https:\/\/secure.gravatar.com\/avatar\/d08aa2ce4c8dd416d4479aa8536fcf64?s=96&d=mm&r=g","caption":"moacir"},"url":"https:\/\/franciscanos.org.br\/noticias\/author\/moacir"}]}},"_links":{"self":[{"href":"https:\/\/franciscanos.org.br\/noticias\/wp-json\/wp\/v2\/posts\/241432"}],"collection":[{"href":"https:\/\/franciscanos.org.br\/noticias\/wp-json\/wp\/v2\/posts"}],"about":[{"href":"https:\/\/franciscanos.org.br\/noticias\/wp-json\/wp\/v2\/types\/post"}],"author":[{"embeddable":true,"href":"https:\/\/franciscanos.org.br\/noticias\/wp-json\/wp\/v2\/users\/3"}],"replies":[{"embeddable":true,"href":"https:\/\/franciscanos.org.br\/noticias\/wp-json\/wp\/v2\/comments?post=241432"}],"version-history":[{"count":1,"href":"https:\/\/franciscanos.org.br\/noticias\/wp-json\/wp\/v2\/posts\/241432\/revisions"}],"predecessor-version":[{"id":241434,"href":"https:\/\/franciscanos.org.br\/noticias\/wp-json\/wp\/v2\/posts\/241432\/revisions\/241434"}],"wp:featuredmedia":[{"embeddable":true,"href":"https:\/\/franciscanos.org.br\/noticias\/wp-json\/wp\/v2\/media\/241433"}],"wp:attachment":[{"href":"https:\/\/franciscanos.org.br\/noticias\/wp-json\/wp\/v2\/media?parent=241432"}],"wp:term":[{"taxonomy":"category","embeddable":true,"href":"https:\/\/franciscanos.org.br\/noticias\/wp-json\/wp\/v2\/categories?post=241432"},{"taxonomy":"post_tag","embeddable":true,"href":"https:\/\/franciscanos.org.br\/noticias\/wp-json\/wp\/v2\/tags?post=241432"}],"curies":[{"name":"wp","href":"https:\/\/api.w.org\/{rel}","templated":true}]}}