{"id":241426,"date":"2022-12-26T06:18:17","date_gmt":"2022-12-26T09:18:17","guid":{"rendered":"https:\/\/franciscanos.org.br\/noticias\/?p=241426"},"modified":"2022-12-29T18:14:07","modified_gmt":"2022-12-29T21:14:07","slug":"coral-arautos-do-grande-rei-celebra-jubileu-de-50-anos-neste-natal","status":"publish","type":"post","link":"https:\/\/franciscanos.org.br\/noticias\/coral-arautos-do-grande-rei-celebra-jubileu-de-50-anos-neste-natal.html","title":{"rendered":"Coral Arautos do Grande Rei celebra Jubileu de 50 anos neste Natal"},"content":{"rendered":"<p><img loading=\"lazy\" class=\"alignnone size-full wp-image-241427\" src=\"https:\/\/franciscanos.org.br\/noticias\/wp-content\/uploads\/2022\/12\/coral_2612.jpg\" alt=\"\" width=\"1280\" height=\"720\" srcset=\"https:\/\/franciscanos.org.br\/noticias\/wp-content\/uploads\/2022\/12\/coral_2612.jpg 1280w, https:\/\/franciscanos.org.br\/noticias\/wp-content\/uploads\/2022\/12\/coral_2612-450x253.jpg 450w, https:\/\/franciscanos.org.br\/noticias\/wp-content\/uploads\/2022\/12\/coral_2612-1024x576.jpg 1024w, https:\/\/franciscanos.org.br\/noticias\/wp-content\/uploads\/2022\/12\/coral_2612-768x432.jpg 768w, https:\/\/franciscanos.org.br\/noticias\/wp-content\/uploads\/2022\/12\/coral_2612-150x84.jpg 150w\" sizes=\"(max-width: 1280px) 100vw, 1280px\" \/><\/p>\n<p>Neste dia 25 de dezembro, em plena festividade do Natal de Nosso Senhor Jesus Cristo, a cidade de Xaxim (SC) tamb\u00e9m comemorou o jubileu de 50 anos de funda\u00e7\u00e3o do Coral Arautos do Grande Rei de Xaxim. Criado por Frei Afonso Vicente Vogel, que faleceu em 3 de agosto de 2017, o Coral continuou sob a reg\u00eancia da maestrina Giseli Linhares, que est\u00e1 no Coral h\u00e1 23 anos. Ela manteve o legado desta nobre institui\u00e7\u00e3o de ensino, a exemplo do mestre, ministrando diariamente suas aulas de m\u00fasica para as crian\u00e7as e jovens que desfrutam dos ensaios, mesmo em momentos de grandes dificuldades financeiras. Para Frei Afonso, a m\u00fasica era um meio pedag\u00f3gico para o desenvolvimento destas crian\u00e7as, al\u00e9m de levar arte a todas as pessoas.<\/p>\n<p><img loading=\"lazy\" class=\"size-full wp-image-241428 alignright\" src=\"https:\/\/franciscanos.org.br\/noticias\/wp-content\/uploads\/2022\/12\/coral_02.jpg\" alt=\"\" width=\"500\" height=\"500\" srcset=\"https:\/\/franciscanos.org.br\/noticias\/wp-content\/uploads\/2022\/12\/coral_02.jpg 500w, https:\/\/franciscanos.org.br\/noticias\/wp-content\/uploads\/2022\/12\/coral_02-450x450.jpg 450w, https:\/\/franciscanos.org.br\/noticias\/wp-content\/uploads\/2022\/12\/coral_02-300x300.jpg 300w, https:\/\/franciscanos.org.br\/noticias\/wp-content\/uploads\/2022\/12\/coral_02-150x150.jpg 150w, https:\/\/franciscanos.org.br\/noticias\/wp-content\/uploads\/2022\/12\/coral_02-100x100.jpg 100w\" sizes=\"(max-width: 500px) 100vw, 500px\" \/>O Coral Arautos do Grande Rei foi fundado em 1972, quando fez a primeira apresenta\u00e7\u00e3o na Missa de Natal. Desde ent\u00e3o, o Coral n\u00e3o parou mais de fazer apresenta\u00e7\u00f5es na cidade, no Estado e no pa\u00eds. \u00c9 hoje a mais antiga institui\u00e7\u00e3o de ensino musical da regi\u00e3o, desde 1975 faz parte da Liga Art\u00edstica do Alto Uruguai, em 1979 ingressou na Federa\u00e7\u00e3o de Meninos Cantores do Brasil, sendo declarado de utilidade p\u00fablica em 1984.<\/p>\n<p>Neste Natal, esse jubileu foi celebrado durante a Santa Missa na Igreja Matriz S\u00e3o Luiz Gonzaga de Xaxim, \u00e0s 8h30, tendo como presidentes da celebra\u00e7\u00e3o Frei Jacir Antonio Zolet e Frei Alan Maia de Fran\u00e7a Victor. Pela 50\u00aa vez, o Coral cantou e abrilhantou a Missa de Natal.<\/p>\n<p>Segundo Giseli, um concerto de comemora\u00e7\u00e3o do Jubileu no ano que vem ser\u00e1 realizado no dia 17 de mar\u00e7o, data do anivers\u00e1rio do fundador Frei Afonso. &#8220;Hoje foi a missa tradicional de Natal. Muitos anos que cantamos nessa data, que marca o dia da funda\u00e7\u00e3o do Coral&#8221;, lembrou a maestrina.\u00a0 Atualmente, o Coral \u00e9 uma institui\u00e7\u00e3o jur\u00eddica, com autonomia financeira que n\u00e3o possui v\u00ednculo com a institui\u00e7\u00e3o religiosa.<\/p>\n<p><img loading=\"lazy\" class=\"alignnone size-full wp-image-241429\" src=\"https:\/\/franciscanos.org.br\/noticias\/wp-content\/uploads\/2022\/12\/coral_03.jpg\" alt=\"\" width=\"1080\" height=\"1080\" srcset=\"https:\/\/franciscanos.org.br\/noticias\/wp-content\/uploads\/2022\/12\/coral_03.jpg 1080w, https:\/\/franciscanos.org.br\/noticias\/wp-content\/uploads\/2022\/12\/coral_03-450x450.jpg 450w, https:\/\/franciscanos.org.br\/noticias\/wp-content\/uploads\/2022\/12\/coral_03-1024x1024.jpg 1024w, https:\/\/franciscanos.org.br\/noticias\/wp-content\/uploads\/2022\/12\/coral_03-300x300.jpg 300w, https:\/\/franciscanos.org.br\/noticias\/wp-content\/uploads\/2022\/12\/coral_03-768x768.jpg 768w, https:\/\/franciscanos.org.br\/noticias\/wp-content\/uploads\/2022\/12\/coral_03-150x150.jpg 150w, https:\/\/franciscanos.org.br\/noticias\/wp-content\/uploads\/2022\/12\/coral_03-100x100.jpg 100w\" sizes=\"(max-width: 1080px) 100vw, 1080px\" \/><\/p>\n<p>&#8220;O Coral Arautos do Grande Rei surgiu a partir de um grupo de coroinhas sob a tutela do Frei Afonso Vogel, que levou seus ensinamentos atrav\u00e9s de gera\u00e7\u00f5es de meninos e meninas cantores. Hoje, lembramos com carinho de quem dedicou sua vida \u00e0 m\u00fasica, educa\u00e7\u00e3o e f\u00e9, sempre com muito amor, paci\u00eancia e serenidade&#8221;, recorda Gisele, que ingressou no Coral\u00a0 com 8 anos em 1990.<\/p>\n<p>&#8220;Nosso objetivo continua o mesmo de funda\u00e7\u00e3o. Cantar na igreja matriz s\u00e3o Luiz Gonzaga&#8221;, lembra Gisele.<\/p>\n<p>Para Giseli, disc\u00edpula direta de Frei Afonso, quando questionada sobre qual o maior ensinamento que recebeu do Frei Afonso, com afeto \u00edmpar responde: \u201cO coral era tudo para o Frei e assim o coral \u00e9 a maior heran\u00e7a que ele poderia ter deixado, ent\u00e3o tamb\u00e9m significa tudo na minha vida. Meu desejo \u00e9 que Deus me ajude para que eu consiga dar continuidade para essa obra sendo para os alunos, pelo menos uma parte do que o Frei foi\u201d, dizia ao &#8220;L\u00ea Not\u00edcias&#8221;.<\/p>\n<p><img loading=\"lazy\" class=\"alignnone size-full wp-image-241430\" src=\"https:\/\/franciscanos.org.br\/noticias\/wp-content\/uploads\/2022\/12\/coral_04.jpg\" alt=\"\" width=\"1280\" height=\"853\" srcset=\"https:\/\/franciscanos.org.br\/noticias\/wp-content\/uploads\/2022\/12\/coral_04.jpg 1280w, https:\/\/franciscanos.org.br\/noticias\/wp-content\/uploads\/2022\/12\/coral_04-450x300.jpg 450w, https:\/\/franciscanos.org.br\/noticias\/wp-content\/uploads\/2022\/12\/coral_04-1024x682.jpg 1024w, https:\/\/franciscanos.org.br\/noticias\/wp-content\/uploads\/2022\/12\/coral_04-768x512.jpg 768w, https:\/\/franciscanos.org.br\/noticias\/wp-content\/uploads\/2022\/12\/coral_04-150x100.jpg 150w\" sizes=\"(max-width: 1280px) 100vw, 1280px\" \/><\/p>\n<p>Em outubro \u00faltimo, o Coral participou, do dia 10 ao dia 16, da XVII edi\u00e7\u00e3o do Congresso Nacional Pueri Cantores, sediado, neste ano de 2022, na cidade de Passos em Minas Gerais. O congresso, contando com a presen\u00e7a de 14 corais de diferentes regi\u00f5es do Brasil, tem por intuito proporcionar a m\u00fatua partilha entre \u00e0s experi\u00eancias destes grupos corais e evidenciar a beleza da m\u00fasica sacra para o cen\u00e1rio nacional.<\/p>\n<p>Em 1971, Frei Afonso foi transferido para Xaxim. Padre novo, com 38 anos, chegou para ser vig\u00e1rio numa par\u00f3quia grande. Em 1972, num ensaio de canto para 20 coroinhas, nasceu o coral. \u201cA ideia nunca chegou a ser a de formar um coral, mas de a matriz ter crian\u00e7as que cantassem bonito. Ent\u00e3o, comecei a treinar com eles durante o ano e, no Natal de 1972, cantamos pela primeira vez na Igreja um repert\u00f3rio natalino, bem simples. N\u00e3o me lembro se foi a duas vozes. Mas eram cantos bem entoados! O Frei Valentim colocou na cr\u00f4nica da casa que o povo chorou de alegria naquela noite. Nunca tinha escutado um coral de crian\u00e7as. Hoje ainda as pessoas se emocionam nas apresenta\u00e7\u00f5es dos Arautos\u201d, dizia Frei Afonso em entrevista ao site \u201cFranciscanos\u201d.<\/p>\n<p>A sede do Arautos, ao lado esquerdo da matriz, foi inaugurada em 1981 e depois foi ampliada. Nos primeiros oito anos de sua exist\u00eancia, o Coral ensaiava no 1\u00ba andar da casa can\u00f4nica de Xaxim. S\u00e3o 250 metros quadrados constru\u00eddos, divididos em salas de ensaios, diretoria, saleta para guarda-roupas e dois vesti\u00e1rios com banheiros.<\/p>\n<hr \/>\n<p><em>Comunica\u00e7\u00e3o da Prov\u00edncia<\/em><\/p>\n","protected":false},"excerpt":{"rendered":"<p>O legado de Frei Afonso Vogel<\/p>\n","protected":false},"author":3,"featured_media":241427,"comment_status":"open","ping_status":"open","sticky":false,"template":"","format":"standard","meta":[],"categories":[1],"tags":[1325],"acf":[],"yoast_head":"<!-- This site is optimized with the Yoast SEO plugin v19.2 - https:\/\/yoast.com\/wordpress\/plugins\/seo\/ -->\n<title>Coral Arautos do Grande Rei celebra Jubileu de 50 anos neste Natal - Not\u00edcias - Franciscanos<\/title>\n<meta name=\"robots\" content=\"index, follow, max-snippet:-1, max-image-preview:large, max-video-preview:-1\" \/>\n<link rel=\"canonical\" href=\"https:\/\/franciscanos.org.br\/noticias\/coral-arautos-do-grande-rei-celebra-jubileu-de-50-anos-neste-natal.html\" \/>\n<meta property=\"og:locale\" content=\"pt_BR\" \/>\n<meta property=\"og:type\" content=\"article\" \/>\n<meta property=\"og:title\" content=\"Coral Arautos do Grande Rei celebra Jubileu de 50 anos neste Natal - Not\u00edcias - Franciscanos\" \/>\n<meta property=\"og:description\" content=\"O legado de Frei Afonso Vogel\" \/>\n<meta property=\"og:url\" content=\"https:\/\/franciscanos.org.br\/noticias\/coral-arautos-do-grande-rei-celebra-jubileu-de-50-anos-neste-natal.html\" \/>\n<meta property=\"og:site_name\" content=\"Not\u00edcias - Franciscanos\" \/>\n<meta property=\"article:published_time\" content=\"2022-12-26T09:18:17+00:00\" \/>\n<meta property=\"article:modified_time\" content=\"2022-12-29T21:14:07+00:00\" \/>\n<meta property=\"og:image\" content=\"https:\/\/franciscanos.org.br\/noticias\/wp-content\/uploads\/2022\/12\/coral_2612.jpg\" \/>\n\t<meta property=\"og:image:width\" content=\"1280\" \/>\n\t<meta property=\"og:image:height\" content=\"720\" \/>\n\t<meta property=\"og:image:type\" content=\"image\/jpeg\" \/>\n<meta name=\"author\" content=\"moacir\" \/>\n<meta name=\"twitter:card\" content=\"summary_large_image\" \/>\n<meta name=\"twitter:label1\" content=\"Escrito por\" \/>\n\t<meta name=\"twitter:data1\" content=\"moacir\" \/>\n\t<meta name=\"twitter:label2\" content=\"Est. tempo de leitura\" \/>\n\t<meta name=\"twitter:data2\" content=\"4 minutos\" \/>\n<script type=\"application\/ld+json\" class=\"yoast-schema-graph\">{\"@context\":\"https:\/\/schema.org\",\"@graph\":[{\"@type\":\"WebSite\",\"@id\":\"https:\/\/franciscanos.org.br\/noticias\/#website\",\"url\":\"https:\/\/franciscanos.org.br\/noticias\/\",\"name\":\"Not\u00edcias - Franciscanos\",\"description\":\"Prov\u00edncia Franciscana da Imaculada Concei\u00e7\u00e3o do Brasil - Ordem dos Frades Menores - OFM\",\"potentialAction\":[{\"@type\":\"SearchAction\",\"target\":{\"@type\":\"EntryPoint\",\"urlTemplate\":\"https:\/\/franciscanos.org.br\/noticias\/?s={search_term_string}\"},\"query-input\":\"required name=search_term_string\"}],\"inLanguage\":\"pt-BR\"},{\"@type\":\"ImageObject\",\"inLanguage\":\"pt-BR\",\"@id\":\"https:\/\/franciscanos.org.br\/noticias\/coral-arautos-do-grande-rei-celebra-jubileu-de-50-anos-neste-natal.html#primaryimage\",\"url\":\"https:\/\/franciscanos.org.br\/noticias\/wp-content\/uploads\/2022\/12\/coral_2612.jpg\",\"contentUrl\":\"https:\/\/franciscanos.org.br\/noticias\/wp-content\/uploads\/2022\/12\/coral_2612.jpg\",\"width\":1280,\"height\":720},{\"@type\":\"WebPage\",\"@id\":\"https:\/\/franciscanos.org.br\/noticias\/coral-arautos-do-grande-rei-celebra-jubileu-de-50-anos-neste-natal.html#webpage\",\"url\":\"https:\/\/franciscanos.org.br\/noticias\/coral-arautos-do-grande-rei-celebra-jubileu-de-50-anos-neste-natal.html\",\"name\":\"Coral Arautos do Grande Rei celebra Jubileu de 50 anos neste Natal - Not\u00edcias - Franciscanos\",\"isPartOf\":{\"@id\":\"https:\/\/franciscanos.org.br\/noticias\/#website\"},\"primaryImageOfPage\":{\"@id\":\"https:\/\/franciscanos.org.br\/noticias\/coral-arautos-do-grande-rei-celebra-jubileu-de-50-anos-neste-natal.html#primaryimage\"},\"datePublished\":\"2022-12-26T09:18:17+00:00\",\"dateModified\":\"2022-12-29T21:14:07+00:00\",\"author\":{\"@id\":\"https:\/\/franciscanos.org.br\/noticias\/#\/schema\/person\/b5c8cba458c330ccff548b056e95a5d4\"},\"breadcrumb\":{\"@id\":\"https:\/\/franciscanos.org.br\/noticias\/coral-arautos-do-grande-rei-celebra-jubileu-de-50-anos-neste-natal.html#breadcrumb\"},\"inLanguage\":\"pt-BR\",\"potentialAction\":[{\"@type\":\"ReadAction\",\"target\":[\"https:\/\/franciscanos.org.br\/noticias\/coral-arautos-do-grande-rei-celebra-jubileu-de-50-anos-neste-natal.html\"]}]},{\"@type\":\"BreadcrumbList\",\"@id\":\"https:\/\/franciscanos.org.br\/noticias\/coral-arautos-do-grande-rei-celebra-jubileu-de-50-anos-neste-natal.html#breadcrumb\",\"itemListElement\":[{\"@type\":\"ListItem\",\"position\":1,\"name\":\"Home\",\"item\":\"https:\/\/franciscanos.org.br\/noticias\"},{\"@type\":\"ListItem\",\"position\":2,\"name\":\"Coral Arautos do Grande Rei celebra Jubileu de 50 anos neste Natal\"}]},{\"@type\":\"Person\",\"@id\":\"https:\/\/franciscanos.org.br\/noticias\/#\/schema\/person\/b5c8cba458c330ccff548b056e95a5d4\",\"name\":\"moacir\",\"image\":{\"@type\":\"ImageObject\",\"inLanguage\":\"pt-BR\",\"@id\":\"https:\/\/franciscanos.org.br\/noticias\/#\/schema\/person\/image\/\",\"url\":\"https:\/\/secure.gravatar.com\/avatar\/d08aa2ce4c8dd416d4479aa8536fcf64?s=96&d=mm&r=g\",\"contentUrl\":\"https:\/\/secure.gravatar.com\/avatar\/d08aa2ce4c8dd416d4479aa8536fcf64?s=96&d=mm&r=g\",\"caption\":\"moacir\"},\"url\":\"https:\/\/franciscanos.org.br\/noticias\/author\/moacir\"}]}<\/script>\n<!-- \/ Yoast SEO plugin. -->","yoast_head_json":{"title":"Coral Arautos do Grande Rei celebra Jubileu de 50 anos neste Natal - Not\u00edcias - Franciscanos","robots":{"index":"index","follow":"follow","max-snippet":"max-snippet:-1","max-image-preview":"max-image-preview:large","max-video-preview":"max-video-preview:-1"},"canonical":"https:\/\/franciscanos.org.br\/noticias\/coral-arautos-do-grande-rei-celebra-jubileu-de-50-anos-neste-natal.html","og_locale":"pt_BR","og_type":"article","og_title":"Coral Arautos do Grande Rei celebra Jubileu de 50 anos neste Natal - Not\u00edcias - Franciscanos","og_description":"O legado de Frei Afonso Vogel","og_url":"https:\/\/franciscanos.org.br\/noticias\/coral-arautos-do-grande-rei-celebra-jubileu-de-50-anos-neste-natal.html","og_site_name":"Not\u00edcias - Franciscanos","article_published_time":"2022-12-26T09:18:17+00:00","article_modified_time":"2022-12-29T21:14:07+00:00","og_image":[{"width":1280,"height":720,"url":"https:\/\/franciscanos.org.br\/noticias\/wp-content\/uploads\/2022\/12\/coral_2612.jpg","type":"image\/jpeg"}],"author":"moacir","twitter_card":"summary_large_image","twitter_misc":{"Escrito por":"moacir","Est. tempo de leitura":"4 minutos"},"schema":{"@context":"https:\/\/schema.org","@graph":[{"@type":"WebSite","@id":"https:\/\/franciscanos.org.br\/noticias\/#website","url":"https:\/\/franciscanos.org.br\/noticias\/","name":"Not\u00edcias - Franciscanos","description":"Prov\u00edncia Franciscana da Imaculada Concei\u00e7\u00e3o do Brasil - Ordem dos Frades Menores - OFM","potentialAction":[{"@type":"SearchAction","target":{"@type":"EntryPoint","urlTemplate":"https:\/\/franciscanos.org.br\/noticias\/?s={search_term_string}"},"query-input":"required name=search_term_string"}],"inLanguage":"pt-BR"},{"@type":"ImageObject","inLanguage":"pt-BR","@id":"https:\/\/franciscanos.org.br\/noticias\/coral-arautos-do-grande-rei-celebra-jubileu-de-50-anos-neste-natal.html#primaryimage","url":"https:\/\/franciscanos.org.br\/noticias\/wp-content\/uploads\/2022\/12\/coral_2612.jpg","contentUrl":"https:\/\/franciscanos.org.br\/noticias\/wp-content\/uploads\/2022\/12\/coral_2612.jpg","width":1280,"height":720},{"@type":"WebPage","@id":"https:\/\/franciscanos.org.br\/noticias\/coral-arautos-do-grande-rei-celebra-jubileu-de-50-anos-neste-natal.html#webpage","url":"https:\/\/franciscanos.org.br\/noticias\/coral-arautos-do-grande-rei-celebra-jubileu-de-50-anos-neste-natal.html","name":"Coral Arautos do Grande Rei celebra Jubileu de 50 anos neste Natal - Not\u00edcias - Franciscanos","isPartOf":{"@id":"https:\/\/franciscanos.org.br\/noticias\/#website"},"primaryImageOfPage":{"@id":"https:\/\/franciscanos.org.br\/noticias\/coral-arautos-do-grande-rei-celebra-jubileu-de-50-anos-neste-natal.html#primaryimage"},"datePublished":"2022-12-26T09:18:17+00:00","dateModified":"2022-12-29T21:14:07+00:00","author":{"@id":"https:\/\/franciscanos.org.br\/noticias\/#\/schema\/person\/b5c8cba458c330ccff548b056e95a5d4"},"breadcrumb":{"@id":"https:\/\/franciscanos.org.br\/noticias\/coral-arautos-do-grande-rei-celebra-jubileu-de-50-anos-neste-natal.html#breadcrumb"},"inLanguage":"pt-BR","potentialAction":[{"@type":"ReadAction","target":["https:\/\/franciscanos.org.br\/noticias\/coral-arautos-do-grande-rei-celebra-jubileu-de-50-anos-neste-natal.html"]}]},{"@type":"BreadcrumbList","@id":"https:\/\/franciscanos.org.br\/noticias\/coral-arautos-do-grande-rei-celebra-jubileu-de-50-anos-neste-natal.html#breadcrumb","itemListElement":[{"@type":"ListItem","position":1,"name":"Home","item":"https:\/\/franciscanos.org.br\/noticias"},{"@type":"ListItem","position":2,"name":"Coral Arautos do Grande Rei celebra Jubileu de 50 anos neste Natal"}]},{"@type":"Person","@id":"https:\/\/franciscanos.org.br\/noticias\/#\/schema\/person\/b5c8cba458c330ccff548b056e95a5d4","name":"moacir","image":{"@type":"ImageObject","inLanguage":"pt-BR","@id":"https:\/\/franciscanos.org.br\/noticias\/#\/schema\/person\/image\/","url":"https:\/\/secure.gravatar.com\/avatar\/d08aa2ce4c8dd416d4479aa8536fcf64?s=96&d=mm&r=g","contentUrl":"https:\/\/secure.gravatar.com\/avatar\/d08aa2ce4c8dd416d4479aa8536fcf64?s=96&d=mm&r=g","caption":"moacir"},"url":"https:\/\/franciscanos.org.br\/noticias\/author\/moacir"}]}},"_links":{"self":[{"href":"https:\/\/franciscanos.org.br\/noticias\/wp-json\/wp\/v2\/posts\/241426"}],"collection":[{"href":"https:\/\/franciscanos.org.br\/noticias\/wp-json\/wp\/v2\/posts"}],"about":[{"href":"https:\/\/franciscanos.org.br\/noticias\/wp-json\/wp\/v2\/types\/post"}],"author":[{"embeddable":true,"href":"https:\/\/franciscanos.org.br\/noticias\/wp-json\/wp\/v2\/users\/3"}],"replies":[{"embeddable":true,"href":"https:\/\/franciscanos.org.br\/noticias\/wp-json\/wp\/v2\/comments?post=241426"}],"version-history":[{"count":2,"href":"https:\/\/franciscanos.org.br\/noticias\/wp-json\/wp\/v2\/posts\/241426\/revisions"}],"predecessor-version":[{"id":241438,"href":"https:\/\/franciscanos.org.br\/noticias\/wp-json\/wp\/v2\/posts\/241426\/revisions\/241438"}],"wp:featuredmedia":[{"embeddable":true,"href":"https:\/\/franciscanos.org.br\/noticias\/wp-json\/wp\/v2\/media\/241427"}],"wp:attachment":[{"href":"https:\/\/franciscanos.org.br\/noticias\/wp-json\/wp\/v2\/media?parent=241426"}],"wp:term":[{"taxonomy":"category","embeddable":true,"href":"https:\/\/franciscanos.org.br\/noticias\/wp-json\/wp\/v2\/categories?post=241426"},{"taxonomy":"post_tag","embeddable":true,"href":"https:\/\/franciscanos.org.br\/noticias\/wp-json\/wp\/v2\/tags?post=241426"}],"curies":[{"name":"wp","href":"https:\/\/api.w.org\/{rel}","templated":true}]}}