{"id":241402,"date":"2022-12-21T15:52:00","date_gmt":"2022-12-21T18:52:00","guid":{"rendered":"https:\/\/franciscanos.org.br\/noticias\/?p=241402"},"modified":"2022-12-21T15:58:19","modified_gmt":"2022-12-21T18:58:19","slug":"canarinhos-apresentam-oratorio-de-natal-no-rio-de-janeiro-e-publico-lota-a-sala-cecilia-meireles","status":"publish","type":"post","link":"https:\/\/franciscanos.org.br\/noticias\/canarinhos-apresentam-oratorio-de-natal-no-rio-de-janeiro-e-publico-lota-a-sala-cecilia-meireles.html","title":{"rendered":"Canarinhos apresentam Orat\u00f3rio de Natal no Rio de Janeiro e p\u00fablico lota a Sala Cec\u00edlia Meireles"},"content":{"rendered":"<p><b><img loading=\"lazy\" class=\"alignnone wp-image-241405 size-full\" src=\"https:\/\/franciscanos.org.br\/noticias\/wp-content\/uploads\/2022\/12\/concerto_191222-scaled.jpg\" alt=\"\" width=\"1920\" height=\"1125\" srcset=\"https:\/\/franciscanos.org.br\/noticias\/wp-content\/uploads\/2022\/12\/concerto_191222-scaled.jpg 1920w, https:\/\/franciscanos.org.br\/noticias\/wp-content\/uploads\/2022\/12\/concerto_191222-450x264.jpg 450w, https:\/\/franciscanos.org.br\/noticias\/wp-content\/uploads\/2022\/12\/concerto_191222-1024x600.jpg 1024w, https:\/\/franciscanos.org.br\/noticias\/wp-content\/uploads\/2022\/12\/concerto_191222-768x450.jpg 768w, https:\/\/franciscanos.org.br\/noticias\/wp-content\/uploads\/2022\/12\/concerto_191222-1536x900.jpg 1536w, https:\/\/franciscanos.org.br\/noticias\/wp-content\/uploads\/2022\/12\/concerto_191222-2048x1200.jpg 2048w, https:\/\/franciscanos.org.br\/noticias\/wp-content\/uploads\/2022\/12\/concerto_191222-150x88.jpg 150w\" sizes=\"(max-width: 1920px) 100vw, 1920px\" \/>Rio de Janeiro (RJ) \u2013<\/b> Na \u00faltima segunda-feira (19\/12), o Coral dos Canarinhos e o Coral das Meninas dos Canarinhos de Petr\u00f3polis apresentaram o \u201cOrat\u00f3rio de Natal\u201d na Sala Cec\u00edlia Meireles do Rio de Janeiro, uma das salas mais tradicionais do Brasil. O concerto contou com a reg\u00eancia do experiente maestro e diretor art\u00edstico do Instituto dos Meninos Cantores (IMCP), Marco Aur\u00e9lio Lischt e a participa\u00e7\u00e3o da Orquestra Sinf\u00f4nica da UFRJ. O p\u00fablico lotou o evento, com ingressos esgotados dias antes da atra\u00e7\u00e3o.<\/p>\n<p><span style=\"font-weight: 400;\">O espet\u00e1culo de Bach \u201cOrat\u00f3rio de Natal Bwv 248 \u2013 Cantatas 1, 2 e 3\u201d, exigiu muita prepara\u00e7\u00e3o e disciplina dos jovens cantores e de toda a equipe do IMCP. Desde setembro, mais de 60 coralistas estiveram ensaiando um repert\u00f3rio que, segundo o maestro, \u00e9 normalmente apresentado somente por coros profissionais e, ainda assim, por poucos deles. Isso justifica tamanho desafio de interpreta\u00e7\u00e3o.<\/span><\/p>\n<p><span style=\"font-weight: 400;\"> <img loading=\"lazy\" class=\"alignnone wp-image-241406 size-full\" src=\"https:\/\/franciscanos.org.br\/noticias\/wp-content\/uploads\/2022\/12\/concerto_191222_1-scaled.jpg\" alt=\"\" width=\"1843\" height=\"1080\" srcset=\"https:\/\/franciscanos.org.br\/noticias\/wp-content\/uploads\/2022\/12\/concerto_191222_1-scaled.jpg 1843w, https:\/\/franciscanos.org.br\/noticias\/wp-content\/uploads\/2022\/12\/concerto_191222_1-450x264.jpg 450w, https:\/\/franciscanos.org.br\/noticias\/wp-content\/uploads\/2022\/12\/concerto_191222_1-1024x600.jpg 1024w, https:\/\/franciscanos.org.br\/noticias\/wp-content\/uploads\/2022\/12\/concerto_191222_1-768x450.jpg 768w, https:\/\/franciscanos.org.br\/noticias\/wp-content\/uploads\/2022\/12\/concerto_191222_1-1536x900.jpg 1536w, https:\/\/franciscanos.org.br\/noticias\/wp-content\/uploads\/2022\/12\/concerto_191222_1-2048x1200.jpg 2048w, https:\/\/franciscanos.org.br\/noticias\/wp-content\/uploads\/2022\/12\/concerto_191222_1-150x88.jpg 150w\" sizes=\"(max-width: 1843px) 100vw, 1843px\" \/><\/span><\/p>\n<p><span style=\"font-weight: 400;\">\u201cO Orat\u00f3rio de Natal de Johann Sebastian Bach \u00e9 uma pe\u00e7a de grande envergadura da Literatura para Coro e Orquestra e tamb\u00e9m uma das pe\u00e7as mais executadas no mundo inteiro. \u00c9 uma obra desafiadora por conta da l\u00edngua alem\u00e3 e pelo entendimento de toda a ret\u00f3rica que se esconde atr\u00e1s dos textos cantados pelo coro e que faz com que a obra seja dramatizada em cima do nascimento de Jesus Cristo\u201d, explicou Lischt.<\/span><\/p>\n<p><span style=\"font-weight: 400;\">\u201cHoje \u00e9 um dia de festa, \u00e9 um dia muito feliz, porque n\u00f3s encerramos a temporada 2022 onde conseguimos fazer mais de 70 concertos aqui neste palco, 30 destes concertos n\u00f3s fizemos chegar at\u00e9 voc\u00eas atrav\u00e9s da Tv da Assembleia Legislativa do Estado do Rio de Janeiro (Alerj)\u201d, disse Jo\u00e3o Guilherme Ripper, diretor da Sala Cec\u00edlia Meireles, no in\u00edcio da apresenta\u00e7\u00e3o. \u201cPara que tudo isso fosse poss\u00edvel, n\u00f3s tivemos o apoio de muita gente\u201d, frisou, agradecendo a equipe da Sala Cec\u00edlia Meireles, aos patrocinadores e a todos os m\u00fasicos da temporada de 2022.\u00a0<\/span><\/p>\n<p><span style=\"font-weight: 400;\"> <img loading=\"lazy\" class=\"alignnone wp-image-241404 size-full\" src=\"https:\/\/franciscanos.org.br\/noticias\/wp-content\/uploads\/2022\/12\/concerto_191222_2-scaled.jpg\" alt=\"\" width=\"1843\" height=\"1080\" srcset=\"https:\/\/franciscanos.org.br\/noticias\/wp-content\/uploads\/2022\/12\/concerto_191222_2-scaled.jpg 1843w, https:\/\/franciscanos.org.br\/noticias\/wp-content\/uploads\/2022\/12\/concerto_191222_2-450x264.jpg 450w, https:\/\/franciscanos.org.br\/noticias\/wp-content\/uploads\/2022\/12\/concerto_191222_2-1024x600.jpg 1024w, https:\/\/franciscanos.org.br\/noticias\/wp-content\/uploads\/2022\/12\/concerto_191222_2-768x450.jpg 768w, https:\/\/franciscanos.org.br\/noticias\/wp-content\/uploads\/2022\/12\/concerto_191222_2-1536x900.jpg 1536w, https:\/\/franciscanos.org.br\/noticias\/wp-content\/uploads\/2022\/12\/concerto_191222_2-2048x1200.jpg 2048w, https:\/\/franciscanos.org.br\/noticias\/wp-content\/uploads\/2022\/12\/concerto_191222_2-150x88.jpg 150w\" sizes=\"(max-width: 1843px) 100vw, 1843px\" \/><\/span><\/p>\n\n\t\t<style type=\"text\/css\">\n\t\t\t#gallery-1 {\n\t\t\t\tmargin: auto;\n\t\t\t}\n\t\t\t#gallery-1 .gallery-item {\n\t\t\t\tfloat: left;\n\t\t\t\tmargin-top: 10px;\n\t\t\t\ttext-align: center;\n\t\t\t\twidth: 12%;\n\t\t\t}\n\t\t\t#gallery-1 img {\n\t\t\t\tborder: 2px solid #cfcfcf;\n\t\t\t}\n\t\t\t#gallery-1 .gallery-caption {\n\t\t\t\tmargin-left: 0;\n\t\t\t}\n\t\t\t\/* see gallery_shortcode() in wp-includes\/media.php *\/\n\t\t<\/style>\n\t\t<div id='gallery-1' class='gallery galleryid-241402 gallery-columns-8 gallery-size-thumbnail'><dl class='gallery-item'>\n\t\t\t<dt class='gallery-icon landscape'>\n\t\t\t\t<a href='https:\/\/franciscanos.org.br\/noticias\/wp-content\/uploads\/2022\/12\/oratorio_191222-de-natal-sala-cecilia-meireles-andrea-nestrea-alta-4-Grande.jpeg'><img width=\"300\" height=\"300\" src=\"https:\/\/franciscanos.org.br\/noticias\/wp-content\/uploads\/2022\/12\/oratorio_191222-de-natal-sala-cecilia-meireles-andrea-nestrea-alta-4-Grande-300x300.jpeg\" class=\"attachment-thumbnail size-thumbnail\" alt=\"\" loading=\"lazy\" srcset=\"https:\/\/franciscanos.org.br\/noticias\/wp-content\/uploads\/2022\/12\/oratorio_191222-de-natal-sala-cecilia-meireles-andrea-nestrea-alta-4-Grande-300x300.jpeg 300w, https:\/\/franciscanos.org.br\/noticias\/wp-content\/uploads\/2022\/12\/oratorio_191222-de-natal-sala-cecilia-meireles-andrea-nestrea-alta-4-Grande-100x100.jpeg 100w\" sizes=\"(max-width: 300px) 100vw, 300px\" \/><\/a>\n\t\t\t<\/dt><\/dl><dl class='gallery-item'>\n\t\t\t<dt class='gallery-icon landscape'>\n\t\t\t\t<a href='https:\/\/franciscanos.org.br\/noticias\/wp-content\/uploads\/2022\/12\/oratorio_191222-de-natal-sala-cecilia-meireles-andrea-nestrea-alta-10-Grande.jpeg'><img width=\"300\" height=\"300\" src=\"https:\/\/franciscanos.org.br\/noticias\/wp-content\/uploads\/2022\/12\/oratorio_191222-de-natal-sala-cecilia-meireles-andrea-nestrea-alta-10-Grande-300x300.jpeg\" class=\"attachment-thumbnail size-thumbnail\" alt=\"\" loading=\"lazy\" srcset=\"https:\/\/franciscanos.org.br\/noticias\/wp-content\/uploads\/2022\/12\/oratorio_191222-de-natal-sala-cecilia-meireles-andrea-nestrea-alta-10-Grande-300x300.jpeg 300w, https:\/\/franciscanos.org.br\/noticias\/wp-content\/uploads\/2022\/12\/oratorio_191222-de-natal-sala-cecilia-meireles-andrea-nestrea-alta-10-Grande-100x100.jpeg 100w\" sizes=\"(max-width: 300px) 100vw, 300px\" \/><\/a>\n\t\t\t<\/dt><\/dl><dl class='gallery-item'>\n\t\t\t<dt class='gallery-icon landscape'>\n\t\t\t\t<a href='https:\/\/franciscanos.org.br\/noticias\/wp-content\/uploads\/2022\/12\/oratorio_191222-de-natal-sala-cecilia-meireles-andrea-nestrea-alta-45-Grande.jpeg'><img width=\"300\" height=\"300\" src=\"https:\/\/franciscanos.org.br\/noticias\/wp-content\/uploads\/2022\/12\/oratorio_191222-de-natal-sala-cecilia-meireles-andrea-nestrea-alta-45-Grande-300x300.jpeg\" class=\"attachment-thumbnail size-thumbnail\" alt=\"\" loading=\"lazy\" srcset=\"https:\/\/franciscanos.org.br\/noticias\/wp-content\/uploads\/2022\/12\/oratorio_191222-de-natal-sala-cecilia-meireles-andrea-nestrea-alta-45-Grande-300x300.jpeg 300w, https:\/\/franciscanos.org.br\/noticias\/wp-content\/uploads\/2022\/12\/oratorio_191222-de-natal-sala-cecilia-meireles-andrea-nestrea-alta-45-Grande-100x100.jpeg 100w\" sizes=\"(max-width: 300px) 100vw, 300px\" \/><\/a>\n\t\t\t<\/dt><\/dl><dl class='gallery-item'>\n\t\t\t<dt class='gallery-icon landscape'>\n\t\t\t\t<a href='https:\/\/franciscanos.org.br\/noticias\/wp-content\/uploads\/2022\/12\/oratorio_191222-de-natal-sala-cecilia-meireles-andrea-nestrea-alta-24-Grande.jpeg'><img width=\"300\" height=\"300\" src=\"https:\/\/franciscanos.org.br\/noticias\/wp-content\/uploads\/2022\/12\/oratorio_191222-de-natal-sala-cecilia-meireles-andrea-nestrea-alta-24-Grande-300x300.jpeg\" class=\"attachment-thumbnail size-thumbnail\" alt=\"\" loading=\"lazy\" srcset=\"https:\/\/franciscanos.org.br\/noticias\/wp-content\/uploads\/2022\/12\/oratorio_191222-de-natal-sala-cecilia-meireles-andrea-nestrea-alta-24-Grande-300x300.jpeg 300w, https:\/\/franciscanos.org.br\/noticias\/wp-content\/uploads\/2022\/12\/oratorio_191222-de-natal-sala-cecilia-meireles-andrea-nestrea-alta-24-Grande-100x100.jpeg 100w\" sizes=\"(max-width: 300px) 100vw, 300px\" \/><\/a>\n\t\t\t<\/dt><\/dl><dl class='gallery-item'>\n\t\t\t<dt class='gallery-icon landscape'>\n\t\t\t\t<a href='https:\/\/franciscanos.org.br\/noticias\/wp-content\/uploads\/2022\/12\/oratorio_191222-de-natal-sala-cecilia-meireles-andrea-nestrea-alta-43-Grande.jpeg'><img width=\"300\" height=\"300\" src=\"https:\/\/franciscanos.org.br\/noticias\/wp-content\/uploads\/2022\/12\/oratorio_191222-de-natal-sala-cecilia-meireles-andrea-nestrea-alta-43-Grande-300x300.jpeg\" class=\"attachment-thumbnail size-thumbnail\" alt=\"\" loading=\"lazy\" srcset=\"https:\/\/franciscanos.org.br\/noticias\/wp-content\/uploads\/2022\/12\/oratorio_191222-de-natal-sala-cecilia-meireles-andrea-nestrea-alta-43-Grande-300x300.jpeg 300w, https:\/\/franciscanos.org.br\/noticias\/wp-content\/uploads\/2022\/12\/oratorio_191222-de-natal-sala-cecilia-meireles-andrea-nestrea-alta-43-Grande-100x100.jpeg 100w\" sizes=\"(max-width: 300px) 100vw, 300px\" \/><\/a>\n\t\t\t<\/dt><\/dl><dl class='gallery-item'>\n\t\t\t<dt class='gallery-icon landscape'>\n\t\t\t\t<a href='https:\/\/franciscanos.org.br\/noticias\/wp-content\/uploads\/2022\/12\/oratorio_191222-de-natal-sala-cecilia-meireles-andrea-nestrea-alta-79-Grande.jpeg'><img width=\"300\" height=\"300\" src=\"https:\/\/franciscanos.org.br\/noticias\/wp-content\/uploads\/2022\/12\/oratorio_191222-de-natal-sala-cecilia-meireles-andrea-nestrea-alta-79-Grande-300x300.jpeg\" class=\"attachment-thumbnail size-thumbnail\" alt=\"\" loading=\"lazy\" srcset=\"https:\/\/franciscanos.org.br\/noticias\/wp-content\/uploads\/2022\/12\/oratorio_191222-de-natal-sala-cecilia-meireles-andrea-nestrea-alta-79-Grande-300x300.jpeg 300w, https:\/\/franciscanos.org.br\/noticias\/wp-content\/uploads\/2022\/12\/oratorio_191222-de-natal-sala-cecilia-meireles-andrea-nestrea-alta-79-Grande-100x100.jpeg 100w\" sizes=\"(max-width: 300px) 100vw, 300px\" \/><\/a>\n\t\t\t<\/dt><\/dl><dl class='gallery-item'>\n\t\t\t<dt class='gallery-icon landscape'>\n\t\t\t\t<a href='https:\/\/franciscanos.org.br\/noticias\/wp-content\/uploads\/2022\/12\/oratorio_191222-de-natal-sala-cecilia-meireles-andrea-nestrea-alta-53-Grande.jpeg'><img width=\"300\" height=\"300\" src=\"https:\/\/franciscanos.org.br\/noticias\/wp-content\/uploads\/2022\/12\/oratorio_191222-de-natal-sala-cecilia-meireles-andrea-nestrea-alta-53-Grande-300x300.jpeg\" class=\"attachment-thumbnail size-thumbnail\" alt=\"\" loading=\"lazy\" srcset=\"https:\/\/franciscanos.org.br\/noticias\/wp-content\/uploads\/2022\/12\/oratorio_191222-de-natal-sala-cecilia-meireles-andrea-nestrea-alta-53-Grande-300x300.jpeg 300w, https:\/\/franciscanos.org.br\/noticias\/wp-content\/uploads\/2022\/12\/oratorio_191222-de-natal-sala-cecilia-meireles-andrea-nestrea-alta-53-Grande-100x100.jpeg 100w\" sizes=\"(max-width: 300px) 100vw, 300px\" \/><\/a>\n\t\t\t<\/dt><\/dl><dl class='gallery-item'>\n\t\t\t<dt class='gallery-icon landscape'>\n\t\t\t\t<a href='https:\/\/franciscanos.org.br\/noticias\/wp-content\/uploads\/2022\/12\/oratorio_191222-de-natal-sala-cecilia-meireles-andrea-nestrea-alta-74-Grande.jpeg'><img width=\"300\" height=\"300\" src=\"https:\/\/franciscanos.org.br\/noticias\/wp-content\/uploads\/2022\/12\/oratorio_191222-de-natal-sala-cecilia-meireles-andrea-nestrea-alta-74-Grande-300x300.jpeg\" class=\"attachment-thumbnail size-thumbnail\" alt=\"\" loading=\"lazy\" srcset=\"https:\/\/franciscanos.org.br\/noticias\/wp-content\/uploads\/2022\/12\/oratorio_191222-de-natal-sala-cecilia-meireles-andrea-nestrea-alta-74-Grande-300x300.jpeg 300w, https:\/\/franciscanos.org.br\/noticias\/wp-content\/uploads\/2022\/12\/oratorio_191222-de-natal-sala-cecilia-meireles-andrea-nestrea-alta-74-Grande-100x100.jpeg 100w\" sizes=\"(max-width: 300px) 100vw, 300px\" \/><\/a>\n\t\t\t<\/dt><\/dl><br style=\"clear: both\" \/>\n\t\t<\/div>\n\n<p><em>(clique nas imagens para ampli\u00e2-las)<\/em><\/p>\n<p><span style=\"font-weight: 400;\">Para o maestro da UFRJ, Andr\u00e9 Cardoso, encerrar a temporada de apresenta\u00e7\u00f5es da Sala Cec\u00edlia Meireles \u00e9 motivo de alegria e satisfa\u00e7\u00e3o. \u201cAntes de tudo, queria agradecer ao Jos\u00e9 Roberto, da FUNARJ e ao Jo\u00e3o Guilherme Ripper, da Sala Cec\u00edlia Meireles, que s\u00e3o duas institui\u00e7\u00f5es fundamentais para a vida musical do Rio de Janeiro. Essas duas institui\u00e7\u00f5es t\u00eam feito essa sala acontecer. O p\u00fablico que lota essa sala representa este trabalho que vem sendo realizado. Para n\u00f3s, m\u00fasicos, \u00e9 um espa\u00e7o fundamental que \u00e9 muito \u00edntimo para todos n\u00f3s das orquestras e dos grupos de c\u00e2mara do Rio de Janeiro. Em nome dos m\u00fasicos agradecemos a FUNARJ e a Sala Cec\u00edlia Meireles\u201d, destacou.<\/span><\/p>\n<p><span style=\"font-weight: 400;\">Jos\u00e9 Roberto Gifford, presidente da Funda\u00e7\u00e3o de Artes do Estado do Rio de Janeiro (FUNARJ), ressaltou a import\u00e2ncia do evento para a cultura do Estado. \u201cA gente conseguiu formar uma equipe muito grande e interessada no trabalho e isso n\u00e3o foi por outra coisa a n\u00e3o ser pela vontade de fazer com que a cultura pudesse voltar para o estado do Rio de Janeiro, resgatando e ressuscitando a FUNARJ\u201d, disse, apresentando uma s\u00e9rie de eventos que aconteceram e que ainda ir\u00e3o acontecer nos pr\u00f3ximos dias. \u201c\u00c9 uma obriga\u00e7\u00e3o minha dizer o que estamos fazendo. Obrigado por terem vindo. E vamos ao que interessa: escutar os Canarinhos de Petr\u00f3polis\u201d, celebrou.<\/span><\/p>\n<p><span style=\"font-weight: 400;\"> <img loading=\"lazy\" class=\"alignnone wp-image-241407 size-full\" src=\"https:\/\/franciscanos.org.br\/noticias\/wp-content\/uploads\/2022\/12\/concerto_191222_4-scaled.jpg\" alt=\"\" width=\"1920\" height=\"1125\" srcset=\"https:\/\/franciscanos.org.br\/noticias\/wp-content\/uploads\/2022\/12\/concerto_191222_4-scaled.jpg 1843w, https:\/\/franciscanos.org.br\/noticias\/wp-content\/uploads\/2022\/12\/concerto_191222_4-450x264.jpg 450w, https:\/\/franciscanos.org.br\/noticias\/wp-content\/uploads\/2022\/12\/concerto_191222_4-1024x600.jpg 1024w, https:\/\/franciscanos.org.br\/noticias\/wp-content\/uploads\/2022\/12\/concerto_191222_4-768x450.jpg 768w, https:\/\/franciscanos.org.br\/noticias\/wp-content\/uploads\/2022\/12\/concerto_191222_4-1536x900.jpg 1536w, https:\/\/franciscanos.org.br\/noticias\/wp-content\/uploads\/2022\/12\/concerto_191222_4-2048x1200.jpg 2048w, https:\/\/franciscanos.org.br\/noticias\/wp-content\/uploads\/2022\/12\/concerto_191222_4-150x88.jpg 150w\" sizes=\"(max-width: 1920px) 100vw, 1920px\" \/><\/span><\/p>\n<p><span style=\"font-weight: 400;\">Assim, foram convidados a compor o palco os m\u00fasicos da Orquestra do UFRJ e os coralistas dos Canarinhos, tendo ainda a participa\u00e7\u00e3o de Marly Montoni como soprano, Lara Cavalcanti como mezzo, Anibal Mancini enquanto tenor e Marcelo Coutinho na posi\u00e7\u00e3o de bar\u00edtono, todos sob reg\u00eancia do maestro dos Canarinhos.\u00a0<\/span><\/p>\n<p><span style=\"font-weight: 400;\">As m\u00fasicas do \u201cOrat\u00f3rio de Natal, BWV 248\u201d de Johann Sebastian Bach s\u00e3o datadas entre os anos de 1685 a 1750 cujo tema principal \u00e9 o nascimento de Jesus Cristo. Seu car\u00e1ter \u00e9 de alegria e celebra\u00e7\u00e3o. Na sua execu\u00e7\u00e3o, os sons triunfais dos trompetes e dos t\u00edmpanos anunciam a chegada do Salvador.\u00a0<\/span><\/p>\n<p><img loading=\"lazy\" class=\"alignnone wp-image-241403 size-full\" src=\"https:\/\/franciscanos.org.br\/noticias\/wp-content\/uploads\/2022\/12\/concerto_191222_3-scaled.jpg\" alt=\"\" width=\"1843\" height=\"1080\" srcset=\"https:\/\/franciscanos.org.br\/noticias\/wp-content\/uploads\/2022\/12\/concerto_191222_3-scaled.jpg 1843w, https:\/\/franciscanos.org.br\/noticias\/wp-content\/uploads\/2022\/12\/concerto_191222_3-450x264.jpg 450w, https:\/\/franciscanos.org.br\/noticias\/wp-content\/uploads\/2022\/12\/concerto_191222_3-1024x600.jpg 1024w, https:\/\/franciscanos.org.br\/noticias\/wp-content\/uploads\/2022\/12\/concerto_191222_3-768x450.jpg 768w, https:\/\/franciscanos.org.br\/noticias\/wp-content\/uploads\/2022\/12\/concerto_191222_3-1536x900.jpg 1536w, https:\/\/franciscanos.org.br\/noticias\/wp-content\/uploads\/2022\/12\/concerto_191222_3-2048x1200.jpg 2048w, https:\/\/franciscanos.org.br\/noticias\/wp-content\/uploads\/2022\/12\/concerto_191222_3-150x88.jpg 150w\" sizes=\"(max-width: 1843px) 100vw, 1843px\" \/><\/p>\n<p><span style=\"font-weight: 400;\">Para este concerto, a apresenta\u00e7\u00e3o foi dividida em tr\u00eas partes: I &#8211; &#8220;Alegrai-vos, regozijai-vos! Ide, louvai estes dias!&#8221;; II &#8211; &#8220;E havia pastores nos mesmos arredores&#8221; e \u201cII &#8211; &#8220;\u00d3 Soberano dos c\u00e9us, atendei \u00e0s nossas ora\u00e7\u00f5es&#8221;. No final, o p\u00fablico n\u00e3o poupou os aplausos e ovacionou o espet\u00e1culo.<\/span><\/p>\n<p><span style=\"font-weight: 400;\">A pr\u00f3xima e \u00faltima apresenta\u00e7\u00e3o do ano do Coral dos Canarinhos ser\u00e1 no dia 25 de dezembro, \u00e0s 10h, na Igreja do Sagrado Cora\u00e7\u00e3o de Jesus de Petr\u00f3polis, data em que os coralistas tamb\u00e9m entrar\u00e3o de f\u00e9rias, retornando suas atividades em fevereiro de 2023.<\/span><\/p>\n<hr \/>\n<p><em><span style=\"font-weight: 400;\">Frei Augusto Luiz Gabriel<\/span><\/em><\/p>\n","protected":false},"excerpt":{"rendered":"<p>Apresenta\u00e7\u00e3o dos Canarinhos<\/p>\n","protected":false},"author":3,"featured_media":241405,"comment_status":"open","ping_status":"open","sticky":false,"template":"","format":"standard","meta":[],"categories":[1],"tags":[1378,1531,1788],"acf":[],"yoast_head":"<!-- This site is optimized with the Yoast SEO plugin v19.2 - https:\/\/yoast.com\/wordpress\/plugins\/seo\/ -->\n<title>Canarinhos apresentam Orat\u00f3rio de Natal no Rio de Janeiro e p\u00fablico lota a Sala Cec\u00edlia Meireles - Not\u00edcias - Franciscanos<\/title>\n<meta name=\"robots\" content=\"index, follow, max-snippet:-1, max-image-preview:large, max-video-preview:-1\" \/>\n<link rel=\"canonical\" href=\"https:\/\/franciscanos.org.br\/noticias\/canarinhos-apresentam-oratorio-de-natal-no-rio-de-janeiro-e-publico-lota-a-sala-cecilia-meireles.html\" \/>\n<meta property=\"og:locale\" content=\"pt_BR\" \/>\n<meta property=\"og:type\" content=\"article\" \/>\n<meta property=\"og:title\" content=\"Canarinhos apresentam Orat\u00f3rio de Natal no Rio de Janeiro e p\u00fablico lota a Sala Cec\u00edlia Meireles - Not\u00edcias - Franciscanos\" \/>\n<meta property=\"og:description\" content=\"Apresenta\u00e7\u00e3o dos Canarinhos\" \/>\n<meta property=\"og:url\" content=\"https:\/\/franciscanos.org.br\/noticias\/canarinhos-apresentam-oratorio-de-natal-no-rio-de-janeiro-e-publico-lota-a-sala-cecilia-meireles.html\" \/>\n<meta property=\"og:site_name\" content=\"Not\u00edcias - Franciscanos\" \/>\n<meta property=\"article:published_time\" content=\"2022-12-21T18:52:00+00:00\" \/>\n<meta property=\"article:modified_time\" content=\"2022-12-21T18:58:19+00:00\" \/>\n<meta property=\"og:image\" content=\"https:\/\/franciscanos.org.br\/noticias\/wp-content\/uploads\/2022\/12\/concerto_191222-scaled.jpg\" \/>\n\t<meta property=\"og:image:width\" content=\"1920\" \/>\n\t<meta property=\"og:image:height\" content=\"1125\" \/>\n\t<meta property=\"og:image:type\" content=\"image\/jpeg\" \/>\n<meta name=\"author\" content=\"moacir\" \/>\n<meta name=\"twitter:card\" content=\"summary_large_image\" \/>\n<meta name=\"twitter:label1\" content=\"Escrito por\" \/>\n\t<meta name=\"twitter:data1\" content=\"moacir\" \/>\n\t<meta name=\"twitter:label2\" content=\"Est. tempo de leitura\" \/>\n\t<meta name=\"twitter:data2\" content=\"6 minutos\" \/>\n<script type=\"application\/ld+json\" class=\"yoast-schema-graph\">{\"@context\":\"https:\/\/schema.org\",\"@graph\":[{\"@type\":\"WebSite\",\"@id\":\"https:\/\/franciscanos.org.br\/noticias\/#website\",\"url\":\"https:\/\/franciscanos.org.br\/noticias\/\",\"name\":\"Not\u00edcias - Franciscanos\",\"description\":\"Prov\u00edncia Franciscana da Imaculada Concei\u00e7\u00e3o do Brasil - Ordem dos Frades Menores - OFM\",\"potentialAction\":[{\"@type\":\"SearchAction\",\"target\":{\"@type\":\"EntryPoint\",\"urlTemplate\":\"https:\/\/franciscanos.org.br\/noticias\/?s={search_term_string}\"},\"query-input\":\"required name=search_term_string\"}],\"inLanguage\":\"pt-BR\"},{\"@type\":\"ImageObject\",\"inLanguage\":\"pt-BR\",\"@id\":\"https:\/\/franciscanos.org.br\/noticias\/canarinhos-apresentam-oratorio-de-natal-no-rio-de-janeiro-e-publico-lota-a-sala-cecilia-meireles.html#primaryimage\",\"url\":\"https:\/\/franciscanos.org.br\/noticias\/wp-content\/uploads\/2022\/12\/concerto_191222-scaled.jpg\",\"contentUrl\":\"https:\/\/franciscanos.org.br\/noticias\/wp-content\/uploads\/2022\/12\/concerto_191222-scaled.jpg\",\"width\":1920,\"height\":1125},{\"@type\":\"WebPage\",\"@id\":\"https:\/\/franciscanos.org.br\/noticias\/canarinhos-apresentam-oratorio-de-natal-no-rio-de-janeiro-e-publico-lota-a-sala-cecilia-meireles.html#webpage\",\"url\":\"https:\/\/franciscanos.org.br\/noticias\/canarinhos-apresentam-oratorio-de-natal-no-rio-de-janeiro-e-publico-lota-a-sala-cecilia-meireles.html\",\"name\":\"Canarinhos apresentam Orat\u00f3rio de Natal no Rio de Janeiro e p\u00fablico lota a Sala Cec\u00edlia Meireles - Not\u00edcias - Franciscanos\",\"isPartOf\":{\"@id\":\"https:\/\/franciscanos.org.br\/noticias\/#website\"},\"primaryImageOfPage\":{\"@id\":\"https:\/\/franciscanos.org.br\/noticias\/canarinhos-apresentam-oratorio-de-natal-no-rio-de-janeiro-e-publico-lota-a-sala-cecilia-meireles.html#primaryimage\"},\"datePublished\":\"2022-12-21T18:52:00+00:00\",\"dateModified\":\"2022-12-21T18:58:19+00:00\",\"author\":{\"@id\":\"https:\/\/franciscanos.org.br\/noticias\/#\/schema\/person\/b5c8cba458c330ccff548b056e95a5d4\"},\"breadcrumb\":{\"@id\":\"https:\/\/franciscanos.org.br\/noticias\/canarinhos-apresentam-oratorio-de-natal-no-rio-de-janeiro-e-publico-lota-a-sala-cecilia-meireles.html#breadcrumb\"},\"inLanguage\":\"pt-BR\",\"potentialAction\":[{\"@type\":\"ReadAction\",\"target\":[\"https:\/\/franciscanos.org.br\/noticias\/canarinhos-apresentam-oratorio-de-natal-no-rio-de-janeiro-e-publico-lota-a-sala-cecilia-meireles.html\"]}]},{\"@type\":\"BreadcrumbList\",\"@id\":\"https:\/\/franciscanos.org.br\/noticias\/canarinhos-apresentam-oratorio-de-natal-no-rio-de-janeiro-e-publico-lota-a-sala-cecilia-meireles.html#breadcrumb\",\"itemListElement\":[{\"@type\":\"ListItem\",\"position\":1,\"name\":\"Home\",\"item\":\"https:\/\/franciscanos.org.br\/noticias\"},{\"@type\":\"ListItem\",\"position\":2,\"name\":\"Canarinhos apresentam Orat\u00f3rio de Natal no Rio de Janeiro e p\u00fablico lota a Sala Cec\u00edlia Meireles\"}]},{\"@type\":\"Person\",\"@id\":\"https:\/\/franciscanos.org.br\/noticias\/#\/schema\/person\/b5c8cba458c330ccff548b056e95a5d4\",\"name\":\"moacir\",\"image\":{\"@type\":\"ImageObject\",\"inLanguage\":\"pt-BR\",\"@id\":\"https:\/\/franciscanos.org.br\/noticias\/#\/schema\/person\/image\/\",\"url\":\"https:\/\/secure.gravatar.com\/avatar\/d08aa2ce4c8dd416d4479aa8536fcf64?s=96&d=mm&r=g\",\"contentUrl\":\"https:\/\/secure.gravatar.com\/avatar\/d08aa2ce4c8dd416d4479aa8536fcf64?s=96&d=mm&r=g\",\"caption\":\"moacir\"},\"url\":\"https:\/\/franciscanos.org.br\/noticias\/author\/moacir\"}]}<\/script>\n<!-- \/ Yoast SEO plugin. -->","yoast_head_json":{"title":"Canarinhos apresentam Orat\u00f3rio de Natal no Rio de Janeiro e p\u00fablico lota a Sala Cec\u00edlia Meireles - Not\u00edcias - Franciscanos","robots":{"index":"index","follow":"follow","max-snippet":"max-snippet:-1","max-image-preview":"max-image-preview:large","max-video-preview":"max-video-preview:-1"},"canonical":"https:\/\/franciscanos.org.br\/noticias\/canarinhos-apresentam-oratorio-de-natal-no-rio-de-janeiro-e-publico-lota-a-sala-cecilia-meireles.html","og_locale":"pt_BR","og_type":"article","og_title":"Canarinhos apresentam Orat\u00f3rio de Natal no Rio de Janeiro e p\u00fablico lota a Sala Cec\u00edlia Meireles - Not\u00edcias - Franciscanos","og_description":"Apresenta\u00e7\u00e3o dos Canarinhos","og_url":"https:\/\/franciscanos.org.br\/noticias\/canarinhos-apresentam-oratorio-de-natal-no-rio-de-janeiro-e-publico-lota-a-sala-cecilia-meireles.html","og_site_name":"Not\u00edcias - Franciscanos","article_published_time":"2022-12-21T18:52:00+00:00","article_modified_time":"2022-12-21T18:58:19+00:00","og_image":[{"width":1920,"height":1125,"url":"https:\/\/franciscanos.org.br\/noticias\/wp-content\/uploads\/2022\/12\/concerto_191222-scaled.jpg","type":"image\/jpeg"}],"author":"moacir","twitter_card":"summary_large_image","twitter_misc":{"Escrito por":"moacir","Est. tempo de leitura":"6 minutos"},"schema":{"@context":"https:\/\/schema.org","@graph":[{"@type":"WebSite","@id":"https:\/\/franciscanos.org.br\/noticias\/#website","url":"https:\/\/franciscanos.org.br\/noticias\/","name":"Not\u00edcias - Franciscanos","description":"Prov\u00edncia Franciscana da Imaculada Concei\u00e7\u00e3o do Brasil - Ordem dos Frades Menores - OFM","potentialAction":[{"@type":"SearchAction","target":{"@type":"EntryPoint","urlTemplate":"https:\/\/franciscanos.org.br\/noticias\/?s={search_term_string}"},"query-input":"required name=search_term_string"}],"inLanguage":"pt-BR"},{"@type":"ImageObject","inLanguage":"pt-BR","@id":"https:\/\/franciscanos.org.br\/noticias\/canarinhos-apresentam-oratorio-de-natal-no-rio-de-janeiro-e-publico-lota-a-sala-cecilia-meireles.html#primaryimage","url":"https:\/\/franciscanos.org.br\/noticias\/wp-content\/uploads\/2022\/12\/concerto_191222-scaled.jpg","contentUrl":"https:\/\/franciscanos.org.br\/noticias\/wp-content\/uploads\/2022\/12\/concerto_191222-scaled.jpg","width":1920,"height":1125},{"@type":"WebPage","@id":"https:\/\/franciscanos.org.br\/noticias\/canarinhos-apresentam-oratorio-de-natal-no-rio-de-janeiro-e-publico-lota-a-sala-cecilia-meireles.html#webpage","url":"https:\/\/franciscanos.org.br\/noticias\/canarinhos-apresentam-oratorio-de-natal-no-rio-de-janeiro-e-publico-lota-a-sala-cecilia-meireles.html","name":"Canarinhos apresentam Orat\u00f3rio de Natal no Rio de Janeiro e p\u00fablico lota a Sala Cec\u00edlia Meireles - Not\u00edcias - Franciscanos","isPartOf":{"@id":"https:\/\/franciscanos.org.br\/noticias\/#website"},"primaryImageOfPage":{"@id":"https:\/\/franciscanos.org.br\/noticias\/canarinhos-apresentam-oratorio-de-natal-no-rio-de-janeiro-e-publico-lota-a-sala-cecilia-meireles.html#primaryimage"},"datePublished":"2022-12-21T18:52:00+00:00","dateModified":"2022-12-21T18:58:19+00:00","author":{"@id":"https:\/\/franciscanos.org.br\/noticias\/#\/schema\/person\/b5c8cba458c330ccff548b056e95a5d4"},"breadcrumb":{"@id":"https:\/\/franciscanos.org.br\/noticias\/canarinhos-apresentam-oratorio-de-natal-no-rio-de-janeiro-e-publico-lota-a-sala-cecilia-meireles.html#breadcrumb"},"inLanguage":"pt-BR","potentialAction":[{"@type":"ReadAction","target":["https:\/\/franciscanos.org.br\/noticias\/canarinhos-apresentam-oratorio-de-natal-no-rio-de-janeiro-e-publico-lota-a-sala-cecilia-meireles.html"]}]},{"@type":"BreadcrumbList","@id":"https:\/\/franciscanos.org.br\/noticias\/canarinhos-apresentam-oratorio-de-natal-no-rio-de-janeiro-e-publico-lota-a-sala-cecilia-meireles.html#breadcrumb","itemListElement":[{"@type":"ListItem","position":1,"name":"Home","item":"https:\/\/franciscanos.org.br\/noticias"},{"@type":"ListItem","position":2,"name":"Canarinhos apresentam Orat\u00f3rio de Natal no Rio de Janeiro e p\u00fablico lota a Sala Cec\u00edlia Meireles"}]},{"@type":"Person","@id":"https:\/\/franciscanos.org.br\/noticias\/#\/schema\/person\/b5c8cba458c330ccff548b056e95a5d4","name":"moacir","image":{"@type":"ImageObject","inLanguage":"pt-BR","@id":"https:\/\/franciscanos.org.br\/noticias\/#\/schema\/person\/image\/","url":"https:\/\/secure.gravatar.com\/avatar\/d08aa2ce4c8dd416d4479aa8536fcf64?s=96&d=mm&r=g","contentUrl":"https:\/\/secure.gravatar.com\/avatar\/d08aa2ce4c8dd416d4479aa8536fcf64?s=96&d=mm&r=g","caption":"moacir"},"url":"https:\/\/franciscanos.org.br\/noticias\/author\/moacir"}]}},"_links":{"self":[{"href":"https:\/\/franciscanos.org.br\/noticias\/wp-json\/wp\/v2\/posts\/241402"}],"collection":[{"href":"https:\/\/franciscanos.org.br\/noticias\/wp-json\/wp\/v2\/posts"}],"about":[{"href":"https:\/\/franciscanos.org.br\/noticias\/wp-json\/wp\/v2\/types\/post"}],"author":[{"embeddable":true,"href":"https:\/\/franciscanos.org.br\/noticias\/wp-json\/wp\/v2\/users\/3"}],"replies":[{"embeddable":true,"href":"https:\/\/franciscanos.org.br\/noticias\/wp-json\/wp\/v2\/comments?post=241402"}],"version-history":[{"count":4,"href":"https:\/\/franciscanos.org.br\/noticias\/wp-json\/wp\/v2\/posts\/241402\/revisions"}],"predecessor-version":[{"id":241419,"href":"https:\/\/franciscanos.org.br\/noticias\/wp-json\/wp\/v2\/posts\/241402\/revisions\/241419"}],"wp:featuredmedia":[{"embeddable":true,"href":"https:\/\/franciscanos.org.br\/noticias\/wp-json\/wp\/v2\/media\/241405"}],"wp:attachment":[{"href":"https:\/\/franciscanos.org.br\/noticias\/wp-json\/wp\/v2\/media?parent=241402"}],"wp:term":[{"taxonomy":"category","embeddable":true,"href":"https:\/\/franciscanos.org.br\/noticias\/wp-json\/wp\/v2\/categories?post=241402"},{"taxonomy":"post_tag","embeddable":true,"href":"https:\/\/franciscanos.org.br\/noticias\/wp-json\/wp\/v2\/tags?post=241402"}],"curies":[{"name":"wp","href":"https:\/\/api.w.org\/{rel}","templated":true}]}}