{"id":241382,"date":"2022-12-20T06:40:20","date_gmt":"2022-12-20T09:40:20","guid":{"rendered":"https:\/\/franciscanos.org.br\/noticias\/?p=241382"},"modified":"2022-12-20T06:40:20","modified_gmt":"2022-12-20T09:40:20","slug":"novicos-iniciam-retiro-final-em-preparacao-para-os-primeiros-votos","status":"publish","type":"post","link":"https:\/\/franciscanos.org.br\/noticias\/novicos-iniciam-retiro-final-em-preparacao-para-os-primeiros-votos.html","title":{"rendered":"Novi\u00e7os iniciam retiro final em prepara\u00e7\u00e3o para os primeiros votos"},"content":{"rendered":"<p><img loading=\"lazy\" class=\"alignnone size-full wp-image-241383\" src=\"https:\/\/franciscanos.org.br\/noticias\/wp-content\/uploads\/2022\/12\/novicos_20.jpg\" alt=\"\" width=\"1280\" height=\"720\" srcset=\"https:\/\/franciscanos.org.br\/noticias\/wp-content\/uploads\/2022\/12\/novicos_20.jpg 1280w, https:\/\/franciscanos.org.br\/noticias\/wp-content\/uploads\/2022\/12\/novicos_20-450x253.jpg 450w, https:\/\/franciscanos.org.br\/noticias\/wp-content\/uploads\/2022\/12\/novicos_20-1024x576.jpg 1024w, https:\/\/franciscanos.org.br\/noticias\/wp-content\/uploads\/2022\/12\/novicos_20-768x432.jpg 768w, https:\/\/franciscanos.org.br\/noticias\/wp-content\/uploads\/2022\/12\/novicos_20-150x84.jpg 150w\" sizes=\"(max-width: 1280px) 100vw, 1280px\" \/><\/p>\n<p>No \u00faltimo dia 18 de dezembro de 2022, o grupo dos novi\u00e7os que faz o noviciado na cidade de Rodeio (SC) iniciou seu \u00faltimo retiro em prepara\u00e7\u00e3o para os primeiros votos que acontecer\u00e1 no pr\u00f3ximo dia 10 de Janeiro, na Matriz S\u00e3o Francisco de Assis da mesma cidade. A assessoria coube ao Frei Jo\u00e3o Carlos Karling, OFM, que veio da prov\u00edncia S\u00e3o Francisco de Assis do Rio Grande do Sul, especialmente para esse retiro. Os novi\u00e7os ficar\u00e3o no Eremit\u00e9rio Beato Frei Eg\u00eddio durante essa semana, refletindo a pr\u00f3pria voca\u00e7\u00e3o como semente e terreno f\u00e9rtil para a consagra\u00e7\u00e3o pr\u00f3xima.<\/p>\n<p>Que o Senhor conduza esses nossos irm\u00e3os no bom caminho da evangeliza\u00e7\u00e3o e lhes d\u00ea uma boa semana de ora\u00e7\u00e3o, contempla\u00e7\u00e3o, partilha e intercess\u00e3o afim de que se preparem bem para o dia t\u00e3o esperado de consagra\u00e7\u00e3o total a Deus, na forma de vida e na miss\u00e3o da Ordem dos Frades Menores. Oremos por todas as voca\u00e7\u00f5es e por nossos Novi\u00e7os. Paz e Bem!<\/p>\n<hr \/>\n<p><em>Frei Samuel Cavalcanti do Amaral, OFM<\/em><\/p>\n","protected":false},"excerpt":{"rendered":"<p>Noviciado S\u00e3o Jos\u00e9<\/p>\n","protected":false},"author":3,"featured_media":241383,"comment_status":"open","ping_status":"open","sticky":false,"template":"","format":"standard","meta":[],"categories":[1],"tags":[2081],"acf":[],"yoast_head":"<!-- This site is optimized with the Yoast SEO plugin v19.2 - https:\/\/yoast.com\/wordpress\/plugins\/seo\/ -->\n<title>Novi\u00e7os iniciam retiro final em prepara\u00e7\u00e3o para os primeiros votos - Not\u00edcias - Franciscanos<\/title>\n<meta name=\"robots\" content=\"index, follow, max-snippet:-1, max-image-preview:large, max-video-preview:-1\" \/>\n<link rel=\"canonical\" href=\"https:\/\/franciscanos.org.br\/noticias\/novicos-iniciam-retiro-final-em-preparacao-para-os-primeiros-votos.html\" \/>\n<meta property=\"og:locale\" content=\"pt_BR\" \/>\n<meta property=\"og:type\" content=\"article\" \/>\n<meta property=\"og:title\" content=\"Novi\u00e7os iniciam retiro final em prepara\u00e7\u00e3o para os primeiros votos - Not\u00edcias - Franciscanos\" \/>\n<meta property=\"og:description\" content=\"Noviciado S\u00e3o Jos\u00e9\" \/>\n<meta property=\"og:url\" content=\"https:\/\/franciscanos.org.br\/noticias\/novicos-iniciam-retiro-final-em-preparacao-para-os-primeiros-votos.html\" \/>\n<meta property=\"og:site_name\" content=\"Not\u00edcias - Franciscanos\" \/>\n<meta property=\"article:published_time\" content=\"2022-12-20T09:40:20+00:00\" \/>\n<meta property=\"og:image\" content=\"https:\/\/franciscanos.org.br\/noticias\/wp-content\/uploads\/2022\/12\/novicos_20.jpg\" \/>\n\t<meta property=\"og:image:width\" content=\"1280\" \/>\n\t<meta property=\"og:image:height\" content=\"720\" \/>\n\t<meta property=\"og:image:type\" content=\"image\/jpeg\" \/>\n<meta name=\"author\" content=\"moacir\" \/>\n<meta name=\"twitter:card\" content=\"summary_large_image\" \/>\n<meta name=\"twitter:label1\" content=\"Escrito por\" \/>\n\t<meta name=\"twitter:data1\" content=\"moacir\" \/>\n\t<meta name=\"twitter:label2\" content=\"Est. tempo de leitura\" \/>\n\t<meta name=\"twitter:data2\" content=\"1 minuto\" \/>\n<script type=\"application\/ld+json\" class=\"yoast-schema-graph\">{\"@context\":\"https:\/\/schema.org\",\"@graph\":[{\"@type\":\"WebSite\",\"@id\":\"https:\/\/franciscanos.org.br\/noticias\/#website\",\"url\":\"https:\/\/franciscanos.org.br\/noticias\/\",\"name\":\"Not\u00edcias - Franciscanos\",\"description\":\"Prov\u00edncia Franciscana da Imaculada Concei\u00e7\u00e3o do Brasil - Ordem dos Frades Menores - OFM\",\"potentialAction\":[{\"@type\":\"SearchAction\",\"target\":{\"@type\":\"EntryPoint\",\"urlTemplate\":\"https:\/\/franciscanos.org.br\/noticias\/?s={search_term_string}\"},\"query-input\":\"required name=search_term_string\"}],\"inLanguage\":\"pt-BR\"},{\"@type\":\"ImageObject\",\"inLanguage\":\"pt-BR\",\"@id\":\"https:\/\/franciscanos.org.br\/noticias\/novicos-iniciam-retiro-final-em-preparacao-para-os-primeiros-votos.html#primaryimage\",\"url\":\"https:\/\/franciscanos.org.br\/noticias\/wp-content\/uploads\/2022\/12\/novicos_20.jpg\",\"contentUrl\":\"https:\/\/franciscanos.org.br\/noticias\/wp-content\/uploads\/2022\/12\/novicos_20.jpg\",\"width\":1280,\"height\":720},{\"@type\":\"WebPage\",\"@id\":\"https:\/\/franciscanos.org.br\/noticias\/novicos-iniciam-retiro-final-em-preparacao-para-os-primeiros-votos.html#webpage\",\"url\":\"https:\/\/franciscanos.org.br\/noticias\/novicos-iniciam-retiro-final-em-preparacao-para-os-primeiros-votos.html\",\"name\":\"Novi\u00e7os iniciam retiro final em prepara\u00e7\u00e3o para os primeiros votos - Not\u00edcias - Franciscanos\",\"isPartOf\":{\"@id\":\"https:\/\/franciscanos.org.br\/noticias\/#website\"},\"primaryImageOfPage\":{\"@id\":\"https:\/\/franciscanos.org.br\/noticias\/novicos-iniciam-retiro-final-em-preparacao-para-os-primeiros-votos.html#primaryimage\"},\"datePublished\":\"2022-12-20T09:40:20+00:00\",\"dateModified\":\"2022-12-20T09:40:20+00:00\",\"author\":{\"@id\":\"https:\/\/franciscanos.org.br\/noticias\/#\/schema\/person\/b5c8cba458c330ccff548b056e95a5d4\"},\"breadcrumb\":{\"@id\":\"https:\/\/franciscanos.org.br\/noticias\/novicos-iniciam-retiro-final-em-preparacao-para-os-primeiros-votos.html#breadcrumb\"},\"inLanguage\":\"pt-BR\",\"potentialAction\":[{\"@type\":\"ReadAction\",\"target\":[\"https:\/\/franciscanos.org.br\/noticias\/novicos-iniciam-retiro-final-em-preparacao-para-os-primeiros-votos.html\"]}]},{\"@type\":\"BreadcrumbList\",\"@id\":\"https:\/\/franciscanos.org.br\/noticias\/novicos-iniciam-retiro-final-em-preparacao-para-os-primeiros-votos.html#breadcrumb\",\"itemListElement\":[{\"@type\":\"ListItem\",\"position\":1,\"name\":\"Home\",\"item\":\"https:\/\/franciscanos.org.br\/noticias\"},{\"@type\":\"ListItem\",\"position\":2,\"name\":\"Novi\u00e7os iniciam retiro final em prepara\u00e7\u00e3o para os primeiros votos\"}]},{\"@type\":\"Person\",\"@id\":\"https:\/\/franciscanos.org.br\/noticias\/#\/schema\/person\/b5c8cba458c330ccff548b056e95a5d4\",\"name\":\"moacir\",\"image\":{\"@type\":\"ImageObject\",\"inLanguage\":\"pt-BR\",\"@id\":\"https:\/\/franciscanos.org.br\/noticias\/#\/schema\/person\/image\/\",\"url\":\"https:\/\/secure.gravatar.com\/avatar\/d08aa2ce4c8dd416d4479aa8536fcf64?s=96&d=mm&r=g\",\"contentUrl\":\"https:\/\/secure.gravatar.com\/avatar\/d08aa2ce4c8dd416d4479aa8536fcf64?s=96&d=mm&r=g\",\"caption\":\"moacir\"},\"url\":\"https:\/\/franciscanos.org.br\/noticias\/author\/moacir\"}]}<\/script>\n<!-- \/ Yoast SEO plugin. -->","yoast_head_json":{"title":"Novi\u00e7os iniciam retiro final em prepara\u00e7\u00e3o para os primeiros votos - Not\u00edcias - Franciscanos","robots":{"index":"index","follow":"follow","max-snippet":"max-snippet:-1","max-image-preview":"max-image-preview:large","max-video-preview":"max-video-preview:-1"},"canonical":"https:\/\/franciscanos.org.br\/noticias\/novicos-iniciam-retiro-final-em-preparacao-para-os-primeiros-votos.html","og_locale":"pt_BR","og_type":"article","og_title":"Novi\u00e7os iniciam retiro final em prepara\u00e7\u00e3o para os primeiros votos - Not\u00edcias - Franciscanos","og_description":"Noviciado S\u00e3o Jos\u00e9","og_url":"https:\/\/franciscanos.org.br\/noticias\/novicos-iniciam-retiro-final-em-preparacao-para-os-primeiros-votos.html","og_site_name":"Not\u00edcias - Franciscanos","article_published_time":"2022-12-20T09:40:20+00:00","og_image":[{"width":1280,"height":720,"url":"https:\/\/franciscanos.org.br\/noticias\/wp-content\/uploads\/2022\/12\/novicos_20.jpg","type":"image\/jpeg"}],"author":"moacir","twitter_card":"summary_large_image","twitter_misc":{"Escrito por":"moacir","Est. tempo de leitura":"1 minuto"},"schema":{"@context":"https:\/\/schema.org","@graph":[{"@type":"WebSite","@id":"https:\/\/franciscanos.org.br\/noticias\/#website","url":"https:\/\/franciscanos.org.br\/noticias\/","name":"Not\u00edcias - Franciscanos","description":"Prov\u00edncia Franciscana da Imaculada Concei\u00e7\u00e3o do Brasil - Ordem dos Frades Menores - OFM","potentialAction":[{"@type":"SearchAction","target":{"@type":"EntryPoint","urlTemplate":"https:\/\/franciscanos.org.br\/noticias\/?s={search_term_string}"},"query-input":"required name=search_term_string"}],"inLanguage":"pt-BR"},{"@type":"ImageObject","inLanguage":"pt-BR","@id":"https:\/\/franciscanos.org.br\/noticias\/novicos-iniciam-retiro-final-em-preparacao-para-os-primeiros-votos.html#primaryimage","url":"https:\/\/franciscanos.org.br\/noticias\/wp-content\/uploads\/2022\/12\/novicos_20.jpg","contentUrl":"https:\/\/franciscanos.org.br\/noticias\/wp-content\/uploads\/2022\/12\/novicos_20.jpg","width":1280,"height":720},{"@type":"WebPage","@id":"https:\/\/franciscanos.org.br\/noticias\/novicos-iniciam-retiro-final-em-preparacao-para-os-primeiros-votos.html#webpage","url":"https:\/\/franciscanos.org.br\/noticias\/novicos-iniciam-retiro-final-em-preparacao-para-os-primeiros-votos.html","name":"Novi\u00e7os iniciam retiro final em prepara\u00e7\u00e3o para os primeiros votos - Not\u00edcias - Franciscanos","isPartOf":{"@id":"https:\/\/franciscanos.org.br\/noticias\/#website"},"primaryImageOfPage":{"@id":"https:\/\/franciscanos.org.br\/noticias\/novicos-iniciam-retiro-final-em-preparacao-para-os-primeiros-votos.html#primaryimage"},"datePublished":"2022-12-20T09:40:20+00:00","dateModified":"2022-12-20T09:40:20+00:00","author":{"@id":"https:\/\/franciscanos.org.br\/noticias\/#\/schema\/person\/b5c8cba458c330ccff548b056e95a5d4"},"breadcrumb":{"@id":"https:\/\/franciscanos.org.br\/noticias\/novicos-iniciam-retiro-final-em-preparacao-para-os-primeiros-votos.html#breadcrumb"},"inLanguage":"pt-BR","potentialAction":[{"@type":"ReadAction","target":["https:\/\/franciscanos.org.br\/noticias\/novicos-iniciam-retiro-final-em-preparacao-para-os-primeiros-votos.html"]}]},{"@type":"BreadcrumbList","@id":"https:\/\/franciscanos.org.br\/noticias\/novicos-iniciam-retiro-final-em-preparacao-para-os-primeiros-votos.html#breadcrumb","itemListElement":[{"@type":"ListItem","position":1,"name":"Home","item":"https:\/\/franciscanos.org.br\/noticias"},{"@type":"ListItem","position":2,"name":"Novi\u00e7os iniciam retiro final em prepara\u00e7\u00e3o para os primeiros votos"}]},{"@type":"Person","@id":"https:\/\/franciscanos.org.br\/noticias\/#\/schema\/person\/b5c8cba458c330ccff548b056e95a5d4","name":"moacir","image":{"@type":"ImageObject","inLanguage":"pt-BR","@id":"https:\/\/franciscanos.org.br\/noticias\/#\/schema\/person\/image\/","url":"https:\/\/secure.gravatar.com\/avatar\/d08aa2ce4c8dd416d4479aa8536fcf64?s=96&d=mm&r=g","contentUrl":"https:\/\/secure.gravatar.com\/avatar\/d08aa2ce4c8dd416d4479aa8536fcf64?s=96&d=mm&r=g","caption":"moacir"},"url":"https:\/\/franciscanos.org.br\/noticias\/author\/moacir"}]}},"_links":{"self":[{"href":"https:\/\/franciscanos.org.br\/noticias\/wp-json\/wp\/v2\/posts\/241382"}],"collection":[{"href":"https:\/\/franciscanos.org.br\/noticias\/wp-json\/wp\/v2\/posts"}],"about":[{"href":"https:\/\/franciscanos.org.br\/noticias\/wp-json\/wp\/v2\/types\/post"}],"author":[{"embeddable":true,"href":"https:\/\/franciscanos.org.br\/noticias\/wp-json\/wp\/v2\/users\/3"}],"replies":[{"embeddable":true,"href":"https:\/\/franciscanos.org.br\/noticias\/wp-json\/wp\/v2\/comments?post=241382"}],"version-history":[{"count":1,"href":"https:\/\/franciscanos.org.br\/noticias\/wp-json\/wp\/v2\/posts\/241382\/revisions"}],"predecessor-version":[{"id":241384,"href":"https:\/\/franciscanos.org.br\/noticias\/wp-json\/wp\/v2\/posts\/241382\/revisions\/241384"}],"wp:featuredmedia":[{"embeddable":true,"href":"https:\/\/franciscanos.org.br\/noticias\/wp-json\/wp\/v2\/media\/241383"}],"wp:attachment":[{"href":"https:\/\/franciscanos.org.br\/noticias\/wp-json\/wp\/v2\/media?parent=241382"}],"wp:term":[{"taxonomy":"category","embeddable":true,"href":"https:\/\/franciscanos.org.br\/noticias\/wp-json\/wp\/v2\/categories?post=241382"},{"taxonomy":"post_tag","embeddable":true,"href":"https:\/\/franciscanos.org.br\/noticias\/wp-json\/wp\/v2\/tags?post=241382"}],"curies":[{"name":"wp","href":"https:\/\/api.w.org\/{rel}","templated":true}]}}