{"id":241377,"date":"2022-12-19T08:00:28","date_gmt":"2022-12-19T11:00:28","guid":{"rendered":"https:\/\/franciscanos.org.br\/noticias\/?p=241377"},"modified":"2022-12-19T08:02:48","modified_gmt":"2022-12-19T11:02:48","slug":"canarinhos-de-petropolis-participam-de-concerto-de-natal-na-sala-cecilia-meireles","status":"publish","type":"post","link":"https:\/\/franciscanos.org.br\/noticias\/canarinhos-de-petropolis-participam-de-concerto-de-natal-na-sala-cecilia-meireles.html","title":{"rendered":"Canarinhos de Petr\u00f3polis participam de concerto de Natal na Sala Cec\u00edlia Meireles"},"content":{"rendered":"<p><img loading=\"lazy\" class=\"alignnone size-full wp-image-241378\" src=\"https:\/\/franciscanos.org.br\/noticias\/wp-content\/uploads\/2022\/12\/concerto.jpeg\" alt=\"\" width=\"1280\" height=\"890\" srcset=\"https:\/\/franciscanos.org.br\/noticias\/wp-content\/uploads\/2022\/12\/concerto.jpeg 1280w, https:\/\/franciscanos.org.br\/noticias\/wp-content\/uploads\/2022\/12\/concerto-450x313.jpeg 450w, https:\/\/franciscanos.org.br\/noticias\/wp-content\/uploads\/2022\/12\/concerto-1024x712.jpeg 1024w, https:\/\/franciscanos.org.br\/noticias\/wp-content\/uploads\/2022\/12\/concerto-768x534.jpeg 768w, https:\/\/franciscanos.org.br\/noticias\/wp-content\/uploads\/2022\/12\/concerto-150x104.jpeg 150w\" sizes=\"(max-width: 1280px) 100vw, 1280px\" \/><\/p>\n<p style=\"font-weight: 400;\"><strong>Petr\u00f3polis (RJ) &#8211;\u00a0<\/strong>Tida como uma das salas de concerto mais tradicionais do Brasil, a Sala Cec\u00edlia Meireles, renomada na Am\u00e9rica Latina por sua ac\u00fastica de prest\u00edgio, receber\u00e1 o Coral dos Canarinhos de Petr\u00f3polis na pr\u00f3xima segunda (19\/12) para um concerto de Natal. Em conjunto com a Orquestra Sinf\u00f4nica da UFRJ, ser\u00e1 apresentado o Orat\u00f3rio de Natal de Johann Sebastian Bach. Os ingressos para o espet\u00e1culo j\u00e1 est\u00e3o esgotados.<\/p>\n<p style=\"font-weight: 400;\">\u00c0 convite do diretor da Sala Cec\u00edlia Meirelles, Jos\u00e9 Guilherme Ripper, os corais dos meninos e meninas dos Canarinhos levar\u00e3o ao recinto e ao p\u00fablico presente a emo\u00e7\u00e3o do Orat\u00f3rio de Natal &#8211; Cantatas 1, 2 e 3 &#8211; do compositor alem\u00e3o Johann Sebastian Bach. Desafiadora, a composi\u00e7\u00e3o \u00e9 motivo de enorme satisfa\u00e7\u00e3o para o coro petropolitano, como comenta o Maestro dos Canarinhos, Marco Aur\u00e9lio Lischt.<\/p>\n<p style=\"font-weight: 400;\">\u201cO Orat\u00f3rio de Natal de Johann Sebastian Bach \u00e9 uma pe\u00e7a de grande envergadura da Literatura para Coro e Orquestra e tamb\u00e9m uma das pe\u00e7as mais executadas no mundo inteiro. \u00c9 uma obra desafiadora por conta da l\u00edngua alem\u00e3 e pelo entendimento de toda a ret\u00f3rica que se esconde atr\u00e1s dos textos cantados pelo coro e que faz com que a obra seja dramatizada em cima do nascimento de Jesus Cristo\u201d, explica Lischt.<\/p>\n<p style=\"font-weight: 400;\">Ainda segundo o maestro, no Brasil o repert\u00f3rio \u00e9 normalmente apresentado somente por coros profissionais e, ainda assim, por poucos deles, tamanho o desafio da interpreta\u00e7\u00e3o. O concerto da pr\u00f3xima segunda (19\/12) contar\u00e1 com a participa\u00e7\u00e3o de Marly Montoni como soprano, Lara Cavalcanti como mezzo, Anibal Mancini enquanto tenor e Marcelo Coutinho na posi\u00e7\u00e3o de bar\u00edtono, sob reg\u00eancia de Marco Aur\u00e9lio Lischt.<\/p>\n<p style=\"font-weight: 400;\">Fotos do Concerto de Natal ser\u00e3o compartilhadas posteriormente \u00e0 apresenta\u00e7\u00e3o nas p\u00e1ginas dos Canarinhos, que podem ser acompanhados no Instagram e TikTok <a href=\"https:\/\/www.instagram.com\/canarinhosdepetropolis\/\">@canarinhosdepetropolis<\/a>, YoutTube <a href=\"https:\/\/www.youtube.com\/c\/CanarinhosdePetr%C3%B3polis\/featured\">Canarinhos de Petr\u00f3polis<\/a> e Facebook <a href=\"https:\/\/www.facebook.com\/canarinhosdepetropolis\">Canarinhos de Petr\u00f3polis<\/a>.<\/p>\n<p style=\"font-weight: 400; text-align: center;\"><strong>ACOMPANHE O CONCERTO PELA INTERNET<\/strong><\/p>\n<p><iframe loading=\"lazy\" title=\"YouTube video player\" src=\"https:\/\/www.youtube.com\/embed\/0Bw_tIA4uro\" width=\"100%\" height=\"480\" frameborder=\"0\" allowfullscreen=\"allowfullscreen\"><span data-mce-type=\"bookmark\" style=\"display: inline-block; width: 0px; overflow: hidden; line-height: 0;\" class=\"mce_SELRES_start\">\ufeff<\/span><\/iframe><\/p>\n","protected":false},"excerpt":{"rendered":"<p>Coro vai apresentar o Orat\u00f3rio de Natal de Johann Sebastian Bach<\/p>\n","protected":false},"author":3,"featured_media":241378,"comment_status":"open","ping_status":"open","sticky":false,"template":"","format":"standard","meta":[],"categories":[1],"tags":[1378,1531,78],"acf":[],"yoast_head":"<!-- This site is optimized with the Yoast SEO plugin v19.2 - https:\/\/yoast.com\/wordpress\/plugins\/seo\/ -->\n<title>Canarinhos de Petr\u00f3polis participam de concerto de Natal na Sala Cec\u00edlia Meireles - Not\u00edcias - Franciscanos<\/title>\n<meta name=\"robots\" content=\"index, follow, max-snippet:-1, max-image-preview:large, max-video-preview:-1\" \/>\n<link rel=\"canonical\" href=\"https:\/\/franciscanos.org.br\/noticias\/canarinhos-de-petropolis-participam-de-concerto-de-natal-na-sala-cecilia-meireles.html\" \/>\n<meta property=\"og:locale\" content=\"pt_BR\" \/>\n<meta property=\"og:type\" content=\"article\" \/>\n<meta property=\"og:title\" content=\"Canarinhos de Petr\u00f3polis participam de concerto de Natal na Sala Cec\u00edlia Meireles - Not\u00edcias - Franciscanos\" \/>\n<meta property=\"og:description\" content=\"Coro vai apresentar o Orat\u00f3rio de Natal de Johann Sebastian Bach\" \/>\n<meta property=\"og:url\" content=\"https:\/\/franciscanos.org.br\/noticias\/canarinhos-de-petropolis-participam-de-concerto-de-natal-na-sala-cecilia-meireles.html\" \/>\n<meta property=\"og:site_name\" content=\"Not\u00edcias - Franciscanos\" \/>\n<meta property=\"article:published_time\" content=\"2022-12-19T11:00:28+00:00\" \/>\n<meta property=\"article:modified_time\" content=\"2022-12-19T11:02:48+00:00\" \/>\n<meta property=\"og:image\" content=\"https:\/\/franciscanos.org.br\/noticias\/wp-content\/uploads\/2022\/12\/concerto.jpeg\" \/>\n\t<meta property=\"og:image:width\" content=\"1280\" \/>\n\t<meta property=\"og:image:height\" content=\"890\" \/>\n\t<meta property=\"og:image:type\" content=\"image\/jpeg\" \/>\n<meta name=\"author\" content=\"moacir\" \/>\n<meta name=\"twitter:card\" content=\"summary_large_image\" \/>\n<meta name=\"twitter:label1\" content=\"Escrito por\" \/>\n\t<meta name=\"twitter:data1\" content=\"moacir\" \/>\n\t<meta name=\"twitter:label2\" content=\"Est. tempo de leitura\" \/>\n\t<meta name=\"twitter:data2\" content=\"2 minutos\" \/>\n<script type=\"application\/ld+json\" class=\"yoast-schema-graph\">{\"@context\":\"https:\/\/schema.org\",\"@graph\":[{\"@type\":\"WebSite\",\"@id\":\"https:\/\/franciscanos.org.br\/noticias\/#website\",\"url\":\"https:\/\/franciscanos.org.br\/noticias\/\",\"name\":\"Not\u00edcias - Franciscanos\",\"description\":\"Prov\u00edncia Franciscana da Imaculada Concei\u00e7\u00e3o do Brasil - Ordem dos Frades Menores - OFM\",\"potentialAction\":[{\"@type\":\"SearchAction\",\"target\":{\"@type\":\"EntryPoint\",\"urlTemplate\":\"https:\/\/franciscanos.org.br\/noticias\/?s={search_term_string}\"},\"query-input\":\"required name=search_term_string\"}],\"inLanguage\":\"pt-BR\"},{\"@type\":\"ImageObject\",\"inLanguage\":\"pt-BR\",\"@id\":\"https:\/\/franciscanos.org.br\/noticias\/canarinhos-de-petropolis-participam-de-concerto-de-natal-na-sala-cecilia-meireles.html#primaryimage\",\"url\":\"https:\/\/franciscanos.org.br\/noticias\/wp-content\/uploads\/2022\/12\/concerto.jpeg\",\"contentUrl\":\"https:\/\/franciscanos.org.br\/noticias\/wp-content\/uploads\/2022\/12\/concerto.jpeg\",\"width\":1280,\"height\":890},{\"@type\":\"WebPage\",\"@id\":\"https:\/\/franciscanos.org.br\/noticias\/canarinhos-de-petropolis-participam-de-concerto-de-natal-na-sala-cecilia-meireles.html#webpage\",\"url\":\"https:\/\/franciscanos.org.br\/noticias\/canarinhos-de-petropolis-participam-de-concerto-de-natal-na-sala-cecilia-meireles.html\",\"name\":\"Canarinhos de Petr\u00f3polis participam de concerto de Natal na Sala Cec\u00edlia Meireles - Not\u00edcias - Franciscanos\",\"isPartOf\":{\"@id\":\"https:\/\/franciscanos.org.br\/noticias\/#website\"},\"primaryImageOfPage\":{\"@id\":\"https:\/\/franciscanos.org.br\/noticias\/canarinhos-de-petropolis-participam-de-concerto-de-natal-na-sala-cecilia-meireles.html#primaryimage\"},\"datePublished\":\"2022-12-19T11:00:28+00:00\",\"dateModified\":\"2022-12-19T11:02:48+00:00\",\"author\":{\"@id\":\"https:\/\/franciscanos.org.br\/noticias\/#\/schema\/person\/b5c8cba458c330ccff548b056e95a5d4\"},\"breadcrumb\":{\"@id\":\"https:\/\/franciscanos.org.br\/noticias\/canarinhos-de-petropolis-participam-de-concerto-de-natal-na-sala-cecilia-meireles.html#breadcrumb\"},\"inLanguage\":\"pt-BR\",\"potentialAction\":[{\"@type\":\"ReadAction\",\"target\":[\"https:\/\/franciscanos.org.br\/noticias\/canarinhos-de-petropolis-participam-de-concerto-de-natal-na-sala-cecilia-meireles.html\"]}]},{\"@type\":\"BreadcrumbList\",\"@id\":\"https:\/\/franciscanos.org.br\/noticias\/canarinhos-de-petropolis-participam-de-concerto-de-natal-na-sala-cecilia-meireles.html#breadcrumb\",\"itemListElement\":[{\"@type\":\"ListItem\",\"position\":1,\"name\":\"Home\",\"item\":\"https:\/\/franciscanos.org.br\/noticias\"},{\"@type\":\"ListItem\",\"position\":2,\"name\":\"Canarinhos de Petr\u00f3polis participam de concerto de Natal na Sala Cec\u00edlia Meireles\"}]},{\"@type\":\"Person\",\"@id\":\"https:\/\/franciscanos.org.br\/noticias\/#\/schema\/person\/b5c8cba458c330ccff548b056e95a5d4\",\"name\":\"moacir\",\"image\":{\"@type\":\"ImageObject\",\"inLanguage\":\"pt-BR\",\"@id\":\"https:\/\/franciscanos.org.br\/noticias\/#\/schema\/person\/image\/\",\"url\":\"https:\/\/secure.gravatar.com\/avatar\/d08aa2ce4c8dd416d4479aa8536fcf64?s=96&d=mm&r=g\",\"contentUrl\":\"https:\/\/secure.gravatar.com\/avatar\/d08aa2ce4c8dd416d4479aa8536fcf64?s=96&d=mm&r=g\",\"caption\":\"moacir\"},\"url\":\"https:\/\/franciscanos.org.br\/noticias\/author\/moacir\"}]}<\/script>\n<!-- \/ Yoast SEO plugin. -->","yoast_head_json":{"title":"Canarinhos de Petr\u00f3polis participam de concerto de Natal na Sala Cec\u00edlia Meireles - Not\u00edcias - Franciscanos","robots":{"index":"index","follow":"follow","max-snippet":"max-snippet:-1","max-image-preview":"max-image-preview:large","max-video-preview":"max-video-preview:-1"},"canonical":"https:\/\/franciscanos.org.br\/noticias\/canarinhos-de-petropolis-participam-de-concerto-de-natal-na-sala-cecilia-meireles.html","og_locale":"pt_BR","og_type":"article","og_title":"Canarinhos de Petr\u00f3polis participam de concerto de Natal na Sala Cec\u00edlia Meireles - Not\u00edcias - Franciscanos","og_description":"Coro vai apresentar o Orat\u00f3rio de Natal de Johann Sebastian Bach","og_url":"https:\/\/franciscanos.org.br\/noticias\/canarinhos-de-petropolis-participam-de-concerto-de-natal-na-sala-cecilia-meireles.html","og_site_name":"Not\u00edcias - Franciscanos","article_published_time":"2022-12-19T11:00:28+00:00","article_modified_time":"2022-12-19T11:02:48+00:00","og_image":[{"width":1280,"height":890,"url":"https:\/\/franciscanos.org.br\/noticias\/wp-content\/uploads\/2022\/12\/concerto.jpeg","type":"image\/jpeg"}],"author":"moacir","twitter_card":"summary_large_image","twitter_misc":{"Escrito por":"moacir","Est. tempo de leitura":"2 minutos"},"schema":{"@context":"https:\/\/schema.org","@graph":[{"@type":"WebSite","@id":"https:\/\/franciscanos.org.br\/noticias\/#website","url":"https:\/\/franciscanos.org.br\/noticias\/","name":"Not\u00edcias - Franciscanos","description":"Prov\u00edncia Franciscana da Imaculada Concei\u00e7\u00e3o do Brasil - Ordem dos Frades Menores - OFM","potentialAction":[{"@type":"SearchAction","target":{"@type":"EntryPoint","urlTemplate":"https:\/\/franciscanos.org.br\/noticias\/?s={search_term_string}"},"query-input":"required name=search_term_string"}],"inLanguage":"pt-BR"},{"@type":"ImageObject","inLanguage":"pt-BR","@id":"https:\/\/franciscanos.org.br\/noticias\/canarinhos-de-petropolis-participam-de-concerto-de-natal-na-sala-cecilia-meireles.html#primaryimage","url":"https:\/\/franciscanos.org.br\/noticias\/wp-content\/uploads\/2022\/12\/concerto.jpeg","contentUrl":"https:\/\/franciscanos.org.br\/noticias\/wp-content\/uploads\/2022\/12\/concerto.jpeg","width":1280,"height":890},{"@type":"WebPage","@id":"https:\/\/franciscanos.org.br\/noticias\/canarinhos-de-petropolis-participam-de-concerto-de-natal-na-sala-cecilia-meireles.html#webpage","url":"https:\/\/franciscanos.org.br\/noticias\/canarinhos-de-petropolis-participam-de-concerto-de-natal-na-sala-cecilia-meireles.html","name":"Canarinhos de Petr\u00f3polis participam de concerto de Natal na Sala Cec\u00edlia Meireles - Not\u00edcias - Franciscanos","isPartOf":{"@id":"https:\/\/franciscanos.org.br\/noticias\/#website"},"primaryImageOfPage":{"@id":"https:\/\/franciscanos.org.br\/noticias\/canarinhos-de-petropolis-participam-de-concerto-de-natal-na-sala-cecilia-meireles.html#primaryimage"},"datePublished":"2022-12-19T11:00:28+00:00","dateModified":"2022-12-19T11:02:48+00:00","author":{"@id":"https:\/\/franciscanos.org.br\/noticias\/#\/schema\/person\/b5c8cba458c330ccff548b056e95a5d4"},"breadcrumb":{"@id":"https:\/\/franciscanos.org.br\/noticias\/canarinhos-de-petropolis-participam-de-concerto-de-natal-na-sala-cecilia-meireles.html#breadcrumb"},"inLanguage":"pt-BR","potentialAction":[{"@type":"ReadAction","target":["https:\/\/franciscanos.org.br\/noticias\/canarinhos-de-petropolis-participam-de-concerto-de-natal-na-sala-cecilia-meireles.html"]}]},{"@type":"BreadcrumbList","@id":"https:\/\/franciscanos.org.br\/noticias\/canarinhos-de-petropolis-participam-de-concerto-de-natal-na-sala-cecilia-meireles.html#breadcrumb","itemListElement":[{"@type":"ListItem","position":1,"name":"Home","item":"https:\/\/franciscanos.org.br\/noticias"},{"@type":"ListItem","position":2,"name":"Canarinhos de Petr\u00f3polis participam de concerto de Natal na Sala Cec\u00edlia Meireles"}]},{"@type":"Person","@id":"https:\/\/franciscanos.org.br\/noticias\/#\/schema\/person\/b5c8cba458c330ccff548b056e95a5d4","name":"moacir","image":{"@type":"ImageObject","inLanguage":"pt-BR","@id":"https:\/\/franciscanos.org.br\/noticias\/#\/schema\/person\/image\/","url":"https:\/\/secure.gravatar.com\/avatar\/d08aa2ce4c8dd416d4479aa8536fcf64?s=96&d=mm&r=g","contentUrl":"https:\/\/secure.gravatar.com\/avatar\/d08aa2ce4c8dd416d4479aa8536fcf64?s=96&d=mm&r=g","caption":"moacir"},"url":"https:\/\/franciscanos.org.br\/noticias\/author\/moacir"}]}},"_links":{"self":[{"href":"https:\/\/franciscanos.org.br\/noticias\/wp-json\/wp\/v2\/posts\/241377"}],"collection":[{"href":"https:\/\/franciscanos.org.br\/noticias\/wp-json\/wp\/v2\/posts"}],"about":[{"href":"https:\/\/franciscanos.org.br\/noticias\/wp-json\/wp\/v2\/types\/post"}],"author":[{"embeddable":true,"href":"https:\/\/franciscanos.org.br\/noticias\/wp-json\/wp\/v2\/users\/3"}],"replies":[{"embeddable":true,"href":"https:\/\/franciscanos.org.br\/noticias\/wp-json\/wp\/v2\/comments?post=241377"}],"version-history":[{"count":3,"href":"https:\/\/franciscanos.org.br\/noticias\/wp-json\/wp\/v2\/posts\/241377\/revisions"}],"predecessor-version":[{"id":241381,"href":"https:\/\/franciscanos.org.br\/noticias\/wp-json\/wp\/v2\/posts\/241377\/revisions\/241381"}],"wp:featuredmedia":[{"embeddable":true,"href":"https:\/\/franciscanos.org.br\/noticias\/wp-json\/wp\/v2\/media\/241378"}],"wp:attachment":[{"href":"https:\/\/franciscanos.org.br\/noticias\/wp-json\/wp\/v2\/media?parent=241377"}],"wp:term":[{"taxonomy":"category","embeddable":true,"href":"https:\/\/franciscanos.org.br\/noticias\/wp-json\/wp\/v2\/categories?post=241377"},{"taxonomy":"post_tag","embeddable":true,"href":"https:\/\/franciscanos.org.br\/noticias\/wp-json\/wp\/v2\/tags?post=241377"}],"curies":[{"name":"wp","href":"https:\/\/api.w.org\/{rel}","templated":true}]}}