{"id":241372,"date":"2022-12-19T07:22:29","date_gmt":"2022-12-19T10:22:29","guid":{"rendered":"https:\/\/franciscanos.org.br\/noticias\/?p=241372"},"modified":"2022-12-19T07:22:29","modified_gmt":"2022-12-19T10:22:29","slug":"mensagem-do-ministro-provincial-para-o-ano-novo","status":"publish","type":"post","link":"https:\/\/franciscanos.org.br\/noticias\/mensagem-do-ministro-provincial-para-o-ano-novo.html","title":{"rendered":"Mensagem do Ministro Provincial para o Ano Novo"},"content":{"rendered":"<p><img loading=\"lazy\" class=\"alignnone size-full wp-image-241373\" src=\"https:\/\/franciscanos.org.br\/noticias\/wp-content\/uploads\/2022\/12\/2023-01-01_Ano-Novo_destaque_1280x720.png\" alt=\"\" width=\"1280\" height=\"720\" srcset=\"https:\/\/franciscanos.org.br\/noticias\/wp-content\/uploads\/2022\/12\/2023-01-01_Ano-Novo_destaque_1280x720.png 1280w, https:\/\/franciscanos.org.br\/noticias\/wp-content\/uploads\/2022\/12\/2023-01-01_Ano-Novo_destaque_1280x720-450x253.png 450w, https:\/\/franciscanos.org.br\/noticias\/wp-content\/uploads\/2022\/12\/2023-01-01_Ano-Novo_destaque_1280x720-1024x576.png 1024w, https:\/\/franciscanos.org.br\/noticias\/wp-content\/uploads\/2022\/12\/2023-01-01_Ano-Novo_destaque_1280x720-768x432.png 768w, https:\/\/franciscanos.org.br\/noticias\/wp-content\/uploads\/2022\/12\/2023-01-01_Ano-Novo_destaque_1280x720-150x84.png 150w\" sizes=\"(max-width: 1280px) 100vw, 1280px\" \/><\/p>\n<p style=\"padding-left: 40px;\"><strong>FELIZ ANO NOVO!<\/strong><\/p>\n<p>Meu caro irm\u00e3o, minha querida irm\u00e3,<\/p>\n<p>Quero estar perto de voc\u00ea para, em nome dos confrades da Prov\u00edncia Franciscana da Imaculada Concei\u00e7\u00e3o, empenhar votos de Feliz Ano Novo, ou como se diz l\u00e1 em Minas, votos de Boas Entradas.<\/p>\n<p>Nesses pr\u00f3ximos dias vamos ver espet\u00e1culos pirot\u00e9cnicos encherem os c\u00e9us, multid\u00f5es envolvidas por sorrisos e abra\u00e7os sair\u00e3o \u00e0s ruas, cora\u00e7\u00f5es crentes encontrar\u00e3o espa\u00e7o para uma prece, uma atmosfera de alegria e esperan\u00e7a envolver\u00e1 a tudo e a todos&#8230;<\/p>\n<p>Embora repetida a cada intervalo de 365 dias, a virada do ano conserva e, mais que isso, remete a uma experi\u00eancia revigorante.<\/p>\n<p>Podemos nos perguntar: Por que esse tempo nos impacta tanto?<\/p>\n<p>A partir da nossa experi\u00eancia de f\u00e9 sabemos que nossa exist\u00eancia n\u00e3o se resume \u00e0 restritiva sina de nascer, crescer, multiplicar-se e fenecer.<\/p>\n<p>Na nossa caminhada, algumas vezes, podemos nos revelar insatisfeitos, inadaptados, rebeldes, e at\u00e9 desanimados, desalmados.<\/p>\n<p>Contudo, o ser humano que sabe de onde veio e para onde vai, \u00e9 sustentado pela certeza de que tudo o que o olhar alcan\u00e7a, tudo o que sente o cora\u00e7\u00e3o, mesmo que intenso seja, \u00e9 ainda provis\u00f3rio.<\/p>\n<p>O prometido, o que vir\u00e1, o novo, isso sim tem o dom da plenitude e d\u00e1 sentido a todos os recome\u00e7os.<\/p>\n<p>Por isso, nossos votos de \u201cFeliz Ano Novo\u201d deixam de ser meros cumprimentos formais para se converterem em partilha daquelas raz\u00f5es primeiras que congregam e promovem a confraterniza\u00e7\u00e3o de todas as criaturas do universo<\/p>\n<p>A celebra\u00e7\u00e3o de um Novo Ano, mais que proje\u00e7\u00f5es, sugere tamb\u00e9m um olhar retrospectivo.<\/p>\n<p>A considera\u00e7\u00e3o do caminho feito dever\u00e1 ter a marca da gratid\u00e3o.<\/p>\n<p>Mesmo que muitas promessas e projetos n\u00e3o tenham alcan\u00e7ado satisfat\u00f3ria realiza\u00e7\u00e3o, \u00e9 preciso reconhecer o esfor\u00e7o empreendido e at\u00e9 a necessidade de rever a rota, sem perder o rumo.<\/p>\n<p>Como diz o poeta \u201cse muito vale o j\u00e1 feito, mais vale o que ser\u00e1\u201d.<\/p>\n<p>Por isso, o in\u00edcio de um novo ano aponta dire\u00e7\u00f5es e apresenta desafios.<\/p>\n<p>Assim, ao receber, por pura gra\u00e7a, um ano novo repleto de infinitas possibilidades, como fraternidade, como fam\u00edlia, como pessoas escolhidas pelo Senhor para testemunhar o seu Evangelho, sintamo-nos revigorados pelo desejo de seguir vivendo o dom da voca\u00e7\u00e3o franciscana.<\/p>\n<p>Renovemos nossa esperan\u00e7a e nosso compromisso com a promo\u00e7\u00e3o de relacionamentos curativos, acolhedores, ternos e fraternos.<\/p>\n<p>Tenhamos a alegria de estar entre os pobres e com eles sonhar \u201cnovos c\u00e9us e nova terra\u201d.<\/p>\n<p style=\"padding-left: 40px;\">Boas entradas!<\/p>\n<p style=\"padding-left: 40px;\">Feliz Ano Novo!<\/p>\n<p style=\"padding-left: 40px;\">Paz e Bem!<\/p>\n<p style=\"padding-left: 40px;\"><strong>FREI PAULO ROBERTO PEREIRA, OFM<\/strong><\/p>\n<p style=\"padding-left: 40px;\"><em>Ministro Provincial<\/em><\/p>\n<p style=\"padding-left: 40px;\"><em>Prov\u00edncia Franciscana da Imaculada Concei\u00e7\u00e3o do Brasil<\/em><\/p>\n","protected":false},"excerpt":{"rendered":"<p>Mensagem<\/p>\n","protected":false},"author":3,"featured_media":241374,"comment_status":"open","ping_status":"open","sticky":false,"template":"","format":"standard","meta":[],"categories":[1],"tags":[1179],"acf":[],"yoast_head":"<!-- This site is optimized with the Yoast SEO plugin v19.2 - https:\/\/yoast.com\/wordpress\/plugins\/seo\/ -->\n<title>Mensagem do Ministro Provincial para o Ano Novo - Not\u00edcias - Franciscanos<\/title>\n<meta name=\"robots\" content=\"index, follow, max-snippet:-1, max-image-preview:large, max-video-preview:-1\" \/>\n<link rel=\"canonical\" href=\"https:\/\/franciscanos.org.br\/noticias\/mensagem-do-ministro-provincial-para-o-ano-novo.html\" \/>\n<meta property=\"og:locale\" content=\"pt_BR\" \/>\n<meta property=\"og:type\" content=\"article\" \/>\n<meta property=\"og:title\" content=\"Mensagem do Ministro Provincial para o Ano Novo - Not\u00edcias - Franciscanos\" \/>\n<meta property=\"og:description\" content=\"Mensagem\" \/>\n<meta property=\"og:url\" content=\"https:\/\/franciscanos.org.br\/noticias\/mensagem-do-ministro-provincial-para-o-ano-novo.html\" \/>\n<meta property=\"og:site_name\" content=\"Not\u00edcias - Franciscanos\" \/>\n<meta property=\"article:published_time\" content=\"2022-12-19T10:22:29+00:00\" \/>\n<meta property=\"og:image\" content=\"https:\/\/franciscanos.org.br\/noticias\/wp-content\/uploads\/2022\/12\/2023-01-01_Ano-Novo_destacada_800x550.png\" \/>\n\t<meta property=\"og:image:width\" content=\"800\" \/>\n\t<meta property=\"og:image:height\" content=\"550\" \/>\n\t<meta property=\"og:image:type\" content=\"image\/png\" \/>\n<meta name=\"author\" content=\"moacir\" \/>\n<meta name=\"twitter:card\" content=\"summary_large_image\" \/>\n<meta name=\"twitter:label1\" content=\"Escrito por\" \/>\n\t<meta name=\"twitter:data1\" content=\"moacir\" \/>\n\t<meta name=\"twitter:label2\" content=\"Est. tempo de leitura\" \/>\n\t<meta name=\"twitter:data2\" content=\"2 minutos\" \/>\n<script type=\"application\/ld+json\" class=\"yoast-schema-graph\">{\"@context\":\"https:\/\/schema.org\",\"@graph\":[{\"@type\":\"WebSite\",\"@id\":\"https:\/\/franciscanos.org.br\/noticias\/#website\",\"url\":\"https:\/\/franciscanos.org.br\/noticias\/\",\"name\":\"Not\u00edcias - Franciscanos\",\"description\":\"Prov\u00edncia Franciscana da Imaculada Concei\u00e7\u00e3o do Brasil - Ordem dos Frades Menores - OFM\",\"potentialAction\":[{\"@type\":\"SearchAction\",\"target\":{\"@type\":\"EntryPoint\",\"urlTemplate\":\"https:\/\/franciscanos.org.br\/noticias\/?s={search_term_string}\"},\"query-input\":\"required name=search_term_string\"}],\"inLanguage\":\"pt-BR\"},{\"@type\":\"ImageObject\",\"inLanguage\":\"pt-BR\",\"@id\":\"https:\/\/franciscanos.org.br\/noticias\/mensagem-do-ministro-provincial-para-o-ano-novo.html#primaryimage\",\"url\":\"https:\/\/franciscanos.org.br\/noticias\/wp-content\/uploads\/2022\/12\/2023-01-01_Ano-Novo_destacada_800x550.png\",\"contentUrl\":\"https:\/\/franciscanos.org.br\/noticias\/wp-content\/uploads\/2022\/12\/2023-01-01_Ano-Novo_destacada_800x550.png\",\"width\":800,\"height\":550},{\"@type\":\"WebPage\",\"@id\":\"https:\/\/franciscanos.org.br\/noticias\/mensagem-do-ministro-provincial-para-o-ano-novo.html#webpage\",\"url\":\"https:\/\/franciscanos.org.br\/noticias\/mensagem-do-ministro-provincial-para-o-ano-novo.html\",\"name\":\"Mensagem do Ministro Provincial para o Ano Novo - Not\u00edcias - Franciscanos\",\"isPartOf\":{\"@id\":\"https:\/\/franciscanos.org.br\/noticias\/#website\"},\"primaryImageOfPage\":{\"@id\":\"https:\/\/franciscanos.org.br\/noticias\/mensagem-do-ministro-provincial-para-o-ano-novo.html#primaryimage\"},\"datePublished\":\"2022-12-19T10:22:29+00:00\",\"dateModified\":\"2022-12-19T10:22:29+00:00\",\"author\":{\"@id\":\"https:\/\/franciscanos.org.br\/noticias\/#\/schema\/person\/b5c8cba458c330ccff548b056e95a5d4\"},\"breadcrumb\":{\"@id\":\"https:\/\/franciscanos.org.br\/noticias\/mensagem-do-ministro-provincial-para-o-ano-novo.html#breadcrumb\"},\"inLanguage\":\"pt-BR\",\"potentialAction\":[{\"@type\":\"ReadAction\",\"target\":[\"https:\/\/franciscanos.org.br\/noticias\/mensagem-do-ministro-provincial-para-o-ano-novo.html\"]}]},{\"@type\":\"BreadcrumbList\",\"@id\":\"https:\/\/franciscanos.org.br\/noticias\/mensagem-do-ministro-provincial-para-o-ano-novo.html#breadcrumb\",\"itemListElement\":[{\"@type\":\"ListItem\",\"position\":1,\"name\":\"Home\",\"item\":\"https:\/\/franciscanos.org.br\/noticias\"},{\"@type\":\"ListItem\",\"position\":2,\"name\":\"Mensagem do Ministro Provincial para o Ano Novo\"}]},{\"@type\":\"Person\",\"@id\":\"https:\/\/franciscanos.org.br\/noticias\/#\/schema\/person\/b5c8cba458c330ccff548b056e95a5d4\",\"name\":\"moacir\",\"image\":{\"@type\":\"ImageObject\",\"inLanguage\":\"pt-BR\",\"@id\":\"https:\/\/franciscanos.org.br\/noticias\/#\/schema\/person\/image\/\",\"url\":\"https:\/\/secure.gravatar.com\/avatar\/d08aa2ce4c8dd416d4479aa8536fcf64?s=96&d=mm&r=g\",\"contentUrl\":\"https:\/\/secure.gravatar.com\/avatar\/d08aa2ce4c8dd416d4479aa8536fcf64?s=96&d=mm&r=g\",\"caption\":\"moacir\"},\"url\":\"https:\/\/franciscanos.org.br\/noticias\/author\/moacir\"}]}<\/script>\n<!-- \/ Yoast SEO plugin. -->","yoast_head_json":{"title":"Mensagem do Ministro Provincial para o Ano Novo - Not\u00edcias - Franciscanos","robots":{"index":"index","follow":"follow","max-snippet":"max-snippet:-1","max-image-preview":"max-image-preview:large","max-video-preview":"max-video-preview:-1"},"canonical":"https:\/\/franciscanos.org.br\/noticias\/mensagem-do-ministro-provincial-para-o-ano-novo.html","og_locale":"pt_BR","og_type":"article","og_title":"Mensagem do Ministro Provincial para o Ano Novo - Not\u00edcias - Franciscanos","og_description":"Mensagem","og_url":"https:\/\/franciscanos.org.br\/noticias\/mensagem-do-ministro-provincial-para-o-ano-novo.html","og_site_name":"Not\u00edcias - Franciscanos","article_published_time":"2022-12-19T10:22:29+00:00","og_image":[{"width":800,"height":550,"url":"https:\/\/franciscanos.org.br\/noticias\/wp-content\/uploads\/2022\/12\/2023-01-01_Ano-Novo_destacada_800x550.png","type":"image\/png"}],"author":"moacir","twitter_card":"summary_large_image","twitter_misc":{"Escrito por":"moacir","Est. tempo de leitura":"2 minutos"},"schema":{"@context":"https:\/\/schema.org","@graph":[{"@type":"WebSite","@id":"https:\/\/franciscanos.org.br\/noticias\/#website","url":"https:\/\/franciscanos.org.br\/noticias\/","name":"Not\u00edcias - Franciscanos","description":"Prov\u00edncia Franciscana da Imaculada Concei\u00e7\u00e3o do Brasil - Ordem dos Frades Menores - OFM","potentialAction":[{"@type":"SearchAction","target":{"@type":"EntryPoint","urlTemplate":"https:\/\/franciscanos.org.br\/noticias\/?s={search_term_string}"},"query-input":"required name=search_term_string"}],"inLanguage":"pt-BR"},{"@type":"ImageObject","inLanguage":"pt-BR","@id":"https:\/\/franciscanos.org.br\/noticias\/mensagem-do-ministro-provincial-para-o-ano-novo.html#primaryimage","url":"https:\/\/franciscanos.org.br\/noticias\/wp-content\/uploads\/2022\/12\/2023-01-01_Ano-Novo_destacada_800x550.png","contentUrl":"https:\/\/franciscanos.org.br\/noticias\/wp-content\/uploads\/2022\/12\/2023-01-01_Ano-Novo_destacada_800x550.png","width":800,"height":550},{"@type":"WebPage","@id":"https:\/\/franciscanos.org.br\/noticias\/mensagem-do-ministro-provincial-para-o-ano-novo.html#webpage","url":"https:\/\/franciscanos.org.br\/noticias\/mensagem-do-ministro-provincial-para-o-ano-novo.html","name":"Mensagem do Ministro Provincial para o Ano Novo - Not\u00edcias - Franciscanos","isPartOf":{"@id":"https:\/\/franciscanos.org.br\/noticias\/#website"},"primaryImageOfPage":{"@id":"https:\/\/franciscanos.org.br\/noticias\/mensagem-do-ministro-provincial-para-o-ano-novo.html#primaryimage"},"datePublished":"2022-12-19T10:22:29+00:00","dateModified":"2022-12-19T10:22:29+00:00","author":{"@id":"https:\/\/franciscanos.org.br\/noticias\/#\/schema\/person\/b5c8cba458c330ccff548b056e95a5d4"},"breadcrumb":{"@id":"https:\/\/franciscanos.org.br\/noticias\/mensagem-do-ministro-provincial-para-o-ano-novo.html#breadcrumb"},"inLanguage":"pt-BR","potentialAction":[{"@type":"ReadAction","target":["https:\/\/franciscanos.org.br\/noticias\/mensagem-do-ministro-provincial-para-o-ano-novo.html"]}]},{"@type":"BreadcrumbList","@id":"https:\/\/franciscanos.org.br\/noticias\/mensagem-do-ministro-provincial-para-o-ano-novo.html#breadcrumb","itemListElement":[{"@type":"ListItem","position":1,"name":"Home","item":"https:\/\/franciscanos.org.br\/noticias"},{"@type":"ListItem","position":2,"name":"Mensagem do Ministro Provincial para o Ano Novo"}]},{"@type":"Person","@id":"https:\/\/franciscanos.org.br\/noticias\/#\/schema\/person\/b5c8cba458c330ccff548b056e95a5d4","name":"moacir","image":{"@type":"ImageObject","inLanguage":"pt-BR","@id":"https:\/\/franciscanos.org.br\/noticias\/#\/schema\/person\/image\/","url":"https:\/\/secure.gravatar.com\/avatar\/d08aa2ce4c8dd416d4479aa8536fcf64?s=96&d=mm&r=g","contentUrl":"https:\/\/secure.gravatar.com\/avatar\/d08aa2ce4c8dd416d4479aa8536fcf64?s=96&d=mm&r=g","caption":"moacir"},"url":"https:\/\/franciscanos.org.br\/noticias\/author\/moacir"}]}},"_links":{"self":[{"href":"https:\/\/franciscanos.org.br\/noticias\/wp-json\/wp\/v2\/posts\/241372"}],"collection":[{"href":"https:\/\/franciscanos.org.br\/noticias\/wp-json\/wp\/v2\/posts"}],"about":[{"href":"https:\/\/franciscanos.org.br\/noticias\/wp-json\/wp\/v2\/types\/post"}],"author":[{"embeddable":true,"href":"https:\/\/franciscanos.org.br\/noticias\/wp-json\/wp\/v2\/users\/3"}],"replies":[{"embeddable":true,"href":"https:\/\/franciscanos.org.br\/noticias\/wp-json\/wp\/v2\/comments?post=241372"}],"version-history":[{"count":1,"href":"https:\/\/franciscanos.org.br\/noticias\/wp-json\/wp\/v2\/posts\/241372\/revisions"}],"predecessor-version":[{"id":241375,"href":"https:\/\/franciscanos.org.br\/noticias\/wp-json\/wp\/v2\/posts\/241372\/revisions\/241375"}],"wp:featuredmedia":[{"embeddable":true,"href":"https:\/\/franciscanos.org.br\/noticias\/wp-json\/wp\/v2\/media\/241374"}],"wp:attachment":[{"href":"https:\/\/franciscanos.org.br\/noticias\/wp-json\/wp\/v2\/media?parent=241372"}],"wp:term":[{"taxonomy":"category","embeddable":true,"href":"https:\/\/franciscanos.org.br\/noticias\/wp-json\/wp\/v2\/categories?post=241372"},{"taxonomy":"post_tag","embeddable":true,"href":"https:\/\/franciscanos.org.br\/noticias\/wp-json\/wp\/v2\/tags?post=241372"}],"curies":[{"name":"wp","href":"https:\/\/api.w.org\/{rel}","templated":true}]}}