{"id":241320,"date":"2022-12-13T07:54:41","date_gmt":"2022-12-13T10:54:41","guid":{"rendered":"https:\/\/franciscanos.org.br\/noticias\/?p=241320"},"modified":"2023-01-03T11:08:40","modified_gmt":"2023-01-03T14:08:40","slug":"entrevistajpic","status":"publish","type":"post","link":"https:\/\/franciscanos.org.br\/noticias\/entrevistajpic.html","title":{"rendered":"\u201cAinda n\u00e3o percebemos a gravidade da crise clim\u00e1tica. Quando nos dermos conta, ser\u00e1 tarde demais\u201d, diz Frei Daniel Blanco"},"content":{"rendered":"<p><img loading=\"lazy\" class=\"alignnone size-full wp-image-241321\" src=\"https:\/\/franciscanos.org.br\/noticias\/wp-content\/uploads\/2022\/12\/daniel_1312.jpg\" alt=\"\" width=\"1280\" height=\"720\" srcset=\"https:\/\/franciscanos.org.br\/noticias\/wp-content\/uploads\/2022\/12\/daniel_1312.jpg 1280w, https:\/\/franciscanos.org.br\/noticias\/wp-content\/uploads\/2022\/12\/daniel_1312-450x253.jpg 450w, https:\/\/franciscanos.org.br\/noticias\/wp-content\/uploads\/2022\/12\/daniel_1312-1024x576.jpg 1024w, https:\/\/franciscanos.org.br\/noticias\/wp-content\/uploads\/2022\/12\/daniel_1312-768x432.jpg 768w, https:\/\/franciscanos.org.br\/noticias\/wp-content\/uploads\/2022\/12\/daniel_1312-150x84.jpg 150w\" sizes=\"(max-width: 1280px) 100vw, 1280px\" \/><\/p>\n<p><em>O frade salvadorenho Frei Daniel Nicol\u00e1s Rodr\u00edguez Blanco, OFM, assumiu no \u00faltimo dia 1\u00ba de setembro uma nova miss\u00e3o: a anima\u00e7\u00e3o do Escrit\u00f3rio Geral de Justi\u00e7a, Paz e Integridade da Cria\u00e7\u00e3o (JPIC) da Ordem dos Frades Menores. Ele assumiu no lugar do frade chileno Frei Jaime Campos Fonseca, OFM, que ficou neste servi\u00e7o durante cinco anos e agora retornou \u00e0 Prov\u00edncia Franciscana da Sant\u00edssima Trindade. <\/em><\/p>\n<p><em>\u00a0<\/em><em>Durante um tempo de transi\u00e7\u00e3o, Frei Daniel p\u00f4de conhecer e interiorizar o funcionamento interno do Escrit\u00f3rio de JPIC e a rela\u00e7\u00e3o de trabalho com outros Escrit\u00f3rios e Secretariados da C\u00faria a servi\u00e7o do Ministro geral e do Definit\u00f3rio geral, para a anima\u00e7\u00e3o do todas as Entidades da Ordem.<\/em><\/p>\n<p><em>\u00a0<\/em><em>Nas palavras de Frei Daniel, o tempo vivido at\u00e9 agora na C\u00faria Geral e o processo de transi\u00e7\u00e3o foram &#8220;um tempo de aprendizado, de paix\u00e3o pelo trabalho que o Escrit\u00f3rio realiza e da consci\u00eancia de dar continuidade ao trabalho&#8221;.<\/em><\/p>\n<p><em>\u00a0<\/em><em>No final de novembro, Frei Daniel esteve \u00e0 frente do seu primeiro evento como diretor do Escrit\u00f3rio de JPIC: a reuni\u00e3o do Conselho Internacional de Justi\u00e7a, Paz e Integridade da Cria\u00e7\u00e3o (CIJPIC), das diferentes Confer\u00eancias da Ordem dos Frades Menores, em Petr\u00f3polis (RJ), de 21 a 27 de novembro de 2022, para refletir sobre os desafios hoje. <\/em><\/p>\n<p><em>\u00a0<\/em><em>Em S\u00e3o Paulo, nos dias 5 e 6 de dezembro, Frei Daniel esteve reunido com frades franciscanos, irm\u00e3s e leigas da Rede Franciscana para Migrantes (RFM), com a finalidade de consolidar as articula\u00e7\u00f5es de implanta\u00e7\u00e3o da RFM no Brasil e assim somar aos sete pa\u00edses que constroem a rede na Am\u00e9rica Latina. Neste tempo, Frei Daniel falou ao <\/em><strong>site Franciscanos.<\/strong><em> Segundo ele, o encontro constante com Jesus, com Francisco e com o magist\u00e9rio e os gestos prof\u00e9ticos do Papa Francisco &#8220;nos levar\u00e3o a trabalhar com paix\u00e3o e alegria pela paz, pela justi\u00e7a e pela integridade da cria\u00e7\u00e3o&#8221;. <\/em><\/p>\n<p><em><strong>Acompanhe a entrevista ao site Franciscanos<\/strong><\/em><\/p>\n<p><strong>Franciscanos &#8211; Como o sr. recebeu a nomea\u00e7\u00e3o para dirigir o Escrit\u00f3rio Geral de Justi\u00e7a, Paz e Integridade da Cria\u00e7\u00e3o (JPIC) da Ordem?<\/strong><\/p>\n<p><strong>\u00a0<\/strong><strong>Frei Daniel Nicol\u00e1s Rodr\u00edguez Blanco<\/strong> &#8211; A princ\u00edpio, foi uma consulta pessoal na forma de uma pesquisa. Ent\u00e3o, veio algo mais formal que levou \u00e0 minha nomea\u00e7\u00e3o. A proposta me surpreendeu porque, como costuma acontecer, eu n\u00e3o esperava. Depois da surpresa vem a ang\u00fastia e a d\u00favida sobre a responsabilidade que ser\u00e1 assumida. Por fim, experimentei uma esp\u00e9cie de consolo, em que se calcula menos as capacidades pessoais e se come\u00e7a a confiar mais no primeiro animador de JPIC que \u00e9 a pessoa de Jesus de Nazar\u00e9.<\/p>\n<p><strong>Franciscanos &#8211; Fale-nos um pouco sobre sua vida, sua forma\u00e7\u00e3o religiosa e sua participa\u00e7\u00e3o na JPIC.<\/strong><\/p>\n<p><strong>\u00a0<\/strong><strong>Frei Daniel<\/strong> &#8211; Sou um frade franciscano salvadorenho, que viveu sua inf\u00e2ncia entre balas e canh\u00f5es, resultado de uma guerra fratricida de doze anos (1980-1992), cuja paz social ainda n\u00e3o conseguimos consolidar. Na maior parte da minha vida franciscana servi na forma\u00e7\u00e3o inicial. Estive quatro anos como mission\u00e1rio no Haiti e nos \u00faltimos dois anos e meio, antes de assumir a dire\u00e7\u00e3o do Escrit\u00f3rio Geral, colaborei como Decano da Faculdade de Teologia da Universidade Rafael Land\u00edvar da Guatemala, a cargo da Companhia de Jesus.<\/p>\n<p>Fiz mestrado em Filosofia e l\u00e1 pude estudar o fil\u00f3sofo italiano Gianni Vattimo. Sua proposta de pensamento me ajuda a interpretar o cristianismo e nossa espiritualidade franciscana a partir de outros par\u00e2metros. Como pode ver, nunca tive uma responsabilidade direta na JPIC, mas posso dizer que na minha forma\u00e7\u00e3o inicial e permanente tenho vivido de sua espiritualidade.<\/p>\n<p><strong>Franciscanos &#8211; Quais s\u00e3o os principais projetos ou eventos da Secretaria Geral de Justi\u00e7a, Paz e Integridade da Cria\u00e7\u00e3o (JPIC) em 2023?<\/strong><\/p>\n<p><strong>\u00a0<\/strong><strong>Frei Daniel<\/strong> &#8211; A Ordem Franciscana teve seu Conselho Internacional de JPIC na cidade de Petr\u00f3polis, de 21 a 26 de novembro. Todas as Confer\u00eancias da Ordem estavam ali representadas. Pois bem, este Conselho nos pediu, levando em conta as orienta\u00e7\u00f5es e mandatos do Cap\u00edtulo Geral de 2021, animar e nos comprometermos com tr\u00eas linhas de a\u00e7\u00e3o: a) convers\u00e3o, justi\u00e7a clim\u00e1tica e ecologia integral, b) Migrantes e refugiados e c ) N\u00e3o-viol\u00eancia e constru\u00e7\u00e3o da paz. Cada uma delas est\u00e1 ligada com as demais. As atividades que desenvolveremos nos pr\u00f3ximos anos dever\u00e3o seguir essas tr\u00eas linhas gerais, tendo como marco inspirador o Centen\u00e1rio Franciscano.<\/p>\n<p>Em se tratando de eventos importantes para o pr\u00f3ximo ano, gostaria de me referir dois. O primeiro \u00e9 a presen\u00e7a do Escrit\u00f3rio Geral de JPIC na Jornada Mundial da Juventude em Lisboa 2023, onde, juntamente com o Movimento <em>Laudato Si&#8217;,<\/em> promoveremos as enc\u00edclicas do Papa Francisco, <em>Laudato Si&#8217;<\/em> e <em>Fratelli Tutti.<\/em> No segundo evento, retomaremos os cursos anuais que haviam sido suspensos por conta da pandemia. No pr\u00f3ximo ano refletiremos, \u00e0 luz do Natal de S\u00e3o Francisco em Greccio, sobre a n\u00e3o-viol\u00eancia e a constru\u00e7\u00e3o da paz.<\/p>\n<div id=\"attachment_241322\" style=\"width: 1290px\" class=\"wp-caption alignnone\"><img aria-describedby=\"caption-attachment-241322\" loading=\"lazy\" class=\"wp-image-241322 size-full\" src=\"https:\/\/franciscanos.org.br\/noticias\/wp-content\/uploads\/2022\/12\/daniel_1312_2.jpg\" alt=\"\" width=\"1280\" height=\"694\" srcset=\"https:\/\/franciscanos.org.br\/noticias\/wp-content\/uploads\/2022\/12\/daniel_1312_2.jpg 1280w, https:\/\/franciscanos.org.br\/noticias\/wp-content\/uploads\/2022\/12\/daniel_1312_2-450x244.jpg 450w, https:\/\/franciscanos.org.br\/noticias\/wp-content\/uploads\/2022\/12\/daniel_1312_2-1024x555.jpg 1024w, https:\/\/franciscanos.org.br\/noticias\/wp-content\/uploads\/2022\/12\/daniel_1312_2-768x416.jpg 768w, https:\/\/franciscanos.org.br\/noticias\/wp-content\/uploads\/2022\/12\/daniel_1312_2-150x81.jpg 150w\" sizes=\"(max-width: 1280px) 100vw, 1280px\" \/><p id=\"caption-attachment-241322\" class=\"wp-caption-text\"><em>Frei Daniel, ao lado de Frei Marx Rodrigues dos Reis, visitam o &#8220;Ch\u00e1 do Padre&#8221;, servi\u00e7o do Sefras. <\/em><\/p><\/div>\n<p><strong>Franciscanos &#8211; \u00c9 prov\u00e1vel que o problema da migra\u00e7\u00e3o cres\u00e7a com as mudan\u00e7as clim\u00e1ticas, como sr. v\u00ea esse cen\u00e1rio nos pr\u00f3ximos anos?<\/strong><\/p>\n<p><strong>\u00a0<\/strong><strong>Frei Daniel &#8211;<\/strong> Claro. As crises est\u00e3o inter-relacionadas. Algumas institui\u00e7\u00f5es que refletem sobre as migra\u00e7\u00f5es em diferentes regi\u00f5es afirmam que as causas da migra\u00e7\u00e3o n\u00e3o s\u00e3o mais apenas as guerras ou a pobreza. A crise clim\u00e1tica tamb\u00e9m entra em cena. Essa crise faz migrar comunidades de vida em geral, nas quais o ser humano est\u00e1 inclu\u00eddo.<\/p>\n<p>Segundo especialistas, isso vai piorar nos pr\u00f3ximos anos. Secas, perda de colheitas devido a muitas ou nenhuma chuva, falta de \u00e1gua pot\u00e1vel, etc. obrigar\u00e3o muitas fam\u00edlias a buscar espa\u00e7os que lhes garantam as necessidades b\u00e1sicas da vida. Portanto, teremos que estar preparados e articulados em rede para colaborar com migrantes e refugiados.<\/p>\n<p><strong>\u00a0<\/strong><strong>Franciscanos &#8211; Quais s\u00e3o os desafios da Rede Franciscana de Migrantes para se globalizar e atender \u00e0s demandas migrat\u00f3rias, especialmente da \u00c1frica e da \u00c1sia?<\/strong><\/p>\n<p><strong>\u00a0<\/strong><strong>Frei Daniel &#8211; <\/strong>At\u00e9 agora, a globaliza\u00e7\u00e3o tratou apenas de mercados e fluxos financeiros, mas n\u00e3o globalizamos muito a solidariedade entre os povos. Da\u00ed a validade da enc\u00edclica <em>Fratelli Tutti.<\/em><\/p>\n<p>Os irm\u00e3os e irm\u00e3s franciscanos est\u00e3o fazendo muito pelos migrantes e refugiados em todo o mundo. A Rede Franciscana para Migrantes (RFM) tem tentado articular todos esses esfor\u00e7os para que, juntos, possamos fazer mais. Esse \u00e9 o maior desafio, tecer juntos um projeto em diferentes \u00e2ngulos, a saber, assist\u00eancia prim\u00e1ria e incid\u00eancia em pol\u00edticas p\u00fablicas que violam os direitos humanos dos migrantes e refugiados. \u00c9 uma boa not\u00edcia que o Brasil fa\u00e7a parte da RFM atrav\u00e9s de uma equipe muito bem constitu\u00edda.<\/p>\n<p>Atualmente, estamos focados nas Am\u00e9ricas e no Mediterr\u00e2neo. S\u00e3o processos que nos enchem de muita esperan\u00e7a, mas que demandam recursos humanos e econ\u00f4micos.<\/p>\n<p><strong>\u00a0<\/strong><strong>Franciscanos &#8211; O que falta para os cat\u00f3licos abra\u00e7arem a causa ambiental como insiste o Papa Francisco?<\/strong><\/p>\n<p><strong>\u00a0<\/strong><strong>Frei Daniel<\/strong> &#8211; Ainda n\u00e3o percebemos a gravidade da crise clim\u00e1tica. O problema \u00e9 que quando nos dermos conta, ser\u00e1 tarde demais. Alguns cientistas, pensadores, l\u00edderes sociais e religiosos h\u00e1 muito nos dizem que nossa casa est\u00e1 queimando, mas ainda duvidamos ou minimizamos os efeitos.<\/p>\n<p>O Papa Francisco \u00e9 uma voz que clama no deserto. Mas estamos muito devagar, nestes momentos a responsabilidade \u00e9 de todos, mais ainda dos governantes e empres\u00e1rios do mundo inteiro, pois suas decis\u00f5es ou contribuem para a solu\u00e7\u00e3o ou agravam a crise.<\/p>\n<p><strong>Franciscanos &#8211; Infelizmente, hoje, quando uma pessoa ou um crist\u00e3o, a partir do Evangelho de Jesus, luta pelos direitos fundamentais dos exclu\u00eddos e da cria\u00e7\u00e3o, \u00e9 acusado de rom\u00e2ntico ou comunista. Como falar de inclus\u00e3o, defesa da vida, op\u00e7\u00e3o preferencial pelos pobres, pelos migrantes em tempos de globaliza\u00e7\u00e3o, exclus\u00e3o e indiferen\u00e7a?<\/strong><\/p>\n<p><strong>\u00a0<\/strong><strong>Frei Daniel &#8211; <\/strong>R\u00f3tulos e preconceitos sempre existiram dentro da Igreja e fora dela. A verdade \u00e9 que temos um Jesus de Nazar\u00e9 e um Francisco de Assis cuja mensagem segue vigente. Quando reinterpretamos e relemos suas vidas, elas nos levam \u00e0 inquieta\u00e7\u00e3o e nos movem para a a\u00e7\u00e3o. Recordo que muitos jovens aspirantes \u00e0 vida franciscana que nunca conheceram um frade me contaram que sua preocupa\u00e7\u00e3o vocacional surgiu depois de terem visto o filme &#8216;Irm\u00e3o Sol, Irm\u00e3 Lua&#8217; ou lido a vida de S\u00e3o Francisco. S\u00e3o essas vidas que te movem para algo. Acredito que o Papa Francisco quis que os busquemos novamente para redescobri-los. Quando isso acontece, surge a compaix\u00e3o pelos outros, inclusive pela casa comum.<\/p>\n<div id=\"attachment_241323\" style=\"width: 1290px\" class=\"wp-caption alignnone\"><img aria-describedby=\"caption-attachment-241323\" loading=\"lazy\" class=\"wp-image-241323 size-full\" src=\"https:\/\/franciscanos.org.br\/noticias\/wp-content\/uploads\/2022\/12\/daniel_1312_1.jpg\" alt=\"\" width=\"1280\" height=\"818\" srcset=\"https:\/\/franciscanos.org.br\/noticias\/wp-content\/uploads\/2022\/12\/daniel_1312_1.jpg 1280w, https:\/\/franciscanos.org.br\/noticias\/wp-content\/uploads\/2022\/12\/daniel_1312_1-450x288.jpg 450w, https:\/\/franciscanos.org.br\/noticias\/wp-content\/uploads\/2022\/12\/daniel_1312_1-1024x654.jpg 1024w, https:\/\/franciscanos.org.br\/noticias\/wp-content\/uploads\/2022\/12\/daniel_1312_1-768x491.jpg 768w, https:\/\/franciscanos.org.br\/noticias\/wp-content\/uploads\/2022\/12\/daniel_1312_1-150x96.jpg 150w\" sizes=\"(max-width: 1280px) 100vw, 1280px\" \/><p id=\"caption-attachment-241323\" class=\"wp-caption-text\"><em>Frei Daniel na reuni\u00e3o da Rede Franciscana para Migrantes (RFM) em S\u00e3o Paulo<\/em><\/p><\/div>\n<p><strong>Franciscanos &#8211; Como o Escrit\u00f3rio de Justi\u00e7a, Paz e Integridade da Cria\u00e7\u00e3o (JPIC) v\u00ea os problemas ambientais e sociais no Brasil?<\/strong><\/p>\n<p><strong>\u00a0<\/strong><strong>Frei Daniel<\/strong> &#8211; H\u00e1 alguns meses participei de uma discuss\u00e3o sobre ecologia integral na It\u00e1lia. Um dos palestrantes garantiu que, devido aos projetos extrativistas que saquearam os recursos naturais da Amaz\u00f4nia brasileira nas \u00faltimas d\u00e9cadas, ela deixou de ser o grande pulm\u00e3o da humanidade. Os dados me surpreenderam. Sabemos que o clamor dos pobres e o clamor da m\u00e3e terra precisam ser atendidos. O Brasil \u00e9 uma boa radiografia da hist\u00f3ria contempor\u00e2nea latino-americana. \u00c9 doloroso conhecer os milh\u00f5es de brasileiros que vivem na fome, na marginaliza\u00e7\u00e3o e na exclus\u00e3o em pleno s\u00e9culo XXI. A desigualdade continua sendo um de seus pecados estruturais. Impressionam os benef\u00edcios da natureza e da biodiversidade no Brasil, mas tamb\u00e9m a falta de cuidado com a M\u00e3e Terra. \u00c9 preciso entender que os problemas sociais est\u00e3o conectados aos problemas ambientais.<\/p>\n<p>Continuamos nos perguntando por que os pa\u00edses latino-americanos, inclusive o Brasil, n\u00e3o saem do subdesenvolvimento. Nossas democracias permanecem fracas. Os grupos de poder n\u00e3o devem ser entendidos apenas em termos econ\u00f4micos, mas tamb\u00e9m em termos de status social. Em outras palavras, muitos cons\u00f3rcios ou fam\u00edlias poderosas da regi\u00e3o est\u00e3o dispostas a perder alguns milh\u00f5es em suas fortunas, mas nunca perder seu status na sociedade. A <em>Fratelli Tutti<\/em> \u00e9 um forte apelo \u00e0 aten\u00e7\u00e3o para confraternizar nossas sociedades.<\/p>\n<p>Quando algu\u00e9m tenta mudar algumas estruturas, aciona-se um aparato de poderes factuais que leva \u00e0 persegui\u00e7\u00e3o judicial desses l\u00edderes pol\u00edticos e lutadores sociais por colocarem em risco a hist\u00f3rica estratifica\u00e7\u00e3o social. Por outro lado, devemos saber que um presidente s\u00f3 tem poder no governo. O poder do Estado \u00e9 exercido por grupos de fato que possuem grandes meios de comunica\u00e7\u00e3o e dinheiro, compram benesses no sistema pol\u00edtico e judici\u00e1rio e de l\u00e1 cuidam de seus interesses.<\/p>\n<p>Diante disso, \u00e9 bom lembrar que os franciscanos e franciscanas do Brasil sempre buscaram estar \u00e0 altura desses contextos por meio de respostas locais e nacionais. A experi\u00eancia de JPIC no Brasil \u00e9 muito emblem\u00e1tica em toda a Ordem. \u00c9 uma rica tradi\u00e7\u00e3o da qual ser\u00e1 necess\u00e1rio conhecer, estudar e aprender. Ao mesmo tempo, me chama a aten\u00e7\u00e3o que, em linhas gerais, os Frades Menores que assumiram o servi\u00e7o episcopal no Brasil t\u00eam sido muito prof\u00e9ticos em seus ensinamentos e em suas a\u00e7\u00f5es.<\/p>\n<p><strong>Franciscanos &#8211; S\u00e3o Francisco de Assis se preocupava profundamente com os pobres e com o cuidado da cria\u00e7\u00e3o. A Ordem Franciscana tem honrado este legado?<\/strong><\/p>\n<p><strong>\u00a0<\/strong><strong>Frei Daniel<\/strong> &#8211; N\u00e3o sei. \u00c9 uma pergunta dif\u00edcil e acho que a hist\u00f3ria se encarregar\u00e1 de respond\u00ea-la. O que posso garantir \u00e9 que a mem\u00f3ria viva de S\u00e3o Francisco de Assis nunca nos deixou tranquilos. Durante oitocentos anos ela despertou e moveu muitos irm\u00e3os que, no final das contas, deram respostas aos problemas sociais. Basta ler os serm\u00f5es de Santo Ant\u00f4nio de P\u00e1dua para saber que os pobres estavam presentes em sua den\u00fancia contra a usura. Tamb\u00e9m hoje Francisco de Assis continua a mover e despertar muitos irm\u00e3os no mundo para que se preocupem e cuidem dos pobres e da casa comum. N\u00e3o sei se honramos o legado, mas nunca faltou o empenho franciscano de muitos irm\u00e3os.<\/p>\n<p><strong>Franciscanos &#8211; O ent\u00e3o Ministro Geral, Pe. Jos\u00e9 Rodr\u00edguez Carballo, disse que os valores de justi\u00e7a, paz e integridade da cria\u00e7\u00e3o formam o DNA dos franciscanos. Como a Ordem trabalha para tornar esse DNA vis\u00edvel?<\/strong><\/p>\n<p><strong>\u00a0<\/strong><strong>Frei Daniel<\/strong> &#8211; O cristianismo \u00e9 a religi\u00e3o do amor. A regi\u00e3o latino-americana \u00e9 a mais crist\u00e3 do mundo (incluindo cat\u00f3licos e evang\u00e9licos) e, no entanto, \u00e9 a mais desigual. O mesmo acontece conosco, franciscanos, com o trabalho pela justi\u00e7a, pela paz e pela integridade da cria\u00e7\u00e3o. A realidade quase sempre n\u00e3o corresponde ao ideal. Por isso, o trabalho do Escrit\u00f3rio Geral est\u00e1 dentro e fora da Ordem. Para dentro significa encorajar as entidades a tomarem consci\u00eancia do que somos e do que somos chamados a ser. E eu poderia dizer que os irm\u00e3os no mundo fazem muito em termos de JPIC, mas \u00e0s vezes n\u00e3o se d\u00e3o conta disso. Da\u00ed a import\u00e2ncia da conscientiza\u00e7\u00e3o. Outra quest\u00e3o \u00e9 que os irm\u00e3os fazem muito sobre quest\u00f5es de JPIC, mas se comunicam pouco. O desafio, nesse caso, \u00e9 tornar essas experi\u00eancias vis\u00edveis no mundo.<\/p>\n<p>Para fora, deve ser entendido como resultado dessa tomada de consci\u00eancia. O que n\u00f3s, como Escrit\u00f3rio Geral, evitamos \u00e9 oferecer receitas e respostas pr\u00e9-fabricadas porque seria uma viol\u00eancia contra as entidades franciscanas no mundo e, ao final das contas, criaria resist\u00eancias. O trabalho realizado \u00e9 para animar cada uma das entidades da Ordem a responder aos seus contextos. \u00c0s vezes acontece, \u00e0s vezes n\u00e3o. O trabalho pela paz no Haiti n\u00e3o \u00e9 o mesmo que na B\u00f3snia. O trabalho pela justi\u00e7a no M\u00e9xico n\u00e3o \u00e9 o mesmo que na Alemanha. O trabalho da casa comum em Angola n\u00e3o \u00e9 o mesmo que na \u00c1ustria. Em s\u00edntese, o desafio \u00e9 que os frades franciscanos se conscientizem e saibam responder aos seus contextos e tornar vis\u00edvel o que os frades fazem no mundo.<\/p>\n<div id=\"attachment_241327\" style=\"width: 1290px\" class=\"wp-caption alignnone\"><img aria-describedby=\"caption-attachment-241327\" loading=\"lazy\" class=\"wp-image-241327 size-full\" src=\"https:\/\/franciscanos.org.br\/noticias\/wp-content\/uploads\/2022\/12\/daniel_1312_4.jpg\" alt=\"\" width=\"1280\" height=\"960\" srcset=\"https:\/\/franciscanos.org.br\/noticias\/wp-content\/uploads\/2022\/12\/daniel_1312_4.jpg 1280w, https:\/\/franciscanos.org.br\/noticias\/wp-content\/uploads\/2022\/12\/daniel_1312_4-450x338.jpg 450w, https:\/\/franciscanos.org.br\/noticias\/wp-content\/uploads\/2022\/12\/daniel_1312_4-1024x768.jpg 1024w, https:\/\/franciscanos.org.br\/noticias\/wp-content\/uploads\/2022\/12\/daniel_1312_4-768x576.jpg 768w, https:\/\/franciscanos.org.br\/noticias\/wp-content\/uploads\/2022\/12\/daniel_1312_4-150x113.jpg 150w, https:\/\/franciscanos.org.br\/noticias\/wp-content\/uploads\/2022\/12\/daniel_1312_4-600x450.jpg 600w\" sizes=\"(max-width: 1280px) 100vw, 1280px\" \/><p id=\"caption-attachment-241327\" class=\"wp-caption-text\"><em>Frei Daniel conhece o Centro de Acolhida ao Imigrante \u2013 Casa de Assis, em S\u00e3o Paulo<\/em><\/p><\/div>\n<p><strong>Franciscanos &#8211; Como avaliam os franciscanos o impulso dado pelo Papa Francisco ao carisma franciscano com os documentos <em>Laudato Si&#8217;, Querida Amaz\u00f4nia e Fratelli tutti,<\/em> em particular?<\/strong><\/p>\n<p><strong>\u00a0<\/strong><strong>Frei Daniel &#8211;<\/strong> Para n\u00f3s, franciscanos, o Papa Francisco \u00e9 um sinal dos tempos. N\u00e3o \u00e9 pouca coisa ao escolher pela primeira vez o nome Francisco em refer\u00eancia ao santo de Assis. N\u00e3o \u00e9 pouca coisa que os documentos <em>Laudato Si&#8217; e Fratelli Tutti<\/em> sejam inspirados por S\u00e3o Francisco de Assis. O desafio \u00e9 grande porque o Papa colocou em a\u00e7\u00e3o um dos carismas da Igreja, o franciscano, para oferecer respostas \u00e0 hist\u00f3ria de hoje.<\/p>\n<p>Sentimo-nos questionados e desafiados. Acredito que o Papa \u201cdesde o fim do mundo\u201d deixar\u00e1 um legado muito importante que estar\u00e1 mais vivo e presente quando Bergoglio n\u00e3o estiver mais no comando da Igreja de Roma. N\u00f3s, franciscanos, teremos que continuar esse legado e faz\u00ea-lo produzir.<\/p>\n<p><strong>Franciscanos &#8211; Por que JPIC n\u00e3o \u00e9 um tema fundamental na forma\u00e7\u00e3o inicial e permanente dos religiosos? Ou, por que JPIC n\u00e3o alcan\u00e7ou tantas escolas e col\u00e9gios cat\u00f3licos?<\/strong><\/p>\n<p><strong>\u00a0<\/strong><strong>Frei Daniel<\/strong> &#8211; Eu pensaria que a JPIC esteve presente na forma\u00e7\u00e3o inicial, o problema \u00e9 como tem sido, qual tem sido o seu lugar e espa\u00e7o. Por exemplo, no \u00faltimo relat\u00f3rio do Escrit\u00f3rio Geral ao Cap\u00edtulo Geral foi afirmado que em muitas partes do mundo nossa forma\u00e7\u00e3o \u00e9 mais clerical do que franciscana. Neste momento estamos realizando um trabalho conjunto entre os animadores de forma\u00e7\u00e3o, evangeliza\u00e7\u00e3o e JPIC, a come\u00e7ar pelos Secret\u00e1rios Gerais da Ordem. N\u00e3o podemos nos dar ao luxo de gastar muitas de nossas for\u00e7as em diferentes dire\u00e7\u00f5es sem uma dire\u00e7\u00e3o e foco definidos.<\/p>\n<p>Posso dizer que a JPIC est\u00e1 presente nas nossas escolas. Mais uma vez, a quest\u00e3o \u00e9 se isso \u00e9 suficiente. Ser\u00e1 sempre pouco, n\u00e3o s\u00f3 pelo que se faz, mas pela gravidade dos problemas. Espero que pouco a pouco as institui\u00e7\u00f5es educativas da Ordem aprofundem seu compromisso com a ecologia integral. As novas gera\u00e7\u00f5es v\u00e3o exigir isso e isso \u00e9 esperan\u00e7oso.<\/p>\n<p><strong>Franciscanos &#8211; Deixe uma mensagem sobre a import\u00e2ncia da JPIC para os franciscanos e crist\u00e3os.<\/strong><\/p>\n<p><strong>\u00a0<\/strong><strong>Frei Daniel<\/strong> &#8211; Durante o Conselho Internacional, em Petr\u00f3polis, tivemos a oportunidade de ter o Leonardo Boff como palestrante. No momento do di\u00e1logo fraterno, perguntei a ele como um senhor de 84 anos com um Brasil que tem mais pobres e famintos do que h\u00e1 quarenta anos, que tem menos florestas e com instabilidade social recorrente, pode manter a esperan\u00e7a. Basicamente, houve a constata\u00e7\u00e3o de que ap\u00f3s longos anos de luta temos um Brasil com problemas agudos. Ele respondeu com serenidade e determina\u00e7\u00e3o: \u201cContinuo a encontrar esperan\u00e7a em Jesus, em Francisco e no Papa Francisco\u201d.<\/p>\n<p>Gostaria de concluir esta entrevista convidando \u00e0 esperan\u00e7a contra toda desesperan\u00e7a. O encontro constante com Jesus, com Francisco e com o magist\u00e9rio e os gestos prof\u00e9ticos do Papa Francisco nos levar\u00e3o a trabalhar com paix\u00e3o e alegria pela paz, pela justi\u00e7a e pela integridade da cria\u00e7\u00e3o. Eles continuam a ser far\u00f3is de vida para o nosso servi\u00e7o. Paz e bem.<\/p>\n","protected":false},"excerpt":{"rendered":"<p>ENTREVISTA<\/p>\n","protected":false},"author":3,"featured_media":241321,"comment_status":"open","ping_status":"open","sticky":false,"template":"","format":"standard","meta":[],"categories":[758,1],"tags":[202],"acf":[],"yoast_head":"<!-- This site is optimized with the Yoast SEO plugin v19.2 - https:\/\/yoast.com\/wordpress\/plugins\/seo\/ -->\n<title>\u201cAinda n\u00e3o percebemos a gravidade da crise clim\u00e1tica. Quando nos dermos conta, ser\u00e1 tarde demais\u201d, diz Frei Daniel Blanco - Not\u00edcias - Franciscanos<\/title>\n<meta name=\"robots\" content=\"index, follow, max-snippet:-1, max-image-preview:large, max-video-preview:-1\" \/>\n<link rel=\"canonical\" href=\"https:\/\/franciscanos.org.br\/noticias\/entrevistajpic.html\" \/>\n<meta property=\"og:locale\" content=\"pt_BR\" \/>\n<meta property=\"og:type\" content=\"article\" \/>\n<meta property=\"og:title\" content=\"\u201cAinda n\u00e3o percebemos a gravidade da crise clim\u00e1tica. Quando nos dermos conta, ser\u00e1 tarde demais\u201d, diz Frei Daniel Blanco - Not\u00edcias - Franciscanos\" \/>\n<meta property=\"og:description\" content=\"ENTREVISTA\" \/>\n<meta property=\"og:url\" content=\"https:\/\/franciscanos.org.br\/noticias\/entrevistajpic.html\" \/>\n<meta property=\"og:site_name\" content=\"Not\u00edcias - Franciscanos\" \/>\n<meta property=\"article:published_time\" content=\"2022-12-13T10:54:41+00:00\" \/>\n<meta property=\"article:modified_time\" content=\"2023-01-03T14:08:40+00:00\" \/>\n<meta property=\"og:image\" content=\"https:\/\/franciscanos.org.br\/noticias\/wp-content\/uploads\/2022\/12\/daniel_1312.jpg\" \/>\n\t<meta property=\"og:image:width\" content=\"1280\" \/>\n\t<meta property=\"og:image:height\" content=\"720\" \/>\n\t<meta property=\"og:image:type\" content=\"image\/jpeg\" \/>\n<meta name=\"author\" content=\"moacir\" \/>\n<meta name=\"twitter:card\" content=\"summary_large_image\" \/>\n<meta name=\"twitter:label1\" content=\"Escrito por\" \/>\n\t<meta name=\"twitter:data1\" content=\"moacir\" \/>\n\t<meta name=\"twitter:label2\" content=\"Est. tempo de leitura\" \/>\n\t<meta name=\"twitter:data2\" content=\"15 minutos\" \/>\n<script type=\"application\/ld+json\" class=\"yoast-schema-graph\">{\"@context\":\"https:\/\/schema.org\",\"@graph\":[{\"@type\":\"WebSite\",\"@id\":\"https:\/\/franciscanos.org.br\/noticias\/#website\",\"url\":\"https:\/\/franciscanos.org.br\/noticias\/\",\"name\":\"Not\u00edcias - Franciscanos\",\"description\":\"Prov\u00edncia Franciscana da Imaculada Concei\u00e7\u00e3o do Brasil - Ordem dos Frades Menores - OFM\",\"potentialAction\":[{\"@type\":\"SearchAction\",\"target\":{\"@type\":\"EntryPoint\",\"urlTemplate\":\"https:\/\/franciscanos.org.br\/noticias\/?s={search_term_string}\"},\"query-input\":\"required name=search_term_string\"}],\"inLanguage\":\"pt-BR\"},{\"@type\":\"ImageObject\",\"inLanguage\":\"pt-BR\",\"@id\":\"https:\/\/franciscanos.org.br\/noticias\/entrevistajpic.html#primaryimage\",\"url\":\"https:\/\/franciscanos.org.br\/noticias\/wp-content\/uploads\/2022\/12\/daniel_1312.jpg\",\"contentUrl\":\"https:\/\/franciscanos.org.br\/noticias\/wp-content\/uploads\/2022\/12\/daniel_1312.jpg\",\"width\":1280,\"height\":720},{\"@type\":\"WebPage\",\"@id\":\"https:\/\/franciscanos.org.br\/noticias\/entrevistajpic.html#webpage\",\"url\":\"https:\/\/franciscanos.org.br\/noticias\/entrevistajpic.html\",\"name\":\"\u201cAinda n\u00e3o percebemos a gravidade da crise clim\u00e1tica. Quando nos dermos conta, ser\u00e1 tarde demais\u201d, diz Frei Daniel Blanco - Not\u00edcias - Franciscanos\",\"isPartOf\":{\"@id\":\"https:\/\/franciscanos.org.br\/noticias\/#website\"},\"primaryImageOfPage\":{\"@id\":\"https:\/\/franciscanos.org.br\/noticias\/entrevistajpic.html#primaryimage\"},\"datePublished\":\"2022-12-13T10:54:41+00:00\",\"dateModified\":\"2023-01-03T14:08:40+00:00\",\"author\":{\"@id\":\"https:\/\/franciscanos.org.br\/noticias\/#\/schema\/person\/b5c8cba458c330ccff548b056e95a5d4\"},\"breadcrumb\":{\"@id\":\"https:\/\/franciscanos.org.br\/noticias\/entrevistajpic.html#breadcrumb\"},\"inLanguage\":\"pt-BR\",\"potentialAction\":[{\"@type\":\"ReadAction\",\"target\":[\"https:\/\/franciscanos.org.br\/noticias\/entrevistajpic.html\"]}]},{\"@type\":\"BreadcrumbList\",\"@id\":\"https:\/\/franciscanos.org.br\/noticias\/entrevistajpic.html#breadcrumb\",\"itemListElement\":[{\"@type\":\"ListItem\",\"position\":1,\"name\":\"Home\",\"item\":\"https:\/\/franciscanos.org.br\/noticias\"},{\"@type\":\"ListItem\",\"position\":2,\"name\":\"\u201cAinda n\u00e3o percebemos a gravidade da crise clim\u00e1tica. Quando nos dermos conta, ser\u00e1 tarde demais\u201d, diz Frei Daniel Blanco\"}]},{\"@type\":\"Person\",\"@id\":\"https:\/\/franciscanos.org.br\/noticias\/#\/schema\/person\/b5c8cba458c330ccff548b056e95a5d4\",\"name\":\"moacir\",\"image\":{\"@type\":\"ImageObject\",\"inLanguage\":\"pt-BR\",\"@id\":\"https:\/\/franciscanos.org.br\/noticias\/#\/schema\/person\/image\/\",\"url\":\"https:\/\/secure.gravatar.com\/avatar\/d08aa2ce4c8dd416d4479aa8536fcf64?s=96&d=mm&r=g\",\"contentUrl\":\"https:\/\/secure.gravatar.com\/avatar\/d08aa2ce4c8dd416d4479aa8536fcf64?s=96&d=mm&r=g\",\"caption\":\"moacir\"},\"url\":\"https:\/\/franciscanos.org.br\/noticias\/author\/moacir\"}]}<\/script>\n<!-- \/ Yoast SEO plugin. -->","yoast_head_json":{"title":"\u201cAinda n\u00e3o percebemos a gravidade da crise clim\u00e1tica. Quando nos dermos conta, ser\u00e1 tarde demais\u201d, diz Frei Daniel Blanco - Not\u00edcias - Franciscanos","robots":{"index":"index","follow":"follow","max-snippet":"max-snippet:-1","max-image-preview":"max-image-preview:large","max-video-preview":"max-video-preview:-1"},"canonical":"https:\/\/franciscanos.org.br\/noticias\/entrevistajpic.html","og_locale":"pt_BR","og_type":"article","og_title":"\u201cAinda n\u00e3o percebemos a gravidade da crise clim\u00e1tica. Quando nos dermos conta, ser\u00e1 tarde demais\u201d, diz Frei Daniel Blanco - Not\u00edcias - Franciscanos","og_description":"ENTREVISTA","og_url":"https:\/\/franciscanos.org.br\/noticias\/entrevistajpic.html","og_site_name":"Not\u00edcias - Franciscanos","article_published_time":"2022-12-13T10:54:41+00:00","article_modified_time":"2023-01-03T14:08:40+00:00","og_image":[{"width":1280,"height":720,"url":"https:\/\/franciscanos.org.br\/noticias\/wp-content\/uploads\/2022\/12\/daniel_1312.jpg","type":"image\/jpeg"}],"author":"moacir","twitter_card":"summary_large_image","twitter_misc":{"Escrito por":"moacir","Est. tempo de leitura":"15 minutos"},"schema":{"@context":"https:\/\/schema.org","@graph":[{"@type":"WebSite","@id":"https:\/\/franciscanos.org.br\/noticias\/#website","url":"https:\/\/franciscanos.org.br\/noticias\/","name":"Not\u00edcias - Franciscanos","description":"Prov\u00edncia Franciscana da Imaculada Concei\u00e7\u00e3o do Brasil - Ordem dos Frades Menores - OFM","potentialAction":[{"@type":"SearchAction","target":{"@type":"EntryPoint","urlTemplate":"https:\/\/franciscanos.org.br\/noticias\/?s={search_term_string}"},"query-input":"required name=search_term_string"}],"inLanguage":"pt-BR"},{"@type":"ImageObject","inLanguage":"pt-BR","@id":"https:\/\/franciscanos.org.br\/noticias\/entrevistajpic.html#primaryimage","url":"https:\/\/franciscanos.org.br\/noticias\/wp-content\/uploads\/2022\/12\/daniel_1312.jpg","contentUrl":"https:\/\/franciscanos.org.br\/noticias\/wp-content\/uploads\/2022\/12\/daniel_1312.jpg","width":1280,"height":720},{"@type":"WebPage","@id":"https:\/\/franciscanos.org.br\/noticias\/entrevistajpic.html#webpage","url":"https:\/\/franciscanos.org.br\/noticias\/entrevistajpic.html","name":"\u201cAinda n\u00e3o percebemos a gravidade da crise clim\u00e1tica. Quando nos dermos conta, ser\u00e1 tarde demais\u201d, diz Frei Daniel Blanco - Not\u00edcias - Franciscanos","isPartOf":{"@id":"https:\/\/franciscanos.org.br\/noticias\/#website"},"primaryImageOfPage":{"@id":"https:\/\/franciscanos.org.br\/noticias\/entrevistajpic.html#primaryimage"},"datePublished":"2022-12-13T10:54:41+00:00","dateModified":"2023-01-03T14:08:40+00:00","author":{"@id":"https:\/\/franciscanos.org.br\/noticias\/#\/schema\/person\/b5c8cba458c330ccff548b056e95a5d4"},"breadcrumb":{"@id":"https:\/\/franciscanos.org.br\/noticias\/entrevistajpic.html#breadcrumb"},"inLanguage":"pt-BR","potentialAction":[{"@type":"ReadAction","target":["https:\/\/franciscanos.org.br\/noticias\/entrevistajpic.html"]}]},{"@type":"BreadcrumbList","@id":"https:\/\/franciscanos.org.br\/noticias\/entrevistajpic.html#breadcrumb","itemListElement":[{"@type":"ListItem","position":1,"name":"Home","item":"https:\/\/franciscanos.org.br\/noticias"},{"@type":"ListItem","position":2,"name":"\u201cAinda n\u00e3o percebemos a gravidade da crise clim\u00e1tica. Quando nos dermos conta, ser\u00e1 tarde demais\u201d, diz Frei Daniel Blanco"}]},{"@type":"Person","@id":"https:\/\/franciscanos.org.br\/noticias\/#\/schema\/person\/b5c8cba458c330ccff548b056e95a5d4","name":"moacir","image":{"@type":"ImageObject","inLanguage":"pt-BR","@id":"https:\/\/franciscanos.org.br\/noticias\/#\/schema\/person\/image\/","url":"https:\/\/secure.gravatar.com\/avatar\/d08aa2ce4c8dd416d4479aa8536fcf64?s=96&d=mm&r=g","contentUrl":"https:\/\/secure.gravatar.com\/avatar\/d08aa2ce4c8dd416d4479aa8536fcf64?s=96&d=mm&r=g","caption":"moacir"},"url":"https:\/\/franciscanos.org.br\/noticias\/author\/moacir"}]}},"_links":{"self":[{"href":"https:\/\/franciscanos.org.br\/noticias\/wp-json\/wp\/v2\/posts\/241320"}],"collection":[{"href":"https:\/\/franciscanos.org.br\/noticias\/wp-json\/wp\/v2\/posts"}],"about":[{"href":"https:\/\/franciscanos.org.br\/noticias\/wp-json\/wp\/v2\/types\/post"}],"author":[{"embeddable":true,"href":"https:\/\/franciscanos.org.br\/noticias\/wp-json\/wp\/v2\/users\/3"}],"replies":[{"embeddable":true,"href":"https:\/\/franciscanos.org.br\/noticias\/wp-json\/wp\/v2\/comments?post=241320"}],"version-history":[{"count":6,"href":"https:\/\/franciscanos.org.br\/noticias\/wp-json\/wp\/v2\/posts\/241320\/revisions"}],"predecessor-version":[{"id":241489,"href":"https:\/\/franciscanos.org.br\/noticias\/wp-json\/wp\/v2\/posts\/241320\/revisions\/241489"}],"wp:featuredmedia":[{"embeddable":true,"href":"https:\/\/franciscanos.org.br\/noticias\/wp-json\/wp\/v2\/media\/241321"}],"wp:attachment":[{"href":"https:\/\/franciscanos.org.br\/noticias\/wp-json\/wp\/v2\/media?parent=241320"}],"wp:term":[{"taxonomy":"category","embeddable":true,"href":"https:\/\/franciscanos.org.br\/noticias\/wp-json\/wp\/v2\/categories?post=241320"},{"taxonomy":"post_tag","embeddable":true,"href":"https:\/\/franciscanos.org.br\/noticias\/wp-json\/wp\/v2\/tags?post=241320"}],"curies":[{"name":"wp","href":"https:\/\/api.w.org\/{rel}","templated":true}]}}