{"id":241302,"date":"2022-12-11T15:26:18","date_gmt":"2022-12-11T18:26:18","guid":{"rendered":"https:\/\/franciscanos.org.br\/noticias\/?p=241302"},"modified":"2022-12-29T18:14:49","modified_gmt":"2022-12-29T21:14:49","slug":"para-celebrar-800-anos-de-greccio-convento-sao-francisco-surpreende-com-presepio-gigante","status":"publish","type":"post","link":"https:\/\/franciscanos.org.br\/noticias\/para-celebrar-800-anos-de-greccio-convento-sao-francisco-surpreende-com-presepio-gigante.html","title":{"rendered":"Para celebrar 800 anos de Greccio, Convento S\u00e3o Francisco surpreende com pres\u00e9pio &#8220;gigante&#8221;"},"content":{"rendered":"<p><img loading=\"lazy\" class=\"alignnone size-full wp-image-241303\" src=\"https:\/\/franciscanos.org.br\/noticias\/wp-content\/uploads\/2022\/12\/presepio_01.jpg\" alt=\"\" width=\"1280\" height=\"720\" srcset=\"https:\/\/franciscanos.org.br\/noticias\/wp-content\/uploads\/2022\/12\/presepio_01.jpg 1280w, https:\/\/franciscanos.org.br\/noticias\/wp-content\/uploads\/2022\/12\/presepio_01-450x253.jpg 450w, https:\/\/franciscanos.org.br\/noticias\/wp-content\/uploads\/2022\/12\/presepio_01-1024x576.jpg 1024w, https:\/\/franciscanos.org.br\/noticias\/wp-content\/uploads\/2022\/12\/presepio_01-768x432.jpg 768w, https:\/\/franciscanos.org.br\/noticias\/wp-content\/uploads\/2022\/12\/presepio_01-150x84.jpg 150w\" sizes=\"(max-width: 1280px) 100vw, 1280px\" \/><\/p>\n<p><strong>S\u00e3o Paulo (SP)<\/strong> &#8211; O Convento S\u00e3o Francisco, no centro de S\u00e3o Paulo, abriu, neste 3\u00ba Domingo do Advento (11\/12), a 33\u00aa Exposi\u00e7\u00e3o Franciscana de Pres\u00e9pios, desta vez com uma motiva\u00e7\u00e3o mais forte nessas tr\u00eas d\u00e9cadas, j\u00e1 que se comemora, em 2023, os 800 anos da cria\u00e7\u00e3o do pres\u00e9pio em Greccio. H\u00e1 oito s\u00e9culos, S\u00e3o Francisco de Assis reuniu o povo deste vilarejo italiano para ver \u2018com os pr\u00f3prios olhos\u2019 como o Menino Deus nasceu naquela noite.<\/p>\n<p>Esse momento celebrativo come\u00e7ou com a Eucaristia, presidida pelo guardi\u00e3o e p\u00e1roco Frei M\u00e1rio Tagliari, \u00e0s 10 horas, na bela igreja barroca do Convento e terminou no andar superior do Convento com b\u00ean\u00e7\u00e3o e aspers\u00e3o de \u00e1gua benta no primeiro pres\u00e9pio, lembrando a gruta e o altar de Greccio. &#8220;As leituras deste domingo nos chamam a aten\u00e7\u00e3o para estejamos atentos aos sinais da presen\u00e7a de Deus&#8221;, disse Frei M\u00e1rio.<\/p>\n<div id=\"attachment_241304\" style=\"width: 1290px\" class=\"wp-caption alignnone\"><img aria-describedby=\"caption-attachment-241304\" loading=\"lazy\" class=\"wp-image-241304 size-full\" src=\"https:\/\/franciscanos.org.br\/noticias\/wp-content\/uploads\/2022\/12\/presepio_02.jpg\" alt=\"\" width=\"1280\" height=\"960\" srcset=\"https:\/\/franciscanos.org.br\/noticias\/wp-content\/uploads\/2022\/12\/presepio_02.jpg 1280w, https:\/\/franciscanos.org.br\/noticias\/wp-content\/uploads\/2022\/12\/presepio_02-450x338.jpg 450w, https:\/\/franciscanos.org.br\/noticias\/wp-content\/uploads\/2022\/12\/presepio_02-1024x768.jpg 1024w, https:\/\/franciscanos.org.br\/noticias\/wp-content\/uploads\/2022\/12\/presepio_02-768x576.jpg 768w, https:\/\/franciscanos.org.br\/noticias\/wp-content\/uploads\/2022\/12\/presepio_02-150x113.jpg 150w, https:\/\/franciscanos.org.br\/noticias\/wp-content\/uploads\/2022\/12\/presepio_02-600x450.jpg 600w\" sizes=\"(max-width: 1280px) 100vw, 1280px\" \/><p id=\"caption-attachment-241304\" class=\"wp-caption-text\"><em>A imagem de Maria gr\u00e1vida no centro da Coroa<\/em><\/p><\/div>\n<p>Um desses sinais \u00e9 o ano especial de 2023 em rela\u00e7\u00e3o ao pres\u00e9pio. &#8220;S\u00e3o Francisco de Assis, no Natal de 1223, quis viver o Natal de uma forma diferente, como ningu\u00e9m tinha vivido ainda. N\u00e3o apenas celebrar a Missa de Natal numa catedral, numa bas\u00edlica. Ele queria mais do que isso, porque estava vivendo profundamente o mist\u00e9rio de Deus na sua vida. A\u00ed, literalmente, ele diz: &#8216;Quero ver com os meus olhos como Deus fica deitado entre palhas, numa manjedoura entre o boi e o burro'&#8221;, recordou Frei M\u00e1rio.<\/p>\n<p>Na exposi\u00e7\u00e3o deste ano, a surpresa ficou por conta de um pres\u00e9pio &#8220;gigante&#8221;, que ocupou todo o coro da igreja. Segundo o coordenador deste projeto, Frei Alberto Eckel Junior, a proposta deste grande pres\u00e9pio, que foi confeccionado e doado \u00e0 Fraternidade do Convento pelo sr. S\u00edlvio Galv\u00e3o (cen\u00f3grafo e autor do cen\u00e1rio do programa &#8220;Castelo Ra-tim-bum&#8221;), \u00e9 de se deixar guiar pela contempla\u00e7\u00e3o. &#8220;Sentando-se nas estalas (lugar antigo de ora\u00e7\u00f5es dos frades), cada visitante \u00e9 chamado a silenciar e a apreciar a beleza, a humildade, o drama e a delicadeza do mist\u00e9rio do Verbo que se fez carne&#8221;, explicou Frei Alberto.<\/p>\n<p><img loading=\"lazy\" class=\"alignnone size-full wp-image-241305\" src=\"https:\/\/franciscanos.org.br\/noticias\/wp-content\/uploads\/2022\/12\/presepio_03.jpg\" alt=\"\" width=\"1280\" height=\"960\" srcset=\"https:\/\/franciscanos.org.br\/noticias\/wp-content\/uploads\/2022\/12\/presepio_03.jpg 1280w, https:\/\/franciscanos.org.br\/noticias\/wp-content\/uploads\/2022\/12\/presepio_03-450x338.jpg 450w, https:\/\/franciscanos.org.br\/noticias\/wp-content\/uploads\/2022\/12\/presepio_03-1024x768.jpg 1024w, https:\/\/franciscanos.org.br\/noticias\/wp-content\/uploads\/2022\/12\/presepio_03-768x576.jpg 768w, https:\/\/franciscanos.org.br\/noticias\/wp-content\/uploads\/2022\/12\/presepio_03-150x113.jpg 150w, https:\/\/franciscanos.org.br\/noticias\/wp-content\/uploads\/2022\/12\/presepio_03-600x450.jpg 600w\" sizes=\"(max-width: 1280px) 100vw, 1280px\" \/><\/p>\n<p>Segundo ele, no seguimento e na imita\u00e7\u00e3o do Cristo, S\u00e3o Francisco era muito pl\u00e1stico: ele queria ver, tocar, sentir&#8230; &#8220;\u00c9 com essa \u00f3tica que olhamos para Francisco que, guiado pela inspira\u00e7\u00e3o do Senhor, quis celebrar o Natal de 1223 recriando a cena do pres\u00e9pio na cidade de Greccio. Assim, h\u00e1 800 anos, S\u00e3o Francisco dava for\u00e7a a um costume que foi se solidificando n\u00e3o somente nas Fraternidades Franciscanas, mas nas fam\u00edlias crist\u00e3s, que com muito carinho e afeto, com simplicidade ou de forma mais sofisticada, colocam em suas casas as imagens de Maria, Jos\u00e9, do Menino Jesus, do boi, do burro&#8230;&#8221;, explicou.<\/p>\n<p>p&#8221;Eu acho que n\u00f3s, como franciscanos, diante de um pres\u00e9pio grandioso como este, com imagens grandes de camelos e animais, podemos sentir um pouco mais de perto aquilo que foi o que Francisco quis h\u00e1 oitocentos anos: ver com seus pr\u00f3prios olhos como a grandeza de Deus se tornou t\u00e3o pequena, t\u00e3o humilde, e se fez um de n\u00f3s, nascendo t\u00e3o fr\u00e1gil, um bebezinho, deitado entre palhas, entre o burro e o boi. Para isso, no vilarejo de Greccio, Francisco chamou as pessoas, que cantaram, rezaram e iluminaram aquela noite fria&#8221;, disse Frei M\u00e1rio, recordando o <em>Povorello<\/em> nas Fontes Franciscanas: &#8220;Quero representar o Menino nascido em Bel\u00e9m, para de algum modo ver com os olhos do corpo os inc\u00f4modos que Ele padeceu pela falta das coisas necess\u00e1rias a um rec\u00e9m-nascido, tendo sido reclinado na palha de uma manjedoura, entre o boi e o burro&#8221;.<\/p>\n<p><img loading=\"lazy\" class=\"alignnone size-full wp-image-241306\" src=\"https:\/\/franciscanos.org.br\/noticias\/wp-content\/uploads\/2022\/12\/presepio_04.jpg\" alt=\"\" width=\"1280\" height=\"880\" srcset=\"https:\/\/franciscanos.org.br\/noticias\/wp-content\/uploads\/2022\/12\/presepio_04.jpg 1280w, https:\/\/franciscanos.org.br\/noticias\/wp-content\/uploads\/2022\/12\/presepio_04-450x309.jpg 450w, https:\/\/franciscanos.org.br\/noticias\/wp-content\/uploads\/2022\/12\/presepio_04-1024x704.jpg 1024w, https:\/\/franciscanos.org.br\/noticias\/wp-content\/uploads\/2022\/12\/presepio_04-768x528.jpg 768w, https:\/\/franciscanos.org.br\/noticias\/wp-content\/uploads\/2022\/12\/presepio_04-150x103.jpg 150w, https:\/\/franciscanos.org.br\/noticias\/wp-content\/uploads\/2022\/12\/presepio_04-320x220.jpg 320w\" sizes=\"(max-width: 1280px) 100vw, 1280px\" \/><\/p>\n<div id=\"attachment_241307\" style=\"width: 1290px\" class=\"wp-caption alignnone\"><img aria-describedby=\"caption-attachment-241307\" loading=\"lazy\" class=\"wp-image-241307 size-full\" src=\"https:\/\/franciscanos.org.br\/noticias\/wp-content\/uploads\/2022\/12\/presepio_05.jpg\" alt=\"\" width=\"1280\" height=\"933\" srcset=\"https:\/\/franciscanos.org.br\/noticias\/wp-content\/uploads\/2022\/12\/presepio_05.jpg 1280w, https:\/\/franciscanos.org.br\/noticias\/wp-content\/uploads\/2022\/12\/presepio_05-450x328.jpg 450w, https:\/\/franciscanos.org.br\/noticias\/wp-content\/uploads\/2022\/12\/presepio_05-1024x746.jpg 1024w, https:\/\/franciscanos.org.br\/noticias\/wp-content\/uploads\/2022\/12\/presepio_05-768x560.jpg 768w, https:\/\/franciscanos.org.br\/noticias\/wp-content\/uploads\/2022\/12\/presepio_05-150x109.jpg 150w\" sizes=\"(max-width: 1280px) 100vw, 1280px\" \/><p id=\"caption-attachment-241307\" class=\"wp-caption-text\"><em>Frei Alberto Eckel Junior, um dos coordenadores da Mostra<\/em><\/p><\/div>\n<p>O primeiro bi\u00f3grafo de S\u00e3o Francisco, Tom\u00e1s de Celano, recorda que naquela noite um dos presentes viu que jazia na manjedoura o pr\u00f3prio Menino Jesus. Daquele Pres\u00e9pio do Natal de 1223, &#8220;todos voltaram para suas casas cheios de inef\u00e1vel alegria&#8221;. (AS 2).<\/p>\n<p>&#8220;A gente quer proporcionar exatamente isso: que as pessoas possam contemplar que Deus nasceu e se fez homem nas cores, culturas, nas l\u00ednguas de todos os pa\u00edses. Por isso, a exposi\u00e7\u00e3o sempre contempla pres\u00e9pios de v\u00e1rias partes do mundo. Deus veio para salvar a todos em Jesus que assumiu a nossa condi\u00e7\u00e3o humana&#8221;, acrescentou Frei M\u00e1rio.<\/p>\n\n\t\t<style type=\"text\/css\">\n\t\t\t#gallery-1 {\n\t\t\t\tmargin: auto;\n\t\t\t}\n\t\t\t#gallery-1 .gallery-item {\n\t\t\t\tfloat: left;\n\t\t\t\tmargin-top: 10px;\n\t\t\t\ttext-align: center;\n\t\t\t\twidth: 20%;\n\t\t\t}\n\t\t\t#gallery-1 img {\n\t\t\t\tborder: 2px solid #cfcfcf;\n\t\t\t}\n\t\t\t#gallery-1 .gallery-caption {\n\t\t\t\tmargin-left: 0;\n\t\t\t}\n\t\t\t\/* see gallery_shortcode() in wp-includes\/media.php *\/\n\t\t<\/style>\n\t\t<div id='gallery-1' class='gallery galleryid-241302 gallery-columns-5 gallery-size-thumbnail'><dl class='gallery-item'>\n\t\t\t<dt class='gallery-icon landscape'>\n\t\t\t\t<a href='https:\/\/franciscanos.org.br\/noticias\/wp-content\/uploads\/2022\/12\/presepio_13.jpg'><img width=\"300\" height=\"300\" src=\"https:\/\/franciscanos.org.br\/noticias\/wp-content\/uploads\/2022\/12\/presepio_13-300x300.jpg\" class=\"attachment-thumbnail size-thumbnail\" alt=\"\" loading=\"lazy\" srcset=\"https:\/\/franciscanos.org.br\/noticias\/wp-content\/uploads\/2022\/12\/presepio_13-300x300.jpg 300w, https:\/\/franciscanos.org.br\/noticias\/wp-content\/uploads\/2022\/12\/presepio_13-100x100.jpg 100w\" sizes=\"(max-width: 300px) 100vw, 300px\" \/><\/a>\n\t\t\t<\/dt><\/dl><dl class='gallery-item'>\n\t\t\t<dt class='gallery-icon landscape'>\n\t\t\t\t<a href='https:\/\/franciscanos.org.br\/noticias\/wp-content\/uploads\/2022\/12\/presepio_14.jpg'><img width=\"300\" height=\"300\" src=\"https:\/\/franciscanos.org.br\/noticias\/wp-content\/uploads\/2022\/12\/presepio_14-300x300.jpg\" class=\"attachment-thumbnail size-thumbnail\" alt=\"\" loading=\"lazy\" srcset=\"https:\/\/franciscanos.org.br\/noticias\/wp-content\/uploads\/2022\/12\/presepio_14-300x300.jpg 300w, https:\/\/franciscanos.org.br\/noticias\/wp-content\/uploads\/2022\/12\/presepio_14-100x100.jpg 100w\" sizes=\"(max-width: 300px) 100vw, 300px\" \/><\/a>\n\t\t\t<\/dt><\/dl><dl class='gallery-item'>\n\t\t\t<dt class='gallery-icon landscape'>\n\t\t\t\t<a href='https:\/\/franciscanos.org.br\/noticias\/wp-content\/uploads\/2022\/12\/presepio_15.jpg'><img width=\"300\" height=\"300\" src=\"https:\/\/franciscanos.org.br\/noticias\/wp-content\/uploads\/2022\/12\/presepio_15-300x300.jpg\" class=\"attachment-thumbnail size-thumbnail\" alt=\"\" loading=\"lazy\" srcset=\"https:\/\/franciscanos.org.br\/noticias\/wp-content\/uploads\/2022\/12\/presepio_15-300x300.jpg 300w, https:\/\/franciscanos.org.br\/noticias\/wp-content\/uploads\/2022\/12\/presepio_15-100x100.jpg 100w\" sizes=\"(max-width: 300px) 100vw, 300px\" \/><\/a>\n\t\t\t<\/dt><\/dl><dl class='gallery-item'>\n\t\t\t<dt class='gallery-icon landscape'>\n\t\t\t\t<a href='https:\/\/franciscanos.org.br\/noticias\/wp-content\/uploads\/2022\/12\/presepio_16.jpg'><img width=\"300\" height=\"300\" src=\"https:\/\/franciscanos.org.br\/noticias\/wp-content\/uploads\/2022\/12\/presepio_16-300x300.jpg\" class=\"attachment-thumbnail size-thumbnail\" alt=\"\" loading=\"lazy\" srcset=\"https:\/\/franciscanos.org.br\/noticias\/wp-content\/uploads\/2022\/12\/presepio_16-300x300.jpg 300w, https:\/\/franciscanos.org.br\/noticias\/wp-content\/uploads\/2022\/12\/presepio_16-100x100.jpg 100w\" sizes=\"(max-width: 300px) 100vw, 300px\" \/><\/a>\n\t\t\t<\/dt><\/dl><dl class='gallery-item'>\n\t\t\t<dt class='gallery-icon landscape'>\n\t\t\t\t<a href='https:\/\/franciscanos.org.br\/noticias\/wp-content\/uploads\/2022\/12\/presepio_17.jpg'><img width=\"300\" height=\"300\" src=\"https:\/\/franciscanos.org.br\/noticias\/wp-content\/uploads\/2022\/12\/presepio_17-300x300.jpg\" class=\"attachment-thumbnail size-thumbnail\" alt=\"\" loading=\"lazy\" srcset=\"https:\/\/franciscanos.org.br\/noticias\/wp-content\/uploads\/2022\/12\/presepio_17-300x300.jpg 300w, https:\/\/franciscanos.org.br\/noticias\/wp-content\/uploads\/2022\/12\/presepio_17-100x100.jpg 100w\" sizes=\"(max-width: 300px) 100vw, 300px\" \/><\/a>\n\t\t\t<\/dt><\/dl><br style=\"clear: both\" \/>\n\t\t<\/div>\n\n<p><em>\u00a0 \u00a0 \u00a0 \u00a0 \u00a0 \u00a0 \u00a0 \u00a0 \u00a0 \u00a0 \u00a0 \u00a0 \u00a0 \u00a0 \u00a0 \u00a0 \u00a0 \u00a0 \u00a0 \u00a0 \u00a0 \u00a0 \u00a0 \u00a0 \u00a0 \u00a0 \u00a0 \u00a0 \u00a0 \u00a0 \u00a0 \u00a0 \u00a0 \u00a0 \u00a0 \u00a0(toque nas imagens acima para ampli\u00e1-las)<\/em><\/p>\n<p>Segundo o guardi\u00e3o, a equipe envolvida na coordena\u00e7\u00e3o teve Frei Alberto Eckel e Rafael Herrera. Neste ano, cada uma das pastorais e movimentos, inclusive a Ordem Franciscana Secular, o Servi\u00e7o Franciscano de Solidariedade (Sefras), montaram os pres\u00e9pios. N\u00f3s oferecemos o pres\u00e9pio e a concep\u00e7\u00e3o ficou a cargo deles. Inclusive, as crian\u00e7as do 3\u00ba ano do Ensino Fundamental da escola das Irm\u00e3s Franciscanas da A\u00e7\u00e3o Pastoral fizeram um pres\u00e9pio muito bonito. A ideia \u00e9 que cada um se sinta representado nos pres\u00e9pios. Nestes 800 anos, quisemos dar esse significado. Que todos sintamos representados como se estiv\u00e9ssemos hoje repetindo Greccio h\u00e1 oitocentos anos&#8221;, animou Frei M\u00e1rio.<\/p>\n\n\t\t<style type=\"text\/css\">\n\t\t\t#gallery-2 {\n\t\t\t\tmargin: auto;\n\t\t\t}\n\t\t\t#gallery-2 .gallery-item {\n\t\t\t\tfloat: left;\n\t\t\t\tmargin-top: 10px;\n\t\t\t\ttext-align: center;\n\t\t\t\twidth: 20%;\n\t\t\t}\n\t\t\t#gallery-2 img {\n\t\t\t\tborder: 2px solid #cfcfcf;\n\t\t\t}\n\t\t\t#gallery-2 .gallery-caption {\n\t\t\t\tmargin-left: 0;\n\t\t\t}\n\t\t\t\/* see gallery_shortcode() in wp-includes\/media.php *\/\n\t\t<\/style>\n\t\t<div id='gallery-2' class='gallery galleryid-241302 gallery-columns-5 gallery-size-thumbnail'><dl class='gallery-item'>\n\t\t\t<dt class='gallery-icon landscape'>\n\t\t\t\t<a href='https:\/\/franciscanos.org.br\/noticias\/wp-content\/uploads\/2022\/12\/presepio_06.jpg'><img width=\"300\" height=\"300\" src=\"https:\/\/franciscanos.org.br\/noticias\/wp-content\/uploads\/2022\/12\/presepio_06-300x300.jpg\" class=\"attachment-thumbnail size-thumbnail\" alt=\"\" loading=\"lazy\" srcset=\"https:\/\/franciscanos.org.br\/noticias\/wp-content\/uploads\/2022\/12\/presepio_06-300x300.jpg 300w, https:\/\/franciscanos.org.br\/noticias\/wp-content\/uploads\/2022\/12\/presepio_06-100x100.jpg 100w\" sizes=\"(max-width: 300px) 100vw, 300px\" \/><\/a>\n\t\t\t<\/dt><\/dl><dl class='gallery-item'>\n\t\t\t<dt class='gallery-icon portrait'>\n\t\t\t\t<a href='https:\/\/franciscanos.org.br\/noticias\/wp-content\/uploads\/2022\/12\/presepio_08.jpg'><img width=\"300\" height=\"300\" src=\"https:\/\/franciscanos.org.br\/noticias\/wp-content\/uploads\/2022\/12\/presepio_08-300x300.jpg\" class=\"attachment-thumbnail size-thumbnail\" alt=\"\" loading=\"lazy\" srcset=\"https:\/\/franciscanos.org.br\/noticias\/wp-content\/uploads\/2022\/12\/presepio_08-300x300.jpg 300w, https:\/\/franciscanos.org.br\/noticias\/wp-content\/uploads\/2022\/12\/presepio_08-100x100.jpg 100w\" sizes=\"(max-width: 300px) 100vw, 300px\" \/><\/a>\n\t\t\t<\/dt><\/dl><dl class='gallery-item'>\n\t\t\t<dt class='gallery-icon landscape'>\n\t\t\t\t<a href='https:\/\/franciscanos.org.br\/noticias\/wp-content\/uploads\/2022\/12\/presepio_09.jpg'><img width=\"300\" height=\"300\" src=\"https:\/\/franciscanos.org.br\/noticias\/wp-content\/uploads\/2022\/12\/presepio_09-300x300.jpg\" class=\"attachment-thumbnail size-thumbnail\" alt=\"\" loading=\"lazy\" srcset=\"https:\/\/franciscanos.org.br\/noticias\/wp-content\/uploads\/2022\/12\/presepio_09-300x300.jpg 300w, https:\/\/franciscanos.org.br\/noticias\/wp-content\/uploads\/2022\/12\/presepio_09-100x100.jpg 100w\" sizes=\"(max-width: 300px) 100vw, 300px\" \/><\/a>\n\t\t\t<\/dt><\/dl><dl class='gallery-item'>\n\t\t\t<dt class='gallery-icon landscape'>\n\t\t\t\t<a href='https:\/\/franciscanos.org.br\/noticias\/wp-content\/uploads\/2022\/12\/presepio_10.jpg'><img width=\"300\" height=\"300\" src=\"https:\/\/franciscanos.org.br\/noticias\/wp-content\/uploads\/2022\/12\/presepio_10-300x300.jpg\" class=\"attachment-thumbnail size-thumbnail\" alt=\"\" loading=\"lazy\" srcset=\"https:\/\/franciscanos.org.br\/noticias\/wp-content\/uploads\/2022\/12\/presepio_10-300x300.jpg 300w, https:\/\/franciscanos.org.br\/noticias\/wp-content\/uploads\/2022\/12\/presepio_10-100x100.jpg 100w\" sizes=\"(max-width: 300px) 100vw, 300px\" \/><\/a>\n\t\t\t<\/dt><\/dl><dl class='gallery-item'>\n\t\t\t<dt class='gallery-icon landscape'>\n\t\t\t\t<a href='https:\/\/franciscanos.org.br\/noticias\/wp-content\/uploads\/2022\/12\/presepio_12.jpg'><img width=\"300\" height=\"300\" src=\"https:\/\/franciscanos.org.br\/noticias\/wp-content\/uploads\/2022\/12\/presepio_12-300x300.jpg\" class=\"attachment-thumbnail size-thumbnail\" alt=\"\" loading=\"lazy\" srcset=\"https:\/\/franciscanos.org.br\/noticias\/wp-content\/uploads\/2022\/12\/presepio_12-300x300.jpg 300w, https:\/\/franciscanos.org.br\/noticias\/wp-content\/uploads\/2022\/12\/presepio_12-100x100.jpg 100w\" sizes=\"(max-width: 300px) 100vw, 300px\" \/><\/a>\n\t\t\t<\/dt><\/dl><br style=\"clear: both\" \/>\n\t\t<\/div>\n\n<p><em>\u00a0 \u00a0 \u00a0 \u00a0 \u00a0 \u00a0 \u00a0 \u00a0 \u00a0 \u00a0 \u00a0 \u00a0 \u00a0 \u00a0 \u00a0 \u00a0 \u00a0 \u00a0 \u00a0 \u00a0 \u00a0 \u00a0 \u00a0 \u00a0 \u00a0 \u00a0 \u00a0 \u00a0 \u00a0 \u00a0 \u00a0 \u00a0 \u00a0 \u00a0 \u00a0 \u00a0 \u00a0(toque nas imagens acima para ampli\u00e1-las)<\/em><\/p>\n<p>Para Frei Alberto, o mais bonito de todo esse processo foi esta unidade das pastorais, movimentos e servi\u00e7os, todos trabalhando juntos: &#8220;Isso traduz aquilo que \u00e9 o mist\u00e9rio do Natal, que a humanidade toda congrega em torno de Jesus. E nesta experi\u00eancia n\u00f3s pudemos sentir aquilo que propomos como tema: &#8216;Aqui o fez se fez carne&#8217;. N\u00e3o \u00e9 s\u00f3 l\u00e1 atr\u00e1s na hist\u00f3ria, em Bel\u00e9m, mas \u00e9 onde as pessoas se unem e anunciam o Evangelho. Ent\u00e3o, essa \u00e9 a espiritualidade por tr\u00e1s de toda essa exposi\u00e7\u00e3o de pres\u00e9pios. A todas as pastorais e toda as pessoas, nossa gratid\u00e3o!&#8221;.<\/p>\n<p>Essa exposi\u00e7\u00e3o \u00e9 permanente desde o ano passado e s\u00f3 no final do ano ter\u00e1 novos pres\u00e9pios.<\/p>\n<p>Ela est\u00e1 aberta de ter\u00e7a \u00e0 sexta-feira, das 14 \u00e0s 16 horas. Aos s\u00e1bados e domingos, das 9 ao meio-dia. &#8220;No entanto, para grupos, \u00e9 s\u00f3 entrar em contato e agendar, inclusive em outros hor\u00e1rios&#8221;, lembra Frei M\u00e1rio.<\/p>\n<p>O Santu\u00e1rio S\u00e3o Francisco fica no Largo S\u00e3o Francisco, 133, na regi\u00e3o central. Os agendamentos podem ser feitos pelo n\u00famero 11-3291-2400 e pelo WhatsApp (11) 99546-2500. Pelo email: <a href=\"mailto:santuariosf@franciscanos.org.br\">santuariosf@franciscanos.org.br<\/a><\/p>\n<hr \/>\n<p><em>Comunica\u00e7\u00e3o da Prov\u00edncia<\/em><\/p>\n","protected":false},"excerpt":{"rendered":"<p>Exposi\u00e7\u00e3o Franciscana de Pres\u00e9pios<\/p>\n","protected":false},"author":3,"featured_media":241303,"comment_status":"open","ping_status":"open","sticky":false,"template":"","format":"standard","meta":[],"categories":[1],"tags":[333],"acf":[],"yoast_head":"<!-- This site is optimized with the Yoast SEO plugin v19.2 - https:\/\/yoast.com\/wordpress\/plugins\/seo\/ -->\n<title>Para celebrar 800 anos de Greccio, Convento S\u00e3o Francisco surpreende com pres\u00e9pio &quot;gigante&quot; - Not\u00edcias - Franciscanos<\/title>\n<meta name=\"robots\" content=\"index, follow, max-snippet:-1, max-image-preview:large, max-video-preview:-1\" \/>\n<link rel=\"canonical\" href=\"https:\/\/franciscanos.org.br\/noticias\/para-celebrar-800-anos-de-greccio-convento-sao-francisco-surpreende-com-presepio-gigante.html\" \/>\n<meta property=\"og:locale\" content=\"pt_BR\" \/>\n<meta property=\"og:type\" content=\"article\" \/>\n<meta property=\"og:title\" content=\"Para celebrar 800 anos de Greccio, Convento S\u00e3o Francisco surpreende com pres\u00e9pio &quot;gigante&quot; - Not\u00edcias - Franciscanos\" \/>\n<meta property=\"og:description\" content=\"Exposi\u00e7\u00e3o Franciscana de Pres\u00e9pios\" \/>\n<meta property=\"og:url\" content=\"https:\/\/franciscanos.org.br\/noticias\/para-celebrar-800-anos-de-greccio-convento-sao-francisco-surpreende-com-presepio-gigante.html\" \/>\n<meta property=\"og:site_name\" content=\"Not\u00edcias - Franciscanos\" \/>\n<meta property=\"article:published_time\" content=\"2022-12-11T18:26:18+00:00\" \/>\n<meta property=\"article:modified_time\" content=\"2022-12-29T21:14:49+00:00\" \/>\n<meta property=\"og:image\" content=\"https:\/\/franciscanos.org.br\/noticias\/wp-content\/uploads\/2022\/12\/presepio_01.jpg\" \/>\n\t<meta property=\"og:image:width\" content=\"1280\" \/>\n\t<meta property=\"og:image:height\" content=\"720\" \/>\n\t<meta property=\"og:image:type\" content=\"image\/jpeg\" \/>\n<meta name=\"author\" content=\"moacir\" \/>\n<meta name=\"twitter:card\" content=\"summary_large_image\" \/>\n<meta name=\"twitter:label1\" content=\"Escrito por\" \/>\n\t<meta name=\"twitter:data1\" content=\"moacir\" \/>\n\t<meta name=\"twitter:label2\" content=\"Est. tempo de leitura\" \/>\n\t<meta name=\"twitter:data2\" content=\"6 minutos\" \/>\n<script type=\"application\/ld+json\" class=\"yoast-schema-graph\">{\"@context\":\"https:\/\/schema.org\",\"@graph\":[{\"@type\":\"WebSite\",\"@id\":\"https:\/\/franciscanos.org.br\/noticias\/#website\",\"url\":\"https:\/\/franciscanos.org.br\/noticias\/\",\"name\":\"Not\u00edcias - Franciscanos\",\"description\":\"Prov\u00edncia Franciscana da Imaculada Concei\u00e7\u00e3o do Brasil - Ordem dos Frades Menores - OFM\",\"potentialAction\":[{\"@type\":\"SearchAction\",\"target\":{\"@type\":\"EntryPoint\",\"urlTemplate\":\"https:\/\/franciscanos.org.br\/noticias\/?s={search_term_string}\"},\"query-input\":\"required name=search_term_string\"}],\"inLanguage\":\"pt-BR\"},{\"@type\":\"ImageObject\",\"inLanguage\":\"pt-BR\",\"@id\":\"https:\/\/franciscanos.org.br\/noticias\/para-celebrar-800-anos-de-greccio-convento-sao-francisco-surpreende-com-presepio-gigante.html#primaryimage\",\"url\":\"https:\/\/franciscanos.org.br\/noticias\/wp-content\/uploads\/2022\/12\/presepio_01.jpg\",\"contentUrl\":\"https:\/\/franciscanos.org.br\/noticias\/wp-content\/uploads\/2022\/12\/presepio_01.jpg\",\"width\":1280,\"height\":720},{\"@type\":\"WebPage\",\"@id\":\"https:\/\/franciscanos.org.br\/noticias\/para-celebrar-800-anos-de-greccio-convento-sao-francisco-surpreende-com-presepio-gigante.html#webpage\",\"url\":\"https:\/\/franciscanos.org.br\/noticias\/para-celebrar-800-anos-de-greccio-convento-sao-francisco-surpreende-com-presepio-gigante.html\",\"name\":\"Para celebrar 800 anos de Greccio, Convento S\u00e3o Francisco surpreende com pres\u00e9pio \\\"gigante\\\" - Not\u00edcias - Franciscanos\",\"isPartOf\":{\"@id\":\"https:\/\/franciscanos.org.br\/noticias\/#website\"},\"primaryImageOfPage\":{\"@id\":\"https:\/\/franciscanos.org.br\/noticias\/para-celebrar-800-anos-de-greccio-convento-sao-francisco-surpreende-com-presepio-gigante.html#primaryimage\"},\"datePublished\":\"2022-12-11T18:26:18+00:00\",\"dateModified\":\"2022-12-29T21:14:49+00:00\",\"author\":{\"@id\":\"https:\/\/franciscanos.org.br\/noticias\/#\/schema\/person\/b5c8cba458c330ccff548b056e95a5d4\"},\"breadcrumb\":{\"@id\":\"https:\/\/franciscanos.org.br\/noticias\/para-celebrar-800-anos-de-greccio-convento-sao-francisco-surpreende-com-presepio-gigante.html#breadcrumb\"},\"inLanguage\":\"pt-BR\",\"potentialAction\":[{\"@type\":\"ReadAction\",\"target\":[\"https:\/\/franciscanos.org.br\/noticias\/para-celebrar-800-anos-de-greccio-convento-sao-francisco-surpreende-com-presepio-gigante.html\"]}]},{\"@type\":\"BreadcrumbList\",\"@id\":\"https:\/\/franciscanos.org.br\/noticias\/para-celebrar-800-anos-de-greccio-convento-sao-francisco-surpreende-com-presepio-gigante.html#breadcrumb\",\"itemListElement\":[{\"@type\":\"ListItem\",\"position\":1,\"name\":\"Home\",\"item\":\"https:\/\/franciscanos.org.br\/noticias\"},{\"@type\":\"ListItem\",\"position\":2,\"name\":\"Para celebrar 800 anos de Greccio, Convento S\u00e3o Francisco surpreende com pres\u00e9pio &#8220;gigante&#8221;\"}]},{\"@type\":\"Person\",\"@id\":\"https:\/\/franciscanos.org.br\/noticias\/#\/schema\/person\/b5c8cba458c330ccff548b056e95a5d4\",\"name\":\"moacir\",\"image\":{\"@type\":\"ImageObject\",\"inLanguage\":\"pt-BR\",\"@id\":\"https:\/\/franciscanos.org.br\/noticias\/#\/schema\/person\/image\/\",\"url\":\"https:\/\/secure.gravatar.com\/avatar\/d08aa2ce4c8dd416d4479aa8536fcf64?s=96&d=mm&r=g\",\"contentUrl\":\"https:\/\/secure.gravatar.com\/avatar\/d08aa2ce4c8dd416d4479aa8536fcf64?s=96&d=mm&r=g\",\"caption\":\"moacir\"},\"url\":\"https:\/\/franciscanos.org.br\/noticias\/author\/moacir\"}]}<\/script>\n<!-- \/ Yoast SEO plugin. -->","yoast_head_json":{"title":"Para celebrar 800 anos de Greccio, Convento S\u00e3o Francisco surpreende com pres\u00e9pio \"gigante\" - Not\u00edcias - Franciscanos","robots":{"index":"index","follow":"follow","max-snippet":"max-snippet:-1","max-image-preview":"max-image-preview:large","max-video-preview":"max-video-preview:-1"},"canonical":"https:\/\/franciscanos.org.br\/noticias\/para-celebrar-800-anos-de-greccio-convento-sao-francisco-surpreende-com-presepio-gigante.html","og_locale":"pt_BR","og_type":"article","og_title":"Para celebrar 800 anos de Greccio, Convento S\u00e3o Francisco surpreende com pres\u00e9pio \"gigante\" - Not\u00edcias - Franciscanos","og_description":"Exposi\u00e7\u00e3o Franciscana de Pres\u00e9pios","og_url":"https:\/\/franciscanos.org.br\/noticias\/para-celebrar-800-anos-de-greccio-convento-sao-francisco-surpreende-com-presepio-gigante.html","og_site_name":"Not\u00edcias - Franciscanos","article_published_time":"2022-12-11T18:26:18+00:00","article_modified_time":"2022-12-29T21:14:49+00:00","og_image":[{"width":1280,"height":720,"url":"https:\/\/franciscanos.org.br\/noticias\/wp-content\/uploads\/2022\/12\/presepio_01.jpg","type":"image\/jpeg"}],"author":"moacir","twitter_card":"summary_large_image","twitter_misc":{"Escrito por":"moacir","Est. tempo de leitura":"6 minutos"},"schema":{"@context":"https:\/\/schema.org","@graph":[{"@type":"WebSite","@id":"https:\/\/franciscanos.org.br\/noticias\/#website","url":"https:\/\/franciscanos.org.br\/noticias\/","name":"Not\u00edcias - Franciscanos","description":"Prov\u00edncia Franciscana da Imaculada Concei\u00e7\u00e3o do Brasil - Ordem dos Frades Menores - OFM","potentialAction":[{"@type":"SearchAction","target":{"@type":"EntryPoint","urlTemplate":"https:\/\/franciscanos.org.br\/noticias\/?s={search_term_string}"},"query-input":"required name=search_term_string"}],"inLanguage":"pt-BR"},{"@type":"ImageObject","inLanguage":"pt-BR","@id":"https:\/\/franciscanos.org.br\/noticias\/para-celebrar-800-anos-de-greccio-convento-sao-francisco-surpreende-com-presepio-gigante.html#primaryimage","url":"https:\/\/franciscanos.org.br\/noticias\/wp-content\/uploads\/2022\/12\/presepio_01.jpg","contentUrl":"https:\/\/franciscanos.org.br\/noticias\/wp-content\/uploads\/2022\/12\/presepio_01.jpg","width":1280,"height":720},{"@type":"WebPage","@id":"https:\/\/franciscanos.org.br\/noticias\/para-celebrar-800-anos-de-greccio-convento-sao-francisco-surpreende-com-presepio-gigante.html#webpage","url":"https:\/\/franciscanos.org.br\/noticias\/para-celebrar-800-anos-de-greccio-convento-sao-francisco-surpreende-com-presepio-gigante.html","name":"Para celebrar 800 anos de Greccio, Convento S\u00e3o Francisco surpreende com pres\u00e9pio \"gigante\" - Not\u00edcias - Franciscanos","isPartOf":{"@id":"https:\/\/franciscanos.org.br\/noticias\/#website"},"primaryImageOfPage":{"@id":"https:\/\/franciscanos.org.br\/noticias\/para-celebrar-800-anos-de-greccio-convento-sao-francisco-surpreende-com-presepio-gigante.html#primaryimage"},"datePublished":"2022-12-11T18:26:18+00:00","dateModified":"2022-12-29T21:14:49+00:00","author":{"@id":"https:\/\/franciscanos.org.br\/noticias\/#\/schema\/person\/b5c8cba458c330ccff548b056e95a5d4"},"breadcrumb":{"@id":"https:\/\/franciscanos.org.br\/noticias\/para-celebrar-800-anos-de-greccio-convento-sao-francisco-surpreende-com-presepio-gigante.html#breadcrumb"},"inLanguage":"pt-BR","potentialAction":[{"@type":"ReadAction","target":["https:\/\/franciscanos.org.br\/noticias\/para-celebrar-800-anos-de-greccio-convento-sao-francisco-surpreende-com-presepio-gigante.html"]}]},{"@type":"BreadcrumbList","@id":"https:\/\/franciscanos.org.br\/noticias\/para-celebrar-800-anos-de-greccio-convento-sao-francisco-surpreende-com-presepio-gigante.html#breadcrumb","itemListElement":[{"@type":"ListItem","position":1,"name":"Home","item":"https:\/\/franciscanos.org.br\/noticias"},{"@type":"ListItem","position":2,"name":"Para celebrar 800 anos de Greccio, Convento S\u00e3o Francisco surpreende com pres\u00e9pio &#8220;gigante&#8221;"}]},{"@type":"Person","@id":"https:\/\/franciscanos.org.br\/noticias\/#\/schema\/person\/b5c8cba458c330ccff548b056e95a5d4","name":"moacir","image":{"@type":"ImageObject","inLanguage":"pt-BR","@id":"https:\/\/franciscanos.org.br\/noticias\/#\/schema\/person\/image\/","url":"https:\/\/secure.gravatar.com\/avatar\/d08aa2ce4c8dd416d4479aa8536fcf64?s=96&d=mm&r=g","contentUrl":"https:\/\/secure.gravatar.com\/avatar\/d08aa2ce4c8dd416d4479aa8536fcf64?s=96&d=mm&r=g","caption":"moacir"},"url":"https:\/\/franciscanos.org.br\/noticias\/author\/moacir"}]}},"_links":{"self":[{"href":"https:\/\/franciscanos.org.br\/noticias\/wp-json\/wp\/v2\/posts\/241302"}],"collection":[{"href":"https:\/\/franciscanos.org.br\/noticias\/wp-json\/wp\/v2\/posts"}],"about":[{"href":"https:\/\/franciscanos.org.br\/noticias\/wp-json\/wp\/v2\/types\/post"}],"author":[{"embeddable":true,"href":"https:\/\/franciscanos.org.br\/noticias\/wp-json\/wp\/v2\/users\/3"}],"replies":[{"embeddable":true,"href":"https:\/\/franciscanos.org.br\/noticias\/wp-json\/wp\/v2\/comments?post=241302"}],"version-history":[{"count":3,"href":"https:\/\/franciscanos.org.br\/noticias\/wp-json\/wp\/v2\/posts\/241302\/revisions"}],"predecessor-version":[{"id":241439,"href":"https:\/\/franciscanos.org.br\/noticias\/wp-json\/wp\/v2\/posts\/241302\/revisions\/241439"}],"wp:featuredmedia":[{"embeddable":true,"href":"https:\/\/franciscanos.org.br\/noticias\/wp-json\/wp\/v2\/media\/241303"}],"wp:attachment":[{"href":"https:\/\/franciscanos.org.br\/noticias\/wp-json\/wp\/v2\/media?parent=241302"}],"wp:term":[{"taxonomy":"category","embeddable":true,"href":"https:\/\/franciscanos.org.br\/noticias\/wp-json\/wp\/v2\/categories?post=241302"},{"taxonomy":"post_tag","embeddable":true,"href":"https:\/\/franciscanos.org.br\/noticias\/wp-json\/wp\/v2\/tags?post=241302"}],"curies":[{"name":"wp","href":"https:\/\/api.w.org\/{rel}","templated":true}]}}