{"id":241287,"date":"2022-12-09T11:15:14","date_gmt":"2022-12-09T14:15:14","guid":{"rendered":"https:\/\/franciscanos.org.br\/noticias\/?p=241287"},"modified":"2022-12-09T11:18:27","modified_gmt":"2022-12-09T14:18:27","slug":"na-solenidade-da-imaculada-conceicao-frei-marcelo-e-os-membros-da-ofs-frei-galvao-de-pato-branco-renovam-os-seus-votos","status":"publish","type":"post","link":"https:\/\/franciscanos.org.br\/noticias\/na-solenidade-da-imaculada-conceicao-frei-marcelo-e-os-membros-da-ofs-frei-galvao-de-pato-branco-renovam-os-seus-votos.html","title":{"rendered":"Na Solenidade da Imaculada Concei\u00e7\u00e3o, Frei Marcelo Tadeu renova os votos"},"content":{"rendered":"<p><img loading=\"lazy\" class=\"alignnone size-full wp-image-241288\" src=\"https:\/\/franciscanos.org.br\/noticias\/wp-content\/uploads\/2022\/12\/marcelo_03.jpg\" alt=\"\" width=\"1280\" height=\"720\" srcset=\"https:\/\/franciscanos.org.br\/noticias\/wp-content\/uploads\/2022\/12\/marcelo_03.jpg 1280w, https:\/\/franciscanos.org.br\/noticias\/wp-content\/uploads\/2022\/12\/marcelo_03-450x253.jpg 450w, https:\/\/franciscanos.org.br\/noticias\/wp-content\/uploads\/2022\/12\/marcelo_03-1024x576.jpg 1024w, https:\/\/franciscanos.org.br\/noticias\/wp-content\/uploads\/2022\/12\/marcelo_03-768x432.jpg 768w, https:\/\/franciscanos.org.br\/noticias\/wp-content\/uploads\/2022\/12\/marcelo_03-150x84.jpg 150w\" sizes=\"(max-width: 1280px) 100vw, 1280px\" \/><\/p>\n<p>Na Solenidade da Imaculada Concei\u00e7\u00e3o de Maria (08\/12), Frei Marcelo Tadeu da Silva Cardoso, OFM, renovou os votos religiosos de viver por mais um ano em obedi\u00eancia, sem nada de pr\u00f3prio e em castidade, nas m\u00e3os de Frei Frei Gabriel Vargas Dias Alves, guardi\u00e3o da Fraternidade S\u00e3o Pedro Ap\u00f3stolo de Pato Branco (PR), delegado de Frei Paulo Roberto Pereira, Ministro Provincial da Prov\u00edncia Franciscana da Imaculada Concei\u00e7\u00e3o do Brasil, que se encontra em viagem \u00e0 Miss\u00e3o de Angola.<\/p>\n<p>Frei Gabriel presidiu a Celebra\u00e7\u00e3o Eucar\u00edstica \u00e0s 19h30, na Igreja Matriz S\u00e3o Pedro Ap\u00f3stolo. Saudando Frei Marcelo Tadeu, o povo e seus confrades de Fraternidade, Frei Olivo Marafon, da Fraternidade de Chopinzinho e os membros da OFS, pertencentes \u00e0 Fraternidade S\u00e3o Frei Galv\u00e3o, que completou 20 de funda\u00e7\u00e3o e que tamb\u00e9m renovaram seus votos e, assim, deu-se in\u00edcio a celebra\u00e7\u00e3o. Este rito \u00e9 pr\u00f3prio do religioso que depois de fazer o noviciado, por alguns anos, renova o compromisso de viver os conselhos evang\u00e9licos de sem nada de pr\u00f3prio, castidade e obedi\u00eancia at\u00e9 que fa\u00e7a a profiss\u00e3o perp\u00e9tua dos votos. Este per\u00edodo \u00e9 chamado de Tempo de Profiss\u00e3o Tempor\u00e1ria.<\/p>\n<p><img loading=\"lazy\" class=\"alignnone size-full wp-image-241289\" src=\"https:\/\/franciscanos.org.br\/noticias\/wp-content\/uploads\/2022\/12\/marcelo_01.jpg\" alt=\"\" width=\"1280\" height=\"720\" srcset=\"https:\/\/franciscanos.org.br\/noticias\/wp-content\/uploads\/2022\/12\/marcelo_01.jpg 1280w, https:\/\/franciscanos.org.br\/noticias\/wp-content\/uploads\/2022\/12\/marcelo_01-450x253.jpg 450w, https:\/\/franciscanos.org.br\/noticias\/wp-content\/uploads\/2022\/12\/marcelo_01-1024x576.jpg 1024w, https:\/\/franciscanos.org.br\/noticias\/wp-content\/uploads\/2022\/12\/marcelo_01-768x432.jpg 768w, https:\/\/franciscanos.org.br\/noticias\/wp-content\/uploads\/2022\/12\/marcelo_01-150x84.jpg 150w\" sizes=\"(max-width: 1280px) 100vw, 1280px\" \/><\/p>\n<p>Ap\u00f3s a homilia, onde Frei Gabriel comentou a respeito do sim de Maria e porque ela se torna Imaculada, ou seja indivisa, sem mistura e em unidade, seguiu-se o rito de renova\u00e7\u00e3o. O mestre do renovando, Frei Antonio Mazzuco pediu para que ele se apresentasse e, feito isso, o Guardi\u00e3o delegado do Ministro Provincial realizou o rito: Frei Marcelo, para Louvor e gl\u00f3ria da Sant\u00edssima Trindade, renovou os seus votos de viver por mais um ano em obedi\u00eancia, sem nada de pr\u00f3prio e em castidade.<\/p>\n<p>Ao final da Celebra\u00e7\u00e3o Eucar\u00edstica os membros da Fraternidade S\u00e3o Frei Galv\u00e3o (OFS) renovaram seus votos e confraternizaram com os frades e alguns membros da par\u00f3quia.<\/p>\n<p><img loading=\"lazy\" class=\"alignnone size-full wp-image-241290\" src=\"https:\/\/franciscanos.org.br\/noticias\/wp-content\/uploads\/2022\/12\/marcelo_05.jpg\" alt=\"\" width=\"1280\" height=\"886\" srcset=\"https:\/\/franciscanos.org.br\/noticias\/wp-content\/uploads\/2022\/12\/marcelo_05.jpg 1280w, https:\/\/franciscanos.org.br\/noticias\/wp-content\/uploads\/2022\/12\/marcelo_05-450x311.jpg 450w, https:\/\/franciscanos.org.br\/noticias\/wp-content\/uploads\/2022\/12\/marcelo_05-1024x709.jpg 1024w, https:\/\/franciscanos.org.br\/noticias\/wp-content\/uploads\/2022\/12\/marcelo_05-768x532.jpg 768w, https:\/\/franciscanos.org.br\/noticias\/wp-content\/uploads\/2022\/12\/marcelo_05-150x104.jpg 150w\" sizes=\"(max-width: 1280px) 100vw, 1280px\" \/><\/p>\n<p><strong>Frei Marcelo Tadeu da Silva Cardoso<\/strong> nasceu em S\u00e3o Paulo (SP) no dia 28\/\/08\/1984. Fez o acompanhamento vocacional no Santu\u00e1rio S\u00e3o Francisco de Assis, em S\u00e3o Paulo (SP), ingressou no Semin\u00e1rio S\u00e3o Francisco em Ituporanga (SC) em 2016. Foi admitido no Noviciado de Rodeio em 2018, quando fez a profiss\u00e3o tempor\u00e1ria na Ordem dos Frades Menores no dia 10 de janeiro de 2019. Cursou Filosofia no instituto S\u00e3o Boaventura, de 2019 a 2021. Em 2022, Frei Marcelo residiu na Fraternidade de Pato Branco para a experi\u00eancia do Ano Mission\u00e1rio, etapa formativa depois do tempo de Filosofia, onde esteve a servi\u00e7o da Par\u00f3quia S\u00e3o Pedro Ap\u00f3stolo. Devido a um procedimento m\u00e9dico, ele permanecer\u00e1 mais um ano nesta Fraternidade.<\/p>\n<hr \/>\n<p><em>Texto: Frei Jonas Ribeiro da Silva; Fotos Cristiel Balbinot e Gabriel Garcia, pela Pascom da Par\u00f3quia S\u00e3o Pedro Ap\u00f3stolo<\/em><\/p>\n","protected":false},"excerpt":{"rendered":"<p>Renova\u00e7\u00e3o dos Votos<\/p>\n","protected":false},"author":3,"featured_media":241288,"comment_status":"open","ping_status":"open","sticky":false,"template":"","format":"standard","meta":[],"categories":[1],"tags":[1152],"acf":[],"yoast_head":"<!-- This site is optimized with the Yoast SEO plugin v19.2 - https:\/\/yoast.com\/wordpress\/plugins\/seo\/ -->\n<title>Na Solenidade da Imaculada Concei\u00e7\u00e3o, Frei Marcelo Tadeu renova os votos - Not\u00edcias - Franciscanos<\/title>\n<meta name=\"robots\" content=\"index, follow, max-snippet:-1, max-image-preview:large, max-video-preview:-1\" \/>\n<link rel=\"canonical\" href=\"https:\/\/franciscanos.org.br\/noticias\/na-solenidade-da-imaculada-conceicao-frei-marcelo-e-os-membros-da-ofs-frei-galvao-de-pato-branco-renovam-os-seus-votos.html\" \/>\n<meta property=\"og:locale\" content=\"pt_BR\" \/>\n<meta property=\"og:type\" content=\"article\" \/>\n<meta property=\"og:title\" content=\"Na Solenidade da Imaculada Concei\u00e7\u00e3o, Frei Marcelo Tadeu renova os votos - Not\u00edcias - Franciscanos\" \/>\n<meta property=\"og:description\" content=\"Renova\u00e7\u00e3o dos Votos\" \/>\n<meta property=\"og:url\" content=\"https:\/\/franciscanos.org.br\/noticias\/na-solenidade-da-imaculada-conceicao-frei-marcelo-e-os-membros-da-ofs-frei-galvao-de-pato-branco-renovam-os-seus-votos.html\" \/>\n<meta property=\"og:site_name\" content=\"Not\u00edcias - Franciscanos\" \/>\n<meta property=\"article:published_time\" content=\"2022-12-09T14:15:14+00:00\" \/>\n<meta property=\"article:modified_time\" content=\"2022-12-09T14:18:27+00:00\" \/>\n<meta property=\"og:image\" content=\"https:\/\/franciscanos.org.br\/noticias\/wp-content\/uploads\/2022\/12\/marcelo_03.jpg\" \/>\n\t<meta property=\"og:image:width\" content=\"1280\" \/>\n\t<meta property=\"og:image:height\" content=\"720\" \/>\n\t<meta property=\"og:image:type\" content=\"image\/jpeg\" \/>\n<meta name=\"author\" content=\"moacir\" \/>\n<meta name=\"twitter:card\" content=\"summary_large_image\" \/>\n<meta name=\"twitter:label1\" content=\"Escrito por\" \/>\n\t<meta name=\"twitter:data1\" content=\"moacir\" \/>\n\t<meta name=\"twitter:label2\" content=\"Est. tempo de leitura\" \/>\n\t<meta name=\"twitter:data2\" content=\"2 minutos\" \/>\n<script type=\"application\/ld+json\" class=\"yoast-schema-graph\">{\"@context\":\"https:\/\/schema.org\",\"@graph\":[{\"@type\":\"WebSite\",\"@id\":\"https:\/\/franciscanos.org.br\/noticias\/#website\",\"url\":\"https:\/\/franciscanos.org.br\/noticias\/\",\"name\":\"Not\u00edcias - Franciscanos\",\"description\":\"Prov\u00edncia Franciscana da Imaculada Concei\u00e7\u00e3o do Brasil - Ordem dos Frades Menores - OFM\",\"potentialAction\":[{\"@type\":\"SearchAction\",\"target\":{\"@type\":\"EntryPoint\",\"urlTemplate\":\"https:\/\/franciscanos.org.br\/noticias\/?s={search_term_string}\"},\"query-input\":\"required name=search_term_string\"}],\"inLanguage\":\"pt-BR\"},{\"@type\":\"ImageObject\",\"inLanguage\":\"pt-BR\",\"@id\":\"https:\/\/franciscanos.org.br\/noticias\/na-solenidade-da-imaculada-conceicao-frei-marcelo-e-os-membros-da-ofs-frei-galvao-de-pato-branco-renovam-os-seus-votos.html#primaryimage\",\"url\":\"https:\/\/franciscanos.org.br\/noticias\/wp-content\/uploads\/2022\/12\/marcelo_03.jpg\",\"contentUrl\":\"https:\/\/franciscanos.org.br\/noticias\/wp-content\/uploads\/2022\/12\/marcelo_03.jpg\",\"width\":1280,\"height\":720},{\"@type\":\"WebPage\",\"@id\":\"https:\/\/franciscanos.org.br\/noticias\/na-solenidade-da-imaculada-conceicao-frei-marcelo-e-os-membros-da-ofs-frei-galvao-de-pato-branco-renovam-os-seus-votos.html#webpage\",\"url\":\"https:\/\/franciscanos.org.br\/noticias\/na-solenidade-da-imaculada-conceicao-frei-marcelo-e-os-membros-da-ofs-frei-galvao-de-pato-branco-renovam-os-seus-votos.html\",\"name\":\"Na Solenidade da Imaculada Concei\u00e7\u00e3o, Frei Marcelo Tadeu renova os votos - Not\u00edcias - Franciscanos\",\"isPartOf\":{\"@id\":\"https:\/\/franciscanos.org.br\/noticias\/#website\"},\"primaryImageOfPage\":{\"@id\":\"https:\/\/franciscanos.org.br\/noticias\/na-solenidade-da-imaculada-conceicao-frei-marcelo-e-os-membros-da-ofs-frei-galvao-de-pato-branco-renovam-os-seus-votos.html#primaryimage\"},\"datePublished\":\"2022-12-09T14:15:14+00:00\",\"dateModified\":\"2022-12-09T14:18:27+00:00\",\"author\":{\"@id\":\"https:\/\/franciscanos.org.br\/noticias\/#\/schema\/person\/b5c8cba458c330ccff548b056e95a5d4\"},\"breadcrumb\":{\"@id\":\"https:\/\/franciscanos.org.br\/noticias\/na-solenidade-da-imaculada-conceicao-frei-marcelo-e-os-membros-da-ofs-frei-galvao-de-pato-branco-renovam-os-seus-votos.html#breadcrumb\"},\"inLanguage\":\"pt-BR\",\"potentialAction\":[{\"@type\":\"ReadAction\",\"target\":[\"https:\/\/franciscanos.org.br\/noticias\/na-solenidade-da-imaculada-conceicao-frei-marcelo-e-os-membros-da-ofs-frei-galvao-de-pato-branco-renovam-os-seus-votos.html\"]}]},{\"@type\":\"BreadcrumbList\",\"@id\":\"https:\/\/franciscanos.org.br\/noticias\/na-solenidade-da-imaculada-conceicao-frei-marcelo-e-os-membros-da-ofs-frei-galvao-de-pato-branco-renovam-os-seus-votos.html#breadcrumb\",\"itemListElement\":[{\"@type\":\"ListItem\",\"position\":1,\"name\":\"Home\",\"item\":\"https:\/\/franciscanos.org.br\/noticias\"},{\"@type\":\"ListItem\",\"position\":2,\"name\":\"Na Solenidade da Imaculada Concei\u00e7\u00e3o, Frei Marcelo Tadeu renova os votos\"}]},{\"@type\":\"Person\",\"@id\":\"https:\/\/franciscanos.org.br\/noticias\/#\/schema\/person\/b5c8cba458c330ccff548b056e95a5d4\",\"name\":\"moacir\",\"image\":{\"@type\":\"ImageObject\",\"inLanguage\":\"pt-BR\",\"@id\":\"https:\/\/franciscanos.org.br\/noticias\/#\/schema\/person\/image\/\",\"url\":\"https:\/\/secure.gravatar.com\/avatar\/d08aa2ce4c8dd416d4479aa8536fcf64?s=96&d=mm&r=g\",\"contentUrl\":\"https:\/\/secure.gravatar.com\/avatar\/d08aa2ce4c8dd416d4479aa8536fcf64?s=96&d=mm&r=g\",\"caption\":\"moacir\"},\"url\":\"https:\/\/franciscanos.org.br\/noticias\/author\/moacir\"}]}<\/script>\n<!-- \/ Yoast SEO plugin. -->","yoast_head_json":{"title":"Na Solenidade da Imaculada Concei\u00e7\u00e3o, Frei Marcelo Tadeu renova os votos - Not\u00edcias - Franciscanos","robots":{"index":"index","follow":"follow","max-snippet":"max-snippet:-1","max-image-preview":"max-image-preview:large","max-video-preview":"max-video-preview:-1"},"canonical":"https:\/\/franciscanos.org.br\/noticias\/na-solenidade-da-imaculada-conceicao-frei-marcelo-e-os-membros-da-ofs-frei-galvao-de-pato-branco-renovam-os-seus-votos.html","og_locale":"pt_BR","og_type":"article","og_title":"Na Solenidade da Imaculada Concei\u00e7\u00e3o, Frei Marcelo Tadeu renova os votos - Not\u00edcias - Franciscanos","og_description":"Renova\u00e7\u00e3o dos Votos","og_url":"https:\/\/franciscanos.org.br\/noticias\/na-solenidade-da-imaculada-conceicao-frei-marcelo-e-os-membros-da-ofs-frei-galvao-de-pato-branco-renovam-os-seus-votos.html","og_site_name":"Not\u00edcias - Franciscanos","article_published_time":"2022-12-09T14:15:14+00:00","article_modified_time":"2022-12-09T14:18:27+00:00","og_image":[{"width":1280,"height":720,"url":"https:\/\/franciscanos.org.br\/noticias\/wp-content\/uploads\/2022\/12\/marcelo_03.jpg","type":"image\/jpeg"}],"author":"moacir","twitter_card":"summary_large_image","twitter_misc":{"Escrito por":"moacir","Est. tempo de leitura":"2 minutos"},"schema":{"@context":"https:\/\/schema.org","@graph":[{"@type":"WebSite","@id":"https:\/\/franciscanos.org.br\/noticias\/#website","url":"https:\/\/franciscanos.org.br\/noticias\/","name":"Not\u00edcias - Franciscanos","description":"Prov\u00edncia Franciscana da Imaculada Concei\u00e7\u00e3o do Brasil - Ordem dos Frades Menores - OFM","potentialAction":[{"@type":"SearchAction","target":{"@type":"EntryPoint","urlTemplate":"https:\/\/franciscanos.org.br\/noticias\/?s={search_term_string}"},"query-input":"required name=search_term_string"}],"inLanguage":"pt-BR"},{"@type":"ImageObject","inLanguage":"pt-BR","@id":"https:\/\/franciscanos.org.br\/noticias\/na-solenidade-da-imaculada-conceicao-frei-marcelo-e-os-membros-da-ofs-frei-galvao-de-pato-branco-renovam-os-seus-votos.html#primaryimage","url":"https:\/\/franciscanos.org.br\/noticias\/wp-content\/uploads\/2022\/12\/marcelo_03.jpg","contentUrl":"https:\/\/franciscanos.org.br\/noticias\/wp-content\/uploads\/2022\/12\/marcelo_03.jpg","width":1280,"height":720},{"@type":"WebPage","@id":"https:\/\/franciscanos.org.br\/noticias\/na-solenidade-da-imaculada-conceicao-frei-marcelo-e-os-membros-da-ofs-frei-galvao-de-pato-branco-renovam-os-seus-votos.html#webpage","url":"https:\/\/franciscanos.org.br\/noticias\/na-solenidade-da-imaculada-conceicao-frei-marcelo-e-os-membros-da-ofs-frei-galvao-de-pato-branco-renovam-os-seus-votos.html","name":"Na Solenidade da Imaculada Concei\u00e7\u00e3o, Frei Marcelo Tadeu renova os votos - Not\u00edcias - Franciscanos","isPartOf":{"@id":"https:\/\/franciscanos.org.br\/noticias\/#website"},"primaryImageOfPage":{"@id":"https:\/\/franciscanos.org.br\/noticias\/na-solenidade-da-imaculada-conceicao-frei-marcelo-e-os-membros-da-ofs-frei-galvao-de-pato-branco-renovam-os-seus-votos.html#primaryimage"},"datePublished":"2022-12-09T14:15:14+00:00","dateModified":"2022-12-09T14:18:27+00:00","author":{"@id":"https:\/\/franciscanos.org.br\/noticias\/#\/schema\/person\/b5c8cba458c330ccff548b056e95a5d4"},"breadcrumb":{"@id":"https:\/\/franciscanos.org.br\/noticias\/na-solenidade-da-imaculada-conceicao-frei-marcelo-e-os-membros-da-ofs-frei-galvao-de-pato-branco-renovam-os-seus-votos.html#breadcrumb"},"inLanguage":"pt-BR","potentialAction":[{"@type":"ReadAction","target":["https:\/\/franciscanos.org.br\/noticias\/na-solenidade-da-imaculada-conceicao-frei-marcelo-e-os-membros-da-ofs-frei-galvao-de-pato-branco-renovam-os-seus-votos.html"]}]},{"@type":"BreadcrumbList","@id":"https:\/\/franciscanos.org.br\/noticias\/na-solenidade-da-imaculada-conceicao-frei-marcelo-e-os-membros-da-ofs-frei-galvao-de-pato-branco-renovam-os-seus-votos.html#breadcrumb","itemListElement":[{"@type":"ListItem","position":1,"name":"Home","item":"https:\/\/franciscanos.org.br\/noticias"},{"@type":"ListItem","position":2,"name":"Na Solenidade da Imaculada Concei\u00e7\u00e3o, Frei Marcelo Tadeu renova os votos"}]},{"@type":"Person","@id":"https:\/\/franciscanos.org.br\/noticias\/#\/schema\/person\/b5c8cba458c330ccff548b056e95a5d4","name":"moacir","image":{"@type":"ImageObject","inLanguage":"pt-BR","@id":"https:\/\/franciscanos.org.br\/noticias\/#\/schema\/person\/image\/","url":"https:\/\/secure.gravatar.com\/avatar\/d08aa2ce4c8dd416d4479aa8536fcf64?s=96&d=mm&r=g","contentUrl":"https:\/\/secure.gravatar.com\/avatar\/d08aa2ce4c8dd416d4479aa8536fcf64?s=96&d=mm&r=g","caption":"moacir"},"url":"https:\/\/franciscanos.org.br\/noticias\/author\/moacir"}]}},"_links":{"self":[{"href":"https:\/\/franciscanos.org.br\/noticias\/wp-json\/wp\/v2\/posts\/241287"}],"collection":[{"href":"https:\/\/franciscanos.org.br\/noticias\/wp-json\/wp\/v2\/posts"}],"about":[{"href":"https:\/\/franciscanos.org.br\/noticias\/wp-json\/wp\/v2\/types\/post"}],"author":[{"embeddable":true,"href":"https:\/\/franciscanos.org.br\/noticias\/wp-json\/wp\/v2\/users\/3"}],"replies":[{"embeddable":true,"href":"https:\/\/franciscanos.org.br\/noticias\/wp-json\/wp\/v2\/comments?post=241287"}],"version-history":[{"count":3,"href":"https:\/\/franciscanos.org.br\/noticias\/wp-json\/wp\/v2\/posts\/241287\/revisions"}],"predecessor-version":[{"id":241293,"href":"https:\/\/franciscanos.org.br\/noticias\/wp-json\/wp\/v2\/posts\/241287\/revisions\/241293"}],"wp:featuredmedia":[{"embeddable":true,"href":"https:\/\/franciscanos.org.br\/noticias\/wp-json\/wp\/v2\/media\/241288"}],"wp:attachment":[{"href":"https:\/\/franciscanos.org.br\/noticias\/wp-json\/wp\/v2\/media?parent=241287"}],"wp:term":[{"taxonomy":"category","embeddable":true,"href":"https:\/\/franciscanos.org.br\/noticias\/wp-json\/wp\/v2\/categories?post=241287"},{"taxonomy":"post_tag","embeddable":true,"href":"https:\/\/franciscanos.org.br\/noticias\/wp-json\/wp\/v2\/tags?post=241287"}],"curies":[{"name":"wp","href":"https:\/\/api.w.org\/{rel}","templated":true}]}}