{"id":241260,"date":"2022-12-09T05:31:23","date_gmt":"2022-12-09T08:31:23","guid":{"rendered":"https:\/\/franciscanos.org.br\/noticias\/?p=241260"},"modified":"2022-12-09T05:31:23","modified_gmt":"2022-12-09T08:31:23","slug":"frei-josielio-renova-os-votos-na-comunidade-nossa-senhora-auxiliadora","status":"publish","type":"post","link":"https:\/\/franciscanos.org.br\/noticias\/frei-josielio-renova-os-votos-na-comunidade-nossa-senhora-auxiliadora.html","title":{"rendered":"Frei Josi\u00e9lio renova os votos na Comunidade Nossa Senhora Auxiliadora"},"content":{"rendered":"<p><img loading=\"lazy\" class=\"alignnone size-full wp-image-241261\" src=\"https:\/\/franciscanos.org.br\/noticias\/wp-content\/uploads\/2022\/12\/josielio_02.jpg\" alt=\"\" width=\"1280\" height=\"720\" srcset=\"https:\/\/franciscanos.org.br\/noticias\/wp-content\/uploads\/2022\/12\/josielio_02.jpg 1280w, https:\/\/franciscanos.org.br\/noticias\/wp-content\/uploads\/2022\/12\/josielio_02-450x253.jpg 450w, https:\/\/franciscanos.org.br\/noticias\/wp-content\/uploads\/2022\/12\/josielio_02-1024x576.jpg 1024w, https:\/\/franciscanos.org.br\/noticias\/wp-content\/uploads\/2022\/12\/josielio_02-768x432.jpg 768w, https:\/\/franciscanos.org.br\/noticias\/wp-content\/uploads\/2022\/12\/josielio_02-150x84.jpg 150w\" sizes=\"(max-width: 1280px) 100vw, 1280px\" \/><\/p>\n<p><strong>Colatina (ES)<\/strong> &#8211; Na noite do dia 8 de dezembro, a Par\u00f3quia Santa Clara de Assis, em Colatina (ES), celebrou a Solenidade da Imaculada Concei\u00e7\u00e3o com seus fi\u00e9is. Diante da alegria expressa nos olhares e sorrisos de todos, reverenciamos a M\u00e3e de Deus e nossa em um dia especial para o povo e para a Prov\u00edncia Franciscana da Imaculada Concei\u00e7\u00e3o. A celebra\u00e7\u00e3o, ocorrida na Comunidade Nossa Senhora Auxiliadora, a igreja mais antiga de Colatina, trouxe presente a espiritualidade franciscana e o zelo e devo\u00e7\u00e3o \u00e0 Virgem Imaculada.<\/p>\n<p>Nessa mesma alegria, a Fraternidade presente nesta par\u00f3quia celebrou o rito de renova\u00e7\u00e3o dos votos de Frei Josi\u00e9lio Oliveira, OFM, pedindo a Maria que neste dia consagrado a ela, tamb\u00e9m ela fosse a guia e protetora na caminhada de Frei Josielio. A celebra\u00e7\u00e3o tornou-se ainda mais especial porque, al\u00e9m de celebrarmos a Padroeira da Prov\u00edncia, o povo se colocou em escuta atenta ao compromisso assumido por ele por mais um ano diante deles, de viver em castidade, obedi\u00eancia e sem nada de pr\u00f3prio.<\/p>\n<p><img loading=\"lazy\" class=\"alignnone size-full wp-image-241262\" src=\"https:\/\/franciscanos.org.br\/noticias\/wp-content\/uploads\/2022\/12\/josielio_04.jpg\" alt=\"\" width=\"960\" height=\"1004\" srcset=\"https:\/\/franciscanos.org.br\/noticias\/wp-content\/uploads\/2022\/12\/josielio_04.jpg 960w, https:\/\/franciscanos.org.br\/noticias\/wp-content\/uploads\/2022\/12\/josielio_04-430x450.jpg 430w, https:\/\/franciscanos.org.br\/noticias\/wp-content\/uploads\/2022\/12\/josielio_04-768x803.jpg 768w, https:\/\/franciscanos.org.br\/noticias\/wp-content\/uploads\/2022\/12\/josielio_04-150x157.jpg 150w\" sizes=\"(max-width: 960px) 100vw, 960px\" \/><\/p>\n<p>Frei Josi\u00e9lio, em um breve agradecimento, destacou rapidamente que os votos renovados s\u00e3o um compromisso diante de Deus, que o chamou ao servi\u00e7o, e diante dos Anjos e Santos e de Maria, o que se torna mais especial quando se recorda que sua caminhada est\u00e1 segura, sobre a poderosa prote\u00e7\u00e3o da Imaculada. Recordou tamb\u00e9m que no dia 8 de dezembro de 1991, nesse mesmo dia, recebia seu batismo em sua comunidade de origem, o Santu\u00e1rio do Imaculado Cora\u00e7\u00e3o de Maria, em Vinh\u00e1tico, Montanha (ES). Disse ainda que essa M\u00e3e (Maria) tem suas maneiras de acompanh\u00e1-lo e ampar\u00e1-lo sempre que preciso, desde o in\u00edcio de sua caminhada como crist\u00e3o, no batismo e em sua especial devo\u00e7\u00e3o a ela, aprendida e moldada dia a dia em sua caminhada. Agradeceu tamb\u00e9m ao povo reunido, pelo tempo de aprendizado e acolhida na par\u00f3quia e pelo exemplo de f\u00e9, esperan\u00e7a e caridade que eles demonstraram nesse tempo de ano pastoral. Pediu a ora\u00e7\u00e3o de todos eles a cada dia, por ele e pelos irm\u00e3os de caminhada.<\/p>\n\n\t\t<style type=\"text\/css\">\n\t\t\t#gallery-1 {\n\t\t\t\tmargin: auto;\n\t\t\t}\n\t\t\t#gallery-1 .gallery-item {\n\t\t\t\tfloat: left;\n\t\t\t\tmargin-top: 10px;\n\t\t\t\ttext-align: center;\n\t\t\t\twidth: 33%;\n\t\t\t}\n\t\t\t#gallery-1 img {\n\t\t\t\tborder: 2px solid #cfcfcf;\n\t\t\t}\n\t\t\t#gallery-1 .gallery-caption {\n\t\t\t\tmargin-left: 0;\n\t\t\t}\n\t\t\t\/* see gallery_shortcode() in wp-includes\/media.php *\/\n\t\t<\/style>\n\t\t<div id='gallery-1' class='gallery galleryid-241260 gallery-columns-3 gallery-size-thumbnail'><dl class='gallery-item'>\n\t\t\t<dt class='gallery-icon landscape'>\n\t\t\t\t<a href='https:\/\/franciscanos.org.br\/noticias\/wp-content\/uploads\/2022\/12\/josielio_05.jpg'><img width=\"300\" height=\"300\" src=\"https:\/\/franciscanos.org.br\/noticias\/wp-content\/uploads\/2022\/12\/josielio_05-300x300.jpg\" class=\"attachment-thumbnail size-thumbnail\" alt=\"\" loading=\"lazy\" srcset=\"https:\/\/franciscanos.org.br\/noticias\/wp-content\/uploads\/2022\/12\/josielio_05-300x300.jpg 300w, https:\/\/franciscanos.org.br\/noticias\/wp-content\/uploads\/2022\/12\/josielio_05-100x100.jpg 100w\" sizes=\"(max-width: 300px) 100vw, 300px\" \/><\/a>\n\t\t\t<\/dt><\/dl><dl class='gallery-item'>\n\t\t\t<dt class='gallery-icon landscape'>\n\t\t\t\t<a href='https:\/\/franciscanos.org.br\/noticias\/wp-content\/uploads\/2022\/12\/josielio_06.jpg'><img width=\"300\" height=\"300\" src=\"https:\/\/franciscanos.org.br\/noticias\/wp-content\/uploads\/2022\/12\/josielio_06-300x300.jpg\" class=\"attachment-thumbnail size-thumbnail\" alt=\"\" loading=\"lazy\" srcset=\"https:\/\/franciscanos.org.br\/noticias\/wp-content\/uploads\/2022\/12\/josielio_06-300x300.jpg 300w, https:\/\/franciscanos.org.br\/noticias\/wp-content\/uploads\/2022\/12\/josielio_06-100x100.jpg 100w\" sizes=\"(max-width: 300px) 100vw, 300px\" \/><\/a>\n\t\t\t<\/dt><\/dl><dl class='gallery-item'>\n\t\t\t<dt class='gallery-icon landscape'>\n\t\t\t\t<a href='https:\/\/franciscanos.org.br\/noticias\/wp-content\/uploads\/2022\/12\/josielio_07.jpg'><img width=\"300\" height=\"300\" src=\"https:\/\/franciscanos.org.br\/noticias\/wp-content\/uploads\/2022\/12\/josielio_07-300x300.jpg\" class=\"attachment-thumbnail size-thumbnail\" alt=\"\" loading=\"lazy\" srcset=\"https:\/\/franciscanos.org.br\/noticias\/wp-content\/uploads\/2022\/12\/josielio_07-300x300.jpg 300w, https:\/\/franciscanos.org.br\/noticias\/wp-content\/uploads\/2022\/12\/josielio_07-100x100.jpg 100w\" sizes=\"(max-width: 300px) 100vw, 300px\" \/><\/a>\n\t\t\t<\/dt><\/dl><br style=\"clear: both\" \/>\n\t\t<\/div>\n\n<p><em>\u00a0 \u00a0 \u00a0 \u00a0 \u00a0 (toque nas imagens acima para ampli\u00e1-las)<\/em><\/p>\n<p>Ap\u00f3s o rito de renova\u00e7\u00e3o de votos, os cantores entoaram o c\u00e2ntico \u201cQuando o Fogo do Amor Ardeu no Peito\u201d, relembrando a Frei Josi\u00e9lio e aos presentes, que o exemplo de caminhada \u00e9 o Cristo Pobre e Crucificado, tendo Francisco de Assis e a Imaculada M\u00e3e de Deus como exemplo de dedica\u00e7\u00e3o e servi\u00e7o. O momento de ora\u00e7\u00e3o e devo\u00e7\u00e3o terminou com grande alegria e gratid\u00e3o do povo e dos frades, com um lanche partilhado, oferecido pela Comunidade de Nossa Senhora Auxiliadora, que assim como outras tr\u00eas comunidades, teve Frei Josi\u00e9lio \u00e0 frente dos trabalhos pastorais.<\/p>\n<hr \/>\n<p><em>Maria J\u00falia Lyrio, pela Par\u00f3quia Santa Clara<\/em><\/p>\n","protected":false},"excerpt":{"rendered":"<p>Renova\u00e7\u00e3o dos Votos<\/p>\n","protected":false},"author":3,"featured_media":241261,"comment_status":"open","ping_status":"open","sticky":false,"template":"","format":"standard","meta":[],"categories":[1],"tags":[1152],"acf":[],"yoast_head":"<!-- This site is optimized with the Yoast SEO plugin v19.2 - https:\/\/yoast.com\/wordpress\/plugins\/seo\/ -->\n<title>Frei Josi\u00e9lio renova os votos na Comunidade Nossa Senhora Auxiliadora - Not\u00edcias - Franciscanos<\/title>\n<meta name=\"robots\" content=\"index, follow, max-snippet:-1, max-image-preview:large, max-video-preview:-1\" \/>\n<link rel=\"canonical\" href=\"https:\/\/franciscanos.org.br\/noticias\/frei-josielio-renova-os-votos-na-comunidade-nossa-senhora-auxiliadora.html\" \/>\n<meta property=\"og:locale\" content=\"pt_BR\" \/>\n<meta property=\"og:type\" content=\"article\" \/>\n<meta property=\"og:title\" content=\"Frei Josi\u00e9lio renova os votos na Comunidade Nossa Senhora Auxiliadora - Not\u00edcias - Franciscanos\" \/>\n<meta property=\"og:description\" content=\"Renova\u00e7\u00e3o dos Votos\" \/>\n<meta property=\"og:url\" content=\"https:\/\/franciscanos.org.br\/noticias\/frei-josielio-renova-os-votos-na-comunidade-nossa-senhora-auxiliadora.html\" \/>\n<meta property=\"og:site_name\" content=\"Not\u00edcias - Franciscanos\" \/>\n<meta property=\"article:published_time\" content=\"2022-12-09T08:31:23+00:00\" \/>\n<meta property=\"og:image\" content=\"https:\/\/franciscanos.org.br\/noticias\/wp-content\/uploads\/2022\/12\/josielio_02.jpg\" \/>\n\t<meta property=\"og:image:width\" content=\"1280\" \/>\n\t<meta property=\"og:image:height\" content=\"720\" \/>\n\t<meta property=\"og:image:type\" content=\"image\/jpeg\" \/>\n<meta name=\"author\" content=\"moacir\" \/>\n<meta name=\"twitter:card\" content=\"summary_large_image\" \/>\n<meta name=\"twitter:label1\" content=\"Escrito por\" \/>\n\t<meta name=\"twitter:data1\" content=\"moacir\" \/>\n\t<meta name=\"twitter:label2\" content=\"Est. tempo de leitura\" \/>\n\t<meta name=\"twitter:data2\" content=\"2 minutos\" \/>\n<script type=\"application\/ld+json\" class=\"yoast-schema-graph\">{\"@context\":\"https:\/\/schema.org\",\"@graph\":[{\"@type\":\"WebSite\",\"@id\":\"https:\/\/franciscanos.org.br\/noticias\/#website\",\"url\":\"https:\/\/franciscanos.org.br\/noticias\/\",\"name\":\"Not\u00edcias - Franciscanos\",\"description\":\"Prov\u00edncia Franciscana da Imaculada Concei\u00e7\u00e3o do Brasil - Ordem dos Frades Menores - OFM\",\"potentialAction\":[{\"@type\":\"SearchAction\",\"target\":{\"@type\":\"EntryPoint\",\"urlTemplate\":\"https:\/\/franciscanos.org.br\/noticias\/?s={search_term_string}\"},\"query-input\":\"required name=search_term_string\"}],\"inLanguage\":\"pt-BR\"},{\"@type\":\"ImageObject\",\"inLanguage\":\"pt-BR\",\"@id\":\"https:\/\/franciscanos.org.br\/noticias\/frei-josielio-renova-os-votos-na-comunidade-nossa-senhora-auxiliadora.html#primaryimage\",\"url\":\"https:\/\/franciscanos.org.br\/noticias\/wp-content\/uploads\/2022\/12\/josielio_02.jpg\",\"contentUrl\":\"https:\/\/franciscanos.org.br\/noticias\/wp-content\/uploads\/2022\/12\/josielio_02.jpg\",\"width\":1280,\"height\":720},{\"@type\":\"WebPage\",\"@id\":\"https:\/\/franciscanos.org.br\/noticias\/frei-josielio-renova-os-votos-na-comunidade-nossa-senhora-auxiliadora.html#webpage\",\"url\":\"https:\/\/franciscanos.org.br\/noticias\/frei-josielio-renova-os-votos-na-comunidade-nossa-senhora-auxiliadora.html\",\"name\":\"Frei Josi\u00e9lio renova os votos na Comunidade Nossa Senhora Auxiliadora - Not\u00edcias - Franciscanos\",\"isPartOf\":{\"@id\":\"https:\/\/franciscanos.org.br\/noticias\/#website\"},\"primaryImageOfPage\":{\"@id\":\"https:\/\/franciscanos.org.br\/noticias\/frei-josielio-renova-os-votos-na-comunidade-nossa-senhora-auxiliadora.html#primaryimage\"},\"datePublished\":\"2022-12-09T08:31:23+00:00\",\"dateModified\":\"2022-12-09T08:31:23+00:00\",\"author\":{\"@id\":\"https:\/\/franciscanos.org.br\/noticias\/#\/schema\/person\/b5c8cba458c330ccff548b056e95a5d4\"},\"breadcrumb\":{\"@id\":\"https:\/\/franciscanos.org.br\/noticias\/frei-josielio-renova-os-votos-na-comunidade-nossa-senhora-auxiliadora.html#breadcrumb\"},\"inLanguage\":\"pt-BR\",\"potentialAction\":[{\"@type\":\"ReadAction\",\"target\":[\"https:\/\/franciscanos.org.br\/noticias\/frei-josielio-renova-os-votos-na-comunidade-nossa-senhora-auxiliadora.html\"]}]},{\"@type\":\"BreadcrumbList\",\"@id\":\"https:\/\/franciscanos.org.br\/noticias\/frei-josielio-renova-os-votos-na-comunidade-nossa-senhora-auxiliadora.html#breadcrumb\",\"itemListElement\":[{\"@type\":\"ListItem\",\"position\":1,\"name\":\"Home\",\"item\":\"https:\/\/franciscanos.org.br\/noticias\"},{\"@type\":\"ListItem\",\"position\":2,\"name\":\"Frei Josi\u00e9lio renova os votos na Comunidade Nossa Senhora Auxiliadora\"}]},{\"@type\":\"Person\",\"@id\":\"https:\/\/franciscanos.org.br\/noticias\/#\/schema\/person\/b5c8cba458c330ccff548b056e95a5d4\",\"name\":\"moacir\",\"image\":{\"@type\":\"ImageObject\",\"inLanguage\":\"pt-BR\",\"@id\":\"https:\/\/franciscanos.org.br\/noticias\/#\/schema\/person\/image\/\",\"url\":\"https:\/\/secure.gravatar.com\/avatar\/d08aa2ce4c8dd416d4479aa8536fcf64?s=96&d=mm&r=g\",\"contentUrl\":\"https:\/\/secure.gravatar.com\/avatar\/d08aa2ce4c8dd416d4479aa8536fcf64?s=96&d=mm&r=g\",\"caption\":\"moacir\"},\"url\":\"https:\/\/franciscanos.org.br\/noticias\/author\/moacir\"}]}<\/script>\n<!-- \/ Yoast SEO plugin. -->","yoast_head_json":{"title":"Frei Josi\u00e9lio renova os votos na Comunidade Nossa Senhora Auxiliadora - Not\u00edcias - Franciscanos","robots":{"index":"index","follow":"follow","max-snippet":"max-snippet:-1","max-image-preview":"max-image-preview:large","max-video-preview":"max-video-preview:-1"},"canonical":"https:\/\/franciscanos.org.br\/noticias\/frei-josielio-renova-os-votos-na-comunidade-nossa-senhora-auxiliadora.html","og_locale":"pt_BR","og_type":"article","og_title":"Frei Josi\u00e9lio renova os votos na Comunidade Nossa Senhora Auxiliadora - Not\u00edcias - Franciscanos","og_description":"Renova\u00e7\u00e3o dos Votos","og_url":"https:\/\/franciscanos.org.br\/noticias\/frei-josielio-renova-os-votos-na-comunidade-nossa-senhora-auxiliadora.html","og_site_name":"Not\u00edcias - Franciscanos","article_published_time":"2022-12-09T08:31:23+00:00","og_image":[{"width":1280,"height":720,"url":"https:\/\/franciscanos.org.br\/noticias\/wp-content\/uploads\/2022\/12\/josielio_02.jpg","type":"image\/jpeg"}],"author":"moacir","twitter_card":"summary_large_image","twitter_misc":{"Escrito por":"moacir","Est. tempo de leitura":"2 minutos"},"schema":{"@context":"https:\/\/schema.org","@graph":[{"@type":"WebSite","@id":"https:\/\/franciscanos.org.br\/noticias\/#website","url":"https:\/\/franciscanos.org.br\/noticias\/","name":"Not\u00edcias - Franciscanos","description":"Prov\u00edncia Franciscana da Imaculada Concei\u00e7\u00e3o do Brasil - Ordem dos Frades Menores - OFM","potentialAction":[{"@type":"SearchAction","target":{"@type":"EntryPoint","urlTemplate":"https:\/\/franciscanos.org.br\/noticias\/?s={search_term_string}"},"query-input":"required name=search_term_string"}],"inLanguage":"pt-BR"},{"@type":"ImageObject","inLanguage":"pt-BR","@id":"https:\/\/franciscanos.org.br\/noticias\/frei-josielio-renova-os-votos-na-comunidade-nossa-senhora-auxiliadora.html#primaryimage","url":"https:\/\/franciscanos.org.br\/noticias\/wp-content\/uploads\/2022\/12\/josielio_02.jpg","contentUrl":"https:\/\/franciscanos.org.br\/noticias\/wp-content\/uploads\/2022\/12\/josielio_02.jpg","width":1280,"height":720},{"@type":"WebPage","@id":"https:\/\/franciscanos.org.br\/noticias\/frei-josielio-renova-os-votos-na-comunidade-nossa-senhora-auxiliadora.html#webpage","url":"https:\/\/franciscanos.org.br\/noticias\/frei-josielio-renova-os-votos-na-comunidade-nossa-senhora-auxiliadora.html","name":"Frei Josi\u00e9lio renova os votos na Comunidade Nossa Senhora Auxiliadora - Not\u00edcias - Franciscanos","isPartOf":{"@id":"https:\/\/franciscanos.org.br\/noticias\/#website"},"primaryImageOfPage":{"@id":"https:\/\/franciscanos.org.br\/noticias\/frei-josielio-renova-os-votos-na-comunidade-nossa-senhora-auxiliadora.html#primaryimage"},"datePublished":"2022-12-09T08:31:23+00:00","dateModified":"2022-12-09T08:31:23+00:00","author":{"@id":"https:\/\/franciscanos.org.br\/noticias\/#\/schema\/person\/b5c8cba458c330ccff548b056e95a5d4"},"breadcrumb":{"@id":"https:\/\/franciscanos.org.br\/noticias\/frei-josielio-renova-os-votos-na-comunidade-nossa-senhora-auxiliadora.html#breadcrumb"},"inLanguage":"pt-BR","potentialAction":[{"@type":"ReadAction","target":["https:\/\/franciscanos.org.br\/noticias\/frei-josielio-renova-os-votos-na-comunidade-nossa-senhora-auxiliadora.html"]}]},{"@type":"BreadcrumbList","@id":"https:\/\/franciscanos.org.br\/noticias\/frei-josielio-renova-os-votos-na-comunidade-nossa-senhora-auxiliadora.html#breadcrumb","itemListElement":[{"@type":"ListItem","position":1,"name":"Home","item":"https:\/\/franciscanos.org.br\/noticias"},{"@type":"ListItem","position":2,"name":"Frei Josi\u00e9lio renova os votos na Comunidade Nossa Senhora Auxiliadora"}]},{"@type":"Person","@id":"https:\/\/franciscanos.org.br\/noticias\/#\/schema\/person\/b5c8cba458c330ccff548b056e95a5d4","name":"moacir","image":{"@type":"ImageObject","inLanguage":"pt-BR","@id":"https:\/\/franciscanos.org.br\/noticias\/#\/schema\/person\/image\/","url":"https:\/\/secure.gravatar.com\/avatar\/d08aa2ce4c8dd416d4479aa8536fcf64?s=96&d=mm&r=g","contentUrl":"https:\/\/secure.gravatar.com\/avatar\/d08aa2ce4c8dd416d4479aa8536fcf64?s=96&d=mm&r=g","caption":"moacir"},"url":"https:\/\/franciscanos.org.br\/noticias\/author\/moacir"}]}},"_links":{"self":[{"href":"https:\/\/franciscanos.org.br\/noticias\/wp-json\/wp\/v2\/posts\/241260"}],"collection":[{"href":"https:\/\/franciscanos.org.br\/noticias\/wp-json\/wp\/v2\/posts"}],"about":[{"href":"https:\/\/franciscanos.org.br\/noticias\/wp-json\/wp\/v2\/types\/post"}],"author":[{"embeddable":true,"href":"https:\/\/franciscanos.org.br\/noticias\/wp-json\/wp\/v2\/users\/3"}],"replies":[{"embeddable":true,"href":"https:\/\/franciscanos.org.br\/noticias\/wp-json\/wp\/v2\/comments?post=241260"}],"version-history":[{"count":1,"href":"https:\/\/franciscanos.org.br\/noticias\/wp-json\/wp\/v2\/posts\/241260\/revisions"}],"predecessor-version":[{"id":241266,"href":"https:\/\/franciscanos.org.br\/noticias\/wp-json\/wp\/v2\/posts\/241260\/revisions\/241266"}],"wp:featuredmedia":[{"embeddable":true,"href":"https:\/\/franciscanos.org.br\/noticias\/wp-json\/wp\/v2\/media\/241261"}],"wp:attachment":[{"href":"https:\/\/franciscanos.org.br\/noticias\/wp-json\/wp\/v2\/media?parent=241260"}],"wp:term":[{"taxonomy":"category","embeddable":true,"href":"https:\/\/franciscanos.org.br\/noticias\/wp-json\/wp\/v2\/categories?post=241260"},{"taxonomy":"post_tag","embeddable":true,"href":"https:\/\/franciscanos.org.br\/noticias\/wp-json\/wp\/v2\/tags?post=241260"}],"curies":[{"name":"wp","href":"https:\/\/api.w.org\/{rel}","templated":true}]}}