{"id":241240,"date":"2022-12-08T17:15:21","date_gmt":"2022-12-08T20:15:21","guid":{"rendered":"https:\/\/franciscanos.org.br\/noticias\/?p=241240"},"modified":"2022-12-08T23:38:41","modified_gmt":"2022-12-09T02:38:41","slug":"petropolis-a-exemplo-de-maria-frades-renovam-os-votos-e-confirmam-seu-sim","status":"publish","type":"post","link":"https:\/\/franciscanos.org.br\/noticias\/petropolis-a-exemplo-de-maria-frades-renovam-os-votos-e-confirmam-seu-sim.html","title":{"rendered":"Petr\u00f3polis: A exemplo de Maria, frades renovam os votos e confirmam seu \u201csim\u201d!"},"content":{"rendered":"<p><img loading=\"lazy\" class=\"alignnone wp-image-241242 size-full\" src=\"https:\/\/franciscanos.org.br\/noticias\/wp-content\/uploads\/2022\/12\/imaculada_081222_2.jpg\" alt=\"\" width=\"1280\" height=\"720\" srcset=\"https:\/\/franciscanos.org.br\/noticias\/wp-content\/uploads\/2022\/12\/imaculada_081222_2.jpg 1280w, https:\/\/franciscanos.org.br\/noticias\/wp-content\/uploads\/2022\/12\/imaculada_081222_2-450x253.jpg 450w, https:\/\/franciscanos.org.br\/noticias\/wp-content\/uploads\/2022\/12\/imaculada_081222_2-1024x576.jpg 1024w, https:\/\/franciscanos.org.br\/noticias\/wp-content\/uploads\/2022\/12\/imaculada_081222_2-768x432.jpg 768w, https:\/\/franciscanos.org.br\/noticias\/wp-content\/uploads\/2022\/12\/imaculada_081222_2-150x84.jpg 150w\" sizes=\"(max-width: 1280px) 100vw, 1280px\" \/><\/p>\n<p><b>Petr\u00f3polis (RJ) \u2013<\/b><span style=\"font-weight: 400;\"> Um misto de sentimentos envolveu a Fraternidade do Sagrado Cora\u00e7\u00e3o de Jesus, em Petr\u00f3polis (RJ), nesta quinta-feira (8\/12), Solenidade da Imaculada Concei\u00e7\u00e3o, padroeira da Prov\u00edncia da Imaculada Concei\u00e7\u00e3o do Brasil e da Ordem dos Frades Menores. Isso porque, na Celebra\u00e7\u00e3o Eucar\u00edstica das 10 horas, tr\u00eas jovens frades disseram novamente seu sim \u201ca Deus\u201d, assim como Maria o fez, e renovaram por mais um ano de suas vidas os conselhos evang\u00e9licos de obedi\u00eancia, sem nada de pr\u00f3prio e castidade.<\/span><\/p>\n<p><span style=\"font-weight: 400;\">O guardi\u00e3o Frei Jorge Paulo Schiavini, delegado do Ministro Provincial, Frei Paulo Roberto Pereira, que atualmente se encontra em Angola, acolheu a renova\u00e7\u00e3o de Frei Bruno Gon\u00e7alves Cez\u00e1rio, Frei Lucas de Moura Justino Souza e Frei Ruan Felipe Sguissardi. Durante a celebra\u00e7\u00e3o que tamb\u00e9m encerrou as atividades formativas do ano, em sintonia com toda a Igreja e a Prov\u00edncia, deu-se a abertura do Ano Vocacional Franciscano. O Coral dos Frades do Tempo da Teologia, sob reg\u00eancia de Frei Marcos Antonio de Andrade, animou a celebra\u00e7\u00e3o com os cantos lit\u00fargicos.<\/span><\/p>\n<p style=\"font-weight: 400;\"><img loading=\"lazy\" class=\"alignnone wp-image-241241 size-full\" src=\"https:\/\/franciscanos.org.br\/noticias\/wp-content\/uploads\/2022\/12\/imaculada_081222_1.jpg\" alt=\"\" width=\"1280\" height=\"720\" srcset=\"https:\/\/franciscanos.org.br\/noticias\/wp-content\/uploads\/2022\/12\/imaculada_081222_1.jpg 1280w, https:\/\/franciscanos.org.br\/noticias\/wp-content\/uploads\/2022\/12\/imaculada_081222_1-450x253.jpg 450w, https:\/\/franciscanos.org.br\/noticias\/wp-content\/uploads\/2022\/12\/imaculada_081222_1-1024x576.jpg 1024w, https:\/\/franciscanos.org.br\/noticias\/wp-content\/uploads\/2022\/12\/imaculada_081222_1-768x432.jpg 768w, https:\/\/franciscanos.org.br\/noticias\/wp-content\/uploads\/2022\/12\/imaculada_081222_1-150x84.jpg 150w\" sizes=\"(max-width: 1280px) 100vw, 1280px\" \/><\/p>\n<p><span style=\"font-weight: 400;\">Na homilia, Frei Jorge explicou que a liturgia do dia apresenta o mist\u00e9rio da celebra\u00e7\u00e3o da solenidade da Imaculada. Referindo-se \u00e0 primeira leitura, ressaltou que \u00e9 preciso ter coragem e confian\u00e7a para ir ao encontro de Deus. \u201cContemplamos em Maria Imaculada, uma nova Eva\u201d, frisou. Segundo o presidente da celebra\u00e7\u00e3o, Maria foi preparada para a grande miss\u00e3o do Sumo Criador, foi concebida sem pecado e escolhida para ser habita\u00e7\u00e3o de Deus. \u201cSomos chamados a n\u00e3o nos conformar com nossos pecados, mas sempre nos deixar iluminar pelo sonho de Deus para cada um de n\u00f3s\u201d, sublinhou.<\/span><\/p>\n<p><span style=\"font-weight: 400;\">\u201cNo Evangelho o anjo Gabriel visita\u00a0 Maria e prop\u00f5e a sua grande voca\u00e7\u00e3o: ser m\u00e3e do Salvador. Ela sentiu um certo receio em um primeiro momento, perguntou a Deus como isso se realizaria e depois, de fato, assumiu de todo cora\u00e7\u00e3o a sua miss\u00e3o. Maria assume a sua voca\u00e7\u00e3o de servi\u00e7o, por f\u00e9 e amor\u201d, disse.\u00a0<\/span><\/p>\n<p style=\"font-weight: 400;\"><img loading=\"lazy\" class=\"alignnone wp-image-241243 size-full\" src=\"https:\/\/franciscanos.org.br\/noticias\/wp-content\/uploads\/2022\/12\/imaculada_081222_3.jpg\" alt=\"\" width=\"1280\" height=\"720\" srcset=\"https:\/\/franciscanos.org.br\/noticias\/wp-content\/uploads\/2022\/12\/imaculada_081222_3.jpg 1280w, https:\/\/franciscanos.org.br\/noticias\/wp-content\/uploads\/2022\/12\/imaculada_081222_3-450x253.jpg 450w, https:\/\/franciscanos.org.br\/noticias\/wp-content\/uploads\/2022\/12\/imaculada_081222_3-1024x576.jpg 1024w, https:\/\/franciscanos.org.br\/noticias\/wp-content\/uploads\/2022\/12\/imaculada_081222_3-768x432.jpg 768w, https:\/\/franciscanos.org.br\/noticias\/wp-content\/uploads\/2022\/12\/imaculada_081222_3-150x84.jpg 150w\" sizes=\"(max-width: 1280px) 100vw, 1280px\" \/><\/p>\n\n\t\t<style type=\"text\/css\">\n\t\t\t#gallery-1 {\n\t\t\t\tmargin: auto;\n\t\t\t}\n\t\t\t#gallery-1 .gallery-item {\n\t\t\t\tfloat: left;\n\t\t\t\tmargin-top: 10px;\n\t\t\t\ttext-align: center;\n\t\t\t\twidth: 16%;\n\t\t\t}\n\t\t\t#gallery-1 img {\n\t\t\t\tborder: 2px solid #cfcfcf;\n\t\t\t}\n\t\t\t#gallery-1 .gallery-caption {\n\t\t\t\tmargin-left: 0;\n\t\t\t}\n\t\t\t\/* see gallery_shortcode() in wp-includes\/media.php *\/\n\t\t<\/style>\n\t\t<div id='gallery-1' class='gallery galleryid-241240 gallery-columns-6 gallery-size-thumbnail'><dl class='gallery-item'>\n\t\t\t<dt class='gallery-icon landscape'>\n\t\t\t\t<a href='https:\/\/franciscanos.org.br\/noticias\/wp-content\/uploads\/2022\/12\/imaculada_08122022_7845-Grande.jpeg'><img width=\"300\" height=\"300\" src=\"https:\/\/franciscanos.org.br\/noticias\/wp-content\/uploads\/2022\/12\/imaculada_08122022_7845-Grande-300x300.jpeg\" class=\"attachment-thumbnail size-thumbnail\" alt=\"\" loading=\"lazy\" srcset=\"https:\/\/franciscanos.org.br\/noticias\/wp-content\/uploads\/2022\/12\/imaculada_08122022_7845-Grande-300x300.jpeg 300w, https:\/\/franciscanos.org.br\/noticias\/wp-content\/uploads\/2022\/12\/imaculada_08122022_7845-Grande-100x100.jpeg 100w\" sizes=\"(max-width: 300px) 100vw, 300px\" \/><\/a>\n\t\t\t<\/dt><\/dl><dl class='gallery-item'>\n\t\t\t<dt class='gallery-icon landscape'>\n\t\t\t\t<a href='https:\/\/franciscanos.org.br\/noticias\/wp-content\/uploads\/2022\/12\/imaculada_08122022_7851-Grande.jpeg'><img width=\"300\" height=\"300\" src=\"https:\/\/franciscanos.org.br\/noticias\/wp-content\/uploads\/2022\/12\/imaculada_08122022_7851-Grande-300x300.jpeg\" class=\"attachment-thumbnail size-thumbnail\" alt=\"\" loading=\"lazy\" srcset=\"https:\/\/franciscanos.org.br\/noticias\/wp-content\/uploads\/2022\/12\/imaculada_08122022_7851-Grande-300x300.jpeg 300w, https:\/\/franciscanos.org.br\/noticias\/wp-content\/uploads\/2022\/12\/imaculada_08122022_7851-Grande-100x100.jpeg 100w\" sizes=\"(max-width: 300px) 100vw, 300px\" \/><\/a>\n\t\t\t<\/dt><\/dl><dl class='gallery-item'>\n\t\t\t<dt class='gallery-icon landscape'>\n\t\t\t\t<a href='https:\/\/franciscanos.org.br\/noticias\/wp-content\/uploads\/2022\/12\/imaculada_08122022_7858-Grande.jpeg'><img width=\"300\" height=\"300\" src=\"https:\/\/franciscanos.org.br\/noticias\/wp-content\/uploads\/2022\/12\/imaculada_08122022_7858-Grande-300x300.jpeg\" class=\"attachment-thumbnail size-thumbnail\" alt=\"\" loading=\"lazy\" srcset=\"https:\/\/franciscanos.org.br\/noticias\/wp-content\/uploads\/2022\/12\/imaculada_08122022_7858-Grande-300x300.jpeg 300w, https:\/\/franciscanos.org.br\/noticias\/wp-content\/uploads\/2022\/12\/imaculada_08122022_7858-Grande-100x100.jpeg 100w\" sizes=\"(max-width: 300px) 100vw, 300px\" \/><\/a>\n\t\t\t<\/dt><\/dl><dl class='gallery-item'>\n\t\t\t<dt class='gallery-icon landscape'>\n\t\t\t\t<a href='https:\/\/franciscanos.org.br\/noticias\/wp-content\/uploads\/2022\/12\/imaculada_08122022_7878-Grande.jpeg'><img width=\"300\" height=\"300\" src=\"https:\/\/franciscanos.org.br\/noticias\/wp-content\/uploads\/2022\/12\/imaculada_08122022_7878-Grande-300x300.jpeg\" class=\"attachment-thumbnail size-thumbnail\" alt=\"\" loading=\"lazy\" srcset=\"https:\/\/franciscanos.org.br\/noticias\/wp-content\/uploads\/2022\/12\/imaculada_08122022_7878-Grande-300x300.jpeg 300w, https:\/\/franciscanos.org.br\/noticias\/wp-content\/uploads\/2022\/12\/imaculada_08122022_7878-Grande-100x100.jpeg 100w\" sizes=\"(max-width: 300px) 100vw, 300px\" \/><\/a>\n\t\t\t<\/dt><\/dl><dl class='gallery-item'>\n\t\t\t<dt class='gallery-icon landscape'>\n\t\t\t\t<a href='https:\/\/franciscanos.org.br\/noticias\/wp-content\/uploads\/2022\/12\/imaculada_08122022_7886-Grande.jpeg'><img width=\"300\" height=\"300\" src=\"https:\/\/franciscanos.org.br\/noticias\/wp-content\/uploads\/2022\/12\/imaculada_08122022_7886-Grande-300x300.jpeg\" class=\"attachment-thumbnail size-thumbnail\" alt=\"\" loading=\"lazy\" srcset=\"https:\/\/franciscanos.org.br\/noticias\/wp-content\/uploads\/2022\/12\/imaculada_08122022_7886-Grande-300x300.jpeg 300w, https:\/\/franciscanos.org.br\/noticias\/wp-content\/uploads\/2022\/12\/imaculada_08122022_7886-Grande-100x100.jpeg 100w\" sizes=\"(max-width: 300px) 100vw, 300px\" \/><\/a>\n\t\t\t<\/dt><\/dl><dl class='gallery-item'>\n\t\t\t<dt class='gallery-icon landscape'>\n\t\t\t\t<a href='https:\/\/franciscanos.org.br\/noticias\/wp-content\/uploads\/2022\/12\/imaculada_08122022_7899-Grande.jpeg'><img width=\"300\" height=\"300\" src=\"https:\/\/franciscanos.org.br\/noticias\/wp-content\/uploads\/2022\/12\/imaculada_08122022_7899-Grande-300x300.jpeg\" class=\"attachment-thumbnail size-thumbnail\" alt=\"\" loading=\"lazy\" srcset=\"https:\/\/franciscanos.org.br\/noticias\/wp-content\/uploads\/2022\/12\/imaculada_08122022_7899-Grande-300x300.jpeg 300w, https:\/\/franciscanos.org.br\/noticias\/wp-content\/uploads\/2022\/12\/imaculada_08122022_7899-Grande-100x100.jpeg 100w\" sizes=\"(max-width: 300px) 100vw, 300px\" \/><\/a>\n\t\t\t<\/dt><\/dl><br style=\"clear: both\" \/>\n\t\t<\/div>\n\n<p><em>(clique nas imagens menores para ampli\u00e1-las)<\/em><\/p>\n<p><span style=\"font-weight: 400;\">Dirigindo-se aos jovens frades, pontuou: \u201cSomos desafiados em nossa voca\u00e7\u00e3o a sempre servir, do jeito de S\u00e3o Francisco. Pedimos sempre a ora\u00e7\u00e3o de todos para sermos fi\u00e9is. Somos chamados a viver essa gra\u00e7a de Deus, tendo Maria \u00e0 nossa frente como exemplo, buscando viver no amor, na f\u00e9, na paci\u00eancia, na humildade, para que assim, possamos realizar a vontade de Deus. \u201cQue Maria Sant\u00edssima seja sempre modelo e intercessora de todos no caminho do Evangelho\u201d, encerrou.<\/span><\/p>\n<p><span style=\"font-weight: 400;\">Ap\u00f3s a homilia, Frei Bruno, Frei Lucas e Frei Ruan foram chamados pelo mestre, Frei Marcos, e em voz alta manifestaram o desejo de renovar por mais um ano de suas vidas os votos religiosos. Depois se comprometeram dizendo: \u201cFa\u00e7o voto a Deus Pai santo e todo-poderoso de viver por mais um ano, em obedi\u00eancia, sem nada de pr\u00f3prio e em castidade, ao mesmo tempo prometo observar a Regra dos Frades Menores\u201d.<\/span><\/p>\n<p style=\"font-weight: 400;\"><img loading=\"lazy\" class=\"alignnone wp-image-241244 size-full\" src=\"https:\/\/franciscanos.org.br\/noticias\/wp-content\/uploads\/2022\/12\/imaculada_081222_4.jpg\" alt=\"\" width=\"1280\" height=\"720\" srcset=\"https:\/\/franciscanos.org.br\/noticias\/wp-content\/uploads\/2022\/12\/imaculada_081222_4.jpg 1280w, https:\/\/franciscanos.org.br\/noticias\/wp-content\/uploads\/2022\/12\/imaculada_081222_4-450x253.jpg 450w, https:\/\/franciscanos.org.br\/noticias\/wp-content\/uploads\/2022\/12\/imaculada_081222_4-1024x576.jpg 1024w, https:\/\/franciscanos.org.br\/noticias\/wp-content\/uploads\/2022\/12\/imaculada_081222_4-768x432.jpg 768w, https:\/\/franciscanos.org.br\/noticias\/wp-content\/uploads\/2022\/12\/imaculada_081222_4-150x84.jpg 150w\" sizes=\"(max-width: 1280px) 100vw, 1280px\" \/><\/p>\n<p><span style=\"font-weight: 400;\">Ap\u00f3s a liturgia eucar\u00edstica, Frei Gilberto da Silva, animador do SAV local, explicou que neste dia 8 de dezembro a Prov\u00edncia inaugura o Ano Vocacional Franciscano. Disse que o mesmo acontece na Prov\u00edncia da Imaculada. Por isso, convidou a todos a se dirigirem a Maria e consagrarem esse tempo de gra\u00e7a com a ora\u00e7\u00e3o da \u201cAve Maria\u201d. A celebra\u00e7\u00e3o encerrou com a solene b\u00ean\u00e7\u00e3o de S\u00e3o Francisco de Assis.<\/span><\/p>\n<div id=\"attachment_241245\" style=\"width: 1290px\" class=\"wp-caption alignnone\"><img aria-describedby=\"caption-attachment-241245\" loading=\"lazy\" class=\"wp-image-241245 size-full\" src=\"https:\/\/franciscanos.org.br\/noticias\/wp-content\/uploads\/2022\/12\/imaculada_081222_5.jpg\" alt=\"\" width=\"1280\" height=\"720\" srcset=\"https:\/\/franciscanos.org.br\/noticias\/wp-content\/uploads\/2022\/12\/imaculada_081222_5.jpg 1280w, https:\/\/franciscanos.org.br\/noticias\/wp-content\/uploads\/2022\/12\/imaculada_081222_5-450x253.jpg 450w, https:\/\/franciscanos.org.br\/noticias\/wp-content\/uploads\/2022\/12\/imaculada_081222_5-1024x576.jpg 1024w, https:\/\/franciscanos.org.br\/noticias\/wp-content\/uploads\/2022\/12\/imaculada_081222_5-768x432.jpg 768w, https:\/\/franciscanos.org.br\/noticias\/wp-content\/uploads\/2022\/12\/imaculada_081222_5-150x84.jpg 150w\" sizes=\"(max-width: 1280px) 100vw, 1280px\" \/><p id=\"caption-attachment-241245\" class=\"wp-caption-text\"><em>(Da esq. para dir.: Frei Jorge, Frei Gilberto, Frei Bruno, Frei Lucas, Frei Ruan e Frei Marcos)<\/em><\/p><\/div>\n<p style=\"font-weight: 400;\"><strong>RETIRO ANUAL EM TR\u00caS PALAVRAS: \u201cENCONTRAR\u201d, \u201cESCUTAR\u201d E \u201cDISCERNIR\u201d<\/strong><\/p>\n<p><span style=\"font-weight: 400;\">Entre os dias 5 a 7 de dezembro, os frades do Tempo da Teologia, acompanhados de Frei Gilberto da Silva, vice-mestre, fizeram o retiro anual na Fraternidade do Sagrado. O pregador convidado foi Frei Jos\u00e9 Ant\u00f4nio Cruz Duarte, da Fraternidade S\u00e3o Francisco de Assis, de Bragan\u00e7a Paulista (SP).<\/span><\/p>\n<p><span style=\"font-weight: 400;\">Frei Jos\u00e9 dividiu suas reflex\u00f5es para os tr\u00eas dias em tr\u00eas palavras: \u201cEncontrar\u201d, \u201cEscutar\u201d e \u201cDiscernir\u201d, tendo como base a \u201cHomilia de abertura do S\u00ednodo dos Bispos 2021, sobre a sinodalidade\u201d, mas n\u00e3o s\u00f3, outros textos do Papa Francisco iluminaram o retiro, assim como das Fontes Franciscanas e da Sagrada Escritura. Momentos de deserto e de Celebra\u00e7\u00f5es Eucar\u00edsticas marcaram tamb\u00e9m este tempo prop\u00edcio de ora\u00e7\u00e3o.<\/span><\/p>\n<p style=\"font-weight: 400;\"><img loading=\"lazy\" class=\"alignnone wp-image-241246 size-full\" src=\"https:\/\/franciscanos.org.br\/noticias\/wp-content\/uploads\/2022\/12\/imaculada_081222_6.jpg\" alt=\"\" width=\"1280\" height=\"720\" srcset=\"https:\/\/franciscanos.org.br\/noticias\/wp-content\/uploads\/2022\/12\/imaculada_081222_6.jpg 1280w, https:\/\/franciscanos.org.br\/noticias\/wp-content\/uploads\/2022\/12\/imaculada_081222_6-450x253.jpg 450w, https:\/\/franciscanos.org.br\/noticias\/wp-content\/uploads\/2022\/12\/imaculada_081222_6-1024x576.jpg 1024w, https:\/\/franciscanos.org.br\/noticias\/wp-content\/uploads\/2022\/12\/imaculada_081222_6-768x432.jpg 768w, https:\/\/franciscanos.org.br\/noticias\/wp-content\/uploads\/2022\/12\/imaculada_081222_6-150x84.jpg 150w\" sizes=\"(max-width: 1280px) 100vw, 1280px\" \/><\/p>\n<p><span style=\"font-weight: 400;\">Segundo Frei Jos\u00e9, a primeira palavra da homilia do Papa \u00e9 encontro, proveniente do Evangelho de Marcos, cap\u00edtulo 10. \u201cO Evangelho come\u00e7a narrando um encontro, que se realizou no caminho\u201d, disse. \u201cMas, \u00e9 preciso que n\u00e3o entendamos este encontro apenas como estrada ou caminho. Para o encontro, \u00e9 preciso ter tempo, disponibilidade e aten\u00e7\u00e3o\u201d, ressaltou.<\/span><\/p>\n<p><span style=\"font-weight: 400;\">Citando a homilia do Papa Francisco na Casa Santa Marta, do dia 13 de setembro de 2016, destacou: \u201cCriar uma cultura do encontro \u00e9 um ato simples. N\u00e3o \u00e9 s\u00f3 ouvir, mas, escutar. N\u00e3o \u00e9 s\u00f3 cruzar com as pessoas, mas deter-se, parar. Para ter uma cultura do encontro \u00e9 preciso abolir o fast food, para sentar-se e saborear\u201d, refletiu e sinalizou: \u201cAndar na mesma rua n\u00e3o quer dizer encontro. Deste modo, quem n\u00e3o olha, n\u00e3o para\u201d, frisou.<\/span><\/p>\n<p><span style=\"font-weight: 400;\">J\u00e1 sobre a palavra \u201cescutar\u201d, Frei Jos\u00e9 revelou que um verdadeiro encontro s\u00f3 pode nascer da escuta verdadeira, que brota do cora\u00e7\u00e3o. Para ele, &#8220;n\u00e3o d\u00e1 para escutar quando se est\u00e1 cheio de preconceitos, \u00e9 preciso di\u00e1logo!&#8221; Fazendo refer\u00eancia ao Papa Francisco, explicou que Jesus n\u00e3o tinha medo de parar e escutar. \u201cFalamos muito, fazemos muito e escutamos pouco\u201d, lamentou o pregador.<\/span><\/p>\n<p style=\"font-weight: 400;\"><img loading=\"lazy\" class=\"alignnone wp-image-241247 size-full\" src=\"https:\/\/franciscanos.org.br\/noticias\/wp-content\/uploads\/2022\/12\/imaculada_081222_7.jpg\" alt=\"\" width=\"1280\" height=\"720\" srcset=\"https:\/\/franciscanos.org.br\/noticias\/wp-content\/uploads\/2022\/12\/imaculada_081222_7.jpg 1280w, https:\/\/franciscanos.org.br\/noticias\/wp-content\/uploads\/2022\/12\/imaculada_081222_7-450x253.jpg 450w, https:\/\/franciscanos.org.br\/noticias\/wp-content\/uploads\/2022\/12\/imaculada_081222_7-1024x576.jpg 1024w, https:\/\/franciscanos.org.br\/noticias\/wp-content\/uploads\/2022\/12\/imaculada_081222_7-768x432.jpg 768w, https:\/\/franciscanos.org.br\/noticias\/wp-content\/uploads\/2022\/12\/imaculada_081222_7-150x84.jpg 150w\" sizes=\"(max-width: 1280px) 100vw, 1280px\" \/><\/p>\n<p><span style=\"font-weight: 400;\">Para refletir sobre a terceira palavra \u201cDiscernir\u201d, Frei Jos\u00e9 usou como apoio o Discurso do Papa Francisco para a Comiss\u00e3o Pontif\u00edcia para a Am\u00e9rica Latina. Para o frade, \u00e9 pr\u00f3prio dos jovens a utopia, por\u00e9m, de nada adianta se n\u00e3o tiver discernimento. \u201c\u00c9 preciso discernir os sinais dos tempos, s\u00f3 assim a utopia pode progredir\u201d, disse. \u201cO discernimento n\u00e3o \u00e9 a decis\u00e3o da maioria, mas \u00e9 o consenso. Portanto, discernimento \u00e9 um exerc\u00edcio de autoridade, de intelig\u00eancia, de per\u00edcia e de vontade\u201d, ensinou.\u00a0<\/span><\/p>\n<hr \/>\n<p><em><span style=\"font-weight: 400;\">Frei Augusto Luiz Gabriel (texto), Frei Andrei Nascimento dos Anjos (fotos)<\/span><\/em><\/p>\n","protected":false},"excerpt":{"rendered":"<p>Fraternidade do Sagrado Cora\u00e7\u00e3o de Jesus de Petr\u00f3polis<\/p>\n","protected":false},"author":5,"featured_media":241242,"comment_status":"open","ping_status":"open","sticky":false,"template":"","format":"standard","meta":[],"categories":[1],"tags":[1766,190,306,1152],"acf":[],"yoast_head":"<!-- This site is optimized with the Yoast SEO plugin v19.2 - https:\/\/yoast.com\/wordpress\/plugins\/seo\/ -->\n<title>Petr\u00f3polis: A exemplo de Maria, frades renovam os votos e confirmam seu \u201csim\u201d! - Not\u00edcias - Franciscanos<\/title>\n<meta name=\"robots\" content=\"index, follow, max-snippet:-1, max-image-preview:large, max-video-preview:-1\" \/>\n<link rel=\"canonical\" href=\"https:\/\/franciscanos.org.br\/noticias\/petropolis-a-exemplo-de-maria-frades-renovam-os-votos-e-confirmam-seu-sim.html\" \/>\n<meta property=\"og:locale\" content=\"pt_BR\" \/>\n<meta property=\"og:type\" content=\"article\" \/>\n<meta property=\"og:title\" content=\"Petr\u00f3polis: A exemplo de Maria, frades renovam os votos e confirmam seu \u201csim\u201d! - Not\u00edcias - Franciscanos\" \/>\n<meta property=\"og:description\" content=\"Fraternidade do Sagrado Cora\u00e7\u00e3o de Jesus de Petr\u00f3polis\" \/>\n<meta property=\"og:url\" content=\"https:\/\/franciscanos.org.br\/noticias\/petropolis-a-exemplo-de-maria-frades-renovam-os-votos-e-confirmam-seu-sim.html\" \/>\n<meta property=\"og:site_name\" content=\"Not\u00edcias - Franciscanos\" \/>\n<meta property=\"article:published_time\" content=\"2022-12-08T20:15:21+00:00\" \/>\n<meta property=\"article:modified_time\" content=\"2022-12-09T02:38:41+00:00\" \/>\n<meta property=\"og:image\" content=\"https:\/\/franciscanos.org.br\/noticias\/wp-content\/uploads\/2022\/12\/imaculada_081222_2.jpg\" \/>\n\t<meta property=\"og:image:width\" content=\"1280\" \/>\n\t<meta property=\"og:image:height\" content=\"720\" \/>\n\t<meta property=\"og:image:type\" content=\"image\/jpeg\" \/>\n<meta name=\"author\" content=\"freiaugusto\" \/>\n<meta name=\"twitter:card\" content=\"summary_large_image\" \/>\n<meta name=\"twitter:label1\" content=\"Escrito por\" \/>\n\t<meta name=\"twitter:data1\" content=\"freiaugusto\" \/>\n\t<meta name=\"twitter:label2\" content=\"Est. tempo de leitura\" \/>\n\t<meta name=\"twitter:data2\" content=\"5 minutos\" \/>\n<script type=\"application\/ld+json\" class=\"yoast-schema-graph\">{\"@context\":\"https:\/\/schema.org\",\"@graph\":[{\"@type\":\"WebSite\",\"@id\":\"https:\/\/franciscanos.org.br\/noticias\/#website\",\"url\":\"https:\/\/franciscanos.org.br\/noticias\/\",\"name\":\"Not\u00edcias - Franciscanos\",\"description\":\"Prov\u00edncia Franciscana da Imaculada Concei\u00e7\u00e3o do Brasil - Ordem dos Frades Menores - OFM\",\"potentialAction\":[{\"@type\":\"SearchAction\",\"target\":{\"@type\":\"EntryPoint\",\"urlTemplate\":\"https:\/\/franciscanos.org.br\/noticias\/?s={search_term_string}\"},\"query-input\":\"required name=search_term_string\"}],\"inLanguage\":\"pt-BR\"},{\"@type\":\"ImageObject\",\"inLanguage\":\"pt-BR\",\"@id\":\"https:\/\/franciscanos.org.br\/noticias\/petropolis-a-exemplo-de-maria-frades-renovam-os-votos-e-confirmam-seu-sim.html#primaryimage\",\"url\":\"https:\/\/franciscanos.org.br\/noticias\/wp-content\/uploads\/2022\/12\/imaculada_081222_2.jpg\",\"contentUrl\":\"https:\/\/franciscanos.org.br\/noticias\/wp-content\/uploads\/2022\/12\/imaculada_081222_2.jpg\",\"width\":1280,\"height\":720},{\"@type\":\"WebPage\",\"@id\":\"https:\/\/franciscanos.org.br\/noticias\/petropolis-a-exemplo-de-maria-frades-renovam-os-votos-e-confirmam-seu-sim.html#webpage\",\"url\":\"https:\/\/franciscanos.org.br\/noticias\/petropolis-a-exemplo-de-maria-frades-renovam-os-votos-e-confirmam-seu-sim.html\",\"name\":\"Petr\u00f3polis: A exemplo de Maria, frades renovam os votos e confirmam seu \u201csim\u201d! - Not\u00edcias - Franciscanos\",\"isPartOf\":{\"@id\":\"https:\/\/franciscanos.org.br\/noticias\/#website\"},\"primaryImageOfPage\":{\"@id\":\"https:\/\/franciscanos.org.br\/noticias\/petropolis-a-exemplo-de-maria-frades-renovam-os-votos-e-confirmam-seu-sim.html#primaryimage\"},\"datePublished\":\"2022-12-08T20:15:21+00:00\",\"dateModified\":\"2022-12-09T02:38:41+00:00\",\"author\":{\"@id\":\"https:\/\/franciscanos.org.br\/noticias\/#\/schema\/person\/37f88f0d111cd5358b12a6556a99eb91\"},\"breadcrumb\":{\"@id\":\"https:\/\/franciscanos.org.br\/noticias\/petropolis-a-exemplo-de-maria-frades-renovam-os-votos-e-confirmam-seu-sim.html#breadcrumb\"},\"inLanguage\":\"pt-BR\",\"potentialAction\":[{\"@type\":\"ReadAction\",\"target\":[\"https:\/\/franciscanos.org.br\/noticias\/petropolis-a-exemplo-de-maria-frades-renovam-os-votos-e-confirmam-seu-sim.html\"]}]},{\"@type\":\"BreadcrumbList\",\"@id\":\"https:\/\/franciscanos.org.br\/noticias\/petropolis-a-exemplo-de-maria-frades-renovam-os-votos-e-confirmam-seu-sim.html#breadcrumb\",\"itemListElement\":[{\"@type\":\"ListItem\",\"position\":1,\"name\":\"Home\",\"item\":\"https:\/\/franciscanos.org.br\/noticias\"},{\"@type\":\"ListItem\",\"position\":2,\"name\":\"Petr\u00f3polis: A exemplo de Maria, frades renovam os votos e confirmam seu \u201csim\u201d!\"}]},{\"@type\":\"Person\",\"@id\":\"https:\/\/franciscanos.org.br\/noticias\/#\/schema\/person\/37f88f0d111cd5358b12a6556a99eb91\",\"name\":\"freiaugusto\",\"image\":{\"@type\":\"ImageObject\",\"inLanguage\":\"pt-BR\",\"@id\":\"https:\/\/franciscanos.org.br\/noticias\/#\/schema\/person\/image\/\",\"url\":\"https:\/\/secure.gravatar.com\/avatar\/9840b940e621801b24f3e6b059efb4b7?s=96&d=mm&r=g\",\"contentUrl\":\"https:\/\/secure.gravatar.com\/avatar\/9840b940e621801b24f3e6b059efb4b7?s=96&d=mm&r=g\",\"caption\":\"freiaugusto\"},\"url\":\"https:\/\/franciscanos.org.br\/noticias\/author\/freiaugusto\"}]}<\/script>\n<!-- \/ Yoast SEO plugin. -->","yoast_head_json":{"title":"Petr\u00f3polis: A exemplo de Maria, frades renovam os votos e confirmam seu \u201csim\u201d! - Not\u00edcias - Franciscanos","robots":{"index":"index","follow":"follow","max-snippet":"max-snippet:-1","max-image-preview":"max-image-preview:large","max-video-preview":"max-video-preview:-1"},"canonical":"https:\/\/franciscanos.org.br\/noticias\/petropolis-a-exemplo-de-maria-frades-renovam-os-votos-e-confirmam-seu-sim.html","og_locale":"pt_BR","og_type":"article","og_title":"Petr\u00f3polis: A exemplo de Maria, frades renovam os votos e confirmam seu \u201csim\u201d! - Not\u00edcias - Franciscanos","og_description":"Fraternidade do Sagrado Cora\u00e7\u00e3o de Jesus de Petr\u00f3polis","og_url":"https:\/\/franciscanos.org.br\/noticias\/petropolis-a-exemplo-de-maria-frades-renovam-os-votos-e-confirmam-seu-sim.html","og_site_name":"Not\u00edcias - Franciscanos","article_published_time":"2022-12-08T20:15:21+00:00","article_modified_time":"2022-12-09T02:38:41+00:00","og_image":[{"width":1280,"height":720,"url":"https:\/\/franciscanos.org.br\/noticias\/wp-content\/uploads\/2022\/12\/imaculada_081222_2.jpg","type":"image\/jpeg"}],"author":"freiaugusto","twitter_card":"summary_large_image","twitter_misc":{"Escrito por":"freiaugusto","Est. tempo de leitura":"5 minutos"},"schema":{"@context":"https:\/\/schema.org","@graph":[{"@type":"WebSite","@id":"https:\/\/franciscanos.org.br\/noticias\/#website","url":"https:\/\/franciscanos.org.br\/noticias\/","name":"Not\u00edcias - Franciscanos","description":"Prov\u00edncia Franciscana da Imaculada Concei\u00e7\u00e3o do Brasil - Ordem dos Frades Menores - OFM","potentialAction":[{"@type":"SearchAction","target":{"@type":"EntryPoint","urlTemplate":"https:\/\/franciscanos.org.br\/noticias\/?s={search_term_string}"},"query-input":"required name=search_term_string"}],"inLanguage":"pt-BR"},{"@type":"ImageObject","inLanguage":"pt-BR","@id":"https:\/\/franciscanos.org.br\/noticias\/petropolis-a-exemplo-de-maria-frades-renovam-os-votos-e-confirmam-seu-sim.html#primaryimage","url":"https:\/\/franciscanos.org.br\/noticias\/wp-content\/uploads\/2022\/12\/imaculada_081222_2.jpg","contentUrl":"https:\/\/franciscanos.org.br\/noticias\/wp-content\/uploads\/2022\/12\/imaculada_081222_2.jpg","width":1280,"height":720},{"@type":"WebPage","@id":"https:\/\/franciscanos.org.br\/noticias\/petropolis-a-exemplo-de-maria-frades-renovam-os-votos-e-confirmam-seu-sim.html#webpage","url":"https:\/\/franciscanos.org.br\/noticias\/petropolis-a-exemplo-de-maria-frades-renovam-os-votos-e-confirmam-seu-sim.html","name":"Petr\u00f3polis: A exemplo de Maria, frades renovam os votos e confirmam seu \u201csim\u201d! - Not\u00edcias - Franciscanos","isPartOf":{"@id":"https:\/\/franciscanos.org.br\/noticias\/#website"},"primaryImageOfPage":{"@id":"https:\/\/franciscanos.org.br\/noticias\/petropolis-a-exemplo-de-maria-frades-renovam-os-votos-e-confirmam-seu-sim.html#primaryimage"},"datePublished":"2022-12-08T20:15:21+00:00","dateModified":"2022-12-09T02:38:41+00:00","author":{"@id":"https:\/\/franciscanos.org.br\/noticias\/#\/schema\/person\/37f88f0d111cd5358b12a6556a99eb91"},"breadcrumb":{"@id":"https:\/\/franciscanos.org.br\/noticias\/petropolis-a-exemplo-de-maria-frades-renovam-os-votos-e-confirmam-seu-sim.html#breadcrumb"},"inLanguage":"pt-BR","potentialAction":[{"@type":"ReadAction","target":["https:\/\/franciscanos.org.br\/noticias\/petropolis-a-exemplo-de-maria-frades-renovam-os-votos-e-confirmam-seu-sim.html"]}]},{"@type":"BreadcrumbList","@id":"https:\/\/franciscanos.org.br\/noticias\/petropolis-a-exemplo-de-maria-frades-renovam-os-votos-e-confirmam-seu-sim.html#breadcrumb","itemListElement":[{"@type":"ListItem","position":1,"name":"Home","item":"https:\/\/franciscanos.org.br\/noticias"},{"@type":"ListItem","position":2,"name":"Petr\u00f3polis: A exemplo de Maria, frades renovam os votos e confirmam seu \u201csim\u201d!"}]},{"@type":"Person","@id":"https:\/\/franciscanos.org.br\/noticias\/#\/schema\/person\/37f88f0d111cd5358b12a6556a99eb91","name":"freiaugusto","image":{"@type":"ImageObject","inLanguage":"pt-BR","@id":"https:\/\/franciscanos.org.br\/noticias\/#\/schema\/person\/image\/","url":"https:\/\/secure.gravatar.com\/avatar\/9840b940e621801b24f3e6b059efb4b7?s=96&d=mm&r=g","contentUrl":"https:\/\/secure.gravatar.com\/avatar\/9840b940e621801b24f3e6b059efb4b7?s=96&d=mm&r=g","caption":"freiaugusto"},"url":"https:\/\/franciscanos.org.br\/noticias\/author\/freiaugusto"}]}},"_links":{"self":[{"href":"https:\/\/franciscanos.org.br\/noticias\/wp-json\/wp\/v2\/posts\/241240"}],"collection":[{"href":"https:\/\/franciscanos.org.br\/noticias\/wp-json\/wp\/v2\/posts"}],"about":[{"href":"https:\/\/franciscanos.org.br\/noticias\/wp-json\/wp\/v2\/types\/post"}],"author":[{"embeddable":true,"href":"https:\/\/franciscanos.org.br\/noticias\/wp-json\/wp\/v2\/users\/5"}],"replies":[{"embeddable":true,"href":"https:\/\/franciscanos.org.br\/noticias\/wp-json\/wp\/v2\/comments?post=241240"}],"version-history":[{"count":5,"href":"https:\/\/franciscanos.org.br\/noticias\/wp-json\/wp\/v2\/posts\/241240\/revisions"}],"predecessor-version":[{"id":241259,"href":"https:\/\/franciscanos.org.br\/noticias\/wp-json\/wp\/v2\/posts\/241240\/revisions\/241259"}],"wp:featuredmedia":[{"embeddable":true,"href":"https:\/\/franciscanos.org.br\/noticias\/wp-json\/wp\/v2\/media\/241242"}],"wp:attachment":[{"href":"https:\/\/franciscanos.org.br\/noticias\/wp-json\/wp\/v2\/media?parent=241240"}],"wp:term":[{"taxonomy":"category","embeddable":true,"href":"https:\/\/franciscanos.org.br\/noticias\/wp-json\/wp\/v2\/categories?post=241240"},{"taxonomy":"post_tag","embeddable":true,"href":"https:\/\/franciscanos.org.br\/noticias\/wp-json\/wp\/v2\/tags?post=241240"}],"curies":[{"name":"wp","href":"https:\/\/api.w.org\/{rel}","templated":true}]}}