{"id":241234,"date":"2022-12-08T21:45:19","date_gmt":"2022-12-09T00:45:19","guid":{"rendered":"https:\/\/franciscanos.org.br\/noticias\/?p=241234"},"modified":"2022-12-08T21:45:19","modified_gmt":"2022-12-09T00:45:19","slug":"comecemos-irmaos-pois-ate-agora-pouco-ou-nada-fizemos","status":"publish","type":"post","link":"https:\/\/franciscanos.org.br\/noticias\/comecemos-irmaos-pois-ate-agora-pouco-ou-nada-fizemos.html","title":{"rendered":"\u201cComecemos, irm\u00e3os, pois at\u00e9 agora pouco ou nada fizemos\u201d"},"content":{"rendered":"<p><img loading=\"lazy\" class=\"alignnone size-full wp-image-241235\" src=\"https:\/\/franciscanos.org.br\/noticias\/wp-content\/uploads\/2022\/12\/rondinha_01.jpg\" alt=\"\" width=\"1280\" height=\"720\" srcset=\"https:\/\/franciscanos.org.br\/noticias\/wp-content\/uploads\/2022\/12\/rondinha_01.jpg 1280w, https:\/\/franciscanos.org.br\/noticias\/wp-content\/uploads\/2022\/12\/rondinha_01-450x253.jpg 450w, https:\/\/franciscanos.org.br\/noticias\/wp-content\/uploads\/2022\/12\/rondinha_01-1024x576.jpg 1024w, https:\/\/franciscanos.org.br\/noticias\/wp-content\/uploads\/2022\/12\/rondinha_01-768x432.jpg 768w, https:\/\/franciscanos.org.br\/noticias\/wp-content\/uploads\/2022\/12\/rondinha_01-150x84.jpg 150w\" sizes=\"(max-width: 1280px) 100vw, 1280px\" \/><\/p>\n<p>No dia 08 de dezembro, Solenidade da Imaculada Concei\u00e7\u00e3o, ocorreu a renova\u00e7\u00e3o dos votos dos frades de profiss\u00e3o tempor\u00e1ria da Fraternidade S\u00e3o Boaventura, em Campo Largo (PR).<\/p>\n<p>Este dia festivo principiou com a Fraternidade reunida na capela para solenemente celebrar as <em>Laudes.<\/em> Ap\u00f3s a ora\u00e7\u00e3o, os frades puderam desfrutar de um saboroso caf\u00e9 da manh\u00e3, preparado pelos confrades que exercem o servi\u00e7o fraterno na padaria. Terminado o caf\u00e9, iniciaram os preparativos para a Missa e acolhida daqueles que vieram celebrar no convento a Solenidade da Imaculada Concei\u00e7\u00e3o. Fizeram-se presentes na celebra\u00e7\u00e3o alguns confrades da Fraternidade Bom Jesus dos Perd\u00f5es e a Fraternidade Bom Jesus da Aldeia. A fraternidade das Irm\u00e3s Franciscanas de S\u00e3o Jos\u00e9 de Campo Largo tamb\u00e9m estiveram celebrando este dia solene com os frades.<\/p>\n<p><img loading=\"lazy\" class=\"alignnone size-full wp-image-241236\" src=\"https:\/\/franciscanos.org.br\/noticias\/wp-content\/uploads\/2022\/12\/rondinha_03.jpg\" alt=\"\" width=\"1280\" height=\"853\" srcset=\"https:\/\/franciscanos.org.br\/noticias\/wp-content\/uploads\/2022\/12\/rondinha_03.jpg 1280w, https:\/\/franciscanos.org.br\/noticias\/wp-content\/uploads\/2022\/12\/rondinha_03-450x300.jpg 450w, https:\/\/franciscanos.org.br\/noticias\/wp-content\/uploads\/2022\/12\/rondinha_03-1024x682.jpg 1024w, https:\/\/franciscanos.org.br\/noticias\/wp-content\/uploads\/2022\/12\/rondinha_03-768x512.jpg 768w, https:\/\/franciscanos.org.br\/noticias\/wp-content\/uploads\/2022\/12\/rondinha_03-150x100.jpg 150w\" sizes=\"(max-width: 1280px) 100vw, 1280px\" \/><\/p>\n<p>A Missa foi presidida por Frei Daniel Dellandrea, guardi\u00e3o da Fraternidade e representante do Ministro Provincial. Durante a celebra\u00e7\u00e3o, o frade, ressaltou que Maria ocupa um lugar de destaque e estrema import\u00e2ncia na Vida Consagrada. Por ser aquela que deu seu sim \u00e0 vontade de Deus, os frades devem espelhar-se na Virgem ao darem o seu sim para a vontade de Deus. Este sim dado por Maria, constantemente, deve questionar o sim que cada consagrado responde a Deus. Tamb\u00e9m, ressaltou uma outra nuance do sim de Maria: o servir. Maria coloca-se por inteira a servi\u00e7o de Deus, para servir a constru\u00e7\u00e3o do reino. O consagrado por excel\u00eancia \u00e9 aquele que serve, a Deus e aos irm\u00e3os. Portanto, a disponibilidade para servir deve estar no DNA do religioso.<\/p>\n<p>Ap\u00f3s a homilia, iniciou-se o momento da renova\u00e7\u00e3o dos votos. Frei Alexandre Magno Cordeiro da Silva, mestre, pelo nome chamou cada frade que iria renovar seus votos. Em seguida, deu-se a renova\u00e7\u00e3o da profiss\u00e3o em que os frades prometeram por mais um ano viverem em obedi\u00eancia, nem nada de pr\u00f3prio e em castidade observando a Regra de S\u00e3o Francisco de Assis. No fim da celebra\u00e7\u00e3o, Frei Daniel, agradeceu a Fraternidade pelo ano que se passou, pelos desafios que juntos enfrentaram, mas com o esp\u00edrito fraterno e o empenho de cada frade souberam enfrentar estes desafios. Al\u00e9m disso, agradeceu os confrades Frei Ant\u00f4nio Joaquim Pinto e Frei Jo\u00e3o Mannes, e na pessoa deles todos os professores que se dedicam ao ensino da filosofia aos frades da prov\u00edncia.<\/p>\n<p><img loading=\"lazy\" class=\"alignnone size-full wp-image-241237\" src=\"https:\/\/franciscanos.org.br\/noticias\/wp-content\/uploads\/2022\/12\/rondinha_04.jpg\" alt=\"\" width=\"1244\" height=\"829\" srcset=\"https:\/\/franciscanos.org.br\/noticias\/wp-content\/uploads\/2022\/12\/rondinha_04.jpg 1244w, https:\/\/franciscanos.org.br\/noticias\/wp-content\/uploads\/2022\/12\/rondinha_04-450x300.jpg 450w, https:\/\/franciscanos.org.br\/noticias\/wp-content\/uploads\/2022\/12\/rondinha_04-1024x682.jpg 1024w, https:\/\/franciscanos.org.br\/noticias\/wp-content\/uploads\/2022\/12\/rondinha_04-768x512.jpg 768w, https:\/\/franciscanos.org.br\/noticias\/wp-content\/uploads\/2022\/12\/rondinha_04-150x100.jpg 150w\" sizes=\"(max-width: 1244px) 100vw, 1244px\" \/><\/p>\n<p>Terminada a missa os frades foram para o conv\u00edvio, momento que puderam estreitar os la\u00e7os e v\u00ednculos de comunh\u00e3o fraterna. Em seguida, foi servido um delicioso almo\u00e7o festivo. Ap\u00f3s o almo\u00e7o foi celebrado os aniversariantes do m\u00eas de dezembro: Frei D\u00e2maso Muhepe e Frei Jo\u00e3o Mannes. O solene dia da Imaculada Concei\u00e7\u00e3o encerrou-se com frades estudantes preparando-se para irem para os est\u00e1gios nas diversas da Prov\u00edncia. Pois, inspirados pelo ensinamento de S\u00e3o Francisco \u201ccomecemos, irm\u00e3os, pois at\u00e9 agora pouco ou nada fizemos\u201d.<\/p>\n<p><img loading=\"lazy\" class=\"alignnone size-full wp-image-241238\" src=\"https:\/\/franciscanos.org.br\/noticias\/wp-content\/uploads\/2022\/12\/rondinha_05.jpg\" alt=\"\" width=\"1131\" height=\"747\" srcset=\"https:\/\/franciscanos.org.br\/noticias\/wp-content\/uploads\/2022\/12\/rondinha_05.jpg 1131w, https:\/\/franciscanos.org.br\/noticias\/wp-content\/uploads\/2022\/12\/rondinha_05-450x297.jpg 450w, https:\/\/franciscanos.org.br\/noticias\/wp-content\/uploads\/2022\/12\/rondinha_05-1024x676.jpg 1024w, https:\/\/franciscanos.org.br\/noticias\/wp-content\/uploads\/2022\/12\/rondinha_05-768x507.jpg 768w, https:\/\/franciscanos.org.br\/noticias\/wp-content\/uploads\/2022\/12\/rondinha_05-150x99.jpg 150w\" sizes=\"(max-width: 1131px) 100vw, 1131px\" \/><\/p>\n<hr \/>\n<p><em>Texto: Frei\u00a0 Bruno Almeida de Mello; Fotos: Frei Roger Strapazzon<\/em><\/p>\n<p>&nbsp;<\/p>\n","protected":false},"excerpt":{"rendered":"<p>Renova\u00e7\u00e3o dos Votos em Rondinha<\/p>\n","protected":false},"author":3,"featured_media":241235,"comment_status":"open","ping_status":"open","sticky":false,"template":"","format":"standard","meta":[],"categories":[1],"tags":[1152],"acf":[],"yoast_head":"<!-- This site is optimized with the Yoast SEO plugin v19.2 - https:\/\/yoast.com\/wordpress\/plugins\/seo\/ -->\n<title>\u201cComecemos, irm\u00e3os, pois at\u00e9 agora pouco ou nada fizemos\u201d - Not\u00edcias - Franciscanos<\/title>\n<meta name=\"robots\" content=\"index, follow, max-snippet:-1, max-image-preview:large, max-video-preview:-1\" \/>\n<link rel=\"canonical\" href=\"https:\/\/franciscanos.org.br\/noticias\/comecemos-irmaos-pois-ate-agora-pouco-ou-nada-fizemos.html\" \/>\n<meta property=\"og:locale\" content=\"pt_BR\" \/>\n<meta property=\"og:type\" content=\"article\" \/>\n<meta property=\"og:title\" content=\"\u201cComecemos, irm\u00e3os, pois at\u00e9 agora pouco ou nada fizemos\u201d - Not\u00edcias - Franciscanos\" \/>\n<meta property=\"og:description\" content=\"Renova\u00e7\u00e3o dos Votos em Rondinha\" \/>\n<meta property=\"og:url\" content=\"https:\/\/franciscanos.org.br\/noticias\/comecemos-irmaos-pois-ate-agora-pouco-ou-nada-fizemos.html\" \/>\n<meta property=\"og:site_name\" content=\"Not\u00edcias - Franciscanos\" \/>\n<meta property=\"article:published_time\" content=\"2022-12-09T00:45:19+00:00\" \/>\n<meta property=\"og:image\" content=\"https:\/\/franciscanos.org.br\/noticias\/wp-content\/uploads\/2022\/12\/rondinha_01.jpg\" \/>\n\t<meta property=\"og:image:width\" content=\"1280\" \/>\n\t<meta property=\"og:image:height\" content=\"720\" \/>\n\t<meta property=\"og:image:type\" content=\"image\/jpeg\" \/>\n<meta name=\"author\" content=\"moacir\" \/>\n<meta name=\"twitter:card\" content=\"summary_large_image\" \/>\n<meta name=\"twitter:label1\" content=\"Escrito por\" \/>\n\t<meta name=\"twitter:data1\" content=\"moacir\" \/>\n\t<meta name=\"twitter:label2\" content=\"Est. tempo de leitura\" \/>\n\t<meta name=\"twitter:data2\" content=\"3 minutos\" \/>\n<script type=\"application\/ld+json\" class=\"yoast-schema-graph\">{\"@context\":\"https:\/\/schema.org\",\"@graph\":[{\"@type\":\"WebSite\",\"@id\":\"https:\/\/franciscanos.org.br\/noticias\/#website\",\"url\":\"https:\/\/franciscanos.org.br\/noticias\/\",\"name\":\"Not\u00edcias - Franciscanos\",\"description\":\"Prov\u00edncia Franciscana da Imaculada Concei\u00e7\u00e3o do Brasil - Ordem dos Frades Menores - OFM\",\"potentialAction\":[{\"@type\":\"SearchAction\",\"target\":{\"@type\":\"EntryPoint\",\"urlTemplate\":\"https:\/\/franciscanos.org.br\/noticias\/?s={search_term_string}\"},\"query-input\":\"required name=search_term_string\"}],\"inLanguage\":\"pt-BR\"},{\"@type\":\"ImageObject\",\"inLanguage\":\"pt-BR\",\"@id\":\"https:\/\/franciscanos.org.br\/noticias\/comecemos-irmaos-pois-ate-agora-pouco-ou-nada-fizemos.html#primaryimage\",\"url\":\"https:\/\/franciscanos.org.br\/noticias\/wp-content\/uploads\/2022\/12\/rondinha_01.jpg\",\"contentUrl\":\"https:\/\/franciscanos.org.br\/noticias\/wp-content\/uploads\/2022\/12\/rondinha_01.jpg\",\"width\":1280,\"height\":720},{\"@type\":\"WebPage\",\"@id\":\"https:\/\/franciscanos.org.br\/noticias\/comecemos-irmaos-pois-ate-agora-pouco-ou-nada-fizemos.html#webpage\",\"url\":\"https:\/\/franciscanos.org.br\/noticias\/comecemos-irmaos-pois-ate-agora-pouco-ou-nada-fizemos.html\",\"name\":\"\u201cComecemos, irm\u00e3os, pois at\u00e9 agora pouco ou nada fizemos\u201d - Not\u00edcias - Franciscanos\",\"isPartOf\":{\"@id\":\"https:\/\/franciscanos.org.br\/noticias\/#website\"},\"primaryImageOfPage\":{\"@id\":\"https:\/\/franciscanos.org.br\/noticias\/comecemos-irmaos-pois-ate-agora-pouco-ou-nada-fizemos.html#primaryimage\"},\"datePublished\":\"2022-12-09T00:45:19+00:00\",\"dateModified\":\"2022-12-09T00:45:19+00:00\",\"author\":{\"@id\":\"https:\/\/franciscanos.org.br\/noticias\/#\/schema\/person\/b5c8cba458c330ccff548b056e95a5d4\"},\"breadcrumb\":{\"@id\":\"https:\/\/franciscanos.org.br\/noticias\/comecemos-irmaos-pois-ate-agora-pouco-ou-nada-fizemos.html#breadcrumb\"},\"inLanguage\":\"pt-BR\",\"potentialAction\":[{\"@type\":\"ReadAction\",\"target\":[\"https:\/\/franciscanos.org.br\/noticias\/comecemos-irmaos-pois-ate-agora-pouco-ou-nada-fizemos.html\"]}]},{\"@type\":\"BreadcrumbList\",\"@id\":\"https:\/\/franciscanos.org.br\/noticias\/comecemos-irmaos-pois-ate-agora-pouco-ou-nada-fizemos.html#breadcrumb\",\"itemListElement\":[{\"@type\":\"ListItem\",\"position\":1,\"name\":\"Home\",\"item\":\"https:\/\/franciscanos.org.br\/noticias\"},{\"@type\":\"ListItem\",\"position\":2,\"name\":\"\u201cComecemos, irm\u00e3os, pois at\u00e9 agora pouco ou nada fizemos\u201d\"}]},{\"@type\":\"Person\",\"@id\":\"https:\/\/franciscanos.org.br\/noticias\/#\/schema\/person\/b5c8cba458c330ccff548b056e95a5d4\",\"name\":\"moacir\",\"image\":{\"@type\":\"ImageObject\",\"inLanguage\":\"pt-BR\",\"@id\":\"https:\/\/franciscanos.org.br\/noticias\/#\/schema\/person\/image\/\",\"url\":\"https:\/\/secure.gravatar.com\/avatar\/d08aa2ce4c8dd416d4479aa8536fcf64?s=96&d=mm&r=g\",\"contentUrl\":\"https:\/\/secure.gravatar.com\/avatar\/d08aa2ce4c8dd416d4479aa8536fcf64?s=96&d=mm&r=g\",\"caption\":\"moacir\"},\"url\":\"https:\/\/franciscanos.org.br\/noticias\/author\/moacir\"}]}<\/script>\n<!-- \/ Yoast SEO plugin. -->","yoast_head_json":{"title":"\u201cComecemos, irm\u00e3os, pois at\u00e9 agora pouco ou nada fizemos\u201d - Not\u00edcias - Franciscanos","robots":{"index":"index","follow":"follow","max-snippet":"max-snippet:-1","max-image-preview":"max-image-preview:large","max-video-preview":"max-video-preview:-1"},"canonical":"https:\/\/franciscanos.org.br\/noticias\/comecemos-irmaos-pois-ate-agora-pouco-ou-nada-fizemos.html","og_locale":"pt_BR","og_type":"article","og_title":"\u201cComecemos, irm\u00e3os, pois at\u00e9 agora pouco ou nada fizemos\u201d - Not\u00edcias - Franciscanos","og_description":"Renova\u00e7\u00e3o dos Votos em Rondinha","og_url":"https:\/\/franciscanos.org.br\/noticias\/comecemos-irmaos-pois-ate-agora-pouco-ou-nada-fizemos.html","og_site_name":"Not\u00edcias - Franciscanos","article_published_time":"2022-12-09T00:45:19+00:00","og_image":[{"width":1280,"height":720,"url":"https:\/\/franciscanos.org.br\/noticias\/wp-content\/uploads\/2022\/12\/rondinha_01.jpg","type":"image\/jpeg"}],"author":"moacir","twitter_card":"summary_large_image","twitter_misc":{"Escrito por":"moacir","Est. tempo de leitura":"3 minutos"},"schema":{"@context":"https:\/\/schema.org","@graph":[{"@type":"WebSite","@id":"https:\/\/franciscanos.org.br\/noticias\/#website","url":"https:\/\/franciscanos.org.br\/noticias\/","name":"Not\u00edcias - Franciscanos","description":"Prov\u00edncia Franciscana da Imaculada Concei\u00e7\u00e3o do Brasil - Ordem dos Frades Menores - OFM","potentialAction":[{"@type":"SearchAction","target":{"@type":"EntryPoint","urlTemplate":"https:\/\/franciscanos.org.br\/noticias\/?s={search_term_string}"},"query-input":"required name=search_term_string"}],"inLanguage":"pt-BR"},{"@type":"ImageObject","inLanguage":"pt-BR","@id":"https:\/\/franciscanos.org.br\/noticias\/comecemos-irmaos-pois-ate-agora-pouco-ou-nada-fizemos.html#primaryimage","url":"https:\/\/franciscanos.org.br\/noticias\/wp-content\/uploads\/2022\/12\/rondinha_01.jpg","contentUrl":"https:\/\/franciscanos.org.br\/noticias\/wp-content\/uploads\/2022\/12\/rondinha_01.jpg","width":1280,"height":720},{"@type":"WebPage","@id":"https:\/\/franciscanos.org.br\/noticias\/comecemos-irmaos-pois-ate-agora-pouco-ou-nada-fizemos.html#webpage","url":"https:\/\/franciscanos.org.br\/noticias\/comecemos-irmaos-pois-ate-agora-pouco-ou-nada-fizemos.html","name":"\u201cComecemos, irm\u00e3os, pois at\u00e9 agora pouco ou nada fizemos\u201d - Not\u00edcias - Franciscanos","isPartOf":{"@id":"https:\/\/franciscanos.org.br\/noticias\/#website"},"primaryImageOfPage":{"@id":"https:\/\/franciscanos.org.br\/noticias\/comecemos-irmaos-pois-ate-agora-pouco-ou-nada-fizemos.html#primaryimage"},"datePublished":"2022-12-09T00:45:19+00:00","dateModified":"2022-12-09T00:45:19+00:00","author":{"@id":"https:\/\/franciscanos.org.br\/noticias\/#\/schema\/person\/b5c8cba458c330ccff548b056e95a5d4"},"breadcrumb":{"@id":"https:\/\/franciscanos.org.br\/noticias\/comecemos-irmaos-pois-ate-agora-pouco-ou-nada-fizemos.html#breadcrumb"},"inLanguage":"pt-BR","potentialAction":[{"@type":"ReadAction","target":["https:\/\/franciscanos.org.br\/noticias\/comecemos-irmaos-pois-ate-agora-pouco-ou-nada-fizemos.html"]}]},{"@type":"BreadcrumbList","@id":"https:\/\/franciscanos.org.br\/noticias\/comecemos-irmaos-pois-ate-agora-pouco-ou-nada-fizemos.html#breadcrumb","itemListElement":[{"@type":"ListItem","position":1,"name":"Home","item":"https:\/\/franciscanos.org.br\/noticias"},{"@type":"ListItem","position":2,"name":"\u201cComecemos, irm\u00e3os, pois at\u00e9 agora pouco ou nada fizemos\u201d"}]},{"@type":"Person","@id":"https:\/\/franciscanos.org.br\/noticias\/#\/schema\/person\/b5c8cba458c330ccff548b056e95a5d4","name":"moacir","image":{"@type":"ImageObject","inLanguage":"pt-BR","@id":"https:\/\/franciscanos.org.br\/noticias\/#\/schema\/person\/image\/","url":"https:\/\/secure.gravatar.com\/avatar\/d08aa2ce4c8dd416d4479aa8536fcf64?s=96&d=mm&r=g","contentUrl":"https:\/\/secure.gravatar.com\/avatar\/d08aa2ce4c8dd416d4479aa8536fcf64?s=96&d=mm&r=g","caption":"moacir"},"url":"https:\/\/franciscanos.org.br\/noticias\/author\/moacir"}]}},"_links":{"self":[{"href":"https:\/\/franciscanos.org.br\/noticias\/wp-json\/wp\/v2\/posts\/241234"}],"collection":[{"href":"https:\/\/franciscanos.org.br\/noticias\/wp-json\/wp\/v2\/posts"}],"about":[{"href":"https:\/\/franciscanos.org.br\/noticias\/wp-json\/wp\/v2\/types\/post"}],"author":[{"embeddable":true,"href":"https:\/\/franciscanos.org.br\/noticias\/wp-json\/wp\/v2\/users\/3"}],"replies":[{"embeddable":true,"href":"https:\/\/franciscanos.org.br\/noticias\/wp-json\/wp\/v2\/comments?post=241234"}],"version-history":[{"count":1,"href":"https:\/\/franciscanos.org.br\/noticias\/wp-json\/wp\/v2\/posts\/241234\/revisions"}],"predecessor-version":[{"id":241239,"href":"https:\/\/franciscanos.org.br\/noticias\/wp-json\/wp\/v2\/posts\/241234\/revisions\/241239"}],"wp:featuredmedia":[{"embeddable":true,"href":"https:\/\/franciscanos.org.br\/noticias\/wp-json\/wp\/v2\/media\/241235"}],"wp:attachment":[{"href":"https:\/\/franciscanos.org.br\/noticias\/wp-json\/wp\/v2\/media?parent=241234"}],"wp:term":[{"taxonomy":"category","embeddable":true,"href":"https:\/\/franciscanos.org.br\/noticias\/wp-json\/wp\/v2\/categories?post=241234"},{"taxonomy":"post_tag","embeddable":true,"href":"https:\/\/franciscanos.org.br\/noticias\/wp-json\/wp\/v2\/tags?post=241234"}],"curies":[{"name":"wp","href":"https:\/\/api.w.org\/{rel}","templated":true}]}}