{"id":241228,"date":"2022-12-08T17:04:05","date_gmt":"2022-12-08T20:04:05","guid":{"rendered":"https:\/\/franciscanos.org.br\/noticias\/?p=241228"},"modified":"2022-12-08T20:04:35","modified_gmt":"2022-12-08T23:04:35","slug":"renovacao-dos-votos-em-angola-seguir-escutando-e-dizendo-sim","status":"publish","type":"post","link":"https:\/\/franciscanos.org.br\/noticias\/renovacao-dos-votos-em-angola-seguir-escutando-e-dizendo-sim.html","title":{"rendered":"Renova\u00e7\u00e3o dos votos em Angola: Seguir escutando e dizendo \u201csim\u201d"},"content":{"rendered":"<p><img loading=\"lazy\" class=\"alignnone wp-image-241229 size-full\" src=\"https:\/\/franciscanos.org.br\/noticias\/wp-content\/uploads\/2022\/12\/renova_0812_3.jpg\" alt=\"\" width=\"1280\" height=\"720\" srcset=\"https:\/\/franciscanos.org.br\/noticias\/wp-content\/uploads\/2022\/12\/renova_0812_3.jpg 1280w, https:\/\/franciscanos.org.br\/noticias\/wp-content\/uploads\/2022\/12\/renova_0812_3-450x253.jpg 450w, https:\/\/franciscanos.org.br\/noticias\/wp-content\/uploads\/2022\/12\/renova_0812_3-1024x576.jpg 1024w, https:\/\/franciscanos.org.br\/noticias\/wp-content\/uploads\/2022\/12\/renova_0812_3-768x432.jpg 768w, https:\/\/franciscanos.org.br\/noticias\/wp-content\/uploads\/2022\/12\/renova_0812_3-150x84.jpg 150w\" sizes=\"(max-width: 1280px) 100vw, 1280px\" \/><\/p>\n<p><strong>Luanda (Angola)<\/strong> &#8211; Manh\u00e3 agrad\u00e1vel de sol nascente, quinta-feira, Solenidade da Imaculada Concei\u00e7\u00e3o, na presen\u00e7a do Ministro Geral, Frei Massimo Fusarelli, juntamente com o Ministro Provincial, Frei Paulo Roberto Pereira, e presidente da Funda\u00e7\u00e3o Imaculada M\u00e3e de Deus (FIMDA), Frei Ivair Bueno de Carvalho, 24 frades renovaram seus votos tempor\u00e1rios de obedi\u00eancia, sem nada de pr\u00f3prio e castidade.<\/p>\n<p>A renova\u00e7\u00e3o ocorreu durante a Ora\u00e7\u00e3o das <em>Laudes.<\/em> Logo ap\u00f3s, Frei Massimo exortou aos confrades, dizendo que \u00e9 uma alegria renovar os votos no dia da Padroeira e Rainha da Ordem, a Imaculada Concei\u00e7\u00e3o da Virgem Maria, uma vez que a profiss\u00e3o dos conselhos evang\u00e9licos est\u00e3o intimamente ligados ao \u2018sim\u2019 daquela que acreditou, e que se torna, tamb\u00e9m, o sim da Igreja.<\/p>\n<p><img loading=\"lazy\" class=\"alignnone size-full wp-image-241230\" src=\"https:\/\/franciscanos.org.br\/noticias\/wp-content\/uploads\/2022\/12\/renova_0812_2.jpg\" alt=\"\" width=\"1280\" height=\"720\" srcset=\"https:\/\/franciscanos.org.br\/noticias\/wp-content\/uploads\/2022\/12\/renova_0812_2.jpg 1280w, https:\/\/franciscanos.org.br\/noticias\/wp-content\/uploads\/2022\/12\/renova_0812_2-450x253.jpg 450w, https:\/\/franciscanos.org.br\/noticias\/wp-content\/uploads\/2022\/12\/renova_0812_2-1024x576.jpg 1024w, https:\/\/franciscanos.org.br\/noticias\/wp-content\/uploads\/2022\/12\/renova_0812_2-768x432.jpg 768w, https:\/\/franciscanos.org.br\/noticias\/wp-content\/uploads\/2022\/12\/renova_0812_2-150x84.jpg 150w\" sizes=\"(max-width: 1280px) 100vw, 1280px\" \/><\/p>\n<p>O Frade menor, continuou o Ministro Geral, \u00e9 aquele que segue escutando e dizendo \u201csim\u201d a Deus e \u00e0 vida dos irm\u00e3os. Em seguida, saudou seus confrades que renovaram a profiss\u00e3o evang\u00e9lica, a saber: Alberto Nen\u00e9; Borracha Raimundo; Lu\u00eds Fernandes; Manuel Coloi; M\u00e1rio Catimba; Paulino Salamba; Silva Kawia; Simeao Kapi\u00f1gala; Tom\u00e1s Gaspar; Adriano Sumbelelo; Fernando Dange; Hil\u00e1rio Kapi\u00f1gala; Clementino Samuel; David Gaieta; Lu\u00eds Gungo; Val\u00f3dia Domingos; Herculano \u00d1gulo; In\u00e1cio Puto; Jer\u00f3nimo M\u00e1rio; Ven\u00e2ncio Candundo; Jo\u00e3o Pedro Pessoa; Pedro Vitangui; Lucas Moreira; Elias Lu\u00eds.<\/p>\n<p>A celebra\u00e7\u00e3o terminou com a B\u00eanc\u00e3o de S\u00e3o Francisco e, em seguida, todos os confrades se dirigiram para a frente da Capela do Convento S\u00e3o Francisco do Palanca a fim de registrarem o momento.<\/p>\n<p><img loading=\"lazy\" class=\"alignnone size-full wp-image-241232\" src=\"https:\/\/franciscanos.org.br\/noticias\/wp-content\/uploads\/2022\/12\/renova_04.jpg\" alt=\"\" width=\"1152\" height=\"768\" srcset=\"https:\/\/franciscanos.org.br\/noticias\/wp-content\/uploads\/2022\/12\/renova_04.jpg 1152w, https:\/\/franciscanos.org.br\/noticias\/wp-content\/uploads\/2022\/12\/renova_04-450x300.jpg 450w, https:\/\/franciscanos.org.br\/noticias\/wp-content\/uploads\/2022\/12\/renova_04-1024x683.jpg 1024w, https:\/\/franciscanos.org.br\/noticias\/wp-content\/uploads\/2022\/12\/renova_04-768x512.jpg 768w, https:\/\/franciscanos.org.br\/noticias\/wp-content\/uploads\/2022\/12\/renova_04-150x100.jpg 150w\" sizes=\"(max-width: 1152px) 100vw, 1152px\" \/><\/p>\n<p>&nbsp;<\/p>\n<hr \/>\n<p><em>Frei Tom\u00e1s Gaspar Joaquim<\/em><\/p>\n","protected":false},"excerpt":{"rendered":"<p>Renova\u00e7\u00e3o dos Votos em Angola<\/p>\n","protected":false},"author":3,"featured_media":241229,"comment_status":"open","ping_status":"open","sticky":false,"template":"","format":"standard","meta":[],"categories":[1],"tags":[1152],"acf":[],"yoast_head":"<!-- This site is optimized with the Yoast SEO plugin v19.2 - https:\/\/yoast.com\/wordpress\/plugins\/seo\/ -->\n<title>Renova\u00e7\u00e3o dos votos em Angola: Seguir escutando e dizendo \u201csim\u201d - Not\u00edcias - Franciscanos<\/title>\n<meta name=\"robots\" content=\"index, follow, max-snippet:-1, max-image-preview:large, max-video-preview:-1\" \/>\n<link rel=\"canonical\" href=\"https:\/\/franciscanos.org.br\/noticias\/renovacao-dos-votos-em-angola-seguir-escutando-e-dizendo-sim.html\" \/>\n<meta property=\"og:locale\" content=\"pt_BR\" \/>\n<meta property=\"og:type\" content=\"article\" \/>\n<meta property=\"og:title\" content=\"Renova\u00e7\u00e3o dos votos em Angola: Seguir escutando e dizendo \u201csim\u201d - Not\u00edcias - Franciscanos\" \/>\n<meta property=\"og:description\" content=\"Renova\u00e7\u00e3o dos Votos em Angola\" \/>\n<meta property=\"og:url\" content=\"https:\/\/franciscanos.org.br\/noticias\/renovacao-dos-votos-em-angola-seguir-escutando-e-dizendo-sim.html\" \/>\n<meta property=\"og:site_name\" content=\"Not\u00edcias - Franciscanos\" \/>\n<meta property=\"article:published_time\" content=\"2022-12-08T20:04:05+00:00\" \/>\n<meta property=\"article:modified_time\" content=\"2022-12-08T23:04:35+00:00\" \/>\n<meta property=\"og:image\" content=\"https:\/\/franciscanos.org.br\/noticias\/wp-content\/uploads\/2022\/12\/renova_0812_3.jpg\" \/>\n\t<meta property=\"og:image:width\" content=\"1280\" \/>\n\t<meta property=\"og:image:height\" content=\"720\" \/>\n\t<meta property=\"og:image:type\" content=\"image\/jpeg\" \/>\n<meta name=\"author\" content=\"moacir\" \/>\n<meta name=\"twitter:card\" content=\"summary_large_image\" \/>\n<meta name=\"twitter:label1\" content=\"Escrito por\" \/>\n\t<meta name=\"twitter:data1\" content=\"moacir\" \/>\n\t<meta name=\"twitter:label2\" content=\"Est. tempo de leitura\" \/>\n\t<meta name=\"twitter:data2\" content=\"1 minuto\" \/>\n<script type=\"application\/ld+json\" class=\"yoast-schema-graph\">{\"@context\":\"https:\/\/schema.org\",\"@graph\":[{\"@type\":\"WebSite\",\"@id\":\"https:\/\/franciscanos.org.br\/noticias\/#website\",\"url\":\"https:\/\/franciscanos.org.br\/noticias\/\",\"name\":\"Not\u00edcias - Franciscanos\",\"description\":\"Prov\u00edncia Franciscana da Imaculada Concei\u00e7\u00e3o do Brasil - Ordem dos Frades Menores - OFM\",\"potentialAction\":[{\"@type\":\"SearchAction\",\"target\":{\"@type\":\"EntryPoint\",\"urlTemplate\":\"https:\/\/franciscanos.org.br\/noticias\/?s={search_term_string}\"},\"query-input\":\"required name=search_term_string\"}],\"inLanguage\":\"pt-BR\"},{\"@type\":\"ImageObject\",\"inLanguage\":\"pt-BR\",\"@id\":\"https:\/\/franciscanos.org.br\/noticias\/renovacao-dos-votos-em-angola-seguir-escutando-e-dizendo-sim.html#primaryimage\",\"url\":\"https:\/\/franciscanos.org.br\/noticias\/wp-content\/uploads\/2022\/12\/renova_0812_3.jpg\",\"contentUrl\":\"https:\/\/franciscanos.org.br\/noticias\/wp-content\/uploads\/2022\/12\/renova_0812_3.jpg\",\"width\":1280,\"height\":720},{\"@type\":\"WebPage\",\"@id\":\"https:\/\/franciscanos.org.br\/noticias\/renovacao-dos-votos-em-angola-seguir-escutando-e-dizendo-sim.html#webpage\",\"url\":\"https:\/\/franciscanos.org.br\/noticias\/renovacao-dos-votos-em-angola-seguir-escutando-e-dizendo-sim.html\",\"name\":\"Renova\u00e7\u00e3o dos votos em Angola: Seguir escutando e dizendo \u201csim\u201d - Not\u00edcias - Franciscanos\",\"isPartOf\":{\"@id\":\"https:\/\/franciscanos.org.br\/noticias\/#website\"},\"primaryImageOfPage\":{\"@id\":\"https:\/\/franciscanos.org.br\/noticias\/renovacao-dos-votos-em-angola-seguir-escutando-e-dizendo-sim.html#primaryimage\"},\"datePublished\":\"2022-12-08T20:04:05+00:00\",\"dateModified\":\"2022-12-08T23:04:35+00:00\",\"author\":{\"@id\":\"https:\/\/franciscanos.org.br\/noticias\/#\/schema\/person\/b5c8cba458c330ccff548b056e95a5d4\"},\"breadcrumb\":{\"@id\":\"https:\/\/franciscanos.org.br\/noticias\/renovacao-dos-votos-em-angola-seguir-escutando-e-dizendo-sim.html#breadcrumb\"},\"inLanguage\":\"pt-BR\",\"potentialAction\":[{\"@type\":\"ReadAction\",\"target\":[\"https:\/\/franciscanos.org.br\/noticias\/renovacao-dos-votos-em-angola-seguir-escutando-e-dizendo-sim.html\"]}]},{\"@type\":\"BreadcrumbList\",\"@id\":\"https:\/\/franciscanos.org.br\/noticias\/renovacao-dos-votos-em-angola-seguir-escutando-e-dizendo-sim.html#breadcrumb\",\"itemListElement\":[{\"@type\":\"ListItem\",\"position\":1,\"name\":\"Home\",\"item\":\"https:\/\/franciscanos.org.br\/noticias\"},{\"@type\":\"ListItem\",\"position\":2,\"name\":\"Renova\u00e7\u00e3o dos votos em Angola: Seguir escutando e dizendo \u201csim\u201d\"}]},{\"@type\":\"Person\",\"@id\":\"https:\/\/franciscanos.org.br\/noticias\/#\/schema\/person\/b5c8cba458c330ccff548b056e95a5d4\",\"name\":\"moacir\",\"image\":{\"@type\":\"ImageObject\",\"inLanguage\":\"pt-BR\",\"@id\":\"https:\/\/franciscanos.org.br\/noticias\/#\/schema\/person\/image\/\",\"url\":\"https:\/\/secure.gravatar.com\/avatar\/d08aa2ce4c8dd416d4479aa8536fcf64?s=96&d=mm&r=g\",\"contentUrl\":\"https:\/\/secure.gravatar.com\/avatar\/d08aa2ce4c8dd416d4479aa8536fcf64?s=96&d=mm&r=g\",\"caption\":\"moacir\"},\"url\":\"https:\/\/franciscanos.org.br\/noticias\/author\/moacir\"}]}<\/script>\n<!-- \/ Yoast SEO plugin. -->","yoast_head_json":{"title":"Renova\u00e7\u00e3o dos votos em Angola: Seguir escutando e dizendo \u201csim\u201d - Not\u00edcias - Franciscanos","robots":{"index":"index","follow":"follow","max-snippet":"max-snippet:-1","max-image-preview":"max-image-preview:large","max-video-preview":"max-video-preview:-1"},"canonical":"https:\/\/franciscanos.org.br\/noticias\/renovacao-dos-votos-em-angola-seguir-escutando-e-dizendo-sim.html","og_locale":"pt_BR","og_type":"article","og_title":"Renova\u00e7\u00e3o dos votos em Angola: Seguir escutando e dizendo \u201csim\u201d - Not\u00edcias - Franciscanos","og_description":"Renova\u00e7\u00e3o dos Votos em Angola","og_url":"https:\/\/franciscanos.org.br\/noticias\/renovacao-dos-votos-em-angola-seguir-escutando-e-dizendo-sim.html","og_site_name":"Not\u00edcias - Franciscanos","article_published_time":"2022-12-08T20:04:05+00:00","article_modified_time":"2022-12-08T23:04:35+00:00","og_image":[{"width":1280,"height":720,"url":"https:\/\/franciscanos.org.br\/noticias\/wp-content\/uploads\/2022\/12\/renova_0812_3.jpg","type":"image\/jpeg"}],"author":"moacir","twitter_card":"summary_large_image","twitter_misc":{"Escrito por":"moacir","Est. tempo de leitura":"1 minuto"},"schema":{"@context":"https:\/\/schema.org","@graph":[{"@type":"WebSite","@id":"https:\/\/franciscanos.org.br\/noticias\/#website","url":"https:\/\/franciscanos.org.br\/noticias\/","name":"Not\u00edcias - Franciscanos","description":"Prov\u00edncia Franciscana da Imaculada Concei\u00e7\u00e3o do Brasil - Ordem dos Frades Menores - OFM","potentialAction":[{"@type":"SearchAction","target":{"@type":"EntryPoint","urlTemplate":"https:\/\/franciscanos.org.br\/noticias\/?s={search_term_string}"},"query-input":"required name=search_term_string"}],"inLanguage":"pt-BR"},{"@type":"ImageObject","inLanguage":"pt-BR","@id":"https:\/\/franciscanos.org.br\/noticias\/renovacao-dos-votos-em-angola-seguir-escutando-e-dizendo-sim.html#primaryimage","url":"https:\/\/franciscanos.org.br\/noticias\/wp-content\/uploads\/2022\/12\/renova_0812_3.jpg","contentUrl":"https:\/\/franciscanos.org.br\/noticias\/wp-content\/uploads\/2022\/12\/renova_0812_3.jpg","width":1280,"height":720},{"@type":"WebPage","@id":"https:\/\/franciscanos.org.br\/noticias\/renovacao-dos-votos-em-angola-seguir-escutando-e-dizendo-sim.html#webpage","url":"https:\/\/franciscanos.org.br\/noticias\/renovacao-dos-votos-em-angola-seguir-escutando-e-dizendo-sim.html","name":"Renova\u00e7\u00e3o dos votos em Angola: Seguir escutando e dizendo \u201csim\u201d - Not\u00edcias - Franciscanos","isPartOf":{"@id":"https:\/\/franciscanos.org.br\/noticias\/#website"},"primaryImageOfPage":{"@id":"https:\/\/franciscanos.org.br\/noticias\/renovacao-dos-votos-em-angola-seguir-escutando-e-dizendo-sim.html#primaryimage"},"datePublished":"2022-12-08T20:04:05+00:00","dateModified":"2022-12-08T23:04:35+00:00","author":{"@id":"https:\/\/franciscanos.org.br\/noticias\/#\/schema\/person\/b5c8cba458c330ccff548b056e95a5d4"},"breadcrumb":{"@id":"https:\/\/franciscanos.org.br\/noticias\/renovacao-dos-votos-em-angola-seguir-escutando-e-dizendo-sim.html#breadcrumb"},"inLanguage":"pt-BR","potentialAction":[{"@type":"ReadAction","target":["https:\/\/franciscanos.org.br\/noticias\/renovacao-dos-votos-em-angola-seguir-escutando-e-dizendo-sim.html"]}]},{"@type":"BreadcrumbList","@id":"https:\/\/franciscanos.org.br\/noticias\/renovacao-dos-votos-em-angola-seguir-escutando-e-dizendo-sim.html#breadcrumb","itemListElement":[{"@type":"ListItem","position":1,"name":"Home","item":"https:\/\/franciscanos.org.br\/noticias"},{"@type":"ListItem","position":2,"name":"Renova\u00e7\u00e3o dos votos em Angola: Seguir escutando e dizendo \u201csim\u201d"}]},{"@type":"Person","@id":"https:\/\/franciscanos.org.br\/noticias\/#\/schema\/person\/b5c8cba458c330ccff548b056e95a5d4","name":"moacir","image":{"@type":"ImageObject","inLanguage":"pt-BR","@id":"https:\/\/franciscanos.org.br\/noticias\/#\/schema\/person\/image\/","url":"https:\/\/secure.gravatar.com\/avatar\/d08aa2ce4c8dd416d4479aa8536fcf64?s=96&d=mm&r=g","contentUrl":"https:\/\/secure.gravatar.com\/avatar\/d08aa2ce4c8dd416d4479aa8536fcf64?s=96&d=mm&r=g","caption":"moacir"},"url":"https:\/\/franciscanos.org.br\/noticias\/author\/moacir"}]}},"_links":{"self":[{"href":"https:\/\/franciscanos.org.br\/noticias\/wp-json\/wp\/v2\/posts\/241228"}],"collection":[{"href":"https:\/\/franciscanos.org.br\/noticias\/wp-json\/wp\/v2\/posts"}],"about":[{"href":"https:\/\/franciscanos.org.br\/noticias\/wp-json\/wp\/v2\/types\/post"}],"author":[{"embeddable":true,"href":"https:\/\/franciscanos.org.br\/noticias\/wp-json\/wp\/v2\/users\/3"}],"replies":[{"embeddable":true,"href":"https:\/\/franciscanos.org.br\/noticias\/wp-json\/wp\/v2\/comments?post=241228"}],"version-history":[{"count":1,"href":"https:\/\/franciscanos.org.br\/noticias\/wp-json\/wp\/v2\/posts\/241228\/revisions"}],"predecessor-version":[{"id":241233,"href":"https:\/\/franciscanos.org.br\/noticias\/wp-json\/wp\/v2\/posts\/241228\/revisions\/241233"}],"wp:featuredmedia":[{"embeddable":true,"href":"https:\/\/franciscanos.org.br\/noticias\/wp-json\/wp\/v2\/media\/241229"}],"wp:attachment":[{"href":"https:\/\/franciscanos.org.br\/noticias\/wp-json\/wp\/v2\/media?parent=241228"}],"wp:term":[{"taxonomy":"category","embeddable":true,"href":"https:\/\/franciscanos.org.br\/noticias\/wp-json\/wp\/v2\/categories?post=241228"},{"taxonomy":"post_tag","embeddable":true,"href":"https:\/\/franciscanos.org.br\/noticias\/wp-json\/wp\/v2\/tags?post=241228"}],"curies":[{"name":"wp","href":"https:\/\/api.w.org\/{rel}","templated":true}]}}