{"id":24121,"date":"2012-09-18T07:59:23","date_gmt":"2012-09-18T10:59:23","guid":{"rendered":"http:\/\/new.franciscanos.org.br\/?p=24121"},"modified":"2019-11-01T11:18:25","modified_gmt":"2019-11-01T14:18:25","slug":"pro-vocacoes-realiza-encontro-com-benfeitores-na-baixada-fluminense","status":"publish","type":"post","link":"https:\/\/franciscanos.org.br\/noticias\/pro-vocacoes-realiza-encontro-com-benfeitores-na-baixada-fluminense.html","title":{"rendered":"Pr\u00f3-Voca\u00e7\u00f5es  realiza encontro com benfeitores na Baixada Fluminense"},"content":{"rendered":"<p><a href=\"http:\/\/franciscanos.org.br\/wp-content\/uploads\/2012\/09\/3370_180912.jpg\"><img loading=\"lazy\" class=\"alignright size-full wp-image-24141\" title=\"3370_180912\" src=\"http:\/\/franciscanos.org.br\/wp-content\/uploads\/2012\/09\/3370_180912.jpg\" alt=\"\" width=\"450\" height=\"338\" \/><\/a>Aconteceu, neste domingo (16\/09), na Par\u00f3quia Nossa Senhora Aparecida, em Nil\u00f3polis, o primeiro encontro de benfeitores franciscanos, promovido pelo Pr\u00f3-Voca\u00e7\u00f5es, na Baixada Fluminense.<\/p>\n<p>Estes encontros t\u00eam por objetivo divulgar o carisma e a espiritualidade franciscana entre os nossos paroquianos, amigos e colaboradores. O intuito \u00e9 sempre o de mostrar que, para al\u00e9m dos frades que est\u00e3o no trabalho di\u00e1rio com eles, existem outros tantos em diversos campos pastorais.<\/p>\n<p>Em um dia de muitas atividades, como \u00e9 de costume naquela par\u00f3quia, os benfeitores foram chegando pouco a pouco e foram acolhidos pela comunidade local, de modo particular, por alguns benfeitores que previamente j\u00e1 haviam preparado todo o ambiente e um saboroso caf\u00e9 da manh\u00e3.<\/p>\n<p>Com a ora\u00e7\u00e3o: louvores ao Deus Alt\u00edssimo, iniciou-se a manh\u00e3 de espiritualidade daquele domingo, que seguiu-se com a hist\u00f3ria da vida de S\u00e3o Francisco; um filme sobre o pobrezinho de Assis e uma apresenta\u00e7\u00e3o sobre o Pr\u00f3-Voca\u00e7\u00f5es e Miss\u00f5es Franciscanas.<\/p>\n<p>Como de costume, abriu-se espa\u00e7o para questionamentos, sugest\u00f5es e observa\u00e7\u00f5es sobre o trabalho realizado, bem como, o convite para o engajamento maior de nossos benfeitores neste trabalho em prol de nossas casas de forma\u00e7\u00e3o e de nossos mission\u00e1rios em Angola.<\/p>\n<p>O ponto forte do encontro foi a Missa em A\u00e7\u00e3o de Gra\u00e7as pela vida e pelas fam\u00edlias de nossos benfeitores. Pr\u00f3ximos do altar, cada um p\u00f4de colocar sua vida diante de Deus.<\/p>\n<p>Como uma grande comunidade de irm\u00e3os, agradecemos ao Pai por termos pessoas t\u00e3o generosas, que acreditam e sonham conosco o sonho de Francisco de Assis. A Missa foi nossa grande oferta a Deus por gestos t\u00e3o bonitos de generosidade e solidariedade. Nas preces, ficou muito claro que a tristeza pelos \u00faltimos acontecimentos naquela regi\u00e3o n\u00e3o pode ser motivo para que a f\u00e9 que os move seja abalada. E foi por isso tamb\u00e9m, que rezamos pelas vitimas e pelas fam\u00edlias transtornadas pelo ocorrido.<\/p>\n<p>Aos freis da Par\u00f3quia, aos benfeitores participantes, aos nossos \u201canjos da guarda\u201d em Nil\u00f3polis: o nosso muito obrigado por tudo.<\/p>\n<p>Que Deus continue aben\u00e7oando com carinho este povo querido da Baixada Fluminense, povo que n\u00e3o mede esfor\u00e7os para fazer o bem e para fazer com que nos sintamos em casa. Obrigado pela acolhida, pela fraternidade e por estarem conosco neste belo trabalho franciscano. Que o nosso Pai Francisco de Assis, olhe sempre por cada um de voc\u00eas e pelas suas fam\u00edlias.<\/p>\n<p><strong>Frei Alvaci Mendes da Luz<\/strong><br \/>\n<em>Pr\u00f3-Voca\u00e7\u00f5es e Miss\u00f5es Franciscanas<\/em><\/p>\n","protected":false},"excerpt":{"rendered":"<p>Site do PVF<\/p>\n","protected":false},"author":1,"featured_media":213319,"comment_status":"closed","ping_status":"open","sticky":false,"template":"","format":"standard","meta":[],"categories":[1],"tags":[254],"acf":[],"yoast_head":"<!-- This site is optimized with the Yoast SEO plugin v19.2 - https:\/\/yoast.com\/wordpress\/plugins\/seo\/ -->\n<title>Pr\u00f3-Voca\u00e7\u00f5es realiza encontro com benfeitores na Baixada Fluminense - Not\u00edcias - Franciscanos<\/title>\n<meta name=\"robots\" content=\"index, follow, max-snippet:-1, max-image-preview:large, max-video-preview:-1\" \/>\n<link rel=\"canonical\" href=\"https:\/\/franciscanos.org.br\/noticias\/pro-vocacoes-realiza-encontro-com-benfeitores-na-baixada-fluminense.html\" \/>\n<meta property=\"og:locale\" content=\"pt_BR\" \/>\n<meta property=\"og:type\" content=\"article\" \/>\n<meta property=\"og:title\" content=\"Pr\u00f3-Voca\u00e7\u00f5es realiza encontro com benfeitores na Baixada Fluminense - Not\u00edcias - Franciscanos\" \/>\n<meta property=\"og:description\" content=\"Site do PVF\" \/>\n<meta property=\"og:url\" content=\"https:\/\/franciscanos.org.br\/noticias\/pro-vocacoes-realiza-encontro-com-benfeitores-na-baixada-fluminense.html\" \/>\n<meta property=\"og:site_name\" content=\"Not\u00edcias - Franciscanos\" \/>\n<meta property=\"article:published_time\" content=\"2012-09-18T10:59:23+00:00\" \/>\n<meta property=\"article:modified_time\" content=\"2019-11-01T14:18:25+00:00\" \/>\n<meta property=\"og:image\" content=\"https:\/\/franciscanos.org.br\/noticias\/wp-content\/uploads\/2012\/09\/3370_180912.jpg\" \/>\n\t<meta property=\"og:image:width\" content=\"273\" \/>\n\t<meta property=\"og:image:height\" content=\"181\" \/>\n\t<meta property=\"og:image:type\" content=\"image\/jpeg\" \/>\n<meta name=\"author\" content=\"admin\" \/>\n<meta name=\"twitter:card\" content=\"summary_large_image\" \/>\n<meta name=\"twitter:label1\" content=\"Escrito por\" \/>\n\t<meta name=\"twitter:data1\" content=\"admin\" \/>\n\t<meta name=\"twitter:label2\" content=\"Est. tempo de leitura\" \/>\n\t<meta name=\"twitter:data2\" content=\"2 minutos\" \/>\n<script type=\"application\/ld+json\" class=\"yoast-schema-graph\">{\"@context\":\"https:\/\/schema.org\",\"@graph\":[{\"@type\":\"WebSite\",\"@id\":\"https:\/\/franciscanos.org.br\/noticias\/#website\",\"url\":\"https:\/\/franciscanos.org.br\/noticias\/\",\"name\":\"Not\u00edcias - Franciscanos\",\"description\":\"Prov\u00edncia Franciscana da Imaculada Concei\u00e7\u00e3o do Brasil - Ordem dos Frades Menores - OFM\",\"potentialAction\":[{\"@type\":\"SearchAction\",\"target\":{\"@type\":\"EntryPoint\",\"urlTemplate\":\"https:\/\/franciscanos.org.br\/noticias\/?s={search_term_string}\"},\"query-input\":\"required name=search_term_string\"}],\"inLanguage\":\"pt-BR\"},{\"@type\":\"ImageObject\",\"inLanguage\":\"pt-BR\",\"@id\":\"https:\/\/franciscanos.org.br\/noticias\/pro-vocacoes-realiza-encontro-com-benfeitores-na-baixada-fluminense.html#primaryimage\",\"url\":\"https:\/\/franciscanos.org.br\/noticias\/wp-content\/uploads\/2012\/09\/3370_180912.jpg\",\"contentUrl\":\"https:\/\/franciscanos.org.br\/noticias\/wp-content\/uploads\/2012\/09\/3370_180912.jpg\",\"width\":273,\"height\":181},{\"@type\":\"WebPage\",\"@id\":\"https:\/\/franciscanos.org.br\/noticias\/pro-vocacoes-realiza-encontro-com-benfeitores-na-baixada-fluminense.html#webpage\",\"url\":\"https:\/\/franciscanos.org.br\/noticias\/pro-vocacoes-realiza-encontro-com-benfeitores-na-baixada-fluminense.html\",\"name\":\"Pr\u00f3-Voca\u00e7\u00f5es realiza encontro com benfeitores na Baixada Fluminense - Not\u00edcias - Franciscanos\",\"isPartOf\":{\"@id\":\"https:\/\/franciscanos.org.br\/noticias\/#website\"},\"primaryImageOfPage\":{\"@id\":\"https:\/\/franciscanos.org.br\/noticias\/pro-vocacoes-realiza-encontro-com-benfeitores-na-baixada-fluminense.html#primaryimage\"},\"datePublished\":\"2012-09-18T10:59:23+00:00\",\"dateModified\":\"2019-11-01T14:18:25+00:00\",\"author\":{\"@id\":\"https:\/\/franciscanos.org.br\/noticias\/#\/schema\/person\/b38fbf43118f02820bd932f2e4b14ad3\"},\"breadcrumb\":{\"@id\":\"https:\/\/franciscanos.org.br\/noticias\/pro-vocacoes-realiza-encontro-com-benfeitores-na-baixada-fluminense.html#breadcrumb\"},\"inLanguage\":\"pt-BR\",\"potentialAction\":[{\"@type\":\"ReadAction\",\"target\":[\"https:\/\/franciscanos.org.br\/noticias\/pro-vocacoes-realiza-encontro-com-benfeitores-na-baixada-fluminense.html\"]}]},{\"@type\":\"BreadcrumbList\",\"@id\":\"https:\/\/franciscanos.org.br\/noticias\/pro-vocacoes-realiza-encontro-com-benfeitores-na-baixada-fluminense.html#breadcrumb\",\"itemListElement\":[{\"@type\":\"ListItem\",\"position\":1,\"name\":\"Home\",\"item\":\"https:\/\/franciscanos.org.br\/noticias\"},{\"@type\":\"ListItem\",\"position\":2,\"name\":\"Pr\u00f3-Voca\u00e7\u00f5es realiza encontro com benfeitores na Baixada Fluminense\"}]},{\"@type\":\"Person\",\"@id\":\"https:\/\/franciscanos.org.br\/noticias\/#\/schema\/person\/b38fbf43118f02820bd932f2e4b14ad3\",\"name\":\"admin\",\"image\":{\"@type\":\"ImageObject\",\"inLanguage\":\"pt-BR\",\"@id\":\"https:\/\/franciscanos.org.br\/noticias\/#\/schema\/person\/image\/\",\"url\":\"https:\/\/secure.gravatar.com\/avatar\/e8495742d34d0ba6448ea1c628263b3e?s=96&d=mm&r=g\",\"contentUrl\":\"https:\/\/secure.gravatar.com\/avatar\/e8495742d34d0ba6448ea1c628263b3e?s=96&d=mm&r=g\",\"caption\":\"admin\"},\"url\":\"https:\/\/franciscanos.org.br\/noticias\/author\/admin\"}]}<\/script>\n<!-- \/ Yoast SEO plugin. -->","yoast_head_json":{"title":"Pr\u00f3-Voca\u00e7\u00f5es realiza encontro com benfeitores na Baixada Fluminense - Not\u00edcias - Franciscanos","robots":{"index":"index","follow":"follow","max-snippet":"max-snippet:-1","max-image-preview":"max-image-preview:large","max-video-preview":"max-video-preview:-1"},"canonical":"https:\/\/franciscanos.org.br\/noticias\/pro-vocacoes-realiza-encontro-com-benfeitores-na-baixada-fluminense.html","og_locale":"pt_BR","og_type":"article","og_title":"Pr\u00f3-Voca\u00e7\u00f5es realiza encontro com benfeitores na Baixada Fluminense - Not\u00edcias - Franciscanos","og_description":"Site do PVF","og_url":"https:\/\/franciscanos.org.br\/noticias\/pro-vocacoes-realiza-encontro-com-benfeitores-na-baixada-fluminense.html","og_site_name":"Not\u00edcias - Franciscanos","article_published_time":"2012-09-18T10:59:23+00:00","article_modified_time":"2019-11-01T14:18:25+00:00","og_image":[{"width":273,"height":181,"url":"https:\/\/franciscanos.org.br\/noticias\/wp-content\/uploads\/2012\/09\/3370_180912.jpg","type":"image\/jpeg"}],"author":"admin","twitter_card":"summary_large_image","twitter_misc":{"Escrito por":"admin","Est. tempo de leitura":"2 minutos"},"schema":{"@context":"https:\/\/schema.org","@graph":[{"@type":"WebSite","@id":"https:\/\/franciscanos.org.br\/noticias\/#website","url":"https:\/\/franciscanos.org.br\/noticias\/","name":"Not\u00edcias - Franciscanos","description":"Prov\u00edncia Franciscana da Imaculada Concei\u00e7\u00e3o do Brasil - Ordem dos Frades Menores - OFM","potentialAction":[{"@type":"SearchAction","target":{"@type":"EntryPoint","urlTemplate":"https:\/\/franciscanos.org.br\/noticias\/?s={search_term_string}"},"query-input":"required name=search_term_string"}],"inLanguage":"pt-BR"},{"@type":"ImageObject","inLanguage":"pt-BR","@id":"https:\/\/franciscanos.org.br\/noticias\/pro-vocacoes-realiza-encontro-com-benfeitores-na-baixada-fluminense.html#primaryimage","url":"https:\/\/franciscanos.org.br\/noticias\/wp-content\/uploads\/2012\/09\/3370_180912.jpg","contentUrl":"https:\/\/franciscanos.org.br\/noticias\/wp-content\/uploads\/2012\/09\/3370_180912.jpg","width":273,"height":181},{"@type":"WebPage","@id":"https:\/\/franciscanos.org.br\/noticias\/pro-vocacoes-realiza-encontro-com-benfeitores-na-baixada-fluminense.html#webpage","url":"https:\/\/franciscanos.org.br\/noticias\/pro-vocacoes-realiza-encontro-com-benfeitores-na-baixada-fluminense.html","name":"Pr\u00f3-Voca\u00e7\u00f5es realiza encontro com benfeitores na Baixada Fluminense - Not\u00edcias - Franciscanos","isPartOf":{"@id":"https:\/\/franciscanos.org.br\/noticias\/#website"},"primaryImageOfPage":{"@id":"https:\/\/franciscanos.org.br\/noticias\/pro-vocacoes-realiza-encontro-com-benfeitores-na-baixada-fluminense.html#primaryimage"},"datePublished":"2012-09-18T10:59:23+00:00","dateModified":"2019-11-01T14:18:25+00:00","author":{"@id":"https:\/\/franciscanos.org.br\/noticias\/#\/schema\/person\/b38fbf43118f02820bd932f2e4b14ad3"},"breadcrumb":{"@id":"https:\/\/franciscanos.org.br\/noticias\/pro-vocacoes-realiza-encontro-com-benfeitores-na-baixada-fluminense.html#breadcrumb"},"inLanguage":"pt-BR","potentialAction":[{"@type":"ReadAction","target":["https:\/\/franciscanos.org.br\/noticias\/pro-vocacoes-realiza-encontro-com-benfeitores-na-baixada-fluminense.html"]}]},{"@type":"BreadcrumbList","@id":"https:\/\/franciscanos.org.br\/noticias\/pro-vocacoes-realiza-encontro-com-benfeitores-na-baixada-fluminense.html#breadcrumb","itemListElement":[{"@type":"ListItem","position":1,"name":"Home","item":"https:\/\/franciscanos.org.br\/noticias"},{"@type":"ListItem","position":2,"name":"Pr\u00f3-Voca\u00e7\u00f5es realiza encontro com benfeitores na Baixada Fluminense"}]},{"@type":"Person","@id":"https:\/\/franciscanos.org.br\/noticias\/#\/schema\/person\/b38fbf43118f02820bd932f2e4b14ad3","name":"admin","image":{"@type":"ImageObject","inLanguage":"pt-BR","@id":"https:\/\/franciscanos.org.br\/noticias\/#\/schema\/person\/image\/","url":"https:\/\/secure.gravatar.com\/avatar\/e8495742d34d0ba6448ea1c628263b3e?s=96&d=mm&r=g","contentUrl":"https:\/\/secure.gravatar.com\/avatar\/e8495742d34d0ba6448ea1c628263b3e?s=96&d=mm&r=g","caption":"admin"},"url":"https:\/\/franciscanos.org.br\/noticias\/author\/admin"}]}},"_links":{"self":[{"href":"https:\/\/franciscanos.org.br\/noticias\/wp-json\/wp\/v2\/posts\/24121"}],"collection":[{"href":"https:\/\/franciscanos.org.br\/noticias\/wp-json\/wp\/v2\/posts"}],"about":[{"href":"https:\/\/franciscanos.org.br\/noticias\/wp-json\/wp\/v2\/types\/post"}],"author":[{"embeddable":true,"href":"https:\/\/franciscanos.org.br\/noticias\/wp-json\/wp\/v2\/users\/1"}],"replies":[{"embeddable":true,"href":"https:\/\/franciscanos.org.br\/noticias\/wp-json\/wp\/v2\/comments?post=24121"}],"version-history":[{"count":0,"href":"https:\/\/franciscanos.org.br\/noticias\/wp-json\/wp\/v2\/posts\/24121\/revisions"}],"wp:featuredmedia":[{"embeddable":true,"href":"https:\/\/franciscanos.org.br\/noticias\/wp-json\/wp\/v2\/media\/213319"}],"wp:attachment":[{"href":"https:\/\/franciscanos.org.br\/noticias\/wp-json\/wp\/v2\/media?parent=24121"}],"wp:term":[{"taxonomy":"category","embeddable":true,"href":"https:\/\/franciscanos.org.br\/noticias\/wp-json\/wp\/v2\/categories?post=24121"},{"taxonomy":"post_tag","embeddable":true,"href":"https:\/\/franciscanos.org.br\/noticias\/wp-json\/wp\/v2\/tags?post=24121"}],"curies":[{"name":"wp","href":"https:\/\/api.w.org\/{rel}","templated":true}]}}