{"id":241202,"date":"2022-12-08T19:37:24","date_gmt":"2022-12-08T22:37:24","guid":{"rendered":"https:\/\/franciscanos.org.br\/noticias\/?p=241202"},"modified":"2022-12-09T10:36:56","modified_gmt":"2022-12-09T13:36:56","slug":"dia-historico-em-angola-oito-jovens-frades-fazem-a-profissao-solene-nas-maos-do-ministro-geral","status":"publish","type":"post","link":"https:\/\/franciscanos.org.br\/noticias\/dia-historico-em-angola-oito-jovens-frades-fazem-a-profissao-solene-nas-maos-do-ministro-geral.html","title":{"rendered":"Dia hist\u00f3rico em Angola: oito jovens frades fazem a Profiss\u00e3o Solene nas m\u00e3os do Ministro Geral"},"content":{"rendered":"<p>&nbsp;<\/p>\n<p><img loading=\"lazy\" class=\"alignnone wp-image-241226 size-full\" src=\"https:\/\/franciscanos.org.br\/noticias\/wp-content\/uploads\/2022\/12\/profissao_01a.jpg\" alt=\"\" width=\"1280\" height=\"720\" srcset=\"https:\/\/franciscanos.org.br\/noticias\/wp-content\/uploads\/2022\/12\/profissao_01a.jpg 1280w, https:\/\/franciscanos.org.br\/noticias\/wp-content\/uploads\/2022\/12\/profissao_01a-450x253.jpg 450w, https:\/\/franciscanos.org.br\/noticias\/wp-content\/uploads\/2022\/12\/profissao_01a-1024x576.jpg 1024w, https:\/\/franciscanos.org.br\/noticias\/wp-content\/uploads\/2022\/12\/profissao_01a-768x432.jpg 768w, https:\/\/franciscanos.org.br\/noticias\/wp-content\/uploads\/2022\/12\/profissao_01a-150x84.jpg 150w\" sizes=\"(max-width: 1280px) 100vw, 1280px\" \/><\/p>\n<p><strong>\u00a0<\/strong><strong>Luanda (Angola)<\/strong> \u2013 Um dia hist\u00f3rico para a Funda\u00e7\u00e3o Imaculada M\u00e3e de Deus de Angola. Na manh\u00e3 deste dia 8 de dezembro de 2022, \u00e0s 10h, no Kimbu S\u00e3o Francisco de Assis, no Palanca (munic\u00edpio de Kilamba Kiaxi), a solenidade da Imaculada Concei\u00e7\u00e3o de Maria ficou mais bela com o &#8216;sim&#8217; definitivo de oito jovens frades, que fizeram a profiss\u00e3o solene nas m\u00e3os do Ministro geral, Frei Massimo Fusarelli. S\u00e3o eles: Frei Alberto Capingala Martinho Sambei, Frei Ant\u00f3nio da Silva Manuel, Frei Daniel Kahuvi Tchitumba Tchikeva, Frei Domingos Kakanda Soma, Frei Domingos Makuva Paulo, Frei Evaristo Seque Joaquim, Frei Pedro Domingos Caiungue Mugiba e Frei Silv\u00e9rio Munga Canjonde.<\/p>\n<p>Sob a amea\u00e7a de chuva, a Celebra\u00e7\u00e3o come\u00e7ou vibrante, e a aflu\u00eancia do povo de Deus ao Kimbu n\u00e3o desapontou, como sempre \u00e0s quintas-feiras, surpreendeu. A Celebra\u00e7\u00e3o Eucar\u00edstica foi presidida pelo Ministro Geral Frei Massimom e concelebrada, por Frei Paulo Roberto Pereira, Ministro Provincial; Frei Vitor Quematcha (Definidor Geral pela \u00c1frica); Frei C\u00e9sar K\u00fclkamp (Definidor Geral pela Am\u00e9rica Latina), sem contar outros tantos confrades que vieram rezar e agradecer a Deus por t\u00e3o precioso dom que ele nos concedeu no dia de hoje, como disse o presidente da FIMDA, Frei Ivair Bueno de Carvalho.<\/p>\n<p><img loading=\"lazy\" class=\"alignnone size-full wp-image-241281\" src=\"https:\/\/franciscanos.org.br\/noticias\/wp-content\/uploads\/2022\/12\/prof_01.jpeg\" alt=\"\" width=\"1024\" height=\"683\" srcset=\"https:\/\/franciscanos.org.br\/noticias\/wp-content\/uploads\/2022\/12\/prof_01.jpeg 1024w, https:\/\/franciscanos.org.br\/noticias\/wp-content\/uploads\/2022\/12\/prof_01-450x300.jpeg 450w, https:\/\/franciscanos.org.br\/noticias\/wp-content\/uploads\/2022\/12\/prof_01-768x512.jpeg 768w, https:\/\/franciscanos.org.br\/noticias\/wp-content\/uploads\/2022\/12\/prof_01-150x100.jpeg 150w\" sizes=\"(max-width: 1024px) 100vw, 1024px\" \/><\/p>\n<p><img loading=\"lazy\" class=\"alignnone size-full wp-image-241205\" src=\"https:\/\/franciscanos.org.br\/noticias\/wp-content\/uploads\/2022\/12\/profissao_12.jpg\" alt=\"\" width=\"1152\" height=\"768\" srcset=\"https:\/\/franciscanos.org.br\/noticias\/wp-content\/uploads\/2022\/12\/profissao_12.jpg 1152w, https:\/\/franciscanos.org.br\/noticias\/wp-content\/uploads\/2022\/12\/profissao_12-450x300.jpg 450w, https:\/\/franciscanos.org.br\/noticias\/wp-content\/uploads\/2022\/12\/profissao_12-1024x683.jpg 1024w, https:\/\/franciscanos.org.br\/noticias\/wp-content\/uploads\/2022\/12\/profissao_12-768x512.jpg 768w, https:\/\/franciscanos.org.br\/noticias\/wp-content\/uploads\/2022\/12\/profissao_12-150x100.jpg 150w\" sizes=\"(max-width: 1152px) 100vw, 1152px\" \/><\/p>\n<p><img loading=\"lazy\" class=\"alignnone size-full wp-image-241206\" src=\"https:\/\/franciscanos.org.br\/noticias\/wp-content\/uploads\/2022\/12\/profissao_13.jpg\" alt=\"\" width=\"1152\" height=\"768\" srcset=\"https:\/\/franciscanos.org.br\/noticias\/wp-content\/uploads\/2022\/12\/profissao_13.jpg 1152w, https:\/\/franciscanos.org.br\/noticias\/wp-content\/uploads\/2022\/12\/profissao_13-450x300.jpg 450w, https:\/\/franciscanos.org.br\/noticias\/wp-content\/uploads\/2022\/12\/profissao_13-1024x683.jpg 1024w, https:\/\/franciscanos.org.br\/noticias\/wp-content\/uploads\/2022\/12\/profissao_13-768x512.jpg 768w, https:\/\/franciscanos.org.br\/noticias\/wp-content\/uploads\/2022\/12\/profissao_13-150x100.jpg 150w\" sizes=\"(max-width: 1152px) 100vw, 1152px\" \/><\/p>\n<p>Na homilia, Frei Massimo lembrou que nas Sagradas Escrituras toda concep\u00e7\u00e3o assinala uma passagem daquela hist\u00f3ria de Deus que se entrela\u00e7a com aquela humana e que nenhum fracasso pode bloquear. &#8220;Sempre ressoa para n\u00f3s a voz de Deus: &#8216;O que voc\u00ea fez?&#8217; e &#8216;Onde voc\u00ea est\u00e1?&#8217;. Hoje,\u00a0 esta palavra \u00e9-vos dirigida, queridos irm\u00e3os, que est\u00e3o prestes a dizer o vosso sim definitivo a Deus perante a Igreja e a nossa fraternidade. Durante estes anos de forma\u00e7\u00e3o, ouviram esta voz e espero que o vosso encontro pessoal com o Senhor tenha sido o centro das vossas vidas. Se vive hoje a sua profiss\u00e3o com alegria, \u00e9 porque houve este encontro. Hoje o Senhor continua a perguntar a cada um de v\u00f3s: &#8216;Onde estais v\u00f3s?'&#8221;, disse o Ministro Geral.<\/p>\n<p>E continuou: &#8220;Podemos traduzir: &#8216;a quem pertence&#8217;? E: &#8216;o que \u00e9 que realmente queres&#8217;? Qual \u00e9 o centro da minha vida? Hoje consagrai-vos totalmente a Deus e assim dizeis perante todos os vossos irm\u00e3os e irm\u00e3s que Ele \u00e9 o cora\u00e7\u00e3o da vossa vida. Por favor, alimentem esta realidade atrav\u00e9s da ora\u00e7\u00e3o com a leitura do Evangelho, da vida sacramental, da comunh\u00e3o fraterna. O centro da vida dos Frades Menores \u00e9 a amizade pessoal com o Senhor Jesus e o v\u00ednculo que nasce entre n\u00f3s a partir da\u00ed. N\u00e3o o esque\u00e7a, alimente-o, deixe-o ajud\u00e1-lo quando a sua rela\u00e7\u00e3o com o Senhor se desvanecer&#8221;, exortou.<\/p>\n<p><img loading=\"lazy\" class=\"alignnone size-full wp-image-241207\" src=\"https:\/\/franciscanos.org.br\/noticias\/wp-content\/uploads\/2022\/12\/profissao_18.jpg\" alt=\"\" width=\"1152\" height=\"768\" srcset=\"https:\/\/franciscanos.org.br\/noticias\/wp-content\/uploads\/2022\/12\/profissao_18.jpg 1152w, https:\/\/franciscanos.org.br\/noticias\/wp-content\/uploads\/2022\/12\/profissao_18-450x300.jpg 450w, https:\/\/franciscanos.org.br\/noticias\/wp-content\/uploads\/2022\/12\/profissao_18-1024x683.jpg 1024w, https:\/\/franciscanos.org.br\/noticias\/wp-content\/uploads\/2022\/12\/profissao_18-768x512.jpg 768w, https:\/\/franciscanos.org.br\/noticias\/wp-content\/uploads\/2022\/12\/profissao_18-150x100.jpg 150w\" sizes=\"(max-width: 1152px) 100vw, 1152px\" \/><\/p>\n<p>Chegada a hora do pedido da intercess\u00e3o dos santos que nos antecederam no caminho do Evangelho, os oito confrades prostraram-se no ch\u00e3o enquanto toda a Fraternidade e a Comunidade Local entoaram a Ladainha de Todos os Santos. Em seguida, os confrades fizeram, um a um, nas m\u00e3os de Frei Massimo, a sua Profiss\u00e3o Solene, sendo acolhida, em seguida, pelo Ministro Geral, e, logo ap\u00f3s, foi feita a Ora\u00e7\u00e3o de B\u00ean\u00e7\u00e3o da Consagra\u00e7\u00e3o Religiosa.<\/p>\n<p>A Celebra\u00e7\u00e3o continuou com o abra\u00e7o de toda a Fraternidade ali presente. A Liturgia Eucar\u00edstica se iniciou com a prociss\u00e3o dos dons, p\u00e3o e vinho, e das f\u00f3rmulas de profiss\u00e3o escritas \u00e0 pr\u00f3prio punho pelos oito confrades, j\u00e1 agora, professos solenes. Em seguida, veio a Tambula, momento bonito de oferecimento a Deus dos trabalhos da Comunidade e de todos que vieram ali bendizer a Deus pela vida desses nossos irm\u00e3os. Diversos produtos foram ofertados, sinal da gratuidade que devemos exercitar em nossa vida crist\u00e3.<\/p>\n\n\t\t<style type=\"text\/css\">\n\t\t\t#gallery-1 {\n\t\t\t\tmargin: auto;\n\t\t\t}\n\t\t\t#gallery-1 .gallery-item {\n\t\t\t\tfloat: left;\n\t\t\t\tmargin-top: 10px;\n\t\t\t\ttext-align: center;\n\t\t\t\twidth: 14%;\n\t\t\t}\n\t\t\t#gallery-1 img {\n\t\t\t\tborder: 2px solid #cfcfcf;\n\t\t\t}\n\t\t\t#gallery-1 .gallery-caption {\n\t\t\t\tmargin-left: 0;\n\t\t\t}\n\t\t\t\/* see gallery_shortcode() in wp-includes\/media.php *\/\n\t\t<\/style>\n\t\t<div id='gallery-1' class='gallery galleryid-241202 gallery-columns-7 gallery-size-thumbnail'><dl class='gallery-item'>\n\t\t\t<dt class='gallery-icon landscape'>\n\t\t\t\t<a href='https:\/\/franciscanos.org.br\/noticias\/wp-content\/uploads\/2022\/12\/profissao_03a.jpg'><img width=\"300\" height=\"300\" src=\"https:\/\/franciscanos.org.br\/noticias\/wp-content\/uploads\/2022\/12\/profissao_03a-300x300.jpg\" class=\"attachment-thumbnail size-thumbnail\" alt=\"\" loading=\"lazy\" srcset=\"https:\/\/franciscanos.org.br\/noticias\/wp-content\/uploads\/2022\/12\/profissao_03a-300x300.jpg 300w, https:\/\/franciscanos.org.br\/noticias\/wp-content\/uploads\/2022\/12\/profissao_03a-100x100.jpg 100w\" sizes=\"(max-width: 300px) 100vw, 300px\" \/><\/a>\n\t\t\t<\/dt><\/dl><dl class='gallery-item'>\n\t\t\t<dt class='gallery-icon landscape'>\n\t\t\t\t<a href='https:\/\/franciscanos.org.br\/noticias\/wp-content\/uploads\/2022\/12\/profissao_03b.jpg'><img width=\"300\" height=\"300\" src=\"https:\/\/franciscanos.org.br\/noticias\/wp-content\/uploads\/2022\/12\/profissao_03b-300x300.jpg\" class=\"attachment-thumbnail size-thumbnail\" alt=\"\" loading=\"lazy\" srcset=\"https:\/\/franciscanos.org.br\/noticias\/wp-content\/uploads\/2022\/12\/profissao_03b-300x300.jpg 300w, https:\/\/franciscanos.org.br\/noticias\/wp-content\/uploads\/2022\/12\/profissao_03b-100x100.jpg 100w\" sizes=\"(max-width: 300px) 100vw, 300px\" \/><\/a>\n\t\t\t<\/dt><\/dl><dl class='gallery-item'>\n\t\t\t<dt class='gallery-icon landscape'>\n\t\t\t\t<a href='https:\/\/franciscanos.org.br\/noticias\/wp-content\/uploads\/2022\/12\/profissao_04.jpg'><img width=\"300\" height=\"300\" src=\"https:\/\/franciscanos.org.br\/noticias\/wp-content\/uploads\/2022\/12\/profissao_04-300x300.jpg\" class=\"attachment-thumbnail size-thumbnail\" alt=\"\" loading=\"lazy\" srcset=\"https:\/\/franciscanos.org.br\/noticias\/wp-content\/uploads\/2022\/12\/profissao_04-300x300.jpg 300w, https:\/\/franciscanos.org.br\/noticias\/wp-content\/uploads\/2022\/12\/profissao_04-100x100.jpg 100w\" sizes=\"(max-width: 300px) 100vw, 300px\" \/><\/a>\n\t\t\t<\/dt><\/dl><dl class='gallery-item'>\n\t\t\t<dt class='gallery-icon landscape'>\n\t\t\t\t<a href='https:\/\/franciscanos.org.br\/noticias\/wp-content\/uploads\/2022\/12\/profissao_05.jpg'><img width=\"300\" height=\"300\" src=\"https:\/\/franciscanos.org.br\/noticias\/wp-content\/uploads\/2022\/12\/profissao_05-300x300.jpg\" class=\"attachment-thumbnail size-thumbnail\" alt=\"\" loading=\"lazy\" srcset=\"https:\/\/franciscanos.org.br\/noticias\/wp-content\/uploads\/2022\/12\/profissao_05-300x300.jpg 300w, https:\/\/franciscanos.org.br\/noticias\/wp-content\/uploads\/2022\/12\/profissao_05-100x100.jpg 100w\" sizes=\"(max-width: 300px) 100vw, 300px\" \/><\/a>\n\t\t\t<\/dt><\/dl><dl class='gallery-item'>\n\t\t\t<dt class='gallery-icon landscape'>\n\t\t\t\t<a href='https:\/\/franciscanos.org.br\/noticias\/wp-content\/uploads\/2022\/12\/profissao_06.jpg'><img width=\"300\" height=\"300\" src=\"https:\/\/franciscanos.org.br\/noticias\/wp-content\/uploads\/2022\/12\/profissao_06-300x300.jpg\" class=\"attachment-thumbnail size-thumbnail\" alt=\"\" loading=\"lazy\" srcset=\"https:\/\/franciscanos.org.br\/noticias\/wp-content\/uploads\/2022\/12\/profissao_06-300x300.jpg 300w, https:\/\/franciscanos.org.br\/noticias\/wp-content\/uploads\/2022\/12\/profissao_06-100x100.jpg 100w\" sizes=\"(max-width: 300px) 100vw, 300px\" \/><\/a>\n\t\t\t<\/dt><\/dl><dl class='gallery-item'>\n\t\t\t<dt class='gallery-icon landscape'>\n\t\t\t\t<a href='https:\/\/franciscanos.org.br\/noticias\/wp-content\/uploads\/2022\/12\/profissao_07.jpg'><img width=\"300\" height=\"300\" src=\"https:\/\/franciscanos.org.br\/noticias\/wp-content\/uploads\/2022\/12\/profissao_07-300x300.jpg\" class=\"attachment-thumbnail size-thumbnail\" alt=\"\" loading=\"lazy\" srcset=\"https:\/\/franciscanos.org.br\/noticias\/wp-content\/uploads\/2022\/12\/profissao_07-300x300.jpg 300w, https:\/\/franciscanos.org.br\/noticias\/wp-content\/uploads\/2022\/12\/profissao_07-100x100.jpg 100w\" sizes=\"(max-width: 300px) 100vw, 300px\" \/><\/a>\n\t\t\t<\/dt><\/dl><dl class='gallery-item'>\n\t\t\t<dt class='gallery-icon landscape'>\n\t\t\t\t<a href='https:\/\/franciscanos.org.br\/noticias\/wp-content\/uploads\/2022\/12\/profissao_08.jpg'><img width=\"300\" height=\"300\" src=\"https:\/\/franciscanos.org.br\/noticias\/wp-content\/uploads\/2022\/12\/profissao_08-300x300.jpg\" class=\"attachment-thumbnail size-thumbnail\" alt=\"\" loading=\"lazy\" srcset=\"https:\/\/franciscanos.org.br\/noticias\/wp-content\/uploads\/2022\/12\/profissao_08-300x300.jpg 300w, https:\/\/franciscanos.org.br\/noticias\/wp-content\/uploads\/2022\/12\/profissao_08-100x100.jpg 100w\" sizes=\"(max-width: 300px) 100vw, 300px\" \/><\/a>\n\t\t\t<\/dt><\/dl><br style=\"clear: both\" \/>\n\t\t<\/div>\n\n<p><em>\u00a0 (toque nas imagens acima para ampli\u00e1-las)<\/em><\/p>\n<p>A Celebra\u00e7\u00e3o encerrou pelas 13h30 sob um c\u00e9u que tinha amea\u00e7ado chuva, mas que s\u00f3 derramou ap\u00f3s a despedida da Celebra\u00e7\u00e3o. Mas nesse momento, ocorreu no p\u00e1tio interno do Convento S\u00e3o Francisco de Assis, do Palanca, um almo\u00e7o festivo no qual tomaram parte diversos familiares e religiosos presentes e que puderam confraternizar com os neoprofessos o momento mais importante de suas vidas na Ordem dos Frades Menores. Deus seja louvado!<\/p>\n<p><img loading=\"lazy\" class=\"size-full wp-image-241222 aligncenter\" src=\"https:\/\/franciscanos.org.br\/noticias\/wp-content\/uploads\/2022\/12\/profissao_19a.jpg\" alt=\"\" width=\"814\" height=\"987\" srcset=\"https:\/\/franciscanos.org.br\/noticias\/wp-content\/uploads\/2022\/12\/profissao_19a.jpg 814w, https:\/\/franciscanos.org.br\/noticias\/wp-content\/uploads\/2022\/12\/profissao_19a-371x450.jpg 371w, https:\/\/franciscanos.org.br\/noticias\/wp-content\/uploads\/2022\/12\/profissao_19a-768x931.jpg 768w, https:\/\/franciscanos.org.br\/noticias\/wp-content\/uploads\/2022\/12\/profissao_19a-150x182.jpg 150w\" sizes=\"(max-width: 814px) 100vw, 814px\" \/><\/p>\n<h3><strong>\u00cdNTEGRA DA HOMILIA DO MINISTRO GERAL<\/strong><\/h3>\n<p><strong>\u00a0<\/strong><strong>Profiss\u00e3o Solene em Luanda, na Solenidade da Imaculada Concei\u00e7\u00e3o da Bem-Aventurada Virgem Maria, Rainha e Padroeira da Ordem dos Frades Menores<\/strong><\/p>\n<p>Caros irm\u00e3os,<\/p>\n<p>\u00e9 com grande alegria que celebro a festa da Imaculada, Padroeira de toda a nossa Ordem e desta nossa presen\u00e7a em Angola, na companhia de voc\u00eas, e nesta terra. \u00c9 um dom maravilhoso e agrade\u00e7o ao Senhor por isso! Juntos clamemos: <em>Vem, Senhor Jesus!\u00a0 <\/em><\/p>\n<p>Vamos repeti-lo com for\u00e7a neste dia, no cora\u00e7\u00e3o do tempo do Advento.<\/p>\n<p>Celebramos, com efeito, a concep\u00e7\u00e3o de Maria enquanto esperamos a vinda do Senhor.<\/p>\n<p>Nas Sagradas Escrituras toda concep\u00e7\u00e3o assinala uma passagem daquela hist\u00f3ria de Deus que se entrela\u00e7a com aquela humana e que nenhum fracasso pode bloquear. Sempre ressoa para n\u00f3s a voz de Deus: \u201cO que voc\u00ea fez? \u201d e \u201cOnde voc\u00ea est\u00e1?\u201d<\/p>\n<p>Hoje esta palavra \u00e9-vos dirigida, queridos irm\u00e3os, que est\u00e3o prestes a dizer o vosso sim definitivo a Deus perante a Igreja e a nossa fraternidade.<\/p>\n<p>Durante estes anos de forma\u00e7\u00e3o, ouviram esta voz e espero que o vosso encontro pessoal com o Senhor tenha sido o centro das vossas vidas. Se vive hoje a sua profiss\u00e3o com alegria, \u00e9 porque houve este encontro. Hoje o Senhor continua a perguntar a cada um de v\u00f3s: &#8220;Onde estais v\u00f3s?<\/p>\n<p><img loading=\"lazy\" class=\"alignnone size-full wp-image-241216\" src=\"https:\/\/franciscanos.org.br\/noticias\/wp-content\/uploads\/2022\/12\/profissao_15.jpg\" alt=\"\" width=\"1152\" height=\"768\" srcset=\"https:\/\/franciscanos.org.br\/noticias\/wp-content\/uploads\/2022\/12\/profissao_15.jpg 1152w, https:\/\/franciscanos.org.br\/noticias\/wp-content\/uploads\/2022\/12\/profissao_15-450x300.jpg 450w, https:\/\/franciscanos.org.br\/noticias\/wp-content\/uploads\/2022\/12\/profissao_15-1024x683.jpg 1024w, https:\/\/franciscanos.org.br\/noticias\/wp-content\/uploads\/2022\/12\/profissao_15-768x512.jpg 768w, https:\/\/franciscanos.org.br\/noticias\/wp-content\/uploads\/2022\/12\/profissao_15-150x100.jpg 150w\" sizes=\"(max-width: 1152px) 100vw, 1152px\" \/><\/p>\n<p>Podemos traduzir: &#8220;a quem pertence&#8221;? E: &#8220;o que \u00e9 que realmente queres&#8221;? Qual \u00e9 o centro da minha vida? Hoje consagrai-vos totalmente a Deus e assim dizeis perante todos os vossos irm\u00e3os e irm\u00e3s que Ele \u00e9 o cora\u00e7\u00e3o da vossa vida. Por favor, alimentem esta realidade atrav\u00e9s da ora\u00e7\u00e3o com a leitura do Evangelho, da vida sacramental, da comunh\u00e3o fraterna. O centro da vida dos Frades Menores \u00e9 a amizade pessoal com o Senhor Jesus e o v\u00ednculo que nasce entre n\u00f3s a partir da\u00ed. N\u00e3o o esque\u00e7a, alimente-o, deixe-o ajud\u00e1-lo quando a sua rela\u00e7\u00e3o com o Senhor se desvanecer.<\/p>\n<p>Maria de Nazar\u00e9 \u00e9 para n\u00f3s o modelo desta rela\u00e7\u00e3o com o Senhor e do &#8220;sim&#8221; a Ele.<\/p>\n<p>Nesta celebra\u00e7\u00e3o ressoa hoje o vosso &#8220;sim&#8221;, amados irm\u00e3os e irm\u00e3s, que fazem parte deste di\u00e1logo que Deus estabeleceu desde o in\u00edcio com a cria\u00e7\u00e3o e com o ser humano, um di\u00e1logo que nada poderia interromper.<\/p>\n<p>Nesse in\u00edcio est\u00e1 toda a nossa vida.<\/p>\n<p><img loading=\"lazy\" class=\"alignnone size-full wp-image-241217\" src=\"https:\/\/franciscanos.org.br\/noticias\/wp-content\/uploads\/2022\/12\/profissao_16.jpg\" alt=\"\" width=\"1152\" height=\"768\" srcset=\"https:\/\/franciscanos.org.br\/noticias\/wp-content\/uploads\/2022\/12\/profissao_16.jpg 1152w, https:\/\/franciscanos.org.br\/noticias\/wp-content\/uploads\/2022\/12\/profissao_16-450x300.jpg 450w, https:\/\/franciscanos.org.br\/noticias\/wp-content\/uploads\/2022\/12\/profissao_16-1024x683.jpg 1024w, https:\/\/franciscanos.org.br\/noticias\/wp-content\/uploads\/2022\/12\/profissao_16-768x512.jpg 768w, https:\/\/franciscanos.org.br\/noticias\/wp-content\/uploads\/2022\/12\/profissao_16-150x100.jpg 150w\" sizes=\"(max-width: 1152px) 100vw, 1152px\" \/><\/p>\n<p>No caminho destes anos, acredito que voc\u00eas experimentaram exatamente isso. Se ao in\u00edcio da vida religiosa parece que sabemos tudo aquilo que temos de pensar e fazer, depois aprendemos a acolher aquele mist\u00e9rio que nos supera e nos conduz al\u00e9m de n\u00f3s mesmos.<\/p>\n<p>Isso pede que deixemos amadurecer em n\u00f3s a confian\u00e7a e a serenidade de Maria, <em>Virgem feita Igreja.<\/em><\/p>\n<p>Isso porque descobrimos que no centro n\u00e3o estamos n\u00f3s, com os nossos esfor\u00e7os e projetos, mas sim Ele, com o dom de sua gra\u00e7a que nos atrai, formando em n\u00f3s os tra\u00e7os do Filho amado.<\/p>\n<p>S\u00e3o Francisco o sabia bem: aos seus frades, com efeito, pede simplesmente que <em>outra coisa n\u00e3o deseje a n\u00e3o ser ter o Esp\u00edrito do Senhor e o seu santo modo de operar<\/em>, deixando que seja Ele a guiar a nossa vida.<\/p>\n<p>Eis o cora\u00e7\u00e3o da nossa vida de frades menores: viver sem nada de pr\u00f3prio, para reconhecer que tudo \u00e9 dom, e restitu\u00ed-lo ao Senhor com uma vida humilde e alegre.<\/p>\n<p><img loading=\"lazy\" class=\"alignnone size-full wp-image-241218\" src=\"https:\/\/franciscanos.org.br\/noticias\/wp-content\/uploads\/2022\/12\/profissao_17.jpg\" alt=\"\" width=\"1152\" height=\"768\" srcset=\"https:\/\/franciscanos.org.br\/noticias\/wp-content\/uploads\/2022\/12\/profissao_17.jpg 1152w, https:\/\/franciscanos.org.br\/noticias\/wp-content\/uploads\/2022\/12\/profissao_17-450x300.jpg 450w, https:\/\/franciscanos.org.br\/noticias\/wp-content\/uploads\/2022\/12\/profissao_17-1024x683.jpg 1024w, https:\/\/franciscanos.org.br\/noticias\/wp-content\/uploads\/2022\/12\/profissao_17-768x512.jpg 768w, https:\/\/franciscanos.org.br\/noticias\/wp-content\/uploads\/2022\/12\/profissao_17-150x100.jpg 150w\" sizes=\"(max-width: 1152px) 100vw, 1152px\" \/><\/p>\n<p>Este \u00e9 o sentido profundo da obedi\u00eancia que professam: voc\u00eas se colocam nas m\u00e3os de um outro. Este \u00e9 o dom da castidade: voc\u00eas pedem para ser livres para amar.<\/p>\n<p>N\u00e3o \u00e9 f\u00e1cil, hoje, compreender esses votos. \u00c9 preciso faz\u00ea-los vis\u00edveis com a nossa vida; e voc\u00eas s\u00e3o especialmente chamados a viver a vida franciscana pela cultura de voc\u00eas, neste pa\u00eds t\u00e3o bonito, e a fim de que o evangelho de Jesus seja anunciado aqui e no mundo inteiro.<\/p>\n<p>Desejo que voc\u00eas n\u00e3o deixem se apagar a voz do Senhor que busca cada um de n\u00f3s, mas a acolham todos os dias no caminho que hoje voc\u00eas iniciam.<\/p>\n<p>Tudo isso vivemos no dom dos irm\u00e3os, com os quais somos chamados a viver a nossa rela\u00e7\u00e3o com Deus, conosco mesmos e com os outros. Eis a fraternidade, t\u00e3o rica tamb\u00e9m para a \u00c1frica, para Angola!<\/p>\n<p><img loading=\"lazy\" class=\"alignnone size-full wp-image-241219\" src=\"https:\/\/franciscanos.org.br\/noticias\/wp-content\/uploads\/2022\/12\/profissao_01.jpg\" alt=\"\" width=\"1280\" height=\"720\" srcset=\"https:\/\/franciscanos.org.br\/noticias\/wp-content\/uploads\/2022\/12\/profissao_01.jpg 1280w, https:\/\/franciscanos.org.br\/noticias\/wp-content\/uploads\/2022\/12\/profissao_01-450x253.jpg 450w, https:\/\/franciscanos.org.br\/noticias\/wp-content\/uploads\/2022\/12\/profissao_01-1024x576.jpg 1024w, https:\/\/franciscanos.org.br\/noticias\/wp-content\/uploads\/2022\/12\/profissao_01-768x432.jpg 768w, https:\/\/franciscanos.org.br\/noticias\/wp-content\/uploads\/2022\/12\/profissao_01-150x84.jpg 150w\" sizes=\"(max-width: 1280px) 100vw, 1280px\" \/><\/p>\n<p>Sei que sentis muita responsabilidade pela escolha que fazeis hoje: para convosco pr\u00f3prios e para a voca\u00e7\u00e3o que recebestes, para com a Igreja, o Povo de Deus, e para com a nossa Fraternidade. \u00c9 responsabilidade de sermos bons construtores da nossa fraternidade em miss\u00e3o neste pa\u00eds.<\/p>\n<p>A Virgem Imaculada acompanhe voc\u00eas neste \u201csim\u201d de voc\u00eas; sintam no caminho a sua presen\u00e7a constante, belo sinal da ternura Pai. O Esp\u00edrito Santo, que agiu em Maria com for\u00e7a criadora, plasme a vida de voc\u00eas, fazendo-a um sinal do Cristo crucificado e ressuscitado no meio das pessoas que voc\u00eas encontrar\u00e3o. Nada mais. Isso basta.<\/p>\n<p>O Deus da vida fa\u00e7a com que a vida de voc\u00eas se propague no bem e isso lhes basta, com a b\u00ean\u00e7\u00e3o de S\u00e3o Francisco.<\/p>\n<p><strong>Frei Massimo Fusarelli, OFM<br \/>\n<\/strong><em><strong>Ministro Geral<\/strong><\/em><\/p>\n<hr \/>\n<p><em>Frei Tom\u00e1s Gaspar Joaquim<\/em><\/p>\n<p><iframe loading=\"lazy\" title=\"YouTube video player\" src=\"https:\/\/www.youtube.com\/embed\/PJKEA_XBRHE\" width=\"100%\" height=\"500\" frameborder=\"0\" allowfullscreen=\"allowfullscreen\"><span data-mce-type=\"bookmark\" style=\"display: inline-block; width: 0px; overflow: hidden; line-height: 0;\" class=\"mce_SELRES_start\">\ufeff<\/span><\/iframe><\/p>\n","protected":false},"excerpt":{"rendered":"<p>Profiss\u00e3o Solene em Angola<\/p>\n","protected":false},"author":3,"featured_media":241203,"comment_status":"open","ping_status":"open","sticky":false,"template":"","format":"standard","meta":[],"categories":[1],"tags":[418],"acf":[],"yoast_head":"<!-- This site is optimized with the Yoast SEO plugin v19.2 - https:\/\/yoast.com\/wordpress\/plugins\/seo\/ -->\n<title>Dia hist\u00f3rico em Angola: oito jovens frades fazem a Profiss\u00e3o Solene nas m\u00e3os do Ministro Geral - Not\u00edcias - Franciscanos<\/title>\n<meta name=\"robots\" content=\"index, follow, max-snippet:-1, max-image-preview:large, max-video-preview:-1\" \/>\n<link rel=\"canonical\" href=\"https:\/\/franciscanos.org.br\/noticias\/dia-historico-em-angola-oito-jovens-frades-fazem-a-profissao-solene-nas-maos-do-ministro-geral.html\" \/>\n<meta property=\"og:locale\" content=\"pt_BR\" \/>\n<meta property=\"og:type\" content=\"article\" \/>\n<meta property=\"og:title\" content=\"Dia hist\u00f3rico em Angola: oito jovens frades fazem a Profiss\u00e3o Solene nas m\u00e3os do Ministro Geral - Not\u00edcias - Franciscanos\" \/>\n<meta property=\"og:description\" content=\"Profiss\u00e3o Solene em Angola\" \/>\n<meta property=\"og:url\" content=\"https:\/\/franciscanos.org.br\/noticias\/dia-historico-em-angola-oito-jovens-frades-fazem-a-profissao-solene-nas-maos-do-ministro-geral.html\" \/>\n<meta property=\"og:site_name\" content=\"Not\u00edcias - Franciscanos\" \/>\n<meta property=\"article:published_time\" content=\"2022-12-08T22:37:24+00:00\" \/>\n<meta property=\"article:modified_time\" content=\"2022-12-09T13:36:56+00:00\" \/>\n<meta property=\"og:image\" content=\"https:\/\/franciscanos.org.br\/noticias\/wp-content\/uploads\/2022\/12\/profissao_02.jpg\" \/>\n\t<meta property=\"og:image:width\" content=\"1280\" \/>\n\t<meta property=\"og:image:height\" content=\"720\" \/>\n\t<meta property=\"og:image:type\" content=\"image\/jpeg\" \/>\n<meta name=\"author\" content=\"moacir\" \/>\n<meta name=\"twitter:card\" content=\"summary_large_image\" \/>\n<meta name=\"twitter:label1\" content=\"Escrito por\" \/>\n\t<meta name=\"twitter:data1\" content=\"moacir\" \/>\n\t<meta name=\"twitter:label2\" content=\"Est. tempo de leitura\" \/>\n\t<meta name=\"twitter:data2\" content=\"11 minutos\" \/>\n<script type=\"application\/ld+json\" class=\"yoast-schema-graph\">{\"@context\":\"https:\/\/schema.org\",\"@graph\":[{\"@type\":\"WebSite\",\"@id\":\"https:\/\/franciscanos.org.br\/noticias\/#website\",\"url\":\"https:\/\/franciscanos.org.br\/noticias\/\",\"name\":\"Not\u00edcias - Franciscanos\",\"description\":\"Prov\u00edncia Franciscana da Imaculada Concei\u00e7\u00e3o do Brasil - Ordem dos Frades Menores - OFM\",\"potentialAction\":[{\"@type\":\"SearchAction\",\"target\":{\"@type\":\"EntryPoint\",\"urlTemplate\":\"https:\/\/franciscanos.org.br\/noticias\/?s={search_term_string}\"},\"query-input\":\"required name=search_term_string\"}],\"inLanguage\":\"pt-BR\"},{\"@type\":\"ImageObject\",\"inLanguage\":\"pt-BR\",\"@id\":\"https:\/\/franciscanos.org.br\/noticias\/dia-historico-em-angola-oito-jovens-frades-fazem-a-profissao-solene-nas-maos-do-ministro-geral.html#primaryimage\",\"url\":\"https:\/\/franciscanos.org.br\/noticias\/wp-content\/uploads\/2022\/12\/profissao_02.jpg\",\"contentUrl\":\"https:\/\/franciscanos.org.br\/noticias\/wp-content\/uploads\/2022\/12\/profissao_02.jpg\",\"width\":1280,\"height\":720},{\"@type\":\"WebPage\",\"@id\":\"https:\/\/franciscanos.org.br\/noticias\/dia-historico-em-angola-oito-jovens-frades-fazem-a-profissao-solene-nas-maos-do-ministro-geral.html#webpage\",\"url\":\"https:\/\/franciscanos.org.br\/noticias\/dia-historico-em-angola-oito-jovens-frades-fazem-a-profissao-solene-nas-maos-do-ministro-geral.html\",\"name\":\"Dia hist\u00f3rico em Angola: oito jovens frades fazem a Profiss\u00e3o Solene nas m\u00e3os do Ministro Geral - Not\u00edcias - Franciscanos\",\"isPartOf\":{\"@id\":\"https:\/\/franciscanos.org.br\/noticias\/#website\"},\"primaryImageOfPage\":{\"@id\":\"https:\/\/franciscanos.org.br\/noticias\/dia-historico-em-angola-oito-jovens-frades-fazem-a-profissao-solene-nas-maos-do-ministro-geral.html#primaryimage\"},\"datePublished\":\"2022-12-08T22:37:24+00:00\",\"dateModified\":\"2022-12-09T13:36:56+00:00\",\"author\":{\"@id\":\"https:\/\/franciscanos.org.br\/noticias\/#\/schema\/person\/b5c8cba458c330ccff548b056e95a5d4\"},\"breadcrumb\":{\"@id\":\"https:\/\/franciscanos.org.br\/noticias\/dia-historico-em-angola-oito-jovens-frades-fazem-a-profissao-solene-nas-maos-do-ministro-geral.html#breadcrumb\"},\"inLanguage\":\"pt-BR\",\"potentialAction\":[{\"@type\":\"ReadAction\",\"target\":[\"https:\/\/franciscanos.org.br\/noticias\/dia-historico-em-angola-oito-jovens-frades-fazem-a-profissao-solene-nas-maos-do-ministro-geral.html\"]}]},{\"@type\":\"BreadcrumbList\",\"@id\":\"https:\/\/franciscanos.org.br\/noticias\/dia-historico-em-angola-oito-jovens-frades-fazem-a-profissao-solene-nas-maos-do-ministro-geral.html#breadcrumb\",\"itemListElement\":[{\"@type\":\"ListItem\",\"position\":1,\"name\":\"Home\",\"item\":\"https:\/\/franciscanos.org.br\/noticias\"},{\"@type\":\"ListItem\",\"position\":2,\"name\":\"Dia hist\u00f3rico em Angola: oito jovens frades fazem a Profiss\u00e3o Solene nas m\u00e3os do Ministro Geral\"}]},{\"@type\":\"Person\",\"@id\":\"https:\/\/franciscanos.org.br\/noticias\/#\/schema\/person\/b5c8cba458c330ccff548b056e95a5d4\",\"name\":\"moacir\",\"image\":{\"@type\":\"ImageObject\",\"inLanguage\":\"pt-BR\",\"@id\":\"https:\/\/franciscanos.org.br\/noticias\/#\/schema\/person\/image\/\",\"url\":\"https:\/\/secure.gravatar.com\/avatar\/d08aa2ce4c8dd416d4479aa8536fcf64?s=96&d=mm&r=g\",\"contentUrl\":\"https:\/\/secure.gravatar.com\/avatar\/d08aa2ce4c8dd416d4479aa8536fcf64?s=96&d=mm&r=g\",\"caption\":\"moacir\"},\"url\":\"https:\/\/franciscanos.org.br\/noticias\/author\/moacir\"}]}<\/script>\n<!-- \/ Yoast SEO plugin. -->","yoast_head_json":{"title":"Dia hist\u00f3rico em Angola: oito jovens frades fazem a Profiss\u00e3o Solene nas m\u00e3os do Ministro Geral - Not\u00edcias - Franciscanos","robots":{"index":"index","follow":"follow","max-snippet":"max-snippet:-1","max-image-preview":"max-image-preview:large","max-video-preview":"max-video-preview:-1"},"canonical":"https:\/\/franciscanos.org.br\/noticias\/dia-historico-em-angola-oito-jovens-frades-fazem-a-profissao-solene-nas-maos-do-ministro-geral.html","og_locale":"pt_BR","og_type":"article","og_title":"Dia hist\u00f3rico em Angola: oito jovens frades fazem a Profiss\u00e3o Solene nas m\u00e3os do Ministro Geral - Not\u00edcias - Franciscanos","og_description":"Profiss\u00e3o Solene em Angola","og_url":"https:\/\/franciscanos.org.br\/noticias\/dia-historico-em-angola-oito-jovens-frades-fazem-a-profissao-solene-nas-maos-do-ministro-geral.html","og_site_name":"Not\u00edcias - Franciscanos","article_published_time":"2022-12-08T22:37:24+00:00","article_modified_time":"2022-12-09T13:36:56+00:00","og_image":[{"width":1280,"height":720,"url":"https:\/\/franciscanos.org.br\/noticias\/wp-content\/uploads\/2022\/12\/profissao_02.jpg","type":"image\/jpeg"}],"author":"moacir","twitter_card":"summary_large_image","twitter_misc":{"Escrito por":"moacir","Est. tempo de leitura":"11 minutos"},"schema":{"@context":"https:\/\/schema.org","@graph":[{"@type":"WebSite","@id":"https:\/\/franciscanos.org.br\/noticias\/#website","url":"https:\/\/franciscanos.org.br\/noticias\/","name":"Not\u00edcias - Franciscanos","description":"Prov\u00edncia Franciscana da Imaculada Concei\u00e7\u00e3o do Brasil - Ordem dos Frades Menores - OFM","potentialAction":[{"@type":"SearchAction","target":{"@type":"EntryPoint","urlTemplate":"https:\/\/franciscanos.org.br\/noticias\/?s={search_term_string}"},"query-input":"required name=search_term_string"}],"inLanguage":"pt-BR"},{"@type":"ImageObject","inLanguage":"pt-BR","@id":"https:\/\/franciscanos.org.br\/noticias\/dia-historico-em-angola-oito-jovens-frades-fazem-a-profissao-solene-nas-maos-do-ministro-geral.html#primaryimage","url":"https:\/\/franciscanos.org.br\/noticias\/wp-content\/uploads\/2022\/12\/profissao_02.jpg","contentUrl":"https:\/\/franciscanos.org.br\/noticias\/wp-content\/uploads\/2022\/12\/profissao_02.jpg","width":1280,"height":720},{"@type":"WebPage","@id":"https:\/\/franciscanos.org.br\/noticias\/dia-historico-em-angola-oito-jovens-frades-fazem-a-profissao-solene-nas-maos-do-ministro-geral.html#webpage","url":"https:\/\/franciscanos.org.br\/noticias\/dia-historico-em-angola-oito-jovens-frades-fazem-a-profissao-solene-nas-maos-do-ministro-geral.html","name":"Dia hist\u00f3rico em Angola: oito jovens frades fazem a Profiss\u00e3o Solene nas m\u00e3os do Ministro Geral - Not\u00edcias - Franciscanos","isPartOf":{"@id":"https:\/\/franciscanos.org.br\/noticias\/#website"},"primaryImageOfPage":{"@id":"https:\/\/franciscanos.org.br\/noticias\/dia-historico-em-angola-oito-jovens-frades-fazem-a-profissao-solene-nas-maos-do-ministro-geral.html#primaryimage"},"datePublished":"2022-12-08T22:37:24+00:00","dateModified":"2022-12-09T13:36:56+00:00","author":{"@id":"https:\/\/franciscanos.org.br\/noticias\/#\/schema\/person\/b5c8cba458c330ccff548b056e95a5d4"},"breadcrumb":{"@id":"https:\/\/franciscanos.org.br\/noticias\/dia-historico-em-angola-oito-jovens-frades-fazem-a-profissao-solene-nas-maos-do-ministro-geral.html#breadcrumb"},"inLanguage":"pt-BR","potentialAction":[{"@type":"ReadAction","target":["https:\/\/franciscanos.org.br\/noticias\/dia-historico-em-angola-oito-jovens-frades-fazem-a-profissao-solene-nas-maos-do-ministro-geral.html"]}]},{"@type":"BreadcrumbList","@id":"https:\/\/franciscanos.org.br\/noticias\/dia-historico-em-angola-oito-jovens-frades-fazem-a-profissao-solene-nas-maos-do-ministro-geral.html#breadcrumb","itemListElement":[{"@type":"ListItem","position":1,"name":"Home","item":"https:\/\/franciscanos.org.br\/noticias"},{"@type":"ListItem","position":2,"name":"Dia hist\u00f3rico em Angola: oito jovens frades fazem a Profiss\u00e3o Solene nas m\u00e3os do Ministro Geral"}]},{"@type":"Person","@id":"https:\/\/franciscanos.org.br\/noticias\/#\/schema\/person\/b5c8cba458c330ccff548b056e95a5d4","name":"moacir","image":{"@type":"ImageObject","inLanguage":"pt-BR","@id":"https:\/\/franciscanos.org.br\/noticias\/#\/schema\/person\/image\/","url":"https:\/\/secure.gravatar.com\/avatar\/d08aa2ce4c8dd416d4479aa8536fcf64?s=96&d=mm&r=g","contentUrl":"https:\/\/secure.gravatar.com\/avatar\/d08aa2ce4c8dd416d4479aa8536fcf64?s=96&d=mm&r=g","caption":"moacir"},"url":"https:\/\/franciscanos.org.br\/noticias\/author\/moacir"}]}},"_links":{"self":[{"href":"https:\/\/franciscanos.org.br\/noticias\/wp-json\/wp\/v2\/posts\/241202"}],"collection":[{"href":"https:\/\/franciscanos.org.br\/noticias\/wp-json\/wp\/v2\/posts"}],"about":[{"href":"https:\/\/franciscanos.org.br\/noticias\/wp-json\/wp\/v2\/types\/post"}],"author":[{"embeddable":true,"href":"https:\/\/franciscanos.org.br\/noticias\/wp-json\/wp\/v2\/users\/3"}],"replies":[{"embeddable":true,"href":"https:\/\/franciscanos.org.br\/noticias\/wp-json\/wp\/v2\/comments?post=241202"}],"version-history":[{"count":11,"href":"https:\/\/franciscanos.org.br\/noticias\/wp-json\/wp\/v2\/posts\/241202\/revisions"}],"predecessor-version":[{"id":241286,"href":"https:\/\/franciscanos.org.br\/noticias\/wp-json\/wp\/v2\/posts\/241202\/revisions\/241286"}],"wp:featuredmedia":[{"embeddable":true,"href":"https:\/\/franciscanos.org.br\/noticias\/wp-json\/wp\/v2\/media\/241203"}],"wp:attachment":[{"href":"https:\/\/franciscanos.org.br\/noticias\/wp-json\/wp\/v2\/media?parent=241202"}],"wp:term":[{"taxonomy":"category","embeddable":true,"href":"https:\/\/franciscanos.org.br\/noticias\/wp-json\/wp\/v2\/categories?post=241202"},{"taxonomy":"post_tag","embeddable":true,"href":"https:\/\/franciscanos.org.br\/noticias\/wp-json\/wp\/v2\/tags?post=241202"}],"curies":[{"name":"wp","href":"https:\/\/api.w.org\/{rel}","templated":true}]}}